{"id":1019635,"date":"2021-02-21T20:00:27","date_gmt":"2021-02-21T17:00:27","guid":{"rendered":"https:\/\/darkamazi.info\/?p=1019635"},"modified":"2021-02-21T20:00:27","modified_gmt":"2021-02-21T17:00:27","slug":"zimane-kurdi-ji-di-bin-tehdida-windabune-de-ye","status":"publish","type":"post","link":"https:\/\/darkamazi.info\/archives\/1019635","title":{"rendered":"Ziman\u00ea Kurd\u00ee j\u00ee di bin tehd\u00eeda windab\u00fbn\u00ea de ye"},"content":{"rendered":"<h3 style=\"text-align: justify\"><span style=\"font-family: 'arial black', sans-serif\">R\u00eaxistina Perwerd\u00ea, Zanist \u00fb \u00e7and\u00ea (UNESCO) ya Netewey\u00ean Yekb\u00fby\u00ee, sala 2000\u00ea , 21 Sibat\u00ea wek roja ziman\u00ean dayik\u00ea ragihandib\u00fb. Herweha \u00eesal wateya roja ziman\u00ea day\u00eek\u00ea h\u00eaja k\u00fbrtir dibe, ji ber ku NY sala 2019\u00ea wek sala ziman\u00ean her\u00eam\u00ee ragihandib\u00fb.<\/span><\/h3>\n<h3 style=\"text-align: justify\">Li gora belgey\u00ean NY di nav du hefteyan de zimanek li gel \u00e7and \u00fb civaka xwe winda dibe. Di c\u00eehan\u00ea de z\u00eadey\u00ea % 40 ziman\u00ee di bin tehd\u00eeda windab\u00fbn\u00ea de ne. Li C\u00eehan\u00ea ji 7 hezar\u00ee z\u00eadetir ziman t\u00eane axavtin.<\/h3>\n<h3 style=\"text-align: justify\">Di c\u00eehan\u00ea de welat\u00ea ku her\u00ee z\u00eade ziman l\u00ea t\u00eane axavtin Papeu Gine ye. Nif\u00fbsa v\u00ee welat\u00ee 8 milyone , l\u00ea ji 800 \u00ee z\u00eadetir ziman l\u00ea t\u00eane axavtin.<\/h3>\n<h3 style=\"text-align: justify\">Ziman\u00ea Kurdi j\u00ee di bin tehd\u00eeta windab\u00fbn\u00ea de ye. Taybet\u00ee hinek zarav\u00ean kurd\u00ee wek p\u00eavajoya windab\u00fbn\u00ea de t\u00ea qeb\u00fbl kirin.<\/h3>\n<h3 style=\"text-align: justify\">NY di derbar\u00ea\u00a0 ziman\u00ean ku netewe \u00fb hinek p\u00eakhat\u00ee bi kar t\u00eenin de peyamek p\u00eakaniye. Tirkiye j\u00ee ev peyam \u00eemze kiriye.<\/h3>\n<h3 style=\"text-align: justify\">Di peyam\u00ea de dib\u00eaje ku, dewlet div\u00ea zem\u00eenek\u00ee ji ziman\u00ea l\u00ea t\u00ea axaftin re \u00fb \u00e7anda hey\u00eere\u00a0 ava bike, l\u00ea nabe ev yek li ser tehd\u00eeda yekita dewlet\u00ea \u00e7\u00eabibe.<\/h3>\n<h3 style=\"text-align: justify\">\u00cero % 80 di qada Internet\u00ea de 10 ziman t\u00eane bikaran\u00een \u00fb berfireh\u00ee derfeta bi karanina Internet\u00ea di van zimane de heye.<\/h3>\n<h3 style=\"text-align: justify\">Li gora belgey\u00ean NY li Tirkiye 18 ziman yan bi temam\u00ee ji nav\u00e7\u00fbne yan j\u00ee di bin metirsiya ji nav\u00e7\u00fby\u00een\u00ea de ne. Ji van zimanan 3 ziman bi temam\u00ee winda b\u00fbne. Ubik, Mlahso \u00fb Yunaniya Kapadokya ji van zimanene.<\/h3>\n<h3 style=\"text-align: justify\">Ziman\u00ean Hertevin, Mlajso ji malbata ziman\u00ea Suryanine. Turoy\u00ea ji be\u015fek ji suryaniye \u00fb be bi windab\u00fbn\u00eaveye. Ji bil\u00ee van zimanan, Ladino, Gagavuz\u00ee, Romani, Ermeniya Rojavay\u00ee, Hem\u015f\u00een\u00ea, Laz\u00ee, Yunaniya Pontus\u00ee, Abaz\u00ee j\u00ee nava ziman\u00ean ber bi windab\u00fbn\u00eavene.<\/h3>\n<h3 style=\"text-align: justify\">Li bakur\u00ea Kurdistan\u00ea di gelek cihan de \u00fb taybet\u00ee di dibistanan de axavtina gelek zarokan ya Tirk\u00ee aloze \u00fb ev dibe sedem ku nikarin perwerdeyek ba\u015f bib\u00eenin.<\/h3>\n<h3 style=\"text-align: justify\">Li Tirkiye di dest\u00fbr\u00ea de dib\u00eaje ku, ziman\u00ea dayik\u00ea y\u00ea hemwelatiy\u00ean Tirkiye Tirkiye. Li gora dest\u00fbr\u00ea ji bil\u00ee Tirk\u00ee bi zimanek din perwerde nay\u00ea kirin. Li gora peymana Lozan\u00ea dib\u00eaje: Li Tirkiye p\u00eakhatiy\u00ean ol\u00ee yan p\u00eakhatiy\u00ean ne misilman dikarin bi ziman\u00ean xwe dibistana vekin.<\/h3>\n<h3 style=\"text-align: justify\">Sala 2002-2003\u00ea li Tirkiye qan\u00fbn hate guhertin di qan\u00fbna n\u00fb de dib\u00eaje: Bi merc\u00ea ne li himber par\u00e7eb\u00fbna yekitiya dewlet\u00ea be, p\u00eakhatiy\u00ean Tirkiye dikarin kurs\u00ean ziman vekin \u00fb kursan de ziman\u00ea xwe y\u00ea dayik\u00ea bi karb\u00eenin.<\/h3>\n<h3 style=\"text-align: justify\">Wek din ziman\u00ee kurd\u00ee wek dersa bijarte di dibistanan de hate qeb\u00fbl kirin. Yan\u00ee eger xwendevan bixwazin wek dersek hilbijare dikarin di dibistanan de f\u00ear\u00ee ziman\u00ea kurdi bibin.<\/h3>\n<h3 style=\"text-align: justify\">B\u00ea guman li ser pirsa bikaranina ziman\u00ea kurd\u00ee gelek t\u00eabin\u00ee hene. Ji ber\u00ee her ti\u015ftek\u00ea partiy\u00ean siyas\u00ee gelek k\u00eam ziman\u00ea kurd\u00ee bikart\u00eenin, hinek aliy\u00ean wek HDP\u00ea hem\u00fb civ\u00een, sem\u00eenar \u00fb axavtin\u00ean xwe bi ziman\u00ea Tirk\u00ee dikin. Di rastiya xwe de gelek bajar\u00ean Kurdistana Bakur rojane di nav xelk\u00ea de ziman\u00ea kurd\u00ee nay\u00ea bi karan\u00een.<\/h3>\n<h3 style=\"text-align: justify\">Wek minak dema mirovek kurd ji be\u015fek din y\u00ea Kurdistan\u00ea\u00a0 her\u00ea Diyarbekir\u00ea di jiyana rojane di bazaran de p\u00ea nahes\u00ea ku Diyarbekir bajarek kurd\u00ee ye. Raste dewlet\u00ea ziman qedexe kir gelek cara axavtina ziman \u00fb heta guhdarikirina muzika kurd\u00ee qedexe b\u00fb. L\u00ea niha ew qedexe li ser bi karanina ziman tuneye \u00fb kurd, dezgeh\u00ean kurda, niviskar\u00ean kurda \u00fb partiy\u00ean siyas\u00ea y\u00ean kurda bi awayek p\u00eawist giringiy\u00ea nadin ziman\u00ea kurd\u00ee. Li Bakur di v\u00ea derbar\u00ea de ji bil\u00ee siyaseta dewlet\u00ea, div\u00ea kurd bi xwe ber\u00e7avre derbas bikin \u00fb ziman\u00ea xwe winda nekin.<\/h3>\n<h3 style=\"text-align: justify\">Heta gelek malan de kurd bi ziman\u00ee Tirki kiset dikin ma ev j\u00ee ne k\u00eamasiyek mezine? Nabe mirov tu sedemek\u00ee bi nekaranina zimanre peyda bike. Li Bakur ziman\u00ea rojane di nava dezgeh\u00ean sivil \u00fb partiy\u00ean siyas\u00ee de mixabin Tirkiye. Ev yek tercihek e.<\/h3>\n","protected":false},"excerpt":{"rendered":"<p>R\u00eaxistina Perwerd\u00ea, Zanist \u00fb \u00e7and\u00ea (UNESCO) ya Netewey\u00ean Yekb\u00fby\u00ee, sala 2000\u00ea , 21 Sibat\u00ea wek roja ziman\u00ean dayik\u00ea ragihandib\u00fb. Herweha \u00eesal wateya roja ziman\u00ea day\u00eek\u00ea h\u00eaja k\u00fbrtir dibe, ji ber ku NY sala 2019\u00ea wek sala ziman\u00ean her\u00eam\u00ee ragihandib\u00fb. Li gora belgey\u00ean NY di nav du hefteyan de zimanek li gel \u00e7and \u00fb civaka xwe [&hellip;]<\/p>\n","protected":false},"author":2,"featured_media":1019636,"comment_status":"closed","ping_status":"closed","sticky":false,"template":"","format":"standard","meta":{"footnotes":""},"categories":[29],"tags":[37],"class_list":["post-1019635","post","type-post","status-publish","format-standard","has-post-thumbnail","hentry","category-kurdistan","tag-sereke"],"blocksy_meta":[],"seo_head":"<!-- This site is optimized with the Yoast SEO plugin v27.5 - https:\/\/yoast.com\/product\/yoast-seo-wordpress\/ -->\n<title>Ziman\u00ea Kurd\u00ee j\u00ee di bin tehd\u00eeda windab\u00fbn\u00ea de ye - Darka Maz\u00ee<\/title>\n<meta name=\"robots\" content=\"index, follow, max-snippet:-1, max-image-preview:large, max-video-preview:-1\" \/>\n<link rel=\"canonical\" href=\"https:\/\/darkamazi.info\/archives\/1019635\" \/>\n<meta property=\"og:locale\" content=\"en_US\" \/>\n<meta property=\"og:type\" content=\"article\" \/>\n<meta property=\"og:title\" content=\"Ziman\u00ea Kurd\u00ee j\u00ee di bin tehd\u00eeda windab\u00fbn\u00ea de ye - Darka Maz\u00ee\" \/>\n<meta property=\"og:description\" content=\"R\u00eaxistina Perwerd\u00ea, Zanist \u00fb \u00e7and\u00ea (UNESCO) ya Netewey\u00ean Yekb\u00fby\u00ee, sala 2000\u00ea , 21 Sibat\u00ea wek roja ziman\u00ean dayik\u00ea ragihandib\u00fb. Herweha \u00eesal wateya roja ziman\u00ea day\u00eek\u00ea h\u00eaja k\u00fbrtir dibe, ji ber ku NY sala 2019\u00ea wek sala ziman\u00ean her\u00eam\u00ee ragihandib\u00fb. Li gora belgey\u00ean NY di nav du hefteyan de zimanek li gel \u00e7and \u00fb civaka xwe [&hellip;]\" \/>\n<meta property=\"og:url\" content=\"https:\/\/darkamazi.info\/archives\/1019635\" \/>\n<meta property=\"og:site_name\" content=\"Darka Maz\u00ee\" \/>\n<meta property=\"article:publisher\" content=\"https:\/\/www.facebook.com\/DarMaziKurmanci\" \/>\n<meta property=\"article:published_time\" content=\"2021-02-21T17:00:27+00:00\" \/>\n<meta property=\"og:image\" content=\"https:\/\/darkamazi.info\/file\/2021\/02\/zimane-kurdi.jpg\" \/>\n\t<meta property=\"og:image:width\" content=\"900\" \/>\n\t<meta property=\"og:image:height\" content=\"497\" \/>\n\t<meta property=\"og:image:type\" content=\"image\/jpeg\" \/>\n<meta name=\"author\" content=\"darka mazi\" \/>\n<meta name=\"twitter:card\" content=\"summary_large_image\" \/>\n<meta name=\"twitter:creator\" content=\"@DarkaMaziLatini\" \/>\n<meta name=\"twitter:site\" content=\"@DarkaMaziLatini\" \/>\n<meta name=\"twitter:label1\" content=\"Written by\" \/>\n\t<meta name=\"twitter:data1\" content=\"darka mazi\" \/>\n\t<meta name=\"twitter:label2\" content=\"Est. reading time\" \/>\n\t<meta name=\"twitter:data2\" content=\"3 minutes\" \/>\n<script type=\"application\/ld+json\" class=\"seo-schema-graph\">{\"@context\":\"https:\\\/\\\/schema.org\",\"@graph\":[{\"@type\":\"Article\",\"@id\":\"https:\\\/\\\/darkamazi.info\\\/archives\\\/1019635#article\",\"isPartOf\":{\"@id\":\"https:\\\/\\\/darkamazi.info\\\/archives\\\/1019635\"},\"author\":{\"name\":\"darka mazi\",\"@id\":\"https:\\\/\\\/darkamazi.info\\\/#\\\/schema\\\/person\\\/5ad3e24553a0567993fa8ed4bd0a776c\"},\"headline\":\"Ziman\u00ea Kurd\u00ee j\u00ee di bin tehd\u00eeda windab\u00fbn\u00ea de ye\",\"datePublished\":\"2021-02-21T17:00:27+00:00\",\"mainEntityOfPage\":{\"@id\":\"https:\\\/\\\/darkamazi.info\\\/archives\\\/1019635\"},\"wordCount\":672,\"publisher\":{\"@id\":\"https:\\\/\\\/darkamazi.info\\\/#organization\"},\"image\":{\"@id\":\"https:\\\/\\\/darkamazi.info\\\/archives\\\/1019635#primaryimage\"},\"thumbnailUrl\":\"https:\\\/\\\/darkamazi.info\\\/darka-content\\\/uploads\\\/2021\\\/02\\\/zimane-kurdi.jpg\",\"keywords\":[\"sereke\"],\"articleSection\":[\"Kurdistan\"],\"inLanguage\":\"en-US\"},{\"@type\":\"WebPage\",\"@id\":\"https:\\\/\\\/darkamazi.info\\\/archives\\\/1019635\",\"url\":\"https:\\\/\\\/darkamazi.info\\\/archives\\\/1019635\",\"name\":\"Ziman\u00ea Kurd\u00ee j\u00ee di bin tehd\u00eeda windab\u00fbn\u00ea de ye - Darka Maz\u00ee\",\"isPartOf\":{\"@id\":\"https:\\\/\\\/darkamazi.info\\\/#website\"},\"primaryImageOfPage\":{\"@id\":\"https:\\\/\\\/darkamazi.info\\\/archives\\\/1019635#primaryimage\"},\"image\":{\"@id\":\"https:\\\/\\\/darkamazi.info\\\/archives\\\/1019635#primaryimage\"},\"thumbnailUrl\":\"https:\\\/\\\/darkamazi.info\\\/darka-content\\\/uploads\\\/2021\\\/02\\\/zimane-kurdi.jpg\",\"datePublished\":\"2021-02-21T17:00:27+00:00\",\"breadcrumb\":{\"@id\":\"https:\\\/\\\/darkamazi.info\\\/archives\\\/1019635#breadcrumb\"},\"inLanguage\":\"en-US\",\"potentialAction\":[{\"@type\":\"ReadAction\",\"target\":[\"https:\\\/\\\/darkamazi.info\\\/archives\\\/1019635\"]}]},{\"@type\":\"ImageObject\",\"inLanguage\":\"en-US\",\"@id\":\"https:\\\/\\\/darkamazi.info\\\/archives\\\/1019635#primaryimage\",\"url\":\"https:\\\/\\\/darkamazi.info\\\/darka-content\\\/uploads\\\/2021\\\/02\\\/zimane-kurdi.jpg\",\"contentUrl\":\"https:\\\/\\\/darkamazi.info\\\/darka-content\\\/uploads\\\/2021\\\/02\\\/zimane-kurdi.jpg\",\"width\":900,\"height\":497,\"caption\":\"Ziman\u00ea Kurd\u00ee j\u00ee di bin tehd\u00eeda windab\u00fbn\u00ea de ye\"},{\"@type\":\"BreadcrumbList\",\"@id\":\"https:\\\/\\\/darkamazi.info\\\/archives\\\/1019635#breadcrumb\",\"itemListElement\":[{\"@type\":\"ListItem\",\"position\":1,\"name\":\"Home\",\"item\":\"https:\\\/\\\/darkamazi.info\\\/\"},{\"@type\":\"ListItem\",\"position\":2,\"name\":\"Ziman\u00ea Kurd\u00ee j\u00ee di bin tehd\u00eeda windab\u00fbn\u00ea de ye\"}]},{\"@type\":\"WebSite\",\"@id\":\"https:\\\/\\\/darkamazi.info\\\/#website\",\"url\":\"https:\\\/\\\/darkamazi.info\\\/\",\"name\":\"Darka Maz\u00ee\",\"description\":\"P\u00eageha Zanyariy\u00ean Nebih\u00eest\u00ee\",\"publisher\":{\"@id\":\"https:\\\/\\\/darkamazi.info\\\/#organization\"},\"potentialAction\":[{\"@type\":\"SearchAction\",\"target\":{\"@type\":\"EntryPoint\",\"urlTemplate\":\"https:\\\/\\\/darkamazi.info\\\/?s={search_term_string}\"},\"query-input\":{\"@type\":\"PropertyValueSpecification\",\"valueRequired\":true,\"valueName\":\"search_term_string\"}}],\"inLanguage\":\"en-US\"},{\"@type\":\"Organization\",\"@id\":\"https:\\\/\\\/darkamazi.info\\\/#organization\",\"name\":\"Darka Maz\u00ee\",\"url\":\"https:\\\/\\\/darkamazi.info\\\/\",\"logo\":{\"@type\":\"ImageObject\",\"inLanguage\":\"en-US\",\"@id\":\"https:\\\/\\\/darkamazi.info\\\/#\\\/schema\\\/logo\\\/image\\\/\",\"url\":\"https:\\\/\\\/darkamazi.info\\\/darka-content\\\/uploads\\\/2017\\\/12\\\/darka-mazi-logo.png\",\"contentUrl\":\"https:\\\/\\\/darkamazi.info\\\/darka-content\\\/uploads\\\/2017\\\/12\\\/darka-mazi-logo.png\",\"width\":151,\"height\":75,\"caption\":\"Darka Maz\u00ee\"},\"image\":{\"@id\":\"https:\\\/\\\/darkamazi.info\\\/#\\\/schema\\\/logo\\\/image\\\/\"},\"sameAs\":[\"https:\\\/\\\/www.facebook.com\\\/DarMaziKurmanci\",\"https:\\\/\\\/x.com\\\/DarkaMaziLatini\",\"https:\\\/\\\/www.instagram.com\\\/darkamazi.kurmanci\\\/\",\"https:\\\/\\\/www.youtube.com\\\/channel\\\/UCa5HkTdmI8U1qCUFuTw8B2g\"]},{\"@type\":\"Person\",\"@id\":\"https:\\\/\\\/darkamazi.info\\\/#\\\/schema\\\/person\\\/5ad3e24553a0567993fa8ed4bd0a776c\",\"name\":\"darka mazi\",\"sameAs\":[\"https:\\\/\\\/darkamazi.info\\\/\"],\"url\":\"https:\\\/\\\/darkamazi.info\\\/archives\\\/author\\\/kurdi\"}]}<\/script>\n<!-- \/ Yoast SEO plugin. -->","seo_head_json":{"title":"Ziman\u00ea Kurd\u00ee j\u00ee di bin tehd\u00eeda windab\u00fbn\u00ea de ye - Darka Maz\u00ee","robots":{"index":"index","follow":"follow","max-snippet":"max-snippet:-1","max-image-preview":"max-image-preview:large","max-video-preview":"max-video-preview:-1"},"canonical":"https:\/\/darkamazi.info\/archives\/1019635","og_locale":"en_US","og_type":"article","og_title":"Ziman\u00ea Kurd\u00ee j\u00ee di bin tehd\u00eeda windab\u00fbn\u00ea de ye - Darka Maz\u00ee","og_description":"R\u00eaxistina Perwerd\u00ea, Zanist \u00fb \u00e7and\u00ea (UNESCO) ya Netewey\u00ean Yekb\u00fby\u00ee, sala 2000\u00ea , 21 Sibat\u00ea wek roja ziman\u00ean dayik\u00ea ragihandib\u00fb. Herweha \u00eesal wateya roja ziman\u00ea day\u00eek\u00ea h\u00eaja k\u00fbrtir dibe, ji ber ku NY sala 2019\u00ea wek sala ziman\u00ean her\u00eam\u00ee ragihandib\u00fb. Li gora belgey\u00ean NY di nav du hefteyan de zimanek li gel \u00e7and \u00fb civaka xwe [&hellip;]","og_url":"https:\/\/darkamazi.info\/archives\/1019635","og_site_name":"Darka Maz\u00ee","article_publisher":"https:\/\/www.facebook.com\/DarMaziKurmanci","article_published_time":"2021-02-21T17:00:27+00:00","og_image":[{"width":900,"height":497,"url":"https:\/\/darkamazi.info\/file\/2021\/02\/zimane-kurdi.jpg","type":"image\/jpeg"}],"author":"darka mazi","twitter_card":"summary_large_image","twitter_creator":"@DarkaMaziLatini","twitter_site":"@DarkaMaziLatini","twitter_misc":{"Written by":"darka mazi","Est. reading time":"3 minutes"},"schema":{"@context":"https:\/\/schema.org","@graph":[{"@type":"Article","@id":"https:\/\/darkamazi.info\/archives\/1019635#article","isPartOf":{"@id":"https:\/\/darkamazi.info\/archives\/1019635"},"author":{"name":"darka mazi","@id":"https:\/\/darkamazi.info\/#\/schema\/person\/5ad3e24553a0567993fa8ed4bd0a776c"},"headline":"Ziman\u00ea Kurd\u00ee j\u00ee di bin tehd\u00eeda windab\u00fbn\u00ea de ye","datePublished":"2021-02-21T17:00:27+00:00","mainEntityOfPage":{"@id":"https:\/\/darkamazi.info\/archives\/1019635"},"wordCount":672,"publisher":{"@id":"https:\/\/darkamazi.info\/#organization"},"image":{"@id":"https:\/\/darkamazi.info\/archives\/1019635#primaryimage"},"thumbnailUrl":"https:\/\/darkamazi.info\/file\/2021\/02\/zimane-kurdi.jpg","keywords":["sereke"],"articleSection":["Kurdistan"],"inLanguage":"en-US"},{"@type":"WebPage","@id":"https:\/\/darkamazi.info\/archives\/1019635","url":"https:\/\/darkamazi.info\/archives\/1019635","name":"Ziman\u00ea Kurd\u00ee j\u00ee di bin tehd\u00eeda windab\u00fbn\u00ea de ye - Darka Maz\u00ee","isPartOf":{"@id":"https:\/\/darkamazi.info\/#website"},"primaryImageOfPage":{"@id":"https:\/\/darkamazi.info\/archives\/1019635#primaryimage"},"image":{"@id":"https:\/\/darkamazi.info\/archives\/1019635#primaryimage"},"thumbnailUrl":"https:\/\/darkamazi.info\/file\/2021\/02\/zimane-kurdi.jpg","datePublished":"2021-02-21T17:00:27+00:00","breadcrumb":{"@id":"https:\/\/darkamazi.info\/archives\/1019635#breadcrumb"},"inLanguage":"en-US","potentialAction":[{"@type":"ReadAction","target":["https:\/\/darkamazi.info\/archives\/1019635"]}]},{"@type":"ImageObject","inLanguage":"en-US","@id":"https:\/\/darkamazi.info\/archives\/1019635#primaryimage","url":"https:\/\/darkamazi.info\/file\/2021\/02\/zimane-kurdi.jpg","contentUrl":"https:\/\/darkamazi.info\/file\/2021\/02\/zimane-kurdi.jpg","width":900,"height":497,"caption":"Ziman\u00ea Kurd\u00ee j\u00ee di bin tehd\u00eeda windab\u00fbn\u00ea de ye"},{"@type":"BreadcrumbList","@id":"https:\/\/darkamazi.info\/archives\/1019635#breadcrumb","itemListElement":[{"@type":"ListItem","position":1,"name":"Home","item":"https:\/\/darkamazi.info\/"},{"@type":"ListItem","position":2,"name":"Ziman\u00ea Kurd\u00ee j\u00ee di bin tehd\u00eeda windab\u00fbn\u00ea de ye"}]},{"@type":"WebSite","@id":"https:\/\/darkamazi.info\/#website","url":"https:\/\/darkamazi.info\/","name":"Darka Maz\u00ee","description":"P\u00eageha Zanyariy\u00ean Nebih\u00eest\u00ee","publisher":{"@id":"https:\/\/darkamazi.info\/#organization"},"potentialAction":[{"@type":"SearchAction","target":{"@type":"EntryPoint","urlTemplate":"https:\/\/darkamazi.info\/?s={search_term_string}"},"query-input":{"@type":"PropertyValueSpecification","valueRequired":true,"valueName":"search_term_string"}}],"inLanguage":"en-US"},{"@type":"Organization","@id":"https:\/\/darkamazi.info\/#organization","name":"Darka Maz\u00ee","url":"https:\/\/darkamazi.info\/","logo":{"@type":"ImageObject","inLanguage":"en-US","@id":"https:\/\/darkamazi.info\/#\/schema\/logo\/image\/","url":"https:\/\/darkamazi.info\/file\/2017\/12\/darka-mazi-logo.png","contentUrl":"https:\/\/darkamazi.info\/file\/2017\/12\/darka-mazi-logo.png","width":151,"height":75,"caption":"Darka Maz\u00ee"},"image":{"@id":"https:\/\/darkamazi.info\/#\/schema\/logo\/image\/"},"sameAs":["https:\/\/www.facebook.com\/DarMaziKurmanci","https:\/\/x.com\/DarkaMaziLatini","https:\/\/www.instagram.com\/darkamazi.kurmanci\/","https:\/\/www.youtube.com\/channel\/UCa5HkTdmI8U1qCUFuTw8B2g"]},{"@type":"Person","@id":"https:\/\/darkamazi.info\/#\/schema\/person\/5ad3e24553a0567993fa8ed4bd0a776c","name":"darka mazi","sameAs":["https:\/\/darkamazi.info\/"],"url":"https:\/\/darkamazi.info\/archives\/author\/kurdi"}]}},"_links":{"self":[{"href":"https:\/\/darkamazi.info\/funavuv\/wp\/v2\/posts\/1019635","targetHints":{"allow":["GET"]}}],"collection":[{"href":"https:\/\/darkamazi.info\/funavuv\/wp\/v2\/posts"}],"about":[{"href":"https:\/\/darkamazi.info\/funavuv\/wp\/v2\/types\/post"}],"author":[{"embeddable":true,"href":"https:\/\/darkamazi.info\/funavuv\/wp\/v2\/users\/2"}],"replies":[{"embeddable":true,"href":"https:\/\/darkamazi.info\/funavuv\/wp\/v2\/comments?post=1019635"}],"version-history":[{"count":0,"href":"https:\/\/darkamazi.info\/funavuv\/wp\/v2\/posts\/1019635\/revisions"}],"wp:featuredmedia":[{"embeddable":true,"href":"https:\/\/darkamazi.info\/funavuv\/wp\/v2\/media\/1019636"}],"wp:attachment":[{"href":"https:\/\/darkamazi.info\/funavuv\/wp\/v2\/media?parent=1019635"}],"wp:term":[{"taxonomy":"category","embeddable":true,"href":"https:\/\/darkamazi.info\/funavuv\/wp\/v2\/categories?post=1019635"},{"taxonomy":"post_tag","embeddable":true,"href":"https:\/\/darkamazi.info\/funavuv\/wp\/v2\/tags?post=1019635"}],"curies":[{"name":"wp","href":"https:\/\/api.w.org\/{rel}","templated":true}]}}