{"id":1019663,"date":"2021-02-22T19:12:13","date_gmt":"2021-02-22T16:12:13","guid":{"rendered":"https:\/\/darkamazi.info\/?p=1019663"},"modified":"2021-04-08T14:39:33","modified_gmt":"2021-04-08T11:39:33","slug":"pkke-bi-saxi-revand-u-tirkiye-bi-miri-radesti-malbata-wi-kir","status":"publish","type":"post","link":"https:\/\/darkamazi.info\/archives\/1019663","title":{"rendered":"PKK\u00ea bi sax\u00ee revand \u00fb Tirkiy\u00ea bi mir\u00ee radest\u00ee malbata w\u00ee kir"},"content":{"rendered":"<h3 style=\"text-align: justify\"><span style=\"font-family: 'arial black', sans-serif\">Pi\u015ft\u00ee ku xortek\u00ee 29 sal\u00ee \u00ea ji Amed\u00eey\u00ea bi tometa s\u00eexuriy\u00ea ji aliy\u00ea PKK ve hatib\u00fb girtin, di operasyona Gare de can\u00ea xwe ji dest da, \u00eero term\u00ea w\u00ee radest\u00ee malbata w\u00ee t\u00ea kirin \u00fb biryare ji Melet\u00ee b\u00eenin Her\u00eama Kurdistan\u00ea.<\/span><\/h3>\n<h3 style=\"text-align: justify\">H\u00eaz\u00ean Parastina Gel HPG bi hinceta s\u00eexur\u00eekirina bo m\u00eeta Tirkiy\u00ea Cotyar Muhs\u00een \u00ea 29 sal\u00ee ku xelk\u00ea gund\u00ea Siyar\u00ea ye li 29\u00ea \u00c7ileya 2020ab girtib\u00fb. Pi\u015ft re hat \u00eelan kirin ku ev xort di operasyona le\u015fker\u00ee ya art\u00ea\u015fa Tirkiy\u00ea bo ser ger\u00eelay\u00ean PKK\u00ea li \u00e7iyay\u00ea Gare y\u00ea Ba\u015f\u00fbr\u00ea Kurdistan\u00ea de jiyana xwe ji dest daye.<\/h3>\n<h3 style=\"text-align: justify\">\u00c7avkaniy\u00ean p\u00eageha Darka Maz\u00ee e\u015fkere kirin, li ser v\u00ea yek\u00ea malbata Cotyar Muhs\u00een ji bo ku cenazey\u00ea kur\u00ea xwe wergirin \u00e7\u00fbb\u00fbn Melet\u00ee ya Bakur\u00ea Kurdistan\u00ea.<\/h3>\n<h3 style=\"text-align: justify\">Her weha hat e\u015fkere kirin ku biryare pa\u015f bi daw\u00ee hatina kar\u00ean ferm\u00ee, term\u00ea Cotyar Muhs\u00een radest\u00ee bav \u00fb day\u00eeka w\u00ee ku niha li Bakur\u00ea Kurdistan\u00ea ne b\u00ea kirin.<\/h3>\n","protected":false},"excerpt":{"rendered":"<p>Pi\u015ft\u00ee ku xortek\u00ee 29 sal\u00ee \u00ea ji Amed\u00eey\u00ea bi tometa s\u00eexuriy\u00ea ji aliy\u00ea PKK ve hatib\u00fb girtin, di operasyona Gare de can\u00ea xwe ji dest da, \u00eero term\u00ea w\u00ee radest\u00ee malbata w\u00ee t\u00ea kirin \u00fb biryare ji Melet\u00ee b\u00eenin Her\u00eama Kurdistan\u00ea. H\u00eaz\u00ean Parastina Gel HPG bi hinceta s\u00eexur\u00eekirina bo m\u00eeta Tirkiy\u00ea Cotyar Muhs\u00een \u00ea 29 [&hellip;]<\/p>\n","protected":false},"author":2,"featured_media":1019664,"comment_status":"closed","ping_status":"closed","sticky":false,"template":"","format":"standard","meta":{"footnotes":""},"categories":[29],"tags":[50],"class_list":["post-1019663","post","type-post","status-publish","format-standard","has-post-thumbnail","hentry","category-kurdistan","tag-cotyar-muhsin"],"blocksy_meta":[],"seo_head":"<!-- This site is optimized with the Yoast SEO plugin v27.5 - https:\/\/yoast.com\/product\/yoast-seo-wordpress\/ -->\n<title>PKK\u00ea bi sax\u00ee revand \u00fb Tirkiy\u00ea bi mir\u00ee radest\u00ee malbata w\u00ee kir - Darka Maz\u00ee<\/title>\n<meta name=\"robots\" content=\"index, follow, max-snippet:-1, max-image-preview:large, max-video-preview:-1\" \/>\n<link rel=\"canonical\" href=\"https:\/\/darkamazi.info\/archives\/1019663\" \/>\n<meta property=\"og:locale\" content=\"en_US\" \/>\n<meta property=\"og:type\" content=\"article\" \/>\n<meta property=\"og:title\" content=\"PKK\u00ea bi sax\u00ee revand \u00fb Tirkiy\u00ea bi mir\u00ee radest\u00ee malbata w\u00ee kir - Darka Maz\u00ee\" \/>\n<meta property=\"og:description\" content=\"Pi\u015ft\u00ee ku xortek\u00ee 29 sal\u00ee \u00ea ji Amed\u00eey\u00ea bi tometa s\u00eexuriy\u00ea ji aliy\u00ea PKK ve hatib\u00fb girtin, di operasyona Gare de can\u00ea xwe ji dest da, \u00eero term\u00ea w\u00ee radest\u00ee malbata w\u00ee t\u00ea kirin \u00fb biryare ji Melet\u00ee b\u00eenin Her\u00eama Kurdistan\u00ea. H\u00eaz\u00ean Parastina Gel HPG bi hinceta s\u00eexur\u00eekirina bo m\u00eeta Tirkiy\u00ea Cotyar Muhs\u00een \u00ea 29 [&hellip;]\" \/>\n<meta property=\"og:url\" content=\"https:\/\/darkamazi.info\/archives\/1019663\" \/>\n<meta property=\"og:site_name\" content=\"Darka Maz\u00ee\" \/>\n<meta property=\"article:publisher\" content=\"https:\/\/www.facebook.com\/DarMaziKurmanci\" \/>\n<meta property=\"article:published_time\" content=\"2021-02-22T16:12:13+00:00\" \/>\n<meta property=\"article:modified_time\" content=\"2021-04-08T11:39:33+00:00\" \/>\n<meta property=\"og:image\" content=\"https:\/\/darkamazi.info\/file\/2021\/02\/cotyar-muhsin-1.jpg\" \/>\n\t<meta property=\"og:image:width\" content=\"900\" \/>\n\t<meta property=\"og:image:height\" content=\"497\" \/>\n\t<meta property=\"og:image:type\" content=\"image\/jpeg\" \/>\n<meta name=\"author\" content=\"darka mazi\" \/>\n<meta name=\"twitter:card\" content=\"summary_large_image\" \/>\n<meta name=\"twitter:creator\" content=\"@DarkaMaziLatini\" \/>\n<meta name=\"twitter:site\" content=\"@DarkaMaziLatini\" \/>\n<meta name=\"twitter:label1\" content=\"Written by\" \/>\n\t<meta name=\"twitter:data1\" content=\"darka mazi\" \/>\n\t<meta name=\"twitter:label2\" content=\"Est. reading time\" \/>\n\t<meta name=\"twitter:data2\" content=\"1 minute\" \/>\n<script type=\"application\/ld+json\" class=\"seo-schema-graph\">{\"@context\":\"https:\\\/\\\/schema.org\",\"@graph\":[{\"@type\":\"Article\",\"@id\":\"https:\\\/\\\/darkamazi.info\\\/archives\\\/1019663#article\",\"isPartOf\":{\"@id\":\"https:\\\/\\\/darkamazi.info\\\/archives\\\/1019663\"},\"author\":{\"name\":\"darka mazi\",\"@id\":\"https:\\\/\\\/darkamazi.info\\\/#\\\/schema\\\/person\\\/5ad3e24553a0567993fa8ed4bd0a776c\"},\"headline\":\"PKK\u00ea bi sax\u00ee revand \u00fb Tirkiy\u00ea bi mir\u00ee radest\u00ee malbata w\u00ee kir\",\"datePublished\":\"2021-02-22T16:12:13+00:00\",\"dateModified\":\"2021-04-08T11:39:33+00:00\",\"mainEntityOfPage\":{\"@id\":\"https:\\\/\\\/darkamazi.info\\\/archives\\\/1019663\"},\"wordCount\":180,\"publisher\":{\"@id\":\"https:\\\/\\\/darkamazi.info\\\/#organization\"},\"image\":{\"@id\":\"https:\\\/\\\/darkamazi.info\\\/archives\\\/1019663#primaryimage\"},\"thumbnailUrl\":\"https:\\\/\\\/darkamazi.info\\\/darka-content\\\/uploads\\\/2021\\\/02\\\/cotyar-muhsin-1.jpg\",\"keywords\":[\"Cotyar Muhsin\"],\"articleSection\":[\"Kurdistan\"],\"inLanguage\":\"en-US\"},{\"@type\":\"WebPage\",\"@id\":\"https:\\\/\\\/darkamazi.info\\\/archives\\\/1019663\",\"url\":\"https:\\\/\\\/darkamazi.info\\\/archives\\\/1019663\",\"name\":\"PKK\u00ea bi sax\u00ee revand \u00fb Tirkiy\u00ea bi mir\u00ee radest\u00ee malbata w\u00ee kir - Darka Maz\u00ee\",\"isPartOf\":{\"@id\":\"https:\\\/\\\/darkamazi.info\\\/#website\"},\"primaryImageOfPage\":{\"@id\":\"https:\\\/\\\/darkamazi.info\\\/archives\\\/1019663#primaryimage\"},\"image\":{\"@id\":\"https:\\\/\\\/darkamazi.info\\\/archives\\\/1019663#primaryimage\"},\"thumbnailUrl\":\"https:\\\/\\\/darkamazi.info\\\/darka-content\\\/uploads\\\/2021\\\/02\\\/cotyar-muhsin-1.jpg\",\"datePublished\":\"2021-02-22T16:12:13+00:00\",\"dateModified\":\"2021-04-08T11:39:33+00:00\",\"breadcrumb\":{\"@id\":\"https:\\\/\\\/darkamazi.info\\\/archives\\\/1019663#breadcrumb\"},\"inLanguage\":\"en-US\",\"potentialAction\":[{\"@type\":\"ReadAction\",\"target\":[\"https:\\\/\\\/darkamazi.info\\\/archives\\\/1019663\"]}]},{\"@type\":\"ImageObject\",\"inLanguage\":\"en-US\",\"@id\":\"https:\\\/\\\/darkamazi.info\\\/archives\\\/1019663#primaryimage\",\"url\":\"https:\\\/\\\/darkamazi.info\\\/darka-content\\\/uploads\\\/2021\\\/02\\\/cotyar-muhsin-1.jpg\",\"contentUrl\":\"https:\\\/\\\/darkamazi.info\\\/darka-content\\\/uploads\\\/2021\\\/02\\\/cotyar-muhsin-1.jpg\",\"width\":900,\"height\":497,\"caption\":\"PKK\u00ea bi sax\u00ee revand \u00fb Tirkiy\u00ea bi mir\u00ee radest\u00ee malbata w\u00ee kir\"},{\"@type\":\"BreadcrumbList\",\"@id\":\"https:\\\/\\\/darkamazi.info\\\/archives\\\/1019663#breadcrumb\",\"itemListElement\":[{\"@type\":\"ListItem\",\"position\":1,\"name\":\"Home\",\"item\":\"https:\\\/\\\/darkamazi.info\\\/\"},{\"@type\":\"ListItem\",\"position\":2,\"name\":\"PKK\u00ea bi sax\u00ee revand \u00fb Tirkiy\u00ea bi mir\u00ee radest\u00ee malbata w\u00ee kir\"}]},{\"@type\":\"WebSite\",\"@id\":\"https:\\\/\\\/darkamazi.info\\\/#website\",\"url\":\"https:\\\/\\\/darkamazi.info\\\/\",\"name\":\"Darka Maz\u00ee\",\"description\":\"P\u00eageha Zanyariy\u00ean Nebih\u00eest\u00ee\",\"publisher\":{\"@id\":\"https:\\\/\\\/darkamazi.info\\\/#organization\"},\"potentialAction\":[{\"@type\":\"SearchAction\",\"target\":{\"@type\":\"EntryPoint\",\"urlTemplate\":\"https:\\\/\\\/darkamazi.info\\\/?s={search_term_string}\"},\"query-input\":{\"@type\":\"PropertyValueSpecification\",\"valueRequired\":true,\"valueName\":\"search_term_string\"}}],\"inLanguage\":\"en-US\"},{\"@type\":\"Organization\",\"@id\":\"https:\\\/\\\/darkamazi.info\\\/#organization\",\"name\":\"Darka Maz\u00ee\",\"url\":\"https:\\\/\\\/darkamazi.info\\\/\",\"logo\":{\"@type\":\"ImageObject\",\"inLanguage\":\"en-US\",\"@id\":\"https:\\\/\\\/darkamazi.info\\\/#\\\/schema\\\/logo\\\/image\\\/\",\"url\":\"https:\\\/\\\/darkamazi.info\\\/darka-content\\\/uploads\\\/2017\\\/12\\\/darka-mazi-logo.png\",\"contentUrl\":\"https:\\\/\\\/darkamazi.info\\\/darka-content\\\/uploads\\\/2017\\\/12\\\/darka-mazi-logo.png\",\"width\":151,\"height\":75,\"caption\":\"Darka Maz\u00ee\"},\"image\":{\"@id\":\"https:\\\/\\\/darkamazi.info\\\/#\\\/schema\\\/logo\\\/image\\\/\"},\"sameAs\":[\"https:\\\/\\\/www.facebook.com\\\/DarMaziKurmanci\",\"https:\\\/\\\/x.com\\\/DarkaMaziLatini\",\"https:\\\/\\\/www.instagram.com\\\/darkamazi.kurmanci\\\/\",\"https:\\\/\\\/www.youtube.com\\\/channel\\\/UCa5HkTdmI8U1qCUFuTw8B2g\"]},{\"@type\":\"Person\",\"@id\":\"https:\\\/\\\/darkamazi.info\\\/#\\\/schema\\\/person\\\/5ad3e24553a0567993fa8ed4bd0a776c\",\"name\":\"darka mazi\",\"sameAs\":[\"https:\\\/\\\/darkamazi.info\\\/\"],\"url\":\"https:\\\/\\\/darkamazi.info\\\/archives\\\/author\\\/kurdi\"}]}<\/script>\n<!-- \/ Yoast SEO plugin. -->","seo_head_json":{"title":"PKK\u00ea bi sax\u00ee revand \u00fb Tirkiy\u00ea bi mir\u00ee radest\u00ee malbata w\u00ee kir - Darka Maz\u00ee","robots":{"index":"index","follow":"follow","max-snippet":"max-snippet:-1","max-image-preview":"max-image-preview:large","max-video-preview":"max-video-preview:-1"},"canonical":"https:\/\/darkamazi.info\/archives\/1019663","og_locale":"en_US","og_type":"article","og_title":"PKK\u00ea bi sax\u00ee revand \u00fb Tirkiy\u00ea bi mir\u00ee radest\u00ee malbata w\u00ee kir - Darka Maz\u00ee","og_description":"Pi\u015ft\u00ee ku xortek\u00ee 29 sal\u00ee \u00ea ji Amed\u00eey\u00ea bi tometa s\u00eexuriy\u00ea ji aliy\u00ea PKK ve hatib\u00fb girtin, di operasyona Gare de can\u00ea xwe ji dest da, \u00eero term\u00ea w\u00ee radest\u00ee malbata w\u00ee t\u00ea kirin \u00fb biryare ji Melet\u00ee b\u00eenin Her\u00eama Kurdistan\u00ea. H\u00eaz\u00ean Parastina Gel HPG bi hinceta s\u00eexur\u00eekirina bo m\u00eeta Tirkiy\u00ea Cotyar Muhs\u00een \u00ea 29 [&hellip;]","og_url":"https:\/\/darkamazi.info\/archives\/1019663","og_site_name":"Darka Maz\u00ee","article_publisher":"https:\/\/www.facebook.com\/DarMaziKurmanci","article_published_time":"2021-02-22T16:12:13+00:00","article_modified_time":"2021-04-08T11:39:33+00:00","og_image":[{"width":900,"height":497,"url":"https:\/\/darkamazi.info\/file\/2021\/02\/cotyar-muhsin-1.jpg","type":"image\/jpeg"}],"author":"darka mazi","twitter_card":"summary_large_image","twitter_creator":"@DarkaMaziLatini","twitter_site":"@DarkaMaziLatini","twitter_misc":{"Written by":"darka mazi","Est. reading time":"1 minute"},"schema":{"@context":"https:\/\/schema.org","@graph":[{"@type":"Article","@id":"https:\/\/darkamazi.info\/archives\/1019663#article","isPartOf":{"@id":"https:\/\/darkamazi.info\/archives\/1019663"},"author":{"name":"darka mazi","@id":"https:\/\/darkamazi.info\/#\/schema\/person\/5ad3e24553a0567993fa8ed4bd0a776c"},"headline":"PKK\u00ea bi sax\u00ee revand \u00fb Tirkiy\u00ea bi mir\u00ee radest\u00ee malbata w\u00ee kir","datePublished":"2021-02-22T16:12:13+00:00","dateModified":"2021-04-08T11:39:33+00:00","mainEntityOfPage":{"@id":"https:\/\/darkamazi.info\/archives\/1019663"},"wordCount":180,"publisher":{"@id":"https:\/\/darkamazi.info\/#organization"},"image":{"@id":"https:\/\/darkamazi.info\/archives\/1019663#primaryimage"},"thumbnailUrl":"https:\/\/darkamazi.info\/file\/2021\/02\/cotyar-muhsin-1.jpg","keywords":["Cotyar Muhsin"],"articleSection":["Kurdistan"],"inLanguage":"en-US"},{"@type":"WebPage","@id":"https:\/\/darkamazi.info\/archives\/1019663","url":"https:\/\/darkamazi.info\/archives\/1019663","name":"PKK\u00ea bi sax\u00ee revand \u00fb Tirkiy\u00ea bi mir\u00ee radest\u00ee malbata w\u00ee kir - Darka Maz\u00ee","isPartOf":{"@id":"https:\/\/darkamazi.info\/#website"},"primaryImageOfPage":{"@id":"https:\/\/darkamazi.info\/archives\/1019663#primaryimage"},"image":{"@id":"https:\/\/darkamazi.info\/archives\/1019663#primaryimage"},"thumbnailUrl":"https:\/\/darkamazi.info\/file\/2021\/02\/cotyar-muhsin-1.jpg","datePublished":"2021-02-22T16:12:13+00:00","dateModified":"2021-04-08T11:39:33+00:00","breadcrumb":{"@id":"https:\/\/darkamazi.info\/archives\/1019663#breadcrumb"},"inLanguage":"en-US","potentialAction":[{"@type":"ReadAction","target":["https:\/\/darkamazi.info\/archives\/1019663"]}]},{"@type":"ImageObject","inLanguage":"en-US","@id":"https:\/\/darkamazi.info\/archives\/1019663#primaryimage","url":"https:\/\/darkamazi.info\/file\/2021\/02\/cotyar-muhsin-1.jpg","contentUrl":"https:\/\/darkamazi.info\/file\/2021\/02\/cotyar-muhsin-1.jpg","width":900,"height":497,"caption":"PKK\u00ea bi sax\u00ee revand \u00fb Tirkiy\u00ea bi mir\u00ee radest\u00ee malbata w\u00ee kir"},{"@type":"BreadcrumbList","@id":"https:\/\/darkamazi.info\/archives\/1019663#breadcrumb","itemListElement":[{"@type":"ListItem","position":1,"name":"Home","item":"https:\/\/darkamazi.info\/"},{"@type":"ListItem","position":2,"name":"PKK\u00ea bi sax\u00ee revand \u00fb Tirkiy\u00ea bi mir\u00ee radest\u00ee malbata w\u00ee kir"}]},{"@type":"WebSite","@id":"https:\/\/darkamazi.info\/#website","url":"https:\/\/darkamazi.info\/","name":"Darka Maz\u00ee","description":"P\u00eageha Zanyariy\u00ean Nebih\u00eest\u00ee","publisher":{"@id":"https:\/\/darkamazi.info\/#organization"},"potentialAction":[{"@type":"SearchAction","target":{"@type":"EntryPoint","urlTemplate":"https:\/\/darkamazi.info\/?s={search_term_string}"},"query-input":{"@type":"PropertyValueSpecification","valueRequired":true,"valueName":"search_term_string"}}],"inLanguage":"en-US"},{"@type":"Organization","@id":"https:\/\/darkamazi.info\/#organization","name":"Darka Maz\u00ee","url":"https:\/\/darkamazi.info\/","logo":{"@type":"ImageObject","inLanguage":"en-US","@id":"https:\/\/darkamazi.info\/#\/schema\/logo\/image\/","url":"https:\/\/darkamazi.info\/file\/2017\/12\/darka-mazi-logo.png","contentUrl":"https:\/\/darkamazi.info\/file\/2017\/12\/darka-mazi-logo.png","width":151,"height":75,"caption":"Darka Maz\u00ee"},"image":{"@id":"https:\/\/darkamazi.info\/#\/schema\/logo\/image\/"},"sameAs":["https:\/\/www.facebook.com\/DarMaziKurmanci","https:\/\/x.com\/DarkaMaziLatini","https:\/\/www.instagram.com\/darkamazi.kurmanci\/","https:\/\/www.youtube.com\/channel\/UCa5HkTdmI8U1qCUFuTw8B2g"]},{"@type":"Person","@id":"https:\/\/darkamazi.info\/#\/schema\/person\/5ad3e24553a0567993fa8ed4bd0a776c","name":"darka mazi","sameAs":["https:\/\/darkamazi.info\/"],"url":"https:\/\/darkamazi.info\/archives\/author\/kurdi"}]}},"_links":{"self":[{"href":"https:\/\/darkamazi.info\/funavuv\/wp\/v2\/posts\/1019663","targetHints":{"allow":["GET"]}}],"collection":[{"href":"https:\/\/darkamazi.info\/funavuv\/wp\/v2\/posts"}],"about":[{"href":"https:\/\/darkamazi.info\/funavuv\/wp\/v2\/types\/post"}],"author":[{"embeddable":true,"href":"https:\/\/darkamazi.info\/funavuv\/wp\/v2\/users\/2"}],"replies":[{"embeddable":true,"href":"https:\/\/darkamazi.info\/funavuv\/wp\/v2\/comments?post=1019663"}],"version-history":[{"count":0,"href":"https:\/\/darkamazi.info\/funavuv\/wp\/v2\/posts\/1019663\/revisions"}],"wp:featuredmedia":[{"embeddable":true,"href":"https:\/\/darkamazi.info\/funavuv\/wp\/v2\/media\/1019664"}],"wp:attachment":[{"href":"https:\/\/darkamazi.info\/funavuv\/wp\/v2\/media?parent=1019663"}],"wp:term":[{"taxonomy":"category","embeddable":true,"href":"https:\/\/darkamazi.info\/funavuv\/wp\/v2\/categories?post=1019663"},{"taxonomy":"post_tag","embeddable":true,"href":"https:\/\/darkamazi.info\/funavuv\/wp\/v2\/tags?post=1019663"}],"curies":[{"name":"wp","href":"https:\/\/api.w.org\/{rel}","templated":true}]}}