{"id":1019676,"date":"2021-02-23T15:04:52","date_gmt":"2021-02-23T12:04:52","guid":{"rendered":"https:\/\/darkamazi.info\/?p=1019676"},"modified":"2021-02-23T15:04:52","modified_gmt":"2021-02-23T12:04:52","slug":"pkke-dibe-sedema-bordoman-kirina-gunde-sigere","status":"publish","type":"post","link":"https:\/\/darkamazi.info\/archives\/1019676","title":{"rendered":"PKKe dibe sedema bordoman kirina gund\u00ea Sig\u00ear\u00ea"},"content":{"rendered":"<div class=\"wpb-content-wrapper\"><p>[darkamazi_row][darkamazi_column][darkamazi_column_text]<\/p>\n<h3 style=\"text-align: justify\"><span style=\"font-family: 'arial black', sans-serif\">Balefir\u00ean dewleta Tirkiy\u00ea \u00eero bo cara d\u00fbyem\u00een liv \u00fb tevger\u00ean \u00e7ikdar\u00ean PKK \u00ea li Ba\u015f\u00fbr\u00ea Kurdistan\u00ea hedef kir, wexta ku s\u00eenor\u00ea gund\u00ea Sig\u00ear\u00ea y\u00ea gir\u00eaday devera Nih\u00eal\u00ea bordoman kir\u00ee.<\/span><\/h3>\n<h3 style=\"text-align: justify\">Li gor\u00ee agahiy\u00ean dest\u00ea me, \u00eero roja s\u00ea\u015fem\u00ee, 23\/2\/2021an balefir\u00ean dewleta Tirkiy\u00ea d\u00fb caran \u00ear\u00ee\u015fa \u00e7ekdar\u00ean PKK \u00ea li Ba\u015f\u00fbr\u00ea Kurdistan\u00ea kir, cara yekem\u00een li devera Gare \u00fb nuqtey\u00ean r\u00eaxistin\u00ea li Hesara B\u00earkiyat ya gir\u00eaday nav\u00e7eya \u00c7emank\u00ea li Gare \u00fb pi\u015ftre li gund\u00ea Sig\u00ear\u00ea gir\u00eaday qeza Am\u00eadiy\u00ea.<\/h3>\n<h3 style=\"text-align: justify\">Balefiran yek roket li Hesara B\u00earkiyat xist \u00fb yek roket li bilindahiy\u00ean gund\u00ea Sig\u00ear\u00ea, her \u00e7end ku zirar\u00ean PKK \u00ea nehatine zan\u00een, l\u00ea bel\u00ea li gor d\u00eemen\u00ean ku ji boy p\u00eageha me hatine \u015fandin, domaneke pir li as\u00eeman beriz b\u00fb.<\/h3>\n<h3 style=\"text-align: justify\">R\u00eaxistina PKK\u00ea liv \u00fb tevger\u00ean \u00e7ekdar\u00ean xwe bi mebest t\u00eaxe n\u00eaz\u00ee gund \u00fb dorbera bajarokan ji bo ku ev der bibin qada \u015fer \u00fb ji \u015f\u00ean\u00eeyan were vala kirin, \u015f\u00eaniy\u00ean gund\u00ean Ba\u015f\u00fbr bi teybet y\u00ean s\u00eenor\u00ea par\u00eazgeh\u00eeya Dihok\u00ea pir ji v\u00ea hengava PKK\u00ea acizin.<\/h3>\n<p>[\/darkamazi_column_text][\/darkamazi_column][\/darkamazi_row][darkamazi_row][darkamazi_column][darkamazi_wp_text]<\/p>\n<div style=\"width: 640px;\" class=\"darka-video\"><video class=\"darka-video-shortcode\" id=\"video-1019676-1\" width=\"640\" height=\"368\" preload=\"metadata\" controls=\"controls\"><source type=\"video\/mp4\" src=\"https:\/\/darkamazi.info\/file\/2021\/02\/\u06af\u0648\u0646\u062f\u06ce-\u0633\u06af\u06ce\u0631\u06ce-gunde-Sigere-pkk-1.mp4?_=1\" \/><a href=\"https:\/\/darkamazi.info\/file\/2021\/02\/\u06af\u0648\u0646\u062f\u06ce-\u0633\u06af\u06ce\u0631\u06ce-gunde-Sigere-pkk-1.mp4\">https:\/\/darkamazi.info\/file\/2021\/02\/\u06af\u0648\u0646\u062f\u06ce-\u0633\u06af\u06ce\u0631\u06ce-gunde-Sigere-pkk-1.mp4<\/a><\/video><\/div>\n<p>[\/vc_wp_text][\/vc_column][\/vc_row]<\/p>\n<\/div>","protected":false},"excerpt":{"rendered":"<p>[darkamazi_row][darkamazi_column][darkamazi_column_text] Balefir\u00ean dewleta Tirkiy\u00ea \u00eero bo cara d\u00fbyem\u00een liv \u00fb tevger\u00ean \u00e7ikdar\u00ean PKK \u00ea li Ba\u015f\u00fbr\u00ea Kurdistan\u00ea hedef kir, wexta ku s\u00eenor\u00ea gund\u00ea Sig\u00ear\u00ea y\u00ea gir\u00eaday devera Nih\u00eal\u00ea bordoman kir\u00ee. Li gor\u00ee agahiy\u00ean dest\u00ea me, \u00eero roja s\u00ea\u015fem\u00ee, 23\/2\/2021an balefir\u00ean dewleta Tirkiy\u00ea d\u00fb caran \u00ear\u00ee\u015fa \u00e7ekdar\u00ean PKK \u00ea li Ba\u015f\u00fbr\u00ea Kurdistan\u00ea kir, cara yekem\u00een li [&hellip;]<\/p>\n","protected":false},"author":2,"featured_media":1019677,"comment_status":"closed","ping_status":"closed","sticky":false,"template":"","format":"video","meta":{"footnotes":""},"categories":[29],"tags":[37],"class_list":["post-1019676","post","type-post","status-publish","format-video","has-post-thumbnail","hentry","category-kurdistan","tag-sereke","post_format-post-format-video"],"blocksy_meta":[],"seo_head":"<!-- This site is optimized with the Yoast SEO plugin v27.5 - https:\/\/yoast.com\/product\/yoast-seo-wordpress\/ -->\n<title>PKKe dibe sedema bordoman kirina gund\u00ea Sig\u00ear\u00ea - Darka Maz\u00ee<\/title>\n<meta name=\"robots\" content=\"index, follow, max-snippet:-1, max-image-preview:large, max-video-preview:-1\" \/>\n<link rel=\"canonical\" href=\"https:\/\/darkamazi.info\/archives\/1019676\" \/>\n<meta property=\"og:locale\" content=\"en_US\" \/>\n<meta property=\"og:type\" content=\"article\" \/>\n<meta property=\"og:title\" content=\"PKKe dibe sedema bordoman kirina gund\u00ea Sig\u00ear\u00ea - Darka Maz\u00ee\" \/>\n<meta property=\"og:description\" content=\"[darkamazi_row][darkamazi_column][darkamazi_column_text] Balefir\u00ean dewleta Tirkiy\u00ea \u00eero bo cara d\u00fbyem\u00een liv \u00fb tevger\u00ean \u00e7ikdar\u00ean PKK \u00ea li Ba\u015f\u00fbr\u00ea Kurdistan\u00ea hedef kir, wexta ku s\u00eenor\u00ea gund\u00ea Sig\u00ear\u00ea y\u00ea gir\u00eaday devera Nih\u00eal\u00ea bordoman kir\u00ee. Li gor\u00ee agahiy\u00ean dest\u00ea me, \u00eero roja s\u00ea\u015fem\u00ee, 23\/2\/2021an balefir\u00ean dewleta Tirkiy\u00ea d\u00fb caran \u00ear\u00ee\u015fa \u00e7ekdar\u00ean PKK \u00ea li Ba\u015f\u00fbr\u00ea Kurdistan\u00ea kir, cara yekem\u00een li [&hellip;]\" \/>\n<meta property=\"og:url\" content=\"https:\/\/darkamazi.info\/archives\/1019676\" \/>\n<meta property=\"og:site_name\" content=\"Darka Maz\u00ee\" \/>\n<meta property=\"article:publisher\" content=\"https:\/\/www.facebook.com\/DarMaziKurmanci\" \/>\n<meta property=\"article:published_time\" content=\"2021-02-23T12:04:52+00:00\" \/>\n<meta property=\"og:image\" content=\"https:\/\/darkamazi.info\/file\/2021\/02\/\u06af\u0648\u0646\u062f\u06ce-\u0633\u06af\u06ce\u0631\u06ce-gunde-Sigere-pkk-1.jpg\" \/>\n\t<meta property=\"og:image:width\" content=\"900\" \/>\n\t<meta property=\"og:image:height\" content=\"497\" \/>\n\t<meta property=\"og:image:type\" content=\"image\/jpeg\" \/>\n<meta name=\"author\" content=\"darka mazi\" \/>\n<meta name=\"twitter:card\" content=\"summary_large_image\" \/>\n<meta name=\"twitter:creator\" content=\"@DarkaMaziLatini\" \/>\n<meta name=\"twitter:site\" content=\"@DarkaMaziLatini\" \/>\n<meta name=\"twitter:label1\" content=\"Written by\" \/>\n\t<meta name=\"twitter:data1\" content=\"darka mazi\" \/>\n\t<meta name=\"twitter:label2\" content=\"Est. reading time\" \/>\n\t<meta name=\"twitter:data2\" content=\"1 minute\" \/>\n<script type=\"application\/ld+json\" class=\"seo-schema-graph\">{\"@context\":\"https:\\\/\\\/schema.org\",\"@graph\":[{\"@type\":\"Article\",\"@id\":\"https:\\\/\\\/darkamazi.info\\\/archives\\\/1019676#article\",\"isPartOf\":{\"@id\":\"https:\\\/\\\/darkamazi.info\\\/archives\\\/1019676\"},\"author\":{\"name\":\"darka mazi\",\"@id\":\"https:\\\/\\\/darkamazi.info\\\/#\\\/schema\\\/person\\\/5ad3e24553a0567993fa8ed4bd0a776c\"},\"headline\":\"PKKe dibe sedema bordoman kirina gund\u00ea Sig\u00ear\u00ea\",\"datePublished\":\"2021-02-23T12:04:52+00:00\",\"mainEntityOfPage\":{\"@id\":\"https:\\\/\\\/darkamazi.info\\\/archives\\\/1019676\"},\"wordCount\":247,\"publisher\":{\"@id\":\"https:\\\/\\\/darkamazi.info\\\/#organization\"},\"image\":{\"@id\":\"https:\\\/\\\/darkamazi.info\\\/archives\\\/1019676#primaryimage\"},\"thumbnailUrl\":\"https:\\\/\\\/darkamazi.info\\\/darka-content\\\/uploads\\\/2021\\\/02\\\/\u06af\u0648\u0646\u062f\u06ce-\u0633\u06af\u06ce\u0631\u06ce-gunde-Sigere-pkk-1.jpg\",\"keywords\":[\"sereke\"],\"articleSection\":[\"Kurdistan\"],\"inLanguage\":\"en-US\"},{\"@type\":\"WebPage\",\"@id\":\"https:\\\/\\\/darkamazi.info\\\/archives\\\/1019676\",\"url\":\"https:\\\/\\\/darkamazi.info\\\/archives\\\/1019676\",\"name\":\"PKKe dibe sedema bordoman kirina gund\u00ea Sig\u00ear\u00ea - Darka Maz\u00ee\",\"isPartOf\":{\"@id\":\"https:\\\/\\\/darkamazi.info\\\/#website\"},\"primaryImageOfPage\":{\"@id\":\"https:\\\/\\\/darkamazi.info\\\/archives\\\/1019676#primaryimage\"},\"image\":{\"@id\":\"https:\\\/\\\/darkamazi.info\\\/archives\\\/1019676#primaryimage\"},\"thumbnailUrl\":\"https:\\\/\\\/darkamazi.info\\\/darka-content\\\/uploads\\\/2021\\\/02\\\/\u06af\u0648\u0646\u062f\u06ce-\u0633\u06af\u06ce\u0631\u06ce-gunde-Sigere-pkk-1.jpg\",\"datePublished\":\"2021-02-23T12:04:52+00:00\",\"breadcrumb\":{\"@id\":\"https:\\\/\\\/darkamazi.info\\\/archives\\\/1019676#breadcrumb\"},\"inLanguage\":\"en-US\",\"potentialAction\":[{\"@type\":\"ReadAction\",\"target\":[\"https:\\\/\\\/darkamazi.info\\\/archives\\\/1019676\"]}]},{\"@type\":\"ImageObject\",\"inLanguage\":\"en-US\",\"@id\":\"https:\\\/\\\/darkamazi.info\\\/archives\\\/1019676#primaryimage\",\"url\":\"https:\\\/\\\/darkamazi.info\\\/darka-content\\\/uploads\\\/2021\\\/02\\\/\u06af\u0648\u0646\u062f\u06ce-\u0633\u06af\u06ce\u0631\u06ce-gunde-Sigere-pkk-1.jpg\",\"contentUrl\":\"https:\\\/\\\/darkamazi.info\\\/darka-content\\\/uploads\\\/2021\\\/02\\\/\u06af\u0648\u0646\u062f\u06ce-\u0633\u06af\u06ce\u0631\u06ce-gunde-Sigere-pkk-1.jpg\",\"width\":900,\"height\":497},{\"@type\":\"BreadcrumbList\",\"@id\":\"https:\\\/\\\/darkamazi.info\\\/archives\\\/1019676#breadcrumb\",\"itemListElement\":[{\"@type\":\"ListItem\",\"position\":1,\"name\":\"Home\",\"item\":\"https:\\\/\\\/darkamazi.info\\\/\"},{\"@type\":\"ListItem\",\"position\":2,\"name\":\"PKKe dibe sedema bordoman kirina gund\u00ea Sig\u00ear\u00ea\"}]},{\"@type\":\"WebSite\",\"@id\":\"https:\\\/\\\/darkamazi.info\\\/#website\",\"url\":\"https:\\\/\\\/darkamazi.info\\\/\",\"name\":\"Darka Maz\u00ee\",\"description\":\"P\u00eageha Zanyariy\u00ean Nebih\u00eest\u00ee\",\"publisher\":{\"@id\":\"https:\\\/\\\/darkamazi.info\\\/#organization\"},\"potentialAction\":[{\"@type\":\"SearchAction\",\"target\":{\"@type\":\"EntryPoint\",\"urlTemplate\":\"https:\\\/\\\/darkamazi.info\\\/?s={search_term_string}\"},\"query-input\":{\"@type\":\"PropertyValueSpecification\",\"valueRequired\":true,\"valueName\":\"search_term_string\"}}],\"inLanguage\":\"en-US\"},{\"@type\":\"Organization\",\"@id\":\"https:\\\/\\\/darkamazi.info\\\/#organization\",\"name\":\"Darka Maz\u00ee\",\"url\":\"https:\\\/\\\/darkamazi.info\\\/\",\"logo\":{\"@type\":\"ImageObject\",\"inLanguage\":\"en-US\",\"@id\":\"https:\\\/\\\/darkamazi.info\\\/#\\\/schema\\\/logo\\\/image\\\/\",\"url\":\"https:\\\/\\\/darkamazi.info\\\/darka-content\\\/uploads\\\/2017\\\/12\\\/darka-mazi-logo.png\",\"contentUrl\":\"https:\\\/\\\/darkamazi.info\\\/darka-content\\\/uploads\\\/2017\\\/12\\\/darka-mazi-logo.png\",\"width\":151,\"height\":75,\"caption\":\"Darka Maz\u00ee\"},\"image\":{\"@id\":\"https:\\\/\\\/darkamazi.info\\\/#\\\/schema\\\/logo\\\/image\\\/\"},\"sameAs\":[\"https:\\\/\\\/www.facebook.com\\\/DarMaziKurmanci\",\"https:\\\/\\\/x.com\\\/DarkaMaziLatini\",\"https:\\\/\\\/www.instagram.com\\\/darkamazi.kurmanci\\\/\",\"https:\\\/\\\/www.youtube.com\\\/channel\\\/UCa5HkTdmI8U1qCUFuTw8B2g\"]},{\"@type\":\"Person\",\"@id\":\"https:\\\/\\\/darkamazi.info\\\/#\\\/schema\\\/person\\\/5ad3e24553a0567993fa8ed4bd0a776c\",\"name\":\"darka mazi\",\"sameAs\":[\"https:\\\/\\\/darkamazi.info\\\/\"],\"url\":\"https:\\\/\\\/darkamazi.info\\\/archives\\\/author\\\/kurdi\"}]}<\/script>\n<!-- \/ Yoast SEO plugin. -->","seo_head_json":{"title":"PKKe dibe sedema bordoman kirina gund\u00ea Sig\u00ear\u00ea - Darka Maz\u00ee","robots":{"index":"index","follow":"follow","max-snippet":"max-snippet:-1","max-image-preview":"max-image-preview:large","max-video-preview":"max-video-preview:-1"},"canonical":"https:\/\/darkamazi.info\/archives\/1019676","og_locale":"en_US","og_type":"article","og_title":"PKKe dibe sedema bordoman kirina gund\u00ea Sig\u00ear\u00ea - Darka Maz\u00ee","og_description":"[darkamazi_row][darkamazi_column][darkamazi_column_text] Balefir\u00ean dewleta Tirkiy\u00ea \u00eero bo cara d\u00fbyem\u00een liv \u00fb tevger\u00ean \u00e7ikdar\u00ean PKK \u00ea li Ba\u015f\u00fbr\u00ea Kurdistan\u00ea hedef kir, wexta ku s\u00eenor\u00ea gund\u00ea Sig\u00ear\u00ea y\u00ea gir\u00eaday devera Nih\u00eal\u00ea bordoman kir\u00ee. Li gor\u00ee agahiy\u00ean dest\u00ea me, \u00eero roja s\u00ea\u015fem\u00ee, 23\/2\/2021an balefir\u00ean dewleta Tirkiy\u00ea d\u00fb caran \u00ear\u00ee\u015fa \u00e7ekdar\u00ean PKK \u00ea li Ba\u015f\u00fbr\u00ea Kurdistan\u00ea kir, cara yekem\u00een li [&hellip;]","og_url":"https:\/\/darkamazi.info\/archives\/1019676","og_site_name":"Darka Maz\u00ee","article_publisher":"https:\/\/www.facebook.com\/DarMaziKurmanci","article_published_time":"2021-02-23T12:04:52+00:00","og_image":[{"width":900,"height":497,"url":"https:\/\/darkamazi.info\/file\/2021\/02\/\u06af\u0648\u0646\u062f\u06ce-\u0633\u06af\u06ce\u0631\u06ce-gunde-Sigere-pkk-1.jpg","type":"image\/jpeg"}],"author":"darka mazi","twitter_card":"summary_large_image","twitter_creator":"@DarkaMaziLatini","twitter_site":"@DarkaMaziLatini","twitter_misc":{"Written by":"darka mazi","Est. reading time":"1 minute"},"schema":{"@context":"https:\/\/schema.org","@graph":[{"@type":"Article","@id":"https:\/\/darkamazi.info\/archives\/1019676#article","isPartOf":{"@id":"https:\/\/darkamazi.info\/archives\/1019676"},"author":{"name":"darka mazi","@id":"https:\/\/darkamazi.info\/#\/schema\/person\/5ad3e24553a0567993fa8ed4bd0a776c"},"headline":"PKKe dibe sedema bordoman kirina gund\u00ea Sig\u00ear\u00ea","datePublished":"2021-02-23T12:04:52+00:00","mainEntityOfPage":{"@id":"https:\/\/darkamazi.info\/archives\/1019676"},"wordCount":247,"publisher":{"@id":"https:\/\/darkamazi.info\/#organization"},"image":{"@id":"https:\/\/darkamazi.info\/archives\/1019676#primaryimage"},"thumbnailUrl":"https:\/\/darkamazi.info\/file\/2021\/02\/\u06af\u0648\u0646\u062f\u06ce-\u0633\u06af\u06ce\u0631\u06ce-gunde-Sigere-pkk-1.jpg","keywords":["sereke"],"articleSection":["Kurdistan"],"inLanguage":"en-US"},{"@type":"WebPage","@id":"https:\/\/darkamazi.info\/archives\/1019676","url":"https:\/\/darkamazi.info\/archives\/1019676","name":"PKKe dibe sedema bordoman kirina gund\u00ea Sig\u00ear\u00ea - Darka Maz\u00ee","isPartOf":{"@id":"https:\/\/darkamazi.info\/#website"},"primaryImageOfPage":{"@id":"https:\/\/darkamazi.info\/archives\/1019676#primaryimage"},"image":{"@id":"https:\/\/darkamazi.info\/archives\/1019676#primaryimage"},"thumbnailUrl":"https:\/\/darkamazi.info\/file\/2021\/02\/\u06af\u0648\u0646\u062f\u06ce-\u0633\u06af\u06ce\u0631\u06ce-gunde-Sigere-pkk-1.jpg","datePublished":"2021-02-23T12:04:52+00:00","breadcrumb":{"@id":"https:\/\/darkamazi.info\/archives\/1019676#breadcrumb"},"inLanguage":"en-US","potentialAction":[{"@type":"ReadAction","target":["https:\/\/darkamazi.info\/archives\/1019676"]}]},{"@type":"ImageObject","inLanguage":"en-US","@id":"https:\/\/darkamazi.info\/archives\/1019676#primaryimage","url":"https:\/\/darkamazi.info\/file\/2021\/02\/\u06af\u0648\u0646\u062f\u06ce-\u0633\u06af\u06ce\u0631\u06ce-gunde-Sigere-pkk-1.jpg","contentUrl":"https:\/\/darkamazi.info\/file\/2021\/02\/\u06af\u0648\u0646\u062f\u06ce-\u0633\u06af\u06ce\u0631\u06ce-gunde-Sigere-pkk-1.jpg","width":900,"height":497},{"@type":"BreadcrumbList","@id":"https:\/\/darkamazi.info\/archives\/1019676#breadcrumb","itemListElement":[{"@type":"ListItem","position":1,"name":"Home","item":"https:\/\/darkamazi.info\/"},{"@type":"ListItem","position":2,"name":"PKKe dibe sedema bordoman kirina gund\u00ea Sig\u00ear\u00ea"}]},{"@type":"WebSite","@id":"https:\/\/darkamazi.info\/#website","url":"https:\/\/darkamazi.info\/","name":"Darka Maz\u00ee","description":"P\u00eageha Zanyariy\u00ean Nebih\u00eest\u00ee","publisher":{"@id":"https:\/\/darkamazi.info\/#organization"},"potentialAction":[{"@type":"SearchAction","target":{"@type":"EntryPoint","urlTemplate":"https:\/\/darkamazi.info\/?s={search_term_string}"},"query-input":{"@type":"PropertyValueSpecification","valueRequired":true,"valueName":"search_term_string"}}],"inLanguage":"en-US"},{"@type":"Organization","@id":"https:\/\/darkamazi.info\/#organization","name":"Darka Maz\u00ee","url":"https:\/\/darkamazi.info\/","logo":{"@type":"ImageObject","inLanguage":"en-US","@id":"https:\/\/darkamazi.info\/#\/schema\/logo\/image\/","url":"https:\/\/darkamazi.info\/file\/2017\/12\/darka-mazi-logo.png","contentUrl":"https:\/\/darkamazi.info\/file\/2017\/12\/darka-mazi-logo.png","width":151,"height":75,"caption":"Darka Maz\u00ee"},"image":{"@id":"https:\/\/darkamazi.info\/#\/schema\/logo\/image\/"},"sameAs":["https:\/\/www.facebook.com\/DarMaziKurmanci","https:\/\/x.com\/DarkaMaziLatini","https:\/\/www.instagram.com\/darkamazi.kurmanci\/","https:\/\/www.youtube.com\/channel\/UCa5HkTdmI8U1qCUFuTw8B2g"]},{"@type":"Person","@id":"https:\/\/darkamazi.info\/#\/schema\/person\/5ad3e24553a0567993fa8ed4bd0a776c","name":"darka mazi","sameAs":["https:\/\/darkamazi.info\/"],"url":"https:\/\/darkamazi.info\/archives\/author\/kurdi"}]}},"_links":{"self":[{"href":"https:\/\/darkamazi.info\/funavuv\/wp\/v2\/posts\/1019676","targetHints":{"allow":["GET"]}}],"collection":[{"href":"https:\/\/darkamazi.info\/funavuv\/wp\/v2\/posts"}],"about":[{"href":"https:\/\/darkamazi.info\/funavuv\/wp\/v2\/types\/post"}],"author":[{"embeddable":true,"href":"https:\/\/darkamazi.info\/funavuv\/wp\/v2\/users\/2"}],"replies":[{"embeddable":true,"href":"https:\/\/darkamazi.info\/funavuv\/wp\/v2\/comments?post=1019676"}],"version-history":[{"count":0,"href":"https:\/\/darkamazi.info\/funavuv\/wp\/v2\/posts\/1019676\/revisions"}],"wp:featuredmedia":[{"embeddable":true,"href":"https:\/\/darkamazi.info\/funavuv\/wp\/v2\/media\/1019677"}],"wp:attachment":[{"href":"https:\/\/darkamazi.info\/funavuv\/wp\/v2\/media?parent=1019676"}],"wp:term":[{"taxonomy":"category","embeddable":true,"href":"https:\/\/darkamazi.info\/funavuv\/wp\/v2\/categories?post=1019676"},{"taxonomy":"post_tag","embeddable":true,"href":"https:\/\/darkamazi.info\/funavuv\/wp\/v2\/tags?post=1019676"}],"curies":[{"name":"wp","href":"https:\/\/api.w.org\/{rel}","templated":true}]}}