{"id":1019704,"date":"2021-02-24T21:55:37","date_gmt":"2021-02-24T18:55:37","guid":{"rendered":"https:\/\/darkamazi.info\/?p=1019704"},"modified":"2021-04-08T14:45:27","modified_gmt":"2021-04-08T11:45:27","slug":"sansura-capemeniya-pkk-e-li-ser-murat-karayilan","status":"publish","type":"post","link":"https:\/\/darkamazi.info\/archives\/1019704","title":{"rendered":"Sans\u00fbra \u00e7apemeniya PKK \u00ea li ser Murat Karayilan"},"content":{"rendered":"<h3 style=\"text-align: justify;\"><span style=\"font-family: 'arial black', sans-serif;\">Murat Karayilan duh be\u015fdar\u00ee bernama taybet ya St\u00eark TV b\u00fb. Li ser Operasyona Gare axiv\u00ee \u00fb b\u00fbyer\u00ean qewim\u00ee nirxandin. \u00c7apemeniya PKK \u00ea hin be\u015f\u00ean axaftina Karayilan qutkirin. Rojnameya \u00d6zg\u00fcr Politika ya PKK \u00ea ku li Ewropa derdikeve \u00fb ANF \u00ea daxuyaniy\u00ean Karayilan wek\u00ee &#8220;p\u00ea\u015fmerge be\u015fdar\u00ee operasyon\u00ea neb\u00fb, y\u00ean ku van gotina dikin ew dixwazin provakasyonek \u00e7\u00eabikin&#8221; li be\u015fe xwe y\u00ea Soran\u00ee de newe\u015fandin.<\/span><\/h3>\n<h3 style=\"text-align: center;\"><span style=\"color: #8c0808; font-family: 'arial black', sans-serif;\">Karayilan \u00e7i got?<\/span><\/h3>\n<h3 style=\"text-align: justify;\">Di axaftina xwe de Karayilan li ser pirsa &#8220;Abdullah A\u011far dib\u00eaje P\u00ea\u015fmerge bi un\u00eeformaya art\u00ea\u015fa Tirk be\u015fdar\u00ee operasyon\u00ea b\u00fbne, h\u00fbn gotin\u00ean w\u00ee \u00e7awa dinirx\u00eenin&#8221; d\u00eeyar kir ev \u00eedd\u00eea derewe \u00fb Karayilan axaftina xwe bi van gotinan domand:<\/h3>\n<h3 style=\"text-align: justify;\">\u201cAbdullah A\u011far yek ji kadroy\u00ean taybet y\u00ean \u015fer\u00ea ps\u00eekoloj\u00eek e. Ev kes roj\u00ea 6-7 qenat\u00ean TV ya di\u011fere \u00fb diaxive.\u201d Ew kujerek e ku di dem ali ser erk b\u00fb v\u00ee kes\u00ee gelek Kurd ku\u015ftine. N\u00fbke j\u00ee ew propaganda dike. \u201cAbdullah Agar dib\u00eaje, &#8216;p\u00ea\u015fmerge di heman dem\u00ea de cil\u00ean le\u015fker\u00ee li xwe kiriye \u00fb li teni\u015fta art\u00ea\u015fa Tirk \u015fer\u00ea PKK \u00ea dike ji v\u00ea yeke PKK pirr nerehete.\u201d Ti\u015ftek wisa tune. Me di derbar\u00ea v\u00ea yek\u00ea de daxuyaniyek niv\u00eesk\u00ee j\u00ee belavkir. Armanca w\u00ee \u00e7i ye? Ev kese Provakasyon\u00ea diafir\u00eenin. Ew hewl dide ku her du al\u00ee (PKK-PDK) li dij\u00ee hev \u015fer bike. Pi\u015ft\u00ee tweet\u00ee w\u00ee tevl\u00eehev\u00ee j\u00ee \u00e7\u00eab\u00fbn, l\u00ea dijmin wiya dike. dijmin di xwaze navbera Kurdan de pev\u00e7\u00fbnek \u00e7\u00eabe loma j\u00ee nakok\u00ee ya derdixe. Nex\u00ear, div\u00ea kes ney\u00ea v\u00ea l\u00eestik\u00ea. Hewldan\u00ean ji bo p\u00ea\u015fxistina helwestek netewey\u00ee di v\u00ea p\u00eavajoy\u00ea de pir gir\u00eeng \u00fb jiyan\u00ee ye. Li vir berpirsiyariya hem\u00fb al\u00eey\u00ean s\u00eeyas\u00ee heye.<\/h3>\n<h3 style=\"text-align: justify;\">Pi\u015ft\u00ee nirxandina Abdullah A\u011far, ku Karayilan behsa w\u00ee kir\u00ee, ku di \u00e7apemeniya Ewropa ya PKK \u00ea de kes\u00ean weke Ferda \u00c7et\u00een nirxandina Abdullah A\u011far \u015f\u00eerove kir \u00fb dijat\u00eeya P\u00ea\u015fmerge \u00fb her\u00eama Kurdistan\u00ea da p\u00ea\u015f. Wek\u00ee din, di roja yekem a operasyona ANF \u00ea ragihand \u00fb got; \u201cP\u00ea\u015fmergey\u00ean Roj n\u00eaz\u00ea Operasyon\u00ea bi c\u00eeh b\u00fbne \u00fb d\u00ea be\u015fdar\u00ee operasyon\u00ea bibin\u201d<\/h3>\n<h3 style=\"text-align: justify;\">Di roja duyem\u00een a operasyon\u00ea de, HPG n\u00fb\u00e7eya ku \u201ch\u00eaz\u00ean p\u00ea\u015fmerge tevl\u00ee operasyon\u00ea b\u00fbne\u201d derew derxist.<\/h3>\n<h3 style=\"text-align: justify;\">sansura \u00e7apemen\u00eeya PKK \u00ea li ser axiftin\u00ea Karayilan di de d\u00eeyar kirin ku di nava xebatkar\u00ean \u00e7apemeniya Ewropa de hin kes\u00ean T\u00fcrkiyec\u00ee \u00fb Kemalist hene. Di \u00e7apemeniya PKK\u00ea de, ku ber\u00ea serk\u00eaj\u00ea w\u00ea Baki G\u00fcl b\u00fb, n\u00fbke Ferde \u00c7etin ew wez\u00eefe girt\u00eeye sermil\u00ea xwe. Ferda \u00c7etin \u00fb xebatkar\u00ean \u00e7apemeniy\u00ea y\u00ean li dora w\u00ee gelek n\u00fb\u00e7ey\u00ean derew li dij\u00ee Hik\u00fbmeta Her\u00eama Kurdistan\u00ea, P\u00ea\u015fmerge, PDK \u00fb Barzan\u00ee we\u015fandin.<\/h3>\n","protected":false},"excerpt":{"rendered":"<p>Murat Karayilan duh be\u015fdar\u00ee bernama taybet ya St\u00eark TV b\u00fb. Li ser Operasyona Gare axiv\u00ee \u00fb b\u00fbyer\u00ean qewim\u00ee nirxandin. \u00c7apemeniya PKK \u00ea hin be\u015f\u00ean axaftina Karayilan qutkirin. Rojnameya \u00d6zg\u00fcr Politika ya PKK \u00ea ku li Ewropa derdikeve \u00fb ANF \u00ea daxuyaniy\u00ean Karayilan wek\u00ee &#8220;p\u00ea\u015fmerge be\u015fdar\u00ee operasyon\u00ea neb\u00fb, y\u00ean ku van gotina dikin ew dixwazin provakasyonek [&hellip;]<\/p>\n","protected":false},"author":2,"featured_media":1019705,"comment_status":"closed","ping_status":"closed","sticky":false,"template":"","format":"standard","meta":{"footnotes":""},"categories":[29],"tags":[51],"class_list":["post-1019704","post","type-post","status-publish","format-standard","has-post-thumbnail","hentry","category-kurdistan","tag-karayilan"],"blocksy_meta":[],"seo_head":"<!-- This site is optimized with the Yoast SEO plugin v27.5 - https:\/\/yoast.com\/product\/yoast-seo-wordpress\/ -->\n<title>Sans\u00fbra \u00e7apemeniya PKK \u00ea li ser Murat Karayilan - Darka Maz\u00ee<\/title>\n<meta name=\"robots\" content=\"index, follow, max-snippet:-1, max-image-preview:large, max-video-preview:-1\" \/>\n<link rel=\"canonical\" href=\"https:\/\/darkamazi.info\/archives\/1019704\" \/>\n<meta property=\"og:locale\" content=\"en_US\" \/>\n<meta property=\"og:type\" content=\"article\" \/>\n<meta property=\"og:title\" content=\"Sans\u00fbra \u00e7apemeniya PKK \u00ea li ser Murat Karayilan - Darka Maz\u00ee\" \/>\n<meta property=\"og:description\" content=\"Murat Karayilan duh be\u015fdar\u00ee bernama taybet ya St\u00eark TV b\u00fb. Li ser Operasyona Gare axiv\u00ee \u00fb b\u00fbyer\u00ean qewim\u00ee nirxandin. \u00c7apemeniya PKK \u00ea hin be\u015f\u00ean axaftina Karayilan qutkirin. Rojnameya \u00d6zg\u00fcr Politika ya PKK \u00ea ku li Ewropa derdikeve \u00fb ANF \u00ea daxuyaniy\u00ean Karayilan wek\u00ee &#8220;p\u00ea\u015fmerge be\u015fdar\u00ee operasyon\u00ea neb\u00fb, y\u00ean ku van gotina dikin ew dixwazin provakasyonek [&hellip;]\" \/>\n<meta property=\"og:url\" content=\"https:\/\/darkamazi.info\/archives\/1019704\" \/>\n<meta property=\"og:site_name\" content=\"Darka Maz\u00ee\" \/>\n<meta property=\"article:publisher\" content=\"https:\/\/www.facebook.com\/DarMaziKurmanci\" \/>\n<meta property=\"article:published_time\" content=\"2021-02-24T18:55:37+00:00\" \/>\n<meta property=\"article:modified_time\" content=\"2021-04-08T11:45:27+00:00\" \/>\n<meta property=\"og:image\" content=\"https:\/\/darkamazi.info\/file\/2021\/02\/qereylan-2.jpg\" \/>\n\t<meta property=\"og:image:width\" content=\"900\" \/>\n\t<meta property=\"og:image:height\" content=\"497\" \/>\n\t<meta property=\"og:image:type\" content=\"image\/jpeg\" \/>\n<meta name=\"author\" content=\"darka mazi\" \/>\n<meta name=\"twitter:card\" content=\"summary_large_image\" \/>\n<meta name=\"twitter:creator\" content=\"@DarkaMaziLatini\" \/>\n<meta name=\"twitter:site\" content=\"@DarkaMaziLatini\" \/>\n<meta name=\"twitter:label1\" content=\"Written by\" \/>\n\t<meta name=\"twitter:data1\" content=\"darka mazi\" \/>\n\t<meta name=\"twitter:label2\" content=\"Est. reading time\" \/>\n\t<meta name=\"twitter:data2\" content=\"2 minutes\" \/>\n<script type=\"application\/ld+json\" class=\"seo-schema-graph\">{\"@context\":\"https:\\\/\\\/schema.org\",\"@graph\":[{\"@type\":\"Article\",\"@id\":\"https:\\\/\\\/darkamazi.info\\\/archives\\\/1019704#article\",\"isPartOf\":{\"@id\":\"https:\\\/\\\/darkamazi.info\\\/archives\\\/1019704\"},\"author\":{\"name\":\"darka mazi\",\"@id\":\"https:\\\/\\\/darkamazi.info\\\/#\\\/schema\\\/person\\\/5ad3e24553a0567993fa8ed4bd0a776c\"},\"headline\":\"Sans\u00fbra \u00e7apemeniya PKK \u00ea li ser Murat Karayilan\",\"datePublished\":\"2021-02-24T18:55:37+00:00\",\"dateModified\":\"2021-04-08T11:45:27+00:00\",\"mainEntityOfPage\":{\"@id\":\"https:\\\/\\\/darkamazi.info\\\/archives\\\/1019704\"},\"wordCount\":477,\"publisher\":{\"@id\":\"https:\\\/\\\/darkamazi.info\\\/#organization\"},\"image\":{\"@id\":\"https:\\\/\\\/darkamazi.info\\\/archives\\\/1019704#primaryimage\"},\"thumbnailUrl\":\"https:\\\/\\\/darkamazi.info\\\/darka-content\\\/uploads\\\/2021\\\/02\\\/qereylan-2.jpg\",\"keywords\":[\"Karayilan\"],\"articleSection\":[\"Kurdistan\"],\"inLanguage\":\"en-US\"},{\"@type\":\"WebPage\",\"@id\":\"https:\\\/\\\/darkamazi.info\\\/archives\\\/1019704\",\"url\":\"https:\\\/\\\/darkamazi.info\\\/archives\\\/1019704\",\"name\":\"Sans\u00fbra \u00e7apemeniya PKK \u00ea li ser Murat Karayilan - Darka Maz\u00ee\",\"isPartOf\":{\"@id\":\"https:\\\/\\\/darkamazi.info\\\/#website\"},\"primaryImageOfPage\":{\"@id\":\"https:\\\/\\\/darkamazi.info\\\/archives\\\/1019704#primaryimage\"},\"image\":{\"@id\":\"https:\\\/\\\/darkamazi.info\\\/archives\\\/1019704#primaryimage\"},\"thumbnailUrl\":\"https:\\\/\\\/darkamazi.info\\\/darka-content\\\/uploads\\\/2021\\\/02\\\/qereylan-2.jpg\",\"datePublished\":\"2021-02-24T18:55:37+00:00\",\"dateModified\":\"2021-04-08T11:45:27+00:00\",\"breadcrumb\":{\"@id\":\"https:\\\/\\\/darkamazi.info\\\/archives\\\/1019704#breadcrumb\"},\"inLanguage\":\"en-US\",\"potentialAction\":[{\"@type\":\"ReadAction\",\"target\":[\"https:\\\/\\\/darkamazi.info\\\/archives\\\/1019704\"]}]},{\"@type\":\"ImageObject\",\"inLanguage\":\"en-US\",\"@id\":\"https:\\\/\\\/darkamazi.info\\\/archives\\\/1019704#primaryimage\",\"url\":\"https:\\\/\\\/darkamazi.info\\\/darka-content\\\/uploads\\\/2021\\\/02\\\/qereylan-2.jpg\",\"contentUrl\":\"https:\\\/\\\/darkamazi.info\\\/darka-content\\\/uploads\\\/2021\\\/02\\\/qereylan-2.jpg\",\"width\":900,\"height\":497,\"caption\":\"Sans\u00fbra \u00e7apemeniya PKK \u00ea li ser Murat Karayilan\"},{\"@type\":\"BreadcrumbList\",\"@id\":\"https:\\\/\\\/darkamazi.info\\\/archives\\\/1019704#breadcrumb\",\"itemListElement\":[{\"@type\":\"ListItem\",\"position\":1,\"name\":\"Home\",\"item\":\"https:\\\/\\\/darkamazi.info\\\/\"},{\"@type\":\"ListItem\",\"position\":2,\"name\":\"Sans\u00fbra \u00e7apemeniya PKK \u00ea li ser Murat Karayilan\"}]},{\"@type\":\"WebSite\",\"@id\":\"https:\\\/\\\/darkamazi.info\\\/#website\",\"url\":\"https:\\\/\\\/darkamazi.info\\\/\",\"name\":\"Darka Maz\u00ee\",\"description\":\"P\u00eageha Zanyariy\u00ean Nebih\u00eest\u00ee\",\"publisher\":{\"@id\":\"https:\\\/\\\/darkamazi.info\\\/#organization\"},\"potentialAction\":[{\"@type\":\"SearchAction\",\"target\":{\"@type\":\"EntryPoint\",\"urlTemplate\":\"https:\\\/\\\/darkamazi.info\\\/?s={search_term_string}\"},\"query-input\":{\"@type\":\"PropertyValueSpecification\",\"valueRequired\":true,\"valueName\":\"search_term_string\"}}],\"inLanguage\":\"en-US\"},{\"@type\":\"Organization\",\"@id\":\"https:\\\/\\\/darkamazi.info\\\/#organization\",\"name\":\"Darka Maz\u00ee\",\"url\":\"https:\\\/\\\/darkamazi.info\\\/\",\"logo\":{\"@type\":\"ImageObject\",\"inLanguage\":\"en-US\",\"@id\":\"https:\\\/\\\/darkamazi.info\\\/#\\\/schema\\\/logo\\\/image\\\/\",\"url\":\"https:\\\/\\\/darkamazi.info\\\/darka-content\\\/uploads\\\/2017\\\/12\\\/darka-mazi-logo.png\",\"contentUrl\":\"https:\\\/\\\/darkamazi.info\\\/darka-content\\\/uploads\\\/2017\\\/12\\\/darka-mazi-logo.png\",\"width\":151,\"height\":75,\"caption\":\"Darka Maz\u00ee\"},\"image\":{\"@id\":\"https:\\\/\\\/darkamazi.info\\\/#\\\/schema\\\/logo\\\/image\\\/\"},\"sameAs\":[\"https:\\\/\\\/www.facebook.com\\\/DarMaziKurmanci\",\"https:\\\/\\\/x.com\\\/DarkaMaziLatini\",\"https:\\\/\\\/www.instagram.com\\\/darkamazi.kurmanci\\\/\",\"https:\\\/\\\/www.youtube.com\\\/channel\\\/UCa5HkTdmI8U1qCUFuTw8B2g\"]},{\"@type\":\"Person\",\"@id\":\"https:\\\/\\\/darkamazi.info\\\/#\\\/schema\\\/person\\\/5ad3e24553a0567993fa8ed4bd0a776c\",\"name\":\"darka mazi\",\"sameAs\":[\"https:\\\/\\\/darkamazi.info\\\/\"],\"url\":\"https:\\\/\\\/darkamazi.info\\\/archives\\\/author\\\/kurdi\"}]}<\/script>\n<!-- \/ Yoast SEO plugin. -->","seo_head_json":{"title":"Sans\u00fbra \u00e7apemeniya PKK \u00ea li ser Murat Karayilan - Darka Maz\u00ee","robots":{"index":"index","follow":"follow","max-snippet":"max-snippet:-1","max-image-preview":"max-image-preview:large","max-video-preview":"max-video-preview:-1"},"canonical":"https:\/\/darkamazi.info\/archives\/1019704","og_locale":"en_US","og_type":"article","og_title":"Sans\u00fbra \u00e7apemeniya PKK \u00ea li ser Murat Karayilan - Darka Maz\u00ee","og_description":"Murat Karayilan duh be\u015fdar\u00ee bernama taybet ya St\u00eark TV b\u00fb. Li ser Operasyona Gare axiv\u00ee \u00fb b\u00fbyer\u00ean qewim\u00ee nirxandin. \u00c7apemeniya PKK \u00ea hin be\u015f\u00ean axaftina Karayilan qutkirin. Rojnameya \u00d6zg\u00fcr Politika ya PKK \u00ea ku li Ewropa derdikeve \u00fb ANF \u00ea daxuyaniy\u00ean Karayilan wek\u00ee &#8220;p\u00ea\u015fmerge be\u015fdar\u00ee operasyon\u00ea neb\u00fb, y\u00ean ku van gotina dikin ew dixwazin provakasyonek [&hellip;]","og_url":"https:\/\/darkamazi.info\/archives\/1019704","og_site_name":"Darka Maz\u00ee","article_publisher":"https:\/\/www.facebook.com\/DarMaziKurmanci","article_published_time":"2021-02-24T18:55:37+00:00","article_modified_time":"2021-04-08T11:45:27+00:00","og_image":[{"width":900,"height":497,"url":"https:\/\/darkamazi.info\/file\/2021\/02\/qereylan-2.jpg","type":"image\/jpeg"}],"author":"darka mazi","twitter_card":"summary_large_image","twitter_creator":"@DarkaMaziLatini","twitter_site":"@DarkaMaziLatini","twitter_misc":{"Written by":"darka mazi","Est. reading time":"2 minutes"},"schema":{"@context":"https:\/\/schema.org","@graph":[{"@type":"Article","@id":"https:\/\/darkamazi.info\/archives\/1019704#article","isPartOf":{"@id":"https:\/\/darkamazi.info\/archives\/1019704"},"author":{"name":"darka mazi","@id":"https:\/\/darkamazi.info\/#\/schema\/person\/5ad3e24553a0567993fa8ed4bd0a776c"},"headline":"Sans\u00fbra \u00e7apemeniya PKK \u00ea li ser Murat Karayilan","datePublished":"2021-02-24T18:55:37+00:00","dateModified":"2021-04-08T11:45:27+00:00","mainEntityOfPage":{"@id":"https:\/\/darkamazi.info\/archives\/1019704"},"wordCount":477,"publisher":{"@id":"https:\/\/darkamazi.info\/#organization"},"image":{"@id":"https:\/\/darkamazi.info\/archives\/1019704#primaryimage"},"thumbnailUrl":"https:\/\/darkamazi.info\/file\/2021\/02\/qereylan-2.jpg","keywords":["Karayilan"],"articleSection":["Kurdistan"],"inLanguage":"en-US"},{"@type":"WebPage","@id":"https:\/\/darkamazi.info\/archives\/1019704","url":"https:\/\/darkamazi.info\/archives\/1019704","name":"Sans\u00fbra \u00e7apemeniya PKK \u00ea li ser Murat Karayilan - Darka Maz\u00ee","isPartOf":{"@id":"https:\/\/darkamazi.info\/#website"},"primaryImageOfPage":{"@id":"https:\/\/darkamazi.info\/archives\/1019704#primaryimage"},"image":{"@id":"https:\/\/darkamazi.info\/archives\/1019704#primaryimage"},"thumbnailUrl":"https:\/\/darkamazi.info\/file\/2021\/02\/qereylan-2.jpg","datePublished":"2021-02-24T18:55:37+00:00","dateModified":"2021-04-08T11:45:27+00:00","breadcrumb":{"@id":"https:\/\/darkamazi.info\/archives\/1019704#breadcrumb"},"inLanguage":"en-US","potentialAction":[{"@type":"ReadAction","target":["https:\/\/darkamazi.info\/archives\/1019704"]}]},{"@type":"ImageObject","inLanguage":"en-US","@id":"https:\/\/darkamazi.info\/archives\/1019704#primaryimage","url":"https:\/\/darkamazi.info\/file\/2021\/02\/qereylan-2.jpg","contentUrl":"https:\/\/darkamazi.info\/file\/2021\/02\/qereylan-2.jpg","width":900,"height":497,"caption":"Sans\u00fbra \u00e7apemeniya PKK \u00ea li ser Murat Karayilan"},{"@type":"BreadcrumbList","@id":"https:\/\/darkamazi.info\/archives\/1019704#breadcrumb","itemListElement":[{"@type":"ListItem","position":1,"name":"Home","item":"https:\/\/darkamazi.info\/"},{"@type":"ListItem","position":2,"name":"Sans\u00fbra \u00e7apemeniya PKK \u00ea li ser Murat Karayilan"}]},{"@type":"WebSite","@id":"https:\/\/darkamazi.info\/#website","url":"https:\/\/darkamazi.info\/","name":"Darka Maz\u00ee","description":"P\u00eageha Zanyariy\u00ean Nebih\u00eest\u00ee","publisher":{"@id":"https:\/\/darkamazi.info\/#organization"},"potentialAction":[{"@type":"SearchAction","target":{"@type":"EntryPoint","urlTemplate":"https:\/\/darkamazi.info\/?s={search_term_string}"},"query-input":{"@type":"PropertyValueSpecification","valueRequired":true,"valueName":"search_term_string"}}],"inLanguage":"en-US"},{"@type":"Organization","@id":"https:\/\/darkamazi.info\/#organization","name":"Darka Maz\u00ee","url":"https:\/\/darkamazi.info\/","logo":{"@type":"ImageObject","inLanguage":"en-US","@id":"https:\/\/darkamazi.info\/#\/schema\/logo\/image\/","url":"https:\/\/darkamazi.info\/file\/2017\/12\/darka-mazi-logo.png","contentUrl":"https:\/\/darkamazi.info\/file\/2017\/12\/darka-mazi-logo.png","width":151,"height":75,"caption":"Darka Maz\u00ee"},"image":{"@id":"https:\/\/darkamazi.info\/#\/schema\/logo\/image\/"},"sameAs":["https:\/\/www.facebook.com\/DarMaziKurmanci","https:\/\/x.com\/DarkaMaziLatini","https:\/\/www.instagram.com\/darkamazi.kurmanci\/","https:\/\/www.youtube.com\/channel\/UCa5HkTdmI8U1qCUFuTw8B2g"]},{"@type":"Person","@id":"https:\/\/darkamazi.info\/#\/schema\/person\/5ad3e24553a0567993fa8ed4bd0a776c","name":"darka mazi","sameAs":["https:\/\/darkamazi.info\/"],"url":"https:\/\/darkamazi.info\/archives\/author\/kurdi"}]}},"_links":{"self":[{"href":"https:\/\/darkamazi.info\/funavuv\/wp\/v2\/posts\/1019704","targetHints":{"allow":["GET"]}}],"collection":[{"href":"https:\/\/darkamazi.info\/funavuv\/wp\/v2\/posts"}],"about":[{"href":"https:\/\/darkamazi.info\/funavuv\/wp\/v2\/types\/post"}],"author":[{"embeddable":true,"href":"https:\/\/darkamazi.info\/funavuv\/wp\/v2\/users\/2"}],"replies":[{"embeddable":true,"href":"https:\/\/darkamazi.info\/funavuv\/wp\/v2\/comments?post=1019704"}],"version-history":[{"count":0,"href":"https:\/\/darkamazi.info\/funavuv\/wp\/v2\/posts\/1019704\/revisions"}],"wp:featuredmedia":[{"embeddable":true,"href":"https:\/\/darkamazi.info\/funavuv\/wp\/v2\/media\/1019705"}],"wp:attachment":[{"href":"https:\/\/darkamazi.info\/funavuv\/wp\/v2\/media?parent=1019704"}],"wp:term":[{"taxonomy":"category","embeddable":true,"href":"https:\/\/darkamazi.info\/funavuv\/wp\/v2\/categories?post=1019704"},{"taxonomy":"post_tag","embeddable":true,"href":"https:\/\/darkamazi.info\/funavuv\/wp\/v2\/tags?post=1019704"}],"curies":[{"name":"wp","href":"https:\/\/api.w.org\/{rel}","templated":true}]}}