{"id":1019781,"date":"2021-02-28T18:03:18","date_gmt":"2021-02-28T15:03:18","guid":{"rendered":"https:\/\/darkamazi.info\/?p=1019781"},"modified":"2021-02-28T18:03:18","modified_gmt":"2021-02-28T15:03:18","slug":"iraqe-berisvek-tuj-da-irane-u-tirkiye","status":"publish","type":"post","link":"https:\/\/darkamazi.info\/archives\/1019781","title":{"rendered":"\u00ceraq\u00ea berisvek t\u00fbj da  \u00ceran\u00ea \u00fb Tirkiy\u00ea"},"content":{"rendered":"<h3 style=\"text-align: justify\"><span style=\"font-family: 'arial black', sans-serif\">Li dor genge\u015feya di navbera sef\u00eer\u00ean Enqer\u00ea \u00fb Tehran\u00ea da li ser serweriya netewey\u00ee ya \u00ceraq\u00ea, serok\u00ea parlamentoya \u00ceraq\u00ea, Mihemed el-Helb\u00fbs\u00ee, ji wan re got ku di ti\u015ftek\u00ee de ku h\u00fbn p\u00ea eleqedar nabin destwerdan\u00ea nekin \u00fb r\u00eaz li serweriya \u00ceraq\u00ea re bigrin.<\/span><\/h3>\n<h3 style=\"text-align: justify\">P\u00ea\u015ftir, pi\u015ft\u00ee tawanbarkirina Tirkiya bi &#8220;Binp\u00eakirina yekpar\u00e7e\u00eeya axa \u00ceraq\u00ea&#8221; ji aliy\u00ea balyoz\u00ea \u00ceran\u00ea li Bexday\u00ea, \u00cerec Mescid\u00ee, sef\u00eer\u00ea tirkiya li \u00ceraq\u00ea Fateh Yeldiz got, &#8220;Sef\u00eer\u00ea \u00ceran\u00ea kes\u00ea her\u00ee daw\u00ee ye ku dikare Tirkiy\u00ea f\u00ear bike ku r\u00eaz\u00ea li s\u00eenor\u00ean \u00ceraq\u00ea bigre.&#8221;<\/h3>\n<h3 style=\"text-align: justify\">\u00cerec Mescid\u00ee roja \u015fem\u00ee, 27\u00ea Sibata 2021, ji R\u00fbdaw TV re got: &#8220;\u00ceran heb\u00fbna ti h\u00eaz\u00ean biyan\u00ee li \u00ceraq\u00ea \u00fb destwerdana le\u015fker\u00ee qeb\u00fbl nake, \u00fb div\u00ea h\u00eaz\u00ean tirk\u00ee ji \u00ceraq\u00ea vek\u015fin \u00fb gef\u00ea li ser xaka \u00ceraq\u00ea nekin.&#8221;<\/h3>\n<h3 style=\"text-align: justify\">Balyoz\u00ea Tirkiy\u00ea y\u00ea li \u00ceraq\u00ea Fateh Yeldiz pi\u015ft\u00ee daxuyaniya \u00cerec Mescid\u00ee li ser hesaba xwe ya twitter\u00ea niv\u00eesand: &#8220;li gor ner\u00eena min balyoz\u00ea \u00ceran\u00ea kes\u00ea her\u00ee dawiye ku dikare Tirkiyey\u00ea f\u00ear bike ku r\u00eaz\u00ea li s\u00eenor\u00ean \u00ceraq\u00ea bigre.&#8221;<\/h3>\n<h3 style=\"text-align: justify\">Li hember\u00ee b\u00fbyer\u00ea serok\u00ea parlementoya \u00ceraq\u00ea Mihemed El-Helb\u00fbs\u00ee bertek n\u00ee\u015fan da \u00fb di hesaba xwe ya twitter\u00ea de daxwaz ji her du sef\u00eeran kir ku kar\u00ea xwe bikin \u00fb mayt\u00eakirin\u00ea di w\u00ee kar\u00ee de nekin y\u00ea ku kar\u00ea wan nebe, Helb\u00fbs\u00ee niv\u00eesand: &#8220;Erk\u00ea n\u00fbner\u00ean \u015fand\u00ean diplomat\u00eek li \u00ceraq\u00ea ye ku n\u00fbnertiya welat\u00ea xwe bikin \u00fb hevkariya her du welatan xurt bikin . Div\u00ea hin ji van d\u00eeplomatan bi erk\u00ean xwe ba\u015f zanibin \u00fb destwerdan\u00ea nekin di mijar\u00ean ku t\u00eakilya wan bi wan re tune ye, \u00fb r\u00eaz\u00ea li serweriya \u00ceraq\u00ea bigrin.&#8221;<\/h3>\n","protected":false},"excerpt":{"rendered":"<p>Li dor genge\u015feya di navbera sef\u00eer\u00ean Enqer\u00ea \u00fb Tehran\u00ea da li ser serweriya netewey\u00ee ya \u00ceraq\u00ea, serok\u00ea parlamentoya \u00ceraq\u00ea, Mihemed el-Helb\u00fbs\u00ee, ji wan re got ku di ti\u015ftek\u00ee de ku h\u00fbn p\u00ea eleqedar nabin destwerdan\u00ea nekin \u00fb r\u00eaz li serweriya \u00ceraq\u00ea re bigrin. P\u00ea\u015ftir, pi\u015ft\u00ee tawanbarkirina Tirkiya bi &#8220;Binp\u00eakirina yekpar\u00e7e\u00eeya axa \u00ceraq\u00ea&#8221; ji aliy\u00ea balyoz\u00ea [&hellip;]<\/p>\n","protected":false},"author":2,"featured_media":1019782,"comment_status":"closed","ping_status":"closed","sticky":false,"template":"","format":"standard","meta":{"footnotes":""},"categories":[31],"tags":[37],"class_list":["post-1019781","post","type-post","status-publish","format-standard","has-post-thumbnail","hentry","category-rojhelata-navin","tag-sereke"],"blocksy_meta":[],"seo_head":"<!-- This site is optimized with the Yoast SEO plugin v27.5 - https:\/\/yoast.com\/product\/yoast-seo-wordpress\/ -->\n<title>\u00ceraq\u00ea berisvek t\u00fbj da \u00ceran\u00ea \u00fb Tirkiy\u00ea - Darka Maz\u00ee<\/title>\n<meta name=\"robots\" content=\"index, follow, max-snippet:-1, max-image-preview:large, max-video-preview:-1\" \/>\n<link rel=\"canonical\" href=\"https:\/\/darkamazi.info\/archives\/1019781\" \/>\n<meta property=\"og:locale\" content=\"en_US\" \/>\n<meta property=\"og:type\" content=\"article\" \/>\n<meta property=\"og:title\" content=\"\u00ceraq\u00ea berisvek t\u00fbj da \u00ceran\u00ea \u00fb Tirkiy\u00ea - Darka Maz\u00ee\" \/>\n<meta property=\"og:description\" content=\"Li dor genge\u015feya di navbera sef\u00eer\u00ean Enqer\u00ea \u00fb Tehran\u00ea da li ser serweriya netewey\u00ee ya \u00ceraq\u00ea, serok\u00ea parlamentoya \u00ceraq\u00ea, Mihemed el-Helb\u00fbs\u00ee, ji wan re got ku di ti\u015ftek\u00ee de ku h\u00fbn p\u00ea eleqedar nabin destwerdan\u00ea nekin \u00fb r\u00eaz li serweriya \u00ceraq\u00ea re bigrin. P\u00ea\u015ftir, pi\u015ft\u00ee tawanbarkirina Tirkiya bi &#8220;Binp\u00eakirina yekpar\u00e7e\u00eeya axa \u00ceraq\u00ea&#8221; ji aliy\u00ea balyoz\u00ea [&hellip;]\" \/>\n<meta property=\"og:url\" content=\"https:\/\/darkamazi.info\/archives\/1019781\" \/>\n<meta property=\"og:site_name\" content=\"Darka Maz\u00ee\" \/>\n<meta property=\"article:publisher\" content=\"https:\/\/www.facebook.com\/DarMaziKurmanci\" \/>\n<meta property=\"article:published_time\" content=\"2021-02-28T15:03:18+00:00\" \/>\n<meta property=\"og:image\" content=\"https:\/\/darkamazi.info\/file\/2021\/02\/iran-iraq.jpg\" \/>\n\t<meta property=\"og:image:width\" content=\"900\" \/>\n\t<meta property=\"og:image:height\" content=\"497\" \/>\n\t<meta property=\"og:image:type\" content=\"image\/jpeg\" \/>\n<meta name=\"author\" content=\"darka mazi\" \/>\n<meta name=\"twitter:card\" content=\"summary_large_image\" \/>\n<meta name=\"twitter:creator\" content=\"@DarkaMaziLatini\" \/>\n<meta name=\"twitter:site\" content=\"@DarkaMaziLatini\" \/>\n<meta name=\"twitter:label1\" content=\"Written by\" \/>\n\t<meta name=\"twitter:data1\" content=\"darka mazi\" \/>\n\t<meta name=\"twitter:label2\" content=\"Est. reading time\" \/>\n\t<meta name=\"twitter:data2\" content=\"2 minutes\" \/>\n<script type=\"application\/ld+json\" class=\"seo-schema-graph\">{\"@context\":\"https:\\\/\\\/schema.org\",\"@graph\":[{\"@type\":\"Article\",\"@id\":\"https:\\\/\\\/darkamazi.info\\\/archives\\\/1019781#article\",\"isPartOf\":{\"@id\":\"https:\\\/\\\/darkamazi.info\\\/archives\\\/1019781\"},\"author\":{\"name\":\"darka mazi\",\"@id\":\"https:\\\/\\\/darkamazi.info\\\/#\\\/schema\\\/person\\\/5ad3e24553a0567993fa8ed4bd0a776c\"},\"headline\":\"\u00ceraq\u00ea berisvek t\u00fbj da \u00ceran\u00ea \u00fb Tirkiy\u00ea\",\"datePublished\":\"2021-02-28T15:03:18+00:00\",\"mainEntityOfPage\":{\"@id\":\"https:\\\/\\\/darkamazi.info\\\/archives\\\/1019781\"},\"wordCount\":296,\"publisher\":{\"@id\":\"https:\\\/\\\/darkamazi.info\\\/#organization\"},\"image\":{\"@id\":\"https:\\\/\\\/darkamazi.info\\\/archives\\\/1019781#primaryimage\"},\"thumbnailUrl\":\"https:\\\/\\\/darkamazi.info\\\/darka-content\\\/uploads\\\/2021\\\/02\\\/iran-iraq.jpg\",\"keywords\":[\"sereke\"],\"articleSection\":[\"Rojhelata nav\u00een\"],\"inLanguage\":\"en-US\"},{\"@type\":\"WebPage\",\"@id\":\"https:\\\/\\\/darkamazi.info\\\/archives\\\/1019781\",\"url\":\"https:\\\/\\\/darkamazi.info\\\/archives\\\/1019781\",\"name\":\"\u00ceraq\u00ea berisvek t\u00fbj da \u00ceran\u00ea \u00fb Tirkiy\u00ea - Darka Maz\u00ee\",\"isPartOf\":{\"@id\":\"https:\\\/\\\/darkamazi.info\\\/#website\"},\"primaryImageOfPage\":{\"@id\":\"https:\\\/\\\/darkamazi.info\\\/archives\\\/1019781#primaryimage\"},\"image\":{\"@id\":\"https:\\\/\\\/darkamazi.info\\\/archives\\\/1019781#primaryimage\"},\"thumbnailUrl\":\"https:\\\/\\\/darkamazi.info\\\/darka-content\\\/uploads\\\/2021\\\/02\\\/iran-iraq.jpg\",\"datePublished\":\"2021-02-28T15:03:18+00:00\",\"breadcrumb\":{\"@id\":\"https:\\\/\\\/darkamazi.info\\\/archives\\\/1019781#breadcrumb\"},\"inLanguage\":\"en-US\",\"potentialAction\":[{\"@type\":\"ReadAction\",\"target\":[\"https:\\\/\\\/darkamazi.info\\\/archives\\\/1019781\"]}]},{\"@type\":\"ImageObject\",\"inLanguage\":\"en-US\",\"@id\":\"https:\\\/\\\/darkamazi.info\\\/archives\\\/1019781#primaryimage\",\"url\":\"https:\\\/\\\/darkamazi.info\\\/darka-content\\\/uploads\\\/2021\\\/02\\\/iran-iraq.jpg\",\"contentUrl\":\"https:\\\/\\\/darkamazi.info\\\/darka-content\\\/uploads\\\/2021\\\/02\\\/iran-iraq.jpg\",\"width\":900,\"height\":497,\"caption\":\"\u00ceraq\u00ea berisvek t\u00fbj da \u00ceran\u00ea \u00fb Tirkiy\u00ea\"},{\"@type\":\"BreadcrumbList\",\"@id\":\"https:\\\/\\\/darkamazi.info\\\/archives\\\/1019781#breadcrumb\",\"itemListElement\":[{\"@type\":\"ListItem\",\"position\":1,\"name\":\"Home\",\"item\":\"https:\\\/\\\/darkamazi.info\\\/\"},{\"@type\":\"ListItem\",\"position\":2,\"name\":\"\u00ceraq\u00ea berisvek t\u00fbj da \u00ceran\u00ea \u00fb Tirkiy\u00ea\"}]},{\"@type\":\"WebSite\",\"@id\":\"https:\\\/\\\/darkamazi.info\\\/#website\",\"url\":\"https:\\\/\\\/darkamazi.info\\\/\",\"name\":\"Darka Maz\u00ee\",\"description\":\"P\u00eageha Zanyariy\u00ean Nebih\u00eest\u00ee\",\"publisher\":{\"@id\":\"https:\\\/\\\/darkamazi.info\\\/#organization\"},\"potentialAction\":[{\"@type\":\"SearchAction\",\"target\":{\"@type\":\"EntryPoint\",\"urlTemplate\":\"https:\\\/\\\/darkamazi.info\\\/?s={search_term_string}\"},\"query-input\":{\"@type\":\"PropertyValueSpecification\",\"valueRequired\":true,\"valueName\":\"search_term_string\"}}],\"inLanguage\":\"en-US\"},{\"@type\":\"Organization\",\"@id\":\"https:\\\/\\\/darkamazi.info\\\/#organization\",\"name\":\"Darka Maz\u00ee\",\"url\":\"https:\\\/\\\/darkamazi.info\\\/\",\"logo\":{\"@type\":\"ImageObject\",\"inLanguage\":\"en-US\",\"@id\":\"https:\\\/\\\/darkamazi.info\\\/#\\\/schema\\\/logo\\\/image\\\/\",\"url\":\"https:\\\/\\\/darkamazi.info\\\/darka-content\\\/uploads\\\/2017\\\/12\\\/darka-mazi-logo.png\",\"contentUrl\":\"https:\\\/\\\/darkamazi.info\\\/darka-content\\\/uploads\\\/2017\\\/12\\\/darka-mazi-logo.png\",\"width\":151,\"height\":75,\"caption\":\"Darka Maz\u00ee\"},\"image\":{\"@id\":\"https:\\\/\\\/darkamazi.info\\\/#\\\/schema\\\/logo\\\/image\\\/\"},\"sameAs\":[\"https:\\\/\\\/www.facebook.com\\\/DarMaziKurmanci\",\"https:\\\/\\\/x.com\\\/DarkaMaziLatini\",\"https:\\\/\\\/www.instagram.com\\\/darkamazi.kurmanci\\\/\",\"https:\\\/\\\/www.youtube.com\\\/channel\\\/UCa5HkTdmI8U1qCUFuTw8B2g\"]},{\"@type\":\"Person\",\"@id\":\"https:\\\/\\\/darkamazi.info\\\/#\\\/schema\\\/person\\\/5ad3e24553a0567993fa8ed4bd0a776c\",\"name\":\"darka mazi\",\"sameAs\":[\"https:\\\/\\\/darkamazi.info\\\/\"],\"url\":\"https:\\\/\\\/darkamazi.info\\\/archives\\\/author\\\/kurdi\"}]}<\/script>\n<!-- \/ Yoast SEO plugin. -->","seo_head_json":{"title":"\u00ceraq\u00ea berisvek t\u00fbj da \u00ceran\u00ea \u00fb Tirkiy\u00ea - Darka Maz\u00ee","robots":{"index":"index","follow":"follow","max-snippet":"max-snippet:-1","max-image-preview":"max-image-preview:large","max-video-preview":"max-video-preview:-1"},"canonical":"https:\/\/darkamazi.info\/archives\/1019781","og_locale":"en_US","og_type":"article","og_title":"\u00ceraq\u00ea berisvek t\u00fbj da \u00ceran\u00ea \u00fb Tirkiy\u00ea - Darka Maz\u00ee","og_description":"Li dor genge\u015feya di navbera sef\u00eer\u00ean Enqer\u00ea \u00fb Tehran\u00ea da li ser serweriya netewey\u00ee ya \u00ceraq\u00ea, serok\u00ea parlamentoya \u00ceraq\u00ea, Mihemed el-Helb\u00fbs\u00ee, ji wan re got ku di ti\u015ftek\u00ee de ku h\u00fbn p\u00ea eleqedar nabin destwerdan\u00ea nekin \u00fb r\u00eaz li serweriya \u00ceraq\u00ea re bigrin. P\u00ea\u015ftir, pi\u015ft\u00ee tawanbarkirina Tirkiya bi &#8220;Binp\u00eakirina yekpar\u00e7e\u00eeya axa \u00ceraq\u00ea&#8221; ji aliy\u00ea balyoz\u00ea [&hellip;]","og_url":"https:\/\/darkamazi.info\/archives\/1019781","og_site_name":"Darka Maz\u00ee","article_publisher":"https:\/\/www.facebook.com\/DarMaziKurmanci","article_published_time":"2021-02-28T15:03:18+00:00","og_image":[{"width":900,"height":497,"url":"https:\/\/darkamazi.info\/file\/2021\/02\/iran-iraq.jpg","type":"image\/jpeg"}],"author":"darka mazi","twitter_card":"summary_large_image","twitter_creator":"@DarkaMaziLatini","twitter_site":"@DarkaMaziLatini","twitter_misc":{"Written by":"darka mazi","Est. reading time":"2 minutes"},"schema":{"@context":"https:\/\/schema.org","@graph":[{"@type":"Article","@id":"https:\/\/darkamazi.info\/archives\/1019781#article","isPartOf":{"@id":"https:\/\/darkamazi.info\/archives\/1019781"},"author":{"name":"darka mazi","@id":"https:\/\/darkamazi.info\/#\/schema\/person\/5ad3e24553a0567993fa8ed4bd0a776c"},"headline":"\u00ceraq\u00ea berisvek t\u00fbj da \u00ceran\u00ea \u00fb Tirkiy\u00ea","datePublished":"2021-02-28T15:03:18+00:00","mainEntityOfPage":{"@id":"https:\/\/darkamazi.info\/archives\/1019781"},"wordCount":296,"publisher":{"@id":"https:\/\/darkamazi.info\/#organization"},"image":{"@id":"https:\/\/darkamazi.info\/archives\/1019781#primaryimage"},"thumbnailUrl":"https:\/\/darkamazi.info\/file\/2021\/02\/iran-iraq.jpg","keywords":["sereke"],"articleSection":["Rojhelata nav\u00een"],"inLanguage":"en-US"},{"@type":"WebPage","@id":"https:\/\/darkamazi.info\/archives\/1019781","url":"https:\/\/darkamazi.info\/archives\/1019781","name":"\u00ceraq\u00ea berisvek t\u00fbj da \u00ceran\u00ea \u00fb Tirkiy\u00ea - Darka Maz\u00ee","isPartOf":{"@id":"https:\/\/darkamazi.info\/#website"},"primaryImageOfPage":{"@id":"https:\/\/darkamazi.info\/archives\/1019781#primaryimage"},"image":{"@id":"https:\/\/darkamazi.info\/archives\/1019781#primaryimage"},"thumbnailUrl":"https:\/\/darkamazi.info\/file\/2021\/02\/iran-iraq.jpg","datePublished":"2021-02-28T15:03:18+00:00","breadcrumb":{"@id":"https:\/\/darkamazi.info\/archives\/1019781#breadcrumb"},"inLanguage":"en-US","potentialAction":[{"@type":"ReadAction","target":["https:\/\/darkamazi.info\/archives\/1019781"]}]},{"@type":"ImageObject","inLanguage":"en-US","@id":"https:\/\/darkamazi.info\/archives\/1019781#primaryimage","url":"https:\/\/darkamazi.info\/file\/2021\/02\/iran-iraq.jpg","contentUrl":"https:\/\/darkamazi.info\/file\/2021\/02\/iran-iraq.jpg","width":900,"height":497,"caption":"\u00ceraq\u00ea berisvek t\u00fbj da \u00ceran\u00ea \u00fb Tirkiy\u00ea"},{"@type":"BreadcrumbList","@id":"https:\/\/darkamazi.info\/archives\/1019781#breadcrumb","itemListElement":[{"@type":"ListItem","position":1,"name":"Home","item":"https:\/\/darkamazi.info\/"},{"@type":"ListItem","position":2,"name":"\u00ceraq\u00ea berisvek t\u00fbj da \u00ceran\u00ea \u00fb Tirkiy\u00ea"}]},{"@type":"WebSite","@id":"https:\/\/darkamazi.info\/#website","url":"https:\/\/darkamazi.info\/","name":"Darka Maz\u00ee","description":"P\u00eageha Zanyariy\u00ean Nebih\u00eest\u00ee","publisher":{"@id":"https:\/\/darkamazi.info\/#organization"},"potentialAction":[{"@type":"SearchAction","target":{"@type":"EntryPoint","urlTemplate":"https:\/\/darkamazi.info\/?s={search_term_string}"},"query-input":{"@type":"PropertyValueSpecification","valueRequired":true,"valueName":"search_term_string"}}],"inLanguage":"en-US"},{"@type":"Organization","@id":"https:\/\/darkamazi.info\/#organization","name":"Darka Maz\u00ee","url":"https:\/\/darkamazi.info\/","logo":{"@type":"ImageObject","inLanguage":"en-US","@id":"https:\/\/darkamazi.info\/#\/schema\/logo\/image\/","url":"https:\/\/darkamazi.info\/file\/2017\/12\/darka-mazi-logo.png","contentUrl":"https:\/\/darkamazi.info\/file\/2017\/12\/darka-mazi-logo.png","width":151,"height":75,"caption":"Darka Maz\u00ee"},"image":{"@id":"https:\/\/darkamazi.info\/#\/schema\/logo\/image\/"},"sameAs":["https:\/\/www.facebook.com\/DarMaziKurmanci","https:\/\/x.com\/DarkaMaziLatini","https:\/\/www.instagram.com\/darkamazi.kurmanci\/","https:\/\/www.youtube.com\/channel\/UCa5HkTdmI8U1qCUFuTw8B2g"]},{"@type":"Person","@id":"https:\/\/darkamazi.info\/#\/schema\/person\/5ad3e24553a0567993fa8ed4bd0a776c","name":"darka mazi","sameAs":["https:\/\/darkamazi.info\/"],"url":"https:\/\/darkamazi.info\/archives\/author\/kurdi"}]}},"_links":{"self":[{"href":"https:\/\/darkamazi.info\/funavuv\/wp\/v2\/posts\/1019781","targetHints":{"allow":["GET"]}}],"collection":[{"href":"https:\/\/darkamazi.info\/funavuv\/wp\/v2\/posts"}],"about":[{"href":"https:\/\/darkamazi.info\/funavuv\/wp\/v2\/types\/post"}],"author":[{"embeddable":true,"href":"https:\/\/darkamazi.info\/funavuv\/wp\/v2\/users\/2"}],"replies":[{"embeddable":true,"href":"https:\/\/darkamazi.info\/funavuv\/wp\/v2\/comments?post=1019781"}],"version-history":[{"count":0,"href":"https:\/\/darkamazi.info\/funavuv\/wp\/v2\/posts\/1019781\/revisions"}],"wp:featuredmedia":[{"embeddable":true,"href":"https:\/\/darkamazi.info\/funavuv\/wp\/v2\/media\/1019782"}],"wp:attachment":[{"href":"https:\/\/darkamazi.info\/funavuv\/wp\/v2\/media?parent=1019781"}],"wp:term":[{"taxonomy":"category","embeddable":true,"href":"https:\/\/darkamazi.info\/funavuv\/wp\/v2\/categories?post=1019781"},{"taxonomy":"post_tag","embeddable":true,"href":"https:\/\/darkamazi.info\/funavuv\/wp\/v2\/tags?post=1019781"}],"curies":[{"name":"wp","href":"https:\/\/api.w.org\/{rel}","templated":true}]}}