{"id":1019838,"date":"2021-03-02T18:31:49","date_gmt":"2021-03-02T15:31:49","guid":{"rendered":"https:\/\/darkamazi.info\/?p=1019838"},"modified":"2021-03-02T18:31:49","modified_gmt":"2021-03-02T15:31:49","slug":"bi-fermana-sebri-ok-dayika-ciger-soti-hat-revandin","status":"publish","type":"post","link":"https:\/\/darkamazi.info\/archives\/1019838","title":{"rendered":"Bi fermana Sebr\u00ee Ok day\u00eeka c\u00eeger sot\u00ee hat revandin"},"content":{"rendered":"<h3 style=\"text-align: justify\"><span style=\"font-family: 'arial black', sans-serif\">Ew day\u00eeka c\u00eeger sot\u00ee ya ku duh bang li HSD\u00ea \u00fb Mezl\u00fbm Ebd\u00ee kir\u00ee ku zarok\u00ean w\u00ea azad bikin, bi fermana Sebr\u00ee Ok berpirs\u00ea \u00eestixbarata r\u00eaxistina PKK\u00ea hat revandin.<\/span><\/h3>\n<h3 style=\"text-align: justify\">Li gor agahiy\u00ean dest\u00ea me de, duh roja du\u015fem\u00ee 1\/3\/2021an, jina bi nav\u00ea Heyfa Ho\u015fo a 55 sal\u00ee li sosyal medyay\u00ea peyamek v\u00eedyoy\u00ee parve kir \u00fb t\u00eade daxwaz ji Mezl\u00fbm Ebd\u00ee \u00fb HSD\u00ea kir ku zarok\u00ean w\u00ea y\u00ean 3 \u00fb 4 \u00fb 6 sal\u00ee, ku berya d\u00fb mehan p\u00ea\u015f bav\u00ea wan ve \u00ea bi nav\u00ea N\u00eedal \u00cebo ve desteser kirb\u00fbn azad bikin.<\/h3>\n<h3 style=\"text-align: justify\">Pa\u015f ku ev peyama v\u00eedyoy\u00ee bi awayek\u00ee berfireh li tor\u00ean civak\u00ee hat\u00eeye parve kirin \u00fb neraz\u00eeb\u00fbn \u00fb r\u00eeswakirina gel li dij\u00ee HSD\u00ea li pey xwe an\u00ee, \u00eero h\u00eaz\u00ean S\u00fbriyaya Demokrat\u00eek bi fermana raste rast ya PYD\u00ea \u00fb Sebr\u00ee ok berpirs\u00ea \u00eestixbarata PKK\u00ea Heyfa Ho\u015fo t\u00ea revandin.<\/h3>\n<h3 style=\"text-align: justify\">Heyfa di peyama xwe ya v\u00eedyoy\u00ee de, bang li Mezl\u00fbm Ebd\u00ee kir ku zarok\u00ean w\u00ea azad bike \u00fb j\u00eare gotb\u00fb: ma qey zarok\u00ean 3 sal\u00ee \u00e7i s\u00fb\u00e7a xwe heye ku h\u00fbn wan d\u00eel bigirin.<\/h3>\n<h3 style=\"text-align: justify\">H\u00eajay\u00ee gotin\u00ea ye, bav\u00ea wan zarokan ku bi N\u00eedal \u00cebo t\u00ea nas kirin \u00fb li enc\u00fbmena le\u015fkir\u00ee ya Minbic\u00ea ya gir\u00eaday\u00ee HSD\u00ea wez\u00eefedarb\u00fb, pa\u015f ku dest ji kar\u00ea xwe ki\u015fand\u00ee w\u00ee di we\u015faneke z\u00eend\u00ee de li sosyal medyay\u00ea bas li gendel\u00ee \u00fb diz\u00eey\u00ean berpirsyar\u00ean HSD\u00ea kir.<\/h3>\n<h3 style=\"text-align: justify\">Pi\u015ftre HSD\u00ea fermana desteser kirina w\u00ee derkir, l\u00ea ew ji Minbic\u00ea reviya \u00fb HSD\u00ea p\u00ea\u015f w\u00ee ve malbata w\u00ee desteser kir \u00fb gotine ku heya ku ew xwe radest neke ew wan zarokan azad nakin.<\/h3>\n","protected":false},"excerpt":{"rendered":"<p>Ew day\u00eeka c\u00eeger sot\u00ee ya ku duh bang li HSD\u00ea \u00fb Mezl\u00fbm Ebd\u00ee kir\u00ee ku zarok\u00ean w\u00ea azad bikin, bi fermana Sebr\u00ee Ok berpirs\u00ea \u00eestixbarata r\u00eaxistina PKK\u00ea hat revandin. Li gor agahiy\u00ean dest\u00ea me de, duh roja du\u015fem\u00ee 1\/3\/2021an, jina bi nav\u00ea Heyfa Ho\u015fo a 55 sal\u00ee li sosyal medyay\u00ea peyamek v\u00eedyoy\u00ee parve kir \u00fb [&hellip;]<\/p>\n","protected":false},"author":2,"featured_media":1019839,"comment_status":"closed","ping_status":"closed","sticky":false,"template":"","format":"standard","meta":{"footnotes":""},"categories":[29],"tags":[37],"class_list":["post-1019838","post","type-post","status-publish","format-standard","has-post-thumbnail","hentry","category-kurdistan","tag-sereke"],"blocksy_meta":[],"seo_head":"<!-- This site is optimized with the Yoast SEO plugin v27.5 - https:\/\/yoast.com\/product\/yoast-seo-wordpress\/ -->\n<title>Bi fermana Sebr\u00ee Ok day\u00eeka c\u00eeger sot\u00ee hat revandin - Darka Maz\u00ee<\/title>\n<meta name=\"robots\" content=\"index, follow, max-snippet:-1, max-image-preview:large, max-video-preview:-1\" \/>\n<link rel=\"canonical\" href=\"https:\/\/darkamazi.info\/archives\/1019838\" \/>\n<meta property=\"og:locale\" content=\"en_US\" \/>\n<meta property=\"og:type\" content=\"article\" \/>\n<meta property=\"og:title\" content=\"Bi fermana Sebr\u00ee Ok day\u00eeka c\u00eeger sot\u00ee hat revandin - Darka Maz\u00ee\" \/>\n<meta property=\"og:description\" content=\"Ew day\u00eeka c\u00eeger sot\u00ee ya ku duh bang li HSD\u00ea \u00fb Mezl\u00fbm Ebd\u00ee kir\u00ee ku zarok\u00ean w\u00ea azad bikin, bi fermana Sebr\u00ee Ok berpirs\u00ea \u00eestixbarata r\u00eaxistina PKK\u00ea hat revandin. Li gor agahiy\u00ean dest\u00ea me de, duh roja du\u015fem\u00ee 1\/3\/2021an, jina bi nav\u00ea Heyfa Ho\u015fo a 55 sal\u00ee li sosyal medyay\u00ea peyamek v\u00eedyoy\u00ee parve kir \u00fb [&hellip;]\" \/>\n<meta property=\"og:url\" content=\"https:\/\/darkamazi.info\/archives\/1019838\" \/>\n<meta property=\"og:site_name\" content=\"Darka Maz\u00ee\" \/>\n<meta property=\"article:publisher\" content=\"https:\/\/www.facebook.com\/DarMaziKurmanci\" \/>\n<meta property=\"article:published_time\" content=\"2021-03-02T15:31:49+00:00\" \/>\n<meta property=\"og:image\" content=\"https:\/\/darkamazi.info\/file\/2021\/03\/Logos.jpg\" \/>\n\t<meta property=\"og:image:width\" content=\"900\" \/>\n\t<meta property=\"og:image:height\" content=\"497\" \/>\n\t<meta property=\"og:image:type\" content=\"image\/jpeg\" \/>\n<meta name=\"author\" content=\"darka mazi\" \/>\n<meta name=\"twitter:card\" content=\"summary_large_image\" \/>\n<meta name=\"twitter:creator\" content=\"@DarkaMaziLatini\" \/>\n<meta name=\"twitter:site\" content=\"@DarkaMaziLatini\" \/>\n<meta name=\"twitter:label1\" content=\"Written by\" \/>\n\t<meta name=\"twitter:data1\" content=\"darka mazi\" \/>\n\t<meta name=\"twitter:label2\" content=\"Est. reading time\" \/>\n\t<meta name=\"twitter:data2\" content=\"2 minutes\" \/>\n<script type=\"application\/ld+json\" class=\"seo-schema-graph\">{\"@context\":\"https:\\\/\\\/schema.org\",\"@graph\":[{\"@type\":\"Article\",\"@id\":\"https:\\\/\\\/darkamazi.info\\\/archives\\\/1019838#article\",\"isPartOf\":{\"@id\":\"https:\\\/\\\/darkamazi.info\\\/archives\\\/1019838\"},\"author\":{\"name\":\"darka mazi\",\"@id\":\"https:\\\/\\\/darkamazi.info\\\/#\\\/schema\\\/person\\\/5ad3e24553a0567993fa8ed4bd0a776c\"},\"headline\":\"Bi fermana Sebr\u00ee Ok day\u00eeka c\u00eeger sot\u00ee hat revandin\",\"datePublished\":\"2021-03-02T15:31:49+00:00\",\"mainEntityOfPage\":{\"@id\":\"https:\\\/\\\/darkamazi.info\\\/archives\\\/1019838\"},\"wordCount\":291,\"publisher\":{\"@id\":\"https:\\\/\\\/darkamazi.info\\\/#organization\"},\"image\":{\"@id\":\"https:\\\/\\\/darkamazi.info\\\/archives\\\/1019838#primaryimage\"},\"thumbnailUrl\":\"https:\\\/\\\/darkamazi.info\\\/darka-content\\\/uploads\\\/2021\\\/03\\\/Logos.jpg\",\"keywords\":[\"sereke\"],\"articleSection\":[\"Kurdistan\"],\"inLanguage\":\"en-US\"},{\"@type\":\"WebPage\",\"@id\":\"https:\\\/\\\/darkamazi.info\\\/archives\\\/1019838\",\"url\":\"https:\\\/\\\/darkamazi.info\\\/archives\\\/1019838\",\"name\":\"Bi fermana Sebr\u00ee Ok day\u00eeka c\u00eeger sot\u00ee hat revandin - Darka Maz\u00ee\",\"isPartOf\":{\"@id\":\"https:\\\/\\\/darkamazi.info\\\/#website\"},\"primaryImageOfPage\":{\"@id\":\"https:\\\/\\\/darkamazi.info\\\/archives\\\/1019838#primaryimage\"},\"image\":{\"@id\":\"https:\\\/\\\/darkamazi.info\\\/archives\\\/1019838#primaryimage\"},\"thumbnailUrl\":\"https:\\\/\\\/darkamazi.info\\\/darka-content\\\/uploads\\\/2021\\\/03\\\/Logos.jpg\",\"datePublished\":\"2021-03-02T15:31:49+00:00\",\"breadcrumb\":{\"@id\":\"https:\\\/\\\/darkamazi.info\\\/archives\\\/1019838#breadcrumb\"},\"inLanguage\":\"en-US\",\"potentialAction\":[{\"@type\":\"ReadAction\",\"target\":[\"https:\\\/\\\/darkamazi.info\\\/archives\\\/1019838\"]}]},{\"@type\":\"ImageObject\",\"inLanguage\":\"en-US\",\"@id\":\"https:\\\/\\\/darkamazi.info\\\/archives\\\/1019838#primaryimage\",\"url\":\"https:\\\/\\\/darkamazi.info\\\/darka-content\\\/uploads\\\/2021\\\/03\\\/Logos.jpg\",\"contentUrl\":\"https:\\\/\\\/darkamazi.info\\\/darka-content\\\/uploads\\\/2021\\\/03\\\/Logos.jpg\",\"width\":900,\"height\":497,\"caption\":\"Bi fermana Sebr\u00ee Ok day\u00eeka c\u00eeger sot\u00ee hat revandin\"},{\"@type\":\"BreadcrumbList\",\"@id\":\"https:\\\/\\\/darkamazi.info\\\/archives\\\/1019838#breadcrumb\",\"itemListElement\":[{\"@type\":\"ListItem\",\"position\":1,\"name\":\"Home\",\"item\":\"https:\\\/\\\/darkamazi.info\\\/\"},{\"@type\":\"ListItem\",\"position\":2,\"name\":\"Bi fermana Sebr\u00ee Ok day\u00eeka c\u00eeger sot\u00ee hat revandin\"}]},{\"@type\":\"WebSite\",\"@id\":\"https:\\\/\\\/darkamazi.info\\\/#website\",\"url\":\"https:\\\/\\\/darkamazi.info\\\/\",\"name\":\"Darka Maz\u00ee\",\"description\":\"P\u00eageha Zanyariy\u00ean Nebih\u00eest\u00ee\",\"publisher\":{\"@id\":\"https:\\\/\\\/darkamazi.info\\\/#organization\"},\"potentialAction\":[{\"@type\":\"SearchAction\",\"target\":{\"@type\":\"EntryPoint\",\"urlTemplate\":\"https:\\\/\\\/darkamazi.info\\\/?s={search_term_string}\"},\"query-input\":{\"@type\":\"PropertyValueSpecification\",\"valueRequired\":true,\"valueName\":\"search_term_string\"}}],\"inLanguage\":\"en-US\"},{\"@type\":\"Organization\",\"@id\":\"https:\\\/\\\/darkamazi.info\\\/#organization\",\"name\":\"Darka Maz\u00ee\",\"url\":\"https:\\\/\\\/darkamazi.info\\\/\",\"logo\":{\"@type\":\"ImageObject\",\"inLanguage\":\"en-US\",\"@id\":\"https:\\\/\\\/darkamazi.info\\\/#\\\/schema\\\/logo\\\/image\\\/\",\"url\":\"https:\\\/\\\/darkamazi.info\\\/darka-content\\\/uploads\\\/2017\\\/12\\\/darka-mazi-logo.png\",\"contentUrl\":\"https:\\\/\\\/darkamazi.info\\\/darka-content\\\/uploads\\\/2017\\\/12\\\/darka-mazi-logo.png\",\"width\":151,\"height\":75,\"caption\":\"Darka Maz\u00ee\"},\"image\":{\"@id\":\"https:\\\/\\\/darkamazi.info\\\/#\\\/schema\\\/logo\\\/image\\\/\"},\"sameAs\":[\"https:\\\/\\\/www.facebook.com\\\/DarMaziKurmanci\",\"https:\\\/\\\/x.com\\\/DarkaMaziLatini\",\"https:\\\/\\\/www.instagram.com\\\/darkamazi.kurmanci\\\/\",\"https:\\\/\\\/www.youtube.com\\\/channel\\\/UCa5HkTdmI8U1qCUFuTw8B2g\"]},{\"@type\":\"Person\",\"@id\":\"https:\\\/\\\/darkamazi.info\\\/#\\\/schema\\\/person\\\/5ad3e24553a0567993fa8ed4bd0a776c\",\"name\":\"darka mazi\",\"sameAs\":[\"https:\\\/\\\/darkamazi.info\\\/\"],\"url\":\"https:\\\/\\\/darkamazi.info\\\/archives\\\/author\\\/kurdi\"}]}<\/script>\n<!-- \/ Yoast SEO plugin. -->","seo_head_json":{"title":"Bi fermana Sebr\u00ee Ok day\u00eeka c\u00eeger sot\u00ee hat revandin - Darka Maz\u00ee","robots":{"index":"index","follow":"follow","max-snippet":"max-snippet:-1","max-image-preview":"max-image-preview:large","max-video-preview":"max-video-preview:-1"},"canonical":"https:\/\/darkamazi.info\/archives\/1019838","og_locale":"en_US","og_type":"article","og_title":"Bi fermana Sebr\u00ee Ok day\u00eeka c\u00eeger sot\u00ee hat revandin - Darka Maz\u00ee","og_description":"Ew day\u00eeka c\u00eeger sot\u00ee ya ku duh bang li HSD\u00ea \u00fb Mezl\u00fbm Ebd\u00ee kir\u00ee ku zarok\u00ean w\u00ea azad bikin, bi fermana Sebr\u00ee Ok berpirs\u00ea \u00eestixbarata r\u00eaxistina PKK\u00ea hat revandin. Li gor agahiy\u00ean dest\u00ea me de, duh roja du\u015fem\u00ee 1\/3\/2021an, jina bi nav\u00ea Heyfa Ho\u015fo a 55 sal\u00ee li sosyal medyay\u00ea peyamek v\u00eedyoy\u00ee parve kir \u00fb [&hellip;]","og_url":"https:\/\/darkamazi.info\/archives\/1019838","og_site_name":"Darka Maz\u00ee","article_publisher":"https:\/\/www.facebook.com\/DarMaziKurmanci","article_published_time":"2021-03-02T15:31:49+00:00","og_image":[{"width":900,"height":497,"url":"https:\/\/darkamazi.info\/file\/2021\/03\/Logos.jpg","type":"image\/jpeg"}],"author":"darka mazi","twitter_card":"summary_large_image","twitter_creator":"@DarkaMaziLatini","twitter_site":"@DarkaMaziLatini","twitter_misc":{"Written by":"darka mazi","Est. reading time":"2 minutes"},"schema":{"@context":"https:\/\/schema.org","@graph":[{"@type":"Article","@id":"https:\/\/darkamazi.info\/archives\/1019838#article","isPartOf":{"@id":"https:\/\/darkamazi.info\/archives\/1019838"},"author":{"name":"darka mazi","@id":"https:\/\/darkamazi.info\/#\/schema\/person\/5ad3e24553a0567993fa8ed4bd0a776c"},"headline":"Bi fermana Sebr\u00ee Ok day\u00eeka c\u00eeger sot\u00ee hat revandin","datePublished":"2021-03-02T15:31:49+00:00","mainEntityOfPage":{"@id":"https:\/\/darkamazi.info\/archives\/1019838"},"wordCount":291,"publisher":{"@id":"https:\/\/darkamazi.info\/#organization"},"image":{"@id":"https:\/\/darkamazi.info\/archives\/1019838#primaryimage"},"thumbnailUrl":"https:\/\/darkamazi.info\/file\/2021\/03\/Logos.jpg","keywords":["sereke"],"articleSection":["Kurdistan"],"inLanguage":"en-US"},{"@type":"WebPage","@id":"https:\/\/darkamazi.info\/archives\/1019838","url":"https:\/\/darkamazi.info\/archives\/1019838","name":"Bi fermana Sebr\u00ee Ok day\u00eeka c\u00eeger sot\u00ee hat revandin - Darka Maz\u00ee","isPartOf":{"@id":"https:\/\/darkamazi.info\/#website"},"primaryImageOfPage":{"@id":"https:\/\/darkamazi.info\/archives\/1019838#primaryimage"},"image":{"@id":"https:\/\/darkamazi.info\/archives\/1019838#primaryimage"},"thumbnailUrl":"https:\/\/darkamazi.info\/file\/2021\/03\/Logos.jpg","datePublished":"2021-03-02T15:31:49+00:00","breadcrumb":{"@id":"https:\/\/darkamazi.info\/archives\/1019838#breadcrumb"},"inLanguage":"en-US","potentialAction":[{"@type":"ReadAction","target":["https:\/\/darkamazi.info\/archives\/1019838"]}]},{"@type":"ImageObject","inLanguage":"en-US","@id":"https:\/\/darkamazi.info\/archives\/1019838#primaryimage","url":"https:\/\/darkamazi.info\/file\/2021\/03\/Logos.jpg","contentUrl":"https:\/\/darkamazi.info\/file\/2021\/03\/Logos.jpg","width":900,"height":497,"caption":"Bi fermana Sebr\u00ee Ok day\u00eeka c\u00eeger sot\u00ee hat revandin"},{"@type":"BreadcrumbList","@id":"https:\/\/darkamazi.info\/archives\/1019838#breadcrumb","itemListElement":[{"@type":"ListItem","position":1,"name":"Home","item":"https:\/\/darkamazi.info\/"},{"@type":"ListItem","position":2,"name":"Bi fermana Sebr\u00ee Ok day\u00eeka c\u00eeger sot\u00ee hat revandin"}]},{"@type":"WebSite","@id":"https:\/\/darkamazi.info\/#website","url":"https:\/\/darkamazi.info\/","name":"Darka Maz\u00ee","description":"P\u00eageha Zanyariy\u00ean Nebih\u00eest\u00ee","publisher":{"@id":"https:\/\/darkamazi.info\/#organization"},"potentialAction":[{"@type":"SearchAction","target":{"@type":"EntryPoint","urlTemplate":"https:\/\/darkamazi.info\/?s={search_term_string}"},"query-input":{"@type":"PropertyValueSpecification","valueRequired":true,"valueName":"search_term_string"}}],"inLanguage":"en-US"},{"@type":"Organization","@id":"https:\/\/darkamazi.info\/#organization","name":"Darka Maz\u00ee","url":"https:\/\/darkamazi.info\/","logo":{"@type":"ImageObject","inLanguage":"en-US","@id":"https:\/\/darkamazi.info\/#\/schema\/logo\/image\/","url":"https:\/\/darkamazi.info\/file\/2017\/12\/darka-mazi-logo.png","contentUrl":"https:\/\/darkamazi.info\/file\/2017\/12\/darka-mazi-logo.png","width":151,"height":75,"caption":"Darka Maz\u00ee"},"image":{"@id":"https:\/\/darkamazi.info\/#\/schema\/logo\/image\/"},"sameAs":["https:\/\/www.facebook.com\/DarMaziKurmanci","https:\/\/x.com\/DarkaMaziLatini","https:\/\/www.instagram.com\/darkamazi.kurmanci\/","https:\/\/www.youtube.com\/channel\/UCa5HkTdmI8U1qCUFuTw8B2g"]},{"@type":"Person","@id":"https:\/\/darkamazi.info\/#\/schema\/person\/5ad3e24553a0567993fa8ed4bd0a776c","name":"darka mazi","sameAs":["https:\/\/darkamazi.info\/"],"url":"https:\/\/darkamazi.info\/archives\/author\/kurdi"}]}},"_links":{"self":[{"href":"https:\/\/darkamazi.info\/funavuv\/wp\/v2\/posts\/1019838","targetHints":{"allow":["GET"]}}],"collection":[{"href":"https:\/\/darkamazi.info\/funavuv\/wp\/v2\/posts"}],"about":[{"href":"https:\/\/darkamazi.info\/funavuv\/wp\/v2\/types\/post"}],"author":[{"embeddable":true,"href":"https:\/\/darkamazi.info\/funavuv\/wp\/v2\/users\/2"}],"replies":[{"embeddable":true,"href":"https:\/\/darkamazi.info\/funavuv\/wp\/v2\/comments?post=1019838"}],"version-history":[{"count":0,"href":"https:\/\/darkamazi.info\/funavuv\/wp\/v2\/posts\/1019838\/revisions"}],"wp:featuredmedia":[{"embeddable":true,"href":"https:\/\/darkamazi.info\/funavuv\/wp\/v2\/media\/1019839"}],"wp:attachment":[{"href":"https:\/\/darkamazi.info\/funavuv\/wp\/v2\/media?parent=1019838"}],"wp:term":[{"taxonomy":"category","embeddable":true,"href":"https:\/\/darkamazi.info\/funavuv\/wp\/v2\/categories?post=1019838"},{"taxonomy":"post_tag","embeddable":true,"href":"https:\/\/darkamazi.info\/funavuv\/wp\/v2\/tags?post=1019838"}],"curies":[{"name":"wp","href":"https:\/\/api.w.org\/{rel}","templated":true}]}}