{"id":1019847,"date":"2021-03-02T20:26:52","date_gmt":"2021-03-02T17:26:52","guid":{"rendered":"https:\/\/darkamazi.info\/?p=1019847"},"modified":"2021-03-02T20:26:52","modified_gmt":"2021-03-02T17:26:52","slug":"peyamnere-ark-tvye-ji-aliye-asayisa-pyde-ve-hat-girtin","status":"publish","type":"post","link":"https:\/\/darkamazi.info\/archives\/1019847","title":{"rendered":"Peyamn\u00ear\u00ea ARK TVy\u00ea ji aliy\u00ea Asay\u00ee\u015fa PYD\u00ea ve hat girtin"},"content":{"rendered":"<h3 style=\"text-align: justify\"><span style=\"font-family: 'arial black', sans-serif\">Hat ragihandin ku Asay\u00ee\u015fa Rojavay\u00ea Kurdistan\u00ea ya bi ser R\u00eaveberiya Xweser a PYD\u00ea ve, li Rojavay\u00ea Kurdistan\u00ea rojnamevanek girt.<\/span><\/h3>\n<h3 style=\"text-align: justify\">Li gor\u00ee zanyariyan \u00eero 2y\u00ea Adar\u00ea, asay\u00ee\u015fa Rojava ya bi ser PYD\u00ea ve, peyamn\u00ear\u00ea ARK TV Ehmed Sof\u00ee li nav\u00e7eya D\u00ear\u00eek\u00ea ya li Rojhilat\u00ea Qami\u015flo hatiye girtin \u00fb derbar\u00ea girtina w\u00ee de ti agah\u00ee nehatine day\u00een.<\/h3>\n<h3 style=\"text-align: justify\">H\u00eajay\u00ee gotin\u00ea ye, beriya niha j\u00ee rojnamevan \u00fb siyasetmedar\u00ean Rojavay\u00ea Kurdistan\u00ea hatib\u00fbn girtin ku ev b\u00fbye sedema nakok\u00eeyek\u00ea di dan\u00fbstandin\u00ean ENKS \u00fb PYNK\u00ea y\u00ean bo yekr\u00eaziy\u00ea de.<\/h3>\n","protected":false},"excerpt":{"rendered":"<p>Hat ragihandin ku Asay\u00ee\u015fa Rojavay\u00ea Kurdistan\u00ea ya bi ser R\u00eaveberiya Xweser a PYD\u00ea ve, li Rojavay\u00ea Kurdistan\u00ea rojnamevanek girt. Li gor\u00ee zanyariyan \u00eero 2y\u00ea Adar\u00ea, asay\u00ee\u015fa Rojava ya bi ser PYD\u00ea ve, peyamn\u00ear\u00ea ARK TV Ehmed Sof\u00ee li nav\u00e7eya D\u00ear\u00eek\u00ea ya li Rojhilat\u00ea Qami\u015flo hatiye girtin \u00fb derbar\u00ea girtina w\u00ee de ti agah\u00ee nehatine day\u00een. [&hellip;]<\/p>\n","protected":false},"author":2,"featured_media":1019848,"comment_status":"closed","ping_status":"closed","sticky":false,"template":"","format":"standard","meta":{"footnotes":""},"categories":[29],"tags":[37],"class_list":["post-1019847","post","type-post","status-publish","format-standard","has-post-thumbnail","hentry","category-kurdistan","tag-sereke"],"blocksy_meta":[],"seo_head":"<!-- This site is optimized with the Yoast SEO plugin v27.5 - https:\/\/yoast.com\/product\/yoast-seo-wordpress\/ -->\n<title>Peyamn\u00ear\u00ea ARK TVy\u00ea ji aliy\u00ea Asay\u00ee\u015fa PYD\u00ea ve hat girtin - Darka Maz\u00ee<\/title>\n<meta name=\"robots\" content=\"index, follow, max-snippet:-1, max-image-preview:large, max-video-preview:-1\" \/>\n<link rel=\"canonical\" href=\"https:\/\/darkamazi.info\/archives\/1019847\" \/>\n<meta property=\"og:locale\" content=\"en_US\" \/>\n<meta property=\"og:type\" content=\"article\" \/>\n<meta property=\"og:title\" content=\"Peyamn\u00ear\u00ea ARK TVy\u00ea ji aliy\u00ea Asay\u00ee\u015fa PYD\u00ea ve hat girtin - Darka Maz\u00ee\" \/>\n<meta property=\"og:description\" content=\"Hat ragihandin ku Asay\u00ee\u015fa Rojavay\u00ea Kurdistan\u00ea ya bi ser R\u00eaveberiya Xweser a PYD\u00ea ve, li Rojavay\u00ea Kurdistan\u00ea rojnamevanek girt. Li gor\u00ee zanyariyan \u00eero 2y\u00ea Adar\u00ea, asay\u00ee\u015fa Rojava ya bi ser PYD\u00ea ve, peyamn\u00ear\u00ea ARK TV Ehmed Sof\u00ee li nav\u00e7eya D\u00ear\u00eek\u00ea ya li Rojhilat\u00ea Qami\u015flo hatiye girtin \u00fb derbar\u00ea girtina w\u00ee de ti agah\u00ee nehatine day\u00een. [&hellip;]\" \/>\n<meta property=\"og:url\" content=\"https:\/\/darkamazi.info\/archives\/1019847\" \/>\n<meta property=\"og:site_name\" content=\"Darka Maz\u00ee\" \/>\n<meta property=\"article:publisher\" content=\"https:\/\/www.facebook.com\/DarMaziKurmanci\" \/>\n<meta property=\"article:published_time\" content=\"2021-03-02T17:26:52+00:00\" \/>\n<meta property=\"og:image\" content=\"https:\/\/darkamazi.info\/file\/2021\/03\/Logo-1.jpg\" \/>\n\t<meta property=\"og:image:width\" content=\"900\" \/>\n\t<meta property=\"og:image:height\" content=\"497\" \/>\n\t<meta property=\"og:image:type\" content=\"image\/jpeg\" \/>\n<meta name=\"author\" content=\"darka mazi\" \/>\n<meta name=\"twitter:card\" content=\"summary_large_image\" \/>\n<meta name=\"twitter:creator\" content=\"@DarkaMaziLatini\" \/>\n<meta name=\"twitter:site\" content=\"@DarkaMaziLatini\" \/>\n<meta name=\"twitter:label1\" content=\"Written by\" \/>\n\t<meta name=\"twitter:data1\" content=\"darka mazi\" \/>\n\t<meta name=\"twitter:label2\" content=\"Est. reading time\" \/>\n\t<meta name=\"twitter:data2\" content=\"1 minute\" \/>\n<script type=\"application\/ld+json\" class=\"seo-schema-graph\">{\"@context\":\"https:\\\/\\\/schema.org\",\"@graph\":[{\"@type\":\"Article\",\"@id\":\"https:\\\/\\\/darkamazi.info\\\/archives\\\/1019847#article\",\"isPartOf\":{\"@id\":\"https:\\\/\\\/darkamazi.info\\\/archives\\\/1019847\"},\"author\":{\"name\":\"darka mazi\",\"@id\":\"https:\\\/\\\/darkamazi.info\\\/#\\\/schema\\\/person\\\/5ad3e24553a0567993fa8ed4bd0a776c\"},\"headline\":\"Peyamn\u00ear\u00ea ARK TVy\u00ea ji aliy\u00ea Asay\u00ee\u015fa PYD\u00ea ve hat girtin\",\"datePublished\":\"2021-03-02T17:26:52+00:00\",\"mainEntityOfPage\":{\"@id\":\"https:\\\/\\\/darkamazi.info\\\/archives\\\/1019847\"},\"wordCount\":109,\"publisher\":{\"@id\":\"https:\\\/\\\/darkamazi.info\\\/#organization\"},\"image\":{\"@id\":\"https:\\\/\\\/darkamazi.info\\\/archives\\\/1019847#primaryimage\"},\"thumbnailUrl\":\"https:\\\/\\\/darkamazi.info\\\/darka-content\\\/uploads\\\/2021\\\/03\\\/Logo-1.jpg\",\"keywords\":[\"sereke\"],\"articleSection\":[\"Kurdistan\"],\"inLanguage\":\"en-US\"},{\"@type\":\"WebPage\",\"@id\":\"https:\\\/\\\/darkamazi.info\\\/archives\\\/1019847\",\"url\":\"https:\\\/\\\/darkamazi.info\\\/archives\\\/1019847\",\"name\":\"Peyamn\u00ear\u00ea ARK TVy\u00ea ji aliy\u00ea Asay\u00ee\u015fa PYD\u00ea ve hat girtin - Darka Maz\u00ee\",\"isPartOf\":{\"@id\":\"https:\\\/\\\/darkamazi.info\\\/#website\"},\"primaryImageOfPage\":{\"@id\":\"https:\\\/\\\/darkamazi.info\\\/archives\\\/1019847#primaryimage\"},\"image\":{\"@id\":\"https:\\\/\\\/darkamazi.info\\\/archives\\\/1019847#primaryimage\"},\"thumbnailUrl\":\"https:\\\/\\\/darkamazi.info\\\/darka-content\\\/uploads\\\/2021\\\/03\\\/Logo-1.jpg\",\"datePublished\":\"2021-03-02T17:26:52+00:00\",\"breadcrumb\":{\"@id\":\"https:\\\/\\\/darkamazi.info\\\/archives\\\/1019847#breadcrumb\"},\"inLanguage\":\"en-US\",\"potentialAction\":[{\"@type\":\"ReadAction\",\"target\":[\"https:\\\/\\\/darkamazi.info\\\/archives\\\/1019847\"]}]},{\"@type\":\"ImageObject\",\"inLanguage\":\"en-US\",\"@id\":\"https:\\\/\\\/darkamazi.info\\\/archives\\\/1019847#primaryimage\",\"url\":\"https:\\\/\\\/darkamazi.info\\\/darka-content\\\/uploads\\\/2021\\\/03\\\/Logo-1.jpg\",\"contentUrl\":\"https:\\\/\\\/darkamazi.info\\\/darka-content\\\/uploads\\\/2021\\\/03\\\/Logo-1.jpg\",\"width\":900,\"height\":497,\"caption\":\"Peyamn\u00ear\u00ea ARK TVy\u00ea ji aliy\u00ea Asay\u00ee\u015fa PYD\u00ea ve hat girtin\"},{\"@type\":\"BreadcrumbList\",\"@id\":\"https:\\\/\\\/darkamazi.info\\\/archives\\\/1019847#breadcrumb\",\"itemListElement\":[{\"@type\":\"ListItem\",\"position\":1,\"name\":\"Home\",\"item\":\"https:\\\/\\\/darkamazi.info\\\/\"},{\"@type\":\"ListItem\",\"position\":2,\"name\":\"Peyamn\u00ear\u00ea ARK TVy\u00ea ji aliy\u00ea Asay\u00ee\u015fa PYD\u00ea ve hat girtin\"}]},{\"@type\":\"WebSite\",\"@id\":\"https:\\\/\\\/darkamazi.info\\\/#website\",\"url\":\"https:\\\/\\\/darkamazi.info\\\/\",\"name\":\"Darka Maz\u00ee\",\"description\":\"P\u00eageha Zanyariy\u00ean Nebih\u00eest\u00ee\",\"publisher\":{\"@id\":\"https:\\\/\\\/darkamazi.info\\\/#organization\"},\"potentialAction\":[{\"@type\":\"SearchAction\",\"target\":{\"@type\":\"EntryPoint\",\"urlTemplate\":\"https:\\\/\\\/darkamazi.info\\\/?s={search_term_string}\"},\"query-input\":{\"@type\":\"PropertyValueSpecification\",\"valueRequired\":true,\"valueName\":\"search_term_string\"}}],\"inLanguage\":\"en-US\"},{\"@type\":\"Organization\",\"@id\":\"https:\\\/\\\/darkamazi.info\\\/#organization\",\"name\":\"Darka Maz\u00ee\",\"url\":\"https:\\\/\\\/darkamazi.info\\\/\",\"logo\":{\"@type\":\"ImageObject\",\"inLanguage\":\"en-US\",\"@id\":\"https:\\\/\\\/darkamazi.info\\\/#\\\/schema\\\/logo\\\/image\\\/\",\"url\":\"https:\\\/\\\/darkamazi.info\\\/darka-content\\\/uploads\\\/2017\\\/12\\\/darka-mazi-logo.png\",\"contentUrl\":\"https:\\\/\\\/darkamazi.info\\\/darka-content\\\/uploads\\\/2017\\\/12\\\/darka-mazi-logo.png\",\"width\":151,\"height\":75,\"caption\":\"Darka Maz\u00ee\"},\"image\":{\"@id\":\"https:\\\/\\\/darkamazi.info\\\/#\\\/schema\\\/logo\\\/image\\\/\"},\"sameAs\":[\"https:\\\/\\\/www.facebook.com\\\/DarMaziKurmanci\",\"https:\\\/\\\/x.com\\\/DarkaMaziLatini\",\"https:\\\/\\\/www.instagram.com\\\/darkamazi.kurmanci\\\/\",\"https:\\\/\\\/www.youtube.com\\\/channel\\\/UCa5HkTdmI8U1qCUFuTw8B2g\"]},{\"@type\":\"Person\",\"@id\":\"https:\\\/\\\/darkamazi.info\\\/#\\\/schema\\\/person\\\/5ad3e24553a0567993fa8ed4bd0a776c\",\"name\":\"darka mazi\",\"sameAs\":[\"https:\\\/\\\/darkamazi.info\\\/\"],\"url\":\"https:\\\/\\\/darkamazi.info\\\/archives\\\/author\\\/kurdi\"}]}<\/script>\n<!-- \/ Yoast SEO plugin. -->","seo_head_json":{"title":"Peyamn\u00ear\u00ea ARK TVy\u00ea ji aliy\u00ea Asay\u00ee\u015fa PYD\u00ea ve hat girtin - Darka Maz\u00ee","robots":{"index":"index","follow":"follow","max-snippet":"max-snippet:-1","max-image-preview":"max-image-preview:large","max-video-preview":"max-video-preview:-1"},"canonical":"https:\/\/darkamazi.info\/archives\/1019847","og_locale":"en_US","og_type":"article","og_title":"Peyamn\u00ear\u00ea ARK TVy\u00ea ji aliy\u00ea Asay\u00ee\u015fa PYD\u00ea ve hat girtin - Darka Maz\u00ee","og_description":"Hat ragihandin ku Asay\u00ee\u015fa Rojavay\u00ea Kurdistan\u00ea ya bi ser R\u00eaveberiya Xweser a PYD\u00ea ve, li Rojavay\u00ea Kurdistan\u00ea rojnamevanek girt. Li gor\u00ee zanyariyan \u00eero 2y\u00ea Adar\u00ea, asay\u00ee\u015fa Rojava ya bi ser PYD\u00ea ve, peyamn\u00ear\u00ea ARK TV Ehmed Sof\u00ee li nav\u00e7eya D\u00ear\u00eek\u00ea ya li Rojhilat\u00ea Qami\u015flo hatiye girtin \u00fb derbar\u00ea girtina w\u00ee de ti agah\u00ee nehatine day\u00een. [&hellip;]","og_url":"https:\/\/darkamazi.info\/archives\/1019847","og_site_name":"Darka Maz\u00ee","article_publisher":"https:\/\/www.facebook.com\/DarMaziKurmanci","article_published_time":"2021-03-02T17:26:52+00:00","og_image":[{"width":900,"height":497,"url":"https:\/\/darkamazi.info\/file\/2021\/03\/Logo-1.jpg","type":"image\/jpeg"}],"author":"darka mazi","twitter_card":"summary_large_image","twitter_creator":"@DarkaMaziLatini","twitter_site":"@DarkaMaziLatini","twitter_misc":{"Written by":"darka mazi","Est. reading time":"1 minute"},"schema":{"@context":"https:\/\/schema.org","@graph":[{"@type":"Article","@id":"https:\/\/darkamazi.info\/archives\/1019847#article","isPartOf":{"@id":"https:\/\/darkamazi.info\/archives\/1019847"},"author":{"name":"darka mazi","@id":"https:\/\/darkamazi.info\/#\/schema\/person\/5ad3e24553a0567993fa8ed4bd0a776c"},"headline":"Peyamn\u00ear\u00ea ARK TVy\u00ea ji aliy\u00ea Asay\u00ee\u015fa PYD\u00ea ve hat girtin","datePublished":"2021-03-02T17:26:52+00:00","mainEntityOfPage":{"@id":"https:\/\/darkamazi.info\/archives\/1019847"},"wordCount":109,"publisher":{"@id":"https:\/\/darkamazi.info\/#organization"},"image":{"@id":"https:\/\/darkamazi.info\/archives\/1019847#primaryimage"},"thumbnailUrl":"https:\/\/darkamazi.info\/file\/2021\/03\/Logo-1.jpg","keywords":["sereke"],"articleSection":["Kurdistan"],"inLanguage":"en-US"},{"@type":"WebPage","@id":"https:\/\/darkamazi.info\/archives\/1019847","url":"https:\/\/darkamazi.info\/archives\/1019847","name":"Peyamn\u00ear\u00ea ARK TVy\u00ea ji aliy\u00ea Asay\u00ee\u015fa PYD\u00ea ve hat girtin - Darka Maz\u00ee","isPartOf":{"@id":"https:\/\/darkamazi.info\/#website"},"primaryImageOfPage":{"@id":"https:\/\/darkamazi.info\/archives\/1019847#primaryimage"},"image":{"@id":"https:\/\/darkamazi.info\/archives\/1019847#primaryimage"},"thumbnailUrl":"https:\/\/darkamazi.info\/file\/2021\/03\/Logo-1.jpg","datePublished":"2021-03-02T17:26:52+00:00","breadcrumb":{"@id":"https:\/\/darkamazi.info\/archives\/1019847#breadcrumb"},"inLanguage":"en-US","potentialAction":[{"@type":"ReadAction","target":["https:\/\/darkamazi.info\/archives\/1019847"]}]},{"@type":"ImageObject","inLanguage":"en-US","@id":"https:\/\/darkamazi.info\/archives\/1019847#primaryimage","url":"https:\/\/darkamazi.info\/file\/2021\/03\/Logo-1.jpg","contentUrl":"https:\/\/darkamazi.info\/file\/2021\/03\/Logo-1.jpg","width":900,"height":497,"caption":"Peyamn\u00ear\u00ea ARK TVy\u00ea ji aliy\u00ea Asay\u00ee\u015fa PYD\u00ea ve hat girtin"},{"@type":"BreadcrumbList","@id":"https:\/\/darkamazi.info\/archives\/1019847#breadcrumb","itemListElement":[{"@type":"ListItem","position":1,"name":"Home","item":"https:\/\/darkamazi.info\/"},{"@type":"ListItem","position":2,"name":"Peyamn\u00ear\u00ea ARK TVy\u00ea ji aliy\u00ea Asay\u00ee\u015fa PYD\u00ea ve hat girtin"}]},{"@type":"WebSite","@id":"https:\/\/darkamazi.info\/#website","url":"https:\/\/darkamazi.info\/","name":"Darka Maz\u00ee","description":"P\u00eageha Zanyariy\u00ean Nebih\u00eest\u00ee","publisher":{"@id":"https:\/\/darkamazi.info\/#organization"},"potentialAction":[{"@type":"SearchAction","target":{"@type":"EntryPoint","urlTemplate":"https:\/\/darkamazi.info\/?s={search_term_string}"},"query-input":{"@type":"PropertyValueSpecification","valueRequired":true,"valueName":"search_term_string"}}],"inLanguage":"en-US"},{"@type":"Organization","@id":"https:\/\/darkamazi.info\/#organization","name":"Darka Maz\u00ee","url":"https:\/\/darkamazi.info\/","logo":{"@type":"ImageObject","inLanguage":"en-US","@id":"https:\/\/darkamazi.info\/#\/schema\/logo\/image\/","url":"https:\/\/darkamazi.info\/file\/2017\/12\/darka-mazi-logo.png","contentUrl":"https:\/\/darkamazi.info\/file\/2017\/12\/darka-mazi-logo.png","width":151,"height":75,"caption":"Darka Maz\u00ee"},"image":{"@id":"https:\/\/darkamazi.info\/#\/schema\/logo\/image\/"},"sameAs":["https:\/\/www.facebook.com\/DarMaziKurmanci","https:\/\/x.com\/DarkaMaziLatini","https:\/\/www.instagram.com\/darkamazi.kurmanci\/","https:\/\/www.youtube.com\/channel\/UCa5HkTdmI8U1qCUFuTw8B2g"]},{"@type":"Person","@id":"https:\/\/darkamazi.info\/#\/schema\/person\/5ad3e24553a0567993fa8ed4bd0a776c","name":"darka mazi","sameAs":["https:\/\/darkamazi.info\/"],"url":"https:\/\/darkamazi.info\/archives\/author\/kurdi"}]}},"_links":{"self":[{"href":"https:\/\/darkamazi.info\/funavuv\/wp\/v2\/posts\/1019847","targetHints":{"allow":["GET"]}}],"collection":[{"href":"https:\/\/darkamazi.info\/funavuv\/wp\/v2\/posts"}],"about":[{"href":"https:\/\/darkamazi.info\/funavuv\/wp\/v2\/types\/post"}],"author":[{"embeddable":true,"href":"https:\/\/darkamazi.info\/funavuv\/wp\/v2\/users\/2"}],"replies":[{"embeddable":true,"href":"https:\/\/darkamazi.info\/funavuv\/wp\/v2\/comments?post=1019847"}],"version-history":[{"count":0,"href":"https:\/\/darkamazi.info\/funavuv\/wp\/v2\/posts\/1019847\/revisions"}],"wp:featuredmedia":[{"embeddable":true,"href":"https:\/\/darkamazi.info\/funavuv\/wp\/v2\/media\/1019848"}],"wp:attachment":[{"href":"https:\/\/darkamazi.info\/funavuv\/wp\/v2\/media?parent=1019847"}],"wp:term":[{"taxonomy":"category","embeddable":true,"href":"https:\/\/darkamazi.info\/funavuv\/wp\/v2\/categories?post=1019847"},{"taxonomy":"post_tag","embeddable":true,"href":"https:\/\/darkamazi.info\/funavuv\/wp\/v2\/tags?post=1019847"}],"curies":[{"name":"wp","href":"https:\/\/api.w.org\/{rel}","templated":true}]}}