{"id":1019902,"date":"2021-03-04T19:46:12","date_gmt":"2021-03-04T16:46:12","guid":{"rendered":"https:\/\/darkamazi.info\/?p=1019902"},"modified":"2021-03-11T16:33:33","modified_gmt":"2021-03-11T13:33:33","slug":"encumena-asayisa-kurdistane-itirafen-grupa-sixuri-a-badinan-parve-kirin","status":"publish","type":"post","link":"https:\/\/darkamazi.info\/archives\/1019902","title":{"rendered":"Enc\u00fbmena Asay\u00ee\u015fa Kurdistan\u00ea \u00eet\u00eeraf\u00ean &#8220;gr\u00fbpa s\u00eexur\u00ee a Bad\u00eenan&#8221; parve kirin"},"content":{"rendered":"<div class=\"wpb-content-wrapper\"><p>[darkamazi_row][darkamazi_column][darkamazi_video link=&#8221;https:\/\/www.youtube.com\/watch?v=TxSsoXaN9Zw&#8221; align=&#8221;center&#8221;][darkamazi_column_text]<\/p>\n<h3 style=\"text-align: justify;\"><span style=\"font-family: 'arial black', sans-serif;\">Enc\u00fbmena Asay\u00ee\u015fa Her\u00eama Kurdistan\u00ea, \u00eero roja p\u00eanc\u015fem\u00ee 4\/3\/2021an be\u015fek\u00ee \u00eet\u00eeraf \u00fb wan belgeyan parvekirin ku bi sedema wan hukm\u00ea 6 salan z\u00eendan kirin\u00ea ji boy endam\u00ean v\u00ea gr\u00fbpa s\u00eexur\u00ee hatb\u00fb derkirin.<\/span><\/h3>\n<h3 style=\"text-align: justify;\">Di \u00eet\u00eeraf\u00ean endam\u00ean v\u00ea gir\u00fbp\u00ea de xweya dibe ku v\u00ea gir\u00fbp\u00ea kar ji boy dirust kirina gr\u00fbpeke bi\u00e7\u00fbk a s\u00eexuriy\u00ea kiriye \u00fb melomat kom kir\u00eene \u00fb dewreya bikaran\u00eena \u00e7ek\u00ea b\u00ea deng d\u00eet\u00eene \u00fb xwastiye s\u00eestema siyas\u00ee a Her\u00eama Ba\u015f\u00fbr\u00ea Kurdistan\u00ea biguher\u00eenin, v\u00ea gir\u00fbp\u00ea d\u00eemen\u00ean karwan\u00ean le\u015fkir\u00ee \u00fb baregeh\u00ean saziy\u00ean ewlehiy\u00ea li Ba\u015f\u00fbr\u00ea Kurdistan\u00ea ki\u015fandine \u00fb bi awayeke raste rast t\u00eakil\u00ee bi PKK\u00ea re heb\u00fbye.<\/h3>\n<h3 style=\"text-align: justify;\">Di \u00eet\u00eeraf\u00ean endam\u00ean v\u00ea gir\u00fbp\u00ea de bi awayek e\u015fkere derdikeve ku PKKe ji boy t\u00eakdana rew\u015fa Ba\u015f\u00fbr\u00ea Kurdistan\u00ea ji ti ti\u015ftek\u00ee xwe d\u00fbr nagire, heta terorkirina dadwer \u00fb berpirs\u00ean saziy\u00ean hik\u00fbm\u00ee j\u00ee.<\/h3>\n<p>[\/darkamazi_column_text][\/darkamazi_column][\/darkamazi_row]<\/p>\n<\/div>","protected":false},"excerpt":{"rendered":"<p>[darkamazi_row][darkamazi_column][darkamazi_video link=&#8221;https:\/\/www.youtube.com\/watch?v=TxSsoXaN9Zw&#8221; align=&#8221;center&#8221;][darkamazi_column_text] Enc\u00fbmena Asay\u00ee\u015fa Her\u00eama Kurdistan\u00ea, \u00eero roja p\u00eanc\u015fem\u00ee 4\/3\/2021an be\u015fek\u00ee \u00eet\u00eeraf \u00fb wan belgeyan parvekirin ku bi sedema wan hukm\u00ea 6 salan z\u00eendan kirin\u00ea ji boy endam\u00ean v\u00ea gr\u00fbpa s\u00eexur\u00ee hatb\u00fb derkirin. Di \u00eet\u00eeraf\u00ean endam\u00ean v\u00ea gir\u00fbp\u00ea de xweya dibe ku v\u00ea gir\u00fbp\u00ea kar ji boy dirust kirina gr\u00fbpeke bi\u00e7\u00fbk a s\u00eexuriy\u00ea kiriye [&hellip;]<\/p>\n","protected":false},"author":2,"featured_media":1019903,"comment_status":"closed","ping_status":"closed","sticky":false,"template":"epic_custom_post_template-1006382","format":"video","meta":{"footnotes":""},"categories":[29],"tags":[37],"class_list":["post-1019902","post","type-post","status-publish","format-video","has-post-thumbnail","hentry","category-kurdistan","tag-sereke","post_format-post-format-video"],"blocksy_meta":[],"seo_head":"<!-- This site is optimized with the Yoast SEO plugin v27.5 - https:\/\/yoast.com\/product\/yoast-seo-wordpress\/ -->\n<title>Enc\u00fbmena Asay\u00ee\u015fa Kurdistan\u00ea \u00eet\u00eeraf\u00ean &quot;gr\u00fbpa s\u00eexur\u00ee a Bad\u00eenan&quot; parve kirin - Darka Maz\u00ee<\/title>\n<meta name=\"robots\" content=\"index, follow, max-snippet:-1, max-image-preview:large, max-video-preview:-1\" \/>\n<link rel=\"canonical\" href=\"https:\/\/darkamazi.info\/archives\/1019902\" \/>\n<meta property=\"og:locale\" content=\"en_US\" \/>\n<meta property=\"og:type\" content=\"article\" \/>\n<meta property=\"og:title\" content=\"Enc\u00fbmena Asay\u00ee\u015fa Kurdistan\u00ea \u00eet\u00eeraf\u00ean &quot;gr\u00fbpa s\u00eexur\u00ee a Bad\u00eenan&quot; parve kirin - Darka Maz\u00ee\" \/>\n<meta property=\"og:description\" content=\"[darkamazi_row][darkamazi_column][darkamazi_video link=&#8221;https:\/\/www.youtube.com\/watch?v=TxSsoXaN9Zw&#8221; align=&#8221;center&#8221;][darkamazi_column_text] Enc\u00fbmena Asay\u00ee\u015fa Her\u00eama Kurdistan\u00ea, \u00eero roja p\u00eanc\u015fem\u00ee 4\/3\/2021an be\u015fek\u00ee \u00eet\u00eeraf \u00fb wan belgeyan parvekirin ku bi sedema wan hukm\u00ea 6 salan z\u00eendan kirin\u00ea ji boy endam\u00ean v\u00ea gr\u00fbpa s\u00eexur\u00ee hatb\u00fb derkirin. Di \u00eet\u00eeraf\u00ean endam\u00ean v\u00ea gir\u00fbp\u00ea de xweya dibe ku v\u00ea gir\u00fbp\u00ea kar ji boy dirust kirina gr\u00fbpeke bi\u00e7\u00fbk a s\u00eexuriy\u00ea kiriye [&hellip;]\" \/>\n<meta property=\"og:url\" content=\"https:\/\/darkamazi.info\/archives\/1019902\" \/>\n<meta property=\"og:site_name\" content=\"Darka Maz\u00ee\" \/>\n<meta property=\"article:publisher\" content=\"https:\/\/www.facebook.com\/DarMaziKurmanci\" \/>\n<meta property=\"article:published_time\" content=\"2021-03-04T16:46:12+00:00\" \/>\n<meta property=\"article:modified_time\" content=\"2021-03-11T13:33:33+00:00\" \/>\n<meta property=\"og:image\" content=\"https:\/\/darkamazi.info\/file\/2021\/03\/ajan-sixur-pkk.jpg\" \/>\n\t<meta property=\"og:image:width\" content=\"900\" \/>\n\t<meta property=\"og:image:height\" content=\"497\" \/>\n\t<meta property=\"og:image:type\" content=\"image\/jpeg\" \/>\n<meta name=\"author\" content=\"darka mazi\" \/>\n<meta name=\"twitter:card\" content=\"summary_large_image\" \/>\n<meta name=\"twitter:creator\" content=\"@DarkaMaziLatini\" \/>\n<meta name=\"twitter:site\" content=\"@DarkaMaziLatini\" \/>\n<meta name=\"twitter:label1\" content=\"Written by\" \/>\n\t<meta name=\"twitter:data1\" content=\"darka mazi\" \/>\n\t<meta name=\"twitter:label2\" content=\"Est. reading time\" \/>\n\t<meta name=\"twitter:data2\" content=\"1 minute\" \/>\n<script type=\"application\/ld+json\" class=\"seo-schema-graph\">{\"@context\":\"https:\\\/\\\/schema.org\",\"@graph\":[{\"@type\":\"Article\",\"@id\":\"https:\\\/\\\/darkamazi.info\\\/archives\\\/1019902#article\",\"isPartOf\":{\"@id\":\"https:\\\/\\\/darkamazi.info\\\/archives\\\/1019902\"},\"author\":{\"name\":\"darka mazi\",\"@id\":\"https:\\\/\\\/darkamazi.info\\\/#\\\/schema\\\/person\\\/5ad3e24553a0567993fa8ed4bd0a776c\"},\"headline\":\"Enc\u00fbmena Asay\u00ee\u015fa Kurdistan\u00ea \u00eet\u00eeraf\u00ean &#8220;gr\u00fbpa s\u00eexur\u00ee a Bad\u00eenan&#8221; parve kirin\",\"datePublished\":\"2021-03-04T16:46:12+00:00\",\"dateModified\":\"2021-03-11T13:33:33+00:00\",\"mainEntityOfPage\":{\"@id\":\"https:\\\/\\\/darkamazi.info\\\/archives\\\/1019902\"},\"wordCount\":214,\"publisher\":{\"@id\":\"https:\\\/\\\/darkamazi.info\\\/#organization\"},\"image\":{\"@id\":\"https:\\\/\\\/darkamazi.info\\\/archives\\\/1019902#primaryimage\"},\"thumbnailUrl\":\"https:\\\/\\\/darkamazi.info\\\/darka-content\\\/uploads\\\/2021\\\/03\\\/ajan-sixur-pkk.jpg\",\"keywords\":[\"sereke\"],\"articleSection\":[\"Kurdistan\"],\"inLanguage\":\"en-US\"},{\"@type\":\"WebPage\",\"@id\":\"https:\\\/\\\/darkamazi.info\\\/archives\\\/1019902\",\"url\":\"https:\\\/\\\/darkamazi.info\\\/archives\\\/1019902\",\"name\":\"Enc\u00fbmena Asay\u00ee\u015fa Kurdistan\u00ea \u00eet\u00eeraf\u00ean \\\"gr\u00fbpa s\u00eexur\u00ee a Bad\u00eenan\\\" parve kirin - Darka Maz\u00ee\",\"isPartOf\":{\"@id\":\"https:\\\/\\\/darkamazi.info\\\/#website\"},\"primaryImageOfPage\":{\"@id\":\"https:\\\/\\\/darkamazi.info\\\/archives\\\/1019902#primaryimage\"},\"image\":{\"@id\":\"https:\\\/\\\/darkamazi.info\\\/archives\\\/1019902#primaryimage\"},\"thumbnailUrl\":\"https:\\\/\\\/darkamazi.info\\\/darka-content\\\/uploads\\\/2021\\\/03\\\/ajan-sixur-pkk.jpg\",\"datePublished\":\"2021-03-04T16:46:12+00:00\",\"dateModified\":\"2021-03-11T13:33:33+00:00\",\"breadcrumb\":{\"@id\":\"https:\\\/\\\/darkamazi.info\\\/archives\\\/1019902#breadcrumb\"},\"inLanguage\":\"en-US\",\"potentialAction\":[{\"@type\":\"ReadAction\",\"target\":[\"https:\\\/\\\/darkamazi.info\\\/archives\\\/1019902\"]}]},{\"@type\":\"ImageObject\",\"inLanguage\":\"en-US\",\"@id\":\"https:\\\/\\\/darkamazi.info\\\/archives\\\/1019902#primaryimage\",\"url\":\"https:\\\/\\\/darkamazi.info\\\/darka-content\\\/uploads\\\/2021\\\/03\\\/ajan-sixur-pkk.jpg\",\"contentUrl\":\"https:\\\/\\\/darkamazi.info\\\/darka-content\\\/uploads\\\/2021\\\/03\\\/ajan-sixur-pkk.jpg\",\"width\":900,\"height\":497,\"caption\":\"Enc\u00fbmena Asay\u00ee\u015fa Kurdistan\u00ea \u00eet\u00eeraf\u00ean \\\"gr\u00fbpa s\u00eexur\u00ee a Bad\u00eenan\\\" parve kirin\"},{\"@type\":\"BreadcrumbList\",\"@id\":\"https:\\\/\\\/darkamazi.info\\\/archives\\\/1019902#breadcrumb\",\"itemListElement\":[{\"@type\":\"ListItem\",\"position\":1,\"name\":\"Home\",\"item\":\"https:\\\/\\\/darkamazi.info\\\/\"},{\"@type\":\"ListItem\",\"position\":2,\"name\":\"Enc\u00fbmena Asay\u00ee\u015fa Kurdistan\u00ea \u00eet\u00eeraf\u00ean &#8220;gr\u00fbpa s\u00eexur\u00ee a Bad\u00eenan&#8221; parve kirin\"}]},{\"@type\":\"WebSite\",\"@id\":\"https:\\\/\\\/darkamazi.info\\\/#website\",\"url\":\"https:\\\/\\\/darkamazi.info\\\/\",\"name\":\"Darka Maz\u00ee\",\"description\":\"P\u00eageha Zanyariy\u00ean Nebih\u00eest\u00ee\",\"publisher\":{\"@id\":\"https:\\\/\\\/darkamazi.info\\\/#organization\"},\"potentialAction\":[{\"@type\":\"SearchAction\",\"target\":{\"@type\":\"EntryPoint\",\"urlTemplate\":\"https:\\\/\\\/darkamazi.info\\\/?s={search_term_string}\"},\"query-input\":{\"@type\":\"PropertyValueSpecification\",\"valueRequired\":true,\"valueName\":\"search_term_string\"}}],\"inLanguage\":\"en-US\"},{\"@type\":\"Organization\",\"@id\":\"https:\\\/\\\/darkamazi.info\\\/#organization\",\"name\":\"Darka Maz\u00ee\",\"url\":\"https:\\\/\\\/darkamazi.info\\\/\",\"logo\":{\"@type\":\"ImageObject\",\"inLanguage\":\"en-US\",\"@id\":\"https:\\\/\\\/darkamazi.info\\\/#\\\/schema\\\/logo\\\/image\\\/\",\"url\":\"https:\\\/\\\/darkamazi.info\\\/darka-content\\\/uploads\\\/2017\\\/12\\\/darka-mazi-logo.png\",\"contentUrl\":\"https:\\\/\\\/darkamazi.info\\\/darka-content\\\/uploads\\\/2017\\\/12\\\/darka-mazi-logo.png\",\"width\":151,\"height\":75,\"caption\":\"Darka Maz\u00ee\"},\"image\":{\"@id\":\"https:\\\/\\\/darkamazi.info\\\/#\\\/schema\\\/logo\\\/image\\\/\"},\"sameAs\":[\"https:\\\/\\\/www.facebook.com\\\/DarMaziKurmanci\",\"https:\\\/\\\/x.com\\\/DarkaMaziLatini\",\"https:\\\/\\\/www.instagram.com\\\/darkamazi.kurmanci\\\/\",\"https:\\\/\\\/www.youtube.com\\\/channel\\\/UCa5HkTdmI8U1qCUFuTw8B2g\"]},{\"@type\":\"Person\",\"@id\":\"https:\\\/\\\/darkamazi.info\\\/#\\\/schema\\\/person\\\/5ad3e24553a0567993fa8ed4bd0a776c\",\"name\":\"darka mazi\",\"sameAs\":[\"https:\\\/\\\/darkamazi.info\\\/\"],\"url\":\"https:\\\/\\\/darkamazi.info\\\/archives\\\/author\\\/kurdi\"}]}<\/script>\n<!-- \/ Yoast SEO plugin. -->","seo_head_json":{"title":"Enc\u00fbmena Asay\u00ee\u015fa Kurdistan\u00ea \u00eet\u00eeraf\u00ean \"gr\u00fbpa s\u00eexur\u00ee a Bad\u00eenan\" parve kirin - Darka Maz\u00ee","robots":{"index":"index","follow":"follow","max-snippet":"max-snippet:-1","max-image-preview":"max-image-preview:large","max-video-preview":"max-video-preview:-1"},"canonical":"https:\/\/darkamazi.info\/archives\/1019902","og_locale":"en_US","og_type":"article","og_title":"Enc\u00fbmena Asay\u00ee\u015fa Kurdistan\u00ea \u00eet\u00eeraf\u00ean \"gr\u00fbpa s\u00eexur\u00ee a Bad\u00eenan\" parve kirin - Darka Maz\u00ee","og_description":"[darkamazi_row][darkamazi_column][darkamazi_video link=&#8221;https:\/\/www.youtube.com\/watch?v=TxSsoXaN9Zw&#8221; align=&#8221;center&#8221;][darkamazi_column_text] Enc\u00fbmena Asay\u00ee\u015fa Her\u00eama Kurdistan\u00ea, \u00eero roja p\u00eanc\u015fem\u00ee 4\/3\/2021an be\u015fek\u00ee \u00eet\u00eeraf \u00fb wan belgeyan parvekirin ku bi sedema wan hukm\u00ea 6 salan z\u00eendan kirin\u00ea ji boy endam\u00ean v\u00ea gr\u00fbpa s\u00eexur\u00ee hatb\u00fb derkirin. Di \u00eet\u00eeraf\u00ean endam\u00ean v\u00ea gir\u00fbp\u00ea de xweya dibe ku v\u00ea gir\u00fbp\u00ea kar ji boy dirust kirina gr\u00fbpeke bi\u00e7\u00fbk a s\u00eexuriy\u00ea kiriye [&hellip;]","og_url":"https:\/\/darkamazi.info\/archives\/1019902","og_site_name":"Darka Maz\u00ee","article_publisher":"https:\/\/www.facebook.com\/DarMaziKurmanci","article_published_time":"2021-03-04T16:46:12+00:00","article_modified_time":"2021-03-11T13:33:33+00:00","og_image":[{"width":900,"height":497,"url":"https:\/\/darkamazi.info\/file\/2021\/03\/ajan-sixur-pkk.jpg","type":"image\/jpeg"}],"author":"darka mazi","twitter_card":"summary_large_image","twitter_creator":"@DarkaMaziLatini","twitter_site":"@DarkaMaziLatini","twitter_misc":{"Written by":"darka mazi","Est. reading time":"1 minute"},"schema":{"@context":"https:\/\/schema.org","@graph":[{"@type":"Article","@id":"https:\/\/darkamazi.info\/archives\/1019902#article","isPartOf":{"@id":"https:\/\/darkamazi.info\/archives\/1019902"},"author":{"name":"darka mazi","@id":"https:\/\/darkamazi.info\/#\/schema\/person\/5ad3e24553a0567993fa8ed4bd0a776c"},"headline":"Enc\u00fbmena Asay\u00ee\u015fa Kurdistan\u00ea \u00eet\u00eeraf\u00ean &#8220;gr\u00fbpa s\u00eexur\u00ee a Bad\u00eenan&#8221; parve kirin","datePublished":"2021-03-04T16:46:12+00:00","dateModified":"2021-03-11T13:33:33+00:00","mainEntityOfPage":{"@id":"https:\/\/darkamazi.info\/archives\/1019902"},"wordCount":214,"publisher":{"@id":"https:\/\/darkamazi.info\/#organization"},"image":{"@id":"https:\/\/darkamazi.info\/archives\/1019902#primaryimage"},"thumbnailUrl":"https:\/\/darkamazi.info\/file\/2021\/03\/ajan-sixur-pkk.jpg","keywords":["sereke"],"articleSection":["Kurdistan"],"inLanguage":"en-US"},{"@type":"WebPage","@id":"https:\/\/darkamazi.info\/archives\/1019902","url":"https:\/\/darkamazi.info\/archives\/1019902","name":"Enc\u00fbmena Asay\u00ee\u015fa Kurdistan\u00ea \u00eet\u00eeraf\u00ean \"gr\u00fbpa s\u00eexur\u00ee a Bad\u00eenan\" parve kirin - Darka Maz\u00ee","isPartOf":{"@id":"https:\/\/darkamazi.info\/#website"},"primaryImageOfPage":{"@id":"https:\/\/darkamazi.info\/archives\/1019902#primaryimage"},"image":{"@id":"https:\/\/darkamazi.info\/archives\/1019902#primaryimage"},"thumbnailUrl":"https:\/\/darkamazi.info\/file\/2021\/03\/ajan-sixur-pkk.jpg","datePublished":"2021-03-04T16:46:12+00:00","dateModified":"2021-03-11T13:33:33+00:00","breadcrumb":{"@id":"https:\/\/darkamazi.info\/archives\/1019902#breadcrumb"},"inLanguage":"en-US","potentialAction":[{"@type":"ReadAction","target":["https:\/\/darkamazi.info\/archives\/1019902"]}]},{"@type":"ImageObject","inLanguage":"en-US","@id":"https:\/\/darkamazi.info\/archives\/1019902#primaryimage","url":"https:\/\/darkamazi.info\/file\/2021\/03\/ajan-sixur-pkk.jpg","contentUrl":"https:\/\/darkamazi.info\/file\/2021\/03\/ajan-sixur-pkk.jpg","width":900,"height":497,"caption":"Enc\u00fbmena Asay\u00ee\u015fa Kurdistan\u00ea \u00eet\u00eeraf\u00ean \"gr\u00fbpa s\u00eexur\u00ee a Bad\u00eenan\" parve kirin"},{"@type":"BreadcrumbList","@id":"https:\/\/darkamazi.info\/archives\/1019902#breadcrumb","itemListElement":[{"@type":"ListItem","position":1,"name":"Home","item":"https:\/\/darkamazi.info\/"},{"@type":"ListItem","position":2,"name":"Enc\u00fbmena Asay\u00ee\u015fa Kurdistan\u00ea \u00eet\u00eeraf\u00ean &#8220;gr\u00fbpa s\u00eexur\u00ee a Bad\u00eenan&#8221; parve kirin"}]},{"@type":"WebSite","@id":"https:\/\/darkamazi.info\/#website","url":"https:\/\/darkamazi.info\/","name":"Darka Maz\u00ee","description":"P\u00eageha Zanyariy\u00ean Nebih\u00eest\u00ee","publisher":{"@id":"https:\/\/darkamazi.info\/#organization"},"potentialAction":[{"@type":"SearchAction","target":{"@type":"EntryPoint","urlTemplate":"https:\/\/darkamazi.info\/?s={search_term_string}"},"query-input":{"@type":"PropertyValueSpecification","valueRequired":true,"valueName":"search_term_string"}}],"inLanguage":"en-US"},{"@type":"Organization","@id":"https:\/\/darkamazi.info\/#organization","name":"Darka Maz\u00ee","url":"https:\/\/darkamazi.info\/","logo":{"@type":"ImageObject","inLanguage":"en-US","@id":"https:\/\/darkamazi.info\/#\/schema\/logo\/image\/","url":"https:\/\/darkamazi.info\/file\/2017\/12\/darka-mazi-logo.png","contentUrl":"https:\/\/darkamazi.info\/file\/2017\/12\/darka-mazi-logo.png","width":151,"height":75,"caption":"Darka Maz\u00ee"},"image":{"@id":"https:\/\/darkamazi.info\/#\/schema\/logo\/image\/"},"sameAs":["https:\/\/www.facebook.com\/DarMaziKurmanci","https:\/\/x.com\/DarkaMaziLatini","https:\/\/www.instagram.com\/darkamazi.kurmanci\/","https:\/\/www.youtube.com\/channel\/UCa5HkTdmI8U1qCUFuTw8B2g"]},{"@type":"Person","@id":"https:\/\/darkamazi.info\/#\/schema\/person\/5ad3e24553a0567993fa8ed4bd0a776c","name":"darka mazi","sameAs":["https:\/\/darkamazi.info\/"],"url":"https:\/\/darkamazi.info\/archives\/author\/kurdi"}]}},"_links":{"self":[{"href":"https:\/\/darkamazi.info\/funavuv\/wp\/v2\/posts\/1019902","targetHints":{"allow":["GET"]}}],"collection":[{"href":"https:\/\/darkamazi.info\/funavuv\/wp\/v2\/posts"}],"about":[{"href":"https:\/\/darkamazi.info\/funavuv\/wp\/v2\/types\/post"}],"author":[{"embeddable":true,"href":"https:\/\/darkamazi.info\/funavuv\/wp\/v2\/users\/2"}],"replies":[{"embeddable":true,"href":"https:\/\/darkamazi.info\/funavuv\/wp\/v2\/comments?post=1019902"}],"version-history":[{"count":0,"href":"https:\/\/darkamazi.info\/funavuv\/wp\/v2\/posts\/1019902\/revisions"}],"wp:featuredmedia":[{"embeddable":true,"href":"https:\/\/darkamazi.info\/funavuv\/wp\/v2\/media\/1019903"}],"wp:attachment":[{"href":"https:\/\/darkamazi.info\/funavuv\/wp\/v2\/media?parent=1019902"}],"wp:term":[{"taxonomy":"category","embeddable":true,"href":"https:\/\/darkamazi.info\/funavuv\/wp\/v2\/categories?post=1019902"},{"taxonomy":"post_tag","embeddable":true,"href":"https:\/\/darkamazi.info\/funavuv\/wp\/v2\/tags?post=1019902"}],"curies":[{"name":"wp","href":"https:\/\/api.w.org\/{rel}","templated":true}]}}