{"id":1019944,"date":"2021-03-07T12:40:55","date_gmt":"2021-03-07T09:40:55","guid":{"rendered":"https:\/\/darkamazi.info\/?p=1019944"},"modified":"2021-03-07T12:40:55","modified_gmt":"2021-03-07T09:40:55","slug":"2-milyon-dolaren-pkke-hatin-girtin","status":"publish","type":"post","link":"https:\/\/darkamazi.info\/archives\/1019944","title":{"rendered":"2 milyon dolar\u00ean PKK\u00ea hatin girtin"},"content":{"rendered":"<h3 style=\"direction: ltr;text-align: justify\"><span style=\"font-family: 'arial black', sans-serif\">3 \u00e7ekdar\u00ean PKK\u00ea bi kujm\u00ea 2 milyon dolar\u00ean Amer\u00eek\u00ee li nav\u00e7ey\u00ean s\u00eenor ketin dest\u00ea arte\u015fa Tirkiy\u00ea, \u00e7ekdaran di xwest van pereyan bigh\u00eenin r\u00eaxistin\u00ea.<\/span><\/h3>\n<h3 style=\"direction: ltr;text-align: justify\">Li nav\u00e7eya Ra\u00ee a gir\u00eaday bajarok\u00ea Bab\u00ea li s\u00eenor\u00ea Bakur\u00ea Kurdistan\u00ea \u00fb S\u00fbriy\u00ea, 3 \u00e7ekdar\u00ean PKK\u00ea bi kujm\u00ea 2 milyon dolar\u00ean Amer\u00eek\u00ee ketin dest\u00ea arte\u015fa Tirkiy\u00ea, \u00e7ekdaran di xwest derbas\u00ee Minbc\u00ea bibin ji bo ku wan pereyan bigih\u00eenin r\u00eaxistina PKK\u00ea.<\/h3>\n<h3 style=\"direction: ltr;text-align: justify\">Ajansa Enadol\u00ea a dewleta Tirkiy\u00ea belav kir ku ev \u00e7ekdar hatine bin \u00e7av kirin \u00fb danp\u00eadan kirine ku wan dixwest van pereyan bigh\u00eenin berpirs\u00ean PKK\u00ea li Minbc\u00ea.<\/h3>\n<h3 style=\"direction: ltr;text-align: justify\">H\u00eajay gotin\u00ea ye, stendna bi zor a bac\u00ea ji \u015f\u00ean\u00ee, wez\u00eefedar, xwed\u00eekar \u00fb bazirgan\u00ean Rojava Kurdistan\u00ea, hemwext bazirgan\u00eeya maddey\u00ean hi\u015fber\u00ea, \u00e7avkan\u00eeya sereke ya daray\u00ee ya r\u00eaxistina PKK\u00ea ye, ev y\u00eak ji h\u00eala Europol \u00ea, pol\u00ees\u00ean Yek\u00eat\u00eeya Ewropay\u00ea ve hat\u00eeye tesb\u00eet kirin.<\/h3>\n","protected":false},"excerpt":{"rendered":"<p>3 \u00e7ekdar\u00ean PKK\u00ea bi kujm\u00ea 2 milyon dolar\u00ean Amer\u00eek\u00ee li nav\u00e7ey\u00ean s\u00eenor ketin dest\u00ea arte\u015fa Tirkiy\u00ea, \u00e7ekdaran di xwest van pereyan bigh\u00eenin r\u00eaxistin\u00ea. Li nav\u00e7eya Ra\u00ee a gir\u00eaday bajarok\u00ea Bab\u00ea li s\u00eenor\u00ea Bakur\u00ea Kurdistan\u00ea \u00fb S\u00fbriy\u00ea, 3 \u00e7ekdar\u00ean PKK\u00ea bi kujm\u00ea 2 milyon dolar\u00ean Amer\u00eek\u00ee ketin dest\u00ea arte\u015fa Tirkiy\u00ea, \u00e7ekdaran di xwest derbas\u00ee Minbc\u00ea bibin [&hellip;]<\/p>\n","protected":false},"author":2,"featured_media":1019945,"comment_status":"closed","ping_status":"closed","sticky":false,"template":"","format":"standard","meta":{"footnotes":""},"categories":[29],"tags":[37],"class_list":["post-1019944","post","type-post","status-publish","format-standard","has-post-thumbnail","hentry","category-kurdistan","tag-sereke"],"blocksy_meta":[],"seo_head":"<!-- This site is optimized with the Yoast SEO plugin v27.5 - https:\/\/yoast.com\/product\/yoast-seo-wordpress\/ -->\n<title>2 milyon dolar\u00ean PKK\u00ea hatin girtin - Darka Maz\u00ee<\/title>\n<meta name=\"robots\" content=\"index, follow, max-snippet:-1, max-image-preview:large, max-video-preview:-1\" \/>\n<link rel=\"canonical\" href=\"https:\/\/darkamazi.info\/archives\/1019944\" \/>\n<meta property=\"og:locale\" content=\"en_US\" \/>\n<meta property=\"og:type\" content=\"article\" \/>\n<meta property=\"og:title\" content=\"2 milyon dolar\u00ean PKK\u00ea hatin girtin - Darka Maz\u00ee\" \/>\n<meta property=\"og:description\" content=\"3 \u00e7ekdar\u00ean PKK\u00ea bi kujm\u00ea 2 milyon dolar\u00ean Amer\u00eek\u00ee li nav\u00e7ey\u00ean s\u00eenor ketin dest\u00ea arte\u015fa Tirkiy\u00ea, \u00e7ekdaran di xwest van pereyan bigh\u00eenin r\u00eaxistin\u00ea. Li nav\u00e7eya Ra\u00ee a gir\u00eaday bajarok\u00ea Bab\u00ea li s\u00eenor\u00ea Bakur\u00ea Kurdistan\u00ea \u00fb S\u00fbriy\u00ea, 3 \u00e7ekdar\u00ean PKK\u00ea bi kujm\u00ea 2 milyon dolar\u00ean Amer\u00eek\u00ee ketin dest\u00ea arte\u015fa Tirkiy\u00ea, \u00e7ekdaran di xwest derbas\u00ee Minbc\u00ea bibin [&hellip;]\" \/>\n<meta property=\"og:url\" content=\"https:\/\/darkamazi.info\/archives\/1019944\" \/>\n<meta property=\"og:site_name\" content=\"Darka Maz\u00ee\" \/>\n<meta property=\"article:publisher\" content=\"https:\/\/www.facebook.com\/DarMaziKurmanci\" \/>\n<meta property=\"article:published_time\" content=\"2021-03-07T09:40:55+00:00\" \/>\n<meta property=\"og:image\" content=\"https:\/\/darkamazi.info\/file\/2021\/03\/pkk-dollars-sabri-ok-cemil-baiyk-1.jpg\" \/>\n\t<meta property=\"og:image:width\" content=\"900\" \/>\n\t<meta property=\"og:image:height\" content=\"497\" \/>\n\t<meta property=\"og:image:type\" content=\"image\/jpeg\" \/>\n<meta name=\"author\" content=\"darka mazi\" \/>\n<meta name=\"twitter:card\" content=\"summary_large_image\" \/>\n<meta name=\"twitter:creator\" content=\"@DarkaMaziLatini\" \/>\n<meta name=\"twitter:site\" content=\"@DarkaMaziLatini\" \/>\n<meta name=\"twitter:label1\" content=\"Written by\" \/>\n\t<meta name=\"twitter:data1\" content=\"darka mazi\" \/>\n\t<meta name=\"twitter:label2\" content=\"Est. reading time\" \/>\n\t<meta name=\"twitter:data2\" content=\"1 minute\" \/>\n<script type=\"application\/ld+json\" class=\"seo-schema-graph\">{\"@context\":\"https:\\\/\\\/schema.org\",\"@graph\":[{\"@type\":\"Article\",\"@id\":\"https:\\\/\\\/darkamazi.info\\\/archives\\\/1019944#article\",\"isPartOf\":{\"@id\":\"https:\\\/\\\/darkamazi.info\\\/archives\\\/1019944\"},\"author\":{\"name\":\"darka mazi\",\"@id\":\"https:\\\/\\\/darkamazi.info\\\/#\\\/schema\\\/person\\\/5ad3e24553a0567993fa8ed4bd0a776c\"},\"headline\":\"2 milyon dolar\u00ean PKK\u00ea hatin girtin\",\"datePublished\":\"2021-03-07T09:40:55+00:00\",\"mainEntityOfPage\":{\"@id\":\"https:\\\/\\\/darkamazi.info\\\/archives\\\/1019944\"},\"wordCount\":168,\"publisher\":{\"@id\":\"https:\\\/\\\/darkamazi.info\\\/#organization\"},\"image\":{\"@id\":\"https:\\\/\\\/darkamazi.info\\\/archives\\\/1019944#primaryimage\"},\"thumbnailUrl\":\"https:\\\/\\\/darkamazi.info\\\/darka-content\\\/uploads\\\/2021\\\/03\\\/pkk-dollars-sabri-ok-cemil-baiyk-1.jpg\",\"keywords\":[\"sereke\"],\"articleSection\":[\"Kurdistan\"],\"inLanguage\":\"en-US\"},{\"@type\":\"WebPage\",\"@id\":\"https:\\\/\\\/darkamazi.info\\\/archives\\\/1019944\",\"url\":\"https:\\\/\\\/darkamazi.info\\\/archives\\\/1019944\",\"name\":\"2 milyon dolar\u00ean PKK\u00ea hatin girtin - Darka Maz\u00ee\",\"isPartOf\":{\"@id\":\"https:\\\/\\\/darkamazi.info\\\/#website\"},\"primaryImageOfPage\":{\"@id\":\"https:\\\/\\\/darkamazi.info\\\/archives\\\/1019944#primaryimage\"},\"image\":{\"@id\":\"https:\\\/\\\/darkamazi.info\\\/archives\\\/1019944#primaryimage\"},\"thumbnailUrl\":\"https:\\\/\\\/darkamazi.info\\\/darka-content\\\/uploads\\\/2021\\\/03\\\/pkk-dollars-sabri-ok-cemil-baiyk-1.jpg\",\"datePublished\":\"2021-03-07T09:40:55+00:00\",\"breadcrumb\":{\"@id\":\"https:\\\/\\\/darkamazi.info\\\/archives\\\/1019944#breadcrumb\"},\"inLanguage\":\"en-US\",\"potentialAction\":[{\"@type\":\"ReadAction\",\"target\":[\"https:\\\/\\\/darkamazi.info\\\/archives\\\/1019944\"]}]},{\"@type\":\"ImageObject\",\"inLanguage\":\"en-US\",\"@id\":\"https:\\\/\\\/darkamazi.info\\\/archives\\\/1019944#primaryimage\",\"url\":\"https:\\\/\\\/darkamazi.info\\\/darka-content\\\/uploads\\\/2021\\\/03\\\/pkk-dollars-sabri-ok-cemil-baiyk-1.jpg\",\"contentUrl\":\"https:\\\/\\\/darkamazi.info\\\/darka-content\\\/uploads\\\/2021\\\/03\\\/pkk-dollars-sabri-ok-cemil-baiyk-1.jpg\",\"width\":900,\"height\":497,\"caption\":\"2 milyon dolar\u00ean PKK\u00ea hatin girtin\"},{\"@type\":\"BreadcrumbList\",\"@id\":\"https:\\\/\\\/darkamazi.info\\\/archives\\\/1019944#breadcrumb\",\"itemListElement\":[{\"@type\":\"ListItem\",\"position\":1,\"name\":\"Home\",\"item\":\"https:\\\/\\\/darkamazi.info\\\/\"},{\"@type\":\"ListItem\",\"position\":2,\"name\":\"2 milyon dolar\u00ean PKK\u00ea hatin girtin\"}]},{\"@type\":\"WebSite\",\"@id\":\"https:\\\/\\\/darkamazi.info\\\/#website\",\"url\":\"https:\\\/\\\/darkamazi.info\\\/\",\"name\":\"Darka Maz\u00ee\",\"description\":\"P\u00eageha Zanyariy\u00ean Nebih\u00eest\u00ee\",\"publisher\":{\"@id\":\"https:\\\/\\\/darkamazi.info\\\/#organization\"},\"potentialAction\":[{\"@type\":\"SearchAction\",\"target\":{\"@type\":\"EntryPoint\",\"urlTemplate\":\"https:\\\/\\\/darkamazi.info\\\/?s={search_term_string}\"},\"query-input\":{\"@type\":\"PropertyValueSpecification\",\"valueRequired\":true,\"valueName\":\"search_term_string\"}}],\"inLanguage\":\"en-US\"},{\"@type\":\"Organization\",\"@id\":\"https:\\\/\\\/darkamazi.info\\\/#organization\",\"name\":\"Darka Maz\u00ee\",\"url\":\"https:\\\/\\\/darkamazi.info\\\/\",\"logo\":{\"@type\":\"ImageObject\",\"inLanguage\":\"en-US\",\"@id\":\"https:\\\/\\\/darkamazi.info\\\/#\\\/schema\\\/logo\\\/image\\\/\",\"url\":\"https:\\\/\\\/darkamazi.info\\\/darka-content\\\/uploads\\\/2017\\\/12\\\/darka-mazi-logo.png\",\"contentUrl\":\"https:\\\/\\\/darkamazi.info\\\/darka-content\\\/uploads\\\/2017\\\/12\\\/darka-mazi-logo.png\",\"width\":151,\"height\":75,\"caption\":\"Darka Maz\u00ee\"},\"image\":{\"@id\":\"https:\\\/\\\/darkamazi.info\\\/#\\\/schema\\\/logo\\\/image\\\/\"},\"sameAs\":[\"https:\\\/\\\/www.facebook.com\\\/DarMaziKurmanci\",\"https:\\\/\\\/x.com\\\/DarkaMaziLatini\",\"https:\\\/\\\/www.instagram.com\\\/darkamazi.kurmanci\\\/\",\"https:\\\/\\\/www.youtube.com\\\/channel\\\/UCa5HkTdmI8U1qCUFuTw8B2g\"]},{\"@type\":\"Person\",\"@id\":\"https:\\\/\\\/darkamazi.info\\\/#\\\/schema\\\/person\\\/5ad3e24553a0567993fa8ed4bd0a776c\",\"name\":\"darka mazi\",\"sameAs\":[\"https:\\\/\\\/darkamazi.info\\\/\"],\"url\":\"https:\\\/\\\/darkamazi.info\\\/archives\\\/author\\\/kurdi\"}]}<\/script>\n<!-- \/ Yoast SEO plugin. -->","seo_head_json":{"title":"2 milyon dolar\u00ean PKK\u00ea hatin girtin - Darka Maz\u00ee","robots":{"index":"index","follow":"follow","max-snippet":"max-snippet:-1","max-image-preview":"max-image-preview:large","max-video-preview":"max-video-preview:-1"},"canonical":"https:\/\/darkamazi.info\/archives\/1019944","og_locale":"en_US","og_type":"article","og_title":"2 milyon dolar\u00ean PKK\u00ea hatin girtin - Darka Maz\u00ee","og_description":"3 \u00e7ekdar\u00ean PKK\u00ea bi kujm\u00ea 2 milyon dolar\u00ean Amer\u00eek\u00ee li nav\u00e7ey\u00ean s\u00eenor ketin dest\u00ea arte\u015fa Tirkiy\u00ea, \u00e7ekdaran di xwest van pereyan bigh\u00eenin r\u00eaxistin\u00ea. Li nav\u00e7eya Ra\u00ee a gir\u00eaday bajarok\u00ea Bab\u00ea li s\u00eenor\u00ea Bakur\u00ea Kurdistan\u00ea \u00fb S\u00fbriy\u00ea, 3 \u00e7ekdar\u00ean PKK\u00ea bi kujm\u00ea 2 milyon dolar\u00ean Amer\u00eek\u00ee ketin dest\u00ea arte\u015fa Tirkiy\u00ea, \u00e7ekdaran di xwest derbas\u00ee Minbc\u00ea bibin [&hellip;]","og_url":"https:\/\/darkamazi.info\/archives\/1019944","og_site_name":"Darka Maz\u00ee","article_publisher":"https:\/\/www.facebook.com\/DarMaziKurmanci","article_published_time":"2021-03-07T09:40:55+00:00","og_image":[{"width":900,"height":497,"url":"https:\/\/darkamazi.info\/file\/2021\/03\/pkk-dollars-sabri-ok-cemil-baiyk-1.jpg","type":"image\/jpeg"}],"author":"darka mazi","twitter_card":"summary_large_image","twitter_creator":"@DarkaMaziLatini","twitter_site":"@DarkaMaziLatini","twitter_misc":{"Written by":"darka mazi","Est. reading time":"1 minute"},"schema":{"@context":"https:\/\/schema.org","@graph":[{"@type":"Article","@id":"https:\/\/darkamazi.info\/archives\/1019944#article","isPartOf":{"@id":"https:\/\/darkamazi.info\/archives\/1019944"},"author":{"name":"darka mazi","@id":"https:\/\/darkamazi.info\/#\/schema\/person\/5ad3e24553a0567993fa8ed4bd0a776c"},"headline":"2 milyon dolar\u00ean PKK\u00ea hatin girtin","datePublished":"2021-03-07T09:40:55+00:00","mainEntityOfPage":{"@id":"https:\/\/darkamazi.info\/archives\/1019944"},"wordCount":168,"publisher":{"@id":"https:\/\/darkamazi.info\/#organization"},"image":{"@id":"https:\/\/darkamazi.info\/archives\/1019944#primaryimage"},"thumbnailUrl":"https:\/\/darkamazi.info\/file\/2021\/03\/pkk-dollars-sabri-ok-cemil-baiyk-1.jpg","keywords":["sereke"],"articleSection":["Kurdistan"],"inLanguage":"en-US"},{"@type":"WebPage","@id":"https:\/\/darkamazi.info\/archives\/1019944","url":"https:\/\/darkamazi.info\/archives\/1019944","name":"2 milyon dolar\u00ean PKK\u00ea hatin girtin - Darka Maz\u00ee","isPartOf":{"@id":"https:\/\/darkamazi.info\/#website"},"primaryImageOfPage":{"@id":"https:\/\/darkamazi.info\/archives\/1019944#primaryimage"},"image":{"@id":"https:\/\/darkamazi.info\/archives\/1019944#primaryimage"},"thumbnailUrl":"https:\/\/darkamazi.info\/file\/2021\/03\/pkk-dollars-sabri-ok-cemil-baiyk-1.jpg","datePublished":"2021-03-07T09:40:55+00:00","breadcrumb":{"@id":"https:\/\/darkamazi.info\/archives\/1019944#breadcrumb"},"inLanguage":"en-US","potentialAction":[{"@type":"ReadAction","target":["https:\/\/darkamazi.info\/archives\/1019944"]}]},{"@type":"ImageObject","inLanguage":"en-US","@id":"https:\/\/darkamazi.info\/archives\/1019944#primaryimage","url":"https:\/\/darkamazi.info\/file\/2021\/03\/pkk-dollars-sabri-ok-cemil-baiyk-1.jpg","contentUrl":"https:\/\/darkamazi.info\/file\/2021\/03\/pkk-dollars-sabri-ok-cemil-baiyk-1.jpg","width":900,"height":497,"caption":"2 milyon dolar\u00ean PKK\u00ea hatin girtin"},{"@type":"BreadcrumbList","@id":"https:\/\/darkamazi.info\/archives\/1019944#breadcrumb","itemListElement":[{"@type":"ListItem","position":1,"name":"Home","item":"https:\/\/darkamazi.info\/"},{"@type":"ListItem","position":2,"name":"2 milyon dolar\u00ean PKK\u00ea hatin girtin"}]},{"@type":"WebSite","@id":"https:\/\/darkamazi.info\/#website","url":"https:\/\/darkamazi.info\/","name":"Darka Maz\u00ee","description":"P\u00eageha Zanyariy\u00ean Nebih\u00eest\u00ee","publisher":{"@id":"https:\/\/darkamazi.info\/#organization"},"potentialAction":[{"@type":"SearchAction","target":{"@type":"EntryPoint","urlTemplate":"https:\/\/darkamazi.info\/?s={search_term_string}"},"query-input":{"@type":"PropertyValueSpecification","valueRequired":true,"valueName":"search_term_string"}}],"inLanguage":"en-US"},{"@type":"Organization","@id":"https:\/\/darkamazi.info\/#organization","name":"Darka Maz\u00ee","url":"https:\/\/darkamazi.info\/","logo":{"@type":"ImageObject","inLanguage":"en-US","@id":"https:\/\/darkamazi.info\/#\/schema\/logo\/image\/","url":"https:\/\/darkamazi.info\/file\/2017\/12\/darka-mazi-logo.png","contentUrl":"https:\/\/darkamazi.info\/file\/2017\/12\/darka-mazi-logo.png","width":151,"height":75,"caption":"Darka Maz\u00ee"},"image":{"@id":"https:\/\/darkamazi.info\/#\/schema\/logo\/image\/"},"sameAs":["https:\/\/www.facebook.com\/DarMaziKurmanci","https:\/\/x.com\/DarkaMaziLatini","https:\/\/www.instagram.com\/darkamazi.kurmanci\/","https:\/\/www.youtube.com\/channel\/UCa5HkTdmI8U1qCUFuTw8B2g"]},{"@type":"Person","@id":"https:\/\/darkamazi.info\/#\/schema\/person\/5ad3e24553a0567993fa8ed4bd0a776c","name":"darka mazi","sameAs":["https:\/\/darkamazi.info\/"],"url":"https:\/\/darkamazi.info\/archives\/author\/kurdi"}]}},"_links":{"self":[{"href":"https:\/\/darkamazi.info\/funavuv\/wp\/v2\/posts\/1019944","targetHints":{"allow":["GET"]}}],"collection":[{"href":"https:\/\/darkamazi.info\/funavuv\/wp\/v2\/posts"}],"about":[{"href":"https:\/\/darkamazi.info\/funavuv\/wp\/v2\/types\/post"}],"author":[{"embeddable":true,"href":"https:\/\/darkamazi.info\/funavuv\/wp\/v2\/users\/2"}],"replies":[{"embeddable":true,"href":"https:\/\/darkamazi.info\/funavuv\/wp\/v2\/comments?post=1019944"}],"version-history":[{"count":0,"href":"https:\/\/darkamazi.info\/funavuv\/wp\/v2\/posts\/1019944\/revisions"}],"wp:featuredmedia":[{"embeddable":true,"href":"https:\/\/darkamazi.info\/funavuv\/wp\/v2\/media\/1019945"}],"wp:attachment":[{"href":"https:\/\/darkamazi.info\/funavuv\/wp\/v2\/media?parent=1019944"}],"wp:term":[{"taxonomy":"category","embeddable":true,"href":"https:\/\/darkamazi.info\/funavuv\/wp\/v2\/categories?post=1019944"},{"taxonomy":"post_tag","embeddable":true,"href":"https:\/\/darkamazi.info\/funavuv\/wp\/v2\/tags?post=1019944"}],"curies":[{"name":"wp","href":"https:\/\/api.w.org\/{rel}","templated":true}]}}