{"id":1019948,"date":"2021-03-07T14:07:19","date_gmt":"2021-03-07T11:07:19","guid":{"rendered":"https:\/\/darkamazi.info\/?p=1019948"},"modified":"2021-03-07T14:25:58","modified_gmt":"2021-03-07T11:25:58","slug":"serdana-diroki-ya-papa-firansis-ji-boy-basure-kurdistane","status":"publish","type":"post","link":"https:\/\/darkamazi.info\/archives\/1019948","title":{"rendered":"Serdana d\u00eerok\u00ee ya Papa Firans\u00ees ji boy Ba\u015f\u00fbr\u00ea Kurdistan\u00ea"},"content":{"rendered":"<div class=\"wpb-content-wrapper\"><p>[darkamazi_row][darkamazi_column][darkamazi_message message_box_style=&#8221;3d&#8221; message_box_color=&#8221;chino&#8221;]<\/p>\n<h3 style=\"text-align: justify\"><span style=\"font-family: 'arial black', sans-serif\">Serdana d\u00eerok\u00ee ya Papa Firans\u00ees, Papay\u00ea Vat\u00eekan\u00ea \u00fb p\u00ea\u015feng\u00ea ol\u00ee y\u00ea Katol\u00eek\u00ean c\u00eehan\u00ea ji boy Hewl\u00ear\u00ea paytexta Ba\u015f\u00fbr\u00ea Kurdistan\u00ea, ev serdan bi her\u00ee gir\u00eeng ji boy p\u00eageha Ba\u015f\u00fbr \u00fb ewleh\u00eeya nav\u00e7ey\u00ea t\u00ea hesab kirin.<\/span><\/h3>\n<h3 style=\"text-align: justify\"><span style=\"font-family: 'arial black', sans-serif\">Papa Firans\u00ees pesina parastina p\u00eakhatey\u00ean ol\u00ee \u00fb netewey li Ba\u015f\u00fbr\u00ea Kurdistan\u00ea kir \u00fb hewl\u00ean serok Mes\u00fbd Barzan\u00ee di v\u00ea derbar\u00ea de sipas kir.<\/span><\/h3>\n<p>[\/darkamazi_message][mpc_carousel_image preset=&#8221;mpc_preset_8&#8243; loop=&#8221;true&#8221; auto_slide=&#8221;true&#8221; delay=&#8221;1700&#8243; speed=&#8221;700&#8243; images=&#8221;1019962,1019949,1019950,1019951,1019952,1019953,1019954,1019955,1019956,1019957,1019958,1019959,1019960,1019961&#8243; rows=&#8221;1&#8243; cols=&#8221;1&#8243; gap=&#8221;5&#8243; start_at=&#8221;1&#8243; image_size=&#8221;large&#8221; image_opacity=&#8221;100&#8243; image_border_css=&#8221;border-width:15px;border-color:#f3f3f3;border-style:solid;&#8221; image_hover_opacity=&#8221;100&#8243; image_hover_border_css=&#8221;border-color:#ffffff;&#8221; overlay_icon_align=&#8221;top-right&#8221; overlay_enable_lightbox=&#8221;true&#8221; overlay_icon=&#8221;eti eti_arrow_expand&#8221; overlay_icon_color=&#8221;#ffffff&#8221; overlay_icon_size=&#8221;20&#8243; overlay_icon_background=&#8221;#dd2c3e&#8221; overlay_icon_margin_divider=&#8221;true&#8221; overlay_icon_margin_css=&#8221;margin-top:30px;margin-right:30px;&#8221; overlay_icon_padding_divider=&#8221;true&#8221; overlay_icon_padding_css=&#8221;padding-top:15px;padding-right:20px;padding-bottom:15px;padding-left:20px;&#8221; overlay_hover_color=&#8221;#fcfcfc&#8221; overlay_hover_icon_background=&#8221;#dd0016&#8243; mpc_navigation__preset=&#8221;mpc_preset_39&#8243; mpc_navigation__prev_margin_divider=&#8221;true&#8221; mpc_navigation__next_margin_divider=&#8221;true&#8221; mpc_navigation__padding_divider=&#8221;true&#8221; image_hover_inner_border_css=&#8221;box-shadow: inset 0px 0px 0px 10px rgba(255,255,255,0.7);&#8221;][\/darkamazi_column][\/darkamazi_row][darkamazi_row][darkamazi_column][\/darkamazi_column][\/darkamazi_row]<\/p>\n<\/div>","protected":false},"excerpt":{"rendered":"<p>[darkamazi_row][darkamazi_column][darkamazi_message message_box_style=&#8221;3d&#8221; message_box_color=&#8221;chino&#8221;] Serdana d\u00eerok\u00ee ya Papa Firans\u00ees, Papay\u00ea Vat\u00eekan\u00ea \u00fb p\u00ea\u015feng\u00ea ol\u00ee y\u00ea Katol\u00eek\u00ean c\u00eehan\u00ea ji boy Hewl\u00ear\u00ea paytexta Ba\u015f\u00fbr\u00ea Kurdistan\u00ea, ev serdan bi her\u00ee gir\u00eeng ji boy p\u00eageha Ba\u015f\u00fbr \u00fb ewleh\u00eeya nav\u00e7ey\u00ea t\u00ea hesab kirin. Papa Firans\u00ees pesina parastina p\u00eakhatey\u00ean ol\u00ee \u00fb netewey li Ba\u015f\u00fbr\u00ea Kurdistan\u00ea kir \u00fb hewl\u00ean serok Mes\u00fbd Barzan\u00ee di [&hellip;]<\/p>\n","protected":false},"author":2,"featured_media":1019967,"comment_status":"closed","ping_status":"closed","sticky":false,"template":"","format":"standard","meta":{"footnotes":""},"categories":[32],"tags":[37],"class_list":["post-1019948","post","type-post","status-publish","format-standard","has-post-thumbnail","hentry","category-foto-stori","tag-sereke"],"blocksy_meta":[],"seo_head":"<!-- This site is optimized with the Yoast SEO plugin v27.5 - https:\/\/yoast.com\/product\/yoast-seo-wordpress\/ -->\n<title>Serdana d\u00eerok\u00ee ya Papa Firans\u00ees ji boy Ba\u015f\u00fbr\u00ea Kurdistan\u00ea - Darka Maz\u00ee<\/title>\n<meta name=\"robots\" content=\"index, follow, max-snippet:-1, max-image-preview:large, max-video-preview:-1\" \/>\n<link rel=\"canonical\" href=\"https:\/\/darkamazi.info\/archives\/1019948\" \/>\n<meta property=\"og:locale\" content=\"en_US\" \/>\n<meta property=\"og:type\" content=\"article\" \/>\n<meta property=\"og:title\" content=\"Serdana d\u00eerok\u00ee ya Papa Firans\u00ees ji boy Ba\u015f\u00fbr\u00ea Kurdistan\u00ea - Darka Maz\u00ee\" \/>\n<meta property=\"og:description\" content=\"[darkamazi_row][darkamazi_column][darkamazi_message message_box_style=&#8221;3d&#8221; message_box_color=&#8221;chino&#8221;] Serdana d\u00eerok\u00ee ya Papa Firans\u00ees, Papay\u00ea Vat\u00eekan\u00ea \u00fb p\u00ea\u015feng\u00ea ol\u00ee y\u00ea Katol\u00eek\u00ean c\u00eehan\u00ea ji boy Hewl\u00ear\u00ea paytexta Ba\u015f\u00fbr\u00ea Kurdistan\u00ea, ev serdan bi her\u00ee gir\u00eeng ji boy p\u00eageha Ba\u015f\u00fbr \u00fb ewleh\u00eeya nav\u00e7ey\u00ea t\u00ea hesab kirin. Papa Firans\u00ees pesina parastina p\u00eakhatey\u00ean ol\u00ee \u00fb netewey li Ba\u015f\u00fbr\u00ea Kurdistan\u00ea kir \u00fb hewl\u00ean serok Mes\u00fbd Barzan\u00ee di [&hellip;]\" \/>\n<meta property=\"og:url\" content=\"https:\/\/darkamazi.info\/archives\/1019948\" \/>\n<meta property=\"og:site_name\" content=\"Darka Maz\u00ee\" \/>\n<meta property=\"article:publisher\" content=\"https:\/\/www.facebook.com\/DarMaziKurmanci\" \/>\n<meta property=\"article:published_time\" content=\"2021-03-07T11:07:19+00:00\" \/>\n<meta property=\"article:modified_time\" content=\"2021-03-07T11:25:58+00:00\" \/>\n<meta property=\"og:image\" content=\"https:\/\/darkamazi.info\/file\/2021\/03\/papa-kurdistan-arbil-2.jpg\" \/>\n\t<meta property=\"og:image:width\" content=\"900\" \/>\n\t<meta property=\"og:image:height\" content=\"497\" \/>\n\t<meta property=\"og:image:type\" content=\"image\/jpeg\" \/>\n<meta name=\"author\" content=\"darka mazi\" \/>\n<meta name=\"twitter:card\" content=\"summary_large_image\" \/>\n<meta name=\"twitter:creator\" content=\"@DarkaMaziLatini\" \/>\n<meta name=\"twitter:site\" content=\"@DarkaMaziLatini\" \/>\n<meta name=\"twitter:label1\" content=\"Written by\" \/>\n\t<meta name=\"twitter:data1\" content=\"darka mazi\" \/>\n\t<meta name=\"twitter:label2\" content=\"Est. reading time\" \/>\n\t<meta name=\"twitter:data2\" content=\"1 minute\" \/>\n<script type=\"application\/ld+json\" class=\"seo-schema-graph\">{\"@context\":\"https:\\\/\\\/schema.org\",\"@graph\":[{\"@type\":\"Article\",\"@id\":\"https:\\\/\\\/darkamazi.info\\\/archives\\\/1019948#article\",\"isPartOf\":{\"@id\":\"https:\\\/\\\/darkamazi.info\\\/archives\\\/1019948\"},\"author\":{\"name\":\"darka mazi\",\"@id\":\"https:\\\/\\\/darkamazi.info\\\/#\\\/schema\\\/person\\\/5ad3e24553a0567993fa8ed4bd0a776c\"},\"headline\":\"Serdana d\u00eerok\u00ee ya Papa Firans\u00ees ji boy Ba\u015f\u00fbr\u00ea Kurdistan\u00ea\",\"datePublished\":\"2021-03-07T11:07:19+00:00\",\"dateModified\":\"2021-03-07T11:25:58+00:00\",\"mainEntityOfPage\":{\"@id\":\"https:\\\/\\\/darkamazi.info\\\/archives\\\/1019948\"},\"wordCount\":257,\"publisher\":{\"@id\":\"https:\\\/\\\/darkamazi.info\\\/#organization\"},\"image\":{\"@id\":\"https:\\\/\\\/darkamazi.info\\\/archives\\\/1019948#primaryimage\"},\"thumbnailUrl\":\"https:\\\/\\\/darkamazi.info\\\/darka-content\\\/uploads\\\/2021\\\/03\\\/papa-kurdistan-arbil-2.jpg\",\"keywords\":[\"sereke\"],\"articleSection\":[\"Foto Stor\u00ee\"],\"inLanguage\":\"en-US\"},{\"@type\":\"WebPage\",\"@id\":\"https:\\\/\\\/darkamazi.info\\\/archives\\\/1019948\",\"url\":\"https:\\\/\\\/darkamazi.info\\\/archives\\\/1019948\",\"name\":\"Serdana d\u00eerok\u00ee ya Papa Firans\u00ees ji boy Ba\u015f\u00fbr\u00ea Kurdistan\u00ea - Darka Maz\u00ee\",\"isPartOf\":{\"@id\":\"https:\\\/\\\/darkamazi.info\\\/#website\"},\"primaryImageOfPage\":{\"@id\":\"https:\\\/\\\/darkamazi.info\\\/archives\\\/1019948#primaryimage\"},\"image\":{\"@id\":\"https:\\\/\\\/darkamazi.info\\\/archives\\\/1019948#primaryimage\"},\"thumbnailUrl\":\"https:\\\/\\\/darkamazi.info\\\/darka-content\\\/uploads\\\/2021\\\/03\\\/papa-kurdistan-arbil-2.jpg\",\"datePublished\":\"2021-03-07T11:07:19+00:00\",\"dateModified\":\"2021-03-07T11:25:58+00:00\",\"breadcrumb\":{\"@id\":\"https:\\\/\\\/darkamazi.info\\\/archives\\\/1019948#breadcrumb\"},\"inLanguage\":\"en-US\",\"potentialAction\":[{\"@type\":\"ReadAction\",\"target\":[\"https:\\\/\\\/darkamazi.info\\\/archives\\\/1019948\"]}]},{\"@type\":\"ImageObject\",\"inLanguage\":\"en-US\",\"@id\":\"https:\\\/\\\/darkamazi.info\\\/archives\\\/1019948#primaryimage\",\"url\":\"https:\\\/\\\/darkamazi.info\\\/darka-content\\\/uploads\\\/2021\\\/03\\\/papa-kurdistan-arbil-2.jpg\",\"contentUrl\":\"https:\\\/\\\/darkamazi.info\\\/darka-content\\\/uploads\\\/2021\\\/03\\\/papa-kurdistan-arbil-2.jpg\",\"width\":900,\"height\":497},{\"@type\":\"BreadcrumbList\",\"@id\":\"https:\\\/\\\/darkamazi.info\\\/archives\\\/1019948#breadcrumb\",\"itemListElement\":[{\"@type\":\"ListItem\",\"position\":1,\"name\":\"Home\",\"item\":\"https:\\\/\\\/darkamazi.info\\\/\"},{\"@type\":\"ListItem\",\"position\":2,\"name\":\"Serdana d\u00eerok\u00ee ya Papa Firans\u00ees ji boy Ba\u015f\u00fbr\u00ea Kurdistan\u00ea\"}]},{\"@type\":\"WebSite\",\"@id\":\"https:\\\/\\\/darkamazi.info\\\/#website\",\"url\":\"https:\\\/\\\/darkamazi.info\\\/\",\"name\":\"Darka Maz\u00ee\",\"description\":\"P\u00eageha Zanyariy\u00ean Nebih\u00eest\u00ee\",\"publisher\":{\"@id\":\"https:\\\/\\\/darkamazi.info\\\/#organization\"},\"potentialAction\":[{\"@type\":\"SearchAction\",\"target\":{\"@type\":\"EntryPoint\",\"urlTemplate\":\"https:\\\/\\\/darkamazi.info\\\/?s={search_term_string}\"},\"query-input\":{\"@type\":\"PropertyValueSpecification\",\"valueRequired\":true,\"valueName\":\"search_term_string\"}}],\"inLanguage\":\"en-US\"},{\"@type\":\"Organization\",\"@id\":\"https:\\\/\\\/darkamazi.info\\\/#organization\",\"name\":\"Darka Maz\u00ee\",\"url\":\"https:\\\/\\\/darkamazi.info\\\/\",\"logo\":{\"@type\":\"ImageObject\",\"inLanguage\":\"en-US\",\"@id\":\"https:\\\/\\\/darkamazi.info\\\/#\\\/schema\\\/logo\\\/image\\\/\",\"url\":\"https:\\\/\\\/darkamazi.info\\\/darka-content\\\/uploads\\\/2017\\\/12\\\/darka-mazi-logo.png\",\"contentUrl\":\"https:\\\/\\\/darkamazi.info\\\/darka-content\\\/uploads\\\/2017\\\/12\\\/darka-mazi-logo.png\",\"width\":151,\"height\":75,\"caption\":\"Darka Maz\u00ee\"},\"image\":{\"@id\":\"https:\\\/\\\/darkamazi.info\\\/#\\\/schema\\\/logo\\\/image\\\/\"},\"sameAs\":[\"https:\\\/\\\/www.facebook.com\\\/DarMaziKurmanci\",\"https:\\\/\\\/x.com\\\/DarkaMaziLatini\",\"https:\\\/\\\/www.instagram.com\\\/darkamazi.kurmanci\\\/\",\"https:\\\/\\\/www.youtube.com\\\/channel\\\/UCa5HkTdmI8U1qCUFuTw8B2g\"]},{\"@type\":\"Person\",\"@id\":\"https:\\\/\\\/darkamazi.info\\\/#\\\/schema\\\/person\\\/5ad3e24553a0567993fa8ed4bd0a776c\",\"name\":\"darka mazi\",\"sameAs\":[\"https:\\\/\\\/darkamazi.info\\\/\"],\"url\":\"https:\\\/\\\/darkamazi.info\\\/archives\\\/author\\\/kurdi\"}]}<\/script>\n<!-- \/ Yoast SEO plugin. -->","seo_head_json":{"title":"Serdana d\u00eerok\u00ee ya Papa Firans\u00ees ji boy Ba\u015f\u00fbr\u00ea Kurdistan\u00ea - Darka Maz\u00ee","robots":{"index":"index","follow":"follow","max-snippet":"max-snippet:-1","max-image-preview":"max-image-preview:large","max-video-preview":"max-video-preview:-1"},"canonical":"https:\/\/darkamazi.info\/archives\/1019948","og_locale":"en_US","og_type":"article","og_title":"Serdana d\u00eerok\u00ee ya Papa Firans\u00ees ji boy Ba\u015f\u00fbr\u00ea Kurdistan\u00ea - Darka Maz\u00ee","og_description":"[darkamazi_row][darkamazi_column][darkamazi_message message_box_style=&#8221;3d&#8221; message_box_color=&#8221;chino&#8221;] Serdana d\u00eerok\u00ee ya Papa Firans\u00ees, Papay\u00ea Vat\u00eekan\u00ea \u00fb p\u00ea\u015feng\u00ea ol\u00ee y\u00ea Katol\u00eek\u00ean c\u00eehan\u00ea ji boy Hewl\u00ear\u00ea paytexta Ba\u015f\u00fbr\u00ea Kurdistan\u00ea, ev serdan bi her\u00ee gir\u00eeng ji boy p\u00eageha Ba\u015f\u00fbr \u00fb ewleh\u00eeya nav\u00e7ey\u00ea t\u00ea hesab kirin. Papa Firans\u00ees pesina parastina p\u00eakhatey\u00ean ol\u00ee \u00fb netewey li Ba\u015f\u00fbr\u00ea Kurdistan\u00ea kir \u00fb hewl\u00ean serok Mes\u00fbd Barzan\u00ee di [&hellip;]","og_url":"https:\/\/darkamazi.info\/archives\/1019948","og_site_name":"Darka Maz\u00ee","article_publisher":"https:\/\/www.facebook.com\/DarMaziKurmanci","article_published_time":"2021-03-07T11:07:19+00:00","article_modified_time":"2021-03-07T11:25:58+00:00","og_image":[{"width":900,"height":497,"url":"https:\/\/darkamazi.info\/file\/2021\/03\/papa-kurdistan-arbil-2.jpg","type":"image\/jpeg"}],"author":"darka mazi","twitter_card":"summary_large_image","twitter_creator":"@DarkaMaziLatini","twitter_site":"@DarkaMaziLatini","twitter_misc":{"Written by":"darka mazi","Est. reading time":"1 minute"},"schema":{"@context":"https:\/\/schema.org","@graph":[{"@type":"Article","@id":"https:\/\/darkamazi.info\/archives\/1019948#article","isPartOf":{"@id":"https:\/\/darkamazi.info\/archives\/1019948"},"author":{"name":"darka mazi","@id":"https:\/\/darkamazi.info\/#\/schema\/person\/5ad3e24553a0567993fa8ed4bd0a776c"},"headline":"Serdana d\u00eerok\u00ee ya Papa Firans\u00ees ji boy Ba\u015f\u00fbr\u00ea Kurdistan\u00ea","datePublished":"2021-03-07T11:07:19+00:00","dateModified":"2021-03-07T11:25:58+00:00","mainEntityOfPage":{"@id":"https:\/\/darkamazi.info\/archives\/1019948"},"wordCount":257,"publisher":{"@id":"https:\/\/darkamazi.info\/#organization"},"image":{"@id":"https:\/\/darkamazi.info\/archives\/1019948#primaryimage"},"thumbnailUrl":"https:\/\/darkamazi.info\/file\/2021\/03\/papa-kurdistan-arbil-2.jpg","keywords":["sereke"],"articleSection":["Foto Stor\u00ee"],"inLanguage":"en-US"},{"@type":"WebPage","@id":"https:\/\/darkamazi.info\/archives\/1019948","url":"https:\/\/darkamazi.info\/archives\/1019948","name":"Serdana d\u00eerok\u00ee ya Papa Firans\u00ees ji boy Ba\u015f\u00fbr\u00ea Kurdistan\u00ea - Darka Maz\u00ee","isPartOf":{"@id":"https:\/\/darkamazi.info\/#website"},"primaryImageOfPage":{"@id":"https:\/\/darkamazi.info\/archives\/1019948#primaryimage"},"image":{"@id":"https:\/\/darkamazi.info\/archives\/1019948#primaryimage"},"thumbnailUrl":"https:\/\/darkamazi.info\/file\/2021\/03\/papa-kurdistan-arbil-2.jpg","datePublished":"2021-03-07T11:07:19+00:00","dateModified":"2021-03-07T11:25:58+00:00","breadcrumb":{"@id":"https:\/\/darkamazi.info\/archives\/1019948#breadcrumb"},"inLanguage":"en-US","potentialAction":[{"@type":"ReadAction","target":["https:\/\/darkamazi.info\/archives\/1019948"]}]},{"@type":"ImageObject","inLanguage":"en-US","@id":"https:\/\/darkamazi.info\/archives\/1019948#primaryimage","url":"https:\/\/darkamazi.info\/file\/2021\/03\/papa-kurdistan-arbil-2.jpg","contentUrl":"https:\/\/darkamazi.info\/file\/2021\/03\/papa-kurdistan-arbil-2.jpg","width":900,"height":497},{"@type":"BreadcrumbList","@id":"https:\/\/darkamazi.info\/archives\/1019948#breadcrumb","itemListElement":[{"@type":"ListItem","position":1,"name":"Home","item":"https:\/\/darkamazi.info\/"},{"@type":"ListItem","position":2,"name":"Serdana d\u00eerok\u00ee ya Papa Firans\u00ees ji boy Ba\u015f\u00fbr\u00ea Kurdistan\u00ea"}]},{"@type":"WebSite","@id":"https:\/\/darkamazi.info\/#website","url":"https:\/\/darkamazi.info\/","name":"Darka Maz\u00ee","description":"P\u00eageha Zanyariy\u00ean Nebih\u00eest\u00ee","publisher":{"@id":"https:\/\/darkamazi.info\/#organization"},"potentialAction":[{"@type":"SearchAction","target":{"@type":"EntryPoint","urlTemplate":"https:\/\/darkamazi.info\/?s={search_term_string}"},"query-input":{"@type":"PropertyValueSpecification","valueRequired":true,"valueName":"search_term_string"}}],"inLanguage":"en-US"},{"@type":"Organization","@id":"https:\/\/darkamazi.info\/#organization","name":"Darka Maz\u00ee","url":"https:\/\/darkamazi.info\/","logo":{"@type":"ImageObject","inLanguage":"en-US","@id":"https:\/\/darkamazi.info\/#\/schema\/logo\/image\/","url":"https:\/\/darkamazi.info\/file\/2017\/12\/darka-mazi-logo.png","contentUrl":"https:\/\/darkamazi.info\/file\/2017\/12\/darka-mazi-logo.png","width":151,"height":75,"caption":"Darka Maz\u00ee"},"image":{"@id":"https:\/\/darkamazi.info\/#\/schema\/logo\/image\/"},"sameAs":["https:\/\/www.facebook.com\/DarMaziKurmanci","https:\/\/x.com\/DarkaMaziLatini","https:\/\/www.instagram.com\/darkamazi.kurmanci\/","https:\/\/www.youtube.com\/channel\/UCa5HkTdmI8U1qCUFuTw8B2g"]},{"@type":"Person","@id":"https:\/\/darkamazi.info\/#\/schema\/person\/5ad3e24553a0567993fa8ed4bd0a776c","name":"darka mazi","sameAs":["https:\/\/darkamazi.info\/"],"url":"https:\/\/darkamazi.info\/archives\/author\/kurdi"}]}},"_links":{"self":[{"href":"https:\/\/darkamazi.info\/funavuv\/wp\/v2\/posts\/1019948","targetHints":{"allow":["GET"]}}],"collection":[{"href":"https:\/\/darkamazi.info\/funavuv\/wp\/v2\/posts"}],"about":[{"href":"https:\/\/darkamazi.info\/funavuv\/wp\/v2\/types\/post"}],"author":[{"embeddable":true,"href":"https:\/\/darkamazi.info\/funavuv\/wp\/v2\/users\/2"}],"replies":[{"embeddable":true,"href":"https:\/\/darkamazi.info\/funavuv\/wp\/v2\/comments?post=1019948"}],"version-history":[{"count":0,"href":"https:\/\/darkamazi.info\/funavuv\/wp\/v2\/posts\/1019948\/revisions"}],"wp:featuredmedia":[{"embeddable":true,"href":"https:\/\/darkamazi.info\/funavuv\/wp\/v2\/media\/1019967"}],"wp:attachment":[{"href":"https:\/\/darkamazi.info\/funavuv\/wp\/v2\/media?parent=1019948"}],"wp:term":[{"taxonomy":"category","embeddable":true,"href":"https:\/\/darkamazi.info\/funavuv\/wp\/v2\/categories?post=1019948"},{"taxonomy":"post_tag","embeddable":true,"href":"https:\/\/darkamazi.info\/funavuv\/wp\/v2\/tags?post=1019948"}],"curies":[{"name":"wp","href":"https:\/\/api.w.org\/{rel}","templated":true}]}}