{"id":1019993,"date":"2021-03-08T18:49:33","date_gmt":"2021-03-08T15:49:33","guid":{"rendered":"https:\/\/darkamazi.info\/?p=1019993"},"modified":"2021-03-08T18:49:33","modified_gmt":"2021-03-08T15:49:33","slug":"medyaya-pkke-hatina-papa-ne-dit","status":"publish","type":"post","link":"https:\/\/darkamazi.info\/archives\/1019993","title":{"rendered":"Medyaya PKK\u00ea hatina papa ne d\u00eet"},"content":{"rendered":"<h3 style=\"text-align: justify\"><span style=\"font-family: 'arial black', sans-serif\">P\u00ea\u015feng\u00ea Katol\u00eek\u00ean c\u00eehan\u00ea papa Francis 5\u00ea Adar\u00ea \u00e7\u00fb \u00ceraq \u00fb Her\u00eama Kurdistan\u00ea. Tevah\u00ee c\u00eehan\u00ea ev serdan ji n\u00eaz ve \u015fopandin. Hem\u00fb ragihandin\u00ean c\u00eehan\u00ea sat bi sat seredana papa bo \u00ceraq \u00fb Her\u00eama Kurdistan\u00ea we\u015fan kir. L\u00ea bel\u00ea medyaya PKK\u00ea ev serdan ne d\u00eet \u00fb ti n\u00fb\u00e7eyek li ser \u00e7\u00eanekirin.<\/span><\/h3>\n<h3 style=\"text-align: justify\">Cara yek\u00ea bo ku p\u00ea\u015feng\u00ea Katol\u00eek\u00ean c\u00eehan\u00ea Papa seredana \u00ceraq \u00fb Kurdistan\u00ea bike. Taybet j\u00ee seredana Papa ji bo Kurdistan\u00ea, \u015f\u00eawaz\u00ea p\u00ea\u015fwaz\u00eekirina w\u00ee, co\u015fa gel\u00ea kirist\u00eeyan \u00fb Mosilman\u00ean Kurdistan\u00ea ji boy tev c\u00eehan\u00ea cih\u00ea \u015fanaziy\u00ea b\u00fb. Tevahiya d\u00eeplomat\u00ean li Kurdistan\u00ea, Konsolxane \u00fb tev derdor\u00ean siyas\u00ee ev d\u00eemene d\u00eet \u00fb li hik\u00fbmeta Her\u00eam\u00ea p\u00eeroz kirin. L\u00ea bel\u00ea medyaya PKK\u00ea li ser v\u00ea yek\u00ea ti n\u00fb\u00e7eyek \u00e7\u00eanekir. Ten\u00ea ragihandina PKK\u00ea ya ku li Her\u00eama Kurdistan\u00ea kar dike, anku ROJ NEWS wek n\u00fb\u00e7e belav kir \u00fb got: Papa Serdana M\u00fbsl\u00ea kir.\u00a0 Behsa ti Kurdistan \u00fb ti ti\u015ft\u00ean din nehate kirin. Yek kenal\u00ea telefizyon\u00ee y\u00ea PKK\u00ea j\u00ee yek d\u00eemen belav ne kir.<\/h3>\n<h3 style=\"text-align: justify\">PKKe ji aliy\u00ea Esker\u00ee \u00fb Siyas\u00ee her \u00e7end t\u00eak \u00e7\u00fbbe j\u00ee ji aliy\u00ea ragihandin\u00ea ve xwe ser p\u00eeya girtiye \u00fb t\u00eak ne\u00e7\u00fbye. Ragihandinek yek al\u00ee, ku ten\u00ea di berjewendiya part\u00eeya xwe da kar dike, di dest\u00ean w\u00ea de ye. Bi ti \u015f\u00eawaza li dervey xwe ti kesek\u00ea na\u00eene ser ekran\u00ean xwe. Heman dem\u00ea j\u00ee ti kesek ji dervey xata wan nikare ti ti\u015ftek\u00ea parve bike. Ragihandina PKK\u00ea ji bil\u00ee kar\u00ean xwe ti ti\u015ftek\u00ea gel\u00ea kurd nikare p\u00eeroz bike. Di hatina papa de j\u00ee heman helwest n\u00ee\u015fan da. Hatina papa ji boy Her\u00eama Kurdistan\u00ea gelek gring b\u00fb. Ne ten\u00ea ji boy ba\u015f\u00fbr belku ji boy hem\u00fb kurdan gring b\u00fb. L\u00ea bel\u00ea jiberku PKK\u00ea ev seredan organize nekirib\u00fb weke ti\u015ftek\u00ea normal ku ti r\u00fb nedabe hatin \u00fb xwastin ku bi\u00e7\u00fbk n\u00ee\u015fan bidin.<\/h3>\n<h3 style=\"text-align: justify\">Ragihandina PKK\u00ea bi her ti\u015ft\u00ea xwe di amadeba\u015fiy\u00ea deye ku ten\u00ea Her\u00eama Kurdistan\u00ea bi\u00e7\u00fbk bike. Ragihandina PKK\u00ea Her\u00eama Kurdistan\u00ee wisa dide diyar kirin ku her ti\u015ftek t\u00eade xerab e, her roj jin t\u00ean ku\u015ftin, zarok t\u00ean l\u00eadan, kes nikare dij\u00ee Hik\u00fbmet\u00ea biaxve, li her der\u00ea l\u00eadan heye, bir\u00e7\u00eeb\u00fbn heye. Medyaya PKK\u00ea \u00e7i caran serketineke Her\u00eama Kurdistan\u00ea ne derxist\u00eeye ser ekran\u00ean xwe, ne abor\u00ee, ne siyas\u00ee, ne kult\u00fbr\u00ee, ne civak\u00ee, ne perwerde ti ti\u015ftek\u00ea xwe\u015f li Her\u00eama Kurdistan\u00ea di nava ragihandina PKK\u00ea de nah\u00ea n\u00ee\u015fandan. PKKe ne ten\u00ea serkeftin\u00ean ba\u015f\u00fbr n\u00ee\u015fan nade belku \u00ear\u00ee\u015f\u00ean ser Ba\u015f\u00fbr\u00ea welat j\u00ee n\u00ee\u015fan nade. Dema 15\u00ea sibat\u00ea He\u015fda \u015eeb\u00ee bi m\u00fb\u015feka \u00ear\u00ee\u015f\u00ee Hewl\u00ear\u00ea kir\u00ee, ragihandina PKK\u00ea ti gir\u00eeng\u00ee yek p\u00ea neda. Ten\u00ea \u015feva yek\u00ea gotin ku &#8220;li Hewl\u00ear\u00ea teq\u00een \u00e7\u00eab\u00fb\u201d p\u00ee\u015ftre diyar b\u00fb \u00ear\u00ee\u015fa m\u00fb\u015fek\u00ee hatiye encamdan l\u00ea careke din ti gir\u00eeng\u00ee yek p\u00ea neda. PKKe bi ten\u00ea \u00e7ep\u00ean Tirk \u00fb hinek kes\u00ean derdora xwe dert\u00eaxe ser ragihandina xwe \u00fb li ser &#8220;Demokrat\u00eek kirina Tirkiya, xerabiya Her\u00eama Kurdistan\u00ea \u00fb fikar\u00ean \u00e7ep gir\u201d diaxvin.<\/h3>\n<h3 style=\"text-align: justify\">PKKe her ti\u015ftek\u00ea Her\u00eama Kurdistan\u00ea xerab dike. Wisa l\u00eahat\u00eeye ku heger li Hewl\u00ear\u00ea yan j\u00ee Duhok\u00ea seyare p\u00eal mir\u00ee\u015fkek\u00ee bike j\u00ee, ragihandina wan diniv\u00ees\u00eenin ku &#8220;Asay\u00ee\u015fa KDP ajela komkuj dike, asay\u00ee\u015f li dij\u00ee xwezay\u00ea tev digere\u201d. L\u00ea bel\u00ea v\u00ea ragihandin\u00ea ne d\u00eet papa Firanc\u00ees bi hem\u00fb ezemeta xwe ve hate Her\u00eama Kurdistan\u00ea \u00fb bi ti ezemet ve hate p\u00ea\u015fwaz\u00ee kirin. PKKe wek \u00e7uka deveye ser\u00ea xwe kir\u00eeye nav ax\u00ea nab\u00eene \u00fb dib\u00eaje belku kes\u00ea ned\u00eetibe. Nex\u00ear hem\u00fb c\u00eehan\u00ea ev yek d\u00eet. Hem\u00fb c\u00eehan\u00ea d\u00eet ku Kurdistan cih\u00ea p\u00eakve j\u00eeyan\u00ea ye, li Kurdistan\u00ea tev nasnamey\u00ean ol\u00ee \u00fb netew\u00ee azad dij\u00een, hizir\u00fbb\u00eer\u00ean Her\u00eama Kurdistan\u00ea gelek cudane ji Rojhilata Nav\u00een \u00fb azad\u00ee t\u00eade heye. Hem\u00fb c\u00eehan\u00ea ev rast\u00eeye d\u00eet l\u00ea ragihandina PKK\u00ea ev yek ne d\u00eet. Ev bi ten\u00ea d\u00eet ku &#8220;papa serdana M\u00fbsil kir.&#8221;<\/h3>\n","protected":false},"excerpt":{"rendered":"<p>P\u00ea\u015feng\u00ea Katol\u00eek\u00ean c\u00eehan\u00ea papa Francis 5\u00ea Adar\u00ea \u00e7\u00fb \u00ceraq \u00fb Her\u00eama Kurdistan\u00ea. Tevah\u00ee c\u00eehan\u00ea ev serdan ji n\u00eaz ve \u015fopandin. Hem\u00fb ragihandin\u00ean c\u00eehan\u00ea sat bi sat seredana papa bo \u00ceraq \u00fb Her\u00eama Kurdistan\u00ea we\u015fan kir. L\u00ea bel\u00ea medyaya PKK\u00ea ev serdan ne d\u00eet \u00fb ti n\u00fb\u00e7eyek li ser \u00e7\u00eanekirin. Cara yek\u00ea bo ku p\u00ea\u015feng\u00ea Katol\u00eek\u00ean [&hellip;]<\/p>\n","protected":false},"author":2,"featured_media":1019998,"comment_status":"closed","ping_status":"closed","sticky":false,"template":"","format":"standard","meta":{"footnotes":""},"categories":[29],"tags":[37],"class_list":["post-1019993","post","type-post","status-publish","format-standard","has-post-thumbnail","hentry","category-kurdistan","tag-sereke"],"blocksy_meta":[],"seo_head":"<!-- This site is optimized with the Yoast SEO plugin v27.5 - https:\/\/yoast.com\/product\/yoast-seo-wordpress\/ -->\n<title>Medyaya PKK\u00ea hatina papa ne d\u00eet - Darka Maz\u00ee<\/title>\n<meta name=\"robots\" content=\"index, follow, max-snippet:-1, max-image-preview:large, max-video-preview:-1\" \/>\n<link rel=\"canonical\" href=\"https:\/\/darkamazi.info\/archives\/1019993\" \/>\n<meta property=\"og:locale\" content=\"en_US\" \/>\n<meta property=\"og:type\" content=\"article\" \/>\n<meta property=\"og:title\" content=\"Medyaya PKK\u00ea hatina papa ne d\u00eet - Darka Maz\u00ee\" \/>\n<meta property=\"og:description\" content=\"P\u00ea\u015feng\u00ea Katol\u00eek\u00ean c\u00eehan\u00ea papa Francis 5\u00ea Adar\u00ea \u00e7\u00fb \u00ceraq \u00fb Her\u00eama Kurdistan\u00ea. Tevah\u00ee c\u00eehan\u00ea ev serdan ji n\u00eaz ve \u015fopandin. Hem\u00fb ragihandin\u00ean c\u00eehan\u00ea sat bi sat seredana papa bo \u00ceraq \u00fb Her\u00eama Kurdistan\u00ea we\u015fan kir. L\u00ea bel\u00ea medyaya PKK\u00ea ev serdan ne d\u00eet \u00fb ti n\u00fb\u00e7eyek li ser \u00e7\u00eanekirin. Cara yek\u00ea bo ku p\u00ea\u015feng\u00ea Katol\u00eek\u00ean [&hellip;]\" \/>\n<meta property=\"og:url\" content=\"https:\/\/darkamazi.info\/archives\/1019993\" \/>\n<meta property=\"og:site_name\" content=\"Darka Maz\u00ee\" \/>\n<meta property=\"article:publisher\" content=\"https:\/\/www.facebook.com\/DarMaziKurmanci\" \/>\n<meta property=\"article:published_time\" content=\"2021-03-08T15:49:33+00:00\" \/>\n<meta property=\"og:image\" content=\"https:\/\/darkamazi.info\/file\/2021\/03\/anf.jpg\" \/>\n\t<meta property=\"og:image:width\" content=\"900\" \/>\n\t<meta property=\"og:image:height\" content=\"550\" \/>\n\t<meta property=\"og:image:type\" content=\"image\/jpeg\" \/>\n<meta name=\"author\" content=\"darka mazi\" \/>\n<meta name=\"twitter:card\" content=\"summary_large_image\" \/>\n<meta name=\"twitter:creator\" content=\"@DarkaMaziLatini\" \/>\n<meta name=\"twitter:site\" content=\"@DarkaMaziLatini\" \/>\n<meta name=\"twitter:label1\" content=\"Written by\" \/>\n\t<meta name=\"twitter:data1\" content=\"darka mazi\" \/>\n\t<meta name=\"twitter:label2\" content=\"Est. reading time\" \/>\n\t<meta name=\"twitter:data2\" content=\"3 minutes\" \/>\n<script type=\"application\/ld+json\" class=\"seo-schema-graph\">{\"@context\":\"https:\\\/\\\/schema.org\",\"@graph\":[{\"@type\":\"Article\",\"@id\":\"https:\\\/\\\/darkamazi.info\\\/archives\\\/1019993#article\",\"isPartOf\":{\"@id\":\"https:\\\/\\\/darkamazi.info\\\/archives\\\/1019993\"},\"author\":{\"name\":\"darka mazi\",\"@id\":\"https:\\\/\\\/darkamazi.info\\\/#\\\/schema\\\/person\\\/5ad3e24553a0567993fa8ed4bd0a776c\"},\"headline\":\"Medyaya PKK\u00ea hatina papa ne d\u00eet\",\"datePublished\":\"2021-03-08T15:49:33+00:00\",\"mainEntityOfPage\":{\"@id\":\"https:\\\/\\\/darkamazi.info\\\/archives\\\/1019993\"},\"wordCount\":711,\"publisher\":{\"@id\":\"https:\\\/\\\/darkamazi.info\\\/#organization\"},\"image\":{\"@id\":\"https:\\\/\\\/darkamazi.info\\\/archives\\\/1019993#primaryimage\"},\"thumbnailUrl\":\"https:\\\/\\\/darkamazi.info\\\/darka-content\\\/uploads\\\/2021\\\/03\\\/anf.jpg\",\"keywords\":[\"sereke\"],\"articleSection\":[\"Kurdistan\"],\"inLanguage\":\"en-US\"},{\"@type\":\"WebPage\",\"@id\":\"https:\\\/\\\/darkamazi.info\\\/archives\\\/1019993\",\"url\":\"https:\\\/\\\/darkamazi.info\\\/archives\\\/1019993\",\"name\":\"Medyaya PKK\u00ea hatina papa ne d\u00eet - Darka Maz\u00ee\",\"isPartOf\":{\"@id\":\"https:\\\/\\\/darkamazi.info\\\/#website\"},\"primaryImageOfPage\":{\"@id\":\"https:\\\/\\\/darkamazi.info\\\/archives\\\/1019993#primaryimage\"},\"image\":{\"@id\":\"https:\\\/\\\/darkamazi.info\\\/archives\\\/1019993#primaryimage\"},\"thumbnailUrl\":\"https:\\\/\\\/darkamazi.info\\\/darka-content\\\/uploads\\\/2021\\\/03\\\/anf.jpg\",\"datePublished\":\"2021-03-08T15:49:33+00:00\",\"breadcrumb\":{\"@id\":\"https:\\\/\\\/darkamazi.info\\\/archives\\\/1019993#breadcrumb\"},\"inLanguage\":\"en-US\",\"potentialAction\":[{\"@type\":\"ReadAction\",\"target\":[\"https:\\\/\\\/darkamazi.info\\\/archives\\\/1019993\"]}]},{\"@type\":\"ImageObject\",\"inLanguage\":\"en-US\",\"@id\":\"https:\\\/\\\/darkamazi.info\\\/archives\\\/1019993#primaryimage\",\"url\":\"https:\\\/\\\/darkamazi.info\\\/darka-content\\\/uploads\\\/2021\\\/03\\\/anf.jpg\",\"contentUrl\":\"https:\\\/\\\/darkamazi.info\\\/darka-content\\\/uploads\\\/2021\\\/03\\\/anf.jpg\",\"width\":900,\"height\":550,\"caption\":\"Medyaya PKK\u00ea hatina papa ne d\u00eet\"},{\"@type\":\"BreadcrumbList\",\"@id\":\"https:\\\/\\\/darkamazi.info\\\/archives\\\/1019993#breadcrumb\",\"itemListElement\":[{\"@type\":\"ListItem\",\"position\":1,\"name\":\"Home\",\"item\":\"https:\\\/\\\/darkamazi.info\\\/\"},{\"@type\":\"ListItem\",\"position\":2,\"name\":\"Medyaya PKK\u00ea hatina papa ne d\u00eet\"}]},{\"@type\":\"WebSite\",\"@id\":\"https:\\\/\\\/darkamazi.info\\\/#website\",\"url\":\"https:\\\/\\\/darkamazi.info\\\/\",\"name\":\"Darka Maz\u00ee\",\"description\":\"P\u00eageha Zanyariy\u00ean Nebih\u00eest\u00ee\",\"publisher\":{\"@id\":\"https:\\\/\\\/darkamazi.info\\\/#organization\"},\"potentialAction\":[{\"@type\":\"SearchAction\",\"target\":{\"@type\":\"EntryPoint\",\"urlTemplate\":\"https:\\\/\\\/darkamazi.info\\\/?s={search_term_string}\"},\"query-input\":{\"@type\":\"PropertyValueSpecification\",\"valueRequired\":true,\"valueName\":\"search_term_string\"}}],\"inLanguage\":\"en-US\"},{\"@type\":\"Organization\",\"@id\":\"https:\\\/\\\/darkamazi.info\\\/#organization\",\"name\":\"Darka Maz\u00ee\",\"url\":\"https:\\\/\\\/darkamazi.info\\\/\",\"logo\":{\"@type\":\"ImageObject\",\"inLanguage\":\"en-US\",\"@id\":\"https:\\\/\\\/darkamazi.info\\\/#\\\/schema\\\/logo\\\/image\\\/\",\"url\":\"https:\\\/\\\/darkamazi.info\\\/darka-content\\\/uploads\\\/2017\\\/12\\\/darka-mazi-logo.png\",\"contentUrl\":\"https:\\\/\\\/darkamazi.info\\\/darka-content\\\/uploads\\\/2017\\\/12\\\/darka-mazi-logo.png\",\"width\":151,\"height\":75,\"caption\":\"Darka Maz\u00ee\"},\"image\":{\"@id\":\"https:\\\/\\\/darkamazi.info\\\/#\\\/schema\\\/logo\\\/image\\\/\"},\"sameAs\":[\"https:\\\/\\\/www.facebook.com\\\/DarMaziKurmanci\",\"https:\\\/\\\/x.com\\\/DarkaMaziLatini\",\"https:\\\/\\\/www.instagram.com\\\/darkamazi.kurmanci\\\/\",\"https:\\\/\\\/www.youtube.com\\\/channel\\\/UCa5HkTdmI8U1qCUFuTw8B2g\"]},{\"@type\":\"Person\",\"@id\":\"https:\\\/\\\/darkamazi.info\\\/#\\\/schema\\\/person\\\/5ad3e24553a0567993fa8ed4bd0a776c\",\"name\":\"darka mazi\",\"sameAs\":[\"https:\\\/\\\/darkamazi.info\\\/\"],\"url\":\"https:\\\/\\\/darkamazi.info\\\/archives\\\/author\\\/kurdi\"}]}<\/script>\n<!-- \/ Yoast SEO plugin. -->","seo_head_json":{"title":"Medyaya PKK\u00ea hatina papa ne d\u00eet - Darka Maz\u00ee","robots":{"index":"index","follow":"follow","max-snippet":"max-snippet:-1","max-image-preview":"max-image-preview:large","max-video-preview":"max-video-preview:-1"},"canonical":"https:\/\/darkamazi.info\/archives\/1019993","og_locale":"en_US","og_type":"article","og_title":"Medyaya PKK\u00ea hatina papa ne d\u00eet - Darka Maz\u00ee","og_description":"P\u00ea\u015feng\u00ea Katol\u00eek\u00ean c\u00eehan\u00ea papa Francis 5\u00ea Adar\u00ea \u00e7\u00fb \u00ceraq \u00fb Her\u00eama Kurdistan\u00ea. Tevah\u00ee c\u00eehan\u00ea ev serdan ji n\u00eaz ve \u015fopandin. Hem\u00fb ragihandin\u00ean c\u00eehan\u00ea sat bi sat seredana papa bo \u00ceraq \u00fb Her\u00eama Kurdistan\u00ea we\u015fan kir. L\u00ea bel\u00ea medyaya PKK\u00ea ev serdan ne d\u00eet \u00fb ti n\u00fb\u00e7eyek li ser \u00e7\u00eanekirin. Cara yek\u00ea bo ku p\u00ea\u015feng\u00ea Katol\u00eek\u00ean [&hellip;]","og_url":"https:\/\/darkamazi.info\/archives\/1019993","og_site_name":"Darka Maz\u00ee","article_publisher":"https:\/\/www.facebook.com\/DarMaziKurmanci","article_published_time":"2021-03-08T15:49:33+00:00","og_image":[{"width":900,"height":550,"url":"https:\/\/darkamazi.info\/file\/2021\/03\/anf.jpg","type":"image\/jpeg"}],"author":"darka mazi","twitter_card":"summary_large_image","twitter_creator":"@DarkaMaziLatini","twitter_site":"@DarkaMaziLatini","twitter_misc":{"Written by":"darka mazi","Est. reading time":"3 minutes"},"schema":{"@context":"https:\/\/schema.org","@graph":[{"@type":"Article","@id":"https:\/\/darkamazi.info\/archives\/1019993#article","isPartOf":{"@id":"https:\/\/darkamazi.info\/archives\/1019993"},"author":{"name":"darka mazi","@id":"https:\/\/darkamazi.info\/#\/schema\/person\/5ad3e24553a0567993fa8ed4bd0a776c"},"headline":"Medyaya PKK\u00ea hatina papa ne d\u00eet","datePublished":"2021-03-08T15:49:33+00:00","mainEntityOfPage":{"@id":"https:\/\/darkamazi.info\/archives\/1019993"},"wordCount":711,"publisher":{"@id":"https:\/\/darkamazi.info\/#organization"},"image":{"@id":"https:\/\/darkamazi.info\/archives\/1019993#primaryimage"},"thumbnailUrl":"https:\/\/darkamazi.info\/file\/2021\/03\/anf.jpg","keywords":["sereke"],"articleSection":["Kurdistan"],"inLanguage":"en-US"},{"@type":"WebPage","@id":"https:\/\/darkamazi.info\/archives\/1019993","url":"https:\/\/darkamazi.info\/archives\/1019993","name":"Medyaya PKK\u00ea hatina papa ne d\u00eet - Darka Maz\u00ee","isPartOf":{"@id":"https:\/\/darkamazi.info\/#website"},"primaryImageOfPage":{"@id":"https:\/\/darkamazi.info\/archives\/1019993#primaryimage"},"image":{"@id":"https:\/\/darkamazi.info\/archives\/1019993#primaryimage"},"thumbnailUrl":"https:\/\/darkamazi.info\/file\/2021\/03\/anf.jpg","datePublished":"2021-03-08T15:49:33+00:00","breadcrumb":{"@id":"https:\/\/darkamazi.info\/archives\/1019993#breadcrumb"},"inLanguage":"en-US","potentialAction":[{"@type":"ReadAction","target":["https:\/\/darkamazi.info\/archives\/1019993"]}]},{"@type":"ImageObject","inLanguage":"en-US","@id":"https:\/\/darkamazi.info\/archives\/1019993#primaryimage","url":"https:\/\/darkamazi.info\/file\/2021\/03\/anf.jpg","contentUrl":"https:\/\/darkamazi.info\/file\/2021\/03\/anf.jpg","width":900,"height":550,"caption":"Medyaya PKK\u00ea hatina papa ne d\u00eet"},{"@type":"BreadcrumbList","@id":"https:\/\/darkamazi.info\/archives\/1019993#breadcrumb","itemListElement":[{"@type":"ListItem","position":1,"name":"Home","item":"https:\/\/darkamazi.info\/"},{"@type":"ListItem","position":2,"name":"Medyaya PKK\u00ea hatina papa ne d\u00eet"}]},{"@type":"WebSite","@id":"https:\/\/darkamazi.info\/#website","url":"https:\/\/darkamazi.info\/","name":"Darka Maz\u00ee","description":"P\u00eageha Zanyariy\u00ean Nebih\u00eest\u00ee","publisher":{"@id":"https:\/\/darkamazi.info\/#organization"},"potentialAction":[{"@type":"SearchAction","target":{"@type":"EntryPoint","urlTemplate":"https:\/\/darkamazi.info\/?s={search_term_string}"},"query-input":{"@type":"PropertyValueSpecification","valueRequired":true,"valueName":"search_term_string"}}],"inLanguage":"en-US"},{"@type":"Organization","@id":"https:\/\/darkamazi.info\/#organization","name":"Darka Maz\u00ee","url":"https:\/\/darkamazi.info\/","logo":{"@type":"ImageObject","inLanguage":"en-US","@id":"https:\/\/darkamazi.info\/#\/schema\/logo\/image\/","url":"https:\/\/darkamazi.info\/file\/2017\/12\/darka-mazi-logo.png","contentUrl":"https:\/\/darkamazi.info\/file\/2017\/12\/darka-mazi-logo.png","width":151,"height":75,"caption":"Darka Maz\u00ee"},"image":{"@id":"https:\/\/darkamazi.info\/#\/schema\/logo\/image\/"},"sameAs":["https:\/\/www.facebook.com\/DarMaziKurmanci","https:\/\/x.com\/DarkaMaziLatini","https:\/\/www.instagram.com\/darkamazi.kurmanci\/","https:\/\/www.youtube.com\/channel\/UCa5HkTdmI8U1qCUFuTw8B2g"]},{"@type":"Person","@id":"https:\/\/darkamazi.info\/#\/schema\/person\/5ad3e24553a0567993fa8ed4bd0a776c","name":"darka mazi","sameAs":["https:\/\/darkamazi.info\/"],"url":"https:\/\/darkamazi.info\/archives\/author\/kurdi"}]}},"_links":{"self":[{"href":"https:\/\/darkamazi.info\/funavuv\/wp\/v2\/posts\/1019993","targetHints":{"allow":["GET"]}}],"collection":[{"href":"https:\/\/darkamazi.info\/funavuv\/wp\/v2\/posts"}],"about":[{"href":"https:\/\/darkamazi.info\/funavuv\/wp\/v2\/types\/post"}],"author":[{"embeddable":true,"href":"https:\/\/darkamazi.info\/funavuv\/wp\/v2\/users\/2"}],"replies":[{"embeddable":true,"href":"https:\/\/darkamazi.info\/funavuv\/wp\/v2\/comments?post=1019993"}],"version-history":[{"count":0,"href":"https:\/\/darkamazi.info\/funavuv\/wp\/v2\/posts\/1019993\/revisions"}],"wp:featuredmedia":[{"embeddable":true,"href":"https:\/\/darkamazi.info\/funavuv\/wp\/v2\/media\/1019998"}],"wp:attachment":[{"href":"https:\/\/darkamazi.info\/funavuv\/wp\/v2\/media?parent=1019993"}],"wp:term":[{"taxonomy":"category","embeddable":true,"href":"https:\/\/darkamazi.info\/funavuv\/wp\/v2\/categories?post=1019993"},{"taxonomy":"post_tag","embeddable":true,"href":"https:\/\/darkamazi.info\/funavuv\/wp\/v2\/tags?post=1019993"}],"curies":[{"name":"wp","href":"https:\/\/api.w.org\/{rel}","templated":true}]}}