{"id":1019994,"date":"2021-03-08T15:32:30","date_gmt":"2021-03-08T12:32:30","guid":{"rendered":"https:\/\/darkamazi.info\/?p=1019994"},"modified":"2021-03-08T15:32:30","modified_gmt":"2021-03-08T12:32:30","slug":"li-kobani-ye-dewriya-tirki-rusi-pekhat","status":"publish","type":"post","link":"https:\/\/darkamazi.info\/archives\/1019994","title":{"rendered":"Li Koban\u00ee y\u00ea dewr\u00eeya Tirk\u00ee-R\u00fbs\u00ee p\u00eakhat"},"content":{"rendered":"<h3 style=\"text-align: justify\"><span style=\"font-family: 'arial black', sans-serif\">Art\u00ea\u015fa Tirkiy\u00ea \u00fb art\u00ea\u015fa R\u00fbsya \u00eero gereka \u00e7avd\u00eariy\u00ea li bajar\u00ea Koban\u00ee y\u00ea Rojava Kurdistan\u00ea encam da, ev ger navend \u00fb dorbera baj\u00ear li xwe girt.<\/span><\/h3>\n<h3 style=\"text-align: justify\">Ner\u00eengeha S\u00fbr\u00ee ya maf\u00ean mirovan ragihand, \u00eero roja d\u00fb\u015fem\u00ee 8\/3\/2021an, art\u00ea\u015fa Tirkiy\u00ea \u00fb R\u00fbsya federal gereka \u00e7avd\u00eariy\u00ea ya hevpar li navenda baj\u00ear Koban\u00ee y\u00ea \u00fb dorbera baj\u00ear encam da, 8 erebey\u00ean serbaz\u00ee \u00fb balefir\u00ean hel\u00eekopter t\u00eade be\u015fdar b\u00fbn.<\/h3>\n<h3 style=\"text-align: justify\">Ner\u00eengeha S\u00fbr\u00ee dest n\u00ee\u015fan kir, gera ku \u00eero pikhat\u00ee di \u00e7ar\u00e7\u00fbveya lihevhatina arte\u015f\u00ean Tirkiy\u00ea \u00fb R\u00fbsy\u00ea t\u00ea ku berya d\u00fb salan li S\u00fb\u00e7iy\u00ea hat\u00eeye \u00eemze kirin.<\/h3>\n<h3 style=\"text-align: justify\">H\u00eajay gotin\u00ea ye, li yek\u00ea v\u00ea meh\u00ea j\u00ee gereka \u00e7avd\u00eariy\u00ea li s\u00eenor\u00ea Koban\u00ee y\u00ea hatb\u00fb encam day\u00een.<\/h3>\n","protected":false},"excerpt":{"rendered":"<p>Art\u00ea\u015fa Tirkiy\u00ea \u00fb art\u00ea\u015fa R\u00fbsya \u00eero gereka \u00e7avd\u00eariy\u00ea li bajar\u00ea Koban\u00ee y\u00ea Rojava Kurdistan\u00ea encam da, ev ger navend \u00fb dorbera baj\u00ear li xwe girt. Ner\u00eengeha S\u00fbr\u00ee ya maf\u00ean mirovan ragihand, \u00eero roja d\u00fb\u015fem\u00ee 8\/3\/2021an, art\u00ea\u015fa Tirkiy\u00ea \u00fb R\u00fbsya federal gereka \u00e7avd\u00eariy\u00ea ya hevpar li navenda baj\u00ear Koban\u00ee y\u00ea \u00fb dorbera baj\u00ear encam da, 8 [&hellip;]<\/p>\n","protected":false},"author":2,"featured_media":1019996,"comment_status":"closed","ping_status":"closed","sticky":false,"template":"","format":"standard","meta":{"footnotes":""},"categories":[29],"tags":[37],"class_list":["post-1019994","post","type-post","status-publish","format-standard","has-post-thumbnail","hentry","category-kurdistan","tag-sereke"],"blocksy_meta":[],"seo_head":"<!-- This site is optimized with the Yoast SEO plugin v27.5 - https:\/\/yoast.com\/product\/yoast-seo-wordpress\/ -->\n<title>Li Koban\u00ee y\u00ea dewr\u00eeya Tirk\u00ee-R\u00fbs\u00ee p\u00eakhat - Darka Maz\u00ee<\/title>\n<meta name=\"robots\" content=\"index, follow, max-snippet:-1, max-image-preview:large, max-video-preview:-1\" \/>\n<link rel=\"canonical\" href=\"https:\/\/darkamazi.info\/archives\/1019994\" \/>\n<meta property=\"og:locale\" content=\"en_US\" \/>\n<meta property=\"og:type\" content=\"article\" \/>\n<meta property=\"og:title\" content=\"Li Koban\u00ee y\u00ea dewr\u00eeya Tirk\u00ee-R\u00fbs\u00ee p\u00eakhat - Darka Maz\u00ee\" \/>\n<meta property=\"og:description\" content=\"Art\u00ea\u015fa Tirkiy\u00ea \u00fb art\u00ea\u015fa R\u00fbsya \u00eero gereka \u00e7avd\u00eariy\u00ea li bajar\u00ea Koban\u00ee y\u00ea Rojava Kurdistan\u00ea encam da, ev ger navend \u00fb dorbera baj\u00ear li xwe girt. Ner\u00eengeha S\u00fbr\u00ee ya maf\u00ean mirovan ragihand, \u00eero roja d\u00fb\u015fem\u00ee 8\/3\/2021an, art\u00ea\u015fa Tirkiy\u00ea \u00fb R\u00fbsya federal gereka \u00e7avd\u00eariy\u00ea ya hevpar li navenda baj\u00ear Koban\u00ee y\u00ea \u00fb dorbera baj\u00ear encam da, 8 [&hellip;]\" \/>\n<meta property=\"og:url\" content=\"https:\/\/darkamazi.info\/archives\/1019994\" \/>\n<meta property=\"og:site_name\" content=\"Darka Maz\u00ee\" \/>\n<meta property=\"article:publisher\" content=\"https:\/\/www.facebook.com\/DarMaziKurmanci\" \/>\n<meta property=\"article:published_time\" content=\"2021-03-08T12:32:30+00:00\" \/>\n<meta property=\"og:image\" content=\"https:\/\/darkamazi.info\/file\/2021\/03\/Kobani-turk-rus-2.jpg\" \/>\n\t<meta property=\"og:image:width\" content=\"900\" \/>\n\t<meta property=\"og:image:height\" content=\"497\" \/>\n\t<meta property=\"og:image:type\" content=\"image\/jpeg\" \/>\n<meta name=\"author\" content=\"darka mazi\" \/>\n<meta name=\"twitter:card\" content=\"summary_large_image\" \/>\n<meta name=\"twitter:creator\" content=\"@DarkaMaziLatini\" \/>\n<meta name=\"twitter:site\" content=\"@DarkaMaziLatini\" \/>\n<meta name=\"twitter:label1\" content=\"Written by\" \/>\n\t<meta name=\"twitter:data1\" content=\"darka mazi\" \/>\n\t<meta name=\"twitter:label2\" content=\"Est. reading time\" \/>\n\t<meta name=\"twitter:data2\" content=\"1 minute\" \/>\n<script type=\"application\/ld+json\" class=\"seo-schema-graph\">{\"@context\":\"https:\\\/\\\/schema.org\",\"@graph\":[{\"@type\":\"Article\",\"@id\":\"https:\\\/\\\/darkamazi.info\\\/archives\\\/1019994#article\",\"isPartOf\":{\"@id\":\"https:\\\/\\\/darkamazi.info\\\/archives\\\/1019994\"},\"author\":{\"name\":\"darka mazi\",\"@id\":\"https:\\\/\\\/darkamazi.info\\\/#\\\/schema\\\/person\\\/5ad3e24553a0567993fa8ed4bd0a776c\"},\"headline\":\"Li Koban\u00ee y\u00ea dewr\u00eeya Tirk\u00ee-R\u00fbs\u00ee p\u00eakhat\",\"datePublished\":\"2021-03-08T12:32:30+00:00\",\"mainEntityOfPage\":{\"@id\":\"https:\\\/\\\/darkamazi.info\\\/archives\\\/1019994\"},\"wordCount\":141,\"publisher\":{\"@id\":\"https:\\\/\\\/darkamazi.info\\\/#organization\"},\"image\":{\"@id\":\"https:\\\/\\\/darkamazi.info\\\/archives\\\/1019994#primaryimage\"},\"thumbnailUrl\":\"https:\\\/\\\/darkamazi.info\\\/darka-content\\\/uploads\\\/2021\\\/03\\\/Kobani-turk-rus-2.jpg\",\"keywords\":[\"sereke\"],\"articleSection\":[\"Kurdistan\"],\"inLanguage\":\"en-US\"},{\"@type\":\"WebPage\",\"@id\":\"https:\\\/\\\/darkamazi.info\\\/archives\\\/1019994\",\"url\":\"https:\\\/\\\/darkamazi.info\\\/archives\\\/1019994\",\"name\":\"Li Koban\u00ee y\u00ea dewr\u00eeya Tirk\u00ee-R\u00fbs\u00ee p\u00eakhat - Darka Maz\u00ee\",\"isPartOf\":{\"@id\":\"https:\\\/\\\/darkamazi.info\\\/#website\"},\"primaryImageOfPage\":{\"@id\":\"https:\\\/\\\/darkamazi.info\\\/archives\\\/1019994#primaryimage\"},\"image\":{\"@id\":\"https:\\\/\\\/darkamazi.info\\\/archives\\\/1019994#primaryimage\"},\"thumbnailUrl\":\"https:\\\/\\\/darkamazi.info\\\/darka-content\\\/uploads\\\/2021\\\/03\\\/Kobani-turk-rus-2.jpg\",\"datePublished\":\"2021-03-08T12:32:30+00:00\",\"breadcrumb\":{\"@id\":\"https:\\\/\\\/darkamazi.info\\\/archives\\\/1019994#breadcrumb\"},\"inLanguage\":\"en-US\",\"potentialAction\":[{\"@type\":\"ReadAction\",\"target\":[\"https:\\\/\\\/darkamazi.info\\\/archives\\\/1019994\"]}]},{\"@type\":\"ImageObject\",\"inLanguage\":\"en-US\",\"@id\":\"https:\\\/\\\/darkamazi.info\\\/archives\\\/1019994#primaryimage\",\"url\":\"https:\\\/\\\/darkamazi.info\\\/darka-content\\\/uploads\\\/2021\\\/03\\\/Kobani-turk-rus-2.jpg\",\"contentUrl\":\"https:\\\/\\\/darkamazi.info\\\/darka-content\\\/uploads\\\/2021\\\/03\\\/Kobani-turk-rus-2.jpg\",\"width\":900,\"height\":497,\"caption\":\"Li Koban\u00ee y\u00ea dewr\u00eeya Tirk\u00ee-R\u00fbs\u00ee p\u00eakhat\"},{\"@type\":\"BreadcrumbList\",\"@id\":\"https:\\\/\\\/darkamazi.info\\\/archives\\\/1019994#breadcrumb\",\"itemListElement\":[{\"@type\":\"ListItem\",\"position\":1,\"name\":\"Home\",\"item\":\"https:\\\/\\\/darkamazi.info\\\/\"},{\"@type\":\"ListItem\",\"position\":2,\"name\":\"Li Koban\u00ee y\u00ea dewr\u00eeya Tirk\u00ee-R\u00fbs\u00ee p\u00eakhat\"}]},{\"@type\":\"WebSite\",\"@id\":\"https:\\\/\\\/darkamazi.info\\\/#website\",\"url\":\"https:\\\/\\\/darkamazi.info\\\/\",\"name\":\"Darka Maz\u00ee\",\"description\":\"P\u00eageha Zanyariy\u00ean Nebih\u00eest\u00ee\",\"publisher\":{\"@id\":\"https:\\\/\\\/darkamazi.info\\\/#organization\"},\"potentialAction\":[{\"@type\":\"SearchAction\",\"target\":{\"@type\":\"EntryPoint\",\"urlTemplate\":\"https:\\\/\\\/darkamazi.info\\\/?s={search_term_string}\"},\"query-input\":{\"@type\":\"PropertyValueSpecification\",\"valueRequired\":true,\"valueName\":\"search_term_string\"}}],\"inLanguage\":\"en-US\"},{\"@type\":\"Organization\",\"@id\":\"https:\\\/\\\/darkamazi.info\\\/#organization\",\"name\":\"Darka Maz\u00ee\",\"url\":\"https:\\\/\\\/darkamazi.info\\\/\",\"logo\":{\"@type\":\"ImageObject\",\"inLanguage\":\"en-US\",\"@id\":\"https:\\\/\\\/darkamazi.info\\\/#\\\/schema\\\/logo\\\/image\\\/\",\"url\":\"https:\\\/\\\/darkamazi.info\\\/darka-content\\\/uploads\\\/2017\\\/12\\\/darka-mazi-logo.png\",\"contentUrl\":\"https:\\\/\\\/darkamazi.info\\\/darka-content\\\/uploads\\\/2017\\\/12\\\/darka-mazi-logo.png\",\"width\":151,\"height\":75,\"caption\":\"Darka Maz\u00ee\"},\"image\":{\"@id\":\"https:\\\/\\\/darkamazi.info\\\/#\\\/schema\\\/logo\\\/image\\\/\"},\"sameAs\":[\"https:\\\/\\\/www.facebook.com\\\/DarMaziKurmanci\",\"https:\\\/\\\/x.com\\\/DarkaMaziLatini\",\"https:\\\/\\\/www.instagram.com\\\/darkamazi.kurmanci\\\/\",\"https:\\\/\\\/www.youtube.com\\\/channel\\\/UCa5HkTdmI8U1qCUFuTw8B2g\"]},{\"@type\":\"Person\",\"@id\":\"https:\\\/\\\/darkamazi.info\\\/#\\\/schema\\\/person\\\/5ad3e24553a0567993fa8ed4bd0a776c\",\"name\":\"darka mazi\",\"sameAs\":[\"https:\\\/\\\/darkamazi.info\\\/\"],\"url\":\"https:\\\/\\\/darkamazi.info\\\/archives\\\/author\\\/kurdi\"}]}<\/script>\n<!-- \/ Yoast SEO plugin. -->","seo_head_json":{"title":"Li Koban\u00ee y\u00ea dewr\u00eeya Tirk\u00ee-R\u00fbs\u00ee p\u00eakhat - Darka Maz\u00ee","robots":{"index":"index","follow":"follow","max-snippet":"max-snippet:-1","max-image-preview":"max-image-preview:large","max-video-preview":"max-video-preview:-1"},"canonical":"https:\/\/darkamazi.info\/archives\/1019994","og_locale":"en_US","og_type":"article","og_title":"Li Koban\u00ee y\u00ea dewr\u00eeya Tirk\u00ee-R\u00fbs\u00ee p\u00eakhat - Darka Maz\u00ee","og_description":"Art\u00ea\u015fa Tirkiy\u00ea \u00fb art\u00ea\u015fa R\u00fbsya \u00eero gereka \u00e7avd\u00eariy\u00ea li bajar\u00ea Koban\u00ee y\u00ea Rojava Kurdistan\u00ea encam da, ev ger navend \u00fb dorbera baj\u00ear li xwe girt. Ner\u00eengeha S\u00fbr\u00ee ya maf\u00ean mirovan ragihand, \u00eero roja d\u00fb\u015fem\u00ee 8\/3\/2021an, art\u00ea\u015fa Tirkiy\u00ea \u00fb R\u00fbsya federal gereka \u00e7avd\u00eariy\u00ea ya hevpar li navenda baj\u00ear Koban\u00ee y\u00ea \u00fb dorbera baj\u00ear encam da, 8 [&hellip;]","og_url":"https:\/\/darkamazi.info\/archives\/1019994","og_site_name":"Darka Maz\u00ee","article_publisher":"https:\/\/www.facebook.com\/DarMaziKurmanci","article_published_time":"2021-03-08T12:32:30+00:00","og_image":[{"width":900,"height":497,"url":"https:\/\/darkamazi.info\/file\/2021\/03\/Kobani-turk-rus-2.jpg","type":"image\/jpeg"}],"author":"darka mazi","twitter_card":"summary_large_image","twitter_creator":"@DarkaMaziLatini","twitter_site":"@DarkaMaziLatini","twitter_misc":{"Written by":"darka mazi","Est. reading time":"1 minute"},"schema":{"@context":"https:\/\/schema.org","@graph":[{"@type":"Article","@id":"https:\/\/darkamazi.info\/archives\/1019994#article","isPartOf":{"@id":"https:\/\/darkamazi.info\/archives\/1019994"},"author":{"name":"darka mazi","@id":"https:\/\/darkamazi.info\/#\/schema\/person\/5ad3e24553a0567993fa8ed4bd0a776c"},"headline":"Li Koban\u00ee y\u00ea dewr\u00eeya Tirk\u00ee-R\u00fbs\u00ee p\u00eakhat","datePublished":"2021-03-08T12:32:30+00:00","mainEntityOfPage":{"@id":"https:\/\/darkamazi.info\/archives\/1019994"},"wordCount":141,"publisher":{"@id":"https:\/\/darkamazi.info\/#organization"},"image":{"@id":"https:\/\/darkamazi.info\/archives\/1019994#primaryimage"},"thumbnailUrl":"https:\/\/darkamazi.info\/file\/2021\/03\/Kobani-turk-rus-2.jpg","keywords":["sereke"],"articleSection":["Kurdistan"],"inLanguage":"en-US"},{"@type":"WebPage","@id":"https:\/\/darkamazi.info\/archives\/1019994","url":"https:\/\/darkamazi.info\/archives\/1019994","name":"Li Koban\u00ee y\u00ea dewr\u00eeya Tirk\u00ee-R\u00fbs\u00ee p\u00eakhat - Darka Maz\u00ee","isPartOf":{"@id":"https:\/\/darkamazi.info\/#website"},"primaryImageOfPage":{"@id":"https:\/\/darkamazi.info\/archives\/1019994#primaryimage"},"image":{"@id":"https:\/\/darkamazi.info\/archives\/1019994#primaryimage"},"thumbnailUrl":"https:\/\/darkamazi.info\/file\/2021\/03\/Kobani-turk-rus-2.jpg","datePublished":"2021-03-08T12:32:30+00:00","breadcrumb":{"@id":"https:\/\/darkamazi.info\/archives\/1019994#breadcrumb"},"inLanguage":"en-US","potentialAction":[{"@type":"ReadAction","target":["https:\/\/darkamazi.info\/archives\/1019994"]}]},{"@type":"ImageObject","inLanguage":"en-US","@id":"https:\/\/darkamazi.info\/archives\/1019994#primaryimage","url":"https:\/\/darkamazi.info\/file\/2021\/03\/Kobani-turk-rus-2.jpg","contentUrl":"https:\/\/darkamazi.info\/file\/2021\/03\/Kobani-turk-rus-2.jpg","width":900,"height":497,"caption":"Li Koban\u00ee y\u00ea dewr\u00eeya Tirk\u00ee-R\u00fbs\u00ee p\u00eakhat"},{"@type":"BreadcrumbList","@id":"https:\/\/darkamazi.info\/archives\/1019994#breadcrumb","itemListElement":[{"@type":"ListItem","position":1,"name":"Home","item":"https:\/\/darkamazi.info\/"},{"@type":"ListItem","position":2,"name":"Li Koban\u00ee y\u00ea dewr\u00eeya Tirk\u00ee-R\u00fbs\u00ee p\u00eakhat"}]},{"@type":"WebSite","@id":"https:\/\/darkamazi.info\/#website","url":"https:\/\/darkamazi.info\/","name":"Darka Maz\u00ee","description":"P\u00eageha Zanyariy\u00ean Nebih\u00eest\u00ee","publisher":{"@id":"https:\/\/darkamazi.info\/#organization"},"potentialAction":[{"@type":"SearchAction","target":{"@type":"EntryPoint","urlTemplate":"https:\/\/darkamazi.info\/?s={search_term_string}"},"query-input":{"@type":"PropertyValueSpecification","valueRequired":true,"valueName":"search_term_string"}}],"inLanguage":"en-US"},{"@type":"Organization","@id":"https:\/\/darkamazi.info\/#organization","name":"Darka Maz\u00ee","url":"https:\/\/darkamazi.info\/","logo":{"@type":"ImageObject","inLanguage":"en-US","@id":"https:\/\/darkamazi.info\/#\/schema\/logo\/image\/","url":"https:\/\/darkamazi.info\/file\/2017\/12\/darka-mazi-logo.png","contentUrl":"https:\/\/darkamazi.info\/file\/2017\/12\/darka-mazi-logo.png","width":151,"height":75,"caption":"Darka Maz\u00ee"},"image":{"@id":"https:\/\/darkamazi.info\/#\/schema\/logo\/image\/"},"sameAs":["https:\/\/www.facebook.com\/DarMaziKurmanci","https:\/\/x.com\/DarkaMaziLatini","https:\/\/www.instagram.com\/darkamazi.kurmanci\/","https:\/\/www.youtube.com\/channel\/UCa5HkTdmI8U1qCUFuTw8B2g"]},{"@type":"Person","@id":"https:\/\/darkamazi.info\/#\/schema\/person\/5ad3e24553a0567993fa8ed4bd0a776c","name":"darka mazi","sameAs":["https:\/\/darkamazi.info\/"],"url":"https:\/\/darkamazi.info\/archives\/author\/kurdi"}]}},"_links":{"self":[{"href":"https:\/\/darkamazi.info\/funavuv\/wp\/v2\/posts\/1019994","targetHints":{"allow":["GET"]}}],"collection":[{"href":"https:\/\/darkamazi.info\/funavuv\/wp\/v2\/posts"}],"about":[{"href":"https:\/\/darkamazi.info\/funavuv\/wp\/v2\/types\/post"}],"author":[{"embeddable":true,"href":"https:\/\/darkamazi.info\/funavuv\/wp\/v2\/users\/2"}],"replies":[{"embeddable":true,"href":"https:\/\/darkamazi.info\/funavuv\/wp\/v2\/comments?post=1019994"}],"version-history":[{"count":0,"href":"https:\/\/darkamazi.info\/funavuv\/wp\/v2\/posts\/1019994\/revisions"}],"wp:featuredmedia":[{"embeddable":true,"href":"https:\/\/darkamazi.info\/funavuv\/wp\/v2\/media\/1019996"}],"wp:attachment":[{"href":"https:\/\/darkamazi.info\/funavuv\/wp\/v2\/media?parent=1019994"}],"wp:term":[{"taxonomy":"category","embeddable":true,"href":"https:\/\/darkamazi.info\/funavuv\/wp\/v2\/categories?post=1019994"},{"taxonomy":"post_tag","embeddable":true,"href":"https:\/\/darkamazi.info\/funavuv\/wp\/v2\/tags?post=1019994"}],"curies":[{"name":"wp","href":"https:\/\/api.w.org\/{rel}","templated":true}]}}