{"id":1020019,"date":"2021-03-09T20:27:54","date_gmt":"2021-03-09T17:27:54","guid":{"rendered":"https:\/\/darkamazi.info\/?p=1020019"},"modified":"2021-03-09T20:27:54","modified_gmt":"2021-03-09T17:27:54","slug":"besa-2-di-temeneki-bicuk-de-ci-bo-sedem-ku-jiyana-xwe-bidawi-binin","status":"publish","type":"post","link":"https:\/\/darkamazi.info\/archives\/1020019","title":{"rendered":"Be\u015fa 2: Di temenek\u00ee bi\u00e7\u00fbk de \u00e7i bo sedem ku j\u00eeyana xwe bidaw\u00ee b\u00eenin"},"content":{"rendered":"<h3 style=\"text-align: center\"><span style=\"font-family: 'arial black', sans-serif;color: #8c0808\"><strong>\u00c7\u00eeroka s\u00eayem\u00een: \u00c7\u00eeroka Dewran a \u00c7avderyay\u00ee<\/strong><\/span><\/h3>\n<h3 style=\"text-align: justify\"><span style=\"font-family: 'arial black', sans-serif\">Dewran Serhat anku Nazime Akt\u00fcrk ke\u00e7ek e ku por zer \u00fb \u00e7av\u00ean w\u00ea \u015f\u00een m\u00eena roj\u00ea dibiriqe. Nazime, ku malbata w\u00ea j\u00ea re dib\u00eajin Kej\u00ea, di temen\u00ea 16 sal\u00ee de anku li sala 1991an de ji Stenbol\u00ea be\u015fdar\u00ee PKK b\u00fb. Xal\u00ea w\u00ea, Turgut Yildiz ger\u00eelayek nasyar y\u00ea \u00c7iyay\u00ea Ararat \u00ea b\u00fb \u00fb can\u00ea xwe ji dest da bo. Dewran j\u00ee ji bo \u00e7eka xal\u00ea xwe rake ber\u00ea xwe da b\u00fb \u00e7\u00eeya.<\/span><\/h3>\n<h3 style=\"text-align: center\"><span style=\"color: #8c0808;font-family: 'arial black', sans-serif\">&#8220;Ew mirina, bir\u00e7\u00eeb\u00fbn \u00fb sir\u00fbserma y\u00ea dib\u00eene, l\u00ea tu car gav pa\u015fve na av\u00eaje&#8221;<\/span><\/h3>\n<h3 style=\"text-align: justify\">Ew ji Stenbol\u00ea dikeve r\u00ea \u00fb di\u00e7e \u00e7iyay\u00ean Serhed\u00ea. Heya ku di sala 2001 an de xwe ku\u015ft\u00ee j\u00ee, ew li r\u00eay\u00ean \u00c7iyay\u00ea Ararat, Zagros, \u015eam, Amed \u00fb Erzurum r\u00eaw\u00eet\u00eey\u00ea dike. Ew jineke bedew \u00fb w\u00earek b\u00fb, bi dehan cara ew ji mirin\u00ea vedigere. Ew di w\u00ea dem\u00ea de Endama R\u00eaveberiya Desteya Navend\u00ee ya YAJK \u00ea, \u015faxa jinan a PKK \u00ea b\u00fb. Ew mirina, bir\u00e7\u00eeb\u00fbn \u00fb sir\u00fbserma y\u00ea dib\u00eene, l\u00ea tu car gav pa\u015fve na av\u00eaje, bi temen\u00ea xwe y\u00ea ciwan\u00ee r\u00eaberiy\u00ea \u00fb fermandar\u00ee y\u00ea di qad\u00ean \u015fer de, dike.<\/h3>\n<h3 style=\"text-align: center\"><span style=\"color: #8c0808;font-family: 'arial black', sans-serif\">&#8220;Ez her dem gulleya xwe ya pa\u015f\u00een ji xwe re dih\u00ealim, ger hewce be w\u00ea ez ji xwe re bikar b\u00eenin, da ku bi sax\u00ee nekevim deste dijmin\u00ee de.&#8221;<\/span><\/h3>\n<h3 style=\"text-align: justify\">Girtina Evdila Ocelan sala 1999, ji bo Dewran\u00ea dibe saleke pirr dijwar. Dewran \u015fahida leheng\u00eeya b\u00fb; di nava \u015fer de, heval\u00ean w\u00ea ji bo ku bi sax\u00ee nekevin deste art\u00ea\u015fa Tirk a dijmin de bombeya daw\u00eey\u00ea bi beden\u00ea xwe ve diteqandin. Ew kesek e ku, di her operasyon\u00ea de dib\u00eaje, &#8220;Ez her dem gulleya xwe ya pa\u015f\u00een ji xwe re dih\u00ealim, ger hewce be w\u00ea ez ji xwe re bikar b\u00eenin, da ku bi sax\u00ee nekevim deste dijmin\u00ee de.&#8221; Dewran helwest \u00fb gotin\u00ean Evdila Ocelan y\u00ean wek\u00ee &#8220;Ez dixwazim xizmeta dewleta Tirk bikim, day\u00eeka min j\u00ee Tirk e&#8221; li dadgeha Tirka de wek\u00ee xiyanet \u00fb tesl\u00eemkar\u00ee dib\u00eene. Ev ne ten\u00ea fikra Dewran\u00ea ye, komek mezin a kadroyan di v\u00ea dem\u00ea de difikirin ku Evdila Ocelan b\u00fbye \u00eet\u00eerafkar \u00fb neraste ku kesek\u00ee dinava dest\u00ean dijmin\u00ee de \u00fb wisa bi ner\u00een\u00ean \u00e7ewt r\u00eaxistin\u00ea bime\u015f\u00eene. Ev y\u00eak pirr metirs\u00eedare ji bo xebat\u00ean r\u00eaxistin\u00ea ji ber ku dewlet ji Apo talep dike ew weke ferman ji r\u00eaxistin\u00ea re r\u00ea dike. Dewran \u00fb komek heval (\u015eeh\u00eed Dr. Sil\u00eaman Sa\u00eet \u00c7\u00fbr\u00fbkkaya) biryar\u00ea didin ku ji r\u00eaxistin\u00ea derkevin. L\u00ea Mixabin, ji bo ku ew ne cih\u00ea gir\u00fbp\u00ea b\u00fb, w\u00ea \u015feva 19 \u00ea Golan\u00ea nekar\u00ee xwe bigih\u00eene heval\u00ean xwe \u00fb ew hatin girtin.<\/h3>\n<h3 style=\"text-align: center\"><span style=\"color: #8c0808;font-family: 'arial black', sans-serif\">&#8220;Ew Ocelan weke xay\u00een dib\u00eene&#8221;<\/span><\/h3>\n<h3 style=\"text-align: justify\">Dewran li k\u00fbrahiya Dola Kok\u00ea demek\u00ee dir\u00eaj girt\u00ee dim\u00eene. Ji w\u00ea t\u00ea xwestin ku tesl\u00eem bibe, \u00fb nav\u00ean heval\u00ean xwe, bide. Di bin \u00ee\u015fkencek\u00ee giran de t\u00ea girtin. Hem ji h\u00eala la\u015f\u00ee \u00fb hem j\u00ee ji h\u00eala der\u00fbn\u00ee ve t\u00ea \u00ee\u015fkence kirin. PKK heval \u00fb malbata w\u00ea y\u00ean ku ber\u00ea jiyana xwe ji dest dane ji bo ku der\u00fbn\u00eeya w\u00ea t\u00eak bidin her gav t\u00eenin p\u00ea\u015fber\u00ee w\u00ea. Dema ku Dewran hate bin\u00e7avkirin di mehek\u00ea de 12 kg winda kir. Pora w\u00ea ya zer\u00een kef, kef diweriya. Dewran bersiva \u00e7i pirs\u00ean p\u00ea hatiye tawanbar kirin nade. Dewran e\u015fkere dib\u00eaje ku &#8220;ew Ocelan weke xay\u00een dib\u00eene&#8221;. Dewran kesek e ku PKK \u00ea ba\u015f nas dike. Ew dizane ku ew bi rexne \u00fb fikr\u00ean xwe nikare bi PKK \u00ea re bim\u00eene. R\u00eayek heye ku PKK p\u00ea\u015fk\u00ea\u015f\u00ee mirov\u00ean ku c\u00fbda difikirin dike ew j\u00ee eve: an d\u00ea tesl\u00eem b\u00ee an j\u00ee w\u00ea xwe bikuj\u00ee. Dewran nikarib\u00fb bireve. Bi ten\u00ea y\u00eak r\u00ea j\u00eare dim\u00eene ew j\u00ee eve ku xwe bikuje.<\/h3>\n<h3 style=\"text-align: justify\">H\u00eaj temen 26 sal\u00ee b\u00fb, m\u00eena kul\u00eelkek bihar\u00ea, xif\u015fe xezalek\u00ea di v\u00ee temen\u00ea ciwan\u00eeya xwe de hem\u00fb \u00ea\u015f \u00fb azar j\u00eeyan kirin. W\u00ea l\u00fbl\u00eeya w\u00ea tiving\u00eaa Ji bo ku heyfa xal\u00ea p\u00ea hel\u00eene rakirib\u00fb, xist sere xwe \u00fb ew teqand. Dema ku ew tet\u00eeka tiving\u00ea diki\u015f\u00eene her weke w\u00ea dem\u00ea b\u00fb ku w\u00ea tet\u00eeka tiving\u00ea ji boy gullebaran kirina dijmin di ki\u015fand, ew b\u00ea tirs \u00fb bi biryar b\u00fb.<\/h3>\n<h3 style=\"text-align: center\"><span style=\"color: #8c0808;font-family: 'arial black', sans-serif\">\u00c7\u00eerok 4: K\u00ea St\u00eark Amed gulebaran kir?<\/span><\/h3>\n<h3 style=\"text-align: justify\">S\u00fbmb\u00fbll Per\u00ee\u015fan bi kod\u00ea St\u00eark Amed ke\u00e7a malbatek naskir\u00ee ji lic\u00ea b\u00fb. Ji ber ku endama malbateke welatpar\u00eaz \u00fb Kurdperwer bo w\u00ea di temen\u00ea bi\u00e7\u00fbk de ber\u00ea xwe da \u00e7\u00eeya. Di malbata w\u00ea de s\u00eeyaseta netewey\u00ee pirr t\u00ea niqa\u015fkirin \u00fb malbat dinava hem\u00fb part\u00eey\u00ean Kurdistan\u00ee de belav b\u00fbye, heman dem nava PKK \u00ea de j\u00ee malbat cih digire \u00fb ew di 1992 an de dema ku temen 17 sal\u00ee b\u00fb, tevl\u00ee PKK \u00ea b\u00fb, m\u00eena ku \u00e7aren\u00fbsa w\u00ea ber\u00ea hatibe niv\u00eesandin. Cih\u00ea yekem ku \u00e7\u00fby\u00ea \u015eam b\u00fb cih\u00ea ku Evdila Ocelan l\u00ea dima. D\u00fbv re j\u00ee ew r\u00eakirin \u00e7iyay\u00ean Kurdistan\u00ea. St\u00eark Amed kesek e ku xwe wek\u00ee zarok\u00ea PKK \u00ea did\u00eet. St\u00eark ne dikar\u00ee xeyal bike ku PKK w\u00ea xeletiyan bike. Ew xwe perwerde dike ku bi hem\u00fb h\u00eaza xwe \u015fer\u00ea dijmin bike. Bi co\u015f \u00fb w\u00earek\u00ee tevl\u00ee \u015fer dibe \u00fb pa\u015f\u00ea dibe mamoste ya le\u015fker\u00ee. Di mijar\u00ean le\u015fker\u00ee de ger\u00eelayek serket\u00ee ye. Ew ev\u00eendara \u00e7iyayan e, ew m\u00eena ku ji bil\u00ee jiyana \u00e7iyayan \u00e7i jiyan nemaye dij\u00ee. L\u00ea St\u00eark j\u00ee h\u00ead\u00ee h\u00ead\u00ee mezin dibe. helwesta Ocelan li dadgeh\u00ea Tirkiy\u00ea w\u00ea bi neba\u015f\u00ee bandor dike. St\u00eark her ku di\u00e7e dib\u00eene ku PKK ya di ser\u00ea xwede avakir\u00ee ne ev PKK ye. L\u00ea bel\u00ea, hewesa w\u00ea ya \u00e7iya, heval, \u015fer \u00fb b\u00eeran\u00een w\u00ea hertim zind\u00ee dih\u00eale.<\/h3>\n<h3 style=\"text-align: center\"><span style=\"font-family: 'arial black', sans-serif;color: #8c0808\">&#8220;Rojek ji ni\u015fka ve ji h\u00eala Navenda Gi\u015ft\u00ee ya HPG ve t\u00ea gaz\u00eekirin&#8221;<\/span><\/h3>\n<h3 style=\"text-align: justify\">Dema ku PKK di sala 1999 an de ger\u00eelay\u00ean xwe bi tal\u00eemat\u00ean Ocelan \u015f\u00fbnda vedik\u015f\u00ea ba\u015f\u00fbr, l\u00ea pey re d\u00eesa biryar digire ku hinek h\u00eazan r\u00eake Bakur\u00ea Kurdistan\u00ea, St\u00eark j\u00ee v\u00ea weke fersend dib\u00eene \u00fb p\u00ea\u015fniyaz dike ku bi\u00e7in Bak\u00fbr. \u00cad\u00ee ew ber\u00ea xwe dide Botan\u00ea. Her \u00e7iyayek\u00ea \u00fb her \u00e7emek\u00ea dib\u00eene. Ji hem\u00fb kan\u00eey\u00ean welat av\u00ea vedxwe. L\u00ea rojek ji ni\u015fka ve ji h\u00eala Navenda Gi\u015ft\u00ee ya HPG ve t\u00ea gaz\u00eekirin. Ew ji Bakur vegeriya, s\u00eenor derbas kir, w\u00ea we xeyal dikir ku heval d\u00ea p\u00ea\u015fwaziy\u00ea l\u00ea bikin l\u00ea mixabin du \u015fervan\u00ean St\u00eark\u00ea hatin ba w\u00ea dest\u00ean w\u00ea gir\u00eadan \u00fb birin z\u00eendan\u00ea. Part\u00eeya ku St\u00eark\u00ea ji bo xwe malbat did\u00eet li w\u00ea bib\u00fb neyar. S\u00fb\u00e7a St\u00eark ev\u00een \u00fb ev\u00eendar\u00ee b\u00fb.<\/h3>\n<h3 style=\"text-align: center\"><span style=\"color: #8c0808;font-family: 'arial black', sans-serif\">&#8220;R\u00eaya mirin\u00ea ji St\u00eark re t\u00ea vekirin&#8221;<\/span><\/h3>\n<h3 style=\"text-align: justify\">R\u00eavebir\u00eeya jinan a PKK \u00ea St\u00eark Amed bi hinceta ku bi kesek\u00ee re t\u00eakiliyek hestyar\u00ee heb\u00fb \u00fb w\u00ea tasfiyekar\u00ee kir\u00eeye, girtin. St\u00eark di jiyana xweya ya 17 sala nava PKK \u00ea de derbask\u00ee de, cara yek\u00ea bi kesek\u00ea re eleqedar dibe. Ew kes\u00ea ku j\u00ea hez dike j\u00ee di pev\u00e7\u00fbnek li Botan\u00ea de j\u00eeyana xwe ji dest dide. St\u00eark ji xwe di bin bandora v\u00ea \u015fehadet\u00ea de hate pel\u00e7iqandin. Kom\u00eesyona l\u00eapirs\u00een\u00ea ya li \u00e7iyay\u00ea Gare, kesayetiya St\u00eark\u00ea di\u015fk\u00eene \u00fb w\u00ea weke kujer\u00ea heval\u00ea xwe tawanbar dike . Her roj j\u00eare dib\u00eajin tu xay\u00een\u00ee, tasfiyekar\u00ee, \u00eexanet\u00ea li \u015feh\u00eedan dik\u00ee, tu kesayetek\u00ee ket\u00eey\u00ee \u00fb hwd. r\u00eaya mirin\u00ea ji St\u00eark re t\u00ea vekirin. St\u00eark ji kom\u00eesyona l\u00eapirs\u00een\u00ea re dib\u00eaje &#8220;Ez \u00ea qet na peyivim, ez ten\u00ea dixwazim bimirim.&#8221;<\/h3>\n<h3 style=\"text-align: center\"><span style=\"color: #8c0808;font-family: 'arial black', sans-serif\">&#8220;Ez ten\u00ea dixwazim bimirim&#8221;<\/span><\/h3>\n<h3 style=\"text-align: justify\">\u00db rojek\u00ea, kadroy\u00ean PKK dibih\u00eezin ku St\u00eark Amed xwe ku\u015ftiye. Ji malbata w\u00ea vedi\u015f\u00earin pi\u015ft\u00ee malbat p\u00eadihese, j\u00eare t\u00ea gotin di pev\u00e7\u00fbnek\u00ea de j\u00eeyana xwe ji dest daye. L\u00ea malbat ji PKK \u00ea bawer nake \u00fb t\u00ean her\u00eam\u00ea dizanin ku ke\u00e7a wan hat\u00eeye e\u015fkencedan \u00fb ew ka\u015f\u00ee mirin\u00ea kir\u00eeye. PKK j\u00ee di v\u00ea derewa xwe de geviz\u00ee.\u00a0 Ev rew\u015fa nakok gelek mirovan dixap\u00eene. \u00c7ima \u00e7ek li teni\u015fta kes\u00ea ku dib\u00eaje &#8220;ez ten\u00ea dixwazim bimirim&#8221; b\u00ea hi\u015ftin? Kes\u00ean girt\u00ee dox\u00een j\u00ee j\u00ea t\u00ea sitandin \u00e7awa dibe \u00e7ek li gel w\u00ea dat\u00eenin. PKK \u00ea Biryara ku\u015ftina St\u00eark sitand\u00eeye l\u00ea \u015f\u00eawaz\u00ea p\u00eakan\u00eena ku\u015ftina w\u00ea p\u00eaws\u00eete bandor\u00ea li ser malbat \u00fb kes\u00fbkar\u00ean w\u00ea \u00e7\u00eaneke. Loma j\u00ee PKK ji bo St\u00eark xwe bikuje b\u00fb al\u00eekar? Encam de got w\u00ea \u00eentihar kir. Em\u00ea li ser van pirsan b\u00eatir n\u00eeqa\u015f bikin. L\u00ea ya gir\u00eeng di vir de ev e ku &#8220;jinek 34 sal\u00ee ku xwe wek\u00ee zarokek PKK \u00ea dibine\u201d \u00e7awa ber bi mirin\u00ea ve hate k\u00ea\u015fandin.<\/h3>\n<h3 style=\"text-align: center\"><span style=\"color: #8c0808;font-family: 'arial black', sans-serif\">&#8220;\u00c7\u00eeroka p\u00eancem\u00een: \u00c7\u00ee\u00e7ek \u00ea bi rengek din \u00eent\u00eehar kir&#8221;<\/span><\/h3>\n<h3 style=\"text-align: justify\">\u00c7\u00ee\u00e7ek Botan-Hacer Kaya di sala 1979 an de ji dayik b\u00fbye \u00fb di 1990 an de tevl\u00ee PKK b\u00fb. H\u00eaj temen\u00ea w\u00ea ne b\u00fby\u00ee 12 sal ew di\u00e7e \u00e7iya. Hacer Kaya dema ku di nav PKK\u00ea de b\u00fb, ten\u00ea kar\u00ea le\u015fker\u00ee dime\u015f\u00eene. Ew Jin\u00ean b\u00ea xwendin \u00fb y\u00ean ku bi tirk\u00ee ba\u015f nizanin na t\u00eakevin xebata siyas\u00ee de. Ji ber v\u00ea sedem\u00ea, para Hacer \u00ea j\u00ee dikeve ser l\u00eakol\u00een\u00ean le\u015fker\u00ee. 29 salan li \u00e7iyayan dim\u00eene. Ew her dem wek\u00ee kesek b\u00ea pirsgir\u00eak t\u00ea zan\u00een. Zarok\u00ee \u00fb ciwan\u00eeya xwe li \u00e7\u00eeya derbas dike.<\/h3>\n<h3 style=\"text-align: center\"><span style=\"color: #8c0808;font-family: 'arial black', sans-serif\">&#8220;Dema ku \u00c7\u00ee\u00e7ek li wargeha Mexm\u00fbr b\u00fb, w\u00ea bi heval\u00ea xwe y\u00ea xort re p\u00eawend\u00ee dan\u00ee \u00fb biryar da ku ji PKK \u00ea derkevin&#8221;<\/span><\/h3>\n<h3 style=\"text-align: justify\">L\u00ea rojek\u00ea, b\u00fbyerek \u00e7\u00eadibe ku d\u00ea jiyana \u00c7\u00ee\u00e7ek \u00ea biguheze. Dema ku \u00c7\u00ee\u00e7ek li qada HPG ye, bi hevalek xort re p\u00eawendiy\u00ean hest\u00eeyar\u00ee \u00e7\u00eadike. Dema ku dan\u00fbstandin\u00ean di navbera wan de e\u015fkere dibin \u00c7\u00ee\u00e7ek ji bo Rojava t\u00ea \u015fandin. Di dawiya perwerdehiy\u00ea de, t\u00ea gotin ku ew\u00ea niha bi\u00e7e Bak\u00fbr. \u00c7\u00ee\u00e7ek pi\u015ft\u00ee perwerdehiy\u00ea ji ber nexwe\u015fiyan t\u00ea Kampa Mexm\u00fbr. Ji w\u00ea re t\u00ea gotin ku di nav mehek\u00ea de here doktor \u00fb xwe derman bike. Ji ber ku ew \u00ea pa\u015f\u00ea bi\u00e7e D\u00earsim\u00ea. Dema ku \u00c7\u00ee\u00e7ek li wargeha Mexm\u00fbr b\u00fb, w\u00ea bi heval\u00ea xwe y\u00ea xort re p\u00eawend\u00ee dan\u00ee \u00fb biryar da ku ji PKK \u00ea derkevin. L\u00ea ew gav bi gav dibin \u00e7avd\u00ear\u00eeya r\u00eaxistin\u00ea da b\u00fbn. Dema ku ew ji bo bij\u00ee\u015f\u00eek\u00ee \u00e7\u00fb b\u00fb hewl\u00ear dixwest wir ji r\u00eaxistin\u00ea veqete. L\u00ea w\u00ea girtin \u00fb pa\u015fde birin wargeha Mexm\u00fbr.<\/h3>\n<h3 style=\"text-align: center\"><span style=\"font-family: 'arial black', sans-serif;color: #8c0808\">&#8220;\u00c7\u00ee\u00e7ek ku di temen\u00ea zarokat\u00ee de tevl\u00ee r\u00eaxistin\u00ea b\u00fb, \u00e7i ji rast\u00eey\u00ean jiyan\u00ea nedizan\u00ee&#8221;<\/span><\/h3>\n<h3 style=\"text-align: justify\">R\u00eaveberiya PKK \u00ea di derbar\u00ea w\u00ea de dudil b\u00fbn. \u00c7\u00ee\u00e7ek kesayetiyek navdar e \u00fb ji h\u00eala gelek ger\u00eelay\u00ean temen ciwan ve pirr t\u00ea nas kirin. Belavb\u00fbna b\u00fbyerek wiha d\u00ea bandorek ney\u00een\u00ee li ger\u00eelay\u00ean ciwan bike. P\u00eavajoya dadgeh\u00ea, girtin \u00fb hwd da gelek pirsgir\u00eakan bi xwe re \u00e7\u00eabike. R\u00eaveber\u00ean PKK \u00fb PAJK li \u015f\u00fbna w\u00ea bigrin, r\u00eabazek din hildibij\u00earin. \u00c7\u00ee\u00e7ek ji Wargeha Mexm\u00fbr girt\u00ee \u015fandin \u00c7iyay\u00ea Qend\u00eel. Li vir di ezm\u00fbn\u00ean w\u00ea de qelsiyek heye, j\u00ea t\u00ea xwestin ku \u00e7end mehan xwe kom bike, rapora xwe ya rexneday\u00een\u00ea biniv\u00eese, \u00fb d\u00fbv re here D\u00earsim\u00ea. \u00c7\u00ee\u00e7ek hilwe\u015fiyaye, ji kes\u00ea ku j\u00ea hez dike \u00e7i agah\u00eeyan nast\u00eene. \u00c7\u00ee\u00e7ek ku di temen\u00ea zarokat\u00ee de tevl\u00ee r\u00eaxistin\u00ea b\u00fb, \u00e7i ji rast\u00eey\u00ean jiyan\u00ea nedizan\u00ee. Ew we bawer dike ku ya ku ya w\u00ea kir\u00ee pirr \u015ferm e. Ew \u00e7\u00fb D\u00earsim\u00ea \u00fb di mijdar a 2019 an de li D\u00earsim\u00ea di pev\u00e7\u00fbnek\u00ea de j\u00eeyana xwe ji dest da. Dema xwatir xastina r\u00eaw\u00eet\u00eey\u00ea de ji hevalek\u00ea xwe re dib\u00eaje \u201cez qet navegerim\u201d pi\u015ft\u00ee demek\u00ee kurt li D\u00earsim\u00ea borand\u00ee w\u00ea wesyata xwe p\u00eak an\u00ee.<\/h3>\n<h3 style=\"text-align: justify\">\u00c7\u00eeroka \u00c7\u00ee\u00e7ek \u00ea bi rast\u00ee \u015f\u00eawazek\u00ee ve\u015fart\u00ee \u00ea xwekujiy\u00ea ye. Ji w\u00ea re t\u00ea gotin; an d\u00ea bih\u00eay girtin, an j\u00ee d\u00ea tu bi\u00e7\u00ee \u015fer tu dikar\u00ee wir xwe \u00eespat bik\u00ee. \u00c7\u00ee\u00e7ek ji ber \u00e7\u00fbna r\u00eayek n\u00fb ne amade bi rengek\u00ee ew ber bi mirin\u00ea v\u00ea hate r\u00eakirin.<\/h3>\n","protected":false},"excerpt":{"rendered":"<p>\u00c7\u00eeroka s\u00eayem\u00een: \u00c7\u00eeroka Dewran a \u00c7avderyay\u00ee Dewran Serhat anku Nazime Akt\u00fcrk ke\u00e7ek e ku por zer \u00fb \u00e7av\u00ean w\u00ea \u015f\u00een m\u00eena roj\u00ea dibiriqe. Nazime, ku malbata w\u00ea j\u00ea re dib\u00eajin Kej\u00ea, di temen\u00ea 16 sal\u00ee de anku li sala 1991an de ji Stenbol\u00ea be\u015fdar\u00ee PKK b\u00fb. Xal\u00ea w\u00ea, Turgut Yildiz ger\u00eelayek nasyar y\u00ea \u00c7iyay\u00ea Ararat [&hellip;]<\/p>\n","protected":false},"author":2,"featured_media":1020026,"comment_status":"closed","ping_status":"closed","sticky":false,"template":"","format":"standard","meta":{"footnotes":""},"categories":[40],"tags":[37],"class_list":["post-1020019","post","type-post","status-publish","format-standard","has-post-thumbnail","hentry","category-niheni","tag-sereke"],"blocksy_meta":[],"seo_head":"<!-- This site is optimized with the Yoast SEO plugin v27.5 - https:\/\/yoast.com\/product\/yoast-seo-wordpress\/ -->\n<title>Be\u015fa 2: Di temenek\u00ee bi\u00e7\u00fbk de \u00e7i bo sedem ku j\u00eeyana xwe bidaw\u00ee b\u00eenin - Darka Maz\u00ee<\/title>\n<meta name=\"robots\" content=\"index, follow, max-snippet:-1, max-image-preview:large, max-video-preview:-1\" \/>\n<link rel=\"canonical\" href=\"https:\/\/darkamazi.info\/archives\/1020019\" \/>\n<meta property=\"og:locale\" content=\"en_US\" \/>\n<meta property=\"og:type\" content=\"article\" \/>\n<meta property=\"og:title\" content=\"Be\u015fa 2: Di temenek\u00ee bi\u00e7\u00fbk de \u00e7i bo sedem ku j\u00eeyana xwe bidaw\u00ee b\u00eenin - Darka Maz\u00ee\" \/>\n<meta property=\"og:description\" content=\"\u00c7\u00eeroka s\u00eayem\u00een: \u00c7\u00eeroka Dewran a \u00c7avderyay\u00ee Dewran Serhat anku Nazime Akt\u00fcrk ke\u00e7ek e ku por zer \u00fb \u00e7av\u00ean w\u00ea \u015f\u00een m\u00eena roj\u00ea dibiriqe. Nazime, ku malbata w\u00ea j\u00ea re dib\u00eajin Kej\u00ea, di temen\u00ea 16 sal\u00ee de anku li sala 1991an de ji Stenbol\u00ea be\u015fdar\u00ee PKK b\u00fb. Xal\u00ea w\u00ea, Turgut Yildiz ger\u00eelayek nasyar y\u00ea \u00c7iyay\u00ea Ararat [&hellip;]\" \/>\n<meta property=\"og:url\" content=\"https:\/\/darkamazi.info\/archives\/1020019\" \/>\n<meta property=\"og:site_name\" content=\"Darka Maz\u00ee\" \/>\n<meta property=\"article:publisher\" content=\"https:\/\/www.facebook.com\/DarMaziKurmanci\" \/>\n<meta property=\"article:published_time\" content=\"2021-03-09T17:27:54+00:00\" \/>\n<meta property=\"og:image\" content=\"https:\/\/darkamazi.info\/file\/2021\/03\/Logo-2.jpg\" \/>\n\t<meta property=\"og:image:width\" content=\"900\" \/>\n\t<meta property=\"og:image:height\" content=\"497\" \/>\n\t<meta property=\"og:image:type\" content=\"image\/jpeg\" \/>\n<meta name=\"author\" content=\"darka mazi\" \/>\n<meta name=\"twitter:card\" content=\"summary_large_image\" \/>\n<meta name=\"twitter:creator\" content=\"@DarkaMaziLatini\" \/>\n<meta name=\"twitter:site\" content=\"@DarkaMaziLatini\" \/>\n<meta name=\"twitter:label1\" content=\"Written by\" \/>\n\t<meta name=\"twitter:data1\" content=\"darka mazi\" \/>\n\t<meta name=\"twitter:label2\" content=\"Est. reading time\" \/>\n\t<meta name=\"twitter:data2\" content=\"8 minutes\" \/>\n<script type=\"application\/ld+json\" class=\"seo-schema-graph\">{\"@context\":\"https:\\\/\\\/schema.org\",\"@graph\":[{\"@type\":\"Article\",\"@id\":\"https:\\\/\\\/darkamazi.info\\\/archives\\\/1020019#article\",\"isPartOf\":{\"@id\":\"https:\\\/\\\/darkamazi.info\\\/archives\\\/1020019\"},\"author\":{\"name\":\"darka mazi\",\"@id\":\"https:\\\/\\\/darkamazi.info\\\/#\\\/schema\\\/person\\\/5ad3e24553a0567993fa8ed4bd0a776c\"},\"headline\":\"Be\u015fa 2: Di temenek\u00ee bi\u00e7\u00fbk de \u00e7i bo sedem ku j\u00eeyana xwe bidaw\u00ee b\u00eenin\",\"datePublished\":\"2021-03-09T17:27:54+00:00\",\"mainEntityOfPage\":{\"@id\":\"https:\\\/\\\/darkamazi.info\\\/archives\\\/1020019\"},\"wordCount\":2088,\"publisher\":{\"@id\":\"https:\\\/\\\/darkamazi.info\\\/#organization\"},\"image\":{\"@id\":\"https:\\\/\\\/darkamazi.info\\\/archives\\\/1020019#primaryimage\"},\"thumbnailUrl\":\"https:\\\/\\\/darkamazi.info\\\/darka-content\\\/uploads\\\/2021\\\/03\\\/Logo-2.jpg\",\"keywords\":[\"sereke\"],\"articleSection\":[\"Nih\u00ean\u00ee\"],\"inLanguage\":\"en-US\"},{\"@type\":\"WebPage\",\"@id\":\"https:\\\/\\\/darkamazi.info\\\/archives\\\/1020019\",\"url\":\"https:\\\/\\\/darkamazi.info\\\/archives\\\/1020019\",\"name\":\"Be\u015fa 2: Di temenek\u00ee bi\u00e7\u00fbk de \u00e7i bo sedem ku j\u00eeyana xwe bidaw\u00ee b\u00eenin - Darka Maz\u00ee\",\"isPartOf\":{\"@id\":\"https:\\\/\\\/darkamazi.info\\\/#website\"},\"primaryImageOfPage\":{\"@id\":\"https:\\\/\\\/darkamazi.info\\\/archives\\\/1020019#primaryimage\"},\"image\":{\"@id\":\"https:\\\/\\\/darkamazi.info\\\/archives\\\/1020019#primaryimage\"},\"thumbnailUrl\":\"https:\\\/\\\/darkamazi.info\\\/darka-content\\\/uploads\\\/2021\\\/03\\\/Logo-2.jpg\",\"datePublished\":\"2021-03-09T17:27:54+00:00\",\"breadcrumb\":{\"@id\":\"https:\\\/\\\/darkamazi.info\\\/archives\\\/1020019#breadcrumb\"},\"inLanguage\":\"en-US\",\"potentialAction\":[{\"@type\":\"ReadAction\",\"target\":[\"https:\\\/\\\/darkamazi.info\\\/archives\\\/1020019\"]}]},{\"@type\":\"ImageObject\",\"inLanguage\":\"en-US\",\"@id\":\"https:\\\/\\\/darkamazi.info\\\/archives\\\/1020019#primaryimage\",\"url\":\"https:\\\/\\\/darkamazi.info\\\/darka-content\\\/uploads\\\/2021\\\/03\\\/Logo-2.jpg\",\"contentUrl\":\"https:\\\/\\\/darkamazi.info\\\/darka-content\\\/uploads\\\/2021\\\/03\\\/Logo-2.jpg\",\"width\":900,\"height\":497,\"caption\":\"Be\u015fa 2: Di temenek\u00ee bi\u00e7\u00fbk de \u00e7i bo sedem ku j\u00eeyana xwe bidaw\u00ee b\u00eenin\"},{\"@type\":\"BreadcrumbList\",\"@id\":\"https:\\\/\\\/darkamazi.info\\\/archives\\\/1020019#breadcrumb\",\"itemListElement\":[{\"@type\":\"ListItem\",\"position\":1,\"name\":\"Home\",\"item\":\"https:\\\/\\\/darkamazi.info\\\/\"},{\"@type\":\"ListItem\",\"position\":2,\"name\":\"Be\u015fa 2: Di temenek\u00ee bi\u00e7\u00fbk de \u00e7i bo sedem ku j\u00eeyana xwe bidaw\u00ee b\u00eenin\"}]},{\"@type\":\"WebSite\",\"@id\":\"https:\\\/\\\/darkamazi.info\\\/#website\",\"url\":\"https:\\\/\\\/darkamazi.info\\\/\",\"name\":\"Darka Maz\u00ee\",\"description\":\"P\u00eageha Zanyariy\u00ean Nebih\u00eest\u00ee\",\"publisher\":{\"@id\":\"https:\\\/\\\/darkamazi.info\\\/#organization\"},\"potentialAction\":[{\"@type\":\"SearchAction\",\"target\":{\"@type\":\"EntryPoint\",\"urlTemplate\":\"https:\\\/\\\/darkamazi.info\\\/?s={search_term_string}\"},\"query-input\":{\"@type\":\"PropertyValueSpecification\",\"valueRequired\":true,\"valueName\":\"search_term_string\"}}],\"inLanguage\":\"en-US\"},{\"@type\":\"Organization\",\"@id\":\"https:\\\/\\\/darkamazi.info\\\/#organization\",\"name\":\"Darka Maz\u00ee\",\"url\":\"https:\\\/\\\/darkamazi.info\\\/\",\"logo\":{\"@type\":\"ImageObject\",\"inLanguage\":\"en-US\",\"@id\":\"https:\\\/\\\/darkamazi.info\\\/#\\\/schema\\\/logo\\\/image\\\/\",\"url\":\"https:\\\/\\\/darkamazi.info\\\/darka-content\\\/uploads\\\/2017\\\/12\\\/darka-mazi-logo.png\",\"contentUrl\":\"https:\\\/\\\/darkamazi.info\\\/darka-content\\\/uploads\\\/2017\\\/12\\\/darka-mazi-logo.png\",\"width\":151,\"height\":75,\"caption\":\"Darka Maz\u00ee\"},\"image\":{\"@id\":\"https:\\\/\\\/darkamazi.info\\\/#\\\/schema\\\/logo\\\/image\\\/\"},\"sameAs\":[\"https:\\\/\\\/www.facebook.com\\\/DarMaziKurmanci\",\"https:\\\/\\\/x.com\\\/DarkaMaziLatini\",\"https:\\\/\\\/www.instagram.com\\\/darkamazi.kurmanci\\\/\",\"https:\\\/\\\/www.youtube.com\\\/channel\\\/UCa5HkTdmI8U1qCUFuTw8B2g\"]},{\"@type\":\"Person\",\"@id\":\"https:\\\/\\\/darkamazi.info\\\/#\\\/schema\\\/person\\\/5ad3e24553a0567993fa8ed4bd0a776c\",\"name\":\"darka mazi\",\"sameAs\":[\"https:\\\/\\\/darkamazi.info\\\/\"],\"url\":\"https:\\\/\\\/darkamazi.info\\\/archives\\\/author\\\/kurdi\"}]}<\/script>\n<!-- \/ Yoast SEO plugin. -->","seo_head_json":{"title":"Be\u015fa 2: Di temenek\u00ee bi\u00e7\u00fbk de \u00e7i bo sedem ku j\u00eeyana xwe bidaw\u00ee b\u00eenin - Darka Maz\u00ee","robots":{"index":"index","follow":"follow","max-snippet":"max-snippet:-1","max-image-preview":"max-image-preview:large","max-video-preview":"max-video-preview:-1"},"canonical":"https:\/\/darkamazi.info\/archives\/1020019","og_locale":"en_US","og_type":"article","og_title":"Be\u015fa 2: Di temenek\u00ee bi\u00e7\u00fbk de \u00e7i bo sedem ku j\u00eeyana xwe bidaw\u00ee b\u00eenin - Darka Maz\u00ee","og_description":"\u00c7\u00eeroka s\u00eayem\u00een: \u00c7\u00eeroka Dewran a \u00c7avderyay\u00ee Dewran Serhat anku Nazime Akt\u00fcrk ke\u00e7ek e ku por zer \u00fb \u00e7av\u00ean w\u00ea \u015f\u00een m\u00eena roj\u00ea dibiriqe. Nazime, ku malbata w\u00ea j\u00ea re dib\u00eajin Kej\u00ea, di temen\u00ea 16 sal\u00ee de anku li sala 1991an de ji Stenbol\u00ea be\u015fdar\u00ee PKK b\u00fb. Xal\u00ea w\u00ea, Turgut Yildiz ger\u00eelayek nasyar y\u00ea \u00c7iyay\u00ea Ararat [&hellip;]","og_url":"https:\/\/darkamazi.info\/archives\/1020019","og_site_name":"Darka Maz\u00ee","article_publisher":"https:\/\/www.facebook.com\/DarMaziKurmanci","article_published_time":"2021-03-09T17:27:54+00:00","og_image":[{"width":900,"height":497,"url":"https:\/\/darkamazi.info\/file\/2021\/03\/Logo-2.jpg","type":"image\/jpeg"}],"author":"darka mazi","twitter_card":"summary_large_image","twitter_creator":"@DarkaMaziLatini","twitter_site":"@DarkaMaziLatini","twitter_misc":{"Written by":"darka mazi","Est. reading time":"8 minutes"},"schema":{"@context":"https:\/\/schema.org","@graph":[{"@type":"Article","@id":"https:\/\/darkamazi.info\/archives\/1020019#article","isPartOf":{"@id":"https:\/\/darkamazi.info\/archives\/1020019"},"author":{"name":"darka mazi","@id":"https:\/\/darkamazi.info\/#\/schema\/person\/5ad3e24553a0567993fa8ed4bd0a776c"},"headline":"Be\u015fa 2: Di temenek\u00ee bi\u00e7\u00fbk de \u00e7i bo sedem ku j\u00eeyana xwe bidaw\u00ee b\u00eenin","datePublished":"2021-03-09T17:27:54+00:00","mainEntityOfPage":{"@id":"https:\/\/darkamazi.info\/archives\/1020019"},"wordCount":2088,"publisher":{"@id":"https:\/\/darkamazi.info\/#organization"},"image":{"@id":"https:\/\/darkamazi.info\/archives\/1020019#primaryimage"},"thumbnailUrl":"https:\/\/darkamazi.info\/file\/2021\/03\/Logo-2.jpg","keywords":["sereke"],"articleSection":["Nih\u00ean\u00ee"],"inLanguage":"en-US"},{"@type":"WebPage","@id":"https:\/\/darkamazi.info\/archives\/1020019","url":"https:\/\/darkamazi.info\/archives\/1020019","name":"Be\u015fa 2: Di temenek\u00ee bi\u00e7\u00fbk de \u00e7i bo sedem ku j\u00eeyana xwe bidaw\u00ee b\u00eenin - Darka Maz\u00ee","isPartOf":{"@id":"https:\/\/darkamazi.info\/#website"},"primaryImageOfPage":{"@id":"https:\/\/darkamazi.info\/archives\/1020019#primaryimage"},"image":{"@id":"https:\/\/darkamazi.info\/archives\/1020019#primaryimage"},"thumbnailUrl":"https:\/\/darkamazi.info\/file\/2021\/03\/Logo-2.jpg","datePublished":"2021-03-09T17:27:54+00:00","breadcrumb":{"@id":"https:\/\/darkamazi.info\/archives\/1020019#breadcrumb"},"inLanguage":"en-US","potentialAction":[{"@type":"ReadAction","target":["https:\/\/darkamazi.info\/archives\/1020019"]}]},{"@type":"ImageObject","inLanguage":"en-US","@id":"https:\/\/darkamazi.info\/archives\/1020019#primaryimage","url":"https:\/\/darkamazi.info\/file\/2021\/03\/Logo-2.jpg","contentUrl":"https:\/\/darkamazi.info\/file\/2021\/03\/Logo-2.jpg","width":900,"height":497,"caption":"Be\u015fa 2: Di temenek\u00ee bi\u00e7\u00fbk de \u00e7i bo sedem ku j\u00eeyana xwe bidaw\u00ee b\u00eenin"},{"@type":"BreadcrumbList","@id":"https:\/\/darkamazi.info\/archives\/1020019#breadcrumb","itemListElement":[{"@type":"ListItem","position":1,"name":"Home","item":"https:\/\/darkamazi.info\/"},{"@type":"ListItem","position":2,"name":"Be\u015fa 2: Di temenek\u00ee bi\u00e7\u00fbk de \u00e7i bo sedem ku j\u00eeyana xwe bidaw\u00ee b\u00eenin"}]},{"@type":"WebSite","@id":"https:\/\/darkamazi.info\/#website","url":"https:\/\/darkamazi.info\/","name":"Darka Maz\u00ee","description":"P\u00eageha Zanyariy\u00ean Nebih\u00eest\u00ee","publisher":{"@id":"https:\/\/darkamazi.info\/#organization"},"potentialAction":[{"@type":"SearchAction","target":{"@type":"EntryPoint","urlTemplate":"https:\/\/darkamazi.info\/?s={search_term_string}"},"query-input":{"@type":"PropertyValueSpecification","valueRequired":true,"valueName":"search_term_string"}}],"inLanguage":"en-US"},{"@type":"Organization","@id":"https:\/\/darkamazi.info\/#organization","name":"Darka Maz\u00ee","url":"https:\/\/darkamazi.info\/","logo":{"@type":"ImageObject","inLanguage":"en-US","@id":"https:\/\/darkamazi.info\/#\/schema\/logo\/image\/","url":"https:\/\/darkamazi.info\/file\/2017\/12\/darka-mazi-logo.png","contentUrl":"https:\/\/darkamazi.info\/file\/2017\/12\/darka-mazi-logo.png","width":151,"height":75,"caption":"Darka Maz\u00ee"},"image":{"@id":"https:\/\/darkamazi.info\/#\/schema\/logo\/image\/"},"sameAs":["https:\/\/www.facebook.com\/DarMaziKurmanci","https:\/\/x.com\/DarkaMaziLatini","https:\/\/www.instagram.com\/darkamazi.kurmanci\/","https:\/\/www.youtube.com\/channel\/UCa5HkTdmI8U1qCUFuTw8B2g"]},{"@type":"Person","@id":"https:\/\/darkamazi.info\/#\/schema\/person\/5ad3e24553a0567993fa8ed4bd0a776c","name":"darka mazi","sameAs":["https:\/\/darkamazi.info\/"],"url":"https:\/\/darkamazi.info\/archives\/author\/kurdi"}]}},"_links":{"self":[{"href":"https:\/\/darkamazi.info\/funavuv\/wp\/v2\/posts\/1020019","targetHints":{"allow":["GET"]}}],"collection":[{"href":"https:\/\/darkamazi.info\/funavuv\/wp\/v2\/posts"}],"about":[{"href":"https:\/\/darkamazi.info\/funavuv\/wp\/v2\/types\/post"}],"author":[{"embeddable":true,"href":"https:\/\/darkamazi.info\/funavuv\/wp\/v2\/users\/2"}],"replies":[{"embeddable":true,"href":"https:\/\/darkamazi.info\/funavuv\/wp\/v2\/comments?post=1020019"}],"version-history":[{"count":0,"href":"https:\/\/darkamazi.info\/funavuv\/wp\/v2\/posts\/1020019\/revisions"}],"wp:featuredmedia":[{"embeddable":true,"href":"https:\/\/darkamazi.info\/funavuv\/wp\/v2\/media\/1020026"}],"wp:attachment":[{"href":"https:\/\/darkamazi.info\/funavuv\/wp\/v2\/media?parent=1020019"}],"wp:term":[{"taxonomy":"category","embeddable":true,"href":"https:\/\/darkamazi.info\/funavuv\/wp\/v2\/categories?post=1020019"},{"taxonomy":"post_tag","embeddable":true,"href":"https:\/\/darkamazi.info\/funavuv\/wp\/v2\/tags?post=1020019"}],"curies":[{"name":"wp","href":"https:\/\/api.w.org\/{rel}","templated":true}]}}