{"id":1020020,"date":"2021-03-09T16:24:45","date_gmt":"2021-03-09T13:24:45","guid":{"rendered":"https:\/\/darkamazi.info\/?p=1020020"},"modified":"2021-03-09T16:24:45","modified_gmt":"2021-03-09T13:24:45","slug":"hejmara-cekdaren-pkke-li-bakur-83-daketiye","status":"publish","type":"post","link":"https:\/\/darkamazi.info\/archives\/1020020","title":{"rendered":"Hejmara \u00e7ekdar\u00ean PKK\u00ea li Bakur 83% daket\u00eeye"},"content":{"rendered":"<h3 style=\"text-align: justify\"><span style=\"font-family: 'arial black', sans-serif\">Hejmar\u00ean \u00e7ekdar\u00ean PKK\u00ea li Bakur\u00ea Kurdistan\u00ea 83% daket\u00eeye, ev j\u00ee bi w\u00ea watay\u00ea t\u00ea ku r\u00eaxistin\u00ea Ba\u015f\u00fbr\u00ea Kurdistan\u00ea kir\u00eeye qada \u015fer \u00fb ew tu \u00e7alak\u00eeyan li Bakur encam nade.<\/span><\/h3>\n<h3 style=\"text-align: justify\">Wez\u00eer\u00ea kar\u00ean hundir y\u00ea Tirkiy\u00ea Suleyman Soylu \u00eero roja s\u00ea\u015fem\u00ea 9\/3\/2021an got: &#8220;Di 4 sal\u00ean daw\u00een de, hejmara \u00e7ekdar\u00ean PKK\u00ea li Tirkiy\u00ea bi r\u00eajeya 83% daket\u00eeye \u00fb niha r\u00eaxistn\u00ea d\u00fbr\u00ean 300 \u00e7ekdaran di Tirkiy\u00ea de hene&#8221;.<\/h3>\n<h3 style=\"text-align: justify\">Bi gotina soylo, di van 4 sal\u00ean daw\u00een de, tevl\u00eeb\u00fbna r\u00eaxistin\u00ea gih\u00ee\u015ft\u00eeye astek\u00ee her\u00ee k\u00eam, hemdem\u00a0 niha ji her dem\u00ea p\u00eatir endam r\u00eaxistin\u00ea terik dikin, li sala rab\u00fbr\u00ee 2020an, 243 endaman terka PKK\u00ea kir \u00fb xwe radest kirine.<\/h3>\n<h3 style=\"text-align: justify\">Ev amar ne ten\u00ea ji h\u00eala Tirkiy\u00ea ve hat\u00eeye parvekirin, l\u00ea bel\u00ea navenda <a href=\"https:\/\/acleddata.com\/2020\/05\/21\/cdt-spotlight-pkk-turkey\/\" target=\"_blank\"><span style=\"font-family: 'arial black', sans-serif;color: #3366ff\">ALCED <\/span><\/a>ya Amer\u00eek\u00ee ku saz\u00eeyeke nehik\u00fbm\u00ee ya taybete bi belav kirina datay\u00ean \u015fer \u00fb pev\u00e7\u00fbnan,\u00a0 li sala rab\u00fbr\u00ee raporek belav kirb\u00fb \u00fb t\u00eade e\u015fkere kir ku \u015fer\u00ea di n\u00eavbera Tirkiy\u00ea \u00fb PKK\u00ea de 77%\u00ea li nava xaka Ba\u015f\u00fbr\u00ea Kurdistan\u00ea ye.<\/h3>\n<h3 style=\"text-align: justify\">V\u00ea saz\u00eeya Amer\u00eek\u00ee e\u015fkere kirb\u00fb PKK\u00ea tu \u00e7alak\u00eeyeka wusa li Bakur\u00ea Kurdistan\u00ea encam nade.<\/h3>\n<h3 style=\"text-align: justify\">Ev amar w\u00ea yek\u00ea bi zelal\u00ee n\u00ee\u015fan dide ku r\u00eaxistina PKK\u00ea \u015fer\u00ea xwe veguhast\u00eeye di Ba\u015f\u00fbr\u00ea Kurdistan\u00ea de \u00fb her ku di\u00e7e \u015fer\u00ee p\u00eatir n\u00eaz\u00ee gund \u00fb bajarok\u00ean Ba\u015f\u00fbr dike.<\/h3>\n","protected":false},"excerpt":{"rendered":"<p>Hejmar\u00ean \u00e7ekdar\u00ean PKK\u00ea li Bakur\u00ea Kurdistan\u00ea 83% daket\u00eeye, ev j\u00ee bi w\u00ea watay\u00ea t\u00ea ku r\u00eaxistin\u00ea Ba\u015f\u00fbr\u00ea Kurdistan\u00ea kir\u00eeye qada \u015fer \u00fb ew tu \u00e7alak\u00eeyan li Bakur encam nade. Wez\u00eer\u00ea kar\u00ean hundir y\u00ea Tirkiy\u00ea Suleyman Soylu \u00eero roja s\u00ea\u015fem\u00ea 9\/3\/2021an got: &#8220;Di 4 sal\u00ean daw\u00een de, hejmara \u00e7ekdar\u00ean PKK\u00ea li Tirkiy\u00ea bi r\u00eajeya 83% daket\u00eeye [&hellip;]<\/p>\n","protected":false},"author":2,"featured_media":1020022,"comment_status":"closed","ping_status":"closed","sticky":false,"template":"","format":"standard","meta":{"footnotes":""},"categories":[29],"tags":[37],"class_list":["post-1020020","post","type-post","status-publish","format-standard","has-post-thumbnail","hentry","category-kurdistan","tag-sereke"],"blocksy_meta":[],"seo_head":"<!-- This site is optimized with the Yoast SEO plugin v27.5 - https:\/\/yoast.com\/product\/yoast-seo-wordpress\/ -->\n<title>Hejmara \u00e7ekdar\u00ean PKK\u00ea li Bakur 83% daket\u00eeye - Darka Maz\u00ee<\/title>\n<meta name=\"robots\" content=\"index, follow, max-snippet:-1, max-image-preview:large, max-video-preview:-1\" \/>\n<link rel=\"canonical\" href=\"https:\/\/darkamazi.info\/archives\/1020020\" \/>\n<meta property=\"og:locale\" content=\"en_US\" \/>\n<meta property=\"og:type\" content=\"article\" \/>\n<meta property=\"og:title\" content=\"Hejmara \u00e7ekdar\u00ean PKK\u00ea li Bakur 83% daket\u00eeye - Darka Maz\u00ee\" \/>\n<meta property=\"og:description\" content=\"Hejmar\u00ean \u00e7ekdar\u00ean PKK\u00ea li Bakur\u00ea Kurdistan\u00ea 83% daket\u00eeye, ev j\u00ee bi w\u00ea watay\u00ea t\u00ea ku r\u00eaxistin\u00ea Ba\u015f\u00fbr\u00ea Kurdistan\u00ea kir\u00eeye qada \u015fer \u00fb ew tu \u00e7alak\u00eeyan li Bakur encam nade. Wez\u00eer\u00ea kar\u00ean hundir y\u00ea Tirkiy\u00ea Suleyman Soylu \u00eero roja s\u00ea\u015fem\u00ea 9\/3\/2021an got: &#8220;Di 4 sal\u00ean daw\u00een de, hejmara \u00e7ekdar\u00ean PKK\u00ea li Tirkiy\u00ea bi r\u00eajeya 83% daket\u00eeye [&hellip;]\" \/>\n<meta property=\"og:url\" content=\"https:\/\/darkamazi.info\/archives\/1020020\" \/>\n<meta property=\"og:site_name\" content=\"Darka Maz\u00ee\" \/>\n<meta property=\"article:publisher\" content=\"https:\/\/www.facebook.com\/DarMaziKurmanci\" \/>\n<meta property=\"article:published_time\" content=\"2021-03-09T13:24:45+00:00\" \/>\n<meta property=\"og:image\" content=\"https:\/\/darkamazi.info\/file\/2021\/03\/The-number-of-PKK-militants-in-Turkey-decreased-by-83-during-the-past-4-years-2.jpg\" \/>\n\t<meta property=\"og:image:width\" content=\"900\" \/>\n\t<meta property=\"og:image:height\" content=\"497\" \/>\n\t<meta property=\"og:image:type\" content=\"image\/jpeg\" \/>\n<meta name=\"author\" content=\"darka mazi\" \/>\n<meta name=\"twitter:card\" content=\"summary_large_image\" \/>\n<meta name=\"twitter:creator\" content=\"@DarkaMaziLatini\" \/>\n<meta name=\"twitter:site\" content=\"@DarkaMaziLatini\" \/>\n<meta name=\"twitter:label1\" content=\"Written by\" \/>\n\t<meta name=\"twitter:data1\" content=\"darka mazi\" \/>\n\t<meta name=\"twitter:label2\" content=\"Est. reading time\" \/>\n\t<meta name=\"twitter:data2\" content=\"1 minute\" \/>\n<script type=\"application\/ld+json\" class=\"seo-schema-graph\">{\"@context\":\"https:\\\/\\\/schema.org\",\"@graph\":[{\"@type\":\"Article\",\"@id\":\"https:\\\/\\\/darkamazi.info\\\/archives\\\/1020020#article\",\"isPartOf\":{\"@id\":\"https:\\\/\\\/darkamazi.info\\\/archives\\\/1020020\"},\"author\":{\"name\":\"darka mazi\",\"@id\":\"https:\\\/\\\/darkamazi.info\\\/#\\\/schema\\\/person\\\/5ad3e24553a0567993fa8ed4bd0a776c\"},\"headline\":\"Hejmara \u00e7ekdar\u00ean PKK\u00ea li Bakur 83% daket\u00eeye\",\"datePublished\":\"2021-03-09T13:24:45+00:00\",\"mainEntityOfPage\":{\"@id\":\"https:\\\/\\\/darkamazi.info\\\/archives\\\/1020020\"},\"wordCount\":247,\"publisher\":{\"@id\":\"https:\\\/\\\/darkamazi.info\\\/#organization\"},\"image\":{\"@id\":\"https:\\\/\\\/darkamazi.info\\\/archives\\\/1020020#primaryimage\"},\"thumbnailUrl\":\"https:\\\/\\\/darkamazi.info\\\/darka-content\\\/uploads\\\/2021\\\/03\\\/The-number-of-PKK-militants-in-Turkey-decreased-by-83-during-the-past-4-years-2.jpg\",\"keywords\":[\"sereke\"],\"articleSection\":[\"Kurdistan\"],\"inLanguage\":\"en-US\"},{\"@type\":\"WebPage\",\"@id\":\"https:\\\/\\\/darkamazi.info\\\/archives\\\/1020020\",\"url\":\"https:\\\/\\\/darkamazi.info\\\/archives\\\/1020020\",\"name\":\"Hejmara \u00e7ekdar\u00ean PKK\u00ea li Bakur 83% daket\u00eeye - Darka Maz\u00ee\",\"isPartOf\":{\"@id\":\"https:\\\/\\\/darkamazi.info\\\/#website\"},\"primaryImageOfPage\":{\"@id\":\"https:\\\/\\\/darkamazi.info\\\/archives\\\/1020020#primaryimage\"},\"image\":{\"@id\":\"https:\\\/\\\/darkamazi.info\\\/archives\\\/1020020#primaryimage\"},\"thumbnailUrl\":\"https:\\\/\\\/darkamazi.info\\\/darka-content\\\/uploads\\\/2021\\\/03\\\/The-number-of-PKK-militants-in-Turkey-decreased-by-83-during-the-past-4-years-2.jpg\",\"datePublished\":\"2021-03-09T13:24:45+00:00\",\"breadcrumb\":{\"@id\":\"https:\\\/\\\/darkamazi.info\\\/archives\\\/1020020#breadcrumb\"},\"inLanguage\":\"en-US\",\"potentialAction\":[{\"@type\":\"ReadAction\",\"target\":[\"https:\\\/\\\/darkamazi.info\\\/archives\\\/1020020\"]}]},{\"@type\":\"ImageObject\",\"inLanguage\":\"en-US\",\"@id\":\"https:\\\/\\\/darkamazi.info\\\/archives\\\/1020020#primaryimage\",\"url\":\"https:\\\/\\\/darkamazi.info\\\/darka-content\\\/uploads\\\/2021\\\/03\\\/The-number-of-PKK-militants-in-Turkey-decreased-by-83-during-the-past-4-years-2.jpg\",\"contentUrl\":\"https:\\\/\\\/darkamazi.info\\\/darka-content\\\/uploads\\\/2021\\\/03\\\/The-number-of-PKK-militants-in-Turkey-decreased-by-83-during-the-past-4-years-2.jpg\",\"width\":900,\"height\":497,\"caption\":\"Hejmara \u00e7ekdar\u00ean PKK\u00ea li Bakur 83% daket\u00eeye\"},{\"@type\":\"BreadcrumbList\",\"@id\":\"https:\\\/\\\/darkamazi.info\\\/archives\\\/1020020#breadcrumb\",\"itemListElement\":[{\"@type\":\"ListItem\",\"position\":1,\"name\":\"Home\",\"item\":\"https:\\\/\\\/darkamazi.info\\\/\"},{\"@type\":\"ListItem\",\"position\":2,\"name\":\"Hejmara \u00e7ekdar\u00ean PKK\u00ea li Bakur 83% daket\u00eeye\"}]},{\"@type\":\"WebSite\",\"@id\":\"https:\\\/\\\/darkamazi.info\\\/#website\",\"url\":\"https:\\\/\\\/darkamazi.info\\\/\",\"name\":\"Darka Maz\u00ee\",\"description\":\"P\u00eageha Zanyariy\u00ean Nebih\u00eest\u00ee\",\"publisher\":{\"@id\":\"https:\\\/\\\/darkamazi.info\\\/#organization\"},\"potentialAction\":[{\"@type\":\"SearchAction\",\"target\":{\"@type\":\"EntryPoint\",\"urlTemplate\":\"https:\\\/\\\/darkamazi.info\\\/?s={search_term_string}\"},\"query-input\":{\"@type\":\"PropertyValueSpecification\",\"valueRequired\":true,\"valueName\":\"search_term_string\"}}],\"inLanguage\":\"en-US\"},{\"@type\":\"Organization\",\"@id\":\"https:\\\/\\\/darkamazi.info\\\/#organization\",\"name\":\"Darka Maz\u00ee\",\"url\":\"https:\\\/\\\/darkamazi.info\\\/\",\"logo\":{\"@type\":\"ImageObject\",\"inLanguage\":\"en-US\",\"@id\":\"https:\\\/\\\/darkamazi.info\\\/#\\\/schema\\\/logo\\\/image\\\/\",\"url\":\"https:\\\/\\\/darkamazi.info\\\/darka-content\\\/uploads\\\/2017\\\/12\\\/darka-mazi-logo.png\",\"contentUrl\":\"https:\\\/\\\/darkamazi.info\\\/darka-content\\\/uploads\\\/2017\\\/12\\\/darka-mazi-logo.png\",\"width\":151,\"height\":75,\"caption\":\"Darka Maz\u00ee\"},\"image\":{\"@id\":\"https:\\\/\\\/darkamazi.info\\\/#\\\/schema\\\/logo\\\/image\\\/\"},\"sameAs\":[\"https:\\\/\\\/www.facebook.com\\\/DarMaziKurmanci\",\"https:\\\/\\\/x.com\\\/DarkaMaziLatini\",\"https:\\\/\\\/www.instagram.com\\\/darkamazi.kurmanci\\\/\",\"https:\\\/\\\/www.youtube.com\\\/channel\\\/UCa5HkTdmI8U1qCUFuTw8B2g\"]},{\"@type\":\"Person\",\"@id\":\"https:\\\/\\\/darkamazi.info\\\/#\\\/schema\\\/person\\\/5ad3e24553a0567993fa8ed4bd0a776c\",\"name\":\"darka mazi\",\"sameAs\":[\"https:\\\/\\\/darkamazi.info\\\/\"],\"url\":\"https:\\\/\\\/darkamazi.info\\\/archives\\\/author\\\/kurdi\"}]}<\/script>\n<!-- \/ Yoast SEO plugin. -->","seo_head_json":{"title":"Hejmara \u00e7ekdar\u00ean PKK\u00ea li Bakur 83% daket\u00eeye - Darka Maz\u00ee","robots":{"index":"index","follow":"follow","max-snippet":"max-snippet:-1","max-image-preview":"max-image-preview:large","max-video-preview":"max-video-preview:-1"},"canonical":"https:\/\/darkamazi.info\/archives\/1020020","og_locale":"en_US","og_type":"article","og_title":"Hejmara \u00e7ekdar\u00ean PKK\u00ea li Bakur 83% daket\u00eeye - Darka Maz\u00ee","og_description":"Hejmar\u00ean \u00e7ekdar\u00ean PKK\u00ea li Bakur\u00ea Kurdistan\u00ea 83% daket\u00eeye, ev j\u00ee bi w\u00ea watay\u00ea t\u00ea ku r\u00eaxistin\u00ea Ba\u015f\u00fbr\u00ea Kurdistan\u00ea kir\u00eeye qada \u015fer \u00fb ew tu \u00e7alak\u00eeyan li Bakur encam nade. Wez\u00eer\u00ea kar\u00ean hundir y\u00ea Tirkiy\u00ea Suleyman Soylu \u00eero roja s\u00ea\u015fem\u00ea 9\/3\/2021an got: &#8220;Di 4 sal\u00ean daw\u00een de, hejmara \u00e7ekdar\u00ean PKK\u00ea li Tirkiy\u00ea bi r\u00eajeya 83% daket\u00eeye [&hellip;]","og_url":"https:\/\/darkamazi.info\/archives\/1020020","og_site_name":"Darka Maz\u00ee","article_publisher":"https:\/\/www.facebook.com\/DarMaziKurmanci","article_published_time":"2021-03-09T13:24:45+00:00","og_image":[{"width":900,"height":497,"url":"https:\/\/darkamazi.info\/file\/2021\/03\/The-number-of-PKK-militants-in-Turkey-decreased-by-83-during-the-past-4-years-2.jpg","type":"image\/jpeg"}],"author":"darka mazi","twitter_card":"summary_large_image","twitter_creator":"@DarkaMaziLatini","twitter_site":"@DarkaMaziLatini","twitter_misc":{"Written by":"darka mazi","Est. reading time":"1 minute"},"schema":{"@context":"https:\/\/schema.org","@graph":[{"@type":"Article","@id":"https:\/\/darkamazi.info\/archives\/1020020#article","isPartOf":{"@id":"https:\/\/darkamazi.info\/archives\/1020020"},"author":{"name":"darka mazi","@id":"https:\/\/darkamazi.info\/#\/schema\/person\/5ad3e24553a0567993fa8ed4bd0a776c"},"headline":"Hejmara \u00e7ekdar\u00ean PKK\u00ea li Bakur 83% daket\u00eeye","datePublished":"2021-03-09T13:24:45+00:00","mainEntityOfPage":{"@id":"https:\/\/darkamazi.info\/archives\/1020020"},"wordCount":247,"publisher":{"@id":"https:\/\/darkamazi.info\/#organization"},"image":{"@id":"https:\/\/darkamazi.info\/archives\/1020020#primaryimage"},"thumbnailUrl":"https:\/\/darkamazi.info\/file\/2021\/03\/The-number-of-PKK-militants-in-Turkey-decreased-by-83-during-the-past-4-years-2.jpg","keywords":["sereke"],"articleSection":["Kurdistan"],"inLanguage":"en-US"},{"@type":"WebPage","@id":"https:\/\/darkamazi.info\/archives\/1020020","url":"https:\/\/darkamazi.info\/archives\/1020020","name":"Hejmara \u00e7ekdar\u00ean PKK\u00ea li Bakur 83% daket\u00eeye - Darka Maz\u00ee","isPartOf":{"@id":"https:\/\/darkamazi.info\/#website"},"primaryImageOfPage":{"@id":"https:\/\/darkamazi.info\/archives\/1020020#primaryimage"},"image":{"@id":"https:\/\/darkamazi.info\/archives\/1020020#primaryimage"},"thumbnailUrl":"https:\/\/darkamazi.info\/file\/2021\/03\/The-number-of-PKK-militants-in-Turkey-decreased-by-83-during-the-past-4-years-2.jpg","datePublished":"2021-03-09T13:24:45+00:00","breadcrumb":{"@id":"https:\/\/darkamazi.info\/archives\/1020020#breadcrumb"},"inLanguage":"en-US","potentialAction":[{"@type":"ReadAction","target":["https:\/\/darkamazi.info\/archives\/1020020"]}]},{"@type":"ImageObject","inLanguage":"en-US","@id":"https:\/\/darkamazi.info\/archives\/1020020#primaryimage","url":"https:\/\/darkamazi.info\/file\/2021\/03\/The-number-of-PKK-militants-in-Turkey-decreased-by-83-during-the-past-4-years-2.jpg","contentUrl":"https:\/\/darkamazi.info\/file\/2021\/03\/The-number-of-PKK-militants-in-Turkey-decreased-by-83-during-the-past-4-years-2.jpg","width":900,"height":497,"caption":"Hejmara \u00e7ekdar\u00ean PKK\u00ea li Bakur 83% daket\u00eeye"},{"@type":"BreadcrumbList","@id":"https:\/\/darkamazi.info\/archives\/1020020#breadcrumb","itemListElement":[{"@type":"ListItem","position":1,"name":"Home","item":"https:\/\/darkamazi.info\/"},{"@type":"ListItem","position":2,"name":"Hejmara \u00e7ekdar\u00ean PKK\u00ea li Bakur 83% daket\u00eeye"}]},{"@type":"WebSite","@id":"https:\/\/darkamazi.info\/#website","url":"https:\/\/darkamazi.info\/","name":"Darka Maz\u00ee","description":"P\u00eageha Zanyariy\u00ean Nebih\u00eest\u00ee","publisher":{"@id":"https:\/\/darkamazi.info\/#organization"},"potentialAction":[{"@type":"SearchAction","target":{"@type":"EntryPoint","urlTemplate":"https:\/\/darkamazi.info\/?s={search_term_string}"},"query-input":{"@type":"PropertyValueSpecification","valueRequired":true,"valueName":"search_term_string"}}],"inLanguage":"en-US"},{"@type":"Organization","@id":"https:\/\/darkamazi.info\/#organization","name":"Darka Maz\u00ee","url":"https:\/\/darkamazi.info\/","logo":{"@type":"ImageObject","inLanguage":"en-US","@id":"https:\/\/darkamazi.info\/#\/schema\/logo\/image\/","url":"https:\/\/darkamazi.info\/file\/2017\/12\/darka-mazi-logo.png","contentUrl":"https:\/\/darkamazi.info\/file\/2017\/12\/darka-mazi-logo.png","width":151,"height":75,"caption":"Darka Maz\u00ee"},"image":{"@id":"https:\/\/darkamazi.info\/#\/schema\/logo\/image\/"},"sameAs":["https:\/\/www.facebook.com\/DarMaziKurmanci","https:\/\/x.com\/DarkaMaziLatini","https:\/\/www.instagram.com\/darkamazi.kurmanci\/","https:\/\/www.youtube.com\/channel\/UCa5HkTdmI8U1qCUFuTw8B2g"]},{"@type":"Person","@id":"https:\/\/darkamazi.info\/#\/schema\/person\/5ad3e24553a0567993fa8ed4bd0a776c","name":"darka mazi","sameAs":["https:\/\/darkamazi.info\/"],"url":"https:\/\/darkamazi.info\/archives\/author\/kurdi"}]}},"_links":{"self":[{"href":"https:\/\/darkamazi.info\/funavuv\/wp\/v2\/posts\/1020020","targetHints":{"allow":["GET"]}}],"collection":[{"href":"https:\/\/darkamazi.info\/funavuv\/wp\/v2\/posts"}],"about":[{"href":"https:\/\/darkamazi.info\/funavuv\/wp\/v2\/types\/post"}],"author":[{"embeddable":true,"href":"https:\/\/darkamazi.info\/funavuv\/wp\/v2\/users\/2"}],"replies":[{"embeddable":true,"href":"https:\/\/darkamazi.info\/funavuv\/wp\/v2\/comments?post=1020020"}],"version-history":[{"count":0,"href":"https:\/\/darkamazi.info\/funavuv\/wp\/v2\/posts\/1020020\/revisions"}],"wp:featuredmedia":[{"embeddable":true,"href":"https:\/\/darkamazi.info\/funavuv\/wp\/v2\/media\/1020022"}],"wp:attachment":[{"href":"https:\/\/darkamazi.info\/funavuv\/wp\/v2\/media?parent=1020020"}],"wp:term":[{"taxonomy":"category","embeddable":true,"href":"https:\/\/darkamazi.info\/funavuv\/wp\/v2\/categories?post=1020020"},{"taxonomy":"post_tag","embeddable":true,"href":"https:\/\/darkamazi.info\/funavuv\/wp\/v2\/tags?post=1020020"}],"curies":[{"name":"wp","href":"https:\/\/api.w.org\/{rel}","templated":true}]}}