{"id":1020099,"date":"2021-03-13T20:47:02","date_gmt":"2021-03-13T17:47:02","guid":{"rendered":"https:\/\/darkamazi.info\/?p=1020099"},"modified":"2021-03-14T16:38:32","modified_gmt":"2021-03-14T13:38:32","slug":"cima-dewlet-baxceli-u-tirken-fasist-bi-ditina-nexseya-kurdistane-kurtane-xwe-fireda","status":"publish","type":"post","link":"https:\/\/darkamazi.info\/archives\/1020099","title":{"rendered":"\u00c7ima Dewlet Bax\u00e7el\u00ee \u00fb Tirk\u00ean fa\u015f\u00eest bi d\u00eetina nex\u015feya Kurdistan\u00ea Kurtan\u00ea xwe fir\u00eada?"},"content":{"rendered":"<h3><span style=\"font-family: 'arial black', sans-serif;color: #0000ff\">Memet M\u00eard\u00een\u00ee<\/span><\/h3>\n<h3 style=\"text-align: justify\"><span style=\"font-family: 'arial black', sans-serif\">Pa\u015f seredana papa francs ji bo \u00ceraq \u00fb Her\u00eama Kurdistan\u00ea, Hik\u00fbmeta Her\u00eam\u00ea weke r\u00eazgirtin ji boy hatina papa, m\u00eenaka p\u00fblek\u00ee ji boy \u00e7apkirin \u00fb karp\u00eakirin bi w\u00ea p\u00fbl\u00ea ber\u00e7av kir, ev yek b\u00fb sedemek ku hin bertek\u00ean her\u00eam\u00ee li pey xwe b\u00eene. Dujmin\u00ean Kurdistan\u00ea her yek\u00ea bi awayek\u00ee bertek n\u00ee\u015fandan, ew weke gur\u00ean har b\u00fby berb\u00fbn can\u00ea kurdan \u00fb axaftin\u00ean weke xwe zel\u00eel \u00fb qir\u00eaj li dij\u00ee Kurdistan\u00ea kirin, hin ji wan weke sey\u00ean harb\u00fby\u00ee dema kef ji dev\u00ea wan diherike \u00ear\u00ee\u015f kir \u00fb daxwaz kir Hik\u00fbmeta Her\u00eama Kurdistan\u00ea zelalkirinek\u00ea li ser v\u00ea yek\u00ea bide. <\/span><\/h3>\n<h3 style=\"text-align: justify\">Part\u00ee, kesat\u00ee \u00fb hik\u00fbmet \u00ean dewlet\u00ean dagirkeran hem\u00fb bi hevre b\u00fbn yek deng \u00fb bi yek awaz li dij\u00ee Kurdistan\u00ea daxuyan\u00ee dan, her weke tawaneke her\u00ee mezin hatibe kirin, her weke ew nex\u015fe ne nex\u015feyek dirust be \u00fb maf\u00ea wan hatibe xwarin tevgeriyan, l\u00ea bel\u00ea a rast ev nex\u015fe nex\u015feya Kurdistana mezin e, ev nex\u015fe xwe di nava belgey\u00ean wan \u00ean hik\u00fbm\u00ee de heye \u00fb ew ba\u015ftir ji kurdan dizanin ev nex\u015fe nex\u015feyek rast \u00fb dirist e, her ji ber v\u00ea yek\u00ea ev qas h\u00ears b\u00fbn \u00fb kurtan\u00ea xwe fir\u00eada \u00fb axaftin\u00ean wek xwe qir\u00eaj gotin.<\/h3>\n<h3 style=\"text-align: justify\">Li ser v\u00ea mijar\u00ea bi taybet\u00ee Rayedar \u00fb Serok\u00ean Part\u00eey\u00ean Dewleta Tirk d\u00een \u00fb har b\u00fbn. Wek wan seg\u00ean ku bi nexwe\u015f\u00eey\u00ea dikevin, kef bi dev\u00ea wan dikeve \u00fb gir\u00eaza dev\u00ea wan 60 metroyan diherke. Tew ji xwe gava mesele dibe mesela Kurd \u00fb Kurdistan\u00ea, b\u00ea ereq serxwe\u015f dibin, ji boy serxwe\u015f b\u00fbna wan bi ten\u00ea nav \u00fb w\u00eane \u00fb nex\u015feyek bi\u00e7\u00fbk \u00ea Kurdistan\u00ea bese ku serxwe\u015f bibin.<\/h3>\n<h3 style=\"text-align: center\"><span style=\"color: #8c0707;font-family: 'arial black', sans-serif\">Gelo \u00e7ima nex\u015feya Kurdistan\u00ea ev bertek li pey xwe an\u00een?<\/span><\/h3>\n<h3 style=\"text-align: justify\">\u00ceran \u00fb Tirkiye bi du ji mezintir\u00een dujmin\u00ean fa\u015f\u00eest \u00ean Kurd \u00fb Kurdistan\u00ea t\u00ean naskirin, ew bi her ti\u015ftek\u00ee ku nav\u00ea Kurd \u00fb Kurdistan\u00ea li ser be h\u00ears dibin, bi awayek\u00ee ku ger nav\u00ea jinek kurd Kurdistan be, r\u00ea nadin ew jin bikeve nava s\u00eenor\u00ea dewleta wan, yan j\u00ee ger nav \u00fb nex\u015feya Kurdistan\u00ea li ser ti\u015ftek\u00ee be dema dib\u00eenin weke seg\u00ean harb\u00fby\u00ee \u00ear\u00ee\u015f\u00ea dikin \u00fb ger bikarin w\u00ea w\u00ee kes\u00ea ew nex\u015fe yan Ala Kurdistan\u00ea di dest\u00ee de bikujin, ew pir bi hesas\u00ee n\u00eaz\u00ee mijar\u00ean Kurdistan\u00ea dibin jiberku ew p\u00eatir ji her kesek din f\u00eam dikin \u00fb dizanin ku axa kurdan ji h\u00eala wan ve hatiye dagirkirin \u00fb \u00eero nebe sibe w\u00ea her were azadkirin.<\/h3>\n<h3 style=\"text-align: center\"><span style=\"color: #8c0707;font-family: 'arial black', sans-serif\">\u201cA rast wilatek\u00ee weke \u00ceran\u00ea di nex\u015fey\u00ean p\u00ea\u015f sed sala de bi nav\u00ea &#8220;B\u00eelad Fars&#8221; dihat navkirin, bi ti awa bi nav\u00ea w\u00ea \u00ea niha nex\u015feyek tune.\u201d<\/span><\/h3>\n<h3 style=\"text-align: justify\">Bertek\u00ean v\u00ea dawiy\u00ea li ser nex\u015feya Kurdistan\u00ea n\u00ee\u015fan day j\u00ee jiber v\u00ea yek\u00ea ye ku ew ba\u015f dizanin nex\u015feyek dirust b\u00fbye, ger \u00e7i qas ew bixwazin v\u00ea yek\u00ea red bikin j\u00ee l\u00ea li dawy\u00ea ev heq\u00eeqete \u00fb ti kes nikare \u00eenkar bike. Ger li d\u00eeroka bi dest\u00ea wan bi xwe hatiye niv\u00ees\u00een veger\u00een w\u00ea ba\u015f m\u00eaze bik\u00een ku ev nex\u015fe nex\u015feyek rast \u00fb dirust b\u00fbye, l\u00ea wan di n\u00eavbera xwe de parve kiriye \u00fb xwediy\u00ean resen \u00ean w\u00ee erd\u00ee niha hikm\u00ee l\u00ea nakin, ew ba\u015f f\u00eam dikin ger li w\u00ea d\u00eerok\u00ea bizivrin ti caran nekarin nex\u015feyek\u00ee bi nav\u00ea welat\u00ea xwe bib\u00eenin, ew ba\u015f f\u00eam dikin qed\u00eemtir\u00een nex\u015feya dewleta wan a sexte ji boy sed sal ber\u00ea vedgere, di d\u00eerok\u00ea de ti dewletek bi nav\u00ea Tirkiy\u00ea yan \u00ceran\u00ea neb\u00fbye, kevintir\u00een nex\u015feya Tirkiy\u00ea \u00fb \u00ceran\u00ea weke a niha t\u00ea n\u00ee\u015fandan ku t\u00eade her yek ji wan par\u00e7eyek ji Kurdistan\u00ea xistiye ser nex\u015feya dewleta xwe, ji boy 100 sal ber\u00ea vedgere, p\u00ea\u015f sed sala ti nex\u015feyek\u00ee wan tuneye, bi ten\u00ea nex\u015feya \u00eemperatoriyet\u00ean wan heye dema bi hovane \u00ear\u00ee\u015f dikir wlat\u00ean derdora xwe dagirdikirin, l\u00ea bel\u00ea nex\u015feya Kurdistana mezin ku bi herf\u00ean mezin li ser hatiye niv\u00eesandin heye, heya pa\u015f \u015fer\u00ea yekem \u00ea c\u00eehan\u00ee ti nex\u015feyek tuneye ku t\u00eade bas li \u00ceran \u00fb Tirkiy\u00ea kiribe, a rast wilatek\u00ee weke \u00ceran\u00ea di nex\u015fey\u00ean p\u00ea\u015f sed sala de bi nav\u00ea &#8220;B\u00eelad Fars&#8221; dihat navkirin, bi ti awa bi nav\u00ean wan \u00ean niha nex\u015feyek tune.<\/h3>\n<h3 style=\"text-align: justify\"><a href=\"https:\/\/darkamazi.info\/file\/2021\/03\/kurdistan.jpg\"><img loading=\"lazy\" decoding=\"async\" width=\"1920\" height=\"1466\" class=\"aligncenter size-full darka-image-1020104\" src=\"https:\/\/darkamazi.info\/file\/2021\/03\/kurdistan.jpg\" alt=\"Aha tirkler ev mexloqene ap\u00ea, ji oldar \u00fb misilman\u00ea wan bigrin heta bi \u00e7ep \u00fb rep \u00fb komn\u00eest\u00ean wan, ji demokrat \u00fb fa\u015f\u00eest\u00ean wan bigrin heta bi q\u00fbnek \u00fb q\u00fbndey\u00ean wan, tev dijmin\u00ea millet\u00ea kurdin. Li her c\u00eehek\u00ea derfet ji wan re peyda bibe w\u00ea weke hovan \u00ear\u00ee\u015f\u00ea bikin, ew niha j\u00ee bikarin w\u00ea weke serdema ber\u00ea, weke w\u00ea dem\u00ea ku ew weke Mexolan \u00fb Berberan b\u00fbn \u00ear\u00ee\u015f\u00ee kurdan bikin, d\u00eesan w\u00ea bi sedan komkujy\u00ean din \u00ean weke komkujiya geliy\u00ea Z\u00eelan\u00ea bi ser\u00ea kurdan b\u00eenin, d\u00eesan w\u00ea weke gur\u00ean harb\u00fby\u00ee \u00ear\u00ee\u015f\u00ee kurdan bikin \u00fb wan qetil bikin, l\u00ea bel\u00ea raste ev ew ware l\u00ea bi t awa ne ew Bihar e, serdem hatiye guher\u00een \u00fb niha weke ber\u00ea nikarin kurdan qetilam bikin \u00fb pi\u015ftre bib\u00eajin em biray\u00ean hevin, \u015fa\u015fit\u00eeyek bi\u00e7\u00fbk \u00e7\u00eab\u00fbye, w\u00ea bedel\u00ea bidin kurdan, em her du Mosilman in \u00fb li ser biray\u00ean Mosilman e ku ji biray\u00ea xwe bibore. Na Bax\u00e7el\u00eeku na ev dem ne ew deme kurd \u015fiyarin \u00fb hov\u00ean weke te \u00ead\u00ee nikarin wan weke ber\u00ea qetil bikin.\" srcset=\"https:\/\/darkamazi.info\/file\/2021\/03\/kurdistan.jpg 1920w, https:\/\/darkamazi.info\/file\/2021\/03\/kurdistan-300x229.jpg 300w, https:\/\/darkamazi.info\/file\/2021\/03\/kurdistan-1024x782.jpg 1024w, https:\/\/darkamazi.info\/file\/2021\/03\/kurdistan-768x586.jpg 768w, https:\/\/darkamazi.info\/file\/2021\/03\/kurdistan-1536x1173.jpg 1536w\" sizes=\"auto, (max-width: 1920px) 100vw, 1920px\" \/><\/a><\/h3>\n<h3 style=\"text-align: justify\">H\u00ears b\u00fbna Tirkiye \u00fb \u00ceran\u00ea bi p\u00fbla nex\u015feya Kurdistan\u00ea li ser, bi ten\u00ea jiber v\u00ea yek\u00ea ye ku nex\u015feya niha ya wilat\u00ean wan nex\u015feyek sexte ye \u00fb bi dest hatiye \u00e7\u00eakirin, her ji ber v\u00ea yek\u00ea dib\u00eajin nex\u015feya Kurdistan\u00ea nex\u015feyek \u00e7\u00eakir\u00ee ye \u00fb \u00e7i rast\u00ee ji boy w\u00ea n\u00eene. Di sed sala 17an \u00fb 18an de hin nex\u015fe hat\u00eene k\u00ea\u015fan ku niha di nava ar\u015f\u00eev\u00ean welat\u00ean dinyay\u00ea de hat\u00eene parastin, hin ji wan nex\u015feyan li \u00ceran \u00fb Tirkiy\u00ea j\u00ee hat\u00eene parastin ku t\u00eade bi zelal\u00ee nav\u00ea Kurdistan\u00ea li ser hatiye niv\u00eesandin l\u00ea bel\u00ea di t yek ji wan nex\u015feyan da nav\u00ea Tirkiy\u00ea \u00fb \u00ceran\u00ea nehatiye niv\u00eesandin, jiberku ev wilate du wilat\u00ean sexte \u00fb dirustkir\u00eene \u00fb ti heb\u00fbna xwe di d\u00eerok\u00ea de n\u00eene.<\/h3>\n<h3 style=\"text-align: center\"><span style=\"color: #8c0707;font-family: 'arial black', sans-serif\">Serok\u00ea gur \u00fb keftar\u00ean Tirk\u00eey\u00ea dewlet Bax\u00e7el\u00ee y\u00ea dolheram dest bi zirtan kir<\/span><\/h3>\n<h3 style=\"text-align: justify\">Pi\u015ft\u00ee belavb\u00fbna w\u00eaney\u00ea v\u00ea p\u00fbl\u00ea ku nex\u015feya Kurdistan\u00ea li ser b\u00fb, her z\u00fb wezareta derve a Tirkiy\u00ea daxuyan\u00ee da \u00fb ragihand, ev yek \u015fa\u015fit\u00eeyek xetere \u00fb div\u00ea were rastvekirin. Wezareta derve a Tirkiy\u00ea ragihand di nava wan p\u00fbl\u00ean ku bi helkefta serdana papa ji boy \u00ceraq\u00ea, ku ji bal \u00eedareya her\u00eama kurd\u00ee a bakur\u00ea \u00ceraq\u00ea hat\u00eene d\u00eezayn kirin de, p\u00fblek hatiye d\u00eetin ku t\u00eade nex\u015feyek heye \u00fb ev nex\u015fe hin bajar\u00ean Tirkiy\u00ea j\u00ee bi xwe ve digre. Pi\u015ft\u00ee daxuyaniya wezareta derve a Tirkiy\u00ea, serok\u00ea gur \u00fb keftar\u00ean Tirk\u00eey\u00ea dewlet Bax\u00e7el\u00ee y\u00ea dolheram dest bi zirtan kir \u00fb pi\u015ftgiriya daxuyaniya wezareta derve a dewleta Tirkiy\u00ea kir. W\u00ee got, ti kes nikare bi p\u00fbla ku weke r\u00eazgirtin ji seredana papa ji boy Bakur\u00ea \u00ceraq\u00ea hatiye \u00e7apkirin ku nex\u015feya bi nav Kurdistan\u00ea li sere gefa li me bixwe, ew nex\u015fe li bin ling\u00ean me deye.<\/h3>\n<h3 style=\"text-align: center\"><span style=\"color: #8c0707;font-family: 'arial black', sans-serif\">&#8220;Aha tirkler ev mexloqene ap\u00ea&#8221;<\/span><\/h3>\n<h3 style=\"text-align: justify\">Aha tirkler ev mexloqene ap\u00ea, ji oldar \u00fb misilman\u00ea wan bigrin heta bi \u00e7ep \u00fb rep \u00fb komn\u00eest\u00ean wan, ji demokrat \u00fb fa\u015f\u00eest\u00ean wan bigrin heta bi q\u00fbnek \u00fb q\u00fbndey\u00ean wan, tev dijmin\u00ea millet\u00ea kurdin. Li her c\u00eehek\u00ea derfet ji wan re peyda bibe w\u00ea weke hovan \u00ear\u00ee\u015f\u00ea bikin, ew niha j\u00ee bikarin w\u00ea weke serdema ber\u00ea, weke w\u00ea dem\u00ea ku ew weke Mexolan \u00fb Berberan b\u00fbn \u00ear\u00ee\u015f\u00ee kurdan bikin, d\u00eesan w\u00ea bi sedan komkujy\u00ean din \u00ean weke komkujiya geliy\u00ea Z\u00eelan\u00ea bi ser\u00ea kurdan b\u00eenin, d\u00eesan w\u00ea weke gur\u00ean harb\u00fby\u00ee \u00ear\u00ee\u015f\u00ee kurdan bikin \u00fb wan qetil bikin, l\u00ea bel\u00ea raste ev ew ware l\u00ea bi t awa ne ew Bihar e, serdem hatiye guher\u00een \u00fb niha weke ber\u00ea nikarin kurdan qetilam bikin \u00fb pi\u015ftre bib\u00eajin em biray\u00ean hevin, \u015fa\u015fit\u00eeyek bi\u00e7\u00fbk \u00e7\u00eab\u00fbye, w\u00ea bedel\u00ea bidin kurdan, em her du Mosilman in \u00fb li ser biray\u00ean Mosilman e ku ji biray\u00ea xwe bibore. Na Bax\u00e7el\u00eeku na ev dem ne ew deme kurd \u015fiyarin \u00fb hov\u00ean weke te \u00ead\u00ee nikarin wan weke ber\u00ea qetil bikin.<\/h3>\n<h3 style=\"text-align: center\"><span style=\"color: #8c0707;font-family: 'arial black', sans-serif\">Gelo Tirkiy\u00ea ku p\u00eatir ji her aliyek din bertek n\u00ee\u015fan da w\u00ea bi nex\u015feya kurdistan\u00ea raz\u00ee be?<\/span><\/h3>\n<h3 style=\"text-align: justify\">Ku Tirkiye wilateke li ser xw\u00eena kurdan hatiye avakirin ti guman tunene, Tirkiye bi dar\u00ea zor \u00fb sitem\u00ea hatiye avakirin, ew tim li dij\u00ee kurdan b\u00fbye, l\u00ea bel\u00ea hin caran j\u00ee ne\u00e7ar maye hem Kurdistan\u00ea \u00fb nex\u015feya Kurdistan\u00ea \u00fb hem j\u00ee ala Kurdistan\u00ea qeb\u00fbl bike, di ber\u00ea de ger rayedarek\u00ee hik\u00fbmeta Tirkiy\u00ea li cihek\u00ee ala Kurdistan\u00ea d\u00eetiba dinya li ber \u00e7av\u00ean wan tar\u00ee dib\u00fb, ew hazir b\u00fbn kor bibin l\u00ea ala Kurdistan\u00ea neb\u00eenin, l\u00ea li dawiy\u00ea bi \u00e7av\u015for\u00ee \u00fb ser\u00ea tewand\u00ee ne\u00e7ar man p\u00ea\u015fwaziy\u00ea li Serok\u00ea kurdan, Serok Mes\u00fbd Barzan\u00ee bikin, ne\u00e7ar man bi dest\u00ean xwe y\u00ean qir\u00eaj di nava axa xwe de li Enqer\u00ea di p\u00ea\u015fwaziya Serok\u00ea Kurdan de ala pakij \u00fb p\u00eeroz a Kurdistan\u00ea daliq\u00eenin, ne yek car \u00e7end\u00een caran ne\u00e7ar man v\u00ea yek\u00ea bikin.<\/h3>\n<h3 style=\"text-align: justify\">Ber\u00ea tirka ji Barzan\u00ee re digotin \u201cSeroke\u015f\u00eer, Feudal, Pa\u015fver\u00fb, Axa\u201d flan \u00fb b\u00eavan. Pi\u015ftre h\u00ead\u00ee h\u00ead\u00ee \u00e7\u00fbn ber ling\u00ean w\u00ee \u00fb li Hewl\u00ear\u00ea li bin ala kurd\u00ee r\u00fbni\u015ftin. Ber\u00ea digotin \u201eKuzey Iraq\u201c. Pi\u015ftre h\u00ead\u00ee h\u00ead\u00ee gotin \u201eKuzey Iraq bolgesel kurd yonetim\u201c.<\/h3>\n<h3 style=\"text-align: justify\">\u00db pi\u015ftre \u00e7i b\u00fb?<\/h3>\n<h3 style=\"text-align: justify\">Gotin: \u201cKurdistan\u201d.<\/h3>\n<h3 style=\"text-align: justify\">Gotin: \u201eKuzey Iraq kurd bolges ba\u015fkan\u201c.<\/h3>\n<h3 style=\"text-align: justify\">\u00db niha?<\/h3>\n<h3 style=\"text-align: justify\">Niha j\u00ee wek serok\u00ea dewletek\u00ea, wek serok komar \u00fb serok wez\u00eerek\u00ee p\u00ea\u015fwaz\u00eeya serok\u00ea her\u00eam\u00ea \u00fb serok\u00ea Hik\u00fbmeta Her\u00eama Kurdistan\u00ea dikin \u00fb fer\u015f\u00ean sor li ber ling\u00ean wan radixin.<\/h3>\n<h3 style=\"text-align: justify\">Tirk\u00ean ku ber\u00ea ji ala kurd\u00ee re digotin \u201cPa\u00e7k\u201d \u00fb \u201cbez par\u00e7as\u00ee\u201d, \u00eero ala Kurdistan\u00ea li Stenbol \u00fb Enqer\u00ea li as\u00eeman\u00ean xwe dadliq\u00eenin \u00fb ala kurd\u00ee di dil\u00ea wan de p\u00eal dide. Serokkomar \u00fb serokwez\u00eer\u00ean wan \u00ead\u00ee di meqam\u00ean xwe de bi ala kurd\u00ee p\u00ea\u015fwaz\u00eeya berpirs\u00ean Hik\u00fbmeta Her\u00eam\u00ea dikin \u00fb li Hewl\u00ear\u00ea di bin ala kurd\u00ee de mizakereyan bi wan re dikin. Helbet ev yek bi h\u00eemet \u00fb heybet \u00fb berxwedan \u00fb siyaseta Mes\u00fbd Barzan\u00ee p\u00eak hat.<\/h3>\n<h3 style=\"text-align: justify\">Ez ser\u00ea we ne\u00ea\u015f\u00eenim kezebno, Tirk \u00e7i bixwazin yan nexwazin w\u00ea rojek were her weke \u00e7ewa Ala Kurdistan\u00ea qeb\u00fbl kir, w\u00ea her bi w\u00ee awa nex\u015fe \u00fb dewleta Kurdistan\u00ea j\u00ee bi ne\u00e7ar\u00ee \u00fb ser\u015for\u00ee qeb\u00fbl bikin, w\u00ea bi ne\u00e7ar\u00ee qeb\u00fbl bikin her 4 par\u00e7ey\u00ean Kurdistan\u00ea azad b\u00fbne \u00fb ew nex\u015feya ku niha ew bi sexte dizanin w\u00ea di nava nex\u015fey\u00ean dewlet\u00ean c\u00eehan\u00ea de were d\u00eetin, wan j\u00ee ti ti\u015ftek p\u00ea \u00e7\u00eanabe bi ten\u00ea, rew\u00een, zir\u00een\u00ean wek niha nebe.<\/h3>\n","protected":false},"excerpt":{"rendered":"<p>Memet M\u00eard\u00een\u00ee Pa\u015f seredana papa francs ji bo \u00ceraq \u00fb Her\u00eama Kurdistan\u00ea, Hik\u00fbmeta Her\u00eam\u00ea weke r\u00eazgirtin ji boy hatina papa, m\u00eenaka p\u00fblek\u00ee ji boy \u00e7apkirin \u00fb karp\u00eakirin bi w\u00ea p\u00fbl\u00ea ber\u00e7av kir, ev yek b\u00fb sedemek ku hin bertek\u00ean her\u00eam\u00ee li pey xwe b\u00eene. Dujmin\u00ean Kurdistan\u00ea her yek\u00ea bi awayek\u00ee bertek n\u00ee\u015fandan, ew weke gur\u00ean [&hellip;]<\/p>\n","protected":false},"author":2,"featured_media":1020124,"comment_status":"closed","ping_status":"closed","sticky":false,"template":"","format":"standard","meta":{"footnotes":""},"categories":[28],"tags":[37],"class_list":["post-1020099","post","type-post","status-publish","format-standard","has-post-thumbnail","hentry","category-nerin","tag-sereke"],"blocksy_meta":[],"seo_head":"<!-- This site is optimized with the Yoast SEO plugin v27.5 - https:\/\/yoast.com\/product\/yoast-seo-wordpress\/ -->\n<title>\u00c7ima Dewlet Bax\u00e7el\u00ee \u00fb Tirk\u00ean fa\u015f\u00eest bi d\u00eetina nex\u015feya Kurdistan\u00ea Kurtan\u00ea xwe fir\u00eada? - Darka Maz\u00ee<\/title>\n<meta name=\"robots\" content=\"index, follow, max-snippet:-1, max-image-preview:large, max-video-preview:-1\" \/>\n<link rel=\"canonical\" href=\"https:\/\/darkamazi.info\/archives\/1020099\" \/>\n<meta property=\"og:locale\" content=\"en_US\" \/>\n<meta property=\"og:type\" content=\"article\" \/>\n<meta property=\"og:title\" content=\"\u00c7ima Dewlet Bax\u00e7el\u00ee \u00fb Tirk\u00ean fa\u015f\u00eest bi d\u00eetina nex\u015feya Kurdistan\u00ea Kurtan\u00ea xwe fir\u00eada? - Darka Maz\u00ee\" \/>\n<meta property=\"og:description\" content=\"Memet M\u00eard\u00een\u00ee Pa\u015f seredana papa francs ji bo \u00ceraq \u00fb Her\u00eama Kurdistan\u00ea, Hik\u00fbmeta Her\u00eam\u00ea weke r\u00eazgirtin ji boy hatina papa, m\u00eenaka p\u00fblek\u00ee ji boy \u00e7apkirin \u00fb karp\u00eakirin bi w\u00ea p\u00fbl\u00ea ber\u00e7av kir, ev yek b\u00fb sedemek ku hin bertek\u00ean her\u00eam\u00ee li pey xwe b\u00eene. Dujmin\u00ean Kurdistan\u00ea her yek\u00ea bi awayek\u00ee bertek n\u00ee\u015fandan, ew weke gur\u00ean [&hellip;]\" \/>\n<meta property=\"og:url\" content=\"https:\/\/darkamazi.info\/archives\/1020099\" \/>\n<meta property=\"og:site_name\" content=\"Darka Maz\u00ee\" \/>\n<meta property=\"article:publisher\" content=\"https:\/\/www.facebook.com\/DarMaziKurmanci\" \/>\n<meta property=\"article:published_time\" content=\"2021-03-13T17:47:02+00:00\" \/>\n<meta property=\"article:modified_time\" content=\"2021-03-14T13:38:32+00:00\" \/>\n<meta property=\"og:image\" content=\"https:\/\/darkamazi.info\/file\/2021\/03\/WhatsApp-Image-2021-03-14-at-4.36.34-PM.jpeg\" \/>\n\t<meta property=\"og:image:width\" content=\"900\" \/>\n\t<meta property=\"og:image:height\" content=\"497\" \/>\n\t<meta property=\"og:image:type\" content=\"image\/jpeg\" \/>\n<meta name=\"author\" content=\"darka mazi\" \/>\n<meta name=\"twitter:card\" content=\"summary_large_image\" \/>\n<meta name=\"twitter:creator\" content=\"@DarkaMaziLatini\" \/>\n<meta name=\"twitter:site\" content=\"@DarkaMaziLatini\" \/>\n<meta name=\"twitter:label1\" content=\"Written by\" \/>\n\t<meta name=\"twitter:data1\" content=\"darka mazi\" \/>\n\t<meta name=\"twitter:label2\" content=\"Est. reading time\" \/>\n\t<meta name=\"twitter:data2\" content=\"7 minutes\" \/>\n<script type=\"application\/ld+json\" class=\"seo-schema-graph\">{\"@context\":\"https:\\\/\\\/schema.org\",\"@graph\":[{\"@type\":\"Article\",\"@id\":\"https:\\\/\\\/darkamazi.info\\\/archives\\\/1020099#article\",\"isPartOf\":{\"@id\":\"https:\\\/\\\/darkamazi.info\\\/archives\\\/1020099\"},\"author\":{\"name\":\"darka mazi\",\"@id\":\"https:\\\/\\\/darkamazi.info\\\/#\\\/schema\\\/person\\\/5ad3e24553a0567993fa8ed4bd0a776c\"},\"headline\":\"\u00c7ima Dewlet Bax\u00e7el\u00ee \u00fb Tirk\u00ean fa\u015f\u00eest bi d\u00eetina nex\u015feya Kurdistan\u00ea Kurtan\u00ea xwe fir\u00eada?\",\"datePublished\":\"2021-03-13T17:47:02+00:00\",\"dateModified\":\"2021-03-14T13:38:32+00:00\",\"mainEntityOfPage\":{\"@id\":\"https:\\\/\\\/darkamazi.info\\\/archives\\\/1020099\"},\"wordCount\":1727,\"publisher\":{\"@id\":\"https:\\\/\\\/darkamazi.info\\\/#organization\"},\"image\":{\"@id\":\"https:\\\/\\\/darkamazi.info\\\/archives\\\/1020099#primaryimage\"},\"thumbnailUrl\":\"https:\\\/\\\/darkamazi.info\\\/darka-content\\\/uploads\\\/2021\\\/03\\\/WhatsApp-Image-2021-03-14-at-4.36.34-PM.jpeg\",\"keywords\":[\"sereke\"],\"articleSection\":[\"Ner\u00een\"],\"inLanguage\":\"en-US\"},{\"@type\":\"WebPage\",\"@id\":\"https:\\\/\\\/darkamazi.info\\\/archives\\\/1020099\",\"url\":\"https:\\\/\\\/darkamazi.info\\\/archives\\\/1020099\",\"name\":\"\u00c7ima Dewlet Bax\u00e7el\u00ee \u00fb Tirk\u00ean fa\u015f\u00eest bi d\u00eetina nex\u015feya Kurdistan\u00ea Kurtan\u00ea xwe fir\u00eada? - Darka Maz\u00ee\",\"isPartOf\":{\"@id\":\"https:\\\/\\\/darkamazi.info\\\/#website\"},\"primaryImageOfPage\":{\"@id\":\"https:\\\/\\\/darkamazi.info\\\/archives\\\/1020099#primaryimage\"},\"image\":{\"@id\":\"https:\\\/\\\/darkamazi.info\\\/archives\\\/1020099#primaryimage\"},\"thumbnailUrl\":\"https:\\\/\\\/darkamazi.info\\\/darka-content\\\/uploads\\\/2021\\\/03\\\/WhatsApp-Image-2021-03-14-at-4.36.34-PM.jpeg\",\"datePublished\":\"2021-03-13T17:47:02+00:00\",\"dateModified\":\"2021-03-14T13:38:32+00:00\",\"breadcrumb\":{\"@id\":\"https:\\\/\\\/darkamazi.info\\\/archives\\\/1020099#breadcrumb\"},\"inLanguage\":\"en-US\",\"potentialAction\":[{\"@type\":\"ReadAction\",\"target\":[\"https:\\\/\\\/darkamazi.info\\\/archives\\\/1020099\"]}]},{\"@type\":\"ImageObject\",\"inLanguage\":\"en-US\",\"@id\":\"https:\\\/\\\/darkamazi.info\\\/archives\\\/1020099#primaryimage\",\"url\":\"https:\\\/\\\/darkamazi.info\\\/darka-content\\\/uploads\\\/2021\\\/03\\\/WhatsApp-Image-2021-03-14-at-4.36.34-PM.jpeg\",\"contentUrl\":\"https:\\\/\\\/darkamazi.info\\\/darka-content\\\/uploads\\\/2021\\\/03\\\/WhatsApp-Image-2021-03-14-at-4.36.34-PM.jpeg\",\"width\":900,\"height\":497,\"caption\":\"\u00c7ima Dewlet Bax\u00e7el\u00ee \u00fb Tirk\u00ean fa\u015f\u00eest bi d\u00eetina nex\u015feya Kurdistan\u00ea Kurtan\u00ea xwe fir\u00eada?\"},{\"@type\":\"BreadcrumbList\",\"@id\":\"https:\\\/\\\/darkamazi.info\\\/archives\\\/1020099#breadcrumb\",\"itemListElement\":[{\"@type\":\"ListItem\",\"position\":1,\"name\":\"Home\",\"item\":\"https:\\\/\\\/darkamazi.info\\\/\"},{\"@type\":\"ListItem\",\"position\":2,\"name\":\"\u00c7ima Dewlet Bax\u00e7el\u00ee \u00fb Tirk\u00ean fa\u015f\u00eest bi d\u00eetina nex\u015feya Kurdistan\u00ea Kurtan\u00ea xwe fir\u00eada?\"}]},{\"@type\":\"WebSite\",\"@id\":\"https:\\\/\\\/darkamazi.info\\\/#website\",\"url\":\"https:\\\/\\\/darkamazi.info\\\/\",\"name\":\"Darka Maz\u00ee\",\"description\":\"P\u00eageha Zanyariy\u00ean Nebih\u00eest\u00ee\",\"publisher\":{\"@id\":\"https:\\\/\\\/darkamazi.info\\\/#organization\"},\"potentialAction\":[{\"@type\":\"SearchAction\",\"target\":{\"@type\":\"EntryPoint\",\"urlTemplate\":\"https:\\\/\\\/darkamazi.info\\\/?s={search_term_string}\"},\"query-input\":{\"@type\":\"PropertyValueSpecification\",\"valueRequired\":true,\"valueName\":\"search_term_string\"}}],\"inLanguage\":\"en-US\"},{\"@type\":\"Organization\",\"@id\":\"https:\\\/\\\/darkamazi.info\\\/#organization\",\"name\":\"Darka Maz\u00ee\",\"url\":\"https:\\\/\\\/darkamazi.info\\\/\",\"logo\":{\"@type\":\"ImageObject\",\"inLanguage\":\"en-US\",\"@id\":\"https:\\\/\\\/darkamazi.info\\\/#\\\/schema\\\/logo\\\/image\\\/\",\"url\":\"https:\\\/\\\/darkamazi.info\\\/darka-content\\\/uploads\\\/2017\\\/12\\\/darka-mazi-logo.png\",\"contentUrl\":\"https:\\\/\\\/darkamazi.info\\\/darka-content\\\/uploads\\\/2017\\\/12\\\/darka-mazi-logo.png\",\"width\":151,\"height\":75,\"caption\":\"Darka Maz\u00ee\"},\"image\":{\"@id\":\"https:\\\/\\\/darkamazi.info\\\/#\\\/schema\\\/logo\\\/image\\\/\"},\"sameAs\":[\"https:\\\/\\\/www.facebook.com\\\/DarMaziKurmanci\",\"https:\\\/\\\/x.com\\\/DarkaMaziLatini\",\"https:\\\/\\\/www.instagram.com\\\/darkamazi.kurmanci\\\/\",\"https:\\\/\\\/www.youtube.com\\\/channel\\\/UCa5HkTdmI8U1qCUFuTw8B2g\"]},{\"@type\":\"Person\",\"@id\":\"https:\\\/\\\/darkamazi.info\\\/#\\\/schema\\\/person\\\/5ad3e24553a0567993fa8ed4bd0a776c\",\"name\":\"darka mazi\",\"sameAs\":[\"https:\\\/\\\/darkamazi.info\\\/\"],\"url\":\"https:\\\/\\\/darkamazi.info\\\/archives\\\/author\\\/kurdi\"}]}<\/script>\n<!-- \/ Yoast SEO plugin. -->","seo_head_json":{"title":"\u00c7ima Dewlet Bax\u00e7el\u00ee \u00fb Tirk\u00ean fa\u015f\u00eest bi d\u00eetina nex\u015feya Kurdistan\u00ea Kurtan\u00ea xwe fir\u00eada? - Darka Maz\u00ee","robots":{"index":"index","follow":"follow","max-snippet":"max-snippet:-1","max-image-preview":"max-image-preview:large","max-video-preview":"max-video-preview:-1"},"canonical":"https:\/\/darkamazi.info\/archives\/1020099","og_locale":"en_US","og_type":"article","og_title":"\u00c7ima Dewlet Bax\u00e7el\u00ee \u00fb Tirk\u00ean fa\u015f\u00eest bi d\u00eetina nex\u015feya Kurdistan\u00ea Kurtan\u00ea xwe fir\u00eada? - Darka Maz\u00ee","og_description":"Memet M\u00eard\u00een\u00ee Pa\u015f seredana papa francs ji bo \u00ceraq \u00fb Her\u00eama Kurdistan\u00ea, Hik\u00fbmeta Her\u00eam\u00ea weke r\u00eazgirtin ji boy hatina papa, m\u00eenaka p\u00fblek\u00ee ji boy \u00e7apkirin \u00fb karp\u00eakirin bi w\u00ea p\u00fbl\u00ea ber\u00e7av kir, ev yek b\u00fb sedemek ku hin bertek\u00ean her\u00eam\u00ee li pey xwe b\u00eene. Dujmin\u00ean Kurdistan\u00ea her yek\u00ea bi awayek\u00ee bertek n\u00ee\u015fandan, ew weke gur\u00ean [&hellip;]","og_url":"https:\/\/darkamazi.info\/archives\/1020099","og_site_name":"Darka Maz\u00ee","article_publisher":"https:\/\/www.facebook.com\/DarMaziKurmanci","article_published_time":"2021-03-13T17:47:02+00:00","article_modified_time":"2021-03-14T13:38:32+00:00","og_image":[{"width":900,"height":497,"url":"https:\/\/darkamazi.info\/file\/2021\/03\/WhatsApp-Image-2021-03-14-at-4.36.34-PM.jpeg","type":"image\/jpeg"}],"author":"darka mazi","twitter_card":"summary_large_image","twitter_creator":"@DarkaMaziLatini","twitter_site":"@DarkaMaziLatini","twitter_misc":{"Written by":"darka mazi","Est. reading time":"7 minutes"},"schema":{"@context":"https:\/\/schema.org","@graph":[{"@type":"Article","@id":"https:\/\/darkamazi.info\/archives\/1020099#article","isPartOf":{"@id":"https:\/\/darkamazi.info\/archives\/1020099"},"author":{"name":"darka mazi","@id":"https:\/\/darkamazi.info\/#\/schema\/person\/5ad3e24553a0567993fa8ed4bd0a776c"},"headline":"\u00c7ima Dewlet Bax\u00e7el\u00ee \u00fb Tirk\u00ean fa\u015f\u00eest bi d\u00eetina nex\u015feya Kurdistan\u00ea Kurtan\u00ea xwe fir\u00eada?","datePublished":"2021-03-13T17:47:02+00:00","dateModified":"2021-03-14T13:38:32+00:00","mainEntityOfPage":{"@id":"https:\/\/darkamazi.info\/archives\/1020099"},"wordCount":1727,"publisher":{"@id":"https:\/\/darkamazi.info\/#organization"},"image":{"@id":"https:\/\/darkamazi.info\/archives\/1020099#primaryimage"},"thumbnailUrl":"https:\/\/darkamazi.info\/file\/2021\/03\/WhatsApp-Image-2021-03-14-at-4.36.34-PM.jpeg","keywords":["sereke"],"articleSection":["Ner\u00een"],"inLanguage":"en-US"},{"@type":"WebPage","@id":"https:\/\/darkamazi.info\/archives\/1020099","url":"https:\/\/darkamazi.info\/archives\/1020099","name":"\u00c7ima Dewlet Bax\u00e7el\u00ee \u00fb Tirk\u00ean fa\u015f\u00eest bi d\u00eetina nex\u015feya Kurdistan\u00ea Kurtan\u00ea xwe fir\u00eada? - Darka Maz\u00ee","isPartOf":{"@id":"https:\/\/darkamazi.info\/#website"},"primaryImageOfPage":{"@id":"https:\/\/darkamazi.info\/archives\/1020099#primaryimage"},"image":{"@id":"https:\/\/darkamazi.info\/archives\/1020099#primaryimage"},"thumbnailUrl":"https:\/\/darkamazi.info\/file\/2021\/03\/WhatsApp-Image-2021-03-14-at-4.36.34-PM.jpeg","datePublished":"2021-03-13T17:47:02+00:00","dateModified":"2021-03-14T13:38:32+00:00","breadcrumb":{"@id":"https:\/\/darkamazi.info\/archives\/1020099#breadcrumb"},"inLanguage":"en-US","potentialAction":[{"@type":"ReadAction","target":["https:\/\/darkamazi.info\/archives\/1020099"]}]},{"@type":"ImageObject","inLanguage":"en-US","@id":"https:\/\/darkamazi.info\/archives\/1020099#primaryimage","url":"https:\/\/darkamazi.info\/file\/2021\/03\/WhatsApp-Image-2021-03-14-at-4.36.34-PM.jpeg","contentUrl":"https:\/\/darkamazi.info\/file\/2021\/03\/WhatsApp-Image-2021-03-14-at-4.36.34-PM.jpeg","width":900,"height":497,"caption":"\u00c7ima Dewlet Bax\u00e7el\u00ee \u00fb Tirk\u00ean fa\u015f\u00eest bi d\u00eetina nex\u015feya Kurdistan\u00ea Kurtan\u00ea xwe fir\u00eada?"},{"@type":"BreadcrumbList","@id":"https:\/\/darkamazi.info\/archives\/1020099#breadcrumb","itemListElement":[{"@type":"ListItem","position":1,"name":"Home","item":"https:\/\/darkamazi.info\/"},{"@type":"ListItem","position":2,"name":"\u00c7ima Dewlet Bax\u00e7el\u00ee \u00fb Tirk\u00ean fa\u015f\u00eest bi d\u00eetina nex\u015feya Kurdistan\u00ea Kurtan\u00ea xwe fir\u00eada?"}]},{"@type":"WebSite","@id":"https:\/\/darkamazi.info\/#website","url":"https:\/\/darkamazi.info\/","name":"Darka Maz\u00ee","description":"P\u00eageha Zanyariy\u00ean Nebih\u00eest\u00ee","publisher":{"@id":"https:\/\/darkamazi.info\/#organization"},"potentialAction":[{"@type":"SearchAction","target":{"@type":"EntryPoint","urlTemplate":"https:\/\/darkamazi.info\/?s={search_term_string}"},"query-input":{"@type":"PropertyValueSpecification","valueRequired":true,"valueName":"search_term_string"}}],"inLanguage":"en-US"},{"@type":"Organization","@id":"https:\/\/darkamazi.info\/#organization","name":"Darka Maz\u00ee","url":"https:\/\/darkamazi.info\/","logo":{"@type":"ImageObject","inLanguage":"en-US","@id":"https:\/\/darkamazi.info\/#\/schema\/logo\/image\/","url":"https:\/\/darkamazi.info\/file\/2017\/12\/darka-mazi-logo.png","contentUrl":"https:\/\/darkamazi.info\/file\/2017\/12\/darka-mazi-logo.png","width":151,"height":75,"caption":"Darka Maz\u00ee"},"image":{"@id":"https:\/\/darkamazi.info\/#\/schema\/logo\/image\/"},"sameAs":["https:\/\/www.facebook.com\/DarMaziKurmanci","https:\/\/x.com\/DarkaMaziLatini","https:\/\/www.instagram.com\/darkamazi.kurmanci\/","https:\/\/www.youtube.com\/channel\/UCa5HkTdmI8U1qCUFuTw8B2g"]},{"@type":"Person","@id":"https:\/\/darkamazi.info\/#\/schema\/person\/5ad3e24553a0567993fa8ed4bd0a776c","name":"darka mazi","sameAs":["https:\/\/darkamazi.info\/"],"url":"https:\/\/darkamazi.info\/archives\/author\/kurdi"}]}},"_links":{"self":[{"href":"https:\/\/darkamazi.info\/funavuv\/wp\/v2\/posts\/1020099","targetHints":{"allow":["GET"]}}],"collection":[{"href":"https:\/\/darkamazi.info\/funavuv\/wp\/v2\/posts"}],"about":[{"href":"https:\/\/darkamazi.info\/funavuv\/wp\/v2\/types\/post"}],"author":[{"embeddable":true,"href":"https:\/\/darkamazi.info\/funavuv\/wp\/v2\/users\/2"}],"replies":[{"embeddable":true,"href":"https:\/\/darkamazi.info\/funavuv\/wp\/v2\/comments?post=1020099"}],"version-history":[{"count":0,"href":"https:\/\/darkamazi.info\/funavuv\/wp\/v2\/posts\/1020099\/revisions"}],"wp:featuredmedia":[{"embeddable":true,"href":"https:\/\/darkamazi.info\/funavuv\/wp\/v2\/media\/1020124"}],"wp:attachment":[{"href":"https:\/\/darkamazi.info\/funavuv\/wp\/v2\/media?parent=1020099"}],"wp:term":[{"taxonomy":"category","embeddable":true,"href":"https:\/\/darkamazi.info\/funavuv\/wp\/v2\/categories?post=1020099"},{"taxonomy":"post_tag","embeddable":true,"href":"https:\/\/darkamazi.info\/funavuv\/wp\/v2\/tags?post=1020099"}],"curies":[{"name":"wp","href":"https:\/\/api.w.org\/{rel}","templated":true}]}}