{"id":1020106,"date":"2021-03-13T21:31:43","date_gmt":"2021-03-13T18:31:43","guid":{"rendered":"https:\/\/darkamazi.info\/?p=1020106"},"modified":"2021-03-13T21:31:43","modified_gmt":"2021-03-13T18:31:43","slug":"pkke-bi-awayek-bernamekiri-basure-wilat-minrej-dike","status":"publish","type":"post","link":"https:\/\/darkamazi.info\/archives\/1020106","title":{"rendered":"&#8220;PKKe bi awayek bernamekir\u00ee Ba\u015f\u00fbr\u00ea wilat m\u00eenr\u00eaj dike&#8221;"},"content":{"rendered":"<h3 style=\"text-align: justify\"><span style=\"font-family: 'arial black', sans-serif\">Her ku di\u00e7e p\u00eatir mebesta qir\u00eaj a PKK\u00ea li ba\u015f\u00fbr\u00ea kurdistan\u00ea e\u015fkere dibe, PKKe bi hem\u00fb awayek\u00ee li dij\u00ee ba\u015f\u00fbr kar dike \u00fb pirsgir\u00eakan j\u00eare dirust dike, ew bi dag\u00eerkirina gund\u00ean ba\u015f\u00fbr bi ten\u00ea rihet nabe, belku hin erd\u00ea her\u00eama ba\u015f\u00fbr m\u00eenr\u00eaj kiriye \u00fb weke nav\u00e7eya le\u015fker\u00ee \u00eelan kiriye.<\/span><\/h3>\n<h3 style=\"text-align: justify\">P\u00ea\u015f niha di n\u00fb\u00e7eyeke taybet de me e\u015fkere kirb\u00fb ku PKK\u00ea bi awayek bernamekir\u00ee kar li ser m\u00eenr\u00eajkirina her\u00eama kurdistan\u00ea dike, her cih \u00fb nav\u00e7eyek bi TNT \u00fb m\u00een\u00ean \u00e7and\u00ee pirr kiriye, ev agah\u00ee ji aliy\u00ea \u00e7avkaniy\u00ean taybet \u00ean p\u00eageha me di nava PKK\u00ea bi xwe de ji me re hatb\u00fbn \u015fandin, li ser v\u00ea yek\u00ea me gel\u00ea Ba\u015f\u00fbr haydar \u00fb hi\u015fyar kirb\u00fb.<\/h3>\n<h3 style=\"text-align: justify\">\u00c7avkaniy\u00ean p\u00eageha Darka Maz\u00ee di nava r\u00eaxistin\u00ea de \u00eero roja \u015fem\u00ee 13\/3\/2021an e\u015fkere kir, r\u00eaxistina PKK\u00ea li dema rab\u00fbr\u00ee hejmareka bomb\u00ean \u00e7and\u00ee \u00fb TNT \u00fb roket li ser r\u00eaya gund\u00ean n\u00eaz\u00ee bingeh\u00ean \u00e7ekdar\u00ean xwe dan\u00eene, l\u00ea niha nav\u00e7ey\u00ean d\u00fbr ji bingeh\u00ean xwe j\u00ee m\u00een r\u00eaj dike, her ji ber v\u00ea sedem\u00ea \u015feva rab\u00fbr\u00ee yek ji wan bombeyan bi wesay\u00eeteke p\u00ea\u015fmergey\u00ean Kurdistan\u00ea de teq\u00ee \u00fb p\u00ea\u015fmergeyek \u015feh\u00eed \u00fb yek din bir\u00eendar b\u00fb.<\/h3>\n<h3 style=\"text-align: justify\">Tev\u00ee ku h\u00eaz\u00ean ewlehiy\u00ea y\u00ean ba\u015f\u00fbr\u00ea welat hin ji van bomb \u00fb TNT y\u00ean r\u00eaxistina PKK\u00ea p\u00fb\u00e7 kirine l\u00ea careke din t\u00eem\u00ean taybet \u00ean r\u00eaxistina PKK\u00ea dest bi dan\u00eena bombeyan li nav\u00e7ey\u00ean cuda y\u00ean ba\u015f\u00fbr\u00ea welat kiriye, bi awayek\u00ee ku xetereyeke her\u00ee mezin ketiye ser can\u00ea \u015f\u00eaniy\u00ean gundan.<\/h3>\n<div style=\"width: 352px;\" class=\"darka-video\"><video class=\"darka-video-shortcode\" id=\"video-1020106-1\" width=\"352\" height=\"450\" preload=\"metadata\" controls=\"controls\"><source type=\"video\/mp4\" src=\"https:\/\/darkamazi.info\/file\/2021\/03\/pkk-tnt-teror-kurdistan-sedam.mp4?_=1\" \/><a href=\"https:\/\/darkamazi.info\/file\/2021\/03\/pkk-tnt-teror-kurdistan-sedam.mp4\">https:\/\/darkamazi.info\/file\/2021\/03\/pkk-tnt-teror-kurdistan-sedam.mp4<\/a><\/video><\/div>\n","protected":false},"excerpt":{"rendered":"<p>Her ku di\u00e7e p\u00eatir mebesta qir\u00eaj a PKK\u00ea li ba\u015f\u00fbr\u00ea kurdistan\u00ea e\u015fkere dibe, PKKe bi hem\u00fb awayek\u00ee li dij\u00ee ba\u015f\u00fbr kar dike \u00fb pirsgir\u00eakan j\u00eare dirust dike, ew bi dag\u00eerkirina gund\u00ean ba\u015f\u00fbr bi ten\u00ea rihet nabe, belku hin erd\u00ea her\u00eama ba\u015f\u00fbr m\u00eenr\u00eaj kiriye \u00fb weke nav\u00e7eya le\u015fker\u00ee \u00eelan kiriye. P\u00ea\u015f niha di n\u00fb\u00e7eyeke taybet de [&hellip;]<\/p>\n","protected":false},"author":2,"featured_media":1020107,"comment_status":"closed","ping_status":"closed","sticky":false,"template":"","format":"standard","meta":{"footnotes":""},"categories":[29],"tags":[37],"class_list":["post-1020106","post","type-post","status-publish","format-standard","has-post-thumbnail","hentry","category-kurdistan","tag-sereke"],"blocksy_meta":[],"seo_head":"<!-- This site is optimized with the Yoast SEO plugin v27.5 - https:\/\/yoast.com\/product\/yoast-seo-wordpress\/ -->\n<title>&quot;PKKe bi awayek bernamekir\u00ee Ba\u015f\u00fbr\u00ea wilat m\u00eenr\u00eaj dike&quot; - Darka Maz\u00ee<\/title>\n<meta name=\"robots\" content=\"index, follow, max-snippet:-1, max-image-preview:large, max-video-preview:-1\" \/>\n<link rel=\"canonical\" href=\"https:\/\/darkamazi.info\/archives\/1020106\" \/>\n<meta property=\"og:locale\" content=\"en_US\" \/>\n<meta property=\"og:type\" content=\"article\" \/>\n<meta property=\"og:title\" content=\"&quot;PKKe bi awayek bernamekir\u00ee Ba\u015f\u00fbr\u00ea wilat m\u00eenr\u00eaj dike&quot; - Darka Maz\u00ee\" \/>\n<meta property=\"og:description\" content=\"Her ku di\u00e7e p\u00eatir mebesta qir\u00eaj a PKK\u00ea li ba\u015f\u00fbr\u00ea kurdistan\u00ea e\u015fkere dibe, PKKe bi hem\u00fb awayek\u00ee li dij\u00ee ba\u015f\u00fbr kar dike \u00fb pirsgir\u00eakan j\u00eare dirust dike, ew bi dag\u00eerkirina gund\u00ean ba\u015f\u00fbr bi ten\u00ea rihet nabe, belku hin erd\u00ea her\u00eama ba\u015f\u00fbr m\u00eenr\u00eaj kiriye \u00fb weke nav\u00e7eya le\u015fker\u00ee \u00eelan kiriye. P\u00ea\u015f niha di n\u00fb\u00e7eyeke taybet de [&hellip;]\" \/>\n<meta property=\"og:url\" content=\"https:\/\/darkamazi.info\/archives\/1020106\" \/>\n<meta property=\"og:site_name\" content=\"Darka Maz\u00ee\" \/>\n<meta property=\"article:publisher\" content=\"https:\/\/www.facebook.com\/DarMaziKurmanci\" \/>\n<meta property=\"article:published_time\" content=\"2021-03-13T18:31:43+00:00\" \/>\n<meta property=\"og:image\" content=\"https:\/\/darkamazi.info\/file\/2021\/03\/pkk-isis-saddam-husen-kurdistan-batifa.jpg\" \/>\n\t<meta property=\"og:image:width\" content=\"900\" \/>\n\t<meta property=\"og:image:height\" content=\"500\" \/>\n\t<meta property=\"og:image:type\" content=\"image\/jpeg\" \/>\n<meta name=\"author\" content=\"darka mazi\" \/>\n<meta name=\"twitter:card\" content=\"summary_large_image\" \/>\n<meta name=\"twitter:creator\" content=\"@DarkaMaziLatini\" \/>\n<meta name=\"twitter:site\" content=\"@DarkaMaziLatini\" \/>\n<meta name=\"twitter:label1\" content=\"Written by\" \/>\n\t<meta name=\"twitter:data1\" content=\"darka mazi\" \/>\n\t<meta name=\"twitter:label2\" content=\"Est. reading time\" \/>\n\t<meta name=\"twitter:data2\" content=\"2 minutes\" \/>\n<script type=\"application\/ld+json\" class=\"seo-schema-graph\">{\"@context\":\"https:\\\/\\\/schema.org\",\"@graph\":[{\"@type\":\"Article\",\"@id\":\"https:\\\/\\\/darkamazi.info\\\/archives\\\/1020106#article\",\"isPartOf\":{\"@id\":\"https:\\\/\\\/darkamazi.info\\\/archives\\\/1020106\"},\"author\":{\"name\":\"darka mazi\",\"@id\":\"https:\\\/\\\/darkamazi.info\\\/#\\\/schema\\\/person\\\/5ad3e24553a0567993fa8ed4bd0a776c\"},\"headline\":\"&#8220;PKKe bi awayek bernamekir\u00ee Ba\u015f\u00fbr\u00ea wilat m\u00eenr\u00eaj dike&#8221;\",\"datePublished\":\"2021-03-13T18:31:43+00:00\",\"mainEntityOfPage\":{\"@id\":\"https:\\\/\\\/darkamazi.info\\\/archives\\\/1020106\"},\"wordCount\":315,\"publisher\":{\"@id\":\"https:\\\/\\\/darkamazi.info\\\/#organization\"},\"image\":{\"@id\":\"https:\\\/\\\/darkamazi.info\\\/archives\\\/1020106#primaryimage\"},\"thumbnailUrl\":\"https:\\\/\\\/darkamazi.info\\\/darka-content\\\/uploads\\\/2021\\\/03\\\/pkk-isis-saddam-husen-kurdistan-batifa.jpg\",\"keywords\":[\"sereke\"],\"articleSection\":[\"Kurdistan\"],\"inLanguage\":\"en-US\"},{\"@type\":\"WebPage\",\"@id\":\"https:\\\/\\\/darkamazi.info\\\/archives\\\/1020106\",\"url\":\"https:\\\/\\\/darkamazi.info\\\/archives\\\/1020106\",\"name\":\"\\\"PKKe bi awayek bernamekir\u00ee Ba\u015f\u00fbr\u00ea wilat m\u00eenr\u00eaj dike\\\" - Darka Maz\u00ee\",\"isPartOf\":{\"@id\":\"https:\\\/\\\/darkamazi.info\\\/#website\"},\"primaryImageOfPage\":{\"@id\":\"https:\\\/\\\/darkamazi.info\\\/archives\\\/1020106#primaryimage\"},\"image\":{\"@id\":\"https:\\\/\\\/darkamazi.info\\\/archives\\\/1020106#primaryimage\"},\"thumbnailUrl\":\"https:\\\/\\\/darkamazi.info\\\/darka-content\\\/uploads\\\/2021\\\/03\\\/pkk-isis-saddam-husen-kurdistan-batifa.jpg\",\"datePublished\":\"2021-03-13T18:31:43+00:00\",\"breadcrumb\":{\"@id\":\"https:\\\/\\\/darkamazi.info\\\/archives\\\/1020106#breadcrumb\"},\"inLanguage\":\"en-US\",\"potentialAction\":[{\"@type\":\"ReadAction\",\"target\":[\"https:\\\/\\\/darkamazi.info\\\/archives\\\/1020106\"]}]},{\"@type\":\"ImageObject\",\"inLanguage\":\"en-US\",\"@id\":\"https:\\\/\\\/darkamazi.info\\\/archives\\\/1020106#primaryimage\",\"url\":\"https:\\\/\\\/darkamazi.info\\\/darka-content\\\/uploads\\\/2021\\\/03\\\/pkk-isis-saddam-husen-kurdistan-batifa.jpg\",\"contentUrl\":\"https:\\\/\\\/darkamazi.info\\\/darka-content\\\/uploads\\\/2021\\\/03\\\/pkk-isis-saddam-husen-kurdistan-batifa.jpg\",\"width\":900,\"height\":500,\"caption\":\"\\\"PKKe bi awayek bernamekir\u00ee Ba\u015f\u00fbr\u00ea wilat m\u00eenr\u00eaj dike\\\"\"},{\"@type\":\"BreadcrumbList\",\"@id\":\"https:\\\/\\\/darkamazi.info\\\/archives\\\/1020106#breadcrumb\",\"itemListElement\":[{\"@type\":\"ListItem\",\"position\":1,\"name\":\"Home\",\"item\":\"https:\\\/\\\/darkamazi.info\\\/\"},{\"@type\":\"ListItem\",\"position\":2,\"name\":\"&#8220;PKKe bi awayek bernamekir\u00ee Ba\u015f\u00fbr\u00ea wilat m\u00eenr\u00eaj dike&#8221;\"}]},{\"@type\":\"WebSite\",\"@id\":\"https:\\\/\\\/darkamazi.info\\\/#website\",\"url\":\"https:\\\/\\\/darkamazi.info\\\/\",\"name\":\"Darka Maz\u00ee\",\"description\":\"P\u00eageha Zanyariy\u00ean Nebih\u00eest\u00ee\",\"publisher\":{\"@id\":\"https:\\\/\\\/darkamazi.info\\\/#organization\"},\"potentialAction\":[{\"@type\":\"SearchAction\",\"target\":{\"@type\":\"EntryPoint\",\"urlTemplate\":\"https:\\\/\\\/darkamazi.info\\\/?s={search_term_string}\"},\"query-input\":{\"@type\":\"PropertyValueSpecification\",\"valueRequired\":true,\"valueName\":\"search_term_string\"}}],\"inLanguage\":\"en-US\"},{\"@type\":\"Organization\",\"@id\":\"https:\\\/\\\/darkamazi.info\\\/#organization\",\"name\":\"Darka Maz\u00ee\",\"url\":\"https:\\\/\\\/darkamazi.info\\\/\",\"logo\":{\"@type\":\"ImageObject\",\"inLanguage\":\"en-US\",\"@id\":\"https:\\\/\\\/darkamazi.info\\\/#\\\/schema\\\/logo\\\/image\\\/\",\"url\":\"https:\\\/\\\/darkamazi.info\\\/darka-content\\\/uploads\\\/2017\\\/12\\\/darka-mazi-logo.png\",\"contentUrl\":\"https:\\\/\\\/darkamazi.info\\\/darka-content\\\/uploads\\\/2017\\\/12\\\/darka-mazi-logo.png\",\"width\":151,\"height\":75,\"caption\":\"Darka Maz\u00ee\"},\"image\":{\"@id\":\"https:\\\/\\\/darkamazi.info\\\/#\\\/schema\\\/logo\\\/image\\\/\"},\"sameAs\":[\"https:\\\/\\\/www.facebook.com\\\/DarMaziKurmanci\",\"https:\\\/\\\/x.com\\\/DarkaMaziLatini\",\"https:\\\/\\\/www.instagram.com\\\/darkamazi.kurmanci\\\/\",\"https:\\\/\\\/www.youtube.com\\\/channel\\\/UCa5HkTdmI8U1qCUFuTw8B2g\"]},{\"@type\":\"Person\",\"@id\":\"https:\\\/\\\/darkamazi.info\\\/#\\\/schema\\\/person\\\/5ad3e24553a0567993fa8ed4bd0a776c\",\"name\":\"darka mazi\",\"sameAs\":[\"https:\\\/\\\/darkamazi.info\\\/\"],\"url\":\"https:\\\/\\\/darkamazi.info\\\/archives\\\/author\\\/kurdi\"}]}<\/script>\n<!-- \/ Yoast SEO plugin. -->","seo_head_json":{"title":"\"PKKe bi awayek bernamekir\u00ee Ba\u015f\u00fbr\u00ea wilat m\u00eenr\u00eaj dike\" - Darka Maz\u00ee","robots":{"index":"index","follow":"follow","max-snippet":"max-snippet:-1","max-image-preview":"max-image-preview:large","max-video-preview":"max-video-preview:-1"},"canonical":"https:\/\/darkamazi.info\/archives\/1020106","og_locale":"en_US","og_type":"article","og_title":"\"PKKe bi awayek bernamekir\u00ee Ba\u015f\u00fbr\u00ea wilat m\u00eenr\u00eaj dike\" - Darka Maz\u00ee","og_description":"Her ku di\u00e7e p\u00eatir mebesta qir\u00eaj a PKK\u00ea li ba\u015f\u00fbr\u00ea kurdistan\u00ea e\u015fkere dibe, PKKe bi hem\u00fb awayek\u00ee li dij\u00ee ba\u015f\u00fbr kar dike \u00fb pirsgir\u00eakan j\u00eare dirust dike, ew bi dag\u00eerkirina gund\u00ean ba\u015f\u00fbr bi ten\u00ea rihet nabe, belku hin erd\u00ea her\u00eama ba\u015f\u00fbr m\u00eenr\u00eaj kiriye \u00fb weke nav\u00e7eya le\u015fker\u00ee \u00eelan kiriye. P\u00ea\u015f niha di n\u00fb\u00e7eyeke taybet de [&hellip;]","og_url":"https:\/\/darkamazi.info\/archives\/1020106","og_site_name":"Darka Maz\u00ee","article_publisher":"https:\/\/www.facebook.com\/DarMaziKurmanci","article_published_time":"2021-03-13T18:31:43+00:00","og_image":[{"width":900,"height":500,"url":"https:\/\/darkamazi.info\/file\/2021\/03\/pkk-isis-saddam-husen-kurdistan-batifa.jpg","type":"image\/jpeg"}],"author":"darka mazi","twitter_card":"summary_large_image","twitter_creator":"@DarkaMaziLatini","twitter_site":"@DarkaMaziLatini","twitter_misc":{"Written by":"darka mazi","Est. reading time":"2 minutes"},"schema":{"@context":"https:\/\/schema.org","@graph":[{"@type":"Article","@id":"https:\/\/darkamazi.info\/archives\/1020106#article","isPartOf":{"@id":"https:\/\/darkamazi.info\/archives\/1020106"},"author":{"name":"darka mazi","@id":"https:\/\/darkamazi.info\/#\/schema\/person\/5ad3e24553a0567993fa8ed4bd0a776c"},"headline":"&#8220;PKKe bi awayek bernamekir\u00ee Ba\u015f\u00fbr\u00ea wilat m\u00eenr\u00eaj dike&#8221;","datePublished":"2021-03-13T18:31:43+00:00","mainEntityOfPage":{"@id":"https:\/\/darkamazi.info\/archives\/1020106"},"wordCount":315,"publisher":{"@id":"https:\/\/darkamazi.info\/#organization"},"image":{"@id":"https:\/\/darkamazi.info\/archives\/1020106#primaryimage"},"thumbnailUrl":"https:\/\/darkamazi.info\/file\/2021\/03\/pkk-isis-saddam-husen-kurdistan-batifa.jpg","keywords":["sereke"],"articleSection":["Kurdistan"],"inLanguage":"en-US"},{"@type":"WebPage","@id":"https:\/\/darkamazi.info\/archives\/1020106","url":"https:\/\/darkamazi.info\/archives\/1020106","name":"\"PKKe bi awayek bernamekir\u00ee Ba\u015f\u00fbr\u00ea wilat m\u00eenr\u00eaj dike\" - Darka Maz\u00ee","isPartOf":{"@id":"https:\/\/darkamazi.info\/#website"},"primaryImageOfPage":{"@id":"https:\/\/darkamazi.info\/archives\/1020106#primaryimage"},"image":{"@id":"https:\/\/darkamazi.info\/archives\/1020106#primaryimage"},"thumbnailUrl":"https:\/\/darkamazi.info\/file\/2021\/03\/pkk-isis-saddam-husen-kurdistan-batifa.jpg","datePublished":"2021-03-13T18:31:43+00:00","breadcrumb":{"@id":"https:\/\/darkamazi.info\/archives\/1020106#breadcrumb"},"inLanguage":"en-US","potentialAction":[{"@type":"ReadAction","target":["https:\/\/darkamazi.info\/archives\/1020106"]}]},{"@type":"ImageObject","inLanguage":"en-US","@id":"https:\/\/darkamazi.info\/archives\/1020106#primaryimage","url":"https:\/\/darkamazi.info\/file\/2021\/03\/pkk-isis-saddam-husen-kurdistan-batifa.jpg","contentUrl":"https:\/\/darkamazi.info\/file\/2021\/03\/pkk-isis-saddam-husen-kurdistan-batifa.jpg","width":900,"height":500,"caption":"\"PKKe bi awayek bernamekir\u00ee Ba\u015f\u00fbr\u00ea wilat m\u00eenr\u00eaj dike\""},{"@type":"BreadcrumbList","@id":"https:\/\/darkamazi.info\/archives\/1020106#breadcrumb","itemListElement":[{"@type":"ListItem","position":1,"name":"Home","item":"https:\/\/darkamazi.info\/"},{"@type":"ListItem","position":2,"name":"&#8220;PKKe bi awayek bernamekir\u00ee Ba\u015f\u00fbr\u00ea wilat m\u00eenr\u00eaj dike&#8221;"}]},{"@type":"WebSite","@id":"https:\/\/darkamazi.info\/#website","url":"https:\/\/darkamazi.info\/","name":"Darka Maz\u00ee","description":"P\u00eageha Zanyariy\u00ean Nebih\u00eest\u00ee","publisher":{"@id":"https:\/\/darkamazi.info\/#organization"},"potentialAction":[{"@type":"SearchAction","target":{"@type":"EntryPoint","urlTemplate":"https:\/\/darkamazi.info\/?s={search_term_string}"},"query-input":{"@type":"PropertyValueSpecification","valueRequired":true,"valueName":"search_term_string"}}],"inLanguage":"en-US"},{"@type":"Organization","@id":"https:\/\/darkamazi.info\/#organization","name":"Darka Maz\u00ee","url":"https:\/\/darkamazi.info\/","logo":{"@type":"ImageObject","inLanguage":"en-US","@id":"https:\/\/darkamazi.info\/#\/schema\/logo\/image\/","url":"https:\/\/darkamazi.info\/file\/2017\/12\/darka-mazi-logo.png","contentUrl":"https:\/\/darkamazi.info\/file\/2017\/12\/darka-mazi-logo.png","width":151,"height":75,"caption":"Darka Maz\u00ee"},"image":{"@id":"https:\/\/darkamazi.info\/#\/schema\/logo\/image\/"},"sameAs":["https:\/\/www.facebook.com\/DarMaziKurmanci","https:\/\/x.com\/DarkaMaziLatini","https:\/\/www.instagram.com\/darkamazi.kurmanci\/","https:\/\/www.youtube.com\/channel\/UCa5HkTdmI8U1qCUFuTw8B2g"]},{"@type":"Person","@id":"https:\/\/darkamazi.info\/#\/schema\/person\/5ad3e24553a0567993fa8ed4bd0a776c","name":"darka mazi","sameAs":["https:\/\/darkamazi.info\/"],"url":"https:\/\/darkamazi.info\/archives\/author\/kurdi"}]}},"_links":{"self":[{"href":"https:\/\/darkamazi.info\/funavuv\/wp\/v2\/posts\/1020106","targetHints":{"allow":["GET"]}}],"collection":[{"href":"https:\/\/darkamazi.info\/funavuv\/wp\/v2\/posts"}],"about":[{"href":"https:\/\/darkamazi.info\/funavuv\/wp\/v2\/types\/post"}],"author":[{"embeddable":true,"href":"https:\/\/darkamazi.info\/funavuv\/wp\/v2\/users\/2"}],"replies":[{"embeddable":true,"href":"https:\/\/darkamazi.info\/funavuv\/wp\/v2\/comments?post=1020106"}],"version-history":[{"count":0,"href":"https:\/\/darkamazi.info\/funavuv\/wp\/v2\/posts\/1020106\/revisions"}],"wp:featuredmedia":[{"embeddable":true,"href":"https:\/\/darkamazi.info\/funavuv\/wp\/v2\/media\/1020107"}],"wp:attachment":[{"href":"https:\/\/darkamazi.info\/funavuv\/wp\/v2\/media?parent=1020106"}],"wp:term":[{"taxonomy":"category","embeddable":true,"href":"https:\/\/darkamazi.info\/funavuv\/wp\/v2\/categories?post=1020106"},{"taxonomy":"post_tag","embeddable":true,"href":"https:\/\/darkamazi.info\/funavuv\/wp\/v2\/tags?post=1020106"}],"curies":[{"name":"wp","href":"https:\/\/api.w.org\/{rel}","templated":true}]}}