{"id":1020139,"date":"2021-03-14T20:30:02","date_gmt":"2021-03-14T17:30:02","guid":{"rendered":"https:\/\/darkamazi.info\/?p=1020139"},"modified":"2021-03-14T20:30:02","modified_gmt":"2021-03-14T17:30:02","slug":"eziz-weysi-pkk-ji-re-derketiye","status":"publish","type":"post","link":"https:\/\/darkamazi.info\/archives\/1020139","title":{"rendered":"Ez\u00eez Weys\u00ee: PKK ji r\u00ea derketiye"},"content":{"rendered":"<h3 style=\"text-align: justify\"><span style=\"font-family: 'arial black', sans-serif\">Fermandey\u00ea h\u00eaza Z\u00earevan\u00ee ya P\u00ea\u015fmerge dib\u00eaje, rew\u015fa dever\u00ean Kurdistan\u00ee roj bi roj aloztir dibe \u00fb PKK j\u00ee ji r\u00ea derketiye.<\/span><\/h3>\n<h3 style=\"text-align: justify\">Fermandey\u00ea h\u00eaza Z\u00earevan\u00ee ya P\u00ea\u015fmerge, Ez\u00eez Weys\u00ee di civ\u00eeneka rojnamevan\u00ee de li \u00e7iyay\u00ea Zertik ragihand, rew\u015fa dever\u00ean Kurdistan\u00ee aloz e \u00fb roj bi roj j\u00ee aloztir dibe. Bi taybet pi\u015ft\u00ee xiyaneta 16 Cotmeha 2017, xelk ji ber mil\u00ees\u00ean He\u015fda \u015eeib\u00ee ji mal \u00fb war\u00ea xwe direve \u00fb gelek\u00ee ji wan n\u00eegeran e.<\/h3>\n<h3 style=\"text-align: justify\">Ez\u00eez Weys\u00ee her wiha got, div\u00ea P\u00ea\u015fmerge vegere wan deveran \u00fb ten\u00ea h\u00eaz\u00ean P\u00ea\u015fmerge \u00fb art\u00ea\u015fa Iraq\u00ea dikarin w\u00ea rew\u015f\u00ea \u00e7areser bikin.<\/h3>\n<h3 style=\"text-align: justify\">Li ser xirabkariy\u00ean PKK\u00ea li Her\u00eama Kurdistan\u00ea j\u00ee, w\u00ee fermandey\u00ea P\u00ea\u015fmerge got, rew\u015fa \u015eingal\u00ea aloztir b\u00fbye \u00fb hind\u00ee di\u00e7e xirabtir j\u00ee dibe. Div\u00ea r\u00eakeftina \u015eingal\u00ea were bic\u00eehan\u00een \u00fb h\u00eaz\u00ean ne qan\u00fbn\u00ee j\u00ea derkevin.<\/h3>\n<h3 style=\"text-align: justify\">Ez\u00eez Weys\u00ee her wiha got, mixabin PKK pi\u015ft\u00ee girtina Ocalan, ji armanc \u00fb r\u00eaya xwe d\u00fbr ketiye \u00fb li dij\u00ee kurdan t\u00ea bikaran\u00een. Li nav PKK\u00ea de hindek kes\u00ean ni\u015ftimanperwer hene l\u00ea p\u00ea\u015fiya wan t\u00ea girtin \u00fb nah\u00ealin ew PKK veger\u00eenin ser r\u00eaya xwe.<\/h3>\n","protected":false},"excerpt":{"rendered":"<p>Fermandey\u00ea h\u00eaza Z\u00earevan\u00ee ya P\u00ea\u015fmerge dib\u00eaje, rew\u015fa dever\u00ean Kurdistan\u00ee roj bi roj aloztir dibe \u00fb PKK j\u00ee ji r\u00ea derketiye. Fermandey\u00ea h\u00eaza Z\u00earevan\u00ee ya P\u00ea\u015fmerge, Ez\u00eez Weys\u00ee di civ\u00eeneka rojnamevan\u00ee de li \u00e7iyay\u00ea Zertik ragihand, rew\u015fa dever\u00ean Kurdistan\u00ee aloz e \u00fb roj bi roj j\u00ee aloztir dibe. Bi taybet pi\u015ft\u00ee xiyaneta 16 Cotmeha 2017, xelk [&hellip;]<\/p>\n","protected":false},"author":2,"featured_media":1020140,"comment_status":"closed","ping_status":"closed","sticky":false,"template":"","format":"standard","meta":{"footnotes":""},"categories":[29],"tags":[37],"class_list":["post-1020139","post","type-post","status-publish","format-standard","has-post-thumbnail","hentry","category-kurdistan","tag-sereke"],"blocksy_meta":[],"seo_head":"<!-- This site is optimized with the Yoast SEO plugin v27.5 - https:\/\/yoast.com\/product\/yoast-seo-wordpress\/ -->\n<title>Ez\u00eez Weys\u00ee: PKK ji r\u00ea derketiye - Darka Maz\u00ee<\/title>\n<meta name=\"robots\" content=\"index, follow, max-snippet:-1, max-image-preview:large, max-video-preview:-1\" \/>\n<link rel=\"canonical\" href=\"https:\/\/darkamazi.info\/archives\/1020139\" \/>\n<meta property=\"og:locale\" content=\"en_US\" \/>\n<meta property=\"og:type\" content=\"article\" \/>\n<meta property=\"og:title\" content=\"Ez\u00eez Weys\u00ee: PKK ji r\u00ea derketiye - Darka Maz\u00ee\" \/>\n<meta property=\"og:description\" content=\"Fermandey\u00ea h\u00eaza Z\u00earevan\u00ee ya P\u00ea\u015fmerge dib\u00eaje, rew\u015fa dever\u00ean Kurdistan\u00ee roj bi roj aloztir dibe \u00fb PKK j\u00ee ji r\u00ea derketiye. Fermandey\u00ea h\u00eaza Z\u00earevan\u00ee ya P\u00ea\u015fmerge, Ez\u00eez Weys\u00ee di civ\u00eeneka rojnamevan\u00ee de li \u00e7iyay\u00ea Zertik ragihand, rew\u015fa dever\u00ean Kurdistan\u00ee aloz e \u00fb roj bi roj j\u00ee aloztir dibe. Bi taybet pi\u015ft\u00ee xiyaneta 16 Cotmeha 2017, xelk [&hellip;]\" \/>\n<meta property=\"og:url\" content=\"https:\/\/darkamazi.info\/archives\/1020139\" \/>\n<meta property=\"og:site_name\" content=\"Darka Maz\u00ee\" \/>\n<meta property=\"article:publisher\" content=\"https:\/\/www.facebook.com\/DarMaziKurmanci\" \/>\n<meta property=\"article:published_time\" content=\"2021-03-14T17:30:02+00:00\" \/>\n<meta property=\"og:image\" content=\"https:\/\/darkamazi.info\/file\/2021\/03\/eziz-weysi-kurdistan-1.jpg\" \/>\n\t<meta property=\"og:image:width\" content=\"900\" \/>\n\t<meta property=\"og:image:height\" content=\"497\" \/>\n\t<meta property=\"og:image:type\" content=\"image\/jpeg\" \/>\n<meta name=\"author\" content=\"darka mazi\" \/>\n<meta name=\"twitter:card\" content=\"summary_large_image\" \/>\n<meta name=\"twitter:creator\" content=\"@DarkaMaziLatini\" \/>\n<meta name=\"twitter:site\" content=\"@DarkaMaziLatini\" \/>\n<meta name=\"twitter:label1\" content=\"Written by\" \/>\n\t<meta name=\"twitter:data1\" content=\"darka mazi\" \/>\n\t<meta name=\"twitter:label2\" content=\"Est. reading time\" \/>\n\t<meta name=\"twitter:data2\" content=\"1 minute\" \/>\n<script type=\"application\/ld+json\" class=\"seo-schema-graph\">{\"@context\":\"https:\\\/\\\/schema.org\",\"@graph\":[{\"@type\":\"Article\",\"@id\":\"https:\\\/\\\/darkamazi.info\\\/archives\\\/1020139#article\",\"isPartOf\":{\"@id\":\"https:\\\/\\\/darkamazi.info\\\/archives\\\/1020139\"},\"author\":{\"name\":\"darka mazi\",\"@id\":\"https:\\\/\\\/darkamazi.info\\\/#\\\/schema\\\/person\\\/5ad3e24553a0567993fa8ed4bd0a776c\"},\"headline\":\"Ez\u00eez Weys\u00ee: PKK ji r\u00ea derketiye\",\"datePublished\":\"2021-03-14T17:30:02+00:00\",\"mainEntityOfPage\":{\"@id\":\"https:\\\/\\\/darkamazi.info\\\/archives\\\/1020139\"},\"wordCount\":212,\"publisher\":{\"@id\":\"https:\\\/\\\/darkamazi.info\\\/#organization\"},\"image\":{\"@id\":\"https:\\\/\\\/darkamazi.info\\\/archives\\\/1020139#primaryimage\"},\"thumbnailUrl\":\"https:\\\/\\\/darkamazi.info\\\/darka-content\\\/uploads\\\/2021\\\/03\\\/eziz-weysi-kurdistan-1.jpg\",\"keywords\":[\"sereke\"],\"articleSection\":[\"Kurdistan\"],\"inLanguage\":\"en-US\"},{\"@type\":\"WebPage\",\"@id\":\"https:\\\/\\\/darkamazi.info\\\/archives\\\/1020139\",\"url\":\"https:\\\/\\\/darkamazi.info\\\/archives\\\/1020139\",\"name\":\"Ez\u00eez Weys\u00ee: PKK ji r\u00ea derketiye - Darka Maz\u00ee\",\"isPartOf\":{\"@id\":\"https:\\\/\\\/darkamazi.info\\\/#website\"},\"primaryImageOfPage\":{\"@id\":\"https:\\\/\\\/darkamazi.info\\\/archives\\\/1020139#primaryimage\"},\"image\":{\"@id\":\"https:\\\/\\\/darkamazi.info\\\/archives\\\/1020139#primaryimage\"},\"thumbnailUrl\":\"https:\\\/\\\/darkamazi.info\\\/darka-content\\\/uploads\\\/2021\\\/03\\\/eziz-weysi-kurdistan-1.jpg\",\"datePublished\":\"2021-03-14T17:30:02+00:00\",\"breadcrumb\":{\"@id\":\"https:\\\/\\\/darkamazi.info\\\/archives\\\/1020139#breadcrumb\"},\"inLanguage\":\"en-US\",\"potentialAction\":[{\"@type\":\"ReadAction\",\"target\":[\"https:\\\/\\\/darkamazi.info\\\/archives\\\/1020139\"]}]},{\"@type\":\"ImageObject\",\"inLanguage\":\"en-US\",\"@id\":\"https:\\\/\\\/darkamazi.info\\\/archives\\\/1020139#primaryimage\",\"url\":\"https:\\\/\\\/darkamazi.info\\\/darka-content\\\/uploads\\\/2021\\\/03\\\/eziz-weysi-kurdistan-1.jpg\",\"contentUrl\":\"https:\\\/\\\/darkamazi.info\\\/darka-content\\\/uploads\\\/2021\\\/03\\\/eziz-weysi-kurdistan-1.jpg\",\"width\":900,\"height\":497,\"caption\":\"Ez\u00eez Weys\u00ee: PKK ji r\u00ea derketiye\"},{\"@type\":\"BreadcrumbList\",\"@id\":\"https:\\\/\\\/darkamazi.info\\\/archives\\\/1020139#breadcrumb\",\"itemListElement\":[{\"@type\":\"ListItem\",\"position\":1,\"name\":\"Home\",\"item\":\"https:\\\/\\\/darkamazi.info\\\/\"},{\"@type\":\"ListItem\",\"position\":2,\"name\":\"Ez\u00eez Weys\u00ee: PKK ji r\u00ea derketiye\"}]},{\"@type\":\"WebSite\",\"@id\":\"https:\\\/\\\/darkamazi.info\\\/#website\",\"url\":\"https:\\\/\\\/darkamazi.info\\\/\",\"name\":\"Darka Maz\u00ee\",\"description\":\"P\u00eageha Zanyariy\u00ean Nebih\u00eest\u00ee\",\"publisher\":{\"@id\":\"https:\\\/\\\/darkamazi.info\\\/#organization\"},\"potentialAction\":[{\"@type\":\"SearchAction\",\"target\":{\"@type\":\"EntryPoint\",\"urlTemplate\":\"https:\\\/\\\/darkamazi.info\\\/?s={search_term_string}\"},\"query-input\":{\"@type\":\"PropertyValueSpecification\",\"valueRequired\":true,\"valueName\":\"search_term_string\"}}],\"inLanguage\":\"en-US\"},{\"@type\":\"Organization\",\"@id\":\"https:\\\/\\\/darkamazi.info\\\/#organization\",\"name\":\"Darka Maz\u00ee\",\"url\":\"https:\\\/\\\/darkamazi.info\\\/\",\"logo\":{\"@type\":\"ImageObject\",\"inLanguage\":\"en-US\",\"@id\":\"https:\\\/\\\/darkamazi.info\\\/#\\\/schema\\\/logo\\\/image\\\/\",\"url\":\"https:\\\/\\\/darkamazi.info\\\/darka-content\\\/uploads\\\/2017\\\/12\\\/darka-mazi-logo.png\",\"contentUrl\":\"https:\\\/\\\/darkamazi.info\\\/darka-content\\\/uploads\\\/2017\\\/12\\\/darka-mazi-logo.png\",\"width\":151,\"height\":75,\"caption\":\"Darka Maz\u00ee\"},\"image\":{\"@id\":\"https:\\\/\\\/darkamazi.info\\\/#\\\/schema\\\/logo\\\/image\\\/\"},\"sameAs\":[\"https:\\\/\\\/www.facebook.com\\\/DarMaziKurmanci\",\"https:\\\/\\\/x.com\\\/DarkaMaziLatini\",\"https:\\\/\\\/www.instagram.com\\\/darkamazi.kurmanci\\\/\",\"https:\\\/\\\/www.youtube.com\\\/channel\\\/UCa5HkTdmI8U1qCUFuTw8B2g\"]},{\"@type\":\"Person\",\"@id\":\"https:\\\/\\\/darkamazi.info\\\/#\\\/schema\\\/person\\\/5ad3e24553a0567993fa8ed4bd0a776c\",\"name\":\"darka mazi\",\"sameAs\":[\"https:\\\/\\\/darkamazi.info\\\/\"],\"url\":\"https:\\\/\\\/darkamazi.info\\\/archives\\\/author\\\/kurdi\"}]}<\/script>\n<!-- \/ Yoast SEO plugin. -->","seo_head_json":{"title":"Ez\u00eez Weys\u00ee: PKK ji r\u00ea derketiye - Darka Maz\u00ee","robots":{"index":"index","follow":"follow","max-snippet":"max-snippet:-1","max-image-preview":"max-image-preview:large","max-video-preview":"max-video-preview:-1"},"canonical":"https:\/\/darkamazi.info\/archives\/1020139","og_locale":"en_US","og_type":"article","og_title":"Ez\u00eez Weys\u00ee: PKK ji r\u00ea derketiye - Darka Maz\u00ee","og_description":"Fermandey\u00ea h\u00eaza Z\u00earevan\u00ee ya P\u00ea\u015fmerge dib\u00eaje, rew\u015fa dever\u00ean Kurdistan\u00ee roj bi roj aloztir dibe \u00fb PKK j\u00ee ji r\u00ea derketiye. Fermandey\u00ea h\u00eaza Z\u00earevan\u00ee ya P\u00ea\u015fmerge, Ez\u00eez Weys\u00ee di civ\u00eeneka rojnamevan\u00ee de li \u00e7iyay\u00ea Zertik ragihand, rew\u015fa dever\u00ean Kurdistan\u00ee aloz e \u00fb roj bi roj j\u00ee aloztir dibe. Bi taybet pi\u015ft\u00ee xiyaneta 16 Cotmeha 2017, xelk [&hellip;]","og_url":"https:\/\/darkamazi.info\/archives\/1020139","og_site_name":"Darka Maz\u00ee","article_publisher":"https:\/\/www.facebook.com\/DarMaziKurmanci","article_published_time":"2021-03-14T17:30:02+00:00","og_image":[{"width":900,"height":497,"url":"https:\/\/darkamazi.info\/file\/2021\/03\/eziz-weysi-kurdistan-1.jpg","type":"image\/jpeg"}],"author":"darka mazi","twitter_card":"summary_large_image","twitter_creator":"@DarkaMaziLatini","twitter_site":"@DarkaMaziLatini","twitter_misc":{"Written by":"darka mazi","Est. reading time":"1 minute"},"schema":{"@context":"https:\/\/schema.org","@graph":[{"@type":"Article","@id":"https:\/\/darkamazi.info\/archives\/1020139#article","isPartOf":{"@id":"https:\/\/darkamazi.info\/archives\/1020139"},"author":{"name":"darka mazi","@id":"https:\/\/darkamazi.info\/#\/schema\/person\/5ad3e24553a0567993fa8ed4bd0a776c"},"headline":"Ez\u00eez Weys\u00ee: PKK ji r\u00ea derketiye","datePublished":"2021-03-14T17:30:02+00:00","mainEntityOfPage":{"@id":"https:\/\/darkamazi.info\/archives\/1020139"},"wordCount":212,"publisher":{"@id":"https:\/\/darkamazi.info\/#organization"},"image":{"@id":"https:\/\/darkamazi.info\/archives\/1020139#primaryimage"},"thumbnailUrl":"https:\/\/darkamazi.info\/file\/2021\/03\/eziz-weysi-kurdistan-1.jpg","keywords":["sereke"],"articleSection":["Kurdistan"],"inLanguage":"en-US"},{"@type":"WebPage","@id":"https:\/\/darkamazi.info\/archives\/1020139","url":"https:\/\/darkamazi.info\/archives\/1020139","name":"Ez\u00eez Weys\u00ee: PKK ji r\u00ea derketiye - Darka Maz\u00ee","isPartOf":{"@id":"https:\/\/darkamazi.info\/#website"},"primaryImageOfPage":{"@id":"https:\/\/darkamazi.info\/archives\/1020139#primaryimage"},"image":{"@id":"https:\/\/darkamazi.info\/archives\/1020139#primaryimage"},"thumbnailUrl":"https:\/\/darkamazi.info\/file\/2021\/03\/eziz-weysi-kurdistan-1.jpg","datePublished":"2021-03-14T17:30:02+00:00","breadcrumb":{"@id":"https:\/\/darkamazi.info\/archives\/1020139#breadcrumb"},"inLanguage":"en-US","potentialAction":[{"@type":"ReadAction","target":["https:\/\/darkamazi.info\/archives\/1020139"]}]},{"@type":"ImageObject","inLanguage":"en-US","@id":"https:\/\/darkamazi.info\/archives\/1020139#primaryimage","url":"https:\/\/darkamazi.info\/file\/2021\/03\/eziz-weysi-kurdistan-1.jpg","contentUrl":"https:\/\/darkamazi.info\/file\/2021\/03\/eziz-weysi-kurdistan-1.jpg","width":900,"height":497,"caption":"Ez\u00eez Weys\u00ee: PKK ji r\u00ea derketiye"},{"@type":"BreadcrumbList","@id":"https:\/\/darkamazi.info\/archives\/1020139#breadcrumb","itemListElement":[{"@type":"ListItem","position":1,"name":"Home","item":"https:\/\/darkamazi.info\/"},{"@type":"ListItem","position":2,"name":"Ez\u00eez Weys\u00ee: PKK ji r\u00ea derketiye"}]},{"@type":"WebSite","@id":"https:\/\/darkamazi.info\/#website","url":"https:\/\/darkamazi.info\/","name":"Darka Maz\u00ee","description":"P\u00eageha Zanyariy\u00ean Nebih\u00eest\u00ee","publisher":{"@id":"https:\/\/darkamazi.info\/#organization"},"potentialAction":[{"@type":"SearchAction","target":{"@type":"EntryPoint","urlTemplate":"https:\/\/darkamazi.info\/?s={search_term_string}"},"query-input":{"@type":"PropertyValueSpecification","valueRequired":true,"valueName":"search_term_string"}}],"inLanguage":"en-US"},{"@type":"Organization","@id":"https:\/\/darkamazi.info\/#organization","name":"Darka Maz\u00ee","url":"https:\/\/darkamazi.info\/","logo":{"@type":"ImageObject","inLanguage":"en-US","@id":"https:\/\/darkamazi.info\/#\/schema\/logo\/image\/","url":"https:\/\/darkamazi.info\/file\/2017\/12\/darka-mazi-logo.png","contentUrl":"https:\/\/darkamazi.info\/file\/2017\/12\/darka-mazi-logo.png","width":151,"height":75,"caption":"Darka Maz\u00ee"},"image":{"@id":"https:\/\/darkamazi.info\/#\/schema\/logo\/image\/"},"sameAs":["https:\/\/www.facebook.com\/DarMaziKurmanci","https:\/\/x.com\/DarkaMaziLatini","https:\/\/www.instagram.com\/darkamazi.kurmanci\/","https:\/\/www.youtube.com\/channel\/UCa5HkTdmI8U1qCUFuTw8B2g"]},{"@type":"Person","@id":"https:\/\/darkamazi.info\/#\/schema\/person\/5ad3e24553a0567993fa8ed4bd0a776c","name":"darka mazi","sameAs":["https:\/\/darkamazi.info\/"],"url":"https:\/\/darkamazi.info\/archives\/author\/kurdi"}]}},"_links":{"self":[{"href":"https:\/\/darkamazi.info\/funavuv\/wp\/v2\/posts\/1020139","targetHints":{"allow":["GET"]}}],"collection":[{"href":"https:\/\/darkamazi.info\/funavuv\/wp\/v2\/posts"}],"about":[{"href":"https:\/\/darkamazi.info\/funavuv\/wp\/v2\/types\/post"}],"author":[{"embeddable":true,"href":"https:\/\/darkamazi.info\/funavuv\/wp\/v2\/users\/2"}],"replies":[{"embeddable":true,"href":"https:\/\/darkamazi.info\/funavuv\/wp\/v2\/comments?post=1020139"}],"version-history":[{"count":0,"href":"https:\/\/darkamazi.info\/funavuv\/wp\/v2\/posts\/1020139\/revisions"}],"wp:featuredmedia":[{"embeddable":true,"href":"https:\/\/darkamazi.info\/funavuv\/wp\/v2\/media\/1020140"}],"wp:attachment":[{"href":"https:\/\/darkamazi.info\/funavuv\/wp\/v2\/media?parent=1020139"}],"wp:term":[{"taxonomy":"category","embeddable":true,"href":"https:\/\/darkamazi.info\/funavuv\/wp\/v2\/categories?post=1020139"},{"taxonomy":"post_tag","embeddable":true,"href":"https:\/\/darkamazi.info\/funavuv\/wp\/v2\/tags?post=1020139"}],"curies":[{"name":"wp","href":"https:\/\/api.w.org\/{rel}","templated":true}]}}