{"id":1020151,"date":"2021-03-15T14:11:10","date_gmt":"2021-03-15T11:11:10","guid":{"rendered":"https:\/\/darkamazi.info\/?p=1020151"},"modified":"2021-03-15T16:38:55","modified_gmt":"2021-03-15T13:38:55","slug":"petiri-85-ji-gerilayen-jin-pkke-di-zaroktiya-wan-de-revandine","status":"publish","type":"post","link":"https:\/\/darkamazi.info\/archives\/1020151","title":{"rendered":"P\u00eatir\u00ee 85% ji Ger\u00eelay\u00ean jin PKK\u00ea di zarokt\u00eeya wan de revandine"},"content":{"rendered":"<div class=\"wpb-content-wrapper\"><p>[darkamazi_row][darkamazi_column][darkamazi_column_text]<\/p>\n<h3 style=\"text-align: justify;\"><span style=\"font-family: 'arial black', sans-serif;\">Di 8\u00ea Mars\u00ea de, R\u00eaxistina PKK\u00ea xwe weke par\u00eazvana jin\u00ean Kurd n\u00ee\u015fan da \u00fb wiha axiv\u00ee ku bera damezrandina PKK\u00ea jin\u00ean Kurd pa\u015fket\u00ee b\u00fbn, l\u00ea bel\u00ea bisporek\u00ea siyaseta navdewlet\u00ee amaje bi w\u00ea yek\u00ea dike ku ewa PKK\u00ea li himber\u00ee ke\u00e7 \u00fb jin\u00ean Kurd kir\u00ee bi xwe p\u00ea\u015f\u00ealkar\u00eeyek mezin a maf\u00ean mirov \u00fb dij\u00ee beha \u00fb pirens\u00eep\u00ean exlaq\u00ee, siyas\u00ee \u00fb komelat\u00eeye.<\/span><\/h3>\n<h3 style=\"text-align: justify;\">Part\u00eeya Karker\u00ean Kurdistan\u00ea li destp\u00eaka damezrandin\u00ea hejmareke jinan di nava r\u00eaxistin\u00ean w\u00ea de heb\u00fb, l\u00ea bel\u00ea pi\u015ftre \u00fb pa\u015f desteser kirina Abdula Ocalan \u00fb derketina PKK\u00ea ji xeta netew\u00ee, roj bo roj\u00ea hejmara jinan di r\u00eaz\u00ean PKK\u00ea de k\u00eam b\u00fb, l\u00ea bel\u00ea ji boy pir kirina v\u00ea valatiy\u00ea li asta beriz biryar hate day\u00een ku ke\u00e7\u00ean j\u00ear 18 saliy\u00ea bi r\u00eaya xapandin \u00fb revandin\u00ea tevl\u00ee r\u00eaxistin\u00ea b\u00ean kirin, ji bo v\u00ea mebest\u00ea j\u00ee \u00e7end\u00een r\u00eaxistin\u00ean taybet hatin ava kirin ku li gor\u00ee agahiy\u00ean neferm\u00ee, p\u00eatir\u00ee 85% ya jin \u00fb ke\u00e7\u00ean di nava PKK\u00ea de, di temena j\u00ear 18 saliy\u00ea de hatine revandin \u00fb xapandin.<\/h3>\n<h1 style=\"text-align: justify;\"><span style=\"font-family: 'arial black', sans-serif; color: #910303;\">Ti\u015fta ku PKK\u00ea kir\u00ee, p\u00ea\u015f\u00ealkar\u00eeya maf\u00ean mirovan \u00fb dij\u00ee pirens\u00eep\u00ean exlaq\u00ee, siyas\u00ee \u00fb komelat\u00eeye<\/span><\/h1>\n<h3 style=\"text-align: justify;\">Di v\u00ea derbar\u00ea de, Awat Mistefa, bispor di siyaseta navdewlet\u00ee de bi p\u00eageha Basnyoz\u00ea ya Ba\u015f\u00fbr\u00ea Kurdistan\u00ea ragihand, di nava PKK\u00ea de raste hejmareke her\u00ee zor a jinan hene, l\u00ea bel\u00ea piran\u00ee j\u00ea di temena j\u00ear 18 saliy\u00ea de hatine revandin \u00fb eva ku PKK\u00ea kir\u00ee, p\u00ea\u015f\u00ealkar\u00eeya maf\u00ean mirov \u00fb dije beha \u00fb pirens\u00eep\u00ean exlaq\u00ee, siyas\u00ee \u00fb komelat\u00eeye.<\/h3>\n<h3 style=\"text-align: justify;\">Navb\u00fbr\u00ee dib\u00eaje: tev\u00ee ku PKKe van jinan di \u00e7ar\u00e7\u00fbveya h\u00eaz \u00fb d\u00eespil\u00eena serbaz\u00ee de bi kar t\u00eene, ev bi xwe j\u00ee ne ten\u00ea azad\u00eeya c\u00eander n\u00eene ku bi jinan hat\u00eeye day\u00een weke PKKe probaginday\u00ea ji bo dike, l\u00ea bel\u00ea destdir\u00eaj\u00eeye li ser azad\u00eeya wan hat\u00eeye kirin.<\/h3>\n<h3 style=\"text-align: justify;\">Ev \u00e7avd\u00ear\u00ea siyaseta navdewlet\u00ee amaje dike ku her \u00e7ende PKKe \u00fb h\u00eaz \u00fb gir\u00fbp\u00ean ser bi wan ve, peymanameya bi kar ne\u00eenana zaroyan di hevrik\u00ee \u00fb \u015feran de li gel hejmareke r\u00eaxistin\u00ean hik\u00fbm\u00ee \u00fb nahik\u00fbm\u00ee y\u00ean gir\u00eaday ajans\u00ean maf\u00ean mirovan \u00eemze kir\u00eeye, l\u00ea bel\u00ea heta niha PKKe \u00fb \u00e7end\u00een r\u00eaxistin\u00ean siyas\u00ee li rojhilata nav\u00een weke tevgera Hemasa Felest\u00een\u00ee \u00fb \u00e7end r\u00eaxistin\u00ean din, h\u00eajan li j\u00ear \u00e7avd\u00ear \u00fb taq\u00eeba tora parastina zarokan ya c\u00eehan\u00ea dey ye \u00fb reftar\u00ean wan li dij\u00ee zarokan dewam diken.<\/h3>\n<p>[\/darkamazi_column_text][mpc_carousel_image preset=&#8221;mpc_preset_8&#8243; loop=&#8221;true&#8221; auto_slide=&#8221;true&#8221; delay=&#8221;7300&#8243; speed=&#8221;1250&#8243; layout=&#8221;fluid&#8221; enable_force_height=&#8221;true&#8221; force_height=&#8221;460&#8243; images=&#8221;1020152,1020153,1020154,1020155,1020156,1020157,1020158,1020159,1020160,1020161,1020162&#8243; gap=&#8221;25&#8243; start_at=&#8221;1&#8243; image_size=&#8221;large&#8221; image_opacity=&#8221;100&#8243; image_border_css=&#8221;border-width:15px;border-color:#f3f3f3;border-style:solid;&#8221; image_hover_opacity=&#8221;100&#8243; image_hover_border_css=&#8221;border-color:#ffffff;&#8221; overlay_icon_align=&#8221;top-right&#8221; overlay_enable_lightbox=&#8221;true&#8221; overlay_icon=&#8221;eti eti_arrow_expand&#8221; overlay_icon_color=&#8221;#ffffff&#8221; overlay_icon_size=&#8221;20&#8243; overlay_icon_background=&#8221;#dd0016&#8243; overlay_icon_margin_divider=&#8221;true&#8221; overlay_icon_margin_css=&#8221;margin-top:30px;margin-right:30px;&#8221; overlay_icon_padding_divider=&#8221;true&#8221; overlay_icon_padding_css=&#8221;padding-top:15px;padding-right:20px;padding-bottom:15px;padding-left:20px;&#8221; overlay_hover_color=&#8221;#fcfcfc&#8221; overlay_hover_icon_background=&#8221;#c10033&#8243; mpc_navigation__preset=&#8221;mpc_preset_39&#8243;][darkamazi_column_text]<\/p>\n<h3><\/h3>\n<h3>Awat Mistefa dib\u00eaje: PKKe ji bil\u00ee li nava r\u00eaxistin\u00ean \u00e7ep nebe \u00fb ew\u00ean m\u00eena wan difkirin, heger na ji h\u00eala \u00e7i al\u00eeyek\u00ea din wek par\u00eazgara maf\u00ea jin\u00ea, yan pi\u015ftigra tevgera f\u00eam\u00eenistan na y\u00ea nas kirin, bi ekis ew weke r\u00eaxistineke dij bi maf\u00ean jinan t\u00ea m\u00eaze kirin.<\/h3>\n<p>[\/darkamazi_column_text][\/darkamazi_column][\/darkamazi_row]<\/p>\n<\/div>","protected":false},"excerpt":{"rendered":"<p>[darkamazi_row][darkamazi_column][darkamazi_column_text] Di 8\u00ea Mars\u00ea de, R\u00eaxistina PKK\u00ea xwe weke par\u00eazvana jin\u00ean Kurd n\u00ee\u015fan da \u00fb wiha axiv\u00ee ku bera damezrandina PKK\u00ea jin\u00ean Kurd pa\u015fket\u00ee b\u00fbn, l\u00ea bel\u00ea bisporek\u00ea siyaseta navdewlet\u00ee amaje bi w\u00ea yek\u00ea dike ku ewa PKK\u00ea li himber\u00ee ke\u00e7 \u00fb jin\u00ean Kurd kir\u00ee bi xwe p\u00ea\u015f\u00ealkar\u00eeyek mezin a maf\u00ean mirov \u00fb dij\u00ee beha [&hellip;]<\/p>\n","protected":false},"author":2,"featured_media":1020163,"comment_status":"closed","ping_status":"closed","sticky":false,"template":"","format":"gallery","meta":{"footnotes":""},"categories":[29],"tags":[37],"class_list":["post-1020151","post","type-post","status-publish","format-gallery","has-post-thumbnail","hentry","category-kurdistan","tag-sereke","post_format-post-format-gallery"],"blocksy_meta":[],"seo_head":"<!-- This site is optimized with the Yoast SEO plugin v27.5 - https:\/\/yoast.com\/product\/yoast-seo-wordpress\/ -->\n<title>P\u00eatir\u00ee 85% ji Ger\u00eelay\u00ean jin PKK\u00ea di zarokt\u00eeya wan de revandine - Darka Maz\u00ee<\/title>\n<meta name=\"robots\" content=\"index, follow, max-snippet:-1, max-image-preview:large, max-video-preview:-1\" \/>\n<link rel=\"canonical\" href=\"https:\/\/darkamazi.info\/archives\/1020151\" \/>\n<meta property=\"og:locale\" content=\"en_US\" \/>\n<meta property=\"og:type\" content=\"article\" \/>\n<meta property=\"og:title\" content=\"P\u00eatir\u00ee 85% ji Ger\u00eelay\u00ean jin PKK\u00ea di zarokt\u00eeya wan de revandine - Darka Maz\u00ee\" \/>\n<meta property=\"og:description\" content=\"[darkamazi_row][darkamazi_column][darkamazi_column_text] Di 8\u00ea Mars\u00ea de, R\u00eaxistina PKK\u00ea xwe weke par\u00eazvana jin\u00ean Kurd n\u00ee\u015fan da \u00fb wiha axiv\u00ee ku bera damezrandina PKK\u00ea jin\u00ean Kurd pa\u015fket\u00ee b\u00fbn, l\u00ea bel\u00ea bisporek\u00ea siyaseta navdewlet\u00ee amaje bi w\u00ea yek\u00ea dike ku ewa PKK\u00ea li himber\u00ee ke\u00e7 \u00fb jin\u00ean Kurd kir\u00ee bi xwe p\u00ea\u015f\u00ealkar\u00eeyek mezin a maf\u00ean mirov \u00fb dij\u00ee beha [&hellip;]\" \/>\n<meta property=\"og:url\" content=\"https:\/\/darkamazi.info\/archives\/1020151\" \/>\n<meta property=\"og:site_name\" content=\"Darka Maz\u00ee\" \/>\n<meta property=\"article:publisher\" content=\"https:\/\/www.facebook.com\/DarMaziKurmanci\" \/>\n<meta property=\"article:published_time\" content=\"2021-03-15T11:11:10+00:00\" \/>\n<meta property=\"article:modified_time\" content=\"2021-03-15T13:38:55+00:00\" \/>\n<meta property=\"og:image\" content=\"https:\/\/darkamazi.info\/file\/2021\/03\/pkk-jin-revandin-zarok-18-years-old-kurd-kurdistan-11.jpg\" \/>\n\t<meta property=\"og:image:width\" content=\"900\" \/>\n\t<meta property=\"og:image:height\" content=\"497\" \/>\n\t<meta property=\"og:image:type\" content=\"image\/jpeg\" \/>\n<meta name=\"author\" content=\"darka mazi\" \/>\n<meta name=\"twitter:card\" content=\"summary_large_image\" \/>\n<meta name=\"twitter:creator\" content=\"@DarkaMaziLatini\" \/>\n<meta name=\"twitter:site\" content=\"@DarkaMaziLatini\" \/>\n<meta name=\"twitter:label1\" content=\"Written by\" \/>\n\t<meta name=\"twitter:data1\" content=\"darka mazi\" \/>\n\t<meta name=\"twitter:label2\" content=\"Est. reading time\" \/>\n\t<meta name=\"twitter:data2\" content=\"2 minutes\" \/>\n<script type=\"application\/ld+json\" class=\"seo-schema-graph\">{\"@context\":\"https:\\\/\\\/schema.org\",\"@graph\":[{\"@type\":\"Article\",\"@id\":\"https:\\\/\\\/darkamazi.info\\\/archives\\\/1020151#article\",\"isPartOf\":{\"@id\":\"https:\\\/\\\/darkamazi.info\\\/archives\\\/1020151\"},\"author\":{\"name\":\"darka mazi\",\"@id\":\"https:\\\/\\\/darkamazi.info\\\/#\\\/schema\\\/person\\\/5ad3e24553a0567993fa8ed4bd0a776c\"},\"headline\":\"P\u00eatir\u00ee 85% ji Ger\u00eelay\u00ean jin PKK\u00ea di zarokt\u00eeya wan de revandine\",\"datePublished\":\"2021-03-15T11:11:10+00:00\",\"dateModified\":\"2021-03-15T13:38:55+00:00\",\"mainEntityOfPage\":{\"@id\":\"https:\\\/\\\/darkamazi.info\\\/archives\\\/1020151\"},\"wordCount\":643,\"publisher\":{\"@id\":\"https:\\\/\\\/darkamazi.info\\\/#organization\"},\"image\":{\"@id\":\"https:\\\/\\\/darkamazi.info\\\/archives\\\/1020151#primaryimage\"},\"thumbnailUrl\":\"https:\\\/\\\/darkamazi.info\\\/darka-content\\\/uploads\\\/2021\\\/03\\\/pkk-jin-revandin-zarok-18-years-old-kurd-kurdistan-11.jpg\",\"keywords\":[\"sereke\"],\"articleSection\":[\"Kurdistan\"],\"inLanguage\":\"en-US\"},{\"@type\":\"WebPage\",\"@id\":\"https:\\\/\\\/darkamazi.info\\\/archives\\\/1020151\",\"url\":\"https:\\\/\\\/darkamazi.info\\\/archives\\\/1020151\",\"name\":\"P\u00eatir\u00ee 85% ji Ger\u00eelay\u00ean jin PKK\u00ea di zarokt\u00eeya wan de revandine - Darka Maz\u00ee\",\"isPartOf\":{\"@id\":\"https:\\\/\\\/darkamazi.info\\\/#website\"},\"primaryImageOfPage\":{\"@id\":\"https:\\\/\\\/darkamazi.info\\\/archives\\\/1020151#primaryimage\"},\"image\":{\"@id\":\"https:\\\/\\\/darkamazi.info\\\/archives\\\/1020151#primaryimage\"},\"thumbnailUrl\":\"https:\\\/\\\/darkamazi.info\\\/darka-content\\\/uploads\\\/2021\\\/03\\\/pkk-jin-revandin-zarok-18-years-old-kurd-kurdistan-11.jpg\",\"datePublished\":\"2021-03-15T11:11:10+00:00\",\"dateModified\":\"2021-03-15T13:38:55+00:00\",\"breadcrumb\":{\"@id\":\"https:\\\/\\\/darkamazi.info\\\/archives\\\/1020151#breadcrumb\"},\"inLanguage\":\"en-US\",\"potentialAction\":[{\"@type\":\"ReadAction\",\"target\":[\"https:\\\/\\\/darkamazi.info\\\/archives\\\/1020151\"]}]},{\"@type\":\"ImageObject\",\"inLanguage\":\"en-US\",\"@id\":\"https:\\\/\\\/darkamazi.info\\\/archives\\\/1020151#primaryimage\",\"url\":\"https:\\\/\\\/darkamazi.info\\\/darka-content\\\/uploads\\\/2021\\\/03\\\/pkk-jin-revandin-zarok-18-years-old-kurd-kurdistan-11.jpg\",\"contentUrl\":\"https:\\\/\\\/darkamazi.info\\\/darka-content\\\/uploads\\\/2021\\\/03\\\/pkk-jin-revandin-zarok-18-years-old-kurd-kurdistan-11.jpg\",\"width\":900,\"height\":497,\"caption\":\"P\u00eatir\u00ee 85% ji Ger\u00eelay\u00ean jin PKK\u00ea di zarokt\u00eeya wan de revandine\"},{\"@type\":\"BreadcrumbList\",\"@id\":\"https:\\\/\\\/darkamazi.info\\\/archives\\\/1020151#breadcrumb\",\"itemListElement\":[{\"@type\":\"ListItem\",\"position\":1,\"name\":\"Home\",\"item\":\"https:\\\/\\\/darkamazi.info\\\/\"},{\"@type\":\"ListItem\",\"position\":2,\"name\":\"P\u00eatir\u00ee 85% ji Ger\u00eelay\u00ean jin PKK\u00ea di zarokt\u00eeya wan de revandine\"}]},{\"@type\":\"WebSite\",\"@id\":\"https:\\\/\\\/darkamazi.info\\\/#website\",\"url\":\"https:\\\/\\\/darkamazi.info\\\/\",\"name\":\"Darka Maz\u00ee\",\"description\":\"P\u00eageha Zanyariy\u00ean Nebih\u00eest\u00ee\",\"publisher\":{\"@id\":\"https:\\\/\\\/darkamazi.info\\\/#organization\"},\"potentialAction\":[{\"@type\":\"SearchAction\",\"target\":{\"@type\":\"EntryPoint\",\"urlTemplate\":\"https:\\\/\\\/darkamazi.info\\\/?s={search_term_string}\"},\"query-input\":{\"@type\":\"PropertyValueSpecification\",\"valueRequired\":true,\"valueName\":\"search_term_string\"}}],\"inLanguage\":\"en-US\"},{\"@type\":\"Organization\",\"@id\":\"https:\\\/\\\/darkamazi.info\\\/#organization\",\"name\":\"Darka Maz\u00ee\",\"url\":\"https:\\\/\\\/darkamazi.info\\\/\",\"logo\":{\"@type\":\"ImageObject\",\"inLanguage\":\"en-US\",\"@id\":\"https:\\\/\\\/darkamazi.info\\\/#\\\/schema\\\/logo\\\/image\\\/\",\"url\":\"https:\\\/\\\/darkamazi.info\\\/darka-content\\\/uploads\\\/2017\\\/12\\\/darka-mazi-logo.png\",\"contentUrl\":\"https:\\\/\\\/darkamazi.info\\\/darka-content\\\/uploads\\\/2017\\\/12\\\/darka-mazi-logo.png\",\"width\":151,\"height\":75,\"caption\":\"Darka Maz\u00ee\"},\"image\":{\"@id\":\"https:\\\/\\\/darkamazi.info\\\/#\\\/schema\\\/logo\\\/image\\\/\"},\"sameAs\":[\"https:\\\/\\\/www.facebook.com\\\/DarMaziKurmanci\",\"https:\\\/\\\/x.com\\\/DarkaMaziLatini\",\"https:\\\/\\\/www.instagram.com\\\/darkamazi.kurmanci\\\/\",\"https:\\\/\\\/www.youtube.com\\\/channel\\\/UCa5HkTdmI8U1qCUFuTw8B2g\"]},{\"@type\":\"Person\",\"@id\":\"https:\\\/\\\/darkamazi.info\\\/#\\\/schema\\\/person\\\/5ad3e24553a0567993fa8ed4bd0a776c\",\"name\":\"darka mazi\",\"sameAs\":[\"https:\\\/\\\/darkamazi.info\\\/\"],\"url\":\"https:\\\/\\\/darkamazi.info\\\/archives\\\/author\\\/kurdi\"}]}<\/script>\n<!-- \/ Yoast SEO plugin. -->","seo_head_json":{"title":"P\u00eatir\u00ee 85% ji Ger\u00eelay\u00ean jin PKK\u00ea di zarokt\u00eeya wan de revandine - Darka Maz\u00ee","robots":{"index":"index","follow":"follow","max-snippet":"max-snippet:-1","max-image-preview":"max-image-preview:large","max-video-preview":"max-video-preview:-1"},"canonical":"https:\/\/darkamazi.info\/archives\/1020151","og_locale":"en_US","og_type":"article","og_title":"P\u00eatir\u00ee 85% ji Ger\u00eelay\u00ean jin PKK\u00ea di zarokt\u00eeya wan de revandine - Darka Maz\u00ee","og_description":"[darkamazi_row][darkamazi_column][darkamazi_column_text] Di 8\u00ea Mars\u00ea de, R\u00eaxistina PKK\u00ea xwe weke par\u00eazvana jin\u00ean Kurd n\u00ee\u015fan da \u00fb wiha axiv\u00ee ku bera damezrandina PKK\u00ea jin\u00ean Kurd pa\u015fket\u00ee b\u00fbn, l\u00ea bel\u00ea bisporek\u00ea siyaseta navdewlet\u00ee amaje bi w\u00ea yek\u00ea dike ku ewa PKK\u00ea li himber\u00ee ke\u00e7 \u00fb jin\u00ean Kurd kir\u00ee bi xwe p\u00ea\u015f\u00ealkar\u00eeyek mezin a maf\u00ean mirov \u00fb dij\u00ee beha [&hellip;]","og_url":"https:\/\/darkamazi.info\/archives\/1020151","og_site_name":"Darka Maz\u00ee","article_publisher":"https:\/\/www.facebook.com\/DarMaziKurmanci","article_published_time":"2021-03-15T11:11:10+00:00","article_modified_time":"2021-03-15T13:38:55+00:00","og_image":[{"width":900,"height":497,"url":"https:\/\/darkamazi.info\/file\/2021\/03\/pkk-jin-revandin-zarok-18-years-old-kurd-kurdistan-11.jpg","type":"image\/jpeg"}],"author":"darka mazi","twitter_card":"summary_large_image","twitter_creator":"@DarkaMaziLatini","twitter_site":"@DarkaMaziLatini","twitter_misc":{"Written by":"darka mazi","Est. reading time":"2 minutes"},"schema":{"@context":"https:\/\/schema.org","@graph":[{"@type":"Article","@id":"https:\/\/darkamazi.info\/archives\/1020151#article","isPartOf":{"@id":"https:\/\/darkamazi.info\/archives\/1020151"},"author":{"name":"darka mazi","@id":"https:\/\/darkamazi.info\/#\/schema\/person\/5ad3e24553a0567993fa8ed4bd0a776c"},"headline":"P\u00eatir\u00ee 85% ji Ger\u00eelay\u00ean jin PKK\u00ea di zarokt\u00eeya wan de revandine","datePublished":"2021-03-15T11:11:10+00:00","dateModified":"2021-03-15T13:38:55+00:00","mainEntityOfPage":{"@id":"https:\/\/darkamazi.info\/archives\/1020151"},"wordCount":643,"publisher":{"@id":"https:\/\/darkamazi.info\/#organization"},"image":{"@id":"https:\/\/darkamazi.info\/archives\/1020151#primaryimage"},"thumbnailUrl":"https:\/\/darkamazi.info\/file\/2021\/03\/pkk-jin-revandin-zarok-18-years-old-kurd-kurdistan-11.jpg","keywords":["sereke"],"articleSection":["Kurdistan"],"inLanguage":"en-US"},{"@type":"WebPage","@id":"https:\/\/darkamazi.info\/archives\/1020151","url":"https:\/\/darkamazi.info\/archives\/1020151","name":"P\u00eatir\u00ee 85% ji Ger\u00eelay\u00ean jin PKK\u00ea di zarokt\u00eeya wan de revandine - Darka Maz\u00ee","isPartOf":{"@id":"https:\/\/darkamazi.info\/#website"},"primaryImageOfPage":{"@id":"https:\/\/darkamazi.info\/archives\/1020151#primaryimage"},"image":{"@id":"https:\/\/darkamazi.info\/archives\/1020151#primaryimage"},"thumbnailUrl":"https:\/\/darkamazi.info\/file\/2021\/03\/pkk-jin-revandin-zarok-18-years-old-kurd-kurdistan-11.jpg","datePublished":"2021-03-15T11:11:10+00:00","dateModified":"2021-03-15T13:38:55+00:00","breadcrumb":{"@id":"https:\/\/darkamazi.info\/archives\/1020151#breadcrumb"},"inLanguage":"en-US","potentialAction":[{"@type":"ReadAction","target":["https:\/\/darkamazi.info\/archives\/1020151"]}]},{"@type":"ImageObject","inLanguage":"en-US","@id":"https:\/\/darkamazi.info\/archives\/1020151#primaryimage","url":"https:\/\/darkamazi.info\/file\/2021\/03\/pkk-jin-revandin-zarok-18-years-old-kurd-kurdistan-11.jpg","contentUrl":"https:\/\/darkamazi.info\/file\/2021\/03\/pkk-jin-revandin-zarok-18-years-old-kurd-kurdistan-11.jpg","width":900,"height":497,"caption":"P\u00eatir\u00ee 85% ji Ger\u00eelay\u00ean jin PKK\u00ea di zarokt\u00eeya wan de revandine"},{"@type":"BreadcrumbList","@id":"https:\/\/darkamazi.info\/archives\/1020151#breadcrumb","itemListElement":[{"@type":"ListItem","position":1,"name":"Home","item":"https:\/\/darkamazi.info\/"},{"@type":"ListItem","position":2,"name":"P\u00eatir\u00ee 85% ji Ger\u00eelay\u00ean jin PKK\u00ea di zarokt\u00eeya wan de revandine"}]},{"@type":"WebSite","@id":"https:\/\/darkamazi.info\/#website","url":"https:\/\/darkamazi.info\/","name":"Darka Maz\u00ee","description":"P\u00eageha Zanyariy\u00ean Nebih\u00eest\u00ee","publisher":{"@id":"https:\/\/darkamazi.info\/#organization"},"potentialAction":[{"@type":"SearchAction","target":{"@type":"EntryPoint","urlTemplate":"https:\/\/darkamazi.info\/?s={search_term_string}"},"query-input":{"@type":"PropertyValueSpecification","valueRequired":true,"valueName":"search_term_string"}}],"inLanguage":"en-US"},{"@type":"Organization","@id":"https:\/\/darkamazi.info\/#organization","name":"Darka Maz\u00ee","url":"https:\/\/darkamazi.info\/","logo":{"@type":"ImageObject","inLanguage":"en-US","@id":"https:\/\/darkamazi.info\/#\/schema\/logo\/image\/","url":"https:\/\/darkamazi.info\/file\/2017\/12\/darka-mazi-logo.png","contentUrl":"https:\/\/darkamazi.info\/file\/2017\/12\/darka-mazi-logo.png","width":151,"height":75,"caption":"Darka Maz\u00ee"},"image":{"@id":"https:\/\/darkamazi.info\/#\/schema\/logo\/image\/"},"sameAs":["https:\/\/www.facebook.com\/DarMaziKurmanci","https:\/\/x.com\/DarkaMaziLatini","https:\/\/www.instagram.com\/darkamazi.kurmanci\/","https:\/\/www.youtube.com\/channel\/UCa5HkTdmI8U1qCUFuTw8B2g"]},{"@type":"Person","@id":"https:\/\/darkamazi.info\/#\/schema\/person\/5ad3e24553a0567993fa8ed4bd0a776c","name":"darka mazi","sameAs":["https:\/\/darkamazi.info\/"],"url":"https:\/\/darkamazi.info\/archives\/author\/kurdi"}]}},"_links":{"self":[{"href":"https:\/\/darkamazi.info\/funavuv\/wp\/v2\/posts\/1020151","targetHints":{"allow":["GET"]}}],"collection":[{"href":"https:\/\/darkamazi.info\/funavuv\/wp\/v2\/posts"}],"about":[{"href":"https:\/\/darkamazi.info\/funavuv\/wp\/v2\/types\/post"}],"author":[{"embeddable":true,"href":"https:\/\/darkamazi.info\/funavuv\/wp\/v2\/users\/2"}],"replies":[{"embeddable":true,"href":"https:\/\/darkamazi.info\/funavuv\/wp\/v2\/comments?post=1020151"}],"version-history":[{"count":0,"href":"https:\/\/darkamazi.info\/funavuv\/wp\/v2\/posts\/1020151\/revisions"}],"wp:featuredmedia":[{"embeddable":true,"href":"https:\/\/darkamazi.info\/funavuv\/wp\/v2\/media\/1020163"}],"wp:attachment":[{"href":"https:\/\/darkamazi.info\/funavuv\/wp\/v2\/media?parent=1020151"}],"wp:term":[{"taxonomy":"category","embeddable":true,"href":"https:\/\/darkamazi.info\/funavuv\/wp\/v2\/categories?post=1020151"},{"taxonomy":"post_tag","embeddable":true,"href":"https:\/\/darkamazi.info\/funavuv\/wp\/v2\/tags?post=1020151"}],"curies":[{"name":"wp","href":"https:\/\/api.w.org\/{rel}","templated":true}]}}