{"id":1020177,"date":"2021-03-15T15:55:56","date_gmt":"2021-03-15T12:55:56","guid":{"rendered":"https:\/\/darkamazi.info\/?p=1020177"},"modified":"2021-03-15T15:55:56","modified_gmt":"2021-03-15T12:55:56","slug":"bila-biranina-bi-es-a-helebceye-bibe-sedema-yekreziya-kurdi","status":"publish","type":"post","link":"https:\/\/darkamazi.info\/archives\/1020177","title":{"rendered":"Bila b\u00eeran\u00eena bi \u00ea\u015f a Helebcey\u00ea bibe sedema yekr\u00eaziya Kurd\u00ee"},"content":{"rendered":"<h3 style=\"text-align: justify\"><span style=\"font-family: 'arial black', sans-serif\">Enc\u00fbmena Ni\u015ftiman\u00ee ya Kurd\u00ee li S\u00fbriy\u00ea ENKS\u00ea di daxuyaniyek\u00ea de k\u00eemyabarana Helebce ji aliy\u00ea r\u00eaj\u00eema Beis a Iraq\u00ea ve \u015fermezar kir \u00fb bang li gel\u00ea Kurd kir, ev b\u00eeran\u00eena bi \u00ea\u015f bibe handanek ji bo yekr\u00eaziya Kurd\u00ee.<\/span><\/h3>\n<h3 style=\"text-align: justify\">Sekreteriya Gi\u015ft\u00ee ya ENKS\u00ea \u00eero di daxuyanyek\u00ea de ragihand, rej\u00eema r\u00fbxand\u00ee ya Beis\u00ea ya Iraq\u00ea roja 16&#8217;\u00ea Adara 1988&#8217;an komkujiyek di derheq\u00ea xelk\u00ea Helebce \u00fb gund\u00ean derdora w\u00ea de kir ku b\u00fb sedema \u015feh\u00eedb\u00fbna z\u00eadetir\u00ee 5 hezar kesan \u00fb bir\u00eendarb\u00fbna n\u00eaz\u00ee 10 hezar kes\u00ean din ku piraniya wan zarok \u00fb jin b\u00fbn.<\/h3>\n<h3 style=\"text-align: justify\">ENKS\u00ea diyar kir, \u201cEv \u00ear\u00ee\u015f yek ji \u00ear\u00ee\u015f\u00ean her\u00ee giran \u00ean k\u00eemyew\u00ee y\u00ean li dij\u00ee welatiy\u00ean siv\u00eel bi kar t\u00ea b\u00fb. Ji ber hov\u00eetiya v\u00ea \u00ear\u00ee\u015fa li ser gel\u00ea Kurd hatiye kirin, hem\u00fb mirovah\u00ee \u00fb w\u00eejdana c\u00eehan\u00ea hejiya.\u201d<\/h3>\n<h3 style=\"text-align: justify\">ENKS\u00ea di be\u015feke din a daxuyaniya xwe de got: \u201cEm wek Enc\u00fbmena N\u00ee\u015ftiman\u00ee ya Kurd\u00ee li S\u00fbriye, ligel ku v\u00ea tawana \u015frmezar dikin, bang dikin ku roja 16\u00ea Adar\u00ea bibe rojeke c\u00eehan\u00ee ya qedexekirin \u00e7ek\u00ea K\u00eemyay\u00ee.\u201d<\/h3>\n<h3 style=\"text-align: justify\">ENKS\u00ea di daxuyaniya xwe de, bang li gel\u00ea Kurd kir, ev b\u00eeran\u00eena bi \u00ea\u015f bibe handanek ji bo yekr\u00eaziya Kurd\u00ee li dij\u00ee rikberiyan \u00fb ji bo parastina destkeftiy\u00ean ku serkirdatiya aqilmend a Her\u00eama Kurdistan\u00ea bi dest ve an\u00eene.\u201d<\/h3>\n<h3 style=\"text-align: justify\">Herwiha ENKS\u00ea bang li gel\u00ea Kurd kir, roja 16\u00ea Adar\u00ea di demjim\u00ear 11:00 de li ser r\u00ea \u00fb li p\u00ea\u015f mal \u00fb dikanan 5 k\u00eal\u00eek\u00ean b\u00eadeng ji bo giyan\u00ean \u015feh\u00eed\u00ean Helebcey\u00ea rawestin.<\/h3>\n","protected":false},"excerpt":{"rendered":"<p>Enc\u00fbmena Ni\u015ftiman\u00ee ya Kurd\u00ee li S\u00fbriy\u00ea ENKS\u00ea di daxuyaniyek\u00ea de k\u00eemyabarana Helebce ji aliy\u00ea r\u00eaj\u00eema Beis a Iraq\u00ea ve \u015fermezar kir \u00fb bang li gel\u00ea Kurd kir, ev b\u00eeran\u00eena bi \u00ea\u015f bibe handanek ji bo yekr\u00eaziya Kurd\u00ee. Sekreteriya Gi\u015ft\u00ee ya ENKS\u00ea \u00eero di daxuyanyek\u00ea de ragihand, rej\u00eema r\u00fbxand\u00ee ya Beis\u00ea ya Iraq\u00ea roja 16&#8217;\u00ea Adara [&hellip;]<\/p>\n","protected":false},"author":2,"featured_media":1020178,"comment_status":"closed","ping_status":"closed","sticky":false,"template":"","format":"standard","meta":{"footnotes":""},"categories":[29],"tags":[37],"class_list":["post-1020177","post","type-post","status-publish","format-standard","has-post-thumbnail","hentry","category-kurdistan","tag-sereke"],"blocksy_meta":[],"seo_head":"<!-- This site is optimized with the Yoast SEO plugin v27.5 - https:\/\/yoast.com\/product\/yoast-seo-wordpress\/ -->\n<title>Bila b\u00eeran\u00eena bi \u00ea\u015f a Helebcey\u00ea bibe sedema yekr\u00eaziya Kurd\u00ee - Darka Maz\u00ee<\/title>\n<meta name=\"robots\" content=\"index, follow, max-snippet:-1, max-image-preview:large, max-video-preview:-1\" \/>\n<link rel=\"canonical\" href=\"https:\/\/darkamazi.info\/archives\/1020177\" \/>\n<meta property=\"og:locale\" content=\"en_US\" \/>\n<meta property=\"og:type\" content=\"article\" \/>\n<meta property=\"og:title\" content=\"Bila b\u00eeran\u00eena bi \u00ea\u015f a Helebcey\u00ea bibe sedema yekr\u00eaziya Kurd\u00ee - Darka Maz\u00ee\" \/>\n<meta property=\"og:description\" content=\"Enc\u00fbmena Ni\u015ftiman\u00ee ya Kurd\u00ee li S\u00fbriy\u00ea ENKS\u00ea di daxuyaniyek\u00ea de k\u00eemyabarana Helebce ji aliy\u00ea r\u00eaj\u00eema Beis a Iraq\u00ea ve \u015fermezar kir \u00fb bang li gel\u00ea Kurd kir, ev b\u00eeran\u00eena bi \u00ea\u015f bibe handanek ji bo yekr\u00eaziya Kurd\u00ee. Sekreteriya Gi\u015ft\u00ee ya ENKS\u00ea \u00eero di daxuyanyek\u00ea de ragihand, rej\u00eema r\u00fbxand\u00ee ya Beis\u00ea ya Iraq\u00ea roja 16&#8217;\u00ea Adara [&hellip;]\" \/>\n<meta property=\"og:url\" content=\"https:\/\/darkamazi.info\/archives\/1020177\" \/>\n<meta property=\"og:site_name\" content=\"Darka Maz\u00ee\" \/>\n<meta property=\"article:publisher\" content=\"https:\/\/www.facebook.com\/DarMaziKurmanci\" \/>\n<meta property=\"article:published_time\" content=\"2021-03-15T12:55:56+00:00\" \/>\n<meta property=\"og:image\" content=\"https:\/\/darkamazi.info\/file\/2021\/03\/halabja-16-3-1988-1.jpg\" \/>\n\t<meta property=\"og:image:width\" content=\"900\" \/>\n\t<meta property=\"og:image:height\" content=\"497\" \/>\n\t<meta property=\"og:image:type\" content=\"image\/jpeg\" \/>\n<meta name=\"author\" content=\"darka mazi\" \/>\n<meta name=\"twitter:card\" content=\"summary_large_image\" \/>\n<meta name=\"twitter:creator\" content=\"@DarkaMaziLatini\" \/>\n<meta name=\"twitter:site\" content=\"@DarkaMaziLatini\" \/>\n<meta name=\"twitter:label1\" content=\"Written by\" \/>\n\t<meta name=\"twitter:data1\" content=\"darka mazi\" \/>\n\t<meta name=\"twitter:label2\" content=\"Est. reading time\" \/>\n\t<meta name=\"twitter:data2\" content=\"2 minutes\" \/>\n<script type=\"application\/ld+json\" class=\"seo-schema-graph\">{\"@context\":\"https:\\\/\\\/schema.org\",\"@graph\":[{\"@type\":\"Article\",\"@id\":\"https:\\\/\\\/darkamazi.info\\\/archives\\\/1020177#article\",\"isPartOf\":{\"@id\":\"https:\\\/\\\/darkamazi.info\\\/archives\\\/1020177\"},\"author\":{\"name\":\"darka mazi\",\"@id\":\"https:\\\/\\\/darkamazi.info\\\/#\\\/schema\\\/person\\\/5ad3e24553a0567993fa8ed4bd0a776c\"},\"headline\":\"Bila b\u00eeran\u00eena bi \u00ea\u015f a Helebcey\u00ea bibe sedema yekr\u00eaziya Kurd\u00ee\",\"datePublished\":\"2021-03-15T12:55:56+00:00\",\"mainEntityOfPage\":{\"@id\":\"https:\\\/\\\/darkamazi.info\\\/archives\\\/1020177\"},\"wordCount\":278,\"publisher\":{\"@id\":\"https:\\\/\\\/darkamazi.info\\\/#organization\"},\"image\":{\"@id\":\"https:\\\/\\\/darkamazi.info\\\/archives\\\/1020177#primaryimage\"},\"thumbnailUrl\":\"https:\\\/\\\/darkamazi.info\\\/darka-content\\\/uploads\\\/2021\\\/03\\\/halabja-16-3-1988-1.jpg\",\"keywords\":[\"sereke\"],\"articleSection\":[\"Kurdistan\"],\"inLanguage\":\"en-US\"},{\"@type\":\"WebPage\",\"@id\":\"https:\\\/\\\/darkamazi.info\\\/archives\\\/1020177\",\"url\":\"https:\\\/\\\/darkamazi.info\\\/archives\\\/1020177\",\"name\":\"Bila b\u00eeran\u00eena bi \u00ea\u015f a Helebcey\u00ea bibe sedema yekr\u00eaziya Kurd\u00ee - Darka Maz\u00ee\",\"isPartOf\":{\"@id\":\"https:\\\/\\\/darkamazi.info\\\/#website\"},\"primaryImageOfPage\":{\"@id\":\"https:\\\/\\\/darkamazi.info\\\/archives\\\/1020177#primaryimage\"},\"image\":{\"@id\":\"https:\\\/\\\/darkamazi.info\\\/archives\\\/1020177#primaryimage\"},\"thumbnailUrl\":\"https:\\\/\\\/darkamazi.info\\\/darka-content\\\/uploads\\\/2021\\\/03\\\/halabja-16-3-1988-1.jpg\",\"datePublished\":\"2021-03-15T12:55:56+00:00\",\"breadcrumb\":{\"@id\":\"https:\\\/\\\/darkamazi.info\\\/archives\\\/1020177#breadcrumb\"},\"inLanguage\":\"en-US\",\"potentialAction\":[{\"@type\":\"ReadAction\",\"target\":[\"https:\\\/\\\/darkamazi.info\\\/archives\\\/1020177\"]}]},{\"@type\":\"ImageObject\",\"inLanguage\":\"en-US\",\"@id\":\"https:\\\/\\\/darkamazi.info\\\/archives\\\/1020177#primaryimage\",\"url\":\"https:\\\/\\\/darkamazi.info\\\/darka-content\\\/uploads\\\/2021\\\/03\\\/halabja-16-3-1988-1.jpg\",\"contentUrl\":\"https:\\\/\\\/darkamazi.info\\\/darka-content\\\/uploads\\\/2021\\\/03\\\/halabja-16-3-1988-1.jpg\",\"width\":900,\"height\":497,\"caption\":\"Bila b\u00eeran\u00eena bi \u00ea\u015f a Helebcey\u00ea bibe sedema yekr\u00eaziya Kurd\u00ee\"},{\"@type\":\"BreadcrumbList\",\"@id\":\"https:\\\/\\\/darkamazi.info\\\/archives\\\/1020177#breadcrumb\",\"itemListElement\":[{\"@type\":\"ListItem\",\"position\":1,\"name\":\"Home\",\"item\":\"https:\\\/\\\/darkamazi.info\\\/\"},{\"@type\":\"ListItem\",\"position\":2,\"name\":\"Bila b\u00eeran\u00eena bi \u00ea\u015f a Helebcey\u00ea bibe sedema yekr\u00eaziya Kurd\u00ee\"}]},{\"@type\":\"WebSite\",\"@id\":\"https:\\\/\\\/darkamazi.info\\\/#website\",\"url\":\"https:\\\/\\\/darkamazi.info\\\/\",\"name\":\"Darka Maz\u00ee\",\"description\":\"P\u00eageha Zanyariy\u00ean Nebih\u00eest\u00ee\",\"publisher\":{\"@id\":\"https:\\\/\\\/darkamazi.info\\\/#organization\"},\"potentialAction\":[{\"@type\":\"SearchAction\",\"target\":{\"@type\":\"EntryPoint\",\"urlTemplate\":\"https:\\\/\\\/darkamazi.info\\\/?s={search_term_string}\"},\"query-input\":{\"@type\":\"PropertyValueSpecification\",\"valueRequired\":true,\"valueName\":\"search_term_string\"}}],\"inLanguage\":\"en-US\"},{\"@type\":\"Organization\",\"@id\":\"https:\\\/\\\/darkamazi.info\\\/#organization\",\"name\":\"Darka Maz\u00ee\",\"url\":\"https:\\\/\\\/darkamazi.info\\\/\",\"logo\":{\"@type\":\"ImageObject\",\"inLanguage\":\"en-US\",\"@id\":\"https:\\\/\\\/darkamazi.info\\\/#\\\/schema\\\/logo\\\/image\\\/\",\"url\":\"https:\\\/\\\/darkamazi.info\\\/darka-content\\\/uploads\\\/2017\\\/12\\\/darka-mazi-logo.png\",\"contentUrl\":\"https:\\\/\\\/darkamazi.info\\\/darka-content\\\/uploads\\\/2017\\\/12\\\/darka-mazi-logo.png\",\"width\":151,\"height\":75,\"caption\":\"Darka Maz\u00ee\"},\"image\":{\"@id\":\"https:\\\/\\\/darkamazi.info\\\/#\\\/schema\\\/logo\\\/image\\\/\"},\"sameAs\":[\"https:\\\/\\\/www.facebook.com\\\/DarMaziKurmanci\",\"https:\\\/\\\/x.com\\\/DarkaMaziLatini\",\"https:\\\/\\\/www.instagram.com\\\/darkamazi.kurmanci\\\/\",\"https:\\\/\\\/www.youtube.com\\\/channel\\\/UCa5HkTdmI8U1qCUFuTw8B2g\"]},{\"@type\":\"Person\",\"@id\":\"https:\\\/\\\/darkamazi.info\\\/#\\\/schema\\\/person\\\/5ad3e24553a0567993fa8ed4bd0a776c\",\"name\":\"darka mazi\",\"sameAs\":[\"https:\\\/\\\/darkamazi.info\\\/\"],\"url\":\"https:\\\/\\\/darkamazi.info\\\/archives\\\/author\\\/kurdi\"}]}<\/script>\n<!-- \/ Yoast SEO plugin. -->","seo_head_json":{"title":"Bila b\u00eeran\u00eena bi \u00ea\u015f a Helebcey\u00ea bibe sedema yekr\u00eaziya Kurd\u00ee - Darka Maz\u00ee","robots":{"index":"index","follow":"follow","max-snippet":"max-snippet:-1","max-image-preview":"max-image-preview:large","max-video-preview":"max-video-preview:-1"},"canonical":"https:\/\/darkamazi.info\/archives\/1020177","og_locale":"en_US","og_type":"article","og_title":"Bila b\u00eeran\u00eena bi \u00ea\u015f a Helebcey\u00ea bibe sedema yekr\u00eaziya Kurd\u00ee - Darka Maz\u00ee","og_description":"Enc\u00fbmena Ni\u015ftiman\u00ee ya Kurd\u00ee li S\u00fbriy\u00ea ENKS\u00ea di daxuyaniyek\u00ea de k\u00eemyabarana Helebce ji aliy\u00ea r\u00eaj\u00eema Beis a Iraq\u00ea ve \u015fermezar kir \u00fb bang li gel\u00ea Kurd kir, ev b\u00eeran\u00eena bi \u00ea\u015f bibe handanek ji bo yekr\u00eaziya Kurd\u00ee. Sekreteriya Gi\u015ft\u00ee ya ENKS\u00ea \u00eero di daxuyanyek\u00ea de ragihand, rej\u00eema r\u00fbxand\u00ee ya Beis\u00ea ya Iraq\u00ea roja 16&#8217;\u00ea Adara [&hellip;]","og_url":"https:\/\/darkamazi.info\/archives\/1020177","og_site_name":"Darka Maz\u00ee","article_publisher":"https:\/\/www.facebook.com\/DarMaziKurmanci","article_published_time":"2021-03-15T12:55:56+00:00","og_image":[{"width":900,"height":497,"url":"https:\/\/darkamazi.info\/file\/2021\/03\/halabja-16-3-1988-1.jpg","type":"image\/jpeg"}],"author":"darka mazi","twitter_card":"summary_large_image","twitter_creator":"@DarkaMaziLatini","twitter_site":"@DarkaMaziLatini","twitter_misc":{"Written by":"darka mazi","Est. reading time":"2 minutes"},"schema":{"@context":"https:\/\/schema.org","@graph":[{"@type":"Article","@id":"https:\/\/darkamazi.info\/archives\/1020177#article","isPartOf":{"@id":"https:\/\/darkamazi.info\/archives\/1020177"},"author":{"name":"darka mazi","@id":"https:\/\/darkamazi.info\/#\/schema\/person\/5ad3e24553a0567993fa8ed4bd0a776c"},"headline":"Bila b\u00eeran\u00eena bi \u00ea\u015f a Helebcey\u00ea bibe sedema yekr\u00eaziya Kurd\u00ee","datePublished":"2021-03-15T12:55:56+00:00","mainEntityOfPage":{"@id":"https:\/\/darkamazi.info\/archives\/1020177"},"wordCount":278,"publisher":{"@id":"https:\/\/darkamazi.info\/#organization"},"image":{"@id":"https:\/\/darkamazi.info\/archives\/1020177#primaryimage"},"thumbnailUrl":"https:\/\/darkamazi.info\/file\/2021\/03\/halabja-16-3-1988-1.jpg","keywords":["sereke"],"articleSection":["Kurdistan"],"inLanguage":"en-US"},{"@type":"WebPage","@id":"https:\/\/darkamazi.info\/archives\/1020177","url":"https:\/\/darkamazi.info\/archives\/1020177","name":"Bila b\u00eeran\u00eena bi \u00ea\u015f a Helebcey\u00ea bibe sedema yekr\u00eaziya Kurd\u00ee - Darka Maz\u00ee","isPartOf":{"@id":"https:\/\/darkamazi.info\/#website"},"primaryImageOfPage":{"@id":"https:\/\/darkamazi.info\/archives\/1020177#primaryimage"},"image":{"@id":"https:\/\/darkamazi.info\/archives\/1020177#primaryimage"},"thumbnailUrl":"https:\/\/darkamazi.info\/file\/2021\/03\/halabja-16-3-1988-1.jpg","datePublished":"2021-03-15T12:55:56+00:00","breadcrumb":{"@id":"https:\/\/darkamazi.info\/archives\/1020177#breadcrumb"},"inLanguage":"en-US","potentialAction":[{"@type":"ReadAction","target":["https:\/\/darkamazi.info\/archives\/1020177"]}]},{"@type":"ImageObject","inLanguage":"en-US","@id":"https:\/\/darkamazi.info\/archives\/1020177#primaryimage","url":"https:\/\/darkamazi.info\/file\/2021\/03\/halabja-16-3-1988-1.jpg","contentUrl":"https:\/\/darkamazi.info\/file\/2021\/03\/halabja-16-3-1988-1.jpg","width":900,"height":497,"caption":"Bila b\u00eeran\u00eena bi \u00ea\u015f a Helebcey\u00ea bibe sedema yekr\u00eaziya Kurd\u00ee"},{"@type":"BreadcrumbList","@id":"https:\/\/darkamazi.info\/archives\/1020177#breadcrumb","itemListElement":[{"@type":"ListItem","position":1,"name":"Home","item":"https:\/\/darkamazi.info\/"},{"@type":"ListItem","position":2,"name":"Bila b\u00eeran\u00eena bi \u00ea\u015f a Helebcey\u00ea bibe sedema yekr\u00eaziya Kurd\u00ee"}]},{"@type":"WebSite","@id":"https:\/\/darkamazi.info\/#website","url":"https:\/\/darkamazi.info\/","name":"Darka Maz\u00ee","description":"P\u00eageha Zanyariy\u00ean Nebih\u00eest\u00ee","publisher":{"@id":"https:\/\/darkamazi.info\/#organization"},"potentialAction":[{"@type":"SearchAction","target":{"@type":"EntryPoint","urlTemplate":"https:\/\/darkamazi.info\/?s={search_term_string}"},"query-input":{"@type":"PropertyValueSpecification","valueRequired":true,"valueName":"search_term_string"}}],"inLanguage":"en-US"},{"@type":"Organization","@id":"https:\/\/darkamazi.info\/#organization","name":"Darka Maz\u00ee","url":"https:\/\/darkamazi.info\/","logo":{"@type":"ImageObject","inLanguage":"en-US","@id":"https:\/\/darkamazi.info\/#\/schema\/logo\/image\/","url":"https:\/\/darkamazi.info\/file\/2017\/12\/darka-mazi-logo.png","contentUrl":"https:\/\/darkamazi.info\/file\/2017\/12\/darka-mazi-logo.png","width":151,"height":75,"caption":"Darka Maz\u00ee"},"image":{"@id":"https:\/\/darkamazi.info\/#\/schema\/logo\/image\/"},"sameAs":["https:\/\/www.facebook.com\/DarMaziKurmanci","https:\/\/x.com\/DarkaMaziLatini","https:\/\/www.instagram.com\/darkamazi.kurmanci\/","https:\/\/www.youtube.com\/channel\/UCa5HkTdmI8U1qCUFuTw8B2g"]},{"@type":"Person","@id":"https:\/\/darkamazi.info\/#\/schema\/person\/5ad3e24553a0567993fa8ed4bd0a776c","name":"darka mazi","sameAs":["https:\/\/darkamazi.info\/"],"url":"https:\/\/darkamazi.info\/archives\/author\/kurdi"}]}},"_links":{"self":[{"href":"https:\/\/darkamazi.info\/funavuv\/wp\/v2\/posts\/1020177","targetHints":{"allow":["GET"]}}],"collection":[{"href":"https:\/\/darkamazi.info\/funavuv\/wp\/v2\/posts"}],"about":[{"href":"https:\/\/darkamazi.info\/funavuv\/wp\/v2\/types\/post"}],"author":[{"embeddable":true,"href":"https:\/\/darkamazi.info\/funavuv\/wp\/v2\/users\/2"}],"replies":[{"embeddable":true,"href":"https:\/\/darkamazi.info\/funavuv\/wp\/v2\/comments?post=1020177"}],"version-history":[{"count":0,"href":"https:\/\/darkamazi.info\/funavuv\/wp\/v2\/posts\/1020177\/revisions"}],"wp:featuredmedia":[{"embeddable":true,"href":"https:\/\/darkamazi.info\/funavuv\/wp\/v2\/media\/1020178"}],"wp:attachment":[{"href":"https:\/\/darkamazi.info\/funavuv\/wp\/v2\/media?parent=1020177"}],"wp:term":[{"taxonomy":"category","embeddable":true,"href":"https:\/\/darkamazi.info\/funavuv\/wp\/v2\/categories?post=1020177"},{"taxonomy":"post_tag","embeddable":true,"href":"https:\/\/darkamazi.info\/funavuv\/wp\/v2\/tags?post=1020177"}],"curies":[{"name":"wp","href":"https:\/\/api.w.org\/{rel}","templated":true}]}}