{"id":1020220,"date":"2021-03-16T22:13:28","date_gmt":"2021-03-16T19:13:28","guid":{"rendered":"https:\/\/darkamazi.info\/?p=1020220"},"modified":"2021-03-16T22:13:28","modified_gmt":"2021-03-16T19:13:28","slug":"ajane-ku-bi-roj-di-parlamentoya-suriye-de-li-diji-israile-daxuyani-di-da-u-bi-sev-agehi-ji-israile-re-disandin","status":"publish","type":"post","link":"https:\/\/darkamazi.info\/archives\/1020220","title":{"rendered":"Ajan\u00ea ku bi roj di parlamentoya S\u00fbriy\u00ea de li dij\u00ee \u00cesra\u00eel\u00ea daxuyan\u00ee di da \u00fb bi \u015fev ageh\u00ee ji \u00cesra\u00eel\u00ea re di\u015fandin"},"content":{"rendered":"<h3 style=\"text-align: justify\"><span style=\"font-family: 'arial black', sans-serif\">\u015e\u00eawaz \u00fb away\u00ea jiyan \u00fb karkirina yek ji ajan\u00ean gir\u00eeng \u00ean Mosad a \u00cesra\u00eel\u00ee ku heya niha j\u00ee \u00cesra\u00eel li pey cih\u00ea tirba w\u00ee digere pir balk\u00ea\u015f e, ajanek ku pi\u015ft\u00ee 55 salan ji bi darvekirina w\u00ee h\u00eajan j\u00ee cih\u00ea gir\u00eeng\u00eep\u00eadana rayedar\u00ean \u00cesra\u00eel\u00ea ye \u00fb heya niha hewil didin la\u015f\u00ea w\u00ee veger\u00eenin \u00cesra\u00eel\u00ea. P\u00ea\u015f \u00e7end rojan j\u00ee \u00cesra\u00eel\u00ea ragihand ku dezgeh\u00ea \u00eestixbarata \u00cesra\u00eel\u00ea kariye hin seredavan bi dest bixe \u00fb cih\u00ea tirba \u00cal\u00ee Kohen \u00eef\u015fa bike \u00fb w\u00ea hewil bidin li van n\u00eaz\u00eeka cesed\u00ea w\u00ee veger\u00eenin \u00cesra\u00eel\u00ea.<\/span><\/h3>\n<h3 style=\"text-align: justify\">\u00cal\u00ee Kohen yek ji ajan\u00ean \u00cesra\u00eel\u00ea b\u00fb ku kar\u00eeb\u00fb di asta bilind a dewleta S\u00fbriy\u00ea de cih bigre \u00fb hetta kar\u00eeb\u00fb bigehe pileya &#8220;\u015f\u00eeretkar\u00ea bilind\u00ea wez\u00eer\u00ea bergirya S\u00fbriy\u00ea&#8221; j\u00ee, l\u00ea bel\u00ea ew hat \u00eef\u015fa kirin \u00fb pi\u015ftre hat bidarvekirin. Ew bi yek ji bi nav \u00fb dengtir\u00een ajan\u00ean \u00cesra\u00eel\u00ea t\u00ea hejmartin di sedsala b\u00eestan de, bi awayek\u00ee ku ew kar\u00eeb\u00fb di dema 4 salan de ku li paytexta S\u00fbriy\u00ea bic\u00eeh b\u00fbb\u00fb hin agahiy\u00ean her\u00ee xeter \u00fb gir\u00eeng ji boy \u00cesra\u00eel\u00ea bi\u015f\u00eene.<\/h3>\n<h3 style=\"text-align: justify\">\u00cal\u00ee Kohen (Eli Cohen)yek ji berniyastir\u00een ajan\u00ean d\u00eerok\u00ee ye ku li \u00cesra\u00eel\u00ea weke leheng\u00ea netew\u00ee t\u00ea naskirin. Navudengiya w\u00ee a mezin p\u00eatir ji boy kar\u00ea w\u00ee \u00ea li S\u00fbriy\u00ea di navbera sal\u00ean 1961an heya 1965an de b\u00fb ku t\u00eade Kohen kar\u00ee bi \u015fehreza\u00eeya xwe li S\u00fbriy\u00ea heya pileya \u015f\u00eeretkar\u00ea blind \u00ea wez\u00eer\u00ea bergiry\u00ea j\u00ee bi dest xwe bixe. T\u00ea gotin ku agahiy\u00ean ji h\u00eala Kohen ve ji \u00cesra\u00eel\u00ea re hat\u00een \u015fandin rolek gir\u00eeng di serkeftina \u00cesra\u00eel\u00ea, di \u015fer\u00ea berniyas bi \u015fer\u00ea 6 roj\u00ee de heb\u00fbye.<\/h3>\n<h3 style=\"text-align: center\"><span style=\"color: #8c0707;font-family: 'arial black', sans-serif\">Gelo \u00cal\u00ee Kohen k\u00eeye?<\/span><\/h3>\n<h3 style=\"text-align: justify\">\u00cal\u00ee Kohen li 6\u00ee Berfanbara sala 1925an di malbateke Artodoks \u00fb Siyon\u00eest de li bajar\u00ea Eskenderiy\u00ea hate ser din\u00ea, bav\u00ea w\u00ee ji Heleb a S\u00fbriy\u00ea ko\u00e7\u00ee wilat\u00ea Misr\u00ea kirb\u00fb.<\/h3>\n<h3 style=\"text-align: justify\">Li sala 1947an de dema gor b\u00fbna hest\u00ean dije Siyon\u00eest di nava Ereban de, dest ji xwandina dibistan\u00ea dik\u015f\u00eene \u00fb di mala xwe de xwendina xwe berdewam dike.<\/h3>\n<h3 style=\"text-align: justify\">Di dema damezrandina \u00cesra\u00eel\u00ea de, piraniya malbat\u00ean \u00cesra\u00eel\u00ee Misr terikand \u00fb ber\u00ea xwe dan \u00cesra\u00eel\u00ea. Tev\u00ee ku di sala 1949an de bav \u00fb s\u00ea biray\u00ean w\u00ee ji Misr\u00ea ko\u00e7 dikin \u00fb di\u00e7in \u00cesra\u00eel\u00ea, ew li Misr\u00ea dim\u00eene daku \u015fehada xwe a di war\u00ea elektir\u00eek\u00ea de bi dest bixe \u00fb \u00e7alakiy\u00ean xwe y\u00ean ji boy \u00cesra\u00eel\u00ea berdewam bike.<\/h3>\n<h3 style=\"text-align: justify\">Li sala 1951an de pa\u015f derbeya Esker\u00ee, vej\u00eenek dije Siyon\u00eest dirust b\u00fb \u00fb Kohen bi sedema \u00e7alakiy\u00ean Siyon\u00ee t\u00ea girtin. Ew di piraniya \u00e7alakiy\u00ean \u00cesra\u00eel\u00ea li Misr\u00ea be\u015fdar b\u00fbye l\u00ea bel\u00ea ti belge yek ji \u00e7alakiy\u00ean w\u00ee ji h\u00eala hik\u00fbmeta Misr\u00ea nehat\u00eene ber\u00e7avkirin.<\/h3>\n<h3 style=\"text-align: center\"><span style=\"color: #8c0707;font-family: 'arial black', sans-serif\">Mossad biryar da Kohen li cem xwe bide \u015fuxilandin<\/span><\/h3>\n<h3 style=\"text-align: justify\">Pa\u015f pev\u00e7\u00fbna So\u00eez, pev\u00e7\u00fbn di n\u00eavbera Misr\u00ea \u00fb Yehodiyan gor dibe. Di sala 1956an de Kohen ne\u00e7ar dibe Misr\u00ea bi c\u00ee bih\u00eale \u00fb bi\u00e7e \u00cesra\u00eel\u00ea.<\/h3>\n<h3 style=\"text-align: justify\">Li sala 1957an Kohen tevl\u00ee \u00eestixbarata le\u015fkir\u00ee ya \u00cesra\u00eel\u00ea dibe. Ew ji kar\u00ea bi w\u00ee hatiye dan neraz\u00ee b\u00fb \u00fb biryar da tevl\u00ee \u00eestixbarata \u00cesra\u00eel\u00ea a bi nav\u00ea Mossad bibe; l\u00ea bel\u00ea Mossad ew red kir \u00fb ew ne\u00e7ar ma vegere ser kar\u00ea xwe y\u00ea ber\u00ea. Pa\u015f du salan &#8220;M\u00eer Am\u00eet&#8221; serok\u00ea Mossad nav\u00ea w\u00ee di nava l\u00eesteya kes\u00ean hat\u00eene redkirin d\u00eet, Mossad biryar da Kohen li cem xwe bide \u015fuxilandin. Kar\u00ea bi w\u00ee hatiye dan ketine nava hik\u00fbmeta S\u00fbriy\u00ea b\u00fb. Pi\u015ft\u00ee ku du hefteyan li bin \u00e7avd\u00eariy\u00ea de b\u00fb ew hat damezrandin \u00fb hat perwerdekirin. Ew be\u015fdar\u00ee dewreyeke perwerdehiya \u00e7ir a 6 meh\u00ee a Mossad\u00ea b\u00fb \u00fb di v\u00ee dem\u00ee de hat \u00eesbat kirin ku Kohen dikare kar\u00ea xwe pir bi ba\u015f\u00ee encam bide. Di v\u00ea dem\u00ea de nasnameya n\u00fb ji boy w\u00ee hat dirustkirin, ew weke bazirganek\u00ee S\u00fbr\u00ee ku ji Erjent\u00eenay\u00ea vedgere welat\u00ea xwe hat nasandin. Ji boy bi rast n\u00ee\u015fan dana v\u00ea yek\u00ea, daku ti kesek goman\u00ea neke ew t\u00ea \u015fandin ji boy Erjent\u00eenay\u00ea.<\/h3>\n<h3 style=\"text-align: center\"><span style=\"color: #8c0707;font-family: 'arial black', sans-serif\">Li S\u00fbriy\u00ea<\/span><\/h3>\n<h3 style=\"text-align: justify\">Li 10\u00ea meha R\u00eabendan sala 1964an, &#8220;Kamil Em\u00een Sabit&#8221; ((nav\u00ea n\u00fb y\u00ea Kohen)) suwar\u00ee ke\u015ft\u00eeyeke tor\u00eest\u00ee dibe ku ji bajar\u00ea C\u00eenewa \u00ea Italia hereket dike \u00fb li Eskenderiy\u00ea disekine \u00fb digehe bendera &#8220;<a href=\"https:\/\/ku.wiktionary.org\/wiki\/l%C3%AEman\">l\u00eeman<\/a>&#8221; Beyrot\u00ea.<\/h3>\n<h3 style=\"text-align: justify\">Di ke\u015ftiy\u00ea de, \u00cal\u00ee Kohen &#8220;Mec\u00eed \u015e\u00eax Alarz (Majed Sheikh al-Ard) ku kesek dinya d\u00eet\u00eeye nas dike, Mec\u00eed s\u00ea salan li D\u00eeme\u015fq\u00ea bi Kohen re dim\u00eene. Ew bi hin ziman\u00ean c\u00eehan\u00ee di peyiv\u00ee \u00fb bi awayek her\u00ee ba\u015f ziman\u00ea Elman\u00ee dizan\u00ee. Ev du kes &#8220;Kohen \u00fb Mec\u00eed&#8221; di Ke\u015ftiy\u00ea de hev du nas dikin \u00fb got\u00fbb\u00eaj\u00ea bi hev re dikin; Kohen ji w\u00ee re dib\u00eaje ku ez bazirganek mezin im, ez dixwazim li S\u00fbriy\u00ea \u00eestismar\u00ea bikim, ew hatiye S\u00fbriy\u00ea daku bikare xizmeta welat\u00ea xwe bike \u00fb bizanibe li welat\u00ea w\u00ee &#8220;S\u00fbriy\u00ea&#8221; w\u00ea \u00e7ewa bikare xizmetek\u00ee p\u00ea\u015fk\u00ea\u015f\u00ee gel\u00ea xwe bike. \u015e\u00eax ElErd dib\u00eaje Kohen, ew hez dike pi\u015ft\u00ee dabez\u00een\u00ea ji ke\u015ft\u00eey\u00ea li Beyrot\u00ea bi w\u00ee re bi\u00e7e D\u00eeme\u015fq\u00ea. ElErd, Kohen daxwaz kir ku bi tiromb\u00eala w\u00ee a n\u00fb r\u00eaw\u00eetiy\u00ea bikin, pa\u015f rojek\u00ea ji b\u00eahinvedan\u00ea li Beyrot\u00ea, ev du kes bi hev re berev deriy\u00ea s\u00eenor\u00ee y\u00ea di n\u00eavbera S\u00fbriy\u00ea \u00fb Libnan\u00ea \u00e7\u00fbn.<\/h3>\n<h3 style=\"text-align: center\"><span style=\"color: #8c0707;font-family: 'arial black', sans-serif\">\u00cal\u00ee Kohen b\u00eay\u00ee ku alav\u00ean xwe y\u00ean kesane b\u00eene \u00fb bibe, \u00e7\u00fb nava D\u00eeme\u015fq\u00ea de<\/span><\/h3>\n<h3 style=\"text-align: justify\">Li gor\u00ee belgey\u00ean \u00eestixbarata Emer\u00eekay\u00ea, Mec\u00eed \u015e\u00eax El-Erd ji 1951an heya 1959an ajanek Amer\u00eek\u00ee b\u00fb. Mec\u00eed \u015e\u00eax El-Erd ji Kohen re diyar kir ku ew hin kesa nas dike ku dikarin bi \u00e7end sed l\u00eereyan ji bo w\u00ee \u00e7end hezar l\u00eerey\u00ean S\u00fbr\u00ee bi ewleh\u00ee ji s\u00eenor derbas bikin. Mec\u00eed \u015e\u00eax El-Erd 400 l\u00eerey\u00ean S\u00fbr\u00ee ji Kohen dist\u00eene \u00fb p\u00eawendiy\u00ea bi hevalek\u00ee xwe ku cerdevanek\u00ee s\u00fbr\u00ee ye \u00fb li dergeh\u00ea s\u00eenor li benda wane dike. Hevalek din ji heval\u00ean ElErd berpirsyar\u00ea gumrik\u00ea li deriy\u00ea s\u00eenor b\u00fb. Dema ku Kamil Em\u00een Sabit (\u00cal\u00ee Kohen) li deriy\u00ea s\u00eenor r\u00fbni\u015ftib\u00fb \u00fb qehwe vedixwar, heval\u00ean Mec\u00eed \u015e\u00eax El-Erd \u00e7entey\u00ean ku t\u00ea de alav\u00ean s\u00eexuriy\u00ea heb\u00fbn \u00fb Kohen ji \u00cesra\u00eel\u00ea bi xwe re an\u00eeb\u00fbn bar dikirin. Bi v\u00ee awa b\u00fb ku \u00cal\u00ee Kohen b\u00eay\u00ee ku alav\u00ean xwe y\u00ean kesane b\u00eene \u00fb bibe, \u00e7\u00fb nava D\u00eeme\u015fq\u00ea de.<\/h3>\n<h3 style=\"text-align: justify\">Kohen kar\u00ee baweriya hejmarek her\u00ee z\u00eade a kes\u00ea di nava le\u015fker \u00fb Hik\u00fbmeta S\u00fbriy\u00ea de xwed\u00ee bandor b\u00fbn bi dest bixe. Di heman dem\u00ea de, w\u00ee agahdar\u00ee bi radio, name, \u00fb carna j\u00ee bi away\u00ea rasterast di gihandin \u00cesra\u00eel\u00ea.<\/h3>\n<h3 style=\"text-align: justify\">Agahdariy\u00ean her\u00ee gir\u00eeng ku ji h\u00eala w\u00ee ve hatb\u00fbn bi dest xistin ew b\u00fbn dema ku ew \u00e7\u00fby serdana bilindahiy\u00ean Colan \u00fb kar\u00eeb\u00fb agahiy\u00ean derbara \u00eestixbarata le\u015fker\u00ee ya s\u00fbr\u00ee li w\u00ea dever\u00ea bigih\u00eene \u00cesra\u00eel\u00ea. Kohen wisa xwe da diyar kirin ku dixwaze ji boy al\u00eekar\u00ee kirina le\u015fker\u00ean li bin \u00e7av\u00ea roj\u00ea pasewaniy\u00ea dikin hinek daran ji boy wan bi\u00e7\u00eene daku s\u00eeber li wan le\u015fkeran bide \u00fb li bin germaya roj\u00ea ez\u00eeyet\u00ea neb\u00eenin \u00fb bikarin kar\u00ea xwe ba\u015ftir bikin. Ev dar pa\u015f\u00ea wek\u00ee hedef\u00ean art\u00ea\u015fa \u00cesra\u00eel\u00ea hatin bikar an\u00een.<\/h3>\n<h3 style=\"text-align: justify\">Kohen gelek cara serdana ba\u015f\u00fbr\u00ea S\u00fbriy\u00ea kir \u00fb gelek w\u00eane \u00fb n\u00eegar\u00ean v\u00ea her\u00eam\u00ea ji rej\u00eema \u00cesra\u00eel\u00ea re amade kirin.<\/h3>\n<h3 style=\"text-align: center\"><span style=\"color: #8c0707;font-family: 'arial black', sans-serif\">Kohen di nex\u015feya ve\u015fart\u00ee ya art\u00ea\u015fa S\u00fbriya ji bo avakirina bergirya pir-tebeq e\u015fkere kir<\/span><\/h3>\n<h3 style=\"text-align: justify\">W\u00ee di civata netewey\u00ee ya s\u00fbr\u00ee de diq\u00earand \u00fb \u00cesra\u00eel bi hezar ti\u015ft\u00ean encam day \u00fb encam neday\u00ee tawanbar dikir, l\u00ea bi \u015fev di mala xwe de w\u00ee agahdariy\u00ean her\u00ee gir\u00eeng, hesas \u00fb pir bik\u00ear ji \u00cesra\u00eel\u00ea re di\u015fandin.<\/h3>\n<h3 style=\"text-align: justify\">Kohen kar\u00eeb\u00fb di nav endam\u00ean bilind y\u00ean arte\u015fa s\u00fbr\u00ee de gelek hevala peyda bike. Hin rapor dib\u00eajin ku w\u00ee hevaltiyek mezin bi &#8220;Em\u00een El-Hafiz&#8221; re heb\u00fb, l\u00ea Hafiz v\u00ea hevaltiy\u00ea \u00eenkar dike. Pi\u015ft\u00ee ku Hafiz b\u00fb serok komar, Kohen heta ji bo post\u00ea wez\u00eer\u00ea bergiry\u00ea hate berbijar kirin.<\/h3>\n<h3 style=\"text-align: justify\">Kohen di heman dem\u00ea de nex\u015feya ve\u015fart\u00ee ya art\u00ea\u015fa S\u00fbriya ji bo avakirina bergirya pir-tebeq e\u015fkere kir. Art\u00ea\u015fa \u00cesra\u00eel\u00ea li bend\u00ea b\u00fb ku ten\u00ea qatek bergiry\u00ea hebe, \u00fb agahdariya Kohen ji \u00cesra\u00eel\u00ea re pir gir\u00eeng b\u00fb.<\/h3>\n<h3 style=\"text-align: justify\">\u00cesra\u00eel her gav Kohen wek\u00ee yek ji s\u00eexur\u00ean xwe y\u00ean her\u00ee gir\u00eeng destn\u00ee\u015fan dike. Serokwez\u00eer\u00ea ber\u00ea y\u00ea rej\u00eem\u00ea \u00cav\u00ee \u015eakul got \u00eestixbarata ku Kohen bi dest xwe xistib\u00fbn b\u00fbn sedema serfiraziya \u00cesra\u00eel\u00ea di \u015fer\u00ea 1967-an de.<\/h3>\n<h3 style=\"text-align: justify\">Di sala 1964-an de, Kohen bi diz\u00ee vedgere \u00cesra\u00eel\u00ea da ku bikare di dema zarokb\u00fbn\u00ea de digel jina xwe (jinek \u00ceraq\u00ee-Cih\u00fb \u00fb xu\u015fka niv\u00eeskar\u00ea \u00cesra\u00eel\u00ea Sam\u00ee M\u00eexa\u00eel) be.<\/h3>\n<h3 style=\"text-align: center\"><span style=\"color: #8c0707;font-family: 'arial black', sans-serif\">Dadgehkirin \u00fb darvekirin<\/span><\/h3>\n<h3 style=\"text-align: justify\">Di meha \u00e7ile ya sala 1965an, hik\u00fbmeta s\u00fbr\u00ee jibo girtina s\u00eexur\u00ean paye blind hewildan\u00ean xwe z\u00eade kirin. Bi al\u00eekariya h\u00eaz\u00ean Soviet a ber\u00ea \u00fb alav\u00ean wan, xet\u00ean radio y\u00ea dihatin \u015fopandin. Ev alav\u00ean han\u00ea kar\u00een Kohen di dema ku agahdar\u00ee ji rej\u00eema Siyon\u00eest re di \u015fandin bi\u015fop\u00eene \u00fb w\u00ee \u00eef\u015fa bike.<\/h3>\n<h3 style=\"text-align: justify\">Li ser away\u00ea e\u015fkere b\u00fbna nasnameya w\u00ee \u00fb girtina w\u00ee gelek vegotin hene. Yek ji van \u00e7\u00eeroka diyar dike ku s\u00ea Efser\u00ean \u00eestixbarata s\u00fbr\u00ee dema ku hate girtin j\u00ea re gotin, &#8220;l\u00eestik qed\u00eeya.&#8221;<\/h3>\n<h3 style=\"text-align: justify\">Pi\u015ft\u00ee dadgeh kirina le\u015fker\u00ee, ew bi s\u00eexuriy\u00ea hate tawanbar kirin \u00fb bi darvekirin\u00ea hate mehkum kirin. Di dema l\u00eapirs\u00eena de, Kohen tu agahdariy\u00ean ve\u015fart\u00ee y\u00ean rej\u00eema Siyon\u00eest e\u015fkere nekirin.<\/h3>\n<h3 style=\"text-align: justify\">Telev\u00eev ji bo ku p\u00ea\u015f\u00ee li darvekirina w\u00ee bigre pi\u015ftgir\u00ee da w\u00ee \u00fb bernameyek c\u00eehan\u00ee da destp\u00eakirin. Siyon\u00eestan \u00e7end caran ji Hik\u00fbmeta S\u00fbr\u00ee xwest ku w\u00ee darve neke \u00fb hetta ji Soviet xwestin ku navbeyinkary\u00ea bikin. Tev\u00ee ku gelek kesayetiy\u00ean navnetewey\u00ee, di nav de Papa Pawl Vi \u00fb Hik\u00fbmet\u00ean Fransa, Bel\u00e7\u00eeka, \u00fb Kanada, ji hik\u00fbmeta s\u00fbr\u00ee xwestin ku biryara darvekirina w\u00ee hilwe\u015f\u00eene l\u00ea ew di 3-\u00ea sib\u00ea de di 18-\u00ea Gulana 1965-an de, li meydana El-Merca ya D\u00eeme\u015fq\u00ea li ber \u00e7av\u00ean xelk\u00ea hate darve kirin.<\/h3>\n<h3 style=\"text-align: justify\">Li gor\u00ee biray\u00ea w\u00ee &#8220;Mores Kohen&#8221; ku ew j\u00ee s\u00eexur\u00ea Mossad e, di dema darvekirin\u00ea de \u00cal\u00ee Kohen kes\u00ea s\u00eayem\u00een b\u00fb ku li \u015f\u00fbna Serok wez\u00eer\u00ea S\u00fbriy\u00ea bigre.<\/h3>\n<h3 style=\"text-align: justify\">Daxwaz\u00ean malbata Kohen ji boy vegerandina la\u015f\u00ea w\u00ee ji boy \u00cesra\u00eel\u00ea gelek caran hatine red kirin. Di 2007-an de, Hik\u00fbmeta Tirkiy\u00ea ragihand ku ew amadeye ji boy v\u00ea yek\u00ea navbeynkariy\u00ea di navbera S\u00fbriye \u00fb rej\u00eema Siyon\u00eest de bike. Di 2008an de, karbidestek di hik\u00fbmeta Hafiz El-Esed de ragihand ku hestiy\u00ean w\u00ee li deverek nediyar hatin ve\u015fartin da ku la\u015f\u00ea w\u00ee ji bo \u00cesra\u00eel\u00ea ney\u00ea vegerandin.<\/h3>\n<h3 style=\"text-align: justify\">Di 2018an de, Mossad \u00ea ragihand ku saeta Kohen bi dest xwe xistiye.<\/h3>\n<h3 style=\"text-align: justify\">H\u00fbrgily\u00ean ved\u00eetina saeta \u00cal\u00ee Kohen nehatin e\u015fkere kirin, \u00fb ten\u00ea behsa &#8220;operasyona taybet\u00ee ya Mossad&#8221; hate kirin. L\u00eabel\u00ea, serok\u00ea Mossad got ku ev saet heya roja ku \u00cal\u00ee Kohen hatiye girtin di dest\u00ea w\u00ee de b\u00fb.<\/h3>\n","protected":false},"excerpt":{"rendered":"<p>\u015e\u00eawaz \u00fb away\u00ea jiyan \u00fb karkirina yek ji ajan\u00ean gir\u00eeng \u00ean Mosad a \u00cesra\u00eel\u00ee ku heya niha j\u00ee \u00cesra\u00eel li pey cih\u00ea tirba w\u00ee digere pir balk\u00ea\u015f e, ajanek ku pi\u015ft\u00ee 55 salan ji bi darvekirina w\u00ee h\u00eajan j\u00ee cih\u00ea gir\u00eeng\u00eep\u00eadana rayedar\u00ean \u00cesra\u00eel\u00ea ye \u00fb heya niha hewil didin la\u015f\u00ea w\u00ee veger\u00eenin \u00cesra\u00eel\u00ea. P\u00ea\u015f \u00e7end [&hellip;]<\/p>\n","protected":false},"author":2,"featured_media":1020221,"comment_status":"closed","ping_status":"closed","sticky":false,"template":"","format":"standard","meta":{"footnotes":""},"categories":[31],"tags":[37],"class_list":["post-1020220","post","type-post","status-publish","format-standard","has-post-thumbnail","hentry","category-rojhelata-navin","tag-sereke"],"blocksy_meta":[],"seo_head":"<!-- This site is optimized with the Yoast SEO plugin v27.5 - https:\/\/yoast.com\/product\/yoast-seo-wordpress\/ -->\n<title>Ajan\u00ea ku bi roj di parlamentoya S\u00fbriy\u00ea de li dij\u00ee \u00cesra\u00eel\u00ea daxuyan\u00ee di da \u00fb bi \u015fev ageh\u00ee ji \u00cesra\u00eel\u00ea re di\u015fandin - Darka Maz\u00ee<\/title>\n<meta name=\"robots\" content=\"index, follow, max-snippet:-1, max-image-preview:large, max-video-preview:-1\" \/>\n<link rel=\"canonical\" href=\"https:\/\/darkamazi.info\/archives\/1020220\" \/>\n<meta property=\"og:locale\" content=\"en_US\" \/>\n<meta property=\"og:type\" content=\"article\" \/>\n<meta property=\"og:title\" content=\"Ajan\u00ea ku bi roj di parlamentoya S\u00fbriy\u00ea de li dij\u00ee \u00cesra\u00eel\u00ea daxuyan\u00ee di da \u00fb bi \u015fev ageh\u00ee ji \u00cesra\u00eel\u00ea re di\u015fandin - Darka Maz\u00ee\" \/>\n<meta property=\"og:description\" content=\"\u015e\u00eawaz \u00fb away\u00ea jiyan \u00fb karkirina yek ji ajan\u00ean gir\u00eeng \u00ean Mosad a \u00cesra\u00eel\u00ee ku heya niha j\u00ee \u00cesra\u00eel li pey cih\u00ea tirba w\u00ee digere pir balk\u00ea\u015f e, ajanek ku pi\u015ft\u00ee 55 salan ji bi darvekirina w\u00ee h\u00eajan j\u00ee cih\u00ea gir\u00eeng\u00eep\u00eadana rayedar\u00ean \u00cesra\u00eel\u00ea ye \u00fb heya niha hewil didin la\u015f\u00ea w\u00ee veger\u00eenin \u00cesra\u00eel\u00ea. P\u00ea\u015f \u00e7end [&hellip;]\" \/>\n<meta property=\"og:url\" content=\"https:\/\/darkamazi.info\/archives\/1020220\" \/>\n<meta property=\"og:site_name\" content=\"Darka Maz\u00ee\" \/>\n<meta property=\"article:publisher\" content=\"https:\/\/www.facebook.com\/DarMaziKurmanci\" \/>\n<meta property=\"article:published_time\" content=\"2021-03-16T19:13:28+00:00\" \/>\n<meta property=\"og:image\" content=\"https:\/\/darkamazi.info\/file\/2021\/03\/eli-cohen.jpg\" \/>\n\t<meta property=\"og:image:width\" content=\"900\" \/>\n\t<meta property=\"og:image:height\" content=\"497\" \/>\n\t<meta property=\"og:image:type\" content=\"image\/jpeg\" \/>\n<meta name=\"author\" content=\"darka mazi\" \/>\n<meta name=\"twitter:card\" content=\"summary_large_image\" \/>\n<meta name=\"twitter:creator\" content=\"@DarkaMaziLatini\" \/>\n<meta name=\"twitter:site\" content=\"@DarkaMaziLatini\" \/>\n<meta name=\"twitter:label1\" content=\"Written by\" \/>\n\t<meta name=\"twitter:data1\" content=\"darka mazi\" \/>\n\t<meta name=\"twitter:label2\" content=\"Est. reading time\" \/>\n\t<meta name=\"twitter:data2\" content=\"8 minutes\" \/>\n<script type=\"application\/ld+json\" class=\"seo-schema-graph\">{\"@context\":\"https:\\\/\\\/schema.org\",\"@graph\":[{\"@type\":\"Article\",\"@id\":\"https:\\\/\\\/darkamazi.info\\\/archives\\\/1020220#article\",\"isPartOf\":{\"@id\":\"https:\\\/\\\/darkamazi.info\\\/archives\\\/1020220\"},\"author\":{\"name\":\"darka mazi\",\"@id\":\"https:\\\/\\\/darkamazi.info\\\/#\\\/schema\\\/person\\\/5ad3e24553a0567993fa8ed4bd0a776c\"},\"headline\":\"Ajan\u00ea ku bi roj di parlamentoya S\u00fbriy\u00ea de li dij\u00ee \u00cesra\u00eel\u00ea daxuyan\u00ee di da \u00fb bi \u015fev ageh\u00ee ji \u00cesra\u00eel\u00ea re di\u015fandin\",\"datePublished\":\"2021-03-16T19:13:28+00:00\",\"mainEntityOfPage\":{\"@id\":\"https:\\\/\\\/darkamazi.info\\\/archives\\\/1020220\"},\"wordCount\":1970,\"publisher\":{\"@id\":\"https:\\\/\\\/darkamazi.info\\\/#organization\"},\"image\":{\"@id\":\"https:\\\/\\\/darkamazi.info\\\/archives\\\/1020220#primaryimage\"},\"thumbnailUrl\":\"https:\\\/\\\/darkamazi.info\\\/darka-content\\\/uploads\\\/2021\\\/03\\\/eli-cohen.jpg\",\"keywords\":[\"sereke\"],\"articleSection\":[\"Rojhelata nav\u00een\"],\"inLanguage\":\"en-US\"},{\"@type\":\"WebPage\",\"@id\":\"https:\\\/\\\/darkamazi.info\\\/archives\\\/1020220\",\"url\":\"https:\\\/\\\/darkamazi.info\\\/archives\\\/1020220\",\"name\":\"Ajan\u00ea ku bi roj di parlamentoya S\u00fbriy\u00ea de li dij\u00ee \u00cesra\u00eel\u00ea daxuyan\u00ee di da \u00fb bi \u015fev ageh\u00ee ji \u00cesra\u00eel\u00ea re di\u015fandin - Darka Maz\u00ee\",\"isPartOf\":{\"@id\":\"https:\\\/\\\/darkamazi.info\\\/#website\"},\"primaryImageOfPage\":{\"@id\":\"https:\\\/\\\/darkamazi.info\\\/archives\\\/1020220#primaryimage\"},\"image\":{\"@id\":\"https:\\\/\\\/darkamazi.info\\\/archives\\\/1020220#primaryimage\"},\"thumbnailUrl\":\"https:\\\/\\\/darkamazi.info\\\/darka-content\\\/uploads\\\/2021\\\/03\\\/eli-cohen.jpg\",\"datePublished\":\"2021-03-16T19:13:28+00:00\",\"breadcrumb\":{\"@id\":\"https:\\\/\\\/darkamazi.info\\\/archives\\\/1020220#breadcrumb\"},\"inLanguage\":\"en-US\",\"potentialAction\":[{\"@type\":\"ReadAction\",\"target\":[\"https:\\\/\\\/darkamazi.info\\\/archives\\\/1020220\"]}]},{\"@type\":\"ImageObject\",\"inLanguage\":\"en-US\",\"@id\":\"https:\\\/\\\/darkamazi.info\\\/archives\\\/1020220#primaryimage\",\"url\":\"https:\\\/\\\/darkamazi.info\\\/darka-content\\\/uploads\\\/2021\\\/03\\\/eli-cohen.jpg\",\"contentUrl\":\"https:\\\/\\\/darkamazi.info\\\/darka-content\\\/uploads\\\/2021\\\/03\\\/eli-cohen.jpg\",\"width\":900,\"height\":497,\"caption\":\"Ajan\u00ea ku bi roj di parlamentoya S\u00fbriy\u00ea de li dij\u00ee \u00cesra\u00eel\u00ea daxuyan\u00ee di da \u00fb bi \u015fev ageh\u00ee ji \u00cesra\u00eel\u00ea re di\u015fandin\"},{\"@type\":\"BreadcrumbList\",\"@id\":\"https:\\\/\\\/darkamazi.info\\\/archives\\\/1020220#breadcrumb\",\"itemListElement\":[{\"@type\":\"ListItem\",\"position\":1,\"name\":\"Home\",\"item\":\"https:\\\/\\\/darkamazi.info\\\/\"},{\"@type\":\"ListItem\",\"position\":2,\"name\":\"Ajan\u00ea ku bi roj di parlamentoya S\u00fbriy\u00ea de li dij\u00ee \u00cesra\u00eel\u00ea daxuyan\u00ee di da \u00fb bi \u015fev ageh\u00ee ji \u00cesra\u00eel\u00ea re di\u015fandin\"}]},{\"@type\":\"WebSite\",\"@id\":\"https:\\\/\\\/darkamazi.info\\\/#website\",\"url\":\"https:\\\/\\\/darkamazi.info\\\/\",\"name\":\"Darka Maz\u00ee\",\"description\":\"P\u00eageha Zanyariy\u00ean Nebih\u00eest\u00ee\",\"publisher\":{\"@id\":\"https:\\\/\\\/darkamazi.info\\\/#organization\"},\"potentialAction\":[{\"@type\":\"SearchAction\",\"target\":{\"@type\":\"EntryPoint\",\"urlTemplate\":\"https:\\\/\\\/darkamazi.info\\\/?s={search_term_string}\"},\"query-input\":{\"@type\":\"PropertyValueSpecification\",\"valueRequired\":true,\"valueName\":\"search_term_string\"}}],\"inLanguage\":\"en-US\"},{\"@type\":\"Organization\",\"@id\":\"https:\\\/\\\/darkamazi.info\\\/#organization\",\"name\":\"Darka Maz\u00ee\",\"url\":\"https:\\\/\\\/darkamazi.info\\\/\",\"logo\":{\"@type\":\"ImageObject\",\"inLanguage\":\"en-US\",\"@id\":\"https:\\\/\\\/darkamazi.info\\\/#\\\/schema\\\/logo\\\/image\\\/\",\"url\":\"https:\\\/\\\/darkamazi.info\\\/darka-content\\\/uploads\\\/2017\\\/12\\\/darka-mazi-logo.png\",\"contentUrl\":\"https:\\\/\\\/darkamazi.info\\\/darka-content\\\/uploads\\\/2017\\\/12\\\/darka-mazi-logo.png\",\"width\":151,\"height\":75,\"caption\":\"Darka Maz\u00ee\"},\"image\":{\"@id\":\"https:\\\/\\\/darkamazi.info\\\/#\\\/schema\\\/logo\\\/image\\\/\"},\"sameAs\":[\"https:\\\/\\\/www.facebook.com\\\/DarMaziKurmanci\",\"https:\\\/\\\/x.com\\\/DarkaMaziLatini\",\"https:\\\/\\\/www.instagram.com\\\/darkamazi.kurmanci\\\/\",\"https:\\\/\\\/www.youtube.com\\\/channel\\\/UCa5HkTdmI8U1qCUFuTw8B2g\"]},{\"@type\":\"Person\",\"@id\":\"https:\\\/\\\/darkamazi.info\\\/#\\\/schema\\\/person\\\/5ad3e24553a0567993fa8ed4bd0a776c\",\"name\":\"darka mazi\",\"sameAs\":[\"https:\\\/\\\/darkamazi.info\\\/\"],\"url\":\"https:\\\/\\\/darkamazi.info\\\/archives\\\/author\\\/kurdi\"}]}<\/script>\n<!-- \/ Yoast SEO plugin. -->","seo_head_json":{"title":"Ajan\u00ea ku bi roj di parlamentoya S\u00fbriy\u00ea de li dij\u00ee \u00cesra\u00eel\u00ea daxuyan\u00ee di da \u00fb bi \u015fev ageh\u00ee ji \u00cesra\u00eel\u00ea re di\u015fandin - Darka Maz\u00ee","robots":{"index":"index","follow":"follow","max-snippet":"max-snippet:-1","max-image-preview":"max-image-preview:large","max-video-preview":"max-video-preview:-1"},"canonical":"https:\/\/darkamazi.info\/archives\/1020220","og_locale":"en_US","og_type":"article","og_title":"Ajan\u00ea ku bi roj di parlamentoya S\u00fbriy\u00ea de li dij\u00ee \u00cesra\u00eel\u00ea daxuyan\u00ee di da \u00fb bi \u015fev ageh\u00ee ji \u00cesra\u00eel\u00ea re di\u015fandin - Darka Maz\u00ee","og_description":"\u015e\u00eawaz \u00fb away\u00ea jiyan \u00fb karkirina yek ji ajan\u00ean gir\u00eeng \u00ean Mosad a \u00cesra\u00eel\u00ee ku heya niha j\u00ee \u00cesra\u00eel li pey cih\u00ea tirba w\u00ee digere pir balk\u00ea\u015f e, ajanek ku pi\u015ft\u00ee 55 salan ji bi darvekirina w\u00ee h\u00eajan j\u00ee cih\u00ea gir\u00eeng\u00eep\u00eadana rayedar\u00ean \u00cesra\u00eel\u00ea ye \u00fb heya niha hewil didin la\u015f\u00ea w\u00ee veger\u00eenin \u00cesra\u00eel\u00ea. P\u00ea\u015f \u00e7end [&hellip;]","og_url":"https:\/\/darkamazi.info\/archives\/1020220","og_site_name":"Darka Maz\u00ee","article_publisher":"https:\/\/www.facebook.com\/DarMaziKurmanci","article_published_time":"2021-03-16T19:13:28+00:00","og_image":[{"width":900,"height":497,"url":"https:\/\/darkamazi.info\/file\/2021\/03\/eli-cohen.jpg","type":"image\/jpeg"}],"author":"darka mazi","twitter_card":"summary_large_image","twitter_creator":"@DarkaMaziLatini","twitter_site":"@DarkaMaziLatini","twitter_misc":{"Written by":"darka mazi","Est. reading time":"8 minutes"},"schema":{"@context":"https:\/\/schema.org","@graph":[{"@type":"Article","@id":"https:\/\/darkamazi.info\/archives\/1020220#article","isPartOf":{"@id":"https:\/\/darkamazi.info\/archives\/1020220"},"author":{"name":"darka mazi","@id":"https:\/\/darkamazi.info\/#\/schema\/person\/5ad3e24553a0567993fa8ed4bd0a776c"},"headline":"Ajan\u00ea ku bi roj di parlamentoya S\u00fbriy\u00ea de li dij\u00ee \u00cesra\u00eel\u00ea daxuyan\u00ee di da \u00fb bi \u015fev ageh\u00ee ji \u00cesra\u00eel\u00ea re di\u015fandin","datePublished":"2021-03-16T19:13:28+00:00","mainEntityOfPage":{"@id":"https:\/\/darkamazi.info\/archives\/1020220"},"wordCount":1970,"publisher":{"@id":"https:\/\/darkamazi.info\/#organization"},"image":{"@id":"https:\/\/darkamazi.info\/archives\/1020220#primaryimage"},"thumbnailUrl":"https:\/\/darkamazi.info\/file\/2021\/03\/eli-cohen.jpg","keywords":["sereke"],"articleSection":["Rojhelata nav\u00een"],"inLanguage":"en-US"},{"@type":"WebPage","@id":"https:\/\/darkamazi.info\/archives\/1020220","url":"https:\/\/darkamazi.info\/archives\/1020220","name":"Ajan\u00ea ku bi roj di parlamentoya S\u00fbriy\u00ea de li dij\u00ee \u00cesra\u00eel\u00ea daxuyan\u00ee di da \u00fb bi \u015fev ageh\u00ee ji \u00cesra\u00eel\u00ea re di\u015fandin - Darka Maz\u00ee","isPartOf":{"@id":"https:\/\/darkamazi.info\/#website"},"primaryImageOfPage":{"@id":"https:\/\/darkamazi.info\/archives\/1020220#primaryimage"},"image":{"@id":"https:\/\/darkamazi.info\/archives\/1020220#primaryimage"},"thumbnailUrl":"https:\/\/darkamazi.info\/file\/2021\/03\/eli-cohen.jpg","datePublished":"2021-03-16T19:13:28+00:00","breadcrumb":{"@id":"https:\/\/darkamazi.info\/archives\/1020220#breadcrumb"},"inLanguage":"en-US","potentialAction":[{"@type":"ReadAction","target":["https:\/\/darkamazi.info\/archives\/1020220"]}]},{"@type":"ImageObject","inLanguage":"en-US","@id":"https:\/\/darkamazi.info\/archives\/1020220#primaryimage","url":"https:\/\/darkamazi.info\/file\/2021\/03\/eli-cohen.jpg","contentUrl":"https:\/\/darkamazi.info\/file\/2021\/03\/eli-cohen.jpg","width":900,"height":497,"caption":"Ajan\u00ea ku bi roj di parlamentoya S\u00fbriy\u00ea de li dij\u00ee \u00cesra\u00eel\u00ea daxuyan\u00ee di da \u00fb bi \u015fev ageh\u00ee ji \u00cesra\u00eel\u00ea re di\u015fandin"},{"@type":"BreadcrumbList","@id":"https:\/\/darkamazi.info\/archives\/1020220#breadcrumb","itemListElement":[{"@type":"ListItem","position":1,"name":"Home","item":"https:\/\/darkamazi.info\/"},{"@type":"ListItem","position":2,"name":"Ajan\u00ea ku bi roj di parlamentoya S\u00fbriy\u00ea de li dij\u00ee \u00cesra\u00eel\u00ea daxuyan\u00ee di da \u00fb bi \u015fev ageh\u00ee ji \u00cesra\u00eel\u00ea re di\u015fandin"}]},{"@type":"WebSite","@id":"https:\/\/darkamazi.info\/#website","url":"https:\/\/darkamazi.info\/","name":"Darka Maz\u00ee","description":"P\u00eageha Zanyariy\u00ean Nebih\u00eest\u00ee","publisher":{"@id":"https:\/\/darkamazi.info\/#organization"},"potentialAction":[{"@type":"SearchAction","target":{"@type":"EntryPoint","urlTemplate":"https:\/\/darkamazi.info\/?s={search_term_string}"},"query-input":{"@type":"PropertyValueSpecification","valueRequired":true,"valueName":"search_term_string"}}],"inLanguage":"en-US"},{"@type":"Organization","@id":"https:\/\/darkamazi.info\/#organization","name":"Darka Maz\u00ee","url":"https:\/\/darkamazi.info\/","logo":{"@type":"ImageObject","inLanguage":"en-US","@id":"https:\/\/darkamazi.info\/#\/schema\/logo\/image\/","url":"https:\/\/darkamazi.info\/file\/2017\/12\/darka-mazi-logo.png","contentUrl":"https:\/\/darkamazi.info\/file\/2017\/12\/darka-mazi-logo.png","width":151,"height":75,"caption":"Darka Maz\u00ee"},"image":{"@id":"https:\/\/darkamazi.info\/#\/schema\/logo\/image\/"},"sameAs":["https:\/\/www.facebook.com\/DarMaziKurmanci","https:\/\/x.com\/DarkaMaziLatini","https:\/\/www.instagram.com\/darkamazi.kurmanci\/","https:\/\/www.youtube.com\/channel\/UCa5HkTdmI8U1qCUFuTw8B2g"]},{"@type":"Person","@id":"https:\/\/darkamazi.info\/#\/schema\/person\/5ad3e24553a0567993fa8ed4bd0a776c","name":"darka mazi","sameAs":["https:\/\/darkamazi.info\/"],"url":"https:\/\/darkamazi.info\/archives\/author\/kurdi"}]}},"_links":{"self":[{"href":"https:\/\/darkamazi.info\/funavuv\/wp\/v2\/posts\/1020220","targetHints":{"allow":["GET"]}}],"collection":[{"href":"https:\/\/darkamazi.info\/funavuv\/wp\/v2\/posts"}],"about":[{"href":"https:\/\/darkamazi.info\/funavuv\/wp\/v2\/types\/post"}],"author":[{"embeddable":true,"href":"https:\/\/darkamazi.info\/funavuv\/wp\/v2\/users\/2"}],"replies":[{"embeddable":true,"href":"https:\/\/darkamazi.info\/funavuv\/wp\/v2\/comments?post=1020220"}],"version-history":[{"count":0,"href":"https:\/\/darkamazi.info\/funavuv\/wp\/v2\/posts\/1020220\/revisions"}],"wp:featuredmedia":[{"embeddable":true,"href":"https:\/\/darkamazi.info\/funavuv\/wp\/v2\/media\/1020221"}],"wp:attachment":[{"href":"https:\/\/darkamazi.info\/funavuv\/wp\/v2\/media?parent=1020220"}],"wp:term":[{"taxonomy":"category","embeddable":true,"href":"https:\/\/darkamazi.info\/funavuv\/wp\/v2\/categories?post=1020220"},{"taxonomy":"post_tag","embeddable":true,"href":"https:\/\/darkamazi.info\/funavuv\/wp\/v2\/tags?post=1020220"}],"curies":[{"name":"wp","href":"https:\/\/api.w.org\/{rel}","templated":true}]}}