{"id":1020268,"date":"2021-03-17T21:42:34","date_gmt":"2021-03-17T18:42:34","guid":{"rendered":"https:\/\/darkamazi.info\/?p=1020268"},"modified":"2021-03-17T21:42:34","modified_gmt":"2021-03-17T18:42:34","slug":"dije-terora-kurdistane-bersiva-fermandareki-hesda-sebi-da","status":"publish","type":"post","link":"https:\/\/darkamazi.info\/archives\/1020268","title":{"rendered":"Dije Terora Kurdistan\u00ea bersiva fermandarek\u00ee He\u015fda \u015eeb\u00ee da"},"content":{"rendered":"<h3 style=\"text-align: justify\"><span style=\"font-family: 'arial black', sans-serif\">Dije Terora Kurdistan\u00ea ji ser hesab\u00ea xwe y\u00ea tora medyaya civak\u00ee ji ser hesab\u00ea xwe y\u00ea Facebook\u00ea bersiva fermandeyek\u00ee koma Sey\u00eedul \u015euheda ya He\u015fda \u015eeib\u00ee, Eb\u00fb Ala El Wela\u00ee da \u00fb ragihand: \u2018\u2019H\u00fbn ne n\u00fbnertiya Iraq\u00ea dikin \u00fb ne j\u00ee xwediy\u00ea statuyeke ferm\u00ee ne, h\u00fbn teror\u00eest\u00ean tirsonek in \u00fb li ser daxwz\u00ean axay\u00ean xwe welat w\u00earan dikin.\u2019\u2019<\/span><\/h3>\n<h3 style=\"text-align: justify\">Duh\u00ee fermandeyek\u00ee koma Sey\u00eedul \u015euheda ya He\u015fda \u015eeib\u00ee, Eb\u00fb Ala El Wela\u00ee \u00eari\u015f\u00ee Her\u00eama Kurdistan\u00ea kirib\u00fb \u00fb gefa w\u00ea yek\u00ea xwarib\u00fb, d\u00ea neh\u00ealin qan\u00fbna b\u00fbdceya Iraq\u00ea bi s\u00fbda Her\u00eama Kurdistan\u00ea were pesendkirin.<\/h3>\n<h3 style=\"text-align: justify\">\u00cero roja \u00e7ar\u015fem\u00ea 17.03.2021\u00ea Dije Terora Kurdistan\u00ea bersiva Eb\u00fb Ala El Wela\u00ee da ragihand: Li ser daxwaza axay\u00ean xwe h\u00fbn welat w\u00earan dikin \u00fb her roj li cihek\u00ee kiryar\u00ean teror\u00eest\u00ee encam didin, hemwelatiy\u00ean siv\u00eel dikin qurban\u00ee \u00fb cih\u00ean gi\u015ft\u00ee \u00fb firokexaney\u00ean meden\u00ee m\u00fb\u015fekbaran dikin \u00fb \u00ear\u00ee\u015f\u00ee hevpeymanan dikin.\u2019\u2019<\/h3>\n<h3 style=\"text-align: justify\">Herwiha Dije Terora Kurdistan\u00ea a\u015fkere j\u00ee kiriye we di 16\u00ea Cotmeh\u00ea de xwe beramber Serok Barzan\u00ee ceriand, l\u00eabel\u00ea h\u00fbn \u015fikestin \u00fb \u015fermezar\u00ee ji we re ma.<\/h3>\n","protected":false},"excerpt":{"rendered":"<p>Dije Terora Kurdistan\u00ea ji ser hesab\u00ea xwe y\u00ea tora medyaya civak\u00ee ji ser hesab\u00ea xwe y\u00ea Facebook\u00ea bersiva fermandeyek\u00ee koma Sey\u00eedul \u015euheda ya He\u015fda \u015eeib\u00ee, Eb\u00fb Ala El Wela\u00ee da \u00fb ragihand: \u2018\u2019H\u00fbn ne n\u00fbnertiya Iraq\u00ea dikin \u00fb ne j\u00ee xwediy\u00ea statuyeke ferm\u00ee ne, h\u00fbn teror\u00eest\u00ean tirsonek in \u00fb li ser daxwz\u00ean axay\u00ean xwe welat [&hellip;]<\/p>\n","protected":false},"author":2,"featured_media":1020269,"comment_status":"closed","ping_status":"closed","sticky":false,"template":"","format":"standard","meta":{"footnotes":""},"categories":[29],"tags":[37],"class_list":["post-1020268","post","type-post","status-publish","format-standard","has-post-thumbnail","hentry","category-kurdistan","tag-sereke"],"blocksy_meta":[],"seo_head":"<!-- This site is optimized with the Yoast SEO plugin v27.5 - https:\/\/yoast.com\/product\/yoast-seo-wordpress\/ -->\n<title>Dije Terora Kurdistan\u00ea bersiva fermandarek\u00ee He\u015fda \u015eeb\u00ee da - Darka Maz\u00ee<\/title>\n<meta name=\"robots\" content=\"index, follow, max-snippet:-1, max-image-preview:large, max-video-preview:-1\" \/>\n<link rel=\"canonical\" href=\"https:\/\/darkamazi.info\/archives\/1020268\" \/>\n<meta property=\"og:locale\" content=\"en_US\" \/>\n<meta property=\"og:type\" content=\"article\" \/>\n<meta property=\"og:title\" content=\"Dije Terora Kurdistan\u00ea bersiva fermandarek\u00ee He\u015fda \u015eeb\u00ee da - Darka Maz\u00ee\" \/>\n<meta property=\"og:description\" content=\"Dije Terora Kurdistan\u00ea ji ser hesab\u00ea xwe y\u00ea tora medyaya civak\u00ee ji ser hesab\u00ea xwe y\u00ea Facebook\u00ea bersiva fermandeyek\u00ee koma Sey\u00eedul \u015euheda ya He\u015fda \u015eeib\u00ee, Eb\u00fb Ala El Wela\u00ee da \u00fb ragihand: \u2018\u2019H\u00fbn ne n\u00fbnertiya Iraq\u00ea dikin \u00fb ne j\u00ee xwediy\u00ea statuyeke ferm\u00ee ne, h\u00fbn teror\u00eest\u00ean tirsonek in \u00fb li ser daxwz\u00ean axay\u00ean xwe welat [&hellip;]\" \/>\n<meta property=\"og:url\" content=\"https:\/\/darkamazi.info\/archives\/1020268\" \/>\n<meta property=\"og:site_name\" content=\"Darka Maz\u00ee\" \/>\n<meta property=\"article:publisher\" content=\"https:\/\/www.facebook.com\/DarMaziKurmanci\" \/>\n<meta property=\"article:published_time\" content=\"2021-03-17T18:42:34+00:00\" \/>\n<meta property=\"og:image\" content=\"https:\/\/darkamazi.info\/file\/2021\/03\/dije-teror-kurdistan.jpg\" \/>\n\t<meta property=\"og:image:width\" content=\"900\" \/>\n\t<meta property=\"og:image:height\" content=\"497\" \/>\n\t<meta property=\"og:image:type\" content=\"image\/jpeg\" \/>\n<meta name=\"author\" content=\"darka mazi\" \/>\n<meta name=\"twitter:card\" content=\"summary_large_image\" \/>\n<meta name=\"twitter:creator\" content=\"@DarkaMaziLatini\" \/>\n<meta name=\"twitter:site\" content=\"@DarkaMaziLatini\" \/>\n<meta name=\"twitter:label1\" content=\"Written by\" \/>\n\t<meta name=\"twitter:data1\" content=\"darka mazi\" \/>\n\t<meta name=\"twitter:label2\" content=\"Est. reading time\" \/>\n\t<meta name=\"twitter:data2\" content=\"1 minute\" \/>\n<script type=\"application\/ld+json\" class=\"seo-schema-graph\">{\"@context\":\"https:\\\/\\\/schema.org\",\"@graph\":[{\"@type\":\"Article\",\"@id\":\"https:\\\/\\\/darkamazi.info\\\/archives\\\/1020268#article\",\"isPartOf\":{\"@id\":\"https:\\\/\\\/darkamazi.info\\\/archives\\\/1020268\"},\"author\":{\"name\":\"darka mazi\",\"@id\":\"https:\\\/\\\/darkamazi.info\\\/#\\\/schema\\\/person\\\/5ad3e24553a0567993fa8ed4bd0a776c\"},\"headline\":\"Dije Terora Kurdistan\u00ea bersiva fermandarek\u00ee He\u015fda \u015eeb\u00ee da\",\"datePublished\":\"2021-03-17T18:42:34+00:00\",\"mainEntityOfPage\":{\"@id\":\"https:\\\/\\\/darkamazi.info\\\/archives\\\/1020268\"},\"wordCount\":194,\"publisher\":{\"@id\":\"https:\\\/\\\/darkamazi.info\\\/#organization\"},\"image\":{\"@id\":\"https:\\\/\\\/darkamazi.info\\\/archives\\\/1020268#primaryimage\"},\"thumbnailUrl\":\"https:\\\/\\\/darkamazi.info\\\/darka-content\\\/uploads\\\/2021\\\/03\\\/dije-teror-kurdistan.jpg\",\"keywords\":[\"sereke\"],\"articleSection\":[\"Kurdistan\"],\"inLanguage\":\"en-US\"},{\"@type\":\"WebPage\",\"@id\":\"https:\\\/\\\/darkamazi.info\\\/archives\\\/1020268\",\"url\":\"https:\\\/\\\/darkamazi.info\\\/archives\\\/1020268\",\"name\":\"Dije Terora Kurdistan\u00ea bersiva fermandarek\u00ee He\u015fda \u015eeb\u00ee da - Darka Maz\u00ee\",\"isPartOf\":{\"@id\":\"https:\\\/\\\/darkamazi.info\\\/#website\"},\"primaryImageOfPage\":{\"@id\":\"https:\\\/\\\/darkamazi.info\\\/archives\\\/1020268#primaryimage\"},\"image\":{\"@id\":\"https:\\\/\\\/darkamazi.info\\\/archives\\\/1020268#primaryimage\"},\"thumbnailUrl\":\"https:\\\/\\\/darkamazi.info\\\/darka-content\\\/uploads\\\/2021\\\/03\\\/dije-teror-kurdistan.jpg\",\"datePublished\":\"2021-03-17T18:42:34+00:00\",\"breadcrumb\":{\"@id\":\"https:\\\/\\\/darkamazi.info\\\/archives\\\/1020268#breadcrumb\"},\"inLanguage\":\"en-US\",\"potentialAction\":[{\"@type\":\"ReadAction\",\"target\":[\"https:\\\/\\\/darkamazi.info\\\/archives\\\/1020268\"]}]},{\"@type\":\"ImageObject\",\"inLanguage\":\"en-US\",\"@id\":\"https:\\\/\\\/darkamazi.info\\\/archives\\\/1020268#primaryimage\",\"url\":\"https:\\\/\\\/darkamazi.info\\\/darka-content\\\/uploads\\\/2021\\\/03\\\/dije-teror-kurdistan.jpg\",\"contentUrl\":\"https:\\\/\\\/darkamazi.info\\\/darka-content\\\/uploads\\\/2021\\\/03\\\/dije-teror-kurdistan.jpg\",\"width\":900,\"height\":497,\"caption\":\"Dije Terora Kurdistan\u00ea bersiva fermandarek\u00ee He\u015fda \u015eeb\u00ee da\"},{\"@type\":\"BreadcrumbList\",\"@id\":\"https:\\\/\\\/darkamazi.info\\\/archives\\\/1020268#breadcrumb\",\"itemListElement\":[{\"@type\":\"ListItem\",\"position\":1,\"name\":\"Home\",\"item\":\"https:\\\/\\\/darkamazi.info\\\/\"},{\"@type\":\"ListItem\",\"position\":2,\"name\":\"Dije Terora Kurdistan\u00ea bersiva fermandarek\u00ee He\u015fda \u015eeb\u00ee da\"}]},{\"@type\":\"WebSite\",\"@id\":\"https:\\\/\\\/darkamazi.info\\\/#website\",\"url\":\"https:\\\/\\\/darkamazi.info\\\/\",\"name\":\"Darka Maz\u00ee\",\"description\":\"P\u00eageha Zanyariy\u00ean Nebih\u00eest\u00ee\",\"publisher\":{\"@id\":\"https:\\\/\\\/darkamazi.info\\\/#organization\"},\"potentialAction\":[{\"@type\":\"SearchAction\",\"target\":{\"@type\":\"EntryPoint\",\"urlTemplate\":\"https:\\\/\\\/darkamazi.info\\\/?s={search_term_string}\"},\"query-input\":{\"@type\":\"PropertyValueSpecification\",\"valueRequired\":true,\"valueName\":\"search_term_string\"}}],\"inLanguage\":\"en-US\"},{\"@type\":\"Organization\",\"@id\":\"https:\\\/\\\/darkamazi.info\\\/#organization\",\"name\":\"Darka Maz\u00ee\",\"url\":\"https:\\\/\\\/darkamazi.info\\\/\",\"logo\":{\"@type\":\"ImageObject\",\"inLanguage\":\"en-US\",\"@id\":\"https:\\\/\\\/darkamazi.info\\\/#\\\/schema\\\/logo\\\/image\\\/\",\"url\":\"https:\\\/\\\/darkamazi.info\\\/darka-content\\\/uploads\\\/2017\\\/12\\\/darka-mazi-logo.png\",\"contentUrl\":\"https:\\\/\\\/darkamazi.info\\\/darka-content\\\/uploads\\\/2017\\\/12\\\/darka-mazi-logo.png\",\"width\":151,\"height\":75,\"caption\":\"Darka Maz\u00ee\"},\"image\":{\"@id\":\"https:\\\/\\\/darkamazi.info\\\/#\\\/schema\\\/logo\\\/image\\\/\"},\"sameAs\":[\"https:\\\/\\\/www.facebook.com\\\/DarMaziKurmanci\",\"https:\\\/\\\/x.com\\\/DarkaMaziLatini\",\"https:\\\/\\\/www.instagram.com\\\/darkamazi.kurmanci\\\/\",\"https:\\\/\\\/www.youtube.com\\\/channel\\\/UCa5HkTdmI8U1qCUFuTw8B2g\"]},{\"@type\":\"Person\",\"@id\":\"https:\\\/\\\/darkamazi.info\\\/#\\\/schema\\\/person\\\/5ad3e24553a0567993fa8ed4bd0a776c\",\"name\":\"darka mazi\",\"sameAs\":[\"https:\\\/\\\/darkamazi.info\\\/\"],\"url\":\"https:\\\/\\\/darkamazi.info\\\/archives\\\/author\\\/kurdi\"}]}<\/script>\n<!-- \/ Yoast SEO plugin. -->","seo_head_json":{"title":"Dije Terora Kurdistan\u00ea bersiva fermandarek\u00ee He\u015fda \u015eeb\u00ee da - Darka Maz\u00ee","robots":{"index":"index","follow":"follow","max-snippet":"max-snippet:-1","max-image-preview":"max-image-preview:large","max-video-preview":"max-video-preview:-1"},"canonical":"https:\/\/darkamazi.info\/archives\/1020268","og_locale":"en_US","og_type":"article","og_title":"Dije Terora Kurdistan\u00ea bersiva fermandarek\u00ee He\u015fda \u015eeb\u00ee da - Darka Maz\u00ee","og_description":"Dije Terora Kurdistan\u00ea ji ser hesab\u00ea xwe y\u00ea tora medyaya civak\u00ee ji ser hesab\u00ea xwe y\u00ea Facebook\u00ea bersiva fermandeyek\u00ee koma Sey\u00eedul \u015euheda ya He\u015fda \u015eeib\u00ee, Eb\u00fb Ala El Wela\u00ee da \u00fb ragihand: \u2018\u2019H\u00fbn ne n\u00fbnertiya Iraq\u00ea dikin \u00fb ne j\u00ee xwediy\u00ea statuyeke ferm\u00ee ne, h\u00fbn teror\u00eest\u00ean tirsonek in \u00fb li ser daxwz\u00ean axay\u00ean xwe welat [&hellip;]","og_url":"https:\/\/darkamazi.info\/archives\/1020268","og_site_name":"Darka Maz\u00ee","article_publisher":"https:\/\/www.facebook.com\/DarMaziKurmanci","article_published_time":"2021-03-17T18:42:34+00:00","og_image":[{"width":900,"height":497,"url":"https:\/\/darkamazi.info\/file\/2021\/03\/dije-teror-kurdistan.jpg","type":"image\/jpeg"}],"author":"darka mazi","twitter_card":"summary_large_image","twitter_creator":"@DarkaMaziLatini","twitter_site":"@DarkaMaziLatini","twitter_misc":{"Written by":"darka mazi","Est. reading time":"1 minute"},"schema":{"@context":"https:\/\/schema.org","@graph":[{"@type":"Article","@id":"https:\/\/darkamazi.info\/archives\/1020268#article","isPartOf":{"@id":"https:\/\/darkamazi.info\/archives\/1020268"},"author":{"name":"darka mazi","@id":"https:\/\/darkamazi.info\/#\/schema\/person\/5ad3e24553a0567993fa8ed4bd0a776c"},"headline":"Dije Terora Kurdistan\u00ea bersiva fermandarek\u00ee He\u015fda \u015eeb\u00ee da","datePublished":"2021-03-17T18:42:34+00:00","mainEntityOfPage":{"@id":"https:\/\/darkamazi.info\/archives\/1020268"},"wordCount":194,"publisher":{"@id":"https:\/\/darkamazi.info\/#organization"},"image":{"@id":"https:\/\/darkamazi.info\/archives\/1020268#primaryimage"},"thumbnailUrl":"https:\/\/darkamazi.info\/file\/2021\/03\/dije-teror-kurdistan.jpg","keywords":["sereke"],"articleSection":["Kurdistan"],"inLanguage":"en-US"},{"@type":"WebPage","@id":"https:\/\/darkamazi.info\/archives\/1020268","url":"https:\/\/darkamazi.info\/archives\/1020268","name":"Dije Terora Kurdistan\u00ea bersiva fermandarek\u00ee He\u015fda \u015eeb\u00ee da - Darka Maz\u00ee","isPartOf":{"@id":"https:\/\/darkamazi.info\/#website"},"primaryImageOfPage":{"@id":"https:\/\/darkamazi.info\/archives\/1020268#primaryimage"},"image":{"@id":"https:\/\/darkamazi.info\/archives\/1020268#primaryimage"},"thumbnailUrl":"https:\/\/darkamazi.info\/file\/2021\/03\/dije-teror-kurdistan.jpg","datePublished":"2021-03-17T18:42:34+00:00","breadcrumb":{"@id":"https:\/\/darkamazi.info\/archives\/1020268#breadcrumb"},"inLanguage":"en-US","potentialAction":[{"@type":"ReadAction","target":["https:\/\/darkamazi.info\/archives\/1020268"]}]},{"@type":"ImageObject","inLanguage":"en-US","@id":"https:\/\/darkamazi.info\/archives\/1020268#primaryimage","url":"https:\/\/darkamazi.info\/file\/2021\/03\/dije-teror-kurdistan.jpg","contentUrl":"https:\/\/darkamazi.info\/file\/2021\/03\/dije-teror-kurdistan.jpg","width":900,"height":497,"caption":"Dije Terora Kurdistan\u00ea bersiva fermandarek\u00ee He\u015fda \u015eeb\u00ee da"},{"@type":"BreadcrumbList","@id":"https:\/\/darkamazi.info\/archives\/1020268#breadcrumb","itemListElement":[{"@type":"ListItem","position":1,"name":"Home","item":"https:\/\/darkamazi.info\/"},{"@type":"ListItem","position":2,"name":"Dije Terora Kurdistan\u00ea bersiva fermandarek\u00ee He\u015fda \u015eeb\u00ee da"}]},{"@type":"WebSite","@id":"https:\/\/darkamazi.info\/#website","url":"https:\/\/darkamazi.info\/","name":"Darka Maz\u00ee","description":"P\u00eageha Zanyariy\u00ean Nebih\u00eest\u00ee","publisher":{"@id":"https:\/\/darkamazi.info\/#organization"},"potentialAction":[{"@type":"SearchAction","target":{"@type":"EntryPoint","urlTemplate":"https:\/\/darkamazi.info\/?s={search_term_string}"},"query-input":{"@type":"PropertyValueSpecification","valueRequired":true,"valueName":"search_term_string"}}],"inLanguage":"en-US"},{"@type":"Organization","@id":"https:\/\/darkamazi.info\/#organization","name":"Darka Maz\u00ee","url":"https:\/\/darkamazi.info\/","logo":{"@type":"ImageObject","inLanguage":"en-US","@id":"https:\/\/darkamazi.info\/#\/schema\/logo\/image\/","url":"https:\/\/darkamazi.info\/file\/2017\/12\/darka-mazi-logo.png","contentUrl":"https:\/\/darkamazi.info\/file\/2017\/12\/darka-mazi-logo.png","width":151,"height":75,"caption":"Darka Maz\u00ee"},"image":{"@id":"https:\/\/darkamazi.info\/#\/schema\/logo\/image\/"},"sameAs":["https:\/\/www.facebook.com\/DarMaziKurmanci","https:\/\/x.com\/DarkaMaziLatini","https:\/\/www.instagram.com\/darkamazi.kurmanci\/","https:\/\/www.youtube.com\/channel\/UCa5HkTdmI8U1qCUFuTw8B2g"]},{"@type":"Person","@id":"https:\/\/darkamazi.info\/#\/schema\/person\/5ad3e24553a0567993fa8ed4bd0a776c","name":"darka mazi","sameAs":["https:\/\/darkamazi.info\/"],"url":"https:\/\/darkamazi.info\/archives\/author\/kurdi"}]}},"_links":{"self":[{"href":"https:\/\/darkamazi.info\/funavuv\/wp\/v2\/posts\/1020268","targetHints":{"allow":["GET"]}}],"collection":[{"href":"https:\/\/darkamazi.info\/funavuv\/wp\/v2\/posts"}],"about":[{"href":"https:\/\/darkamazi.info\/funavuv\/wp\/v2\/types\/post"}],"author":[{"embeddable":true,"href":"https:\/\/darkamazi.info\/funavuv\/wp\/v2\/users\/2"}],"replies":[{"embeddable":true,"href":"https:\/\/darkamazi.info\/funavuv\/wp\/v2\/comments?post=1020268"}],"version-history":[{"count":0,"href":"https:\/\/darkamazi.info\/funavuv\/wp\/v2\/posts\/1020268\/revisions"}],"wp:featuredmedia":[{"embeddable":true,"href":"https:\/\/darkamazi.info\/funavuv\/wp\/v2\/media\/1020269"}],"wp:attachment":[{"href":"https:\/\/darkamazi.info\/funavuv\/wp\/v2\/media?parent=1020268"}],"wp:term":[{"taxonomy":"category","embeddable":true,"href":"https:\/\/darkamazi.info\/funavuv\/wp\/v2\/categories?post=1020268"},{"taxonomy":"post_tag","embeddable":true,"href":"https:\/\/darkamazi.info\/funavuv\/wp\/v2\/tags?post=1020268"}],"curies":[{"name":"wp","href":"https:\/\/api.w.org\/{rel}","templated":true}]}}