{"id":1020277,"date":"2021-03-19T16:53:31","date_gmt":"2021-03-19T13:53:31","guid":{"rendered":"https:\/\/darkamazi.info\/?p=1020277"},"modified":"2021-03-19T16:53:31","modified_gmt":"2021-03-19T13:53:31","slug":"artesa-tirkiye-cend-deveren-di-deste-rejima-suriye-de-borduman-kirin","status":"publish","type":"post","link":"https:\/\/darkamazi.info\/archives\/1020277","title":{"rendered":"Art\u00ea\u015fa Tirkiy\u00ea \u00e7end dever\u00ean di dest\u00ea r\u00eaj\u00eema S\u00fbriy\u00ea de bord\u00fbman kirin"},"content":{"rendered":"<h3 style=\"text-align: justify\"><span style=\"font-family: 'arial black', sans-serif\">Art\u00ea\u015fa Tirkiy\u00ea \u00e7end dever\u00ean di bin desthilata art\u00ea\u015fa S\u00fbriy\u00ea de bombebaran kirin.<\/span><\/h3>\n<h3 style=\"text-align: justify\">Pi\u015ft\u00ee ku \u00e7end m\u00fb\u015fek li bajar\u00ea Kil\u00ees\u00ea y\u00ea Tirkiy\u00ea li ser s\u00eenor\u00ea S\u00fbriy\u00ea ketib\u00fbn xwar\u00ea, Tirkiy\u00ea \u00e7end dever\u00ean di bin desthilata art\u00ea\u015fa S\u00fbriy\u00ea de bombebaran kirin \u00fb h\u00eaz\u00ean art\u00ea\u015fa welat\u00ea xwe li dever\u00ean s\u00eenor\u00ee xist amadeba\u015fiy\u00ea.<\/h3>\n<h3 style=\"text-align: justify\">Herwiha hik\u00fbmeta Tirkiy\u00ea ji R\u00fbsyay\u00ea daxwaz kir ku biryara agirbest\u00ea were c\u00eebic\u00eekirin \u00fb \u00ead\u00ee r\u00ea ney\u00ea day\u00een ku b\u00fbyer\u00ean bi v\u00ee reng\u00ee dubare bibin.<\/h3>\n<h3 style=\"text-align: justify\">Di Adara sala bor\u00ee de, Enqere \u00fb Moskow li ser agirbesta li par\u00eazgeha Idlib\u00ea ya li bak\u00fbr\u00ea rojavay\u00ea S\u00fbriy\u00ea li hev kirib\u00fbn, ev j\u00ee pi\u015ft\u00ee \u00ear\u00ee\u015feke art\u00ea\u015fa S\u00fbriy\u00ea b\u00fb ku di encama \u00ear\u00ee\u015f\u00ea de 36 serbaz\u00ean Tirkiy\u00ea hatib\u00fbn ku\u015ftin.<\/h3>\n","protected":false},"excerpt":{"rendered":"<p>Art\u00ea\u015fa Tirkiy\u00ea \u00e7end dever\u00ean di bin desthilata art\u00ea\u015fa S\u00fbriy\u00ea de bombebaran kirin. Pi\u015ft\u00ee ku \u00e7end m\u00fb\u015fek li bajar\u00ea Kil\u00ees\u00ea y\u00ea Tirkiy\u00ea li ser s\u00eenor\u00ea S\u00fbriy\u00ea ketib\u00fbn xwar\u00ea, Tirkiy\u00ea \u00e7end dever\u00ean di bin desthilata art\u00ea\u015fa S\u00fbriy\u00ea de bombebaran kirin \u00fb h\u00eaz\u00ean art\u00ea\u015fa welat\u00ea xwe li dever\u00ean s\u00eenor\u00ee xist amadeba\u015fiy\u00ea. Herwiha hik\u00fbmeta Tirkiy\u00ea ji R\u00fbsyay\u00ea daxwaz kir [&hellip;]<\/p>\n","protected":false},"author":2,"featured_media":1020278,"comment_status":"closed","ping_status":"closed","sticky":false,"template":"","format":"standard","meta":{"footnotes":""},"categories":[31],"tags":[37],"class_list":["post-1020277","post","type-post","status-publish","format-standard","has-post-thumbnail","hentry","category-rojhelata-navin","tag-sereke"],"blocksy_meta":[],"seo_head":"<!-- This site is optimized with the Yoast SEO plugin v27.5 - https:\/\/yoast.com\/product\/yoast-seo-wordpress\/ -->\n<title>Art\u00ea\u015fa Tirkiy\u00ea \u00e7end dever\u00ean di dest\u00ea r\u00eaj\u00eema S\u00fbriy\u00ea de bord\u00fbman kirin - Darka Maz\u00ee<\/title>\n<meta name=\"robots\" content=\"index, follow, max-snippet:-1, max-image-preview:large, max-video-preview:-1\" \/>\n<link rel=\"canonical\" href=\"https:\/\/darkamazi.info\/archives\/1020277\" \/>\n<meta property=\"og:locale\" content=\"en_US\" \/>\n<meta property=\"og:type\" content=\"article\" \/>\n<meta property=\"og:title\" content=\"Art\u00ea\u015fa Tirkiy\u00ea \u00e7end dever\u00ean di dest\u00ea r\u00eaj\u00eema S\u00fbriy\u00ea de bord\u00fbman kirin - Darka Maz\u00ee\" \/>\n<meta property=\"og:description\" content=\"Art\u00ea\u015fa Tirkiy\u00ea \u00e7end dever\u00ean di bin desthilata art\u00ea\u015fa S\u00fbriy\u00ea de bombebaran kirin. Pi\u015ft\u00ee ku \u00e7end m\u00fb\u015fek li bajar\u00ea Kil\u00ees\u00ea y\u00ea Tirkiy\u00ea li ser s\u00eenor\u00ea S\u00fbriy\u00ea ketib\u00fbn xwar\u00ea, Tirkiy\u00ea \u00e7end dever\u00ean di bin desthilata art\u00ea\u015fa S\u00fbriy\u00ea de bombebaran kirin \u00fb h\u00eaz\u00ean art\u00ea\u015fa welat\u00ea xwe li dever\u00ean s\u00eenor\u00ee xist amadeba\u015fiy\u00ea. Herwiha hik\u00fbmeta Tirkiy\u00ea ji R\u00fbsyay\u00ea daxwaz kir [&hellip;]\" \/>\n<meta property=\"og:url\" content=\"https:\/\/darkamazi.info\/archives\/1020277\" \/>\n<meta property=\"og:site_name\" content=\"Darka Maz\u00ee\" \/>\n<meta property=\"article:publisher\" content=\"https:\/\/www.facebook.com\/DarMaziKurmanci\" \/>\n<meta property=\"article:published_time\" content=\"2021-03-19T13:53:31+00:00\" \/>\n<meta property=\"og:image\" content=\"https:\/\/darkamazi.info\/file\/2021\/03\/suriya-tirkiye.jpg\" \/>\n\t<meta property=\"og:image:width\" content=\"900\" \/>\n\t<meta property=\"og:image:height\" content=\"497\" \/>\n\t<meta property=\"og:image:type\" content=\"image\/jpeg\" \/>\n<meta name=\"author\" content=\"darka mazi\" \/>\n<meta name=\"twitter:card\" content=\"summary_large_image\" \/>\n<meta name=\"twitter:creator\" content=\"@DarkaMaziLatini\" \/>\n<meta name=\"twitter:site\" content=\"@DarkaMaziLatini\" \/>\n<meta name=\"twitter:label1\" content=\"Written by\" \/>\n\t<meta name=\"twitter:data1\" content=\"darka mazi\" \/>\n\t<meta name=\"twitter:label2\" content=\"Est. reading time\" \/>\n\t<meta name=\"twitter:data2\" content=\"1 minute\" \/>\n<script type=\"application\/ld+json\" class=\"seo-schema-graph\">{\"@context\":\"https:\\\/\\\/schema.org\",\"@graph\":[{\"@type\":\"Article\",\"@id\":\"https:\\\/\\\/darkamazi.info\\\/archives\\\/1020277#article\",\"isPartOf\":{\"@id\":\"https:\\\/\\\/darkamazi.info\\\/archives\\\/1020277\"},\"author\":{\"name\":\"darka mazi\",\"@id\":\"https:\\\/\\\/darkamazi.info\\\/#\\\/schema\\\/person\\\/5ad3e24553a0567993fa8ed4bd0a776c\"},\"headline\":\"Art\u00ea\u015fa Tirkiy\u00ea \u00e7end dever\u00ean di dest\u00ea r\u00eaj\u00eema S\u00fbriy\u00ea de bord\u00fbman kirin\",\"datePublished\":\"2021-03-19T13:53:31+00:00\",\"mainEntityOfPage\":{\"@id\":\"https:\\\/\\\/darkamazi.info\\\/archives\\\/1020277\"},\"wordCount\":161,\"publisher\":{\"@id\":\"https:\\\/\\\/darkamazi.info\\\/#organization\"},\"image\":{\"@id\":\"https:\\\/\\\/darkamazi.info\\\/archives\\\/1020277#primaryimage\"},\"thumbnailUrl\":\"https:\\\/\\\/darkamazi.info\\\/darka-content\\\/uploads\\\/2021\\\/03\\\/suriya-tirkiye.jpg\",\"keywords\":[\"sereke\"],\"articleSection\":[\"Rojhelata nav\u00een\"],\"inLanguage\":\"en-US\"},{\"@type\":\"WebPage\",\"@id\":\"https:\\\/\\\/darkamazi.info\\\/archives\\\/1020277\",\"url\":\"https:\\\/\\\/darkamazi.info\\\/archives\\\/1020277\",\"name\":\"Art\u00ea\u015fa Tirkiy\u00ea \u00e7end dever\u00ean di dest\u00ea r\u00eaj\u00eema S\u00fbriy\u00ea de bord\u00fbman kirin - Darka Maz\u00ee\",\"isPartOf\":{\"@id\":\"https:\\\/\\\/darkamazi.info\\\/#website\"},\"primaryImageOfPage\":{\"@id\":\"https:\\\/\\\/darkamazi.info\\\/archives\\\/1020277#primaryimage\"},\"image\":{\"@id\":\"https:\\\/\\\/darkamazi.info\\\/archives\\\/1020277#primaryimage\"},\"thumbnailUrl\":\"https:\\\/\\\/darkamazi.info\\\/darka-content\\\/uploads\\\/2021\\\/03\\\/suriya-tirkiye.jpg\",\"datePublished\":\"2021-03-19T13:53:31+00:00\",\"breadcrumb\":{\"@id\":\"https:\\\/\\\/darkamazi.info\\\/archives\\\/1020277#breadcrumb\"},\"inLanguage\":\"en-US\",\"potentialAction\":[{\"@type\":\"ReadAction\",\"target\":[\"https:\\\/\\\/darkamazi.info\\\/archives\\\/1020277\"]}]},{\"@type\":\"ImageObject\",\"inLanguage\":\"en-US\",\"@id\":\"https:\\\/\\\/darkamazi.info\\\/archives\\\/1020277#primaryimage\",\"url\":\"https:\\\/\\\/darkamazi.info\\\/darka-content\\\/uploads\\\/2021\\\/03\\\/suriya-tirkiye.jpg\",\"contentUrl\":\"https:\\\/\\\/darkamazi.info\\\/darka-content\\\/uploads\\\/2021\\\/03\\\/suriya-tirkiye.jpg\",\"width\":900,\"height\":497,\"caption\":\"Art\u00ea\u015fa Tirkiy\u00ea \u00e7end dever\u00ean di dest\u00ea r\u00eaj\u00eema S\u00fbriy\u00ea de bord\u00fbman kirin\"},{\"@type\":\"BreadcrumbList\",\"@id\":\"https:\\\/\\\/darkamazi.info\\\/archives\\\/1020277#breadcrumb\",\"itemListElement\":[{\"@type\":\"ListItem\",\"position\":1,\"name\":\"Home\",\"item\":\"https:\\\/\\\/darkamazi.info\\\/\"},{\"@type\":\"ListItem\",\"position\":2,\"name\":\"Art\u00ea\u015fa Tirkiy\u00ea \u00e7end dever\u00ean di dest\u00ea r\u00eaj\u00eema S\u00fbriy\u00ea de bord\u00fbman kirin\"}]},{\"@type\":\"WebSite\",\"@id\":\"https:\\\/\\\/darkamazi.info\\\/#website\",\"url\":\"https:\\\/\\\/darkamazi.info\\\/\",\"name\":\"Darka Maz\u00ee\",\"description\":\"P\u00eageha Zanyariy\u00ean Nebih\u00eest\u00ee\",\"publisher\":{\"@id\":\"https:\\\/\\\/darkamazi.info\\\/#organization\"},\"potentialAction\":[{\"@type\":\"SearchAction\",\"target\":{\"@type\":\"EntryPoint\",\"urlTemplate\":\"https:\\\/\\\/darkamazi.info\\\/?s={search_term_string}\"},\"query-input\":{\"@type\":\"PropertyValueSpecification\",\"valueRequired\":true,\"valueName\":\"search_term_string\"}}],\"inLanguage\":\"en-US\"},{\"@type\":\"Organization\",\"@id\":\"https:\\\/\\\/darkamazi.info\\\/#organization\",\"name\":\"Darka Maz\u00ee\",\"url\":\"https:\\\/\\\/darkamazi.info\\\/\",\"logo\":{\"@type\":\"ImageObject\",\"inLanguage\":\"en-US\",\"@id\":\"https:\\\/\\\/darkamazi.info\\\/#\\\/schema\\\/logo\\\/image\\\/\",\"url\":\"https:\\\/\\\/darkamazi.info\\\/darka-content\\\/uploads\\\/2017\\\/12\\\/darka-mazi-logo.png\",\"contentUrl\":\"https:\\\/\\\/darkamazi.info\\\/darka-content\\\/uploads\\\/2017\\\/12\\\/darka-mazi-logo.png\",\"width\":151,\"height\":75,\"caption\":\"Darka Maz\u00ee\"},\"image\":{\"@id\":\"https:\\\/\\\/darkamazi.info\\\/#\\\/schema\\\/logo\\\/image\\\/\"},\"sameAs\":[\"https:\\\/\\\/www.facebook.com\\\/DarMaziKurmanci\",\"https:\\\/\\\/x.com\\\/DarkaMaziLatini\",\"https:\\\/\\\/www.instagram.com\\\/darkamazi.kurmanci\\\/\",\"https:\\\/\\\/www.youtube.com\\\/channel\\\/UCa5HkTdmI8U1qCUFuTw8B2g\"]},{\"@type\":\"Person\",\"@id\":\"https:\\\/\\\/darkamazi.info\\\/#\\\/schema\\\/person\\\/5ad3e24553a0567993fa8ed4bd0a776c\",\"name\":\"darka mazi\",\"sameAs\":[\"https:\\\/\\\/darkamazi.info\\\/\"],\"url\":\"https:\\\/\\\/darkamazi.info\\\/archives\\\/author\\\/kurdi\"}]}<\/script>\n<!-- \/ Yoast SEO plugin. -->","seo_head_json":{"title":"Art\u00ea\u015fa Tirkiy\u00ea \u00e7end dever\u00ean di dest\u00ea r\u00eaj\u00eema S\u00fbriy\u00ea de bord\u00fbman kirin - Darka Maz\u00ee","robots":{"index":"index","follow":"follow","max-snippet":"max-snippet:-1","max-image-preview":"max-image-preview:large","max-video-preview":"max-video-preview:-1"},"canonical":"https:\/\/darkamazi.info\/archives\/1020277","og_locale":"en_US","og_type":"article","og_title":"Art\u00ea\u015fa Tirkiy\u00ea \u00e7end dever\u00ean di dest\u00ea r\u00eaj\u00eema S\u00fbriy\u00ea de bord\u00fbman kirin - Darka Maz\u00ee","og_description":"Art\u00ea\u015fa Tirkiy\u00ea \u00e7end dever\u00ean di bin desthilata art\u00ea\u015fa S\u00fbriy\u00ea de bombebaran kirin. Pi\u015ft\u00ee ku \u00e7end m\u00fb\u015fek li bajar\u00ea Kil\u00ees\u00ea y\u00ea Tirkiy\u00ea li ser s\u00eenor\u00ea S\u00fbriy\u00ea ketib\u00fbn xwar\u00ea, Tirkiy\u00ea \u00e7end dever\u00ean di bin desthilata art\u00ea\u015fa S\u00fbriy\u00ea de bombebaran kirin \u00fb h\u00eaz\u00ean art\u00ea\u015fa welat\u00ea xwe li dever\u00ean s\u00eenor\u00ee xist amadeba\u015fiy\u00ea. Herwiha hik\u00fbmeta Tirkiy\u00ea ji R\u00fbsyay\u00ea daxwaz kir [&hellip;]","og_url":"https:\/\/darkamazi.info\/archives\/1020277","og_site_name":"Darka Maz\u00ee","article_publisher":"https:\/\/www.facebook.com\/DarMaziKurmanci","article_published_time":"2021-03-19T13:53:31+00:00","og_image":[{"width":900,"height":497,"url":"https:\/\/darkamazi.info\/file\/2021\/03\/suriya-tirkiye.jpg","type":"image\/jpeg"}],"author":"darka mazi","twitter_card":"summary_large_image","twitter_creator":"@DarkaMaziLatini","twitter_site":"@DarkaMaziLatini","twitter_misc":{"Written by":"darka mazi","Est. reading time":"1 minute"},"schema":{"@context":"https:\/\/schema.org","@graph":[{"@type":"Article","@id":"https:\/\/darkamazi.info\/archives\/1020277#article","isPartOf":{"@id":"https:\/\/darkamazi.info\/archives\/1020277"},"author":{"name":"darka mazi","@id":"https:\/\/darkamazi.info\/#\/schema\/person\/5ad3e24553a0567993fa8ed4bd0a776c"},"headline":"Art\u00ea\u015fa Tirkiy\u00ea \u00e7end dever\u00ean di dest\u00ea r\u00eaj\u00eema S\u00fbriy\u00ea de bord\u00fbman kirin","datePublished":"2021-03-19T13:53:31+00:00","mainEntityOfPage":{"@id":"https:\/\/darkamazi.info\/archives\/1020277"},"wordCount":161,"publisher":{"@id":"https:\/\/darkamazi.info\/#organization"},"image":{"@id":"https:\/\/darkamazi.info\/archives\/1020277#primaryimage"},"thumbnailUrl":"https:\/\/darkamazi.info\/file\/2021\/03\/suriya-tirkiye.jpg","keywords":["sereke"],"articleSection":["Rojhelata nav\u00een"],"inLanguage":"en-US"},{"@type":"WebPage","@id":"https:\/\/darkamazi.info\/archives\/1020277","url":"https:\/\/darkamazi.info\/archives\/1020277","name":"Art\u00ea\u015fa Tirkiy\u00ea \u00e7end dever\u00ean di dest\u00ea r\u00eaj\u00eema S\u00fbriy\u00ea de bord\u00fbman kirin - Darka Maz\u00ee","isPartOf":{"@id":"https:\/\/darkamazi.info\/#website"},"primaryImageOfPage":{"@id":"https:\/\/darkamazi.info\/archives\/1020277#primaryimage"},"image":{"@id":"https:\/\/darkamazi.info\/archives\/1020277#primaryimage"},"thumbnailUrl":"https:\/\/darkamazi.info\/file\/2021\/03\/suriya-tirkiye.jpg","datePublished":"2021-03-19T13:53:31+00:00","breadcrumb":{"@id":"https:\/\/darkamazi.info\/archives\/1020277#breadcrumb"},"inLanguage":"en-US","potentialAction":[{"@type":"ReadAction","target":["https:\/\/darkamazi.info\/archives\/1020277"]}]},{"@type":"ImageObject","inLanguage":"en-US","@id":"https:\/\/darkamazi.info\/archives\/1020277#primaryimage","url":"https:\/\/darkamazi.info\/file\/2021\/03\/suriya-tirkiye.jpg","contentUrl":"https:\/\/darkamazi.info\/file\/2021\/03\/suriya-tirkiye.jpg","width":900,"height":497,"caption":"Art\u00ea\u015fa Tirkiy\u00ea \u00e7end dever\u00ean di dest\u00ea r\u00eaj\u00eema S\u00fbriy\u00ea de bord\u00fbman kirin"},{"@type":"BreadcrumbList","@id":"https:\/\/darkamazi.info\/archives\/1020277#breadcrumb","itemListElement":[{"@type":"ListItem","position":1,"name":"Home","item":"https:\/\/darkamazi.info\/"},{"@type":"ListItem","position":2,"name":"Art\u00ea\u015fa Tirkiy\u00ea \u00e7end dever\u00ean di dest\u00ea r\u00eaj\u00eema S\u00fbriy\u00ea de bord\u00fbman kirin"}]},{"@type":"WebSite","@id":"https:\/\/darkamazi.info\/#website","url":"https:\/\/darkamazi.info\/","name":"Darka Maz\u00ee","description":"P\u00eageha Zanyariy\u00ean Nebih\u00eest\u00ee","publisher":{"@id":"https:\/\/darkamazi.info\/#organization"},"potentialAction":[{"@type":"SearchAction","target":{"@type":"EntryPoint","urlTemplate":"https:\/\/darkamazi.info\/?s={search_term_string}"},"query-input":{"@type":"PropertyValueSpecification","valueRequired":true,"valueName":"search_term_string"}}],"inLanguage":"en-US"},{"@type":"Organization","@id":"https:\/\/darkamazi.info\/#organization","name":"Darka Maz\u00ee","url":"https:\/\/darkamazi.info\/","logo":{"@type":"ImageObject","inLanguage":"en-US","@id":"https:\/\/darkamazi.info\/#\/schema\/logo\/image\/","url":"https:\/\/darkamazi.info\/file\/2017\/12\/darka-mazi-logo.png","contentUrl":"https:\/\/darkamazi.info\/file\/2017\/12\/darka-mazi-logo.png","width":151,"height":75,"caption":"Darka Maz\u00ee"},"image":{"@id":"https:\/\/darkamazi.info\/#\/schema\/logo\/image\/"},"sameAs":["https:\/\/www.facebook.com\/DarMaziKurmanci","https:\/\/x.com\/DarkaMaziLatini","https:\/\/www.instagram.com\/darkamazi.kurmanci\/","https:\/\/www.youtube.com\/channel\/UCa5HkTdmI8U1qCUFuTw8B2g"]},{"@type":"Person","@id":"https:\/\/darkamazi.info\/#\/schema\/person\/5ad3e24553a0567993fa8ed4bd0a776c","name":"darka mazi","sameAs":["https:\/\/darkamazi.info\/"],"url":"https:\/\/darkamazi.info\/archives\/author\/kurdi"}]}},"_links":{"self":[{"href":"https:\/\/darkamazi.info\/funavuv\/wp\/v2\/posts\/1020277","targetHints":{"allow":["GET"]}}],"collection":[{"href":"https:\/\/darkamazi.info\/funavuv\/wp\/v2\/posts"}],"about":[{"href":"https:\/\/darkamazi.info\/funavuv\/wp\/v2\/types\/post"}],"author":[{"embeddable":true,"href":"https:\/\/darkamazi.info\/funavuv\/wp\/v2\/users\/2"}],"replies":[{"embeddable":true,"href":"https:\/\/darkamazi.info\/funavuv\/wp\/v2\/comments?post=1020277"}],"version-history":[{"count":0,"href":"https:\/\/darkamazi.info\/funavuv\/wp\/v2\/posts\/1020277\/revisions"}],"wp:featuredmedia":[{"embeddable":true,"href":"https:\/\/darkamazi.info\/funavuv\/wp\/v2\/media\/1020278"}],"wp:attachment":[{"href":"https:\/\/darkamazi.info\/funavuv\/wp\/v2\/media?parent=1020277"}],"wp:term":[{"taxonomy":"category","embeddable":true,"href":"https:\/\/darkamazi.info\/funavuv\/wp\/v2\/categories?post=1020277"},{"taxonomy":"post_tag","embeddable":true,"href":"https:\/\/darkamazi.info\/funavuv\/wp\/v2\/tags?post=1020277"}],"curies":[{"name":"wp","href":"https:\/\/api.w.org\/{rel}","templated":true}]}}