{"id":1020340,"date":"2021-03-25T11:46:34","date_gmt":"2021-03-25T08:46:34","guid":{"rendered":"https:\/\/darkamazi.info\/?p=1020340"},"modified":"2021-03-25T11:46:34","modified_gmt":"2021-03-25T08:46:34","slug":"lekolina-li-ser-girtina-hdpe-di-31-adare-de-te-kirin","status":"publish","type":"post","link":"https:\/\/darkamazi.info\/archives\/1020340","title":{"rendered":"l\u00eakol\u00eena li ser girtina HDP\u00ea di 31 Adar\u00ea de t\u00ea kirin"},"content":{"rendered":"<h3 style=\"direction: ltr;text-align: justify\"><span style=\"font-family: 'arial black', sans-serif\">Dadgeha Dest\u00fbr\u00ea ya Tirkiyey\u00ea diyar kir, di 31\u00ea Adar\u00ea de, yekem\u00een l\u00eakol\u00een\u00ea li ser dosyeya girtina HDP\u00ea dike.<\/span><\/h3>\n<h3 style=\"direction: ltr;text-align: justify\">Serdozgeriya Komar\u00ee ya Dadgeha Dest\u00fbr\u00ea li ser malpera xwe destn\u00ee\u015fan kir, Civata Gi\u015ft\u00ee ya Dadgeh\u00ea bi armanca l\u00eakol\u00eena destp\u00eak\u00ea li ser doza girtina HDP\u00ea, 31\u00ea Adar\u00ea d\u00ea bicive \u00fb biryara qeb\u00fblkirin yan j\u00ee redkirina doznamey\u00ea bide.<\/h3>\n<h3 style=\"direction: ltr;text-align: justify\">Serdozger\u00ea Dadgeha Bilind Bek\u00eer \u015eah\u00een, ji bo girtina HDP\u00ea li Dadgeha Dest\u00fbre doz vekirib\u00fb \u00fb dozname ji bo Dadgeha Jor\u00een ya Dest\u00fbra Bingeh\u00een hatib\u00fb \u015fandin.<\/h3>\n<h3 style=\"direction: ltr;text-align: justify\">H\u00eajay\u00ee gotin\u00ea ye, daxwaza girtina HDP\u00ea di asta c\u00eehan\u00ea de deng veda. Yek\u00eetiya Ewropa \u00fb Amer\u00eeka derbar\u00ea v\u00ea mijar\u00ea de, dilgiraniya xwe n\u00ee\u015fan dab\u00fbn.<\/h3>\n","protected":false},"excerpt":{"rendered":"<p>Dadgeha Dest\u00fbr\u00ea ya Tirkiyey\u00ea diyar kir, di 31\u00ea Adar\u00ea de, yekem\u00een l\u00eakol\u00een\u00ea li ser dosyeya girtina HDP\u00ea dike. Serdozgeriya Komar\u00ee ya Dadgeha Dest\u00fbr\u00ea li ser malpera xwe destn\u00ee\u015fan kir, Civata Gi\u015ft\u00ee ya Dadgeh\u00ea bi armanca l\u00eakol\u00eena destp\u00eak\u00ea li ser doza girtina HDP\u00ea, 31\u00ea Adar\u00ea d\u00ea bicive \u00fb biryara qeb\u00fblkirin yan j\u00ee redkirina doznamey\u00ea bide. Serdozger\u00ea [&hellip;]<\/p>\n","protected":false},"author":2,"featured_media":1020342,"comment_status":"closed","ping_status":"closed","sticky":false,"template":"","format":"standard","meta":{"footnotes":""},"categories":[29],"tags":[37],"class_list":["post-1020340","post","type-post","status-publish","format-standard","has-post-thumbnail","hentry","category-kurdistan","tag-sereke"],"blocksy_meta":[],"seo_head":"<!-- This site is optimized with the Yoast SEO plugin v27.5 - https:\/\/yoast.com\/product\/yoast-seo-wordpress\/ -->\n<title>l\u00eakol\u00eena li ser girtina HDP\u00ea di 31 Adar\u00ea de t\u00ea kirin - Darka Maz\u00ee<\/title>\n<meta name=\"robots\" content=\"index, follow, max-snippet:-1, max-image-preview:large, max-video-preview:-1\" \/>\n<link rel=\"canonical\" href=\"https:\/\/darkamazi.info\/archives\/1020340\" \/>\n<meta property=\"og:locale\" content=\"en_US\" \/>\n<meta property=\"og:type\" content=\"article\" \/>\n<meta property=\"og:title\" content=\"l\u00eakol\u00eena li ser girtina HDP\u00ea di 31 Adar\u00ea de t\u00ea kirin - Darka Maz\u00ee\" \/>\n<meta property=\"og:description\" content=\"Dadgeha Dest\u00fbr\u00ea ya Tirkiyey\u00ea diyar kir, di 31\u00ea Adar\u00ea de, yekem\u00een l\u00eakol\u00een\u00ea li ser dosyeya girtina HDP\u00ea dike. Serdozgeriya Komar\u00ee ya Dadgeha Dest\u00fbr\u00ea li ser malpera xwe destn\u00ee\u015fan kir, Civata Gi\u015ft\u00ee ya Dadgeh\u00ea bi armanca l\u00eakol\u00eena destp\u00eak\u00ea li ser doza girtina HDP\u00ea, 31\u00ea Adar\u00ea d\u00ea bicive \u00fb biryara qeb\u00fblkirin yan j\u00ee redkirina doznamey\u00ea bide. Serdozger\u00ea [&hellip;]\" \/>\n<meta property=\"og:url\" content=\"https:\/\/darkamazi.info\/archives\/1020340\" \/>\n<meta property=\"og:site_name\" content=\"Darka Maz\u00ee\" \/>\n<meta property=\"article:publisher\" content=\"https:\/\/www.facebook.com\/DarMaziKurmanci\" \/>\n<meta property=\"article:published_time\" content=\"2021-03-25T08:46:34+00:00\" \/>\n<meta property=\"og:image\" content=\"https:\/\/darkamazi.info\/file\/2021\/03\/hdp-turk-2.jpg\" \/>\n\t<meta property=\"og:image:width\" content=\"900\" \/>\n\t<meta property=\"og:image:height\" content=\"497\" \/>\n\t<meta property=\"og:image:type\" content=\"image\/jpeg\" \/>\n<meta name=\"author\" content=\"darka mazi\" \/>\n<meta name=\"twitter:card\" content=\"summary_large_image\" \/>\n<meta name=\"twitter:creator\" content=\"@DarkaMaziLatini\" \/>\n<meta name=\"twitter:site\" content=\"@DarkaMaziLatini\" \/>\n<meta name=\"twitter:label1\" content=\"Written by\" \/>\n\t<meta name=\"twitter:data1\" content=\"darka mazi\" \/>\n\t<meta name=\"twitter:label2\" content=\"Est. reading time\" \/>\n\t<meta name=\"twitter:data2\" content=\"1 minute\" \/>\n<script type=\"application\/ld+json\" class=\"seo-schema-graph\">{\"@context\":\"https:\\\/\\\/schema.org\",\"@graph\":[{\"@type\":\"Article\",\"@id\":\"https:\\\/\\\/darkamazi.info\\\/archives\\\/1020340#article\",\"isPartOf\":{\"@id\":\"https:\\\/\\\/darkamazi.info\\\/archives\\\/1020340\"},\"author\":{\"name\":\"darka mazi\",\"@id\":\"https:\\\/\\\/darkamazi.info\\\/#\\\/schema\\\/person\\\/5ad3e24553a0567993fa8ed4bd0a776c\"},\"headline\":\"l\u00eakol\u00eena li ser girtina HDP\u00ea di 31 Adar\u00ea de t\u00ea kirin\",\"datePublished\":\"2021-03-25T08:46:34+00:00\",\"mainEntityOfPage\":{\"@id\":\"https:\\\/\\\/darkamazi.info\\\/archives\\\/1020340\"},\"wordCount\":133,\"publisher\":{\"@id\":\"https:\\\/\\\/darkamazi.info\\\/#organization\"},\"image\":{\"@id\":\"https:\\\/\\\/darkamazi.info\\\/archives\\\/1020340#primaryimage\"},\"thumbnailUrl\":\"https:\\\/\\\/darkamazi.info\\\/darka-content\\\/uploads\\\/2021\\\/03\\\/hdp-turk-2.jpg\",\"keywords\":[\"sereke\"],\"articleSection\":[\"Kurdistan\"],\"inLanguage\":\"en-US\"},{\"@type\":\"WebPage\",\"@id\":\"https:\\\/\\\/darkamazi.info\\\/archives\\\/1020340\",\"url\":\"https:\\\/\\\/darkamazi.info\\\/archives\\\/1020340\",\"name\":\"l\u00eakol\u00eena li ser girtina HDP\u00ea di 31 Adar\u00ea de t\u00ea kirin - Darka Maz\u00ee\",\"isPartOf\":{\"@id\":\"https:\\\/\\\/darkamazi.info\\\/#website\"},\"primaryImageOfPage\":{\"@id\":\"https:\\\/\\\/darkamazi.info\\\/archives\\\/1020340#primaryimage\"},\"image\":{\"@id\":\"https:\\\/\\\/darkamazi.info\\\/archives\\\/1020340#primaryimage\"},\"thumbnailUrl\":\"https:\\\/\\\/darkamazi.info\\\/darka-content\\\/uploads\\\/2021\\\/03\\\/hdp-turk-2.jpg\",\"datePublished\":\"2021-03-25T08:46:34+00:00\",\"breadcrumb\":{\"@id\":\"https:\\\/\\\/darkamazi.info\\\/archives\\\/1020340#breadcrumb\"},\"inLanguage\":\"en-US\",\"potentialAction\":[{\"@type\":\"ReadAction\",\"target\":[\"https:\\\/\\\/darkamazi.info\\\/archives\\\/1020340\"]}]},{\"@type\":\"ImageObject\",\"inLanguage\":\"en-US\",\"@id\":\"https:\\\/\\\/darkamazi.info\\\/archives\\\/1020340#primaryimage\",\"url\":\"https:\\\/\\\/darkamazi.info\\\/darka-content\\\/uploads\\\/2021\\\/03\\\/hdp-turk-2.jpg\",\"contentUrl\":\"https:\\\/\\\/darkamazi.info\\\/darka-content\\\/uploads\\\/2021\\\/03\\\/hdp-turk-2.jpg\",\"width\":900,\"height\":497,\"caption\":\"l\u00eakol\u00eena li ser girtina HDP\u00ea di 31 Adar\u00ea de t\u00ea kirin\"},{\"@type\":\"BreadcrumbList\",\"@id\":\"https:\\\/\\\/darkamazi.info\\\/archives\\\/1020340#breadcrumb\",\"itemListElement\":[{\"@type\":\"ListItem\",\"position\":1,\"name\":\"Home\",\"item\":\"https:\\\/\\\/darkamazi.info\\\/\"},{\"@type\":\"ListItem\",\"position\":2,\"name\":\"l\u00eakol\u00eena li ser girtina HDP\u00ea di 31 Adar\u00ea de t\u00ea kirin\"}]},{\"@type\":\"WebSite\",\"@id\":\"https:\\\/\\\/darkamazi.info\\\/#website\",\"url\":\"https:\\\/\\\/darkamazi.info\\\/\",\"name\":\"Darka Maz\u00ee\",\"description\":\"P\u00eageha Zanyariy\u00ean Nebih\u00eest\u00ee\",\"publisher\":{\"@id\":\"https:\\\/\\\/darkamazi.info\\\/#organization\"},\"potentialAction\":[{\"@type\":\"SearchAction\",\"target\":{\"@type\":\"EntryPoint\",\"urlTemplate\":\"https:\\\/\\\/darkamazi.info\\\/?s={search_term_string}\"},\"query-input\":{\"@type\":\"PropertyValueSpecification\",\"valueRequired\":true,\"valueName\":\"search_term_string\"}}],\"inLanguage\":\"en-US\"},{\"@type\":\"Organization\",\"@id\":\"https:\\\/\\\/darkamazi.info\\\/#organization\",\"name\":\"Darka Maz\u00ee\",\"url\":\"https:\\\/\\\/darkamazi.info\\\/\",\"logo\":{\"@type\":\"ImageObject\",\"inLanguage\":\"en-US\",\"@id\":\"https:\\\/\\\/darkamazi.info\\\/#\\\/schema\\\/logo\\\/image\\\/\",\"url\":\"https:\\\/\\\/darkamazi.info\\\/darka-content\\\/uploads\\\/2017\\\/12\\\/darka-mazi-logo.png\",\"contentUrl\":\"https:\\\/\\\/darkamazi.info\\\/darka-content\\\/uploads\\\/2017\\\/12\\\/darka-mazi-logo.png\",\"width\":151,\"height\":75,\"caption\":\"Darka Maz\u00ee\"},\"image\":{\"@id\":\"https:\\\/\\\/darkamazi.info\\\/#\\\/schema\\\/logo\\\/image\\\/\"},\"sameAs\":[\"https:\\\/\\\/www.facebook.com\\\/DarMaziKurmanci\",\"https:\\\/\\\/x.com\\\/DarkaMaziLatini\",\"https:\\\/\\\/www.instagram.com\\\/darkamazi.kurmanci\\\/\",\"https:\\\/\\\/www.youtube.com\\\/channel\\\/UCa5HkTdmI8U1qCUFuTw8B2g\"]},{\"@type\":\"Person\",\"@id\":\"https:\\\/\\\/darkamazi.info\\\/#\\\/schema\\\/person\\\/5ad3e24553a0567993fa8ed4bd0a776c\",\"name\":\"darka mazi\",\"sameAs\":[\"https:\\\/\\\/darkamazi.info\\\/\"],\"url\":\"https:\\\/\\\/darkamazi.info\\\/archives\\\/author\\\/kurdi\"}]}<\/script>\n<!-- \/ Yoast SEO plugin. -->","seo_head_json":{"title":"l\u00eakol\u00eena li ser girtina HDP\u00ea di 31 Adar\u00ea de t\u00ea kirin - Darka Maz\u00ee","robots":{"index":"index","follow":"follow","max-snippet":"max-snippet:-1","max-image-preview":"max-image-preview:large","max-video-preview":"max-video-preview:-1"},"canonical":"https:\/\/darkamazi.info\/archives\/1020340","og_locale":"en_US","og_type":"article","og_title":"l\u00eakol\u00eena li ser girtina HDP\u00ea di 31 Adar\u00ea de t\u00ea kirin - Darka Maz\u00ee","og_description":"Dadgeha Dest\u00fbr\u00ea ya Tirkiyey\u00ea diyar kir, di 31\u00ea Adar\u00ea de, yekem\u00een l\u00eakol\u00een\u00ea li ser dosyeya girtina HDP\u00ea dike. Serdozgeriya Komar\u00ee ya Dadgeha Dest\u00fbr\u00ea li ser malpera xwe destn\u00ee\u015fan kir, Civata Gi\u015ft\u00ee ya Dadgeh\u00ea bi armanca l\u00eakol\u00eena destp\u00eak\u00ea li ser doza girtina HDP\u00ea, 31\u00ea Adar\u00ea d\u00ea bicive \u00fb biryara qeb\u00fblkirin yan j\u00ee redkirina doznamey\u00ea bide. Serdozger\u00ea [&hellip;]","og_url":"https:\/\/darkamazi.info\/archives\/1020340","og_site_name":"Darka Maz\u00ee","article_publisher":"https:\/\/www.facebook.com\/DarMaziKurmanci","article_published_time":"2021-03-25T08:46:34+00:00","og_image":[{"width":900,"height":497,"url":"https:\/\/darkamazi.info\/file\/2021\/03\/hdp-turk-2.jpg","type":"image\/jpeg"}],"author":"darka mazi","twitter_card":"summary_large_image","twitter_creator":"@DarkaMaziLatini","twitter_site":"@DarkaMaziLatini","twitter_misc":{"Written by":"darka mazi","Est. reading time":"1 minute"},"schema":{"@context":"https:\/\/schema.org","@graph":[{"@type":"Article","@id":"https:\/\/darkamazi.info\/archives\/1020340#article","isPartOf":{"@id":"https:\/\/darkamazi.info\/archives\/1020340"},"author":{"name":"darka mazi","@id":"https:\/\/darkamazi.info\/#\/schema\/person\/5ad3e24553a0567993fa8ed4bd0a776c"},"headline":"l\u00eakol\u00eena li ser girtina HDP\u00ea di 31 Adar\u00ea de t\u00ea kirin","datePublished":"2021-03-25T08:46:34+00:00","mainEntityOfPage":{"@id":"https:\/\/darkamazi.info\/archives\/1020340"},"wordCount":133,"publisher":{"@id":"https:\/\/darkamazi.info\/#organization"},"image":{"@id":"https:\/\/darkamazi.info\/archives\/1020340#primaryimage"},"thumbnailUrl":"https:\/\/darkamazi.info\/file\/2021\/03\/hdp-turk-2.jpg","keywords":["sereke"],"articleSection":["Kurdistan"],"inLanguage":"en-US"},{"@type":"WebPage","@id":"https:\/\/darkamazi.info\/archives\/1020340","url":"https:\/\/darkamazi.info\/archives\/1020340","name":"l\u00eakol\u00eena li ser girtina HDP\u00ea di 31 Adar\u00ea de t\u00ea kirin - Darka Maz\u00ee","isPartOf":{"@id":"https:\/\/darkamazi.info\/#website"},"primaryImageOfPage":{"@id":"https:\/\/darkamazi.info\/archives\/1020340#primaryimage"},"image":{"@id":"https:\/\/darkamazi.info\/archives\/1020340#primaryimage"},"thumbnailUrl":"https:\/\/darkamazi.info\/file\/2021\/03\/hdp-turk-2.jpg","datePublished":"2021-03-25T08:46:34+00:00","breadcrumb":{"@id":"https:\/\/darkamazi.info\/archives\/1020340#breadcrumb"},"inLanguage":"en-US","potentialAction":[{"@type":"ReadAction","target":["https:\/\/darkamazi.info\/archives\/1020340"]}]},{"@type":"ImageObject","inLanguage":"en-US","@id":"https:\/\/darkamazi.info\/archives\/1020340#primaryimage","url":"https:\/\/darkamazi.info\/file\/2021\/03\/hdp-turk-2.jpg","contentUrl":"https:\/\/darkamazi.info\/file\/2021\/03\/hdp-turk-2.jpg","width":900,"height":497,"caption":"l\u00eakol\u00eena li ser girtina HDP\u00ea di 31 Adar\u00ea de t\u00ea kirin"},{"@type":"BreadcrumbList","@id":"https:\/\/darkamazi.info\/archives\/1020340#breadcrumb","itemListElement":[{"@type":"ListItem","position":1,"name":"Home","item":"https:\/\/darkamazi.info\/"},{"@type":"ListItem","position":2,"name":"l\u00eakol\u00eena li ser girtina HDP\u00ea di 31 Adar\u00ea de t\u00ea kirin"}]},{"@type":"WebSite","@id":"https:\/\/darkamazi.info\/#website","url":"https:\/\/darkamazi.info\/","name":"Darka Maz\u00ee","description":"P\u00eageha Zanyariy\u00ean Nebih\u00eest\u00ee","publisher":{"@id":"https:\/\/darkamazi.info\/#organization"},"potentialAction":[{"@type":"SearchAction","target":{"@type":"EntryPoint","urlTemplate":"https:\/\/darkamazi.info\/?s={search_term_string}"},"query-input":{"@type":"PropertyValueSpecification","valueRequired":true,"valueName":"search_term_string"}}],"inLanguage":"en-US"},{"@type":"Organization","@id":"https:\/\/darkamazi.info\/#organization","name":"Darka Maz\u00ee","url":"https:\/\/darkamazi.info\/","logo":{"@type":"ImageObject","inLanguage":"en-US","@id":"https:\/\/darkamazi.info\/#\/schema\/logo\/image\/","url":"https:\/\/darkamazi.info\/file\/2017\/12\/darka-mazi-logo.png","contentUrl":"https:\/\/darkamazi.info\/file\/2017\/12\/darka-mazi-logo.png","width":151,"height":75,"caption":"Darka Maz\u00ee"},"image":{"@id":"https:\/\/darkamazi.info\/#\/schema\/logo\/image\/"},"sameAs":["https:\/\/www.facebook.com\/DarMaziKurmanci","https:\/\/x.com\/DarkaMaziLatini","https:\/\/www.instagram.com\/darkamazi.kurmanci\/","https:\/\/www.youtube.com\/channel\/UCa5HkTdmI8U1qCUFuTw8B2g"]},{"@type":"Person","@id":"https:\/\/darkamazi.info\/#\/schema\/person\/5ad3e24553a0567993fa8ed4bd0a776c","name":"darka mazi","sameAs":["https:\/\/darkamazi.info\/"],"url":"https:\/\/darkamazi.info\/archives\/author\/kurdi"}]}},"_links":{"self":[{"href":"https:\/\/darkamazi.info\/funavuv\/wp\/v2\/posts\/1020340","targetHints":{"allow":["GET"]}}],"collection":[{"href":"https:\/\/darkamazi.info\/funavuv\/wp\/v2\/posts"}],"about":[{"href":"https:\/\/darkamazi.info\/funavuv\/wp\/v2\/types\/post"}],"author":[{"embeddable":true,"href":"https:\/\/darkamazi.info\/funavuv\/wp\/v2\/users\/2"}],"replies":[{"embeddable":true,"href":"https:\/\/darkamazi.info\/funavuv\/wp\/v2\/comments?post=1020340"}],"version-history":[{"count":0,"href":"https:\/\/darkamazi.info\/funavuv\/wp\/v2\/posts\/1020340\/revisions"}],"wp:featuredmedia":[{"embeddable":true,"href":"https:\/\/darkamazi.info\/funavuv\/wp\/v2\/media\/1020342"}],"wp:attachment":[{"href":"https:\/\/darkamazi.info\/funavuv\/wp\/v2\/media?parent=1020340"}],"wp:term":[{"taxonomy":"category","embeddable":true,"href":"https:\/\/darkamazi.info\/funavuv\/wp\/v2\/categories?post=1020340"},{"taxonomy":"post_tag","embeddable":true,"href":"https:\/\/darkamazi.info\/funavuv\/wp\/v2\/tags?post=1020340"}],"curies":[{"name":"wp","href":"https:\/\/api.w.org\/{rel}","templated":true}]}}