{"id":1020445,"date":"2021-03-30T11:40:53","date_gmt":"2021-03-30T08:40:53","guid":{"rendered":"https:\/\/darkamazi.info\/?p=1020445"},"modified":"2021-03-30T11:40:53","modified_gmt":"2021-03-30T08:40:53","slug":"amerika-amade-ye-alikariye-ji-bo-destpekirina-diyaloga-kurdi-bike","status":"publish","type":"post","link":"https:\/\/darkamazi.info\/archives\/1020445","title":{"rendered":"Amer\u00eeka amade ye al\u00eekariy\u00ea ji bo destp\u00eakirina diyaloga Kurd\u00ee bike"},"content":{"rendered":"<h3 style=\"text-align: justify\"><span style=\"font-family: 'arial black', sans-serif\">C\u00eegir\u00ea N\u00fbner\u00ea Amer\u00eek\u00ee ji bo S\u00fbriy\u00ea David Brownstein radigih\u00eene, ji bo destp\u00eakirina dan\u00fbstandinan di navbera partiy\u00ean kurd\u00ee li Rojavay\u00ea Kurdistan\u00ea de, ew amade ne al\u00eekariy\u00ea bikin.<\/span><\/h3>\n<h3 style=\"text-align: justify\">C\u00eegir\u00ea N\u00fbner\u00ea Amer\u00eek\u00ee ji bo S\u00fbriy\u00ea David Brownstein di hevpeyv\u00eenek\u00ea ligel malpera <a href=\"https:\/\/www.kurdistan24.net\/en\/story\/24177-US-ready-to-facilitate-return-to-contentious-Syrian-Kurdish-dialogue:-Envoy\" target=\"_blank\"><span style=\"font-family: 'arial black', sans-serif;color: #3366ff\">K24\u00ea<\/span><\/a> be\u015fa \u00cengil\u00eez\u00ee de ragihand, ji bo destp\u00eakirina dan\u00fbstandin\u00ean diyaloga kurd\u00ee di navbera partiy\u00ean kurd\u00ee de, ew pabend in bi al\u00eekariya xwe ji bo d\u00eetina \u00e7areyeke dadwerane.<\/h3>\n<h3 style=\"text-align: justify\">Diyar kir j\u00ee, ew pi\u015ftevaniya wan dan\u00fbstandinan dikin, ji bo aliy\u00ean kurd\u00ee li ser desthilat, abor\u00ee, ge\u015fep\u00eadan \u00fb aramiya li w\u00ea nav\u00e7ey\u00ea bigihin r\u00eakeftinek\u00ea.<\/h3>\n<h3 style=\"text-align: justify\">W\u00ee berpirs\u00ea Amer\u00eek\u00ee da zan\u00een, heta niha wan gelek civ\u00een\u00ean yekal\u00ee bi her du aliy\u00ean kurd\u00ee re kirine \u00fb ew kar dikin ji bo her du al\u00ee (ENKS \u00fb PYNK) vegerin li maseya dan\u00fbstandinan r\u00fbnin.<\/h3>\n<h3 style=\"text-align: justify\">C\u00eegir\u00ea N\u00fbner\u00ea Amer\u00eek\u00ee ji bo S\u00fbriy\u00ea got j\u00ee, div\u00ea aliy\u00ean kurd\u00ee pirsgir\u00eak \u00fb dosyey\u00ean xwe li ser maseya dan\u00fbstandinan got\u00fbb\u00eaj bikin, ne li ser medya \u00fb bi riya daxuyaniyan.<\/h3>\n<h3 style=\"text-align: justify\">Brownstein di Mijdara 2020an de cih\u00ea Balyoz William Roebuck girt \u00fb niha d\u00eeplomat\u00ea her\u00ee payebilind \u00ea Amer\u00eekay\u00ea li Rojavay\u00ea Kurdistan\u00ea \u00fb bakur\u00ea rojhilat\u00ea S\u00fbriy\u00ea ye.<\/h3>\n<h3 style=\"text-align: justify\">Partiy\u00ean Yek\u00eetiya Ni\u015ftiman\u00ee ya Kurd (PYNK) \u00fb Enc\u00fbmena Ni\u015ftiman\u00ee ya Kurd (ENKS) ji Mijdara 2019&#8217;an ve bi pi\u015ftgiriya Amer\u00eeka, Her\u00eama Kurdistan\u00ea \u00fb H\u00eaz\u00ean S\u00fbriyeya Demokrat\u00eek (HSD) dan\u00fbstendin\u00ean yekr\u00eaziya kurd\u00ee \u00fb be\u015fdariya ENKS\u00ea di nava R\u00eaveberiya rojavay\u00ea Kurdistan\u00ea de dikin, l\u00ea dan\u00fbstandin ji hilbijartina Amer\u00eeka ve rawestiyane.<\/h3>\n","protected":false},"excerpt":{"rendered":"<p>C\u00eegir\u00ea N\u00fbner\u00ea Amer\u00eek\u00ee ji bo S\u00fbriy\u00ea David Brownstein radigih\u00eene, ji bo destp\u00eakirina dan\u00fbstandinan di navbera partiy\u00ean kurd\u00ee li Rojavay\u00ea Kurdistan\u00ea de, ew amade ne al\u00eekariy\u00ea bikin. C\u00eegir\u00ea N\u00fbner\u00ea Amer\u00eek\u00ee ji bo S\u00fbriy\u00ea David Brownstein di hevpeyv\u00eenek\u00ea ligel malpera K24\u00ea be\u015fa \u00cengil\u00eez\u00ee de ragihand, ji bo destp\u00eakirina dan\u00fbstandin\u00ean diyaloga kurd\u00ee di navbera partiy\u00ean kurd\u00ee de, ew [&hellip;]<\/p>\n","protected":false},"author":2,"featured_media":1020447,"comment_status":"closed","ping_status":"closed","sticky":false,"template":"","format":"standard","meta":{"footnotes":""},"categories":[29],"tags":[37],"class_list":["post-1020445","post","type-post","status-publish","format-standard","has-post-thumbnail","hentry","category-kurdistan","tag-sereke"],"blocksy_meta":[],"seo_head":"<!-- This site is optimized with the Yoast SEO plugin v27.5 - https:\/\/yoast.com\/product\/yoast-seo-wordpress\/ -->\n<title>Amer\u00eeka amade ye al\u00eekariy\u00ea ji bo destp\u00eakirina diyaloga Kurd\u00ee bike - Darka Maz\u00ee<\/title>\n<meta name=\"robots\" content=\"index, follow, max-snippet:-1, max-image-preview:large, max-video-preview:-1\" \/>\n<link rel=\"canonical\" href=\"https:\/\/darkamazi.info\/archives\/1020445\" \/>\n<meta property=\"og:locale\" content=\"en_US\" \/>\n<meta property=\"og:type\" content=\"article\" \/>\n<meta property=\"og:title\" content=\"Amer\u00eeka amade ye al\u00eekariy\u00ea ji bo destp\u00eakirina diyaloga Kurd\u00ee bike - Darka Maz\u00ee\" \/>\n<meta property=\"og:description\" content=\"C\u00eegir\u00ea N\u00fbner\u00ea Amer\u00eek\u00ee ji bo S\u00fbriy\u00ea David Brownstein radigih\u00eene, ji bo destp\u00eakirina dan\u00fbstandinan di navbera partiy\u00ean kurd\u00ee li Rojavay\u00ea Kurdistan\u00ea de, ew amade ne al\u00eekariy\u00ea bikin. C\u00eegir\u00ea N\u00fbner\u00ea Amer\u00eek\u00ee ji bo S\u00fbriy\u00ea David Brownstein di hevpeyv\u00eenek\u00ea ligel malpera K24\u00ea be\u015fa \u00cengil\u00eez\u00ee de ragihand, ji bo destp\u00eakirina dan\u00fbstandin\u00ean diyaloga kurd\u00ee di navbera partiy\u00ean kurd\u00ee de, ew [&hellip;]\" \/>\n<meta property=\"og:url\" content=\"https:\/\/darkamazi.info\/archives\/1020445\" \/>\n<meta property=\"og:site_name\" content=\"Darka Maz\u00ee\" \/>\n<meta property=\"article:publisher\" content=\"https:\/\/www.facebook.com\/DarMaziKurmanci\" \/>\n<meta property=\"article:published_time\" content=\"2021-03-30T08:40:53+00:00\" \/>\n<meta property=\"og:image\" content=\"https:\/\/darkamazi.info\/file\/2021\/03\/us-rojava-kurdistan-enks-pynk-David-Brownstein-2.jpg\" \/>\n\t<meta property=\"og:image:width\" content=\"900\" \/>\n\t<meta property=\"og:image:height\" content=\"497\" \/>\n\t<meta property=\"og:image:type\" content=\"image\/jpeg\" \/>\n<meta name=\"author\" content=\"darka mazi\" \/>\n<meta name=\"twitter:card\" content=\"summary_large_image\" \/>\n<meta name=\"twitter:creator\" content=\"@DarkaMaziLatini\" \/>\n<meta name=\"twitter:site\" content=\"@DarkaMaziLatini\" \/>\n<meta name=\"twitter:label1\" content=\"Written by\" \/>\n\t<meta name=\"twitter:data1\" content=\"darka mazi\" \/>\n\t<meta name=\"twitter:label2\" content=\"Est. reading time\" \/>\n\t<meta name=\"twitter:data2\" content=\"1 minute\" \/>\n<script type=\"application\/ld+json\" class=\"seo-schema-graph\">{\"@context\":\"https:\\\/\\\/schema.org\",\"@graph\":[{\"@type\":\"Article\",\"@id\":\"https:\\\/\\\/darkamazi.info\\\/archives\\\/1020445#article\",\"isPartOf\":{\"@id\":\"https:\\\/\\\/darkamazi.info\\\/archives\\\/1020445\"},\"author\":{\"name\":\"darka mazi\",\"@id\":\"https:\\\/\\\/darkamazi.info\\\/#\\\/schema\\\/person\\\/5ad3e24553a0567993fa8ed4bd0a776c\"},\"headline\":\"Amer\u00eeka amade ye al\u00eekariy\u00ea ji bo destp\u00eakirina diyaloga Kurd\u00ee bike\",\"datePublished\":\"2021-03-30T08:40:53+00:00\",\"mainEntityOfPage\":{\"@id\":\"https:\\\/\\\/darkamazi.info\\\/archives\\\/1020445\"},\"wordCount\":294,\"publisher\":{\"@id\":\"https:\\\/\\\/darkamazi.info\\\/#organization\"},\"image\":{\"@id\":\"https:\\\/\\\/darkamazi.info\\\/archives\\\/1020445#primaryimage\"},\"thumbnailUrl\":\"https:\\\/\\\/darkamazi.info\\\/darka-content\\\/uploads\\\/2021\\\/03\\\/us-rojava-kurdistan-enks-pynk-David-Brownstein-2.jpg\",\"keywords\":[\"sereke\"],\"articleSection\":[\"Kurdistan\"],\"inLanguage\":\"en-US\"},{\"@type\":\"WebPage\",\"@id\":\"https:\\\/\\\/darkamazi.info\\\/archives\\\/1020445\",\"url\":\"https:\\\/\\\/darkamazi.info\\\/archives\\\/1020445\",\"name\":\"Amer\u00eeka amade ye al\u00eekariy\u00ea ji bo destp\u00eakirina diyaloga Kurd\u00ee bike - Darka Maz\u00ee\",\"isPartOf\":{\"@id\":\"https:\\\/\\\/darkamazi.info\\\/#website\"},\"primaryImageOfPage\":{\"@id\":\"https:\\\/\\\/darkamazi.info\\\/archives\\\/1020445#primaryimage\"},\"image\":{\"@id\":\"https:\\\/\\\/darkamazi.info\\\/archives\\\/1020445#primaryimage\"},\"thumbnailUrl\":\"https:\\\/\\\/darkamazi.info\\\/darka-content\\\/uploads\\\/2021\\\/03\\\/us-rojava-kurdistan-enks-pynk-David-Brownstein-2.jpg\",\"datePublished\":\"2021-03-30T08:40:53+00:00\",\"breadcrumb\":{\"@id\":\"https:\\\/\\\/darkamazi.info\\\/archives\\\/1020445#breadcrumb\"},\"inLanguage\":\"en-US\",\"potentialAction\":[{\"@type\":\"ReadAction\",\"target\":[\"https:\\\/\\\/darkamazi.info\\\/archives\\\/1020445\"]}]},{\"@type\":\"ImageObject\",\"inLanguage\":\"en-US\",\"@id\":\"https:\\\/\\\/darkamazi.info\\\/archives\\\/1020445#primaryimage\",\"url\":\"https:\\\/\\\/darkamazi.info\\\/darka-content\\\/uploads\\\/2021\\\/03\\\/us-rojava-kurdistan-enks-pynk-David-Brownstein-2.jpg\",\"contentUrl\":\"https:\\\/\\\/darkamazi.info\\\/darka-content\\\/uploads\\\/2021\\\/03\\\/us-rojava-kurdistan-enks-pynk-David-Brownstein-2.jpg\",\"width\":900,\"height\":497,\"caption\":\"Amer\u00eeka amade ye al\u00eekariy\u00ea ji bo destp\u00eakirina diyaloga kurd\u00ee bike\"},{\"@type\":\"BreadcrumbList\",\"@id\":\"https:\\\/\\\/darkamazi.info\\\/archives\\\/1020445#breadcrumb\",\"itemListElement\":[{\"@type\":\"ListItem\",\"position\":1,\"name\":\"Home\",\"item\":\"https:\\\/\\\/darkamazi.info\\\/\"},{\"@type\":\"ListItem\",\"position\":2,\"name\":\"Amer\u00eeka amade ye al\u00eekariy\u00ea ji bo destp\u00eakirina diyaloga Kurd\u00ee bike\"}]},{\"@type\":\"WebSite\",\"@id\":\"https:\\\/\\\/darkamazi.info\\\/#website\",\"url\":\"https:\\\/\\\/darkamazi.info\\\/\",\"name\":\"Darka Maz\u00ee\",\"description\":\"P\u00eageha Zanyariy\u00ean Nebih\u00eest\u00ee\",\"publisher\":{\"@id\":\"https:\\\/\\\/darkamazi.info\\\/#organization\"},\"potentialAction\":[{\"@type\":\"SearchAction\",\"target\":{\"@type\":\"EntryPoint\",\"urlTemplate\":\"https:\\\/\\\/darkamazi.info\\\/?s={search_term_string}\"},\"query-input\":{\"@type\":\"PropertyValueSpecification\",\"valueRequired\":true,\"valueName\":\"search_term_string\"}}],\"inLanguage\":\"en-US\"},{\"@type\":\"Organization\",\"@id\":\"https:\\\/\\\/darkamazi.info\\\/#organization\",\"name\":\"Darka Maz\u00ee\",\"url\":\"https:\\\/\\\/darkamazi.info\\\/\",\"logo\":{\"@type\":\"ImageObject\",\"inLanguage\":\"en-US\",\"@id\":\"https:\\\/\\\/darkamazi.info\\\/#\\\/schema\\\/logo\\\/image\\\/\",\"url\":\"https:\\\/\\\/darkamazi.info\\\/darka-content\\\/uploads\\\/2017\\\/12\\\/darka-mazi-logo.png\",\"contentUrl\":\"https:\\\/\\\/darkamazi.info\\\/darka-content\\\/uploads\\\/2017\\\/12\\\/darka-mazi-logo.png\",\"width\":151,\"height\":75,\"caption\":\"Darka Maz\u00ee\"},\"image\":{\"@id\":\"https:\\\/\\\/darkamazi.info\\\/#\\\/schema\\\/logo\\\/image\\\/\"},\"sameAs\":[\"https:\\\/\\\/www.facebook.com\\\/DarMaziKurmanci\",\"https:\\\/\\\/x.com\\\/DarkaMaziLatini\",\"https:\\\/\\\/www.instagram.com\\\/darkamazi.kurmanci\\\/\",\"https:\\\/\\\/www.youtube.com\\\/channel\\\/UCa5HkTdmI8U1qCUFuTw8B2g\"]},{\"@type\":\"Person\",\"@id\":\"https:\\\/\\\/darkamazi.info\\\/#\\\/schema\\\/person\\\/5ad3e24553a0567993fa8ed4bd0a776c\",\"name\":\"darka mazi\",\"sameAs\":[\"https:\\\/\\\/darkamazi.info\\\/\"],\"url\":\"https:\\\/\\\/darkamazi.info\\\/archives\\\/author\\\/kurdi\"}]}<\/script>\n<!-- \/ Yoast SEO plugin. -->","seo_head_json":{"title":"Amer\u00eeka amade ye al\u00eekariy\u00ea ji bo destp\u00eakirina diyaloga Kurd\u00ee bike - Darka Maz\u00ee","robots":{"index":"index","follow":"follow","max-snippet":"max-snippet:-1","max-image-preview":"max-image-preview:large","max-video-preview":"max-video-preview:-1"},"canonical":"https:\/\/darkamazi.info\/archives\/1020445","og_locale":"en_US","og_type":"article","og_title":"Amer\u00eeka amade ye al\u00eekariy\u00ea ji bo destp\u00eakirina diyaloga Kurd\u00ee bike - Darka Maz\u00ee","og_description":"C\u00eegir\u00ea N\u00fbner\u00ea Amer\u00eek\u00ee ji bo S\u00fbriy\u00ea David Brownstein radigih\u00eene, ji bo destp\u00eakirina dan\u00fbstandinan di navbera partiy\u00ean kurd\u00ee li Rojavay\u00ea Kurdistan\u00ea de, ew amade ne al\u00eekariy\u00ea bikin. C\u00eegir\u00ea N\u00fbner\u00ea Amer\u00eek\u00ee ji bo S\u00fbriy\u00ea David Brownstein di hevpeyv\u00eenek\u00ea ligel malpera K24\u00ea be\u015fa \u00cengil\u00eez\u00ee de ragihand, ji bo destp\u00eakirina dan\u00fbstandin\u00ean diyaloga kurd\u00ee di navbera partiy\u00ean kurd\u00ee de, ew [&hellip;]","og_url":"https:\/\/darkamazi.info\/archives\/1020445","og_site_name":"Darka Maz\u00ee","article_publisher":"https:\/\/www.facebook.com\/DarMaziKurmanci","article_published_time":"2021-03-30T08:40:53+00:00","og_image":[{"width":900,"height":497,"url":"https:\/\/darkamazi.info\/file\/2021\/03\/us-rojava-kurdistan-enks-pynk-David-Brownstein-2.jpg","type":"image\/jpeg"}],"author":"darka mazi","twitter_card":"summary_large_image","twitter_creator":"@DarkaMaziLatini","twitter_site":"@DarkaMaziLatini","twitter_misc":{"Written by":"darka mazi","Est. reading time":"1 minute"},"schema":{"@context":"https:\/\/schema.org","@graph":[{"@type":"Article","@id":"https:\/\/darkamazi.info\/archives\/1020445#article","isPartOf":{"@id":"https:\/\/darkamazi.info\/archives\/1020445"},"author":{"name":"darka mazi","@id":"https:\/\/darkamazi.info\/#\/schema\/person\/5ad3e24553a0567993fa8ed4bd0a776c"},"headline":"Amer\u00eeka amade ye al\u00eekariy\u00ea ji bo destp\u00eakirina diyaloga Kurd\u00ee bike","datePublished":"2021-03-30T08:40:53+00:00","mainEntityOfPage":{"@id":"https:\/\/darkamazi.info\/archives\/1020445"},"wordCount":294,"publisher":{"@id":"https:\/\/darkamazi.info\/#organization"},"image":{"@id":"https:\/\/darkamazi.info\/archives\/1020445#primaryimage"},"thumbnailUrl":"https:\/\/darkamazi.info\/file\/2021\/03\/us-rojava-kurdistan-enks-pynk-David-Brownstein-2.jpg","keywords":["sereke"],"articleSection":["Kurdistan"],"inLanguage":"en-US"},{"@type":"WebPage","@id":"https:\/\/darkamazi.info\/archives\/1020445","url":"https:\/\/darkamazi.info\/archives\/1020445","name":"Amer\u00eeka amade ye al\u00eekariy\u00ea ji bo destp\u00eakirina diyaloga Kurd\u00ee bike - Darka Maz\u00ee","isPartOf":{"@id":"https:\/\/darkamazi.info\/#website"},"primaryImageOfPage":{"@id":"https:\/\/darkamazi.info\/archives\/1020445#primaryimage"},"image":{"@id":"https:\/\/darkamazi.info\/archives\/1020445#primaryimage"},"thumbnailUrl":"https:\/\/darkamazi.info\/file\/2021\/03\/us-rojava-kurdistan-enks-pynk-David-Brownstein-2.jpg","datePublished":"2021-03-30T08:40:53+00:00","breadcrumb":{"@id":"https:\/\/darkamazi.info\/archives\/1020445#breadcrumb"},"inLanguage":"en-US","potentialAction":[{"@type":"ReadAction","target":["https:\/\/darkamazi.info\/archives\/1020445"]}]},{"@type":"ImageObject","inLanguage":"en-US","@id":"https:\/\/darkamazi.info\/archives\/1020445#primaryimage","url":"https:\/\/darkamazi.info\/file\/2021\/03\/us-rojava-kurdistan-enks-pynk-David-Brownstein-2.jpg","contentUrl":"https:\/\/darkamazi.info\/file\/2021\/03\/us-rojava-kurdistan-enks-pynk-David-Brownstein-2.jpg","width":900,"height":497,"caption":"Amer\u00eeka amade ye al\u00eekariy\u00ea ji bo destp\u00eakirina diyaloga kurd\u00ee bike"},{"@type":"BreadcrumbList","@id":"https:\/\/darkamazi.info\/archives\/1020445#breadcrumb","itemListElement":[{"@type":"ListItem","position":1,"name":"Home","item":"https:\/\/darkamazi.info\/"},{"@type":"ListItem","position":2,"name":"Amer\u00eeka amade ye al\u00eekariy\u00ea ji bo destp\u00eakirina diyaloga Kurd\u00ee bike"}]},{"@type":"WebSite","@id":"https:\/\/darkamazi.info\/#website","url":"https:\/\/darkamazi.info\/","name":"Darka Maz\u00ee","description":"P\u00eageha Zanyariy\u00ean Nebih\u00eest\u00ee","publisher":{"@id":"https:\/\/darkamazi.info\/#organization"},"potentialAction":[{"@type":"SearchAction","target":{"@type":"EntryPoint","urlTemplate":"https:\/\/darkamazi.info\/?s={search_term_string}"},"query-input":{"@type":"PropertyValueSpecification","valueRequired":true,"valueName":"search_term_string"}}],"inLanguage":"en-US"},{"@type":"Organization","@id":"https:\/\/darkamazi.info\/#organization","name":"Darka Maz\u00ee","url":"https:\/\/darkamazi.info\/","logo":{"@type":"ImageObject","inLanguage":"en-US","@id":"https:\/\/darkamazi.info\/#\/schema\/logo\/image\/","url":"https:\/\/darkamazi.info\/file\/2017\/12\/darka-mazi-logo.png","contentUrl":"https:\/\/darkamazi.info\/file\/2017\/12\/darka-mazi-logo.png","width":151,"height":75,"caption":"Darka Maz\u00ee"},"image":{"@id":"https:\/\/darkamazi.info\/#\/schema\/logo\/image\/"},"sameAs":["https:\/\/www.facebook.com\/DarMaziKurmanci","https:\/\/x.com\/DarkaMaziLatini","https:\/\/www.instagram.com\/darkamazi.kurmanci\/","https:\/\/www.youtube.com\/channel\/UCa5HkTdmI8U1qCUFuTw8B2g"]},{"@type":"Person","@id":"https:\/\/darkamazi.info\/#\/schema\/person\/5ad3e24553a0567993fa8ed4bd0a776c","name":"darka mazi","sameAs":["https:\/\/darkamazi.info\/"],"url":"https:\/\/darkamazi.info\/archives\/author\/kurdi"}]}},"_links":{"self":[{"href":"https:\/\/darkamazi.info\/funavuv\/wp\/v2\/posts\/1020445","targetHints":{"allow":["GET"]}}],"collection":[{"href":"https:\/\/darkamazi.info\/funavuv\/wp\/v2\/posts"}],"about":[{"href":"https:\/\/darkamazi.info\/funavuv\/wp\/v2\/types\/post"}],"author":[{"embeddable":true,"href":"https:\/\/darkamazi.info\/funavuv\/wp\/v2\/users\/2"}],"replies":[{"embeddable":true,"href":"https:\/\/darkamazi.info\/funavuv\/wp\/v2\/comments?post=1020445"}],"version-history":[{"count":0,"href":"https:\/\/darkamazi.info\/funavuv\/wp\/v2\/posts\/1020445\/revisions"}],"wp:featuredmedia":[{"embeddable":true,"href":"https:\/\/darkamazi.info\/funavuv\/wp\/v2\/media\/1020447"}],"wp:attachment":[{"href":"https:\/\/darkamazi.info\/funavuv\/wp\/v2\/media?parent=1020445"}],"wp:term":[{"taxonomy":"category","embeddable":true,"href":"https:\/\/darkamazi.info\/funavuv\/wp\/v2\/categories?post=1020445"},{"taxonomy":"post_tag","embeddable":true,"href":"https:\/\/darkamazi.info\/funavuv\/wp\/v2\/tags?post=1020445"}],"curies":[{"name":"wp","href":"https:\/\/api.w.org\/{rel}","templated":true}]}}