{"id":1020516,"date":"2021-04-03T13:47:14","date_gmt":"2021-04-03T10:47:14","guid":{"rendered":"https:\/\/darkamazi.info\/?p=1020516"},"modified":"2021-04-03T13:47:14","modified_gmt":"2021-04-03T10:47:14","slug":"pkke-u-ypge-134-cekdar-di-meha-buri-da-ji-dest-dane","status":"publish","type":"post","link":"https:\/\/darkamazi.info\/archives\/1020516","title":{"rendered":"PKKe \u00fb YPG\u00ea 134 \u00e7ekdar di meha b\u00fbr\u00ee da ji dest dane"},"content":{"rendered":"<h3 style=\"text-align: justify\"><span style=\"font-family: 'arial black', sans-serif\">R\u00eaxistina PKK\u00ea \u00fb bal\u00ea w\u00ea y\u00ea Rojava Kurdistan\u00ea YPG\u00ea, di meha adara \u00eesal\u00ea de, 134 \u00e7ekdar ji dest dane.<\/span><\/h3>\n<h3 style=\"text-align: justify\">Li gor\u00ee ajansa Anadoloy\u00ea ya dewleta Tirkiy\u00ea, di meha adara \u00eesal\u00ea de, 134 \u00e7ekdar\u00ean PKK\u00ea \u00fb \u015eervan\u00ean YPG\u00ea, di \u00ear\u00ee\u015f\u00ean art\u00ea\u015fa Tirkiy\u00ea de, li Ba\u015f\u00fbr, Bakur \u00fb Rojavay\u00ea Kurdistan\u00ea hatine hedef kirin.<\/h3>\n<h3 style=\"text-align: justify\">Her wiha dest n\u00ee\u015fan kir, di meha rab\u00fbr\u00ee de, 222 kes li Bakur\u00ea Kurdistan\u00ea \u00fb Tirkiy\u00ea bi c\u00eenayeta endamb\u00fbna PKK\u00ea hatine desteser kirin.<\/h3>\n<h3 style=\"text-align: justify\">Li gor\u00ee amara ku Tirkiy\u00ea belav kir\u00eeye, her di meha adar\u00ea de, 39 Ger\u00eelay\u00ean PKK\u00ea bi r\u00eaya \u00eeqna kirin\u00ea tesl\u00eem b\u00fbne.<\/h3>\n<h3 style=\"text-align: justify\">R\u00eaxistina PKK\u00ea tu agah\u00ee li derbara v\u00ea amara \u00fb ji dest day\u00eena van \u00e7ekdar\u00ean xwe belav nekirine.<\/h3>\n","protected":false},"excerpt":{"rendered":"<p>R\u00eaxistina PKK\u00ea \u00fb bal\u00ea w\u00ea y\u00ea Rojava Kurdistan\u00ea YPG\u00ea, di meha adara \u00eesal\u00ea de, 134 \u00e7ekdar ji dest dane. Li gor\u00ee ajansa Anadoloy\u00ea ya dewleta Tirkiy\u00ea, di meha adara \u00eesal\u00ea de, 134 \u00e7ekdar\u00ean PKK\u00ea \u00fb \u015eervan\u00ean YPG\u00ea, di \u00ear\u00ee\u015f\u00ean art\u00ea\u015fa Tirkiy\u00ea de, li Ba\u015f\u00fbr, Bakur \u00fb Rojavay\u00ea Kurdistan\u00ea hatine hedef kirin. Her wiha dest n\u00ee\u015fan [&hellip;]<\/p>\n","protected":false},"author":2,"featured_media":1020518,"comment_status":"closed","ping_status":"closed","sticky":false,"template":"","format":"standard","meta":{"footnotes":""},"categories":[29],"tags":[37],"class_list":["post-1020516","post","type-post","status-publish","format-standard","has-post-thumbnail","hentry","category-kurdistan","tag-sereke"],"blocksy_meta":[],"seo_head":"<!-- This site is optimized with the Yoast SEO plugin v27.5 - https:\/\/yoast.com\/product\/yoast-seo-wordpress\/ -->\n<title>PKKe \u00fb YPG\u00ea 134 \u00e7ekdar di meha b\u00fbr\u00ee da ji dest dane - Darka Maz\u00ee<\/title>\n<meta name=\"robots\" content=\"index, follow, max-snippet:-1, max-image-preview:large, max-video-preview:-1\" \/>\n<link rel=\"canonical\" href=\"https:\/\/darkamazi.info\/archives\/1020516\" \/>\n<meta property=\"og:locale\" content=\"en_US\" \/>\n<meta property=\"og:type\" content=\"article\" \/>\n<meta property=\"og:title\" content=\"PKKe \u00fb YPG\u00ea 134 \u00e7ekdar di meha b\u00fbr\u00ee da ji dest dane - Darka Maz\u00ee\" \/>\n<meta property=\"og:description\" content=\"R\u00eaxistina PKK\u00ea \u00fb bal\u00ea w\u00ea y\u00ea Rojava Kurdistan\u00ea YPG\u00ea, di meha adara \u00eesal\u00ea de, 134 \u00e7ekdar ji dest dane. Li gor\u00ee ajansa Anadoloy\u00ea ya dewleta Tirkiy\u00ea, di meha adara \u00eesal\u00ea de, 134 \u00e7ekdar\u00ean PKK\u00ea \u00fb \u015eervan\u00ean YPG\u00ea, di \u00ear\u00ee\u015f\u00ean art\u00ea\u015fa Tirkiy\u00ea de, li Ba\u015f\u00fbr, Bakur \u00fb Rojavay\u00ea Kurdistan\u00ea hatine hedef kirin. Her wiha dest n\u00ee\u015fan [&hellip;]\" \/>\n<meta property=\"og:url\" content=\"https:\/\/darkamazi.info\/archives\/1020516\" \/>\n<meta property=\"og:site_name\" content=\"Darka Maz\u00ee\" \/>\n<meta property=\"article:publisher\" content=\"https:\/\/www.facebook.com\/DarMaziKurmanci\" \/>\n<meta property=\"article:published_time\" content=\"2021-04-03T10:47:14+00:00\" \/>\n<meta property=\"og:image\" content=\"https:\/\/darkamazi.info\/file\/2021\/04\/pkk-ypg-turk-kurdistan-2.jpg\" \/>\n\t<meta property=\"og:image:width\" content=\"900\" \/>\n\t<meta property=\"og:image:height\" content=\"497\" \/>\n\t<meta property=\"og:image:type\" content=\"image\/jpeg\" \/>\n<meta name=\"author\" content=\"darka mazi\" \/>\n<meta name=\"twitter:card\" content=\"summary_large_image\" \/>\n<meta name=\"twitter:creator\" content=\"@DarkaMaziLatini\" \/>\n<meta name=\"twitter:site\" content=\"@DarkaMaziLatini\" \/>\n<meta name=\"twitter:label1\" content=\"Written by\" \/>\n\t<meta name=\"twitter:data1\" content=\"darka mazi\" \/>\n\t<meta name=\"twitter:label2\" content=\"Est. reading time\" \/>\n\t<meta name=\"twitter:data2\" content=\"1 minute\" \/>\n<script type=\"application\/ld+json\" class=\"seo-schema-graph\">{\"@context\":\"https:\\\/\\\/schema.org\",\"@graph\":[{\"@type\":\"Article\",\"@id\":\"https:\\\/\\\/darkamazi.info\\\/archives\\\/1020516#article\",\"isPartOf\":{\"@id\":\"https:\\\/\\\/darkamazi.info\\\/archives\\\/1020516\"},\"author\":{\"name\":\"darka mazi\",\"@id\":\"https:\\\/\\\/darkamazi.info\\\/#\\\/schema\\\/person\\\/5ad3e24553a0567993fa8ed4bd0a776c\"},\"headline\":\"PKKe \u00fb YPG\u00ea 134 \u00e7ekdar di meha b\u00fbr\u00ee da ji dest dane\",\"datePublished\":\"2021-04-03T10:47:14+00:00\",\"mainEntityOfPage\":{\"@id\":\"https:\\\/\\\/darkamazi.info\\\/archives\\\/1020516\"},\"wordCount\":133,\"publisher\":{\"@id\":\"https:\\\/\\\/darkamazi.info\\\/#organization\"},\"image\":{\"@id\":\"https:\\\/\\\/darkamazi.info\\\/archives\\\/1020516#primaryimage\"},\"thumbnailUrl\":\"https:\\\/\\\/darkamazi.info\\\/darka-content\\\/uploads\\\/2021\\\/04\\\/pkk-ypg-turk-kurdistan-2.jpg\",\"keywords\":[\"sereke\"],\"articleSection\":[\"Kurdistan\"],\"inLanguage\":\"en-US\"},{\"@type\":\"WebPage\",\"@id\":\"https:\\\/\\\/darkamazi.info\\\/archives\\\/1020516\",\"url\":\"https:\\\/\\\/darkamazi.info\\\/archives\\\/1020516\",\"name\":\"PKKe \u00fb YPG\u00ea 134 \u00e7ekdar di meha b\u00fbr\u00ee da ji dest dane - Darka Maz\u00ee\",\"isPartOf\":{\"@id\":\"https:\\\/\\\/darkamazi.info\\\/#website\"},\"primaryImageOfPage\":{\"@id\":\"https:\\\/\\\/darkamazi.info\\\/archives\\\/1020516#primaryimage\"},\"image\":{\"@id\":\"https:\\\/\\\/darkamazi.info\\\/archives\\\/1020516#primaryimage\"},\"thumbnailUrl\":\"https:\\\/\\\/darkamazi.info\\\/darka-content\\\/uploads\\\/2021\\\/04\\\/pkk-ypg-turk-kurdistan-2.jpg\",\"datePublished\":\"2021-04-03T10:47:14+00:00\",\"breadcrumb\":{\"@id\":\"https:\\\/\\\/darkamazi.info\\\/archives\\\/1020516#breadcrumb\"},\"inLanguage\":\"en-US\",\"potentialAction\":[{\"@type\":\"ReadAction\",\"target\":[\"https:\\\/\\\/darkamazi.info\\\/archives\\\/1020516\"]}]},{\"@type\":\"ImageObject\",\"inLanguage\":\"en-US\",\"@id\":\"https:\\\/\\\/darkamazi.info\\\/archives\\\/1020516#primaryimage\",\"url\":\"https:\\\/\\\/darkamazi.info\\\/darka-content\\\/uploads\\\/2021\\\/04\\\/pkk-ypg-turk-kurdistan-2.jpg\",\"contentUrl\":\"https:\\\/\\\/darkamazi.info\\\/darka-content\\\/uploads\\\/2021\\\/04\\\/pkk-ypg-turk-kurdistan-2.jpg\",\"width\":900,\"height\":497,\"caption\":\"PKKe \u00fb YPG\u00ea 134 \u00e7ekdar di meha b\u00fbr\u00ee da ji dest dane\"},{\"@type\":\"BreadcrumbList\",\"@id\":\"https:\\\/\\\/darkamazi.info\\\/archives\\\/1020516#breadcrumb\",\"itemListElement\":[{\"@type\":\"ListItem\",\"position\":1,\"name\":\"Home\",\"item\":\"https:\\\/\\\/darkamazi.info\\\/\"},{\"@type\":\"ListItem\",\"position\":2,\"name\":\"PKKe \u00fb YPG\u00ea 134 \u00e7ekdar di meha b\u00fbr\u00ee da ji dest dane\"}]},{\"@type\":\"WebSite\",\"@id\":\"https:\\\/\\\/darkamazi.info\\\/#website\",\"url\":\"https:\\\/\\\/darkamazi.info\\\/\",\"name\":\"Darka Maz\u00ee\",\"description\":\"P\u00eageha Zanyariy\u00ean Nebih\u00eest\u00ee\",\"publisher\":{\"@id\":\"https:\\\/\\\/darkamazi.info\\\/#organization\"},\"potentialAction\":[{\"@type\":\"SearchAction\",\"target\":{\"@type\":\"EntryPoint\",\"urlTemplate\":\"https:\\\/\\\/darkamazi.info\\\/?s={search_term_string}\"},\"query-input\":{\"@type\":\"PropertyValueSpecification\",\"valueRequired\":true,\"valueName\":\"search_term_string\"}}],\"inLanguage\":\"en-US\"},{\"@type\":\"Organization\",\"@id\":\"https:\\\/\\\/darkamazi.info\\\/#organization\",\"name\":\"Darka Maz\u00ee\",\"url\":\"https:\\\/\\\/darkamazi.info\\\/\",\"logo\":{\"@type\":\"ImageObject\",\"inLanguage\":\"en-US\",\"@id\":\"https:\\\/\\\/darkamazi.info\\\/#\\\/schema\\\/logo\\\/image\\\/\",\"url\":\"https:\\\/\\\/darkamazi.info\\\/darka-content\\\/uploads\\\/2017\\\/12\\\/darka-mazi-logo.png\",\"contentUrl\":\"https:\\\/\\\/darkamazi.info\\\/darka-content\\\/uploads\\\/2017\\\/12\\\/darka-mazi-logo.png\",\"width\":151,\"height\":75,\"caption\":\"Darka Maz\u00ee\"},\"image\":{\"@id\":\"https:\\\/\\\/darkamazi.info\\\/#\\\/schema\\\/logo\\\/image\\\/\"},\"sameAs\":[\"https:\\\/\\\/www.facebook.com\\\/DarMaziKurmanci\",\"https:\\\/\\\/x.com\\\/DarkaMaziLatini\",\"https:\\\/\\\/www.instagram.com\\\/darkamazi.kurmanci\\\/\",\"https:\\\/\\\/www.youtube.com\\\/channel\\\/UCa5HkTdmI8U1qCUFuTw8B2g\"]},{\"@type\":\"Person\",\"@id\":\"https:\\\/\\\/darkamazi.info\\\/#\\\/schema\\\/person\\\/5ad3e24553a0567993fa8ed4bd0a776c\",\"name\":\"darka mazi\",\"sameAs\":[\"https:\\\/\\\/darkamazi.info\\\/\"],\"url\":\"https:\\\/\\\/darkamazi.info\\\/archives\\\/author\\\/kurdi\"}]}<\/script>\n<!-- \/ Yoast SEO plugin. -->","seo_head_json":{"title":"PKKe \u00fb YPG\u00ea 134 \u00e7ekdar di meha b\u00fbr\u00ee da ji dest dane - Darka Maz\u00ee","robots":{"index":"index","follow":"follow","max-snippet":"max-snippet:-1","max-image-preview":"max-image-preview:large","max-video-preview":"max-video-preview:-1"},"canonical":"https:\/\/darkamazi.info\/archives\/1020516","og_locale":"en_US","og_type":"article","og_title":"PKKe \u00fb YPG\u00ea 134 \u00e7ekdar di meha b\u00fbr\u00ee da ji dest dane - Darka Maz\u00ee","og_description":"R\u00eaxistina PKK\u00ea \u00fb bal\u00ea w\u00ea y\u00ea Rojava Kurdistan\u00ea YPG\u00ea, di meha adara \u00eesal\u00ea de, 134 \u00e7ekdar ji dest dane. Li gor\u00ee ajansa Anadoloy\u00ea ya dewleta Tirkiy\u00ea, di meha adara \u00eesal\u00ea de, 134 \u00e7ekdar\u00ean PKK\u00ea \u00fb \u015eervan\u00ean YPG\u00ea, di \u00ear\u00ee\u015f\u00ean art\u00ea\u015fa Tirkiy\u00ea de, li Ba\u015f\u00fbr, Bakur \u00fb Rojavay\u00ea Kurdistan\u00ea hatine hedef kirin. Her wiha dest n\u00ee\u015fan [&hellip;]","og_url":"https:\/\/darkamazi.info\/archives\/1020516","og_site_name":"Darka Maz\u00ee","article_publisher":"https:\/\/www.facebook.com\/DarMaziKurmanci","article_published_time":"2021-04-03T10:47:14+00:00","og_image":[{"width":900,"height":497,"url":"https:\/\/darkamazi.info\/file\/2021\/04\/pkk-ypg-turk-kurdistan-2.jpg","type":"image\/jpeg"}],"author":"darka mazi","twitter_card":"summary_large_image","twitter_creator":"@DarkaMaziLatini","twitter_site":"@DarkaMaziLatini","twitter_misc":{"Written by":"darka mazi","Est. reading time":"1 minute"},"schema":{"@context":"https:\/\/schema.org","@graph":[{"@type":"Article","@id":"https:\/\/darkamazi.info\/archives\/1020516#article","isPartOf":{"@id":"https:\/\/darkamazi.info\/archives\/1020516"},"author":{"name":"darka mazi","@id":"https:\/\/darkamazi.info\/#\/schema\/person\/5ad3e24553a0567993fa8ed4bd0a776c"},"headline":"PKKe \u00fb YPG\u00ea 134 \u00e7ekdar di meha b\u00fbr\u00ee da ji dest dane","datePublished":"2021-04-03T10:47:14+00:00","mainEntityOfPage":{"@id":"https:\/\/darkamazi.info\/archives\/1020516"},"wordCount":133,"publisher":{"@id":"https:\/\/darkamazi.info\/#organization"},"image":{"@id":"https:\/\/darkamazi.info\/archives\/1020516#primaryimage"},"thumbnailUrl":"https:\/\/darkamazi.info\/file\/2021\/04\/pkk-ypg-turk-kurdistan-2.jpg","keywords":["sereke"],"articleSection":["Kurdistan"],"inLanguage":"en-US"},{"@type":"WebPage","@id":"https:\/\/darkamazi.info\/archives\/1020516","url":"https:\/\/darkamazi.info\/archives\/1020516","name":"PKKe \u00fb YPG\u00ea 134 \u00e7ekdar di meha b\u00fbr\u00ee da ji dest dane - Darka Maz\u00ee","isPartOf":{"@id":"https:\/\/darkamazi.info\/#website"},"primaryImageOfPage":{"@id":"https:\/\/darkamazi.info\/archives\/1020516#primaryimage"},"image":{"@id":"https:\/\/darkamazi.info\/archives\/1020516#primaryimage"},"thumbnailUrl":"https:\/\/darkamazi.info\/file\/2021\/04\/pkk-ypg-turk-kurdistan-2.jpg","datePublished":"2021-04-03T10:47:14+00:00","breadcrumb":{"@id":"https:\/\/darkamazi.info\/archives\/1020516#breadcrumb"},"inLanguage":"en-US","potentialAction":[{"@type":"ReadAction","target":["https:\/\/darkamazi.info\/archives\/1020516"]}]},{"@type":"ImageObject","inLanguage":"en-US","@id":"https:\/\/darkamazi.info\/archives\/1020516#primaryimage","url":"https:\/\/darkamazi.info\/file\/2021\/04\/pkk-ypg-turk-kurdistan-2.jpg","contentUrl":"https:\/\/darkamazi.info\/file\/2021\/04\/pkk-ypg-turk-kurdistan-2.jpg","width":900,"height":497,"caption":"PKKe \u00fb YPG\u00ea 134 \u00e7ekdar di meha b\u00fbr\u00ee da ji dest dane"},{"@type":"BreadcrumbList","@id":"https:\/\/darkamazi.info\/archives\/1020516#breadcrumb","itemListElement":[{"@type":"ListItem","position":1,"name":"Home","item":"https:\/\/darkamazi.info\/"},{"@type":"ListItem","position":2,"name":"PKKe \u00fb YPG\u00ea 134 \u00e7ekdar di meha b\u00fbr\u00ee da ji dest dane"}]},{"@type":"WebSite","@id":"https:\/\/darkamazi.info\/#website","url":"https:\/\/darkamazi.info\/","name":"Darka Maz\u00ee","description":"P\u00eageha Zanyariy\u00ean Nebih\u00eest\u00ee","publisher":{"@id":"https:\/\/darkamazi.info\/#organization"},"potentialAction":[{"@type":"SearchAction","target":{"@type":"EntryPoint","urlTemplate":"https:\/\/darkamazi.info\/?s={search_term_string}"},"query-input":{"@type":"PropertyValueSpecification","valueRequired":true,"valueName":"search_term_string"}}],"inLanguage":"en-US"},{"@type":"Organization","@id":"https:\/\/darkamazi.info\/#organization","name":"Darka Maz\u00ee","url":"https:\/\/darkamazi.info\/","logo":{"@type":"ImageObject","inLanguage":"en-US","@id":"https:\/\/darkamazi.info\/#\/schema\/logo\/image\/","url":"https:\/\/darkamazi.info\/file\/2017\/12\/darka-mazi-logo.png","contentUrl":"https:\/\/darkamazi.info\/file\/2017\/12\/darka-mazi-logo.png","width":151,"height":75,"caption":"Darka Maz\u00ee"},"image":{"@id":"https:\/\/darkamazi.info\/#\/schema\/logo\/image\/"},"sameAs":["https:\/\/www.facebook.com\/DarMaziKurmanci","https:\/\/x.com\/DarkaMaziLatini","https:\/\/www.instagram.com\/darkamazi.kurmanci\/","https:\/\/www.youtube.com\/channel\/UCa5HkTdmI8U1qCUFuTw8B2g"]},{"@type":"Person","@id":"https:\/\/darkamazi.info\/#\/schema\/person\/5ad3e24553a0567993fa8ed4bd0a776c","name":"darka mazi","sameAs":["https:\/\/darkamazi.info\/"],"url":"https:\/\/darkamazi.info\/archives\/author\/kurdi"}]}},"_links":{"self":[{"href":"https:\/\/darkamazi.info\/funavuv\/wp\/v2\/posts\/1020516","targetHints":{"allow":["GET"]}}],"collection":[{"href":"https:\/\/darkamazi.info\/funavuv\/wp\/v2\/posts"}],"about":[{"href":"https:\/\/darkamazi.info\/funavuv\/wp\/v2\/types\/post"}],"author":[{"embeddable":true,"href":"https:\/\/darkamazi.info\/funavuv\/wp\/v2\/users\/2"}],"replies":[{"embeddable":true,"href":"https:\/\/darkamazi.info\/funavuv\/wp\/v2\/comments?post=1020516"}],"version-history":[{"count":0,"href":"https:\/\/darkamazi.info\/funavuv\/wp\/v2\/posts\/1020516\/revisions"}],"wp:featuredmedia":[{"embeddable":true,"href":"https:\/\/darkamazi.info\/funavuv\/wp\/v2\/media\/1020518"}],"wp:attachment":[{"href":"https:\/\/darkamazi.info\/funavuv\/wp\/v2\/media?parent=1020516"}],"wp:term":[{"taxonomy":"category","embeddable":true,"href":"https:\/\/darkamazi.info\/funavuv\/wp\/v2\/categories?post=1020516"},{"taxonomy":"post_tag","embeddable":true,"href":"https:\/\/darkamazi.info\/funavuv\/wp\/v2\/tags?post=1020516"}],"curies":[{"name":"wp","href":"https:\/\/api.w.org\/{rel}","templated":true}]}}