{"id":1020571,"date":"2021-04-05T15:41:45","date_gmt":"2021-04-05T12:41:45","guid":{"rendered":"https:\/\/darkamazi.info\/?p=1020571"},"modified":"2021-04-08T14:00:13","modified_gmt":"2021-04-08T11:00:13","slug":"peymana-lahur-cengi-u-ebo-fedek-ji-boy-kerkuke-u-dewama-ixanete","status":"publish","type":"post","link":"https:\/\/darkamazi.info\/archives\/1020571","title":{"rendered":"Peymana Lahur Ceng\u00ee \u00fb Ebo Fedek ji boy Kerk\u00fbk\u00ea \u00fb dewama \u00eexanet\u00ea"},"content":{"rendered":"<div class=\"wpb-content-wrapper\"><p>[darkamazi_row][darkamazi_column][darkamazi_column_text]<\/p>\n<h3 style=\"text-align: justify;\"><span style=\"font-family: 'arial black', sans-serif;\">Yek\u00eat\u00eeya N\u00ee\u015ft\u00eeman\u00ee Kurdistan\u00ea ji bo r\u00ea girtin\u00ea li vegera PDK\u00ea bo Kerk\u00fbk\u00ea, careke din dest\u00ea xwe xist\u00eeye dest\u00ea He\u015fda \u015eab\u00ee, ji bo ku v\u00ea armanc\u00ea j\u00ee bi c\u00ee bike, li roj\u00ean rab\u00fbr\u00ee li gel xetertir\u00een fermandar\u00ea v\u00ea m\u00eel\u00ee\u015fyay ya \u015e\u00eee civ\u00een encam daye.<\/span><\/h3>\n<h3 style=\"text-align: justify;\">Hewl\u00ean bal\u00ea Lahur\u00ea \u015e\u00eax Ceng\u00ee hevserok\u00ea Yek\u00eat\u00eeya N\u00ee\u015ft\u00eeman\u00ee Kurdistan\u00ea ji boy bih\u00eaz kirina p\u00eageha He\u015fda \u015eab\u00ee li Kerk\u00fbk\u00ea ji pa\u015f b\u00fbyer\u00ean 16\u00ee Oktober\u00ea nesekin\u00eene, li roj\u00ean rab\u00fbr\u00ee p\u00eelaneke din ya qir\u00eaj e\u015fkere b\u00fb, berpirs\u00ean YNK\u00ea li Kerk\u00fbk\u00ea bi fermana Lahur\u00ea Ceng\u00ee li gel Ebo Fedek \u015f\u00fbngir\u00ea Ebo Mehd\u00ee Muhendis civ\u00een p\u00eakan\u00eeye, \u00e7awan\u00eeya r\u00eagirtin\u00ea li vegera PDK\u00ea ji boy Kerk\u00fbk\u00ea \u00fb away\u00ea w\u00ea al\u00eekariy\u00ea ku YNKe w\u00ea di v\u00ea derbar\u00ea de p\u00ea\u015fk\u00ea\u015f\u00ee He\u015fd\u00ea bike, mijara civ\u00een\u00ea b\u00fb.<\/h3>\n<h3 style=\"text-align: justify;\">\u00c7avkaniy\u00ean p\u00eageha Darka Maz\u00ee li Ba\u015f\u00fbr\u00ea Kurdistan\u00ea e\u015fkere kir, li roja 9 \u015fubata \u00eesal\u00ea, Ebo Fedek serok erkan\u00ea m\u00eel\u00ee\u015fya He\u015fda \u015eab\u00ee li gel hejmareke berpirs \u00fb fermandar\u00ean desteya bir\u00eavebir a v\u00ea m\u00eel\u00ee\u015fya \u015e\u00eee mezheb, bi balefireka esker\u00ee gih\u00ee\u015ftib\u00fbne Kerk\u00fbk\u00ea, ew b\u00fb dema 3 rojan li Kerk\u00fbk\u00ea mab\u00fb.<\/h3>\n<h3 style=\"text-align: justify;\">Ebo Fedek \u00fb \u015fanda p\u00eare ji h\u00eala Rakan Cib\u00fbr\u00ee par\u00eazger\u00ea sepand\u00ee y\u00ea Kerk\u00fbk\u00ea \u00fb Ebo Reza Necar fermandar\u00ea en\u00eeya bakur y\u00ea He\u015fda \u015eab\u00ee, her wiha hinek ji \u015f\u00eax \u00fb kesatiy\u00ean Sune mezheb ve hatib\u00fb p\u00ea\u015fwaz\u00ee kirin.<\/h3>\n<h3 style=\"text-align: justify;\">\u00c7avkaniy\u00ean p\u00eageha me e\u015fkere kir, Ebo Fedek bo dema 3 rojan li Kerk\u00fbk\u00ea maye, di van 3 rojan de, civ\u00een li gel van al\u00eeyan kirine:<\/h3>\n<p>[\/darkamazi_column_text][darkamazi_message message_box_style=&#8221;3d&#8221; message_box_color=&#8221;chino&#8221;]<\/p>\n<ol>\n<li>\n<h3 style=\"text-align: justify;\"><span style=\"font-family: 'arial black', sans-serif;\">Fermandar\u00eat\u00eeya operasyon\u00ean hevbe\u015f a Kerk\u00fbk\u00ea<\/span><\/h3>\n<\/li>\n<li>\n<h3><span style=\"font-family: 'arial black', sans-serif;\">Tev h\u00eaz\u00ean ewlehiy\u00ea \u00fb y\u00ean \u00eestixbarat\u00ee.<\/span><\/h3>\n<\/li>\n<li>\n<h3><span style=\"font-family: 'arial black', sans-serif;\">Kesaty\u00ean Turkmen.<\/span><\/h3>\n<\/li>\n<li>\n<h3 style=\"text-align: justify;\"><span style=\"font-family: 'arial black', sans-serif;\">Melbenda 2 a YNK\u00ea.<\/span><\/h3>\n<\/li>\n<\/ol>\n<p>[\/darkamazi_message][darkamazi_column_text]<\/p>\n<h1 style=\"text-align: center;\"><span style=\"font-family: 'arial black', sans-serif; color: #8f0303;\">L\u00ea bel\u00ea ji bera ku em bas li civ\u00eena li gel YNK\u00ea bikin, p\u00eaw\u00eeste em bizanin kan\u00ea Ebo Fedek k\u00ee ye:<\/span><\/h1>\n<p>[\/darkamazi_column_text][darkamazi_message message_box_style=&#8221;3d&#8221; message_box_color=&#8221;chino&#8221;]<\/p>\n<ul>\n<li>\n<h3><span style=\"font-family: 'arial black', sans-serif;\">Nav\u00ea w\u00ee: Ebdulez\u00eez Mela Mic\u00eari\u015f el Mihemedaw\u00ee ye.<\/span><\/h3>\n<\/li>\n<li>\n<h3><span style=\"font-family: 'arial black', sans-serif;\">Kod nav: Bi kod nav\u00ean &#8220;Xal \u00fb Ebo Fedek Mic\u00eari\u015f \u00fb Mela Mic\u00eari\u015f&#8221; t\u00ea nas kirin.<\/span><\/h3>\n<\/li>\n<li>\n<h3><span style=\"font-family: 'arial black', sans-serif;\">Yek ji fermandar\u00ean m\u00eel\u00ee\u015fya Esab Ehlulheqe.<\/span><\/h3>\n<\/li>\n<li>\n<h3><span style=\"font-family: 'arial black', sans-serif;\">Em\u00eendar\u00ea ber\u00ea y\u00ea m\u00eel\u00ee\u015fya Hizbullahe.<\/span><\/h3>\n<\/li>\n<li>\n<h3><span style=\"font-family: 'arial black', sans-serif;\">Kesek\u00ea n\u00eaz\u00ee \u00ceran\u00ea ye \u00fb bi te&#8217;l\u00eemat\u00ean W\u00eelayet el Feq\u00eeh tev digere.<\/span><\/h3>\n<\/li>\n<li>\n<h3><span style=\"font-family: 'arial black', sans-serif;\">P\u00eawendiy\u00ean her\u00ee ba\u015f li gel Qasim Suleyman\u00ee heb\u00fbn.<\/span><\/h3>\n<\/li>\n<li>\n<h3><span style=\"font-family: 'arial black', sans-serif;\">Dest di sedan c\u00eenayet\u00ean ku\u015ftin, c\u00eenayet\u00ean ta\u00eef\u00ee \u00fb revandin\u00ea de heye.<\/span><\/h3>\n<\/li>\n<li>\n<h3><span style=\"font-family: 'arial black', sans-serif;\">Li gor\u00ee wezareta genc\u00eeneya Amer\u00eekay\u00ea, Ebo Fedek li gel sipay\u00ea pasdaran kar kir\u00eeye.<\/span><\/h3>\n<\/li>\n<li>\n<h3><span style=\"font-family: 'arial black', sans-serif;\">Amer\u00eekay\u00ea li kan\u00fbna d\u00fbyem\u00een a \u00eesal 2021an xist\u00eeye di l\u00eesta teror\u00eest\u00ean c\u00eehan\u00ee y\u00ean daxwaz kir\u00ee de.<\/span><\/h3>\n<\/li>\n<li>\n<h3><span style=\"font-family: 'arial black', sans-serif;\">Li 24 \u015fubata \u00eesal\u00ea weke serok erkan\u00ea He\u015fda \u015eab\u00ee li ciy\u00ea Ebo Mehd\u00ee Muhendis hatib\u00fb dest n\u00ee\u015fan kirin<\/span><\/h3>\n<\/li>\n<\/ul>\n<p>[\/darkamazi_message][darkamazi_column_text]<\/p>\n<h1 style=\"text-align: justify;\"><span style=\"color: #8f0303;\"><strong><a href=\"https:\/\/darkamazi.net\/wp-content\/uploads\/2021\/04\/\u0626\u0647\u200c\u0628\u06c6-\u0641\u0647\u200c\u062f\u0647\u200c\u0643-\u062d\u0647\u200c\u0634\u062f\u0627-\u0634\u0647\u200c\u0639\u0628\u06cc-\u0643\u0647\u200c\u0631\u0643\u0648\u0648\u0643-16-\u0626\u06c6\u0643\u062a\u06c6\u0628\u0647\u200c\u0631-\u06cc\u0647\u200c\u0646\u0647\u200c\u0643\u0647\u200c-\u06cc\u0647\u200c\u0643\u06ce\u062a\u06cc-\u0626\u06ce\u0643\u0647\u200c\u062a\u06cc-\u06cc\u0647\u200c\u0643\u06cc\u062a\u06cc-\u0645\u0647\u200c\u0644\u0628\u0647\u200c\u0646\u062f\u06ce-\u062f\u0648\u0648-3.jpg\"><img decoding=\"async\" class=\"size-full darka-image-1022455\" src=\"https:\/\/darkamazi.net\/wp-content\/uploads\/2021\/04\/\u0626\u0647\u200c\u0628\u06c6-\u0641\u0647\u200c\u062f\u0647\u200c\u0643-\u062d\u0647\u200c\u0634\u062f\u0627-\u0634\u0647\u200c\u0639\u0628\u06cc-\u0643\u0647\u200c\u0631\u0643\u0648\u0648\u0643-16-\u0626\u06c6\u0643\u062a\u06c6\u0628\u0647\u200c\u0631-\u06cc\u0647\u200c\u0646\u0647\u200c\u0643\u0647\u200c-\u06cc\u0647\u200c\u0643\u06ce\u062a\u06cc-\u0626\u06ce\u0643\u0647\u200c\u062a\u06cc-\u06cc\u0647\u200c\u0643\u06cc\u062a\u06cc-\u0645\u0647\u200c\u0644\u0628\u0647\u200c\u0646\u062f\u06ce-\u062f\u0648\u0648-3.jpg\" alt=\"\" \/><\/a><\/strong><\/span><\/h1>\n<h1 style=\"text-align: justify;\"><span style=\"font-family: 'arial black', sans-serif; color: #8f0303;\">Ebo Fedek daxwaz ji YNK\u00ea kir ji boy r\u00eagirtin\u00ea li vegera PDK\u00ea bo Kerk\u00fbk\u00ea\u00a0 bikevin nava hewl\u00ean mezin de<\/span><\/h1>\n<h3 style=\"text-align: justify;\">Li gor\u00ee agahiy\u00ean dest\u00ea me, civ\u00eena Ebo Fedek \u00fb berpirs\u00ean He\u015fda \u015eab\u00ee a li gel YNK\u00ea, bi serokat\u00eeya Heme Sor Du\u015f\u00eewan\u00ee b\u00fb, Ebo Fedek di v\u00ea hevd\u00eetn\u00ea de dustat\u00ee \u00fb t\u00eakiliy\u00ean He\u015fda \u015eab\u00ee bi YNK\u00ea re tekez kir \u00fb ji ber v\u00ea sedem\u00ea daxwaz ji YNK\u00ea kir ku ji bo r\u00eagirtin\u00ea li vegera PDK\u00ea ji bo Kerk\u00fbk\u00ea bikevin nava hewl\u00ean mezin de.<\/h3>\n<h3 style=\"text-align: justify;\">Berpirs\u00ea melbenda 2 ya YNK\u00ea j\u00ee ku agah\u00ee \u00fb te&#8217;l\u00eemat\u00ean Lahur \u015e\u00eax Ceng\u00ee p\u00eare b\u00fbn, soz bi Ebo Fedek daye ku ji bo c\u00ee c\u00ee kirina v\u00ea daxwaz\u00eeya He\u015fd\u00ea hem\u00fb hewlek\u00ea bidin \u00fb her wiha ji boy xort kirina p\u00eageha He\u015fda \u015eab\u00ee li Kerk\u00fbk\u00ea tu xemsar\u00eeyek\u00ea nekin.<\/h3>\n<h3 style=\"direction: ltr; text-align: justify;\">H\u00eajay gotin\u00ea ye, pa\u015f civ\u00een\u00ean Ebo Fedek li gel YNK\u00ea, Turkmen \u00fb Ereb\u00ean Sune mezheb y\u00ean Kerk\u00fbk\u00ea, bi al\u00eekar\u00eeya YNK\u00ea hinek xwep\u00ea\u015fandan li Kerk\u00fbk\u00ea \u00e7\u00eakrin, di van xwep\u00ea\u015fandanan de ku hem\u00fb ji al\u00eegr\u00ean par\u00eazger\u00ea Kerk\u00fbk\u00ea \u00fb YNK\u00ea b\u00fbn, xwestin P\u00ea\u015fmerge \u00fb PDKe nevegere Kerk\u00fbk\u00ea.<\/h3>\n<p>[\/darkamazi_column_text][\/darkamazi_column][\/darkamazi_row][darkamazi_row][darkamazi_column][\/darkamazi_column][\/darkamazi_row]<\/p>\n<\/div>","protected":false},"excerpt":{"rendered":"<p>[darkamazi_row][darkamazi_column][darkamazi_column_text] Yek\u00eat\u00eeya N\u00ee\u015ft\u00eeman\u00ee Kurdistan\u00ea ji bo r\u00ea girtin\u00ea li vegera PDK\u00ea bo Kerk\u00fbk\u00ea, careke din dest\u00ea xwe xist\u00eeye dest\u00ea He\u015fda \u015eab\u00ee, ji bo ku v\u00ea armanc\u00ea j\u00ee bi c\u00ee bike, li roj\u00ean rab\u00fbr\u00ee li gel xetertir\u00een fermandar\u00ea v\u00ea m\u00eel\u00ee\u015fyay ya \u015e\u00eee civ\u00een encam daye. Hewl\u00ean bal\u00ea Lahur\u00ea \u015e\u00eax Ceng\u00ee hevserok\u00ea Yek\u00eat\u00eeya N\u00ee\u015ft\u00eeman\u00ee Kurdistan\u00ea ji boy [&hellip;]<\/p>\n","protected":false},"author":2,"featured_media":1020572,"comment_status":"closed","ping_status":"closed","sticky":false,"template":"","format":"standard","meta":{"footnotes":""},"categories":[40],"tags":[43],"class_list":["post-1020571","post","type-post","status-publish","format-standard","has-post-thumbnail","hentry","category-niheni","tag-lahur-cengi"],"blocksy_meta":[],"seo_head":"<!-- This site is optimized with the Yoast SEO plugin v27.5 - https:\/\/yoast.com\/product\/yoast-seo-wordpress\/ -->\n<title>Peymana Lahur Ceng\u00ee \u00fb Ebo Fedek ji boy Kerk\u00fbk\u00ea \u00fb dewama \u00eexanet\u00ea - Darka Maz\u00ee<\/title>\n<meta name=\"robots\" content=\"index, follow, max-snippet:-1, max-image-preview:large, max-video-preview:-1\" \/>\n<link rel=\"canonical\" href=\"https:\/\/darkamazi.info\/archives\/1020571\" \/>\n<meta property=\"og:locale\" content=\"en_US\" \/>\n<meta property=\"og:type\" content=\"article\" \/>\n<meta property=\"og:title\" content=\"Peymana Lahur Ceng\u00ee \u00fb Ebo Fedek ji boy Kerk\u00fbk\u00ea \u00fb dewama \u00eexanet\u00ea - Darka Maz\u00ee\" \/>\n<meta property=\"og:description\" content=\"[darkamazi_row][darkamazi_column][darkamazi_column_text] Yek\u00eat\u00eeya N\u00ee\u015ft\u00eeman\u00ee Kurdistan\u00ea ji bo r\u00ea girtin\u00ea li vegera PDK\u00ea bo Kerk\u00fbk\u00ea, careke din dest\u00ea xwe xist\u00eeye dest\u00ea He\u015fda \u015eab\u00ee, ji bo ku v\u00ea armanc\u00ea j\u00ee bi c\u00ee bike, li roj\u00ean rab\u00fbr\u00ee li gel xetertir\u00een fermandar\u00ea v\u00ea m\u00eel\u00ee\u015fyay ya \u015e\u00eee civ\u00een encam daye. Hewl\u00ean bal\u00ea Lahur\u00ea \u015e\u00eax Ceng\u00ee hevserok\u00ea Yek\u00eat\u00eeya N\u00ee\u015ft\u00eeman\u00ee Kurdistan\u00ea ji boy [&hellip;]\" \/>\n<meta property=\"og:url\" content=\"https:\/\/darkamazi.info\/archives\/1020571\" \/>\n<meta property=\"og:site_name\" content=\"Darka Maz\u00ee\" \/>\n<meta property=\"article:publisher\" content=\"https:\/\/www.facebook.com\/DarMaziKurmanci\" \/>\n<meta property=\"article:published_time\" content=\"2021-04-05T12:41:45+00:00\" \/>\n<meta property=\"article:modified_time\" content=\"2021-04-08T11:00:13+00:00\" \/>\n<meta property=\"og:image\" content=\"https:\/\/darkamazi.info\/file\/2021\/04\/Lahur-Cengi-Ebo-Fedek-1.jpg\" \/>\n\t<meta property=\"og:image:width\" content=\"900\" \/>\n\t<meta property=\"og:image:height\" content=\"497\" \/>\n\t<meta property=\"og:image:type\" content=\"image\/jpeg\" \/>\n<meta name=\"author\" content=\"darka mazi\" \/>\n<meta name=\"twitter:card\" content=\"summary_large_image\" \/>\n<meta name=\"twitter:creator\" content=\"@DarkaMaziLatini\" \/>\n<meta name=\"twitter:site\" content=\"@DarkaMaziLatini\" \/>\n<meta name=\"twitter:label1\" content=\"Written by\" \/>\n\t<meta name=\"twitter:data1\" content=\"darka mazi\" \/>\n\t<meta name=\"twitter:label2\" content=\"Est. reading time\" \/>\n\t<meta name=\"twitter:data2\" content=\"3 minutes\" \/>\n<script type=\"application\/ld+json\" class=\"seo-schema-graph\">{\"@context\":\"https:\\\/\\\/schema.org\",\"@graph\":[{\"@type\":\"Article\",\"@id\":\"https:\\\/\\\/darkamazi.info\\\/archives\\\/1020571#article\",\"isPartOf\":{\"@id\":\"https:\\\/\\\/darkamazi.info\\\/archives\\\/1020571\"},\"author\":{\"name\":\"darka mazi\",\"@id\":\"https:\\\/\\\/darkamazi.info\\\/#\\\/schema\\\/person\\\/5ad3e24553a0567993fa8ed4bd0a776c\"},\"headline\":\"Peymana Lahur Ceng\u00ee \u00fb Ebo Fedek ji boy Kerk\u00fbk\u00ea \u00fb dewama \u00eexanet\u00ea\",\"datePublished\":\"2021-04-05T12:41:45+00:00\",\"dateModified\":\"2021-04-08T11:00:13+00:00\",\"mainEntityOfPage\":{\"@id\":\"https:\\\/\\\/darkamazi.info\\\/archives\\\/1020571\"},\"wordCount\":762,\"publisher\":{\"@id\":\"https:\\\/\\\/darkamazi.info\\\/#organization\"},\"image\":{\"@id\":\"https:\\\/\\\/darkamazi.info\\\/archives\\\/1020571#primaryimage\"},\"thumbnailUrl\":\"https:\\\/\\\/darkamazi.info\\\/darka-content\\\/uploads\\\/2021\\\/04\\\/Lahur-Cengi-Ebo-Fedek-1.jpg\",\"keywords\":[\"Lahur Ceng\u00ee\"],\"articleSection\":[\"Nih\u00ean\u00ee\"],\"inLanguage\":\"en-US\"},{\"@type\":\"WebPage\",\"@id\":\"https:\\\/\\\/darkamazi.info\\\/archives\\\/1020571\",\"url\":\"https:\\\/\\\/darkamazi.info\\\/archives\\\/1020571\",\"name\":\"Peymana Lahur Ceng\u00ee \u00fb Ebo Fedek ji boy Kerk\u00fbk\u00ea \u00fb dewama \u00eexanet\u00ea - Darka Maz\u00ee\",\"isPartOf\":{\"@id\":\"https:\\\/\\\/darkamazi.info\\\/#website\"},\"primaryImageOfPage\":{\"@id\":\"https:\\\/\\\/darkamazi.info\\\/archives\\\/1020571#primaryimage\"},\"image\":{\"@id\":\"https:\\\/\\\/darkamazi.info\\\/archives\\\/1020571#primaryimage\"},\"thumbnailUrl\":\"https:\\\/\\\/darkamazi.info\\\/darka-content\\\/uploads\\\/2021\\\/04\\\/Lahur-Cengi-Ebo-Fedek-1.jpg\",\"datePublished\":\"2021-04-05T12:41:45+00:00\",\"dateModified\":\"2021-04-08T11:00:13+00:00\",\"breadcrumb\":{\"@id\":\"https:\\\/\\\/darkamazi.info\\\/archives\\\/1020571#breadcrumb\"},\"inLanguage\":\"en-US\",\"potentialAction\":[{\"@type\":\"ReadAction\",\"target\":[\"https:\\\/\\\/darkamazi.info\\\/archives\\\/1020571\"]}]},{\"@type\":\"ImageObject\",\"inLanguage\":\"en-US\",\"@id\":\"https:\\\/\\\/darkamazi.info\\\/archives\\\/1020571#primaryimage\",\"url\":\"https:\\\/\\\/darkamazi.info\\\/darka-content\\\/uploads\\\/2021\\\/04\\\/Lahur-Cengi-Ebo-Fedek-1.jpg\",\"contentUrl\":\"https:\\\/\\\/darkamazi.info\\\/darka-content\\\/uploads\\\/2021\\\/04\\\/Lahur-Cengi-Ebo-Fedek-1.jpg\",\"width\":900,\"height\":497,\"caption\":\"Peymana Lahur Ceng\u00ee \u00fb Ebo Fedek ji boy Kerk\u00fbk\u00ea \u00fb dewama \u00eexanet\u00ea\"},{\"@type\":\"BreadcrumbList\",\"@id\":\"https:\\\/\\\/darkamazi.info\\\/archives\\\/1020571#breadcrumb\",\"itemListElement\":[{\"@type\":\"ListItem\",\"position\":1,\"name\":\"Home\",\"item\":\"https:\\\/\\\/darkamazi.info\\\/\"},{\"@type\":\"ListItem\",\"position\":2,\"name\":\"Peymana Lahur Ceng\u00ee \u00fb Ebo Fedek ji boy Kerk\u00fbk\u00ea \u00fb dewama \u00eexanet\u00ea\"}]},{\"@type\":\"WebSite\",\"@id\":\"https:\\\/\\\/darkamazi.info\\\/#website\",\"url\":\"https:\\\/\\\/darkamazi.info\\\/\",\"name\":\"Darka Maz\u00ee\",\"description\":\"P\u00eageha Zanyariy\u00ean Nebih\u00eest\u00ee\",\"publisher\":{\"@id\":\"https:\\\/\\\/darkamazi.info\\\/#organization\"},\"potentialAction\":[{\"@type\":\"SearchAction\",\"target\":{\"@type\":\"EntryPoint\",\"urlTemplate\":\"https:\\\/\\\/darkamazi.info\\\/?s={search_term_string}\"},\"query-input\":{\"@type\":\"PropertyValueSpecification\",\"valueRequired\":true,\"valueName\":\"search_term_string\"}}],\"inLanguage\":\"en-US\"},{\"@type\":\"Organization\",\"@id\":\"https:\\\/\\\/darkamazi.info\\\/#organization\",\"name\":\"Darka Maz\u00ee\",\"url\":\"https:\\\/\\\/darkamazi.info\\\/\",\"logo\":{\"@type\":\"ImageObject\",\"inLanguage\":\"en-US\",\"@id\":\"https:\\\/\\\/darkamazi.info\\\/#\\\/schema\\\/logo\\\/image\\\/\",\"url\":\"https:\\\/\\\/darkamazi.info\\\/darka-content\\\/uploads\\\/2017\\\/12\\\/darka-mazi-logo.png\",\"contentUrl\":\"https:\\\/\\\/darkamazi.info\\\/darka-content\\\/uploads\\\/2017\\\/12\\\/darka-mazi-logo.png\",\"width\":151,\"height\":75,\"caption\":\"Darka Maz\u00ee\"},\"image\":{\"@id\":\"https:\\\/\\\/darkamazi.info\\\/#\\\/schema\\\/logo\\\/image\\\/\"},\"sameAs\":[\"https:\\\/\\\/www.facebook.com\\\/DarMaziKurmanci\",\"https:\\\/\\\/x.com\\\/DarkaMaziLatini\",\"https:\\\/\\\/www.instagram.com\\\/darkamazi.kurmanci\\\/\",\"https:\\\/\\\/www.youtube.com\\\/channel\\\/UCa5HkTdmI8U1qCUFuTw8B2g\"]},{\"@type\":\"Person\",\"@id\":\"https:\\\/\\\/darkamazi.info\\\/#\\\/schema\\\/person\\\/5ad3e24553a0567993fa8ed4bd0a776c\",\"name\":\"darka mazi\",\"sameAs\":[\"https:\\\/\\\/darkamazi.info\\\/\"],\"url\":\"https:\\\/\\\/darkamazi.info\\\/archives\\\/author\\\/kurdi\"}]}<\/script>\n<!-- \/ Yoast SEO plugin. -->","seo_head_json":{"title":"Peymana Lahur Ceng\u00ee \u00fb Ebo Fedek ji boy Kerk\u00fbk\u00ea \u00fb dewama \u00eexanet\u00ea - Darka Maz\u00ee","robots":{"index":"index","follow":"follow","max-snippet":"max-snippet:-1","max-image-preview":"max-image-preview:large","max-video-preview":"max-video-preview:-1"},"canonical":"https:\/\/darkamazi.info\/archives\/1020571","og_locale":"en_US","og_type":"article","og_title":"Peymana Lahur Ceng\u00ee \u00fb Ebo Fedek ji boy Kerk\u00fbk\u00ea \u00fb dewama \u00eexanet\u00ea - Darka Maz\u00ee","og_description":"[darkamazi_row][darkamazi_column][darkamazi_column_text] Yek\u00eat\u00eeya N\u00ee\u015ft\u00eeman\u00ee Kurdistan\u00ea ji bo r\u00ea girtin\u00ea li vegera PDK\u00ea bo Kerk\u00fbk\u00ea, careke din dest\u00ea xwe xist\u00eeye dest\u00ea He\u015fda \u015eab\u00ee, ji bo ku v\u00ea armanc\u00ea j\u00ee bi c\u00ee bike, li roj\u00ean rab\u00fbr\u00ee li gel xetertir\u00een fermandar\u00ea v\u00ea m\u00eel\u00ee\u015fyay ya \u015e\u00eee civ\u00een encam daye. Hewl\u00ean bal\u00ea Lahur\u00ea \u015e\u00eax Ceng\u00ee hevserok\u00ea Yek\u00eat\u00eeya N\u00ee\u015ft\u00eeman\u00ee Kurdistan\u00ea ji boy [&hellip;]","og_url":"https:\/\/darkamazi.info\/archives\/1020571","og_site_name":"Darka Maz\u00ee","article_publisher":"https:\/\/www.facebook.com\/DarMaziKurmanci","article_published_time":"2021-04-05T12:41:45+00:00","article_modified_time":"2021-04-08T11:00:13+00:00","og_image":[{"width":900,"height":497,"url":"https:\/\/darkamazi.info\/file\/2021\/04\/Lahur-Cengi-Ebo-Fedek-1.jpg","type":"image\/jpeg"}],"author":"darka mazi","twitter_card":"summary_large_image","twitter_creator":"@DarkaMaziLatini","twitter_site":"@DarkaMaziLatini","twitter_misc":{"Written by":"darka mazi","Est. reading time":"3 minutes"},"schema":{"@context":"https:\/\/schema.org","@graph":[{"@type":"Article","@id":"https:\/\/darkamazi.info\/archives\/1020571#article","isPartOf":{"@id":"https:\/\/darkamazi.info\/archives\/1020571"},"author":{"name":"darka mazi","@id":"https:\/\/darkamazi.info\/#\/schema\/person\/5ad3e24553a0567993fa8ed4bd0a776c"},"headline":"Peymana Lahur Ceng\u00ee \u00fb Ebo Fedek ji boy Kerk\u00fbk\u00ea \u00fb dewama \u00eexanet\u00ea","datePublished":"2021-04-05T12:41:45+00:00","dateModified":"2021-04-08T11:00:13+00:00","mainEntityOfPage":{"@id":"https:\/\/darkamazi.info\/archives\/1020571"},"wordCount":762,"publisher":{"@id":"https:\/\/darkamazi.info\/#organization"},"image":{"@id":"https:\/\/darkamazi.info\/archives\/1020571#primaryimage"},"thumbnailUrl":"https:\/\/darkamazi.info\/file\/2021\/04\/Lahur-Cengi-Ebo-Fedek-1.jpg","keywords":["Lahur Ceng\u00ee"],"articleSection":["Nih\u00ean\u00ee"],"inLanguage":"en-US"},{"@type":"WebPage","@id":"https:\/\/darkamazi.info\/archives\/1020571","url":"https:\/\/darkamazi.info\/archives\/1020571","name":"Peymana Lahur Ceng\u00ee \u00fb Ebo Fedek ji boy Kerk\u00fbk\u00ea \u00fb dewama \u00eexanet\u00ea - Darka Maz\u00ee","isPartOf":{"@id":"https:\/\/darkamazi.info\/#website"},"primaryImageOfPage":{"@id":"https:\/\/darkamazi.info\/archives\/1020571#primaryimage"},"image":{"@id":"https:\/\/darkamazi.info\/archives\/1020571#primaryimage"},"thumbnailUrl":"https:\/\/darkamazi.info\/file\/2021\/04\/Lahur-Cengi-Ebo-Fedek-1.jpg","datePublished":"2021-04-05T12:41:45+00:00","dateModified":"2021-04-08T11:00:13+00:00","breadcrumb":{"@id":"https:\/\/darkamazi.info\/archives\/1020571#breadcrumb"},"inLanguage":"en-US","potentialAction":[{"@type":"ReadAction","target":["https:\/\/darkamazi.info\/archives\/1020571"]}]},{"@type":"ImageObject","inLanguage":"en-US","@id":"https:\/\/darkamazi.info\/archives\/1020571#primaryimage","url":"https:\/\/darkamazi.info\/file\/2021\/04\/Lahur-Cengi-Ebo-Fedek-1.jpg","contentUrl":"https:\/\/darkamazi.info\/file\/2021\/04\/Lahur-Cengi-Ebo-Fedek-1.jpg","width":900,"height":497,"caption":"Peymana Lahur Ceng\u00ee \u00fb Ebo Fedek ji boy Kerk\u00fbk\u00ea \u00fb dewama \u00eexanet\u00ea"},{"@type":"BreadcrumbList","@id":"https:\/\/darkamazi.info\/archives\/1020571#breadcrumb","itemListElement":[{"@type":"ListItem","position":1,"name":"Home","item":"https:\/\/darkamazi.info\/"},{"@type":"ListItem","position":2,"name":"Peymana Lahur Ceng\u00ee \u00fb Ebo Fedek ji boy Kerk\u00fbk\u00ea \u00fb dewama \u00eexanet\u00ea"}]},{"@type":"WebSite","@id":"https:\/\/darkamazi.info\/#website","url":"https:\/\/darkamazi.info\/","name":"Darka Maz\u00ee","description":"P\u00eageha Zanyariy\u00ean Nebih\u00eest\u00ee","publisher":{"@id":"https:\/\/darkamazi.info\/#organization"},"potentialAction":[{"@type":"SearchAction","target":{"@type":"EntryPoint","urlTemplate":"https:\/\/darkamazi.info\/?s={search_term_string}"},"query-input":{"@type":"PropertyValueSpecification","valueRequired":true,"valueName":"search_term_string"}}],"inLanguage":"en-US"},{"@type":"Organization","@id":"https:\/\/darkamazi.info\/#organization","name":"Darka Maz\u00ee","url":"https:\/\/darkamazi.info\/","logo":{"@type":"ImageObject","inLanguage":"en-US","@id":"https:\/\/darkamazi.info\/#\/schema\/logo\/image\/","url":"https:\/\/darkamazi.info\/file\/2017\/12\/darka-mazi-logo.png","contentUrl":"https:\/\/darkamazi.info\/file\/2017\/12\/darka-mazi-logo.png","width":151,"height":75,"caption":"Darka Maz\u00ee"},"image":{"@id":"https:\/\/darkamazi.info\/#\/schema\/logo\/image\/"},"sameAs":["https:\/\/www.facebook.com\/DarMaziKurmanci","https:\/\/x.com\/DarkaMaziLatini","https:\/\/www.instagram.com\/darkamazi.kurmanci\/","https:\/\/www.youtube.com\/channel\/UCa5HkTdmI8U1qCUFuTw8B2g"]},{"@type":"Person","@id":"https:\/\/darkamazi.info\/#\/schema\/person\/5ad3e24553a0567993fa8ed4bd0a776c","name":"darka mazi","sameAs":["https:\/\/darkamazi.info\/"],"url":"https:\/\/darkamazi.info\/archives\/author\/kurdi"}]}},"_links":{"self":[{"href":"https:\/\/darkamazi.info\/funavuv\/wp\/v2\/posts\/1020571","targetHints":{"allow":["GET"]}}],"collection":[{"href":"https:\/\/darkamazi.info\/funavuv\/wp\/v2\/posts"}],"about":[{"href":"https:\/\/darkamazi.info\/funavuv\/wp\/v2\/types\/post"}],"author":[{"embeddable":true,"href":"https:\/\/darkamazi.info\/funavuv\/wp\/v2\/users\/2"}],"replies":[{"embeddable":true,"href":"https:\/\/darkamazi.info\/funavuv\/wp\/v2\/comments?post=1020571"}],"version-history":[{"count":0,"href":"https:\/\/darkamazi.info\/funavuv\/wp\/v2\/posts\/1020571\/revisions"}],"wp:featuredmedia":[{"embeddable":true,"href":"https:\/\/darkamazi.info\/funavuv\/wp\/v2\/media\/1020572"}],"wp:attachment":[{"href":"https:\/\/darkamazi.info\/funavuv\/wp\/v2\/media?parent=1020571"}],"wp:term":[{"taxonomy":"category","embeddable":true,"href":"https:\/\/darkamazi.info\/funavuv\/wp\/v2\/categories?post=1020571"},{"taxonomy":"post_tag","embeddable":true,"href":"https:\/\/darkamazi.info\/funavuv\/wp\/v2\/tags?post=1020571"}],"curies":[{"name":"wp","href":"https:\/\/api.w.org\/{rel}","templated":true}]}}