{"id":1020620,"date":"2021-04-06T20:37:03","date_gmt":"2021-04-06T17:37:03","guid":{"rendered":"https:\/\/darkamazi.info\/?p=1020620"},"modified":"2021-10-05T13:52:56","modified_gmt":"2021-10-05T10:52:56","slug":"cend-gotin-li-ser-serokperestiye-di-rojbuna-evdila-ocelan-de-bese-2","status":"publish","type":"post","link":"https:\/\/darkamazi.info\/archives\/1020620","title":{"rendered":"\u00c7end gotin li ser \u201cserokperestiy\u00ea\u201d di rojb\u00fbna Evdila Ocelan de-Be\u015f\u00ea 2"},"content":{"rendered":"<h3 style=\"text-align: center\"><span style=\"font-family: 'arial black', sans-serif;color: #8c0707\">Be\u015f\u00ea 2: \u00c7\u00eeroka Serokb\u00fbna Abdullah Ocalan<\/span><\/h3>\n<h3 style=\"text-align: justify\"><span style=\"font-family: 'arial black', sans-serif\">Em niv\u00eesandina b\u00eeran\u00een\u00ean p\u00eerozbahiy\u00ean rojb\u00fbna serok\u00ea PKK \u00ea Evdila Ocelan berdewam dikin. Ya rast eve ku komek mil\u00eetan li dora PKK \u00ea kom dibin \u00fb van p\u00eerozbahiyan dime\u015f\u00eenin, ev j\u00ee n\u00ee\u015fan\u00ean nexwe\u015fiyek civak\u00ee raber\u00ee me dike. Ji ber ku \u015f\u00eawaz\u00ea p\u00eerozbahiyan ti\u015ftek anormal e. Mirov\u00ean kal-p\u00eer \u00ean ku tu car\u00ee k\u00eaka xweya rojb\u00fbn\u00ea ker nekir\u00ee \u00fb rojb\u00fbna w\u00ee nah\u00ea b\u00eera w\u00ee l\u00ea, be\u015fdar\u00ee v\u00ea \u015fahiy\u00ea dibin. Di\u00e7in gund\u00ea Evdila Ocelan \u00fb di\u00e7in bex\u00e7ey\u00ea bav\u00ea w\u00ee. Her kes ax\u00ea ji bax\u00e7e digire \u00fb ma\u00e7 dike, hinek kes dixwen \u00fb piran\u00ee j\u00ee v\u00ea ax\u00ea dixin nava k\u00eesa \u00fb dibin mal\u00ean xwe. Ew tay\u00ean dar\u00ean bax\u00e7\u00ea Ocelan digirin, li mal\u00ean xwe didliq\u00eenin. Nava v\u00ea seremon\u00eeya ter\u00eeqata Apoc\u00eede kes\u00ean ku secd\u00ea v\u00ea ax\u00ea dikin \u00fb ma\u00e7dikin \u00fb digir\u00een j\u00ee hene. Ew nexwe\u015f\u00ee ya em qala w\u00ea dik\u00een eve. Ji bo kesek\u00ea ku h\u00ea dij\u00ee ev p\u00eerozbah\u00ee kirin, kevne\u015fopiya her\u00ee pa\u015fdemay\u00ee ya Rojhilata Nav\u00een e ku xwe dubare dike. Di \u00e7ax\u00ean ber\u00ea de xelk\u00ea rojhilata nav\u00een ji helawaya di dest\u00ea xwe de p\u00fbtek \u00e7\u00eadikir \u00fb pi\u015ftre j\u00ee \u00eebadet ji bo w\u00ea put \u00ea dikir. Niha j\u00ee axa gund\u00ea Ocelan xwarin, ser\u00ea xwe dakirin ji n\u00ee\u015fana heman kevne\u015fop\u00ee ya Rojhilata Nav\u00een e.<\/span><\/h3>\n<h3 style=\"text-align: justify\">Wek\u00ee din, bi qas\u00ee ku em dizanin, rojb\u00fbna Evdila Ocelan ne 4 N\u00eesan \u00ea ye. Heman dem ji 2004 heya n\u00fbke li ser van p\u00eerozbahiy\u00ean rojb\u00fbna Apo 2 kesa j\u00eeyana xwe ji dest daye bi dehan kes j\u00ee bir\u00eendar b\u00fbne \u00fb bi sed\u00ee j\u00ee hatine girtin \u00fb dadgeh kirin.<\/h3>\n<h3 style=\"text-align: justify\">\u00a0Yekem p\u00eerozbahiya rojb\u00fbna Ocelan di 1996 de li \u015eam\u00ea dest p\u00ea kir. Komek jin\u00ean ku bi Ocelan re dim\u00eenin rojb\u00fbna w\u00ee ji w\u00ee dipirsin, Ocelan dib\u00eaje &#8220;10 \u00ea N\u00eesan \u00ea li ser nasnameya min hat\u00eeye niv\u00eesan, l\u00ea ez rastiy\u00ea nizanim, l\u00ea dibe ku bihar be.&#8221; \u00a0Ew kadroy\u00ean jin xelet f\u00eam dikin \u00fb 4 \u00ea N\u00eesan\u00ea weke rojb\u00fbn p\u00eeroz dikin. Weke din, d\u00eeroka rojb\u00fbna Ocelan bi qas\u00ee naveroka p\u00eerozbah\u00eey\u00ea \u00e7ewt e. L\u00ea Ocelan dib\u00eene ku jin\u00ean dora w\u00ee hez dikin rojb\u00fbna w\u00ee p\u00eeroz bikin, \u00fb b\u00fbyer didome. L\u00ea ev yek di nava gel da belav nebib\u00fb. Ocalan ji 2002 an \u00fb vir ve di hevd\u00eetin\u00ean bi par\u00eazer\u00ean xwe y\u00ean li \u00cemraliy\u00ea re rojb\u00fbna xwe dixe rojev\u00ea \u00fb dib\u00eaje div\u00ea dar werin \u00e7andin \u00fb Her ti\u015ft bi v\u00ee reng\u00ee dest p\u00ea dike. Ocelan di 2003 an de ji \u00eemraliy\u00ea, dib\u00eaje ez ne serok im, ez r\u00eaber\u00ea kurdan im, min bi serokat\u00eeya part\u00eeyek\u00ea ve s\u00eenor nekin \u00fb ji niha p\u00eave di hem\u00fb axiftin \u00fb niv\u00eesan de bib\u00eajin R\u00eaber Apo. Ango Ocelan li \u00cemraliy\u00ea sernav\u00ean n\u00fb y\u00ean serokatiy\u00ea girtiye.<\/h3>\n<h3 style=\"text-align: justify\">L\u00eabel\u00ea, ev b\u00fbyera r\u00eaber b\u00fby\u00een\u00ea bi b\u00fbyer\u00ean h\u00easan \u00ean weke kurteya ku me p\u00ea\u015fk\u00ea\u015f kir\u00ee p\u00eak nehat\u00eeye. Ji ber ku p\u00eavajoya &#8220;p\u00ea\u015fke\u015fkirina Evdila Ocelan wek\u00ee r\u00eaber\u00ea gel\u00ea kurd&#8221; p\u00eavajoyeke ku li dervey\u00ee Ocelan hat\u00eeye s\u00eenaryo kirin. Bel\u00ea, ev p\u00eavajo hate s\u00eenaryo kirin. Di s\u00eenaryo y\u00ea de derh\u00eaner dewleta tirk a k\u00fbr \u00fb aqil\u00ea wa ye. Gelo \u00c7awa \u00e7\u00eab\u00fb? Bi v\u00ee away\u00ee:<\/h3>\n<h3 style=\"text-align: justify\">\u00a0Pi\u015ft\u00ee n\u00eev\u00ea sala 1980 an, ji bo Kurdan p\u00eavajoyeke n\u00fb dest p\u00ea kir. P\u00eavajoya Enfal\u00ea ku ji h\u00eala Seddam Husey\u00een ve li dij\u00ee Kurdan hate destp\u00eakirin ne ten\u00ea li ba\u015f\u00fbr\u00ea Kurdistan\u00ea li \u00e7ar per\u00e7ey\u00ean Kurdistan\u00ea bandoreke mezin \u00e7\u00eakir. Tirkiy\u00ea \u00ead\u00ee dizanib\u00fb ku \u00ead\u00ee \u201cRim nakeve nava Tirkiy\u00ea de \u00fb j\u00ea derdikeve. Tirkiy\u00ea dizanib\u00fb, rew\u015fa ba\u015f\u00fbr d\u00ea hest\u00ean nijatperwer\u00ean Kurd gur bike. Dizane ku nikare p\u00ea\u015f\u00ee l\u00ea bigire encax dikare serder\u00eey\u00ea ligel v\u00ea p\u00eala netewperwer\u00ee bike. Dagirker xwedan ezm\u00fbnek kolekt\u00eef a bih\u00eaz e. Dagirker xwed\u00ee tecr\u00fbbek\u00ee mezinin, wan ceribandiye ku dinava ew gel\u00ea wan dagirkir\u00ee de hinek kes d\u00ea bikarin v\u00ea \u015fol\u00ea kontrol bikin. P\u00eaw\u00eest b\u00fb Tirkiye \u015f\u00fbna Hereketa Azadiya Kurdistan\u00ea ya li Ba\u015f\u00fbr\u00ea Kurdistan\u00ea ya dervey\u00ee kontrola xwe; yeke n\u00fb biafir\u00eene. ji bo v\u00ee kar\u00ee lazime serokek populer were xuliqandin. Ew j\u00ee Evdila Ocelan ne.<\/h3>\n<h3 style=\"text-align: justify\">Pi\u015ft\u00ee sala 1988 an, Komara Tirkiyey\u00ea Evdila Ocelan, bi dest\u00ean xwe bi civaka Kurdistan\u00ea da nasandin. Heya w\u00ea dem\u00ea, mirovan yek an du w\u00eaney\u00ean Ocelan li ser r\u00fbpel\u00ean rojnameyan de d\u00eetib\u00fbn. Kes\u00ea Ocalan nas nedikir. L\u00ea di navbera 88-89 an de, rojnamevan\u00ean navdar \u00ean Tirk \u00ean wek\u00ee Mehmet Ali Birand, Cengiz \u00c7andar \u00fb Dogu Perin\u00e7ek \u00e7\u00fbn Lubnan \u00ea. Ocelan behsa jiyana xwe dir\u00eaj, dir\u00eaj dike. Ango, dewlet Tirk Ocelan bi gel\u00ea Bak\u00fbr da nas\u00een. Pi\u015ftra, Yal\u00e7\u00een K\u00fb\u00e7ik v\u00ea yek\u00ea didom\u00eene. Pirt\u00fbka ku Ocelan t\u00eade jiyana xwe vehand\u00ee nav\u00ea w\u00ea &#8220;\u00c7\u00eeroka Vej\u00een\u00ea&#8221; ye. Nav\u00ea pirt\u00fbk\u00ea bi baldar\u00ee hatiye hilbijartin. Ji ber ku dewleta Tirk li ser civaka bak\u00fbr weke ku &#8221; Ocelan kalik\u00ea Kurdane, ger Apo neb\u00fbya w\u00ea Kurd neb\u00fbna\u201d farzkir. Mixabin, ev t\u00eagihi\u015ftina Tirkiye\u00ea \u00fb PKK\u00ea bi hevre afirand\u00ee, serket\u00ee ye.<\/h3>\n<h3 style=\"text-align: justify\">Hin mirov\u00ean Bakur\u00ea Kurdistan\u00ea di w\u00ea baweriy\u00ea de ne ku ger Evdila Ocelan neb\u00fbya, Kurd j\u00ee li Rojhilata Nav\u00een tune b\u00fbn. Tu kes neb\u00eaje, dema ku Evdila Ocelan endam\u00ea Komela nejadperest\u00ean Tirk (\u00dblk\u00fb ocaklari), partiy\u00ean li Bakur\u00ea Kurdistan\u00ea, m\u00eena DDKD, bi deh hezaran kes ve, xwep\u00ea\u015fandan li dar dixistin. Li hem\u00fb per\u00e7ey\u00ean din j\u00ee tevgereke Kurd\u00ee heye, wek\u00ee PDK \u00ea li her per\u00e7eyek\u00ee r\u00eaxistinek cid\u00ee heb\u00fb. L\u00ea pir bi zaneb\u00fbn\u00ee weke ku ber\u00eeya Apo \u00e7i part\u00ee \u00fb r\u00eaxistin li Kurdistan\u00ea neb\u00fbn t\u00ea propagande kirin, ji bo ku t\u00eageheke weke \u201cKurdatiy\u00ea bi Ocelan re hate desp\u00eakirin\u201d biafir\u00eenin. Gava ku t\u00ea pirs\u00een \u00e7ima h\u00fbn 4 \u00ea N\u00eesan\u00ea bi rengek fanat\u00eek\u00ee p\u00eeroz dikin, Apo\u00e7\u00ee dib\u00eajin: Serok Apo Kurd ji windab\u00fbn\u00ea xilas kir, Kurd zind\u00ee kir, ji ber v\u00ea yek\u00ea em rojb\u00fbna Ocelan wek\u00ee rojb\u00fbna hem\u00ee Kurdan, hem\u00ee jinan \u00fb hem\u00ee gel\u00ean Rojhilata Nav\u00een dib\u00eenin \u201d.<\/h3>\n<h3 style=\"text-align: justify\">Di tevahiya van p\u00eavajoyan de, Ocelan j\u00ee hewlek mezin da ku wek\u00ee r\u00eaber\u00ea Apo were qeb\u00fbl kirin. Beriya her ti\u015ft\u00ee, w\u00ee \u00e7\u00eeroka jiyana xwe ji n\u00fb ve \u201cli ser s\u00eenaryoya serokb\u00fbn\u00ea\u201d niv\u00eesand. Evdila Ocelan \u00e7i ji dest\u00ea w\u00ee hat kir ku xwe wek\u00ee kesayetiyek awarte-\u00celah\u00ee n\u00ee\u015fan bide. Bi rast\u00ee, b\u00fbyer\u00ean ku ji h\u00eala her zarokek Kurd ve ku li gundek\u00ee Kurdistana 1950-an dij\u00ee dikare were jiy\u00een, di d\u00eemenek\u00ea de t\u00eane vegotin, l\u00ea Ocelan derbara ji dayik b\u00fbna xwe de vegotin\u00ean m\u00eena vegotin\u00ean jiyana p\u00eaxemberan di \u00e7\u00eeroka jiyan\u00ea de hatine \u00e7\u00eakirin bas kirin. Heke Ocelan bigota weke Musa ez li ser \u00e7em\u00ea Firat\u00ea di nava zemb\u00eelek\u00ea hat\u00ee me, da weke \u00c7\u00eerok\u00ean p\u00eaxemberan temam biba. Ocelan negot ku ew bi zemb\u00eelek\u00ea di \u00e7em\u00ea Firat\u00ea de hat\u00eeye, l\u00ea w\u00ee xwe \u015fiband xweday\u00ean Greek a. w\u00ee got ku ew Prometheus e, w\u00ee got ku min xweda \u00e7areser kir. W\u00ee bi vegerandina gotin\u00ean bibandor \u00ean gelek feylezofa restore kir \u00fb bi v\u00ee \u015f\u00eawaz\u00ee x\u00eetab\u00ee girseyan kir. Ji ber ku gel\u00ea Kurd ronesansa xwe bi xwe \u00e7\u00eanekiri b\u00fb, ew fikr\u00ean ku Ocelan ji van kes\u00ean din f\u00ear b\u00fby\u00ee \u00fb wek\u00ee ku Ocelan ew bi tena xwe afirandi ne, t\u00ea n\u00ee\u015fandan. Mixabin, gelek xebat\u00ean d\u00eerok\u00ee, siyas\u00ee \u00fb \u00e7and\u00ee y\u00ean li Ba\u015f\u00fbr \u00fb Rojhilat\u00ea Kurdistan\u00ea bi zaravay\u00ea Soran\u00ee yan Kurmanc\u00ee bi alfabeya arem\u00ee hat\u00ee niv\u00eesandin, ji h\u00eala gel\u00ea Bakur\u00ea Kurdistan\u00ea ve nehatin xwendin. Ev b\u00fb sedem ku li Bakur, Apo weke niv\u00eeskar \u00fb d\u00eeroknas were d\u00eetin \u00fb were qeb\u00fbl kirin.<\/h3>\n<h3 style=\"text-align: justify\">Bi v\u00ee babet\u00ee em f\u00eam dik\u00een nezan\u00eena d\u00eerok\u00ea \u00e7i qas dijware li ser mirov. Gotinek p\u00ea\u015fiyan a Africa dib\u00eaje: \u201cGer \u015f\u00ear \u00e7\u00eerok\u00ean xwe neniv\u00eesin, ne\u00e7ar dim\u00eenin ku guhdariya \u00e7\u00eerok\u00ean n\u00ea\u00e7\u00eervanan bike\u201d Mixabin, em niha guhdar\u00ee \u00e7\u00eerokeke ku Ocelan \u00fb dewlet\u00ea niv\u00eesandiye, dik\u00een. Rew\u015fenb\u00eer\u00ean Kurd di derxistina van pirsgir\u00eakan de rolek ba\u015f nel\u00eest.<\/h3>\n<h3 style=\"text-align: justify\">Ev niv\u00eesa me ji bo kes\u00ean ku bixazin li ser civaknas\u00eeya dora Ocelan kom b\u00fby\u00ee l\u00eakol\u00een bikin weke serer\u00eazek\u00ea ye. Wek\u00ee din, p\u00eaw\u00eeste ew civaka serokperest ya ku li dora Ocelan kom b\u00fby\u00ee \u00fb pisgir\u00eak\u00ean wan di nava civaka Kurda xuliqand\u00ee ba\u015f were vekolandin.<\/h3>\n","protected":false},"excerpt":{"rendered":"<p>Be\u015f\u00ea 2: \u00c7\u00eeroka Serokb\u00fbna Abdullah Ocalan Em niv\u00eesandina b\u00eeran\u00een\u00ean p\u00eerozbahiy\u00ean rojb\u00fbna serok\u00ea PKK \u00ea Evdila Ocelan berdewam dikin. Ya rast eve ku komek mil\u00eetan li dora PKK \u00ea kom dibin \u00fb van p\u00eerozbahiyan dime\u015f\u00eenin, ev j\u00ee n\u00ee\u015fan\u00ean nexwe\u015fiyek civak\u00ee raber\u00ee me dike. Ji ber ku \u015f\u00eawaz\u00ea p\u00eerozbahiyan ti\u015ftek anormal e. Mirov\u00ean kal-p\u00eer \u00ean ku tu [&hellip;]<\/p>\n","protected":false},"author":2,"featured_media":1020621,"comment_status":"closed","ping_status":"closed","sticky":false,"template":"","format":"standard","meta":{"footnotes":""},"categories":[68],"tags":[44],"class_list":["post-1020620","post","type-post","status-publish","format-standard","has-post-thumbnail","hentry","category-analiz","tag-ocelan"],"blocksy_meta":[],"seo_head":"<!-- This site is optimized with the Yoast SEO plugin v27.5 - https:\/\/yoast.com\/product\/yoast-seo-wordpress\/ -->\n<title>\u00c7end gotin li ser \u201cserokperestiy\u00ea\u201d di rojb\u00fbna Evdila Ocelan de-Be\u015f\u00ea 2 - Darka Maz\u00ee<\/title>\n<meta name=\"robots\" content=\"index, follow, max-snippet:-1, max-image-preview:large, max-video-preview:-1\" \/>\n<link rel=\"canonical\" href=\"https:\/\/darkamazi.info\/archives\/1020620\" \/>\n<meta property=\"og:locale\" content=\"en_US\" \/>\n<meta property=\"og:type\" content=\"article\" \/>\n<meta property=\"og:title\" content=\"\u00c7end gotin li ser \u201cserokperestiy\u00ea\u201d di rojb\u00fbna Evdila Ocelan de-Be\u015f\u00ea 2 - Darka Maz\u00ee\" \/>\n<meta property=\"og:description\" content=\"Be\u015f\u00ea 2: \u00c7\u00eeroka Serokb\u00fbna Abdullah Ocalan Em niv\u00eesandina b\u00eeran\u00een\u00ean p\u00eerozbahiy\u00ean rojb\u00fbna serok\u00ea PKK \u00ea Evdila Ocelan berdewam dikin. Ya rast eve ku komek mil\u00eetan li dora PKK \u00ea kom dibin \u00fb van p\u00eerozbahiyan dime\u015f\u00eenin, ev j\u00ee n\u00ee\u015fan\u00ean nexwe\u015fiyek civak\u00ee raber\u00ee me dike. Ji ber ku \u015f\u00eawaz\u00ea p\u00eerozbahiyan ti\u015ftek anormal e. Mirov\u00ean kal-p\u00eer \u00ean ku tu [&hellip;]\" \/>\n<meta property=\"og:url\" content=\"https:\/\/darkamazi.info\/archives\/1020620\" \/>\n<meta property=\"og:site_name\" content=\"Darka Maz\u00ee\" \/>\n<meta property=\"article:publisher\" content=\"https:\/\/www.facebook.com\/DarMaziKurmanci\" \/>\n<meta property=\"article:published_time\" content=\"2021-04-06T17:37:03+00:00\" \/>\n<meta property=\"article:modified_time\" content=\"2021-10-05T10:52:56+00:00\" \/>\n<meta property=\"og:image\" content=\"https:\/\/darkamazi.info\/file\/2021\/04\/apo-1.jpg\" \/>\n\t<meta property=\"og:image:width\" content=\"900\" \/>\n\t<meta property=\"og:image:height\" content=\"497\" \/>\n\t<meta property=\"og:image:type\" content=\"image\/jpeg\" \/>\n<meta name=\"author\" content=\"darka mazi\" \/>\n<meta name=\"twitter:card\" content=\"summary_large_image\" \/>\n<meta name=\"twitter:creator\" content=\"@DarkaMaziLatini\" \/>\n<meta name=\"twitter:site\" content=\"@DarkaMaziLatini\" \/>\n<meta name=\"twitter:label1\" content=\"Written by\" \/>\n\t<meta name=\"twitter:data1\" content=\"darka mazi\" \/>\n\t<meta name=\"twitter:label2\" content=\"Est. reading time\" \/>\n\t<meta name=\"twitter:data2\" content=\"6 minutes\" \/>\n<script type=\"application\/ld+json\" class=\"seo-schema-graph\">{\"@context\":\"https:\\\/\\\/schema.org\",\"@graph\":[{\"@type\":\"Article\",\"@id\":\"https:\\\/\\\/darkamazi.info\\\/archives\\\/1020620#article\",\"isPartOf\":{\"@id\":\"https:\\\/\\\/darkamazi.info\\\/archives\\\/1020620\"},\"author\":{\"name\":\"darka mazi\",\"@id\":\"https:\\\/\\\/darkamazi.info\\\/#\\\/schema\\\/person\\\/5ad3e24553a0567993fa8ed4bd0a776c\"},\"headline\":\"\u00c7end gotin li ser \u201cserokperestiy\u00ea\u201d di rojb\u00fbna Evdila Ocelan de-Be\u015f\u00ea 2\",\"datePublished\":\"2021-04-06T17:37:03+00:00\",\"dateModified\":\"2021-10-05T10:52:56+00:00\",\"mainEntityOfPage\":{\"@id\":\"https:\\\/\\\/darkamazi.info\\\/archives\\\/1020620\"},\"wordCount\":1470,\"publisher\":{\"@id\":\"https:\\\/\\\/darkamazi.info\\\/#organization\"},\"image\":{\"@id\":\"https:\\\/\\\/darkamazi.info\\\/archives\\\/1020620#primaryimage\"},\"thumbnailUrl\":\"https:\\\/\\\/darkamazi.info\\\/darka-content\\\/uploads\\\/2021\\\/04\\\/apo-1.jpg\",\"keywords\":[\"Ocelan\"],\"articleSection\":[\"Anal\u00eez\"],\"inLanguage\":\"en-US\"},{\"@type\":\"WebPage\",\"@id\":\"https:\\\/\\\/darkamazi.info\\\/archives\\\/1020620\",\"url\":\"https:\\\/\\\/darkamazi.info\\\/archives\\\/1020620\",\"name\":\"\u00c7end gotin li ser \u201cserokperestiy\u00ea\u201d di rojb\u00fbna Evdila Ocelan de-Be\u015f\u00ea 2 - Darka Maz\u00ee\",\"isPartOf\":{\"@id\":\"https:\\\/\\\/darkamazi.info\\\/#website\"},\"primaryImageOfPage\":{\"@id\":\"https:\\\/\\\/darkamazi.info\\\/archives\\\/1020620#primaryimage\"},\"image\":{\"@id\":\"https:\\\/\\\/darkamazi.info\\\/archives\\\/1020620#primaryimage\"},\"thumbnailUrl\":\"https:\\\/\\\/darkamazi.info\\\/darka-content\\\/uploads\\\/2021\\\/04\\\/apo-1.jpg\",\"datePublished\":\"2021-04-06T17:37:03+00:00\",\"dateModified\":\"2021-10-05T10:52:56+00:00\",\"breadcrumb\":{\"@id\":\"https:\\\/\\\/darkamazi.info\\\/archives\\\/1020620#breadcrumb\"},\"inLanguage\":\"en-US\",\"potentialAction\":[{\"@type\":\"ReadAction\",\"target\":[\"https:\\\/\\\/darkamazi.info\\\/archives\\\/1020620\"]}]},{\"@type\":\"ImageObject\",\"inLanguage\":\"en-US\",\"@id\":\"https:\\\/\\\/darkamazi.info\\\/archives\\\/1020620#primaryimage\",\"url\":\"https:\\\/\\\/darkamazi.info\\\/darka-content\\\/uploads\\\/2021\\\/04\\\/apo-1.jpg\",\"contentUrl\":\"https:\\\/\\\/darkamazi.info\\\/darka-content\\\/uploads\\\/2021\\\/04\\\/apo-1.jpg\",\"width\":900,\"height\":497,\"caption\":\"\u00c7end gotin li ser \u201cserokperestiy\u00ea\u201d di rojb\u00fbna Evdila Ocelan de-Be\u015f\u00ea 2\"},{\"@type\":\"BreadcrumbList\",\"@id\":\"https:\\\/\\\/darkamazi.info\\\/archives\\\/1020620#breadcrumb\",\"itemListElement\":[{\"@type\":\"ListItem\",\"position\":1,\"name\":\"Home\",\"item\":\"https:\\\/\\\/darkamazi.info\\\/\"},{\"@type\":\"ListItem\",\"position\":2,\"name\":\"\u00c7end gotin li ser \u201cserokperestiy\u00ea\u201d di rojb\u00fbna Evdila Ocelan de-Be\u015f\u00ea 2\"}]},{\"@type\":\"WebSite\",\"@id\":\"https:\\\/\\\/darkamazi.info\\\/#website\",\"url\":\"https:\\\/\\\/darkamazi.info\\\/\",\"name\":\"Darka Maz\u00ee\",\"description\":\"P\u00eageha Zanyariy\u00ean Nebih\u00eest\u00ee\",\"publisher\":{\"@id\":\"https:\\\/\\\/darkamazi.info\\\/#organization\"},\"potentialAction\":[{\"@type\":\"SearchAction\",\"target\":{\"@type\":\"EntryPoint\",\"urlTemplate\":\"https:\\\/\\\/darkamazi.info\\\/?s={search_term_string}\"},\"query-input\":{\"@type\":\"PropertyValueSpecification\",\"valueRequired\":true,\"valueName\":\"search_term_string\"}}],\"inLanguage\":\"en-US\"},{\"@type\":\"Organization\",\"@id\":\"https:\\\/\\\/darkamazi.info\\\/#organization\",\"name\":\"Darka Maz\u00ee\",\"url\":\"https:\\\/\\\/darkamazi.info\\\/\",\"logo\":{\"@type\":\"ImageObject\",\"inLanguage\":\"en-US\",\"@id\":\"https:\\\/\\\/darkamazi.info\\\/#\\\/schema\\\/logo\\\/image\\\/\",\"url\":\"https:\\\/\\\/darkamazi.info\\\/darka-content\\\/uploads\\\/2017\\\/12\\\/darka-mazi-logo.png\",\"contentUrl\":\"https:\\\/\\\/darkamazi.info\\\/darka-content\\\/uploads\\\/2017\\\/12\\\/darka-mazi-logo.png\",\"width\":151,\"height\":75,\"caption\":\"Darka Maz\u00ee\"},\"image\":{\"@id\":\"https:\\\/\\\/darkamazi.info\\\/#\\\/schema\\\/logo\\\/image\\\/\"},\"sameAs\":[\"https:\\\/\\\/www.facebook.com\\\/DarMaziKurmanci\",\"https:\\\/\\\/x.com\\\/DarkaMaziLatini\",\"https:\\\/\\\/www.instagram.com\\\/darkamazi.kurmanci\\\/\",\"https:\\\/\\\/www.youtube.com\\\/channel\\\/UCa5HkTdmI8U1qCUFuTw8B2g\"]},{\"@type\":\"Person\",\"@id\":\"https:\\\/\\\/darkamazi.info\\\/#\\\/schema\\\/person\\\/5ad3e24553a0567993fa8ed4bd0a776c\",\"name\":\"darka mazi\",\"sameAs\":[\"https:\\\/\\\/darkamazi.info\\\/\"],\"url\":\"https:\\\/\\\/darkamazi.info\\\/archives\\\/author\\\/kurdi\"}]}<\/script>\n<!-- \/ Yoast SEO plugin. -->","seo_head_json":{"title":"\u00c7end gotin li ser \u201cserokperestiy\u00ea\u201d di rojb\u00fbna Evdila Ocelan de-Be\u015f\u00ea 2 - Darka Maz\u00ee","robots":{"index":"index","follow":"follow","max-snippet":"max-snippet:-1","max-image-preview":"max-image-preview:large","max-video-preview":"max-video-preview:-1"},"canonical":"https:\/\/darkamazi.info\/archives\/1020620","og_locale":"en_US","og_type":"article","og_title":"\u00c7end gotin li ser \u201cserokperestiy\u00ea\u201d di rojb\u00fbna Evdila Ocelan de-Be\u015f\u00ea 2 - Darka Maz\u00ee","og_description":"Be\u015f\u00ea 2: \u00c7\u00eeroka Serokb\u00fbna Abdullah Ocalan Em niv\u00eesandina b\u00eeran\u00een\u00ean p\u00eerozbahiy\u00ean rojb\u00fbna serok\u00ea PKK \u00ea Evdila Ocelan berdewam dikin. Ya rast eve ku komek mil\u00eetan li dora PKK \u00ea kom dibin \u00fb van p\u00eerozbahiyan dime\u015f\u00eenin, ev j\u00ee n\u00ee\u015fan\u00ean nexwe\u015fiyek civak\u00ee raber\u00ee me dike. Ji ber ku \u015f\u00eawaz\u00ea p\u00eerozbahiyan ti\u015ftek anormal e. Mirov\u00ean kal-p\u00eer \u00ean ku tu [&hellip;]","og_url":"https:\/\/darkamazi.info\/archives\/1020620","og_site_name":"Darka Maz\u00ee","article_publisher":"https:\/\/www.facebook.com\/DarMaziKurmanci","article_published_time":"2021-04-06T17:37:03+00:00","article_modified_time":"2021-10-05T10:52:56+00:00","og_image":[{"width":900,"height":497,"url":"https:\/\/darkamazi.info\/file\/2021\/04\/apo-1.jpg","type":"image\/jpeg"}],"author":"darka mazi","twitter_card":"summary_large_image","twitter_creator":"@DarkaMaziLatini","twitter_site":"@DarkaMaziLatini","twitter_misc":{"Written by":"darka mazi","Est. reading time":"6 minutes"},"schema":{"@context":"https:\/\/schema.org","@graph":[{"@type":"Article","@id":"https:\/\/darkamazi.info\/archives\/1020620#article","isPartOf":{"@id":"https:\/\/darkamazi.info\/archives\/1020620"},"author":{"name":"darka mazi","@id":"https:\/\/darkamazi.info\/#\/schema\/person\/5ad3e24553a0567993fa8ed4bd0a776c"},"headline":"\u00c7end gotin li ser \u201cserokperestiy\u00ea\u201d di rojb\u00fbna Evdila Ocelan de-Be\u015f\u00ea 2","datePublished":"2021-04-06T17:37:03+00:00","dateModified":"2021-10-05T10:52:56+00:00","mainEntityOfPage":{"@id":"https:\/\/darkamazi.info\/archives\/1020620"},"wordCount":1470,"publisher":{"@id":"https:\/\/darkamazi.info\/#organization"},"image":{"@id":"https:\/\/darkamazi.info\/archives\/1020620#primaryimage"},"thumbnailUrl":"https:\/\/darkamazi.info\/file\/2021\/04\/apo-1.jpg","keywords":["Ocelan"],"articleSection":["Anal\u00eez"],"inLanguage":"en-US"},{"@type":"WebPage","@id":"https:\/\/darkamazi.info\/archives\/1020620","url":"https:\/\/darkamazi.info\/archives\/1020620","name":"\u00c7end gotin li ser \u201cserokperestiy\u00ea\u201d di rojb\u00fbna Evdila Ocelan de-Be\u015f\u00ea 2 - Darka Maz\u00ee","isPartOf":{"@id":"https:\/\/darkamazi.info\/#website"},"primaryImageOfPage":{"@id":"https:\/\/darkamazi.info\/archives\/1020620#primaryimage"},"image":{"@id":"https:\/\/darkamazi.info\/archives\/1020620#primaryimage"},"thumbnailUrl":"https:\/\/darkamazi.info\/file\/2021\/04\/apo-1.jpg","datePublished":"2021-04-06T17:37:03+00:00","dateModified":"2021-10-05T10:52:56+00:00","breadcrumb":{"@id":"https:\/\/darkamazi.info\/archives\/1020620#breadcrumb"},"inLanguage":"en-US","potentialAction":[{"@type":"ReadAction","target":["https:\/\/darkamazi.info\/archives\/1020620"]}]},{"@type":"ImageObject","inLanguage":"en-US","@id":"https:\/\/darkamazi.info\/archives\/1020620#primaryimage","url":"https:\/\/darkamazi.info\/file\/2021\/04\/apo-1.jpg","contentUrl":"https:\/\/darkamazi.info\/file\/2021\/04\/apo-1.jpg","width":900,"height":497,"caption":"\u00c7end gotin li ser \u201cserokperestiy\u00ea\u201d di rojb\u00fbna Evdila Ocelan de-Be\u015f\u00ea 2"},{"@type":"BreadcrumbList","@id":"https:\/\/darkamazi.info\/archives\/1020620#breadcrumb","itemListElement":[{"@type":"ListItem","position":1,"name":"Home","item":"https:\/\/darkamazi.info\/"},{"@type":"ListItem","position":2,"name":"\u00c7end gotin li ser \u201cserokperestiy\u00ea\u201d di rojb\u00fbna Evdila Ocelan de-Be\u015f\u00ea 2"}]},{"@type":"WebSite","@id":"https:\/\/darkamazi.info\/#website","url":"https:\/\/darkamazi.info\/","name":"Darka Maz\u00ee","description":"P\u00eageha Zanyariy\u00ean Nebih\u00eest\u00ee","publisher":{"@id":"https:\/\/darkamazi.info\/#organization"},"potentialAction":[{"@type":"SearchAction","target":{"@type":"EntryPoint","urlTemplate":"https:\/\/darkamazi.info\/?s={search_term_string}"},"query-input":{"@type":"PropertyValueSpecification","valueRequired":true,"valueName":"search_term_string"}}],"inLanguage":"en-US"},{"@type":"Organization","@id":"https:\/\/darkamazi.info\/#organization","name":"Darka Maz\u00ee","url":"https:\/\/darkamazi.info\/","logo":{"@type":"ImageObject","inLanguage":"en-US","@id":"https:\/\/darkamazi.info\/#\/schema\/logo\/image\/","url":"https:\/\/darkamazi.info\/file\/2017\/12\/darka-mazi-logo.png","contentUrl":"https:\/\/darkamazi.info\/file\/2017\/12\/darka-mazi-logo.png","width":151,"height":75,"caption":"Darka Maz\u00ee"},"image":{"@id":"https:\/\/darkamazi.info\/#\/schema\/logo\/image\/"},"sameAs":["https:\/\/www.facebook.com\/DarMaziKurmanci","https:\/\/x.com\/DarkaMaziLatini","https:\/\/www.instagram.com\/darkamazi.kurmanci\/","https:\/\/www.youtube.com\/channel\/UCa5HkTdmI8U1qCUFuTw8B2g"]},{"@type":"Person","@id":"https:\/\/darkamazi.info\/#\/schema\/person\/5ad3e24553a0567993fa8ed4bd0a776c","name":"darka mazi","sameAs":["https:\/\/darkamazi.info\/"],"url":"https:\/\/darkamazi.info\/archives\/author\/kurdi"}]}},"_links":{"self":[{"href":"https:\/\/darkamazi.info\/funavuv\/wp\/v2\/posts\/1020620","targetHints":{"allow":["GET"]}}],"collection":[{"href":"https:\/\/darkamazi.info\/funavuv\/wp\/v2\/posts"}],"about":[{"href":"https:\/\/darkamazi.info\/funavuv\/wp\/v2\/types\/post"}],"author":[{"embeddable":true,"href":"https:\/\/darkamazi.info\/funavuv\/wp\/v2\/users\/2"}],"replies":[{"embeddable":true,"href":"https:\/\/darkamazi.info\/funavuv\/wp\/v2\/comments?post=1020620"}],"version-history":[{"count":0,"href":"https:\/\/darkamazi.info\/funavuv\/wp\/v2\/posts\/1020620\/revisions"}],"wp:featuredmedia":[{"embeddable":true,"href":"https:\/\/darkamazi.info\/funavuv\/wp\/v2\/media\/1020621"}],"wp:attachment":[{"href":"https:\/\/darkamazi.info\/funavuv\/wp\/v2\/media?parent=1020620"}],"wp:term":[{"taxonomy":"category","embeddable":true,"href":"https:\/\/darkamazi.info\/funavuv\/wp\/v2\/categories?post=1020620"},{"taxonomy":"post_tag","embeddable":true,"href":"https:\/\/darkamazi.info\/funavuv\/wp\/v2\/tags?post=1020620"}],"curies":[{"name":"wp","href":"https:\/\/api.w.org\/{rel}","templated":true}]}}