{"id":1020697,"date":"2021-04-08T18:00:26","date_gmt":"2021-04-08T15:00:26","guid":{"rendered":"https:\/\/darkamazi.info\/?p=1020697"},"modified":"2021-10-05T13:53:18","modified_gmt":"2021-10-05T10:53:18","slug":"bernameya-pkk-e-a-bihara-2021an-eskere-bu","status":"publish","type":"post","link":"https:\/\/darkamazi.info\/archives\/1020697","title":{"rendered":"Bernameya PKK \u00ea a bihara 2021an e\u015fkere b\u00fb"},"content":{"rendered":"<h3 style=\"text-align: justify\"><span style=\"font-family: 'arial black', sans-serif\">R\u00eaveberiya PKK \u00ea va demek dir\u00eaje b\u00eadeng b\u00fb. Endam\u00ean damezir\u00eener \u00ean PKK \u00ea, y\u00ean wek\u00ee Kalkan \u00fb Qaras\u00fb, ku hertim di medyay\u00ea de niv\u00eesandin, bi taybet\u00ee pi\u015ft\u00ee Operasyona Gare di b\u00eadengiyek mezin de b\u00fbn. Pi\u015ft\u00ee Operasyona Gare, em dikarin b\u00eajin ku rew\u015fa ewlehiya \u015fikeft\u00ean PKK \u00ea di bin xeter\u00ea de b\u00fb, plansaz\u00eey\u00ean bihar\u00ea nehatin zelal kirin, \u00fb her weha b\u00eadengiya wan weke peyamek ji bo navbeynkara b\u00fb ku dixwest \u00ear\u00ee\u015f\u00ean li dij\u00ee Hik\u00fbmeta Her\u00eama Kurdistan\u00ea rawestin \u00fb dan\u00fbstandin dest p\u00ea bikin . L\u00ea bel\u00ea, bi destp\u00eaka N\u00eesan\u00ea re, ev b\u00eadeng\u00ee bidaw\u00ee b\u00fb \u00fb endam\u00ean damezr\u00eener \u00ean PKK\u00ea gav bi gav plansaziya xwe ya bihar\u00ea, nemaze j\u00ee siyaseta xwe ya demk\u00ee di medyaya xwe de, d\u00eeyar kirin. Wusa dixuye ku PKK d\u00ea Hik\u00fbmeta Her\u00eama Kurdistan\u00ea bixe navenda hem\u00ee xebat\u00ean xwe. Bi rast\u00ee, em dikar\u00een bib\u00eaj\u00een ku PKK w\u00ea Her\u00eama Kurdistan\u00ea t\u00eaxe depk\u00ea armancan\u00ea. D\u00fbran Kalkan roja bihor\u00ee \u00ee\u015fareta destp\u00eakirin\u00ea da.<\/span><\/h3>\n<h3 style=\"text-align: center\"><span style=\"color: #8c0808;font-family: 'arial black', sans-serif\">Gelo Duran Kalkan starta destp\u00eakirina \u00e7i da?<\/span><\/h3>\n<h3 style=\"text-align: justify\">Duran Kalkan di 29 \u00ea Adar\u00ea de be\u015fdar\u00ee we\u015fana televizyona PKK\u00ea ya bi nav\u00ea Medya Haber b\u00fb, \u00fb yekser meqaleyek bi nav\u00ea Selahaddin Erdem di rojnameya \u00d6zg\u00fcr Politika de we\u015fand. Di Gotara xwe de bi zelal\u00ee her\u00eama Kurdistan\u00ea ji raya gi\u015ft\u00ee re kir armanc \u00fb heta xwest ku bibe sedema n\u00eeqa\u015f \u00fb nakokiy\u00ean \u00e7\u00eakir\u00ee y\u00ean di navbera Kurd \u00fb be\u015f\u00ean Kurdistan\u00ea de. Li gor\u00ee Duran Kalkan, &#8220;Gel\u00ea Ba\u015f\u00fbr \u00eestixbarat dide MIT \u00ea \u00fb dibin sedema mirina ger\u00eela, y\u00ean dib\u00eajin em Welatpar\u00eaz in p\u00eadiv\u00eeye li dij\u00ee w\u00ea helwest bisekinin&#8221;.<\/h3>\n<h3 style=\"text-align: justify\">PKK d\u00ea v\u00ea propaganda re\u015f a weke \u201cdinava her\u00eama Kurdistan\u00ea de ajan\u00ean M\u00eet \u00ea ger\u00eela \u00eaxbar dikin\u201d ji xwere bike tewan \u00fb w\u00ea bixwaze nakok\u00eeyan di nav mala Kurd\u00ee de dirust bike. Xala sereke ya aloziya di navbera Kurdan de di sala 2021 an de w\u00ea ev tumet be. Ji ber ku, ger em bala xwe bidin\u00ea, PKK her sal yek-du mijar\u00ean bingeh\u00een destn\u00ee\u015fan dike \u00fb girsey\u00ean xwe li ser van mijaran r\u00eakup\u00eak dike. Di sala 2020-an de, PKK \u00ea di Adar\u00ea de bi Z\u00een\u00ea Wert\u00ea re pev\u00e7\u00fbna Kurd-Kurd dest p\u00ea kir, \u00fb hewl dan ku di raya gi\u015ft\u00ee ya navnetewey\u00ee \u00fb navxwey\u00ee de \u00ear\u00ee\u015fa xwe ya li dij\u00ee Hik\u00fbmeta Her\u00eama Kurdistan\u00ea me\u015fr\u00fb bikin. Bi rast\u00ee, PKK \u00ea dixwest ku di sala 2020 an de bi r\u00eay\u00ean le\u015fker\u00ee, siyas\u00ee \u00fb d\u00eeplomat\u00eek dest bi bernameya xwe ya \u00ear\u00ee\u015fa li dij\u00ee H\u00eaz\u00ean P\u00ea\u015fmerge \u00fb Hik\u00fbmeta Her\u00eama Kurdistan\u00ea bike, l\u00ea mecal\u00ea w\u00ea heya radeyek\u00ea mumk\u00een b\u00fb.<\/h3>\n<h3 style=\"text-align: center\"><span style=\"color: #8c0808;font-family: 'arial black', sans-serif\">Sedem\u00ean b\u00eadengiya li PKK?<\/span><\/h3>\n<h3 style=\"text-align: justify\">Ya y\u00eakem, pi\u015ft\u00ee Operasyona Gare, \u015fikeft\u00ean PKK \u00ea \u00ead\u00ee ne ewle b\u00fbn. Operasyona Gare bi rast\u00ee di war\u00ea le\u015fker\u00ee de ji bo PKK \u00ea p\u00eavajoyek n\u00fb n\u00ee\u015fan dida \u00fb ew ne\u00e7ar b\u00fbn ku s\u00eestema xwe ya ewleh\u00ee ji n\u00fb ve r\u00eaxistin bikin. Ji ber v\u00ea yek\u00ea, ew hewce b\u00fbn ku pev\u00e7\u00fbnek rasterast were rawestandin. Duyem; Serdana Papa ya Kurdistan\u00ea gir\u00eengiya heb\u00fbn \u00fb gir\u00eeng\u00eeya Hik\u00fbmeta Her\u00eama Kurdistan\u00ea di qada navnetewey\u00ee de dan\u00ee hol\u00ea \u00fb destn\u00ee\u015fan kir ku kevne\u015fopiya Hik\u00fbmeta Her\u00eama Kurdistan\u00ea \u00fb Barzan\u00ee di Rojhilata Nav\u00een de weke gelav\u00eaj\u00ea ye \u00fb nah\u00ea \u00eenkar kirin. Ger PKK di van \u015fert \u00fb mercan de \u00ear\u00ee\u015f\u00ee Hikumeta Her\u00eama kurdistan\u00ea \u00fb P\u00ea\u015fmerge bikira, ew da t\u00fb\u015f\u00ee rew\u015fek siyas\u00ee ya neba\u015f b\u00eet. Pi\u015ft\u00ee \u00ear\u00ee\u015f\u00ean PKK \u00ea ku sala bor\u00ee li \u00c7emank\u00ea \u00fb Amed\u00eey\u00ea kir\u00ee \u00fb du p\u00ea\u015fmerge \u015feh\u00eed b\u00fby\u00ee, ew ji h\u00eala Emer\u00eeka \u00fb Ber\u00eetanya ve hat \u015fermezarkirin \u00fb wek\u00ee kiryarek teror\u00eest\u00ee hate ni\u015fandan. PKK pir hewce b\u00fb ku bi Hikumeta her\u00eama Kurdistan\u00ea re \u015fer bike, l\u00ea ji ber hem\u00ee sedeman ewa gav pa\u015fde av\u00eat. Ger ev her du sedem \u00e7\u00eaneb\u00fbna, da PKK di Adar\u00ea de aloziya li dora Am\u00eadiy\u00ea, S\u00eedekan \u00fb Batufa derx\u00een\u00eet. Heke PKK \u00ea ev plana xwe ji bo niha pa\u015f xist\u00ee be j\u00ee, ew \u00ea dev ji amadekariy\u00ean \u00ear\u00ee\u015fa xwe bernede. Ji bo v\u00ea yek\u00ea, div\u00ea ew sedem\u00ean v\u00ea nakokiy\u00ea p\u00ea\u015f\u00ee di raya gi\u015ft\u00ee ya kurd de \u00fb pa\u015f\u00ea j\u00ee di raya gi\u015ft\u00ee ya navnetewey\u00ee de ava bike. Tewana PKK \u00ea ya ku dib\u00eaje \u201cPDK, Parastin \u00eestixbarat dide Tirkiy\u00ea\u201d ji ber v\u00ea armanc\u00ea hewce dib\u00eene<\/h3>\n<h3 style=\"text-align: center\"><span style=\"color: #8c0808;font-family: 'arial black', sans-serif\">Gelo li Ba\u015f\u00fbr\u00ea Kurdistan\u00ea s\u00eexur\u00ean Tirkiy\u00ea k\u00ea ne?<\/span><\/h3>\n<h3 style=\"text-align: justify\">Mijarek dijber a din j\u00ee ev e ku PKK ji xwe re toreke ajan ava dike. PKK gelek kesan wek\u00ee ajan bikar t\u00eene da ku di \u015fer\u00ea li dij\u00ee Her\u00eama Kurdistan\u00ea de zanyar\u00ee bi dest xwe bixe. M\u00eenak, ew ciwan\u00ean b\u00ea kar \u00ean li her\u00eam\u00ean m\u00eena \u015e\u00ealadiz\u00ea, PKKe meh\u00ea 500 dolaran dide hinek ji wan ku s\u00eexuriy\u00ea ji boy PKK\u00ea bikin. Van ciwanan wez\u00eefey\u00ean wek\u00ee \u015fopandina p\u00ea\u015fmerge \u00fb karmend\u00ean asay\u00ee\u015f\u00ea bi gi\u015ft\u00ee y\u00ean li dezgeh\u00ean emn\u00ee y\u00ean di\u015foxilin, agah\u00ee dana bingeh\u00ean PKK \u00ea dem\u00ean hatin \u00fb \u00e7\u00fby\u00eena berpirsyaran bo ser gund\u00ean xwe hene. Wek\u00ee din, agah\u00eey\u00ean dest me da hey\u00ee diyar dikin, ku Xaz\u00ee Salih Al\u00eexan, ku berpirsyar\u00ea ewlehiya dergeh\u00ea Serz\u00ear\u00ea b\u00fb, bi v\u00ee \u015f\u00eawaz\u00ee hate \u015fopandin \u00fb hate Ku\u015ftin. Di heman dem\u00ea de, PKK erka dane nas\u00eena wan ciwanan daye wan ku di medyaya civak\u00ee de PKK \u00ea rexne dikin, wan \u00eesbat bikin \u00fb derbar\u00ea wan de agahiyan berhev bikin. Ango, PKK welatiy\u00ean her\u00eama Kurdistan\u00ea dike ajan\u00ean xwe \u00fb dij\u00ee r\u00eaveberiya her\u00eama Kurdistan\u00ea bikar t\u00eene.<\/h3>\n<h3 style=\"text-align: justify\">Danp\u00eadan\u00ean 5 rojnameger\u00ean ku PKK ew wek\u00ee ajan bikar dian\u00een ji h\u00eala yek\u00eeney\u00ean Ewlekariya Hik\u00fbmeta Her\u00eama Kurdistan\u00ea ve hatin pi\u015ftrast kirin \u00fb v\u00eedyoy\u00ean danp\u00eadan\u00ean wan ajana hatin we\u015fandin. Di heman dem\u00ea de PKK bi we\u015fandina bernameya ku 5 gundiyan digot ew ajan in, weke tola 5 rojnamevan\u00ean xwe bikar an\u00ee l\u00ea plansaz\u00eeya PKK \u00ea ji v\u00ea mezintir e. PKK dixwaze pir\u00ean di navbera gel\u00ea Bakur \u00fb gel\u00ea Ba\u015f\u00fbr de hey\u00ee bi tevah\u00ee hilwe\u015f\u00eene. PKK dixwaze ku gel\u00ea li Bakur bi hestyar\u00ee ji Hik\u00fbmeta Her\u00eama Kurdistan\u00ea \u00fb gel\u00ea Ba\u015f\u00fbr veqet\u00eene. Ji bo ku veqet\u00eenek hestyar\u00ee were afirandin, s\u00eenaryoy\u00ean ku x\u00eetab\u00ee hestan dike, t\u00eane r\u00eaxistin kirin.<\/h3>\n<h3 style=\"text-align: justify\">M\u00eenak, Duran Kalkan meqelaya bi nav\u00ea &#8220;T\u00eab\u00een\u00ee ji PDK, ku\u015ftin ji MIT \u00ea&#8221; re diwe\u015f\u00eene. Di v\u00ea niv\u00ees\u00ea de, \u00eed\u00eea dike ku Mehmet Soys\u00fcren, bi kod\u00ea Sava\u015f Elbistan, bi saya agahdariya ku ji h\u00eala PDK \u00ea ve hat\u00ee day\u00een hat\u00eeye ku\u015ftin. Ew PDK \u00ea \u00fb h\u00eaz\u00ean ewlehiya gi\u015ft\u00ee ya Her\u00eama Kurdistan\u00ea tawanbar dike. Nay\u00ea qeb\u00fblkirin \u00e7i Kurdek jibo dagirkeran weke s\u00eexur bixebite, em v\u00ea yeke destp\u00eak\u00ea bib\u00eaj\u00een \u00fb Rew\u015fek wusa j\u00ee li hol\u00ea tune. Kes\u00ean ku weke cas\u00fbs t\u00eane d\u00eetin ji h\u00eala Asayi\u015fa Gi\u015ft\u00ee ya Her\u00eama Kurdistan\u00ea ve t\u00eane girtin. Her weha, heke gel\u00ea Ba\u015f\u00fbr agah\u00ee ya bide Tirkiy\u00ea w\u00ea rojane bi dehan ger\u00eela j\u00eeyana xwe winda kiriba. \u00db Wek\u00ee din, bi 10 salan e Duran Kalkan \u00fb serkirdey\u00ean PKK bi tiromb\u00eala ji Qend\u00eel\u00ea nedikar\u00ee bi\u00e7e Gare, ji Gare nedikar\u00ee bi\u00e7e Heften\u00een \u00fb Met\u00eena. R\u00eaw\u00eet\u00eeya van serkirda bi tiromb\u00eala \u00e7\u00eanedib\u00fb. Ji ber v\u00ea yek\u00ea rew\u015fek weke PKK propagande dike, n\u00eene.<\/h3>\n<h3 style=\"text-align: center\"><span style=\"color: #8c0808;font-family: 'arial black', sans-serif\">Sava\u015f Elbistan keng\u00ea j\u00eeyana xwe ji dest da?<\/span><\/h3>\n<h3 style=\"text-align: justify\">Dev j\u00ea berde ku Sava\u015f Elbistan elew\u00ee ye, l\u00ea ew li ser girseya Mara\u015f a li Ewr\u00fbpay\u00ea ji bo PKK \u00ea dibe mijarek gir\u00eeng a propaganday\u00ea. Ji ber ku, Mistefa Karas\u00fb j\u00ee, li ser Sava\u015f Elbistan meqale niv\u00eesandiye. L\u00ea di hol\u00ea de pirsgir\u00eakek wusa heye; Sava\u015f Elbistan di 20 \u00ea Adara 2019 an de j\u00eeyana xwe ji dest daye. Ev du sal li ser mirina w\u00ee berbas b\u00fbn.\u00a0 PKK\u00ea du sala mirina w\u00ee ve\u015fart, dema ku hewce b\u00fb, ew derket derve \u00fb bi tarm\u00ea w\u00ee spek\u00fclasyona \u00e7\u00eadike \u00fb hewl dide ku s\u00fbd\u00ea werbigire. Ango, PKK dizanib\u00fb ku Sava\u015f Elbistan du sal ber\u00ea jiyana xwe ji dest da. \u00c7ima ew b\u00eadeng ma? Ji ber ku PKK hewl dide ku ji mirina qadroy\u00ean xwe s\u00fbd werbigire, ew difikire, &#8220;Ger ez v\u00ea mirin\u00ea \u00eelan bikim, ez \u00ea \u00e7i bandor\u00ea li malbat, bajar, e\u015f\u00eera v\u00ee \u00fb kes\u00fbkarn\u00ean w\u00ee, bikim&#8221;.<\/h3>\n<h3 style=\"text-align: justify\">L\u00ea k\u00ea\u015fe ne va ye. PKK dikare sib\u00ea \u00e7end gundiy\u00ean belengaz bigire \u00fb bi wan bide gotin ku, &#8220;Min cih\u00ea \u015fer agahdar kir&#8221;. L\u00ea ber\u00ee ku Duran Kalkan li ser mirina Sava\u015f Elbistan \u015f\u00eerove bike, \u00e7end pirs\u00ean din j\u00ee hene ku div\u00ea ew bibersiv\u00eene: \u00c7ima Sava\u015f Elbistan li k\u00ealeka gund b\u00fb?<\/h3>\n<h3 style=\"text-align: justify\">Her \u00e7end PKK tim\u00fbtim gel\u00ea Ba\u015f\u00fbr\u00ea Kurdistan\u00ea bi s\u00eexur\u00ee tawanbar dike j\u00ee, pirsa rast\u00een ku p\u00eadiv\u00eeye PKK bersiv\u00ea bide ev e ku \u00e7ima ger\u00eela 40 km d\u00fbr\u00ee s\u00eenor, li k\u00ealeka gundan disekine. Ez dib\u00eajim, &#8220;Gel noqtey\u00ean ger\u00eela \u00eaxbar dike&#8221; an j\u00ee &#8220;ger\u00eela ji herem\u00ean xwe y\u00ean sereke derketiye, \u00fb derbas\u00ee nava gund, xan\u00ee, bax\u00e7e, m\u00earg \u00fb nava j\u00eeyana gel b\u00fbye&#8221;? B\u00ea guman, heke ger\u00eela dixweze \u015fer bike qad\u00ean \u015fer ne nava gund\u00ean Ba\u015f\u00fbre li Bakur \u00fb ser Bakur e. L\u00ea ger\u00eela li Batufa, Am\u00ead\u00eey\u00ea, \u00c7emank\u00ea, Kan\u00ee Mas\u00ea \u00fb bi dehan gund\u00ean din s\u00eenor terikandiye \u00fb bi kinc\u00ean n\u00eev siv\u00eel li ser mal \u00fb milk\u00ean xelk\u00ea r\u00fbni\u015ftiye.<\/h3>\n<h3 style=\"text-align: justify\">\u00a0PKK ji bo reva xwe ya Bakur bive\u015f\u00eare \u00fb bi kevrek\u00ea \u00e7end \u00e7uka bikuje dib\u00eaje, gel\u00ea ba\u015f\u00fbr s\u00eexur\u00ee ji bo Tirka dikin. ango, ew \u00ea hem Bak\u00fbr bi Ba\u015f\u00fbr \u015fermezar bike, hem j\u00ee diyar bike ku \u00e7ima yek\u00eetiya netewey\u00ee tune, hem j\u00ee sedema windakirina \u015fer li Bak\u00fbr bi v\u00ea hincet\u00ea ve gir\u00ea dide, \u00fb dixwaze rew\u015fa xwe ya lewaz me\u015fr\u00fb bike.<\/h3>\n<h3 style=\"text-align: justify\">Yan\u00ee, \u00e7apemeniya PKK \u00ea d\u00ea mijara s\u00eexur\u00ean li Ba\u015f\u00fbr\u00ea Kurdistan\u00ea bixe teni\u015fta rojeva bihara 2021 an, wek tecr\u00eeda Evdila Ocelan \u00fb gireva bir\u00e7\u00eeb\u00fbn\u00ea \u00fb hwd. Y\u00ea nava gel\u00ea ba\u015f\u00fbr s\u00eexur\u00ee dikin her endam\u00ean PKK \u00ea bixwe ne. \u015eikeft \u00fb kun\u00ean ser\u00ea Gare \u00fb Met\u00een\u00ee y\u00ea ji tirka re dib\u00eajin her r\u00eaveberiya PKK bixwe ye. Bi va man\u00eepulasyon na p\u00eaw\u00eeste gel\u00ea Kurd nexape. Qedera Kurdan bi te\u015fh\u00eer kirina \u00e7end gund\u00eeyan ve ne gir\u00eaday\u00ee ye. Ya ku d\u00ea \u00e7aren\u00fbsa Kurdan diyar bike t\u00eakiliya He\u015fda \u015eab\u00ee-\u00ceran \u00fb PKK ye. Y\u00ea ku \u00e7aren\u00fbsa Kurdan diyar bikin ne ewin y\u00ean ku dixwazin \u015eengal li dervey\u00ee s\u00eenor\u00ean Kurdistan\u00ea bih\u00ealin. Ya ku ji bo \u00e7aren\u00fbsa Kurdan gir\u00eenge eve ku partiy\u00ean Kurd li Rojava werin ba hev \u00fb yek\u00eet\u00eeya netewey\u00ee sazbikin \u00fb PKK dev ji p\u00eawend\u00eey\u00ean qir\u00eaj li gel \u00ceran \u00fb He\u015fda \u015eab\u00ee ber bide.<\/h3>\n","protected":false},"excerpt":{"rendered":"<p>R\u00eaveberiya PKK \u00ea va demek dir\u00eaje b\u00eadeng b\u00fb. Endam\u00ean damezir\u00eener \u00ean PKK \u00ea, y\u00ean wek\u00ee Kalkan \u00fb Qaras\u00fb, ku hertim di medyay\u00ea de niv\u00eesandin, bi taybet\u00ee pi\u015ft\u00ee Operasyona Gare di b\u00eadengiyek mezin de b\u00fbn. Pi\u015ft\u00ee Operasyona Gare, em dikarin b\u00eajin ku rew\u015fa ewlehiya \u015fikeft\u00ean PKK \u00ea di bin xeter\u00ea de b\u00fb, plansaz\u00eey\u00ean bihar\u00ea nehatin zelal [&hellip;]<\/p>\n","protected":false},"author":2,"featured_media":1020698,"comment_status":"closed","ping_status":"closed","sticky":false,"template":"","format":"standard","meta":{"footnotes":""},"categories":[68],"tags":[42,37],"class_list":["post-1020697","post","type-post","status-publish","format-standard","has-post-thumbnail","hentry","category-analiz","tag-duran-kalkan","tag-sereke"],"blocksy_meta":[],"seo_head":"<!-- This site is optimized with the Yoast SEO plugin v27.5 - https:\/\/yoast.com\/product\/yoast-seo-wordpress\/ -->\n<title>Bernameya PKK \u00ea a bihara 2021an e\u015fkere b\u00fb - Darka Maz\u00ee<\/title>\n<meta name=\"robots\" content=\"index, follow, max-snippet:-1, max-image-preview:large, max-video-preview:-1\" \/>\n<link rel=\"canonical\" href=\"https:\/\/darkamazi.info\/archives\/1020697\" \/>\n<meta property=\"og:locale\" content=\"en_US\" \/>\n<meta property=\"og:type\" content=\"article\" \/>\n<meta property=\"og:title\" content=\"Bernameya PKK \u00ea a bihara 2021an e\u015fkere b\u00fb - Darka Maz\u00ee\" \/>\n<meta property=\"og:description\" content=\"R\u00eaveberiya PKK \u00ea va demek dir\u00eaje b\u00eadeng b\u00fb. Endam\u00ean damezir\u00eener \u00ean PKK \u00ea, y\u00ean wek\u00ee Kalkan \u00fb Qaras\u00fb, ku hertim di medyay\u00ea de niv\u00eesandin, bi taybet\u00ee pi\u015ft\u00ee Operasyona Gare di b\u00eadengiyek mezin de b\u00fbn. Pi\u015ft\u00ee Operasyona Gare, em dikarin b\u00eajin ku rew\u015fa ewlehiya \u015fikeft\u00ean PKK \u00ea di bin xeter\u00ea de b\u00fb, plansaz\u00eey\u00ean bihar\u00ea nehatin zelal [&hellip;]\" \/>\n<meta property=\"og:url\" content=\"https:\/\/darkamazi.info\/archives\/1020697\" \/>\n<meta property=\"og:site_name\" content=\"Darka Maz\u00ee\" \/>\n<meta property=\"article:publisher\" content=\"https:\/\/www.facebook.com\/DarMaziKurmanci\" \/>\n<meta property=\"article:published_time\" content=\"2021-04-08T15:00:26+00:00\" \/>\n<meta property=\"article:modified_time\" content=\"2021-10-05T10:53:18+00:00\" \/>\n<meta property=\"og:image\" content=\"https:\/\/darkamazi.info\/file\/2021\/04\/danpidan.jpg\" \/>\n\t<meta property=\"og:image:width\" content=\"900\" \/>\n\t<meta property=\"og:image:height\" content=\"497\" \/>\n\t<meta property=\"og:image:type\" content=\"image\/jpeg\" \/>\n<meta name=\"author\" content=\"darka mazi\" \/>\n<meta name=\"twitter:card\" content=\"summary_large_image\" \/>\n<meta name=\"twitter:creator\" content=\"@DarkaMaziLatini\" \/>\n<meta name=\"twitter:site\" content=\"@DarkaMaziLatini\" \/>\n<meta name=\"twitter:label1\" content=\"Written by\" \/>\n\t<meta name=\"twitter:data1\" content=\"darka mazi\" \/>\n\t<meta name=\"twitter:label2\" content=\"Est. reading time\" \/>\n\t<meta name=\"twitter:data2\" content=\"7 minutes\" \/>\n<script type=\"application\/ld+json\" class=\"seo-schema-graph\">{\"@context\":\"https:\\\/\\\/schema.org\",\"@graph\":[{\"@type\":\"Article\",\"@id\":\"https:\\\/\\\/darkamazi.info\\\/archives\\\/1020697#article\",\"isPartOf\":{\"@id\":\"https:\\\/\\\/darkamazi.info\\\/archives\\\/1020697\"},\"author\":{\"name\":\"darka mazi\",\"@id\":\"https:\\\/\\\/darkamazi.info\\\/#\\\/schema\\\/person\\\/5ad3e24553a0567993fa8ed4bd0a776c\"},\"headline\":\"Bernameya PKK \u00ea a bihara 2021an e\u015fkere b\u00fb\",\"datePublished\":\"2021-04-08T15:00:26+00:00\",\"dateModified\":\"2021-10-05T10:53:18+00:00\",\"mainEntityOfPage\":{\"@id\":\"https:\\\/\\\/darkamazi.info\\\/archives\\\/1020697\"},\"wordCount\":1861,\"publisher\":{\"@id\":\"https:\\\/\\\/darkamazi.info\\\/#organization\"},\"image\":{\"@id\":\"https:\\\/\\\/darkamazi.info\\\/archives\\\/1020697#primaryimage\"},\"thumbnailUrl\":\"https:\\\/\\\/darkamazi.info\\\/darka-content\\\/uploads\\\/2021\\\/04\\\/danpidan.jpg\",\"keywords\":[\"Duran Kalkan\",\"sereke\"],\"articleSection\":[\"Anal\u00eez\"],\"inLanguage\":\"en-US\"},{\"@type\":\"WebPage\",\"@id\":\"https:\\\/\\\/darkamazi.info\\\/archives\\\/1020697\",\"url\":\"https:\\\/\\\/darkamazi.info\\\/archives\\\/1020697\",\"name\":\"Bernameya PKK \u00ea a bihara 2021an e\u015fkere b\u00fb - Darka Maz\u00ee\",\"isPartOf\":{\"@id\":\"https:\\\/\\\/darkamazi.info\\\/#website\"},\"primaryImageOfPage\":{\"@id\":\"https:\\\/\\\/darkamazi.info\\\/archives\\\/1020697#primaryimage\"},\"image\":{\"@id\":\"https:\\\/\\\/darkamazi.info\\\/archives\\\/1020697#primaryimage\"},\"thumbnailUrl\":\"https:\\\/\\\/darkamazi.info\\\/darka-content\\\/uploads\\\/2021\\\/04\\\/danpidan.jpg\",\"datePublished\":\"2021-04-08T15:00:26+00:00\",\"dateModified\":\"2021-10-05T10:53:18+00:00\",\"breadcrumb\":{\"@id\":\"https:\\\/\\\/darkamazi.info\\\/archives\\\/1020697#breadcrumb\"},\"inLanguage\":\"en-US\",\"potentialAction\":[{\"@type\":\"ReadAction\",\"target\":[\"https:\\\/\\\/darkamazi.info\\\/archives\\\/1020697\"]}]},{\"@type\":\"ImageObject\",\"inLanguage\":\"en-US\",\"@id\":\"https:\\\/\\\/darkamazi.info\\\/archives\\\/1020697#primaryimage\",\"url\":\"https:\\\/\\\/darkamazi.info\\\/darka-content\\\/uploads\\\/2021\\\/04\\\/danpidan.jpg\",\"contentUrl\":\"https:\\\/\\\/darkamazi.info\\\/darka-content\\\/uploads\\\/2021\\\/04\\\/danpidan.jpg\",\"width\":900,\"height\":497,\"caption\":\"Bernameya PKK \u00ea a bihara 2021 an e\u015fkere b\u00fb\"},{\"@type\":\"BreadcrumbList\",\"@id\":\"https:\\\/\\\/darkamazi.info\\\/archives\\\/1020697#breadcrumb\",\"itemListElement\":[{\"@type\":\"ListItem\",\"position\":1,\"name\":\"Home\",\"item\":\"https:\\\/\\\/darkamazi.info\\\/\"},{\"@type\":\"ListItem\",\"position\":2,\"name\":\"Bernameya PKK \u00ea a bihara 2021an e\u015fkere b\u00fb\"}]},{\"@type\":\"WebSite\",\"@id\":\"https:\\\/\\\/darkamazi.info\\\/#website\",\"url\":\"https:\\\/\\\/darkamazi.info\\\/\",\"name\":\"Darka Maz\u00ee\",\"description\":\"P\u00eageha Zanyariy\u00ean Nebih\u00eest\u00ee\",\"publisher\":{\"@id\":\"https:\\\/\\\/darkamazi.info\\\/#organization\"},\"potentialAction\":[{\"@type\":\"SearchAction\",\"target\":{\"@type\":\"EntryPoint\",\"urlTemplate\":\"https:\\\/\\\/darkamazi.info\\\/?s={search_term_string}\"},\"query-input\":{\"@type\":\"PropertyValueSpecification\",\"valueRequired\":true,\"valueName\":\"search_term_string\"}}],\"inLanguage\":\"en-US\"},{\"@type\":\"Organization\",\"@id\":\"https:\\\/\\\/darkamazi.info\\\/#organization\",\"name\":\"Darka Maz\u00ee\",\"url\":\"https:\\\/\\\/darkamazi.info\\\/\",\"logo\":{\"@type\":\"ImageObject\",\"inLanguage\":\"en-US\",\"@id\":\"https:\\\/\\\/darkamazi.info\\\/#\\\/schema\\\/logo\\\/image\\\/\",\"url\":\"https:\\\/\\\/darkamazi.info\\\/darka-content\\\/uploads\\\/2017\\\/12\\\/darka-mazi-logo.png\",\"contentUrl\":\"https:\\\/\\\/darkamazi.info\\\/darka-content\\\/uploads\\\/2017\\\/12\\\/darka-mazi-logo.png\",\"width\":151,\"height\":75,\"caption\":\"Darka Maz\u00ee\"},\"image\":{\"@id\":\"https:\\\/\\\/darkamazi.info\\\/#\\\/schema\\\/logo\\\/image\\\/\"},\"sameAs\":[\"https:\\\/\\\/www.facebook.com\\\/DarMaziKurmanci\",\"https:\\\/\\\/x.com\\\/DarkaMaziLatini\",\"https:\\\/\\\/www.instagram.com\\\/darkamazi.kurmanci\\\/\",\"https:\\\/\\\/www.youtube.com\\\/channel\\\/UCa5HkTdmI8U1qCUFuTw8B2g\"]},{\"@type\":\"Person\",\"@id\":\"https:\\\/\\\/darkamazi.info\\\/#\\\/schema\\\/person\\\/5ad3e24553a0567993fa8ed4bd0a776c\",\"name\":\"darka mazi\",\"sameAs\":[\"https:\\\/\\\/darkamazi.info\\\/\"],\"url\":\"https:\\\/\\\/darkamazi.info\\\/archives\\\/author\\\/kurdi\"}]}<\/script>\n<!-- \/ Yoast SEO plugin. -->","seo_head_json":{"title":"Bernameya PKK \u00ea a bihara 2021an e\u015fkere b\u00fb - Darka Maz\u00ee","robots":{"index":"index","follow":"follow","max-snippet":"max-snippet:-1","max-image-preview":"max-image-preview:large","max-video-preview":"max-video-preview:-1"},"canonical":"https:\/\/darkamazi.info\/archives\/1020697","og_locale":"en_US","og_type":"article","og_title":"Bernameya PKK \u00ea a bihara 2021an e\u015fkere b\u00fb - Darka Maz\u00ee","og_description":"R\u00eaveberiya PKK \u00ea va demek dir\u00eaje b\u00eadeng b\u00fb. Endam\u00ean damezir\u00eener \u00ean PKK \u00ea, y\u00ean wek\u00ee Kalkan \u00fb Qaras\u00fb, ku hertim di medyay\u00ea de niv\u00eesandin, bi taybet\u00ee pi\u015ft\u00ee Operasyona Gare di b\u00eadengiyek mezin de b\u00fbn. Pi\u015ft\u00ee Operasyona Gare, em dikarin b\u00eajin ku rew\u015fa ewlehiya \u015fikeft\u00ean PKK \u00ea di bin xeter\u00ea de b\u00fb, plansaz\u00eey\u00ean bihar\u00ea nehatin zelal [&hellip;]","og_url":"https:\/\/darkamazi.info\/archives\/1020697","og_site_name":"Darka Maz\u00ee","article_publisher":"https:\/\/www.facebook.com\/DarMaziKurmanci","article_published_time":"2021-04-08T15:00:26+00:00","article_modified_time":"2021-10-05T10:53:18+00:00","og_image":[{"width":900,"height":497,"url":"https:\/\/darkamazi.info\/file\/2021\/04\/danpidan.jpg","type":"image\/jpeg"}],"author":"darka mazi","twitter_card":"summary_large_image","twitter_creator":"@DarkaMaziLatini","twitter_site":"@DarkaMaziLatini","twitter_misc":{"Written by":"darka mazi","Est. reading time":"7 minutes"},"schema":{"@context":"https:\/\/schema.org","@graph":[{"@type":"Article","@id":"https:\/\/darkamazi.info\/archives\/1020697#article","isPartOf":{"@id":"https:\/\/darkamazi.info\/archives\/1020697"},"author":{"name":"darka mazi","@id":"https:\/\/darkamazi.info\/#\/schema\/person\/5ad3e24553a0567993fa8ed4bd0a776c"},"headline":"Bernameya PKK \u00ea a bihara 2021an e\u015fkere b\u00fb","datePublished":"2021-04-08T15:00:26+00:00","dateModified":"2021-10-05T10:53:18+00:00","mainEntityOfPage":{"@id":"https:\/\/darkamazi.info\/archives\/1020697"},"wordCount":1861,"publisher":{"@id":"https:\/\/darkamazi.info\/#organization"},"image":{"@id":"https:\/\/darkamazi.info\/archives\/1020697#primaryimage"},"thumbnailUrl":"https:\/\/darkamazi.info\/file\/2021\/04\/danpidan.jpg","keywords":["Duran Kalkan","sereke"],"articleSection":["Anal\u00eez"],"inLanguage":"en-US"},{"@type":"WebPage","@id":"https:\/\/darkamazi.info\/archives\/1020697","url":"https:\/\/darkamazi.info\/archives\/1020697","name":"Bernameya PKK \u00ea a bihara 2021an e\u015fkere b\u00fb - Darka Maz\u00ee","isPartOf":{"@id":"https:\/\/darkamazi.info\/#website"},"primaryImageOfPage":{"@id":"https:\/\/darkamazi.info\/archives\/1020697#primaryimage"},"image":{"@id":"https:\/\/darkamazi.info\/archives\/1020697#primaryimage"},"thumbnailUrl":"https:\/\/darkamazi.info\/file\/2021\/04\/danpidan.jpg","datePublished":"2021-04-08T15:00:26+00:00","dateModified":"2021-10-05T10:53:18+00:00","breadcrumb":{"@id":"https:\/\/darkamazi.info\/archives\/1020697#breadcrumb"},"inLanguage":"en-US","potentialAction":[{"@type":"ReadAction","target":["https:\/\/darkamazi.info\/archives\/1020697"]}]},{"@type":"ImageObject","inLanguage":"en-US","@id":"https:\/\/darkamazi.info\/archives\/1020697#primaryimage","url":"https:\/\/darkamazi.info\/file\/2021\/04\/danpidan.jpg","contentUrl":"https:\/\/darkamazi.info\/file\/2021\/04\/danpidan.jpg","width":900,"height":497,"caption":"Bernameya PKK \u00ea a bihara 2021 an e\u015fkere b\u00fb"},{"@type":"BreadcrumbList","@id":"https:\/\/darkamazi.info\/archives\/1020697#breadcrumb","itemListElement":[{"@type":"ListItem","position":1,"name":"Home","item":"https:\/\/darkamazi.info\/"},{"@type":"ListItem","position":2,"name":"Bernameya PKK \u00ea a bihara 2021an e\u015fkere b\u00fb"}]},{"@type":"WebSite","@id":"https:\/\/darkamazi.info\/#website","url":"https:\/\/darkamazi.info\/","name":"Darka Maz\u00ee","description":"P\u00eageha Zanyariy\u00ean Nebih\u00eest\u00ee","publisher":{"@id":"https:\/\/darkamazi.info\/#organization"},"potentialAction":[{"@type":"SearchAction","target":{"@type":"EntryPoint","urlTemplate":"https:\/\/darkamazi.info\/?s={search_term_string}"},"query-input":{"@type":"PropertyValueSpecification","valueRequired":true,"valueName":"search_term_string"}}],"inLanguage":"en-US"},{"@type":"Organization","@id":"https:\/\/darkamazi.info\/#organization","name":"Darka Maz\u00ee","url":"https:\/\/darkamazi.info\/","logo":{"@type":"ImageObject","inLanguage":"en-US","@id":"https:\/\/darkamazi.info\/#\/schema\/logo\/image\/","url":"https:\/\/darkamazi.info\/file\/2017\/12\/darka-mazi-logo.png","contentUrl":"https:\/\/darkamazi.info\/file\/2017\/12\/darka-mazi-logo.png","width":151,"height":75,"caption":"Darka Maz\u00ee"},"image":{"@id":"https:\/\/darkamazi.info\/#\/schema\/logo\/image\/"},"sameAs":["https:\/\/www.facebook.com\/DarMaziKurmanci","https:\/\/x.com\/DarkaMaziLatini","https:\/\/www.instagram.com\/darkamazi.kurmanci\/","https:\/\/www.youtube.com\/channel\/UCa5HkTdmI8U1qCUFuTw8B2g"]},{"@type":"Person","@id":"https:\/\/darkamazi.info\/#\/schema\/person\/5ad3e24553a0567993fa8ed4bd0a776c","name":"darka mazi","sameAs":["https:\/\/darkamazi.info\/"],"url":"https:\/\/darkamazi.info\/archives\/author\/kurdi"}]}},"_links":{"self":[{"href":"https:\/\/darkamazi.info\/funavuv\/wp\/v2\/posts\/1020697","targetHints":{"allow":["GET"]}}],"collection":[{"href":"https:\/\/darkamazi.info\/funavuv\/wp\/v2\/posts"}],"about":[{"href":"https:\/\/darkamazi.info\/funavuv\/wp\/v2\/types\/post"}],"author":[{"embeddable":true,"href":"https:\/\/darkamazi.info\/funavuv\/wp\/v2\/users\/2"}],"replies":[{"embeddable":true,"href":"https:\/\/darkamazi.info\/funavuv\/wp\/v2\/comments?post=1020697"}],"version-history":[{"count":0,"href":"https:\/\/darkamazi.info\/funavuv\/wp\/v2\/posts\/1020697\/revisions"}],"wp:featuredmedia":[{"embeddable":true,"href":"https:\/\/darkamazi.info\/funavuv\/wp\/v2\/media\/1020698"}],"wp:attachment":[{"href":"https:\/\/darkamazi.info\/funavuv\/wp\/v2\/media?parent=1020697"}],"wp:term":[{"taxonomy":"category","embeddable":true,"href":"https:\/\/darkamazi.info\/funavuv\/wp\/v2\/categories?post=1020697"},{"taxonomy":"post_tag","embeddable":true,"href":"https:\/\/darkamazi.info\/funavuv\/wp\/v2\/tags?post=1020697"}],"curies":[{"name":"wp","href":"https:\/\/api.w.org\/{rel}","templated":true}]}}