{"id":1020812,"date":"2021-04-11T16:29:51","date_gmt":"2021-04-11T13:29:51","guid":{"rendered":"https:\/\/darkamazi.info\/?p=1020812"},"modified":"2021-04-11T16:32:01","modified_gmt":"2021-04-11T13:32:01","slug":"efyona-gelan-u-efyona-kurdan","status":"publish","type":"post","link":"https:\/\/darkamazi.info\/archives\/1020812","title":{"rendered":"Afyona gelan \u00fb Afyona Kurdan"},"content":{"rendered":"<h3 style=\"text-align: justify\"><span style=\"font-family: 'arial black', sans-serif\">Part\u00eeya karker\u00ean Kurdistan\u00ea &#8220;PKKe&#8221; her ji dema damezrandina xwe heya niha, roj na\u00e7e di \u00e7apemeniy\u00ea de bas li leheng\u00ee, serkeftin \u00fb azad\u00ee \u00fb demokrasiy\u00ea neke, PKKe bi awayek\u00ee ew qas z\u00eade bas li van ti\u015ftan dike ku hin caran mirov wusa difikre ji xewek giran rab\u00fbye \u00fb ev b\u00fbyer\u00ean ku PKKe qala wan dike hem\u00fb bi rast\u00ee j\u00ee r\u00fbdane, mirov pir hesretan ji boy ji dest day\u00een \u00fb ned\u00eetina van d\u00eemenan dixwe.<\/span><\/h3>\n<h3 style=\"text-align: justify\">L\u00ea dema t\u00ea ser hi\u015f\u00ean xwe \u00fb li dervey \u00e7apemeniya PKK\u00ea li b\u00fbyeran m\u00eaze dike, her ti\u015ft berevaj\u00ee dibe, ne serkeftinek, ne leheng\u00eeyek \u00fb ne j\u00ee tu ti\u015ftek\u00ea din ku di s\u00fbd\u00ea Kurdan de be, PKK\u00ea encam nedaye, bi ten\u00ea weke \u00e7apemeniya Naz\u00eeyan li Elmanyay\u00ea her ti\u015ft\u00ee di berjewend\u00eeya xwe de dib\u00eajin \u00fb h\u00eaza peyvan bi kar t\u00eenin.<\/h3>\n<h3 style=\"text-align: justify\">Ji bext\u00ea re\u015f\u00ea Kurdan j\u00ee, PKKe p\u00eatir ji her kes \u00fb aliyek din pisportire di v\u00ea yek\u00ea de \u00fb bi peyvan diley\u00eeze, bi \u00e7apemeniya di dest\u00ea PKK\u00ea de hey\u00ee, PKKe kar\u00eeye hem\u00fb xerab\u00ee, \u015fa\u015fit\u00ee, neciwan\u00ee \u00fb \u00eexanet\u00ean xwe ciwan bike \u00fb berevaj\u00ee j\u00ee kar\u00eeye hem\u00fb ba\u015f\u00ee, ciwan\u00ee \u00fb serkeftin\u00ean aliy\u00ean din weke \u00eexanet \u00fb binkeftin \u00fb dije Kurdan n\u00ee\u015fan bide.<\/h3>\n<h3 style=\"text-align: center\"><span style=\"font-family: 'arial black', sans-serif;color: #8c0808\">PKK\u00ea bi qas\u00ee dewlet\u00ean dag\u00eerker zirar li gel\u00ea Ba\u015f\u00fbr xist\u00eeye<\/span><\/h3>\n<h3 style=\"text-align: center\"><span style=\"font-family: 'arial black', sans-serif;color: #8c0808\">PKK\u00ea heya niha ne li Bakur ne li Rojhilat \u00fb ne j\u00ee li tu par\u00e7eyeke Kurdistan\u00ea kesek Tirk yan Faris<strong> yan Ereb bi s\u00fb\u00e7a s\u00eexoriy\u00ea neku\u015ft\u00eeye, l\u00ea bi dehan Kurd ku\u015ftine<\/strong><\/span><\/h3>\n<h3 style=\"text-align: justify\">Ger em bas li kar\u00ean PKK\u00ea y\u00ean dij\u00ee Kurd \u00fb Kurdistan\u00ea \u00fb di berjewend\u00eeya dewlet\u00ean dagirker de bikin, demek ew qas dir\u00eaj p\u00ea div\u00ea ku bi raporek\u00ea yan gotar yan pirt\u00fbkek\u00ea bi daw\u00ee nabe, l\u00ea em\u00ea di v\u00ea niv\u00eesa xwe de bi ten\u00ea bas li hinek kar \u00fb kiryar\u00ean PKK\u00ea bik\u00een ku di dema 5 salan de li dij\u00ee Kurdan \u00fb Kurdistan\u00ea encam day\u00eene.<\/h3>\n<h3 style=\"text-align: justify\">Ti\u015fta her\u00ee ec\u00eab eve ku hem\u00fb kar\u00ean encam day\u00ee di \u00e7apemeniya xwe de weke leheng\u00ee \u00fb \u015fer\u00ea dije ajenan day\u00eene diyar kirin, ew zirar \u00fb z\u00eeyan\u00ean PKK\u00ea bi ten\u00ea di dema 5 salan de bi ten\u00ea li Ba\u015f\u00fbr\u00ea Kurdistan\u00ea li dij\u00ee Kurdan encam day bi qas\u00ee wan tawanane y\u00ean ku dewlet\u00ean dag\u00eerkar li dij\u00ee v\u00ea per\u00e7eya azada Kurdistan\u00ea encam day\u00ee.<\/h3>\n<h3 style=\"text-align: center\"><span style=\"color: #8c0808;font-family: 'arial black', sans-serif\"><strong>PKK\u00ea tu c\u00eenayetek nemaye li dij\u00ee gel\u00ea Kurd nekir\u00ee<\/strong><\/span><\/h3>\n<h3 style=\"text-align: justify\">PKK\u00ea heya niha ne li Bakur ne li Rojhilat \u00fb ne j\u00ee li tu par\u00e7eyeke Kurdistan\u00ea kesek Tirk yan Faris yan Ereb bi s\u00fb\u00e7a s\u00eexoriy\u00ea neku\u015ftiye, l\u00ea bi dehan Kurd ku\u015ftine, PKK\u00ea li Bakur tu karsaz, cotkar, \u015fivan, ta\u015faronek Tirk neku\u015ft\u00eene, l\u00ea bi sedan cotkar, karsaz, \u015fivan \u00fb bazirgan\u00ean Kurd bi s\u00fb\u00e7\u00ean b\u00ea binema ku\u015ftine.<\/h3>\n<h3 style=\"text-align: justify\">Li Bakur tu caran me nebih\u00eest\u00eeye PKK\u00ea gef li saz\u00eeyeke \u00e7apemeniy\u00ea a di dest Tirkan de kiribe \u00fb j\u00eare gotibe ger h\u00fbn ti\u015ftek\u00ee li dij\u00ee me \u00e7ap bikin em\u00ea we ji hol\u00ea rakin, me ned\u00eet tu caran PKKe gefan li bazirganek\u00ea Tirk bike ku ger bac\u00ea nede wan ew\u00ea kar\u00ea w\u00ee t\u00eak bidin \u00fb dest\u00fbr\u00ea nedin kar bike, me ned\u00eet bo carek\u00ee j\u00ee PKK\u00ea li Bakur\u00ea Kurdistan\u00ea gef li kadiroyek\u00ee part\u00eeyeke Tirkiy\u00ea kir\u00ee \u00fb j\u00eare gotibe nabe &#8220;di nav\u00e7ey\u00ean di bin desthilatdariya me de ji bo tu part\u00eeyeke din kar bik\u00ee&#8221;, me ned\u00eet bo carek bi ten\u00ea j\u00ee PKK\u00ea bac ji Tirk yan Faris yan Erebek\u00ee stend\u00ee, l\u00ea bel\u00ea ev kar hem\u00fb \u00fb bi sedan kar\u00ean din y\u00ean qir\u00eaj j\u00ee li dij\u00ee Kurdan encam day\u00eene.<\/h3>\n<h3 style=\"text-align: justify\">Li Bakur PKKe r\u00ea nade tu \u00e7apxaneyek ti\u015ftek\u00ee li dij\u00ee PKK\u00ea \u00e7ap bike, ger \u00a0\u00e7apxaneyek \u00a0ti\u015ftek wusa bike her z\u00fb w\u00ea PKKe bi dar\u00ea zor\u00ea w\u00ea \u00e7apxaney\u00ea bide girtin, ger bazirganek Kurd bac\u00ea nede w\u00ea kar\u00ea w\u00ee were jinavbirin, w\u00ea were \u015fewitandin heya ku ne\u00e7ar bibe bac\u00ea bide, ger rojnamevanek Kurd ti\u015ftek\u00ee li dij\u00ee w\u00ea bib\u00eaje w\u00ea w\u00ee weke ajen \u00fb kir\u00ea girtiy\u00ea AKP\u00ea \u00fb M\u00eeta Tirkan bidin nasandin \u00fb daw\u00ee car bi awayek\u00ee w\u00ee tesfiye bikin, bi kurtas\u00ee tawanek tuneye ku PKK\u00ea derheq Kurdan de nekirbe.<\/h3>\n<h3 style=\"text-align: center\"><span style=\"color: #8c0808;font-family: 'arial black', sans-serif\"><strong>Afyona gelan \u00fb afyona gel\u00ea Kurd<\/strong><\/span><\/h3>\n<h3 style=\"text-align: center\"><span style=\"color: #8c0808;font-family: 'arial black', sans-serif\"><strong>\u00ca\u015fa gemar li Bakur destp\u00eakir, ber bi Ba\u015f\u00fbr hat, pi\u015ftre hem\u00fb cesed\u00ea Kurdistan\u00ea girt<\/strong><\/span><\/h3>\n<h3 style=\"text-align: justify\">Markis di yek ji axaftin\u00ean xwe de dib\u00eaje: &#8220;ol afyona gela ye&#8221;, l\u00ea ji boy me Kurdan di niha de PKKe b\u00fbye afyon, PKKe niha li her \u00e7ar per\u00e7ey\u00ean Kurdistan\u00ea \u00fb bi taybet\u00ee li Ba\u015f\u00fbr\u00ea Kurdistan\u00ea b\u00fbye sedema aloz\u00ee \u00fb astangiy\u00ean her\u00ee z\u00eade ji boy gel\u00ea Kurd, PKKe weke \u015f\u00earpenceyek\u00ea ket\u00eeye giyan\u00ea Kurdistan\u00ea, v\u00ea \u00ea\u015fa gemar li Bakur\u00ea Kurdistan\u00ea destp\u00eakir, ber bi Ba\u015f\u00fbr hat, pa\u015fan hem\u00fb cestey\u00ea Rojava \u00fb hin be\u015f\u00ean Rojhilat girtin, niha Kurd ne\u00e7ar mane z\u00eadebar\u00ee ser mil ragirtina zora dag\u00eerker\u00ean Kurdistan\u00ea, zora PKK\u00ea j\u00ee ser mil\u00ean xwe ragirin, giran\u00eeya PKK\u00ea xist\u00eeye ser mil\u00ean Kurdan bi taybet\u00ee li Kurdistana Ba\u015f\u00fbr ku bi take per\u00e7eya azad ya Kurdistan\u00ea t\u00ea hesibandin, ger bi qas\u00ee giran\u00eeya dewlet\u00ean dag\u00eerker nebe bi tu away\u00ee k\u00eamtir n\u00eene.<\/h3>\n<h3 style=\"text-align: justify\">Li Ba\u015f\u00fbr PKKe her karek\u00ee li dij\u00ee gel dike, Kurd\u00ean Ba\u015f\u00fbr ji gund\u00ean wan der dike, bac\u00ea ji wan dist\u00eene \u00fb bi tawan\u00ean \u00e7\u00eakir\u00ee wan dide ku\u015ftin, hin ji wan bi s\u00fb\u00e7a s\u00eexortiy\u00ea ji boy saziy\u00ean ewleh\u00eeya Ba\u015f\u00fbr!! Hin ji wan bi s\u00fb\u00e7a s\u00eexortiy\u00ea ji boy M\u00eeta Tirka \u00fb hin ji wan j\u00ee bi tawana rexne kirina Apo \u00fb partiy\u00ea weke xa\u00een dide nasandin \u00fb ku\u015ftin, tu karek\u00ee gemar nemaye ku PKK\u00ea li Ba\u015f\u00fbr\u00ea Kurdistan\u00ea nekirbe.<\/h3>\n<h3 style=\"text-align: justify\">P\u00eageha Darka Maz\u00ee c\u00eenayet\u00ean r\u00eaxistina PKK\u00ea y\u00ean li dij\u00ee gel\u00ea siv\u00eel\u00ea Ba\u015f\u00fbr\u00ea Kurdistan\u00ea ji sala 2017 heya roja me ya \u00eero bi belge \u00fb dukom\u00eant kom kirine, li roj\u00ean p\u00ea\u015f me em\u00ea di zinc\u00eereyeka rapor\u00ean v\u00eedyoy\u00ee de b\u00eaxin ber \u00e7avan, ji bo ku gel\u00ea Ba\u015f\u00fbr r\u00fby\u00ea rast y\u00ea v\u00ea r\u00eaxistin\u00ea nas bike kan\u00ea bi tu away\u00ee ew bi terz\u00ea DA\u00ce\u015e \u00ea \u00fb girop\u00ean Mafiyay\u00ea, siv\u00eelan qetil dike, ke\u00e7 \u00fb zaroyan li p\u00ea\u015f \u00e7av\u00ean dayik \u00fb bav\u00ean wan qetil dike, ke\u00e7an li ser r\u00eay\u00ean dibistan\u00ea di rev\u00eene \u00fb bi dehan c\u00eenayet\u00ean din y\u00ean weh\u015f\u00ee y\u00ean ku ev r\u00eaxistin nav\u00ea berxwedan\u00ea l\u00ea dike.<\/h3>\n","protected":false},"excerpt":{"rendered":"<p>Part\u00eeya karker\u00ean Kurdistan\u00ea &#8220;PKKe&#8221; her ji dema damezrandina xwe heya niha, roj na\u00e7e di \u00e7apemeniy\u00ea de bas li leheng\u00ee, serkeftin \u00fb azad\u00ee \u00fb demokrasiy\u00ea neke, PKKe bi awayek\u00ee ew qas z\u00eade bas li van ti\u015ftan dike ku hin caran mirov wusa difikre ji xewek giran rab\u00fbye \u00fb ev b\u00fbyer\u00ean ku PKKe qala wan dike hem\u00fb [&hellip;]<\/p>\n","protected":false},"author":2,"featured_media":1020813,"comment_status":"closed","ping_status":"closed","sticky":false,"template":"","format":"standard","meta":{"footnotes":""},"categories":[28],"tags":[37],"class_list":["post-1020812","post","type-post","status-publish","format-standard","has-post-thumbnail","hentry","category-nerin","tag-sereke"],"blocksy_meta":[],"seo_head":"<!-- This site is optimized with the Yoast SEO plugin v27.5 - https:\/\/yoast.com\/product\/yoast-seo-wordpress\/ -->\n<title>Afyona gelan \u00fb Afyona Kurdan - Darka Maz\u00ee<\/title>\n<meta name=\"robots\" content=\"index, follow, max-snippet:-1, max-image-preview:large, max-video-preview:-1\" \/>\n<link rel=\"canonical\" href=\"https:\/\/darkamazi.info\/archives\/1020812\" \/>\n<meta property=\"og:locale\" content=\"en_US\" \/>\n<meta property=\"og:type\" content=\"article\" \/>\n<meta property=\"og:title\" content=\"Afyona gelan \u00fb Afyona Kurdan - Darka Maz\u00ee\" \/>\n<meta property=\"og:description\" content=\"Part\u00eeya karker\u00ean Kurdistan\u00ea &#8220;PKKe&#8221; her ji dema damezrandina xwe heya niha, roj na\u00e7e di \u00e7apemeniy\u00ea de bas li leheng\u00ee, serkeftin \u00fb azad\u00ee \u00fb demokrasiy\u00ea neke, PKKe bi awayek\u00ee ew qas z\u00eade bas li van ti\u015ftan dike ku hin caran mirov wusa difikre ji xewek giran rab\u00fbye \u00fb ev b\u00fbyer\u00ean ku PKKe qala wan dike hem\u00fb [&hellip;]\" \/>\n<meta property=\"og:url\" content=\"https:\/\/darkamazi.info\/archives\/1020812\" \/>\n<meta property=\"og:site_name\" content=\"Darka Maz\u00ee\" \/>\n<meta property=\"article:publisher\" content=\"https:\/\/www.facebook.com\/DarMaziKurmanci\" \/>\n<meta property=\"article:published_time\" content=\"2021-04-11T13:29:51+00:00\" \/>\n<meta property=\"article:modified_time\" content=\"2021-04-11T13:32:01+00:00\" \/>\n<meta property=\"og:image\" content=\"https:\/\/darkamazi.info\/file\/2021\/04\/PKK-Flag-Kurdistan-2.jpg\" \/>\n\t<meta property=\"og:image:width\" content=\"900\" \/>\n\t<meta property=\"og:image:height\" content=\"497\" \/>\n\t<meta property=\"og:image:type\" content=\"image\/jpeg\" \/>\n<meta name=\"author\" content=\"darka mazi\" \/>\n<meta name=\"twitter:card\" content=\"summary_large_image\" \/>\n<meta name=\"twitter:creator\" content=\"@DarkaMaziLatini\" \/>\n<meta name=\"twitter:site\" content=\"@DarkaMaziLatini\" \/>\n<meta name=\"twitter:label1\" content=\"Written by\" \/>\n\t<meta name=\"twitter:data1\" content=\"darka mazi\" \/>\n\t<meta name=\"twitter:label2\" content=\"Est. reading time\" \/>\n\t<meta name=\"twitter:data2\" content=\"5 minutes\" \/>\n<script type=\"application\/ld+json\" class=\"seo-schema-graph\">{\"@context\":\"https:\\\/\\\/schema.org\",\"@graph\":[{\"@type\":\"Article\",\"@id\":\"https:\\\/\\\/darkamazi.info\\\/archives\\\/1020812#article\",\"isPartOf\":{\"@id\":\"https:\\\/\\\/darkamazi.info\\\/archives\\\/1020812\"},\"author\":{\"name\":\"darka mazi\",\"@id\":\"https:\\\/\\\/darkamazi.info\\\/#\\\/schema\\\/person\\\/5ad3e24553a0567993fa8ed4bd0a776c\"},\"headline\":\"Afyona gelan \u00fb Afyona Kurdan\",\"datePublished\":\"2021-04-11T13:29:51+00:00\",\"dateModified\":\"2021-04-11T13:32:01+00:00\",\"mainEntityOfPage\":{\"@id\":\"https:\\\/\\\/darkamazi.info\\\/archives\\\/1020812\"},\"wordCount\":1090,\"publisher\":{\"@id\":\"https:\\\/\\\/darkamazi.info\\\/#organization\"},\"image\":{\"@id\":\"https:\\\/\\\/darkamazi.info\\\/archives\\\/1020812#primaryimage\"},\"thumbnailUrl\":\"https:\\\/\\\/darkamazi.info\\\/darka-content\\\/uploads\\\/2021\\\/04\\\/PKK-Flag-Kurdistan-2.jpg\",\"keywords\":[\"sereke\"],\"articleSection\":[\"Ner\u00een\"],\"inLanguage\":\"en-US\"},{\"@type\":\"WebPage\",\"@id\":\"https:\\\/\\\/darkamazi.info\\\/archives\\\/1020812\",\"url\":\"https:\\\/\\\/darkamazi.info\\\/archives\\\/1020812\",\"name\":\"Afyona gelan \u00fb Afyona Kurdan - Darka Maz\u00ee\",\"isPartOf\":{\"@id\":\"https:\\\/\\\/darkamazi.info\\\/#website\"},\"primaryImageOfPage\":{\"@id\":\"https:\\\/\\\/darkamazi.info\\\/archives\\\/1020812#primaryimage\"},\"image\":{\"@id\":\"https:\\\/\\\/darkamazi.info\\\/archives\\\/1020812#primaryimage\"},\"thumbnailUrl\":\"https:\\\/\\\/darkamazi.info\\\/darka-content\\\/uploads\\\/2021\\\/04\\\/PKK-Flag-Kurdistan-2.jpg\",\"datePublished\":\"2021-04-11T13:29:51+00:00\",\"dateModified\":\"2021-04-11T13:32:01+00:00\",\"breadcrumb\":{\"@id\":\"https:\\\/\\\/darkamazi.info\\\/archives\\\/1020812#breadcrumb\"},\"inLanguage\":\"en-US\",\"potentialAction\":[{\"@type\":\"ReadAction\",\"target\":[\"https:\\\/\\\/darkamazi.info\\\/archives\\\/1020812\"]}]},{\"@type\":\"ImageObject\",\"inLanguage\":\"en-US\",\"@id\":\"https:\\\/\\\/darkamazi.info\\\/archives\\\/1020812#primaryimage\",\"url\":\"https:\\\/\\\/darkamazi.info\\\/darka-content\\\/uploads\\\/2021\\\/04\\\/PKK-Flag-Kurdistan-2.jpg\",\"contentUrl\":\"https:\\\/\\\/darkamazi.info\\\/darka-content\\\/uploads\\\/2021\\\/04\\\/PKK-Flag-Kurdistan-2.jpg\",\"width\":900,\"height\":497,\"caption\":\"Efyona gelan \u00fb efyona Kurdan\"},{\"@type\":\"BreadcrumbList\",\"@id\":\"https:\\\/\\\/darkamazi.info\\\/archives\\\/1020812#breadcrumb\",\"itemListElement\":[{\"@type\":\"ListItem\",\"position\":1,\"name\":\"Home\",\"item\":\"https:\\\/\\\/darkamazi.info\\\/\"},{\"@type\":\"ListItem\",\"position\":2,\"name\":\"Afyona gelan \u00fb Afyona Kurdan\"}]},{\"@type\":\"WebSite\",\"@id\":\"https:\\\/\\\/darkamazi.info\\\/#website\",\"url\":\"https:\\\/\\\/darkamazi.info\\\/\",\"name\":\"Darka Maz\u00ee\",\"description\":\"P\u00eageha Zanyariy\u00ean Nebih\u00eest\u00ee\",\"publisher\":{\"@id\":\"https:\\\/\\\/darkamazi.info\\\/#organization\"},\"potentialAction\":[{\"@type\":\"SearchAction\",\"target\":{\"@type\":\"EntryPoint\",\"urlTemplate\":\"https:\\\/\\\/darkamazi.info\\\/?s={search_term_string}\"},\"query-input\":{\"@type\":\"PropertyValueSpecification\",\"valueRequired\":true,\"valueName\":\"search_term_string\"}}],\"inLanguage\":\"en-US\"},{\"@type\":\"Organization\",\"@id\":\"https:\\\/\\\/darkamazi.info\\\/#organization\",\"name\":\"Darka Maz\u00ee\",\"url\":\"https:\\\/\\\/darkamazi.info\\\/\",\"logo\":{\"@type\":\"ImageObject\",\"inLanguage\":\"en-US\",\"@id\":\"https:\\\/\\\/darkamazi.info\\\/#\\\/schema\\\/logo\\\/image\\\/\",\"url\":\"https:\\\/\\\/darkamazi.info\\\/darka-content\\\/uploads\\\/2017\\\/12\\\/darka-mazi-logo.png\",\"contentUrl\":\"https:\\\/\\\/darkamazi.info\\\/darka-content\\\/uploads\\\/2017\\\/12\\\/darka-mazi-logo.png\",\"width\":151,\"height\":75,\"caption\":\"Darka Maz\u00ee\"},\"image\":{\"@id\":\"https:\\\/\\\/darkamazi.info\\\/#\\\/schema\\\/logo\\\/image\\\/\"},\"sameAs\":[\"https:\\\/\\\/www.facebook.com\\\/DarMaziKurmanci\",\"https:\\\/\\\/x.com\\\/DarkaMaziLatini\",\"https:\\\/\\\/www.instagram.com\\\/darkamazi.kurmanci\\\/\",\"https:\\\/\\\/www.youtube.com\\\/channel\\\/UCa5HkTdmI8U1qCUFuTw8B2g\"]},{\"@type\":\"Person\",\"@id\":\"https:\\\/\\\/darkamazi.info\\\/#\\\/schema\\\/person\\\/5ad3e24553a0567993fa8ed4bd0a776c\",\"name\":\"darka mazi\",\"sameAs\":[\"https:\\\/\\\/darkamazi.info\\\/\"],\"url\":\"https:\\\/\\\/darkamazi.info\\\/archives\\\/author\\\/kurdi\"}]}<\/script>\n<!-- \/ Yoast SEO plugin. -->","seo_head_json":{"title":"Afyona gelan \u00fb Afyona Kurdan - Darka Maz\u00ee","robots":{"index":"index","follow":"follow","max-snippet":"max-snippet:-1","max-image-preview":"max-image-preview:large","max-video-preview":"max-video-preview:-1"},"canonical":"https:\/\/darkamazi.info\/archives\/1020812","og_locale":"en_US","og_type":"article","og_title":"Afyona gelan \u00fb Afyona Kurdan - Darka Maz\u00ee","og_description":"Part\u00eeya karker\u00ean Kurdistan\u00ea &#8220;PKKe&#8221; her ji dema damezrandina xwe heya niha, roj na\u00e7e di \u00e7apemeniy\u00ea de bas li leheng\u00ee, serkeftin \u00fb azad\u00ee \u00fb demokrasiy\u00ea neke, PKKe bi awayek\u00ee ew qas z\u00eade bas li van ti\u015ftan dike ku hin caran mirov wusa difikre ji xewek giran rab\u00fbye \u00fb ev b\u00fbyer\u00ean ku PKKe qala wan dike hem\u00fb [&hellip;]","og_url":"https:\/\/darkamazi.info\/archives\/1020812","og_site_name":"Darka Maz\u00ee","article_publisher":"https:\/\/www.facebook.com\/DarMaziKurmanci","article_published_time":"2021-04-11T13:29:51+00:00","article_modified_time":"2021-04-11T13:32:01+00:00","og_image":[{"width":900,"height":497,"url":"https:\/\/darkamazi.info\/file\/2021\/04\/PKK-Flag-Kurdistan-2.jpg","type":"image\/jpeg"}],"author":"darka mazi","twitter_card":"summary_large_image","twitter_creator":"@DarkaMaziLatini","twitter_site":"@DarkaMaziLatini","twitter_misc":{"Written by":"darka mazi","Est. reading time":"5 minutes"},"schema":{"@context":"https:\/\/schema.org","@graph":[{"@type":"Article","@id":"https:\/\/darkamazi.info\/archives\/1020812#article","isPartOf":{"@id":"https:\/\/darkamazi.info\/archives\/1020812"},"author":{"name":"darka mazi","@id":"https:\/\/darkamazi.info\/#\/schema\/person\/5ad3e24553a0567993fa8ed4bd0a776c"},"headline":"Afyona gelan \u00fb Afyona Kurdan","datePublished":"2021-04-11T13:29:51+00:00","dateModified":"2021-04-11T13:32:01+00:00","mainEntityOfPage":{"@id":"https:\/\/darkamazi.info\/archives\/1020812"},"wordCount":1090,"publisher":{"@id":"https:\/\/darkamazi.info\/#organization"},"image":{"@id":"https:\/\/darkamazi.info\/archives\/1020812#primaryimage"},"thumbnailUrl":"https:\/\/darkamazi.info\/file\/2021\/04\/PKK-Flag-Kurdistan-2.jpg","keywords":["sereke"],"articleSection":["Ner\u00een"],"inLanguage":"en-US"},{"@type":"WebPage","@id":"https:\/\/darkamazi.info\/archives\/1020812","url":"https:\/\/darkamazi.info\/archives\/1020812","name":"Afyona gelan \u00fb Afyona Kurdan - Darka Maz\u00ee","isPartOf":{"@id":"https:\/\/darkamazi.info\/#website"},"primaryImageOfPage":{"@id":"https:\/\/darkamazi.info\/archives\/1020812#primaryimage"},"image":{"@id":"https:\/\/darkamazi.info\/archives\/1020812#primaryimage"},"thumbnailUrl":"https:\/\/darkamazi.info\/file\/2021\/04\/PKK-Flag-Kurdistan-2.jpg","datePublished":"2021-04-11T13:29:51+00:00","dateModified":"2021-04-11T13:32:01+00:00","breadcrumb":{"@id":"https:\/\/darkamazi.info\/archives\/1020812#breadcrumb"},"inLanguage":"en-US","potentialAction":[{"@type":"ReadAction","target":["https:\/\/darkamazi.info\/archives\/1020812"]}]},{"@type":"ImageObject","inLanguage":"en-US","@id":"https:\/\/darkamazi.info\/archives\/1020812#primaryimage","url":"https:\/\/darkamazi.info\/file\/2021\/04\/PKK-Flag-Kurdistan-2.jpg","contentUrl":"https:\/\/darkamazi.info\/file\/2021\/04\/PKK-Flag-Kurdistan-2.jpg","width":900,"height":497,"caption":"Efyona gelan \u00fb efyona Kurdan"},{"@type":"BreadcrumbList","@id":"https:\/\/darkamazi.info\/archives\/1020812#breadcrumb","itemListElement":[{"@type":"ListItem","position":1,"name":"Home","item":"https:\/\/darkamazi.info\/"},{"@type":"ListItem","position":2,"name":"Afyona gelan \u00fb Afyona Kurdan"}]},{"@type":"WebSite","@id":"https:\/\/darkamazi.info\/#website","url":"https:\/\/darkamazi.info\/","name":"Darka Maz\u00ee","description":"P\u00eageha Zanyariy\u00ean Nebih\u00eest\u00ee","publisher":{"@id":"https:\/\/darkamazi.info\/#organization"},"potentialAction":[{"@type":"SearchAction","target":{"@type":"EntryPoint","urlTemplate":"https:\/\/darkamazi.info\/?s={search_term_string}"},"query-input":{"@type":"PropertyValueSpecification","valueRequired":true,"valueName":"search_term_string"}}],"inLanguage":"en-US"},{"@type":"Organization","@id":"https:\/\/darkamazi.info\/#organization","name":"Darka Maz\u00ee","url":"https:\/\/darkamazi.info\/","logo":{"@type":"ImageObject","inLanguage":"en-US","@id":"https:\/\/darkamazi.info\/#\/schema\/logo\/image\/","url":"https:\/\/darkamazi.info\/file\/2017\/12\/darka-mazi-logo.png","contentUrl":"https:\/\/darkamazi.info\/file\/2017\/12\/darka-mazi-logo.png","width":151,"height":75,"caption":"Darka Maz\u00ee"},"image":{"@id":"https:\/\/darkamazi.info\/#\/schema\/logo\/image\/"},"sameAs":["https:\/\/www.facebook.com\/DarMaziKurmanci","https:\/\/x.com\/DarkaMaziLatini","https:\/\/www.instagram.com\/darkamazi.kurmanci\/","https:\/\/www.youtube.com\/channel\/UCa5HkTdmI8U1qCUFuTw8B2g"]},{"@type":"Person","@id":"https:\/\/darkamazi.info\/#\/schema\/person\/5ad3e24553a0567993fa8ed4bd0a776c","name":"darka mazi","sameAs":["https:\/\/darkamazi.info\/"],"url":"https:\/\/darkamazi.info\/archives\/author\/kurdi"}]}},"_links":{"self":[{"href":"https:\/\/darkamazi.info\/funavuv\/wp\/v2\/posts\/1020812","targetHints":{"allow":["GET"]}}],"collection":[{"href":"https:\/\/darkamazi.info\/funavuv\/wp\/v2\/posts"}],"about":[{"href":"https:\/\/darkamazi.info\/funavuv\/wp\/v2\/types\/post"}],"author":[{"embeddable":true,"href":"https:\/\/darkamazi.info\/funavuv\/wp\/v2\/users\/2"}],"replies":[{"embeddable":true,"href":"https:\/\/darkamazi.info\/funavuv\/wp\/v2\/comments?post=1020812"}],"version-history":[{"count":0,"href":"https:\/\/darkamazi.info\/funavuv\/wp\/v2\/posts\/1020812\/revisions"}],"wp:featuredmedia":[{"embeddable":true,"href":"https:\/\/darkamazi.info\/funavuv\/wp\/v2\/media\/1020813"}],"wp:attachment":[{"href":"https:\/\/darkamazi.info\/funavuv\/wp\/v2\/media?parent=1020812"}],"wp:term":[{"taxonomy":"category","embeddable":true,"href":"https:\/\/darkamazi.info\/funavuv\/wp\/v2\/categories?post=1020812"},{"taxonomy":"post_tag","embeddable":true,"href":"https:\/\/darkamazi.info\/funavuv\/wp\/v2\/tags?post=1020812"}],"curies":[{"name":"wp","href":"https:\/\/api.w.org\/{rel}","templated":true}]}}