{"id":1020929,"date":"2021-04-15T14:52:56","date_gmt":"2021-04-15T11:52:56","guid":{"rendered":"https:\/\/darkamazi.info\/?p=1020929"},"modified":"2021-10-05T13:53:27","modified_gmt":"2021-10-05T10:53:27","slug":"projeya-pkke-ya-dorpeckirina-herema-kurdistane","status":"publish","type":"post","link":"https:\/\/darkamazi.info\/archives\/1020929","title":{"rendered":"Pirojeya PKK\u00ea ya dorp\u00ea\u00e7kirina Her\u00eama Kurdistan\u00ea &#8211; Be\u015f\u00ea \u00ab1\u00bb"},"content":{"rendered":"<div class=\"wpb-content-wrapper\"><p>[darkamazi_row][darkamazi_column][darkamazi_column_text]<\/p>\n<ul>\n<li>\n<h3><span style=\"font-family: 'arial black', sans-serif;color: #3366ff\">Be\u015f\u00ea 1<\/span><\/h3>\n<\/li>\n<\/ul>\n<h1 style=\"text-align: center\"><span style=\"font-family: 'arial black', sans-serif;color: #8c0808\">Dorp\u00ea\u00e7a Yekem: Dorp\u00ea\u00e7a erdn\u00eegar\u00ee; encax Kurd dikare p\u00ea\u015fiya Kurda bigire<\/span><\/h1>\n<h3 style=\"text-align: justify\"><span style=\"font-family: 'arial black', sans-serif\">Pirsgir\u00eaka her\u00ee mezin a civaka Kurd, pirsgir\u00eaka dabe\u015fb\u00fbna navxwey\u00ee ye. Di nav be\u015f\u00ean Kurdistan\u00ea de, di navbera nasnamey\u00ean civak\u00ee \u00fb ol\u00ee \u00fb mezheb\u00ee de \u00fb di gelek mijar\u00ean din de par\u00e7eb\u00fbna civak\u00ee heye. Di d\u00eeroka Kurdistan\u00ea de mirov \u015fop\u00ean van par\u00e7eb\u00fbna dib\u00eene. Bi taybet\u00ee li dij\u00ee bizav\u00ean ku h\u00eaza w\u00ea hey\u00ee \u00fb b\u00fbye cih\u00ea h\u00eav\u00eey\u00ea, her tim xebat\u00ean s\u00eexur\u00ee hatine bikar an\u00een. Evro Ba\u015f\u00fbr\u00ea Kurdistan\u00ea bi tehd\u00eed\u00ean wisa re r\u00fb bi r\u00fb ye. Ba\u015f\u00fbr\u00ea Kurdistan, ji h\u00eala h\u00eaz\u00ean Iran, Tirkiya \u00fb He\u015fda \u015eab\u00ee ve hatiye dorp\u00ea\u00e7 kirin. Mixabin, yek ji wan h\u00eaz\u00ean ku ba\u015f\u00fbr\u00ea Kurdistan\u00ea dorp\u00ea\u00e7 dike \u00fb ji hundir ve hewl dide ku destkeft\u00ean Ba\u015f\u00fbr tune bike r\u00eaxistina PKK \u00ea ye. Dorp\u00ea\u00e7a PKK \u00ea ya li ser Ba\u015f\u00fbr\u00ea Kurdistan\u00ea bi du awayan t\u00ea me\u015fandin.<\/span><\/h3>\n<h3 style=\"text-align: justify\">Ya yekem dorp\u00ea\u00e7a derve ye. Di v\u00ea dorp\u00ea\u00e7\u00ea de, PKK ji sala 2011 heya n\u00fbke ji bo dorp\u00ea\u00e7a Ba\u015f\u00fbr\u00ea Kurdistan\u00ea li gel \u00ceran\u00ea tevdigere. Hevkariya PKK \u00ea ya bi Ha\u015fda \u015eeb\u00ee re, ku \u00eero j\u00ee diyar e, ji v\u00ea serdem\u00ea ve berdewame. Bi dagirkirina M\u00fbsil\u00ea ji h\u00eala Da\u00ee\u015f \u00ea ve di Hez\u00eerana 2014 de, rast\u00eeyek taz\u00ee derket hol\u00ea ew j\u00ee, d\u00eeyar b\u00fb ku Iraq nikare xwe liser ling\u00ean xwe bigire.<\/h3>\n<h3 style=\"text-align: justify\">Iraq weke kurteya pirsgir\u00eak\u00ean li Rojhilata Nav\u00een e, wate hilwe\u015f\u00eena w\u00ea d\u00ea dabe\u015fb\u00fbna Iraq\u00ea li ser \u015e\u00eea, Son\u00ee \u00fb Kurdan, bi xwere b\u00eene. L\u00ea Dewletek bi nasnameyek \u015e\u00eea heye, Ereb\u00ean Son\u00ee xwedan 23 dewlet in, l\u00ea bel\u00ea, ger Kurd maf\u00ea xwe y\u00ea bir\u00eavebirin\u00ea \u00fb damezrandina dewletek\u00ea bikar b\u00eene ji bo pergala dagirkera da b\u00eete derbek mezin.<\/h3>\n<h1 style=\"text-align: center\"><span style=\"font-family: 'arial black', sans-serif;color: #8c0808\">&#8220;Her \u00e7end nakok\u00ee di navbera Tirkiy\u00ea \u00fb Iran\u00ea de hebin j\u00ee, l\u00ea ser dijber\u00eeya Kurda ew hertim \u015fir\u00eekin.&#8221;<\/span><\/h1>\n<h3 style=\"text-align: justify\">Yekem car di 1 \u00ea T\u00eermeha 2014 an de Mesut Barzan\u00ee, Serok\u00ea Her\u00eama Kurdistan\u00ea y\u00ea w\u00ea dem\u00ea, ragihand ku ew serxweb\u00fbn\u00ea dixwazin \u00fb got: \u201cJi vir \u00fb p\u00ea ve, em\u00ea vena\u015f\u00earin ku [serxweb\u00fbn] armanca me ye. Iraq niha bi f\u00ee\u00eel\u00ee par\u00e7e b\u00fbye. Ma p\u00eadiv\u00ee ye ku em di v\u00ee rew\u015fa tirajed\u00eek a li welat\u00ea xwe de bij\u00een? Y\u00ea ku li ser serxweb\u00fbn\u00ea biryar\u00ea dide ne ezim, gel\u00ea Kurde. Em\u00ea di nava \u00e7end meha de referand\u00fbm\u00ea bik\u00een.\u201d<\/h3>\n<h3 style=\"text-align: justify\">Ew halet\u00ea ku Tirkiye, Iran \u00fb hin h\u00eaz\u00ean navnetewey\u00ee j\u00ea ditirs\u00eeyan eynen ew b\u00fb ya ku Barzan\u00ee got\u00ee. Anku, em naxwaz\u00een bibin be\u015fek ji tevl\u00eehev\u00eeya tirajed\u00eek a Iraq\u00ea.<\/h3>\n<h3 style=\"text-align: justify\">Her \u00e7end nakok\u00ee di navbera Tirkiy\u00ea \u00fb Iran\u00ea de hebin j\u00ee, l\u00ea ser dijber\u00eeya Kurda ew hertim \u015fir\u00eekin. Di sala 2017 an de van her du dewleta li dij\u00ee Referand\u00fbma serxweb\u00fbn\u00ea de di nava hevkar\u00ee de dijminatiya Kurda kir. Wek\u00ee din, ten\u00ea mehek pi\u015ft\u00ee ku M\u00fbsil hat\u00ee dag\u00eerkirin Serokkomar\u00ea Iran\u00ea Rohan\u00ee \u00fb Serokkomar\u00ea Tirkiyey\u00ea Abdullah Gul di 2 y\u00ea T\u00eermeh\u00ea de li Enqerey\u00ea civ\u00eeyan, ew li ser pirsgir\u00eaka Iraq \u00fb Kurdistan\u00ea axiv\u00een. Tirkiye bi p\u00eawendiy\u00ean xwe y\u00ea li gel Ereb\u00ean Son\u00ee hey\u00ee ve dixwest ku Her\u00eama Kurdistan\u00ea dorp\u00ea\u00e7 bike. Li aliy\u00ea din, Iran xwed\u00eey\u00ea stratejiyek h\u00ea k\u00fbrtir b\u00fb.<\/h3>\n<h1 style=\"text-align: center\"><span style=\"color: #8c0808;font-family: 'arial black', sans-serif\">\u00c7\u00eeh b\u00fbna PKK li Ba\u015f\u00fbr<\/span><\/h1>\n<h3 style=\"text-align: justify\">Tehran\u00ea bi berdewam\u00ee gef li Her\u00eama Kurdistan\u00ea dixwar. Tehran\u00ea bi hesabkirina t\u00eakil\u00eey\u00ean d\u00eeplomat\u00eek \u00ean Her\u00eama Kurdistan\u00ea \u00fb h\u00eaza abor\u00ee ya ku dest bi komb\u00fbn\u00ea kiriye, siyaseta dorp\u00ea\u00e7kirina erdn\u00eegar\u00ee ya Kurdistan\u00ea destn\u00ee\u015fan kir, Iran \u00ea dizanib\u00fb ku ten\u00ea r\u00ea \u00fb gef\u00ean d\u00eeplomat\u00eek \u00e7i bandor\u00ea li Ba\u015f\u00fbr\u00ea Kurdistan\u00ea neke. Qasim Suleyman\u00ee- Ali \u015eemxan\u00ee b\u00fbne m\u00eemar\u00ean sereke y\u00ean v\u00ea stratej\u00eeya dorp\u00ea\u00e7\u00ea. Di encama v\u00ea stratej\u00ee \u00fb siyaset\u00ea de PKK li ba\u015f\u00fbr\u00ea Kurdistan\u00ea hate bic\u00eeh kirin.<\/h3>\n<h3 style=\"text-align: justify\">Ketina h\u00eaz\u00ean p\u00ea\u015fmerge ya nava Kerk\u00fbk\u00ea \u00fb xuyakirina nasnameya Kurda pirr aciz\u00ee bi \u00ceran\u00ea re \u00e7\u00eakir. S\u00eenor\u00ea Kurdan \u00ea d\u00eerok\u00ee y\u00ea Kerk\u00fbk\u00ea li \u00e7iyay\u00ea Hemr\u00een b\u00fb. P\u00eadv\u00ee b\u00fb h\u00eazek di navbera Kurdistan \u00fb \u00c7iyay\u00ea Hemr\u00een de bic\u00eeh bib\u00fbya. Projeya konseya Ayet\u00fbllah\u00ean Iran\u00ea ew b\u00fb ku Kurda li dij\u00ee Kurda bikar b\u00eenin. H\u00eazek \u015e\u00eea an h\u00eazek c\u00fbda d\u00ea raman\u00ean Neteweperwer\u00ee y\u00ean di nav Kurdan de \u00e7alak bikira. Li ser v\u00ea yek\u00ea, PKK wek h\u00eazek bendav\u00ea hate Kerk\u00fbk\u00ea.<\/h3>\n<h1 style=\"text-align: center\"><span style=\"color: #8c0808;font-family: 'arial black', sans-serif\">&#8220;Hevkariya stratej\u00eek a di navbera Iran \u00fb PKK \u00ea de xwed\u00ee d\u00eerokek kevnar \u00fb dir\u00eaj e&#8221;<\/span><\/h1>\n<h3 style=\"text-align: justify\">Da\u00ee\u015f di heman dem\u00ea de \u00ear\u00ee\u015f\u00ee Zumar, Celawla \u00fb gelek dever\u00ean din dikir, tank \u00fb \u00e7ek\u00ean ku ji art\u00ea\u015fa Iraq\u00ea stendib\u00fbn li dij\u00ee p\u00ea\u015fmerge bikar di an\u00een. \u00car\u00ee\u015fa ji ni\u015fka ve ya Da\u00ee\u015f \u00ea di destp\u00eak\u00ea de b\u00fb sedema dudiliy\u00ea. \u00car\u00ee\u015f\u00ean her\u00ee dijwar li her\u00eama di navbera M\u00fbsil \u00fb Duhok\u00ea de p\u00eak dihatin. Kerk\u00fbk nisbeten b\u00eadeng b\u00fb. Da\u00ee\u015f ket gelek gundan \u00fb pi\u015ftre hate sekinandin. Heya hefteya yekem a T\u00eermeh\u00ea li her\u00eama Kerk\u00fbk\u00ea, h\u00eazek din hatib\u00fb meydan\u00ea. Berpirsyar\u00ea v\u00ea h\u00eaz\u00ea di nav xwe de bi Fars\u00ee diaxif\u00een \u00fb li dever\u00ea digeriyan. B\u00ea guman, eve ji bil\u00ee muhafiz\u00ean \u015eore\u015fa \u00ceran\u00ea p\u00eave, tu kesek din neb\u00fbn. L\u00ea heb\u00fbna h\u00eaz\u00ean Iran\u00ee li meydan\u00ea ji bo Iran\u00ea \u00eemajek ne ba\u015f b\u00fb, \u00fb wek\u00ee me got\u00ee, p\u00ea\u015fiya Kurdan d\u00ea bi Kurdan were qut kirin.<\/h3>\n<h3 style=\"text-align: justify\">Hevkariya stratej\u00eek a di navbera Iran \u00fb PKK \u00ea de xwed\u00ee d\u00eerokek kevnar \u00fb dir\u00eaj e. Hevserokatiya Cem\u00eel Bay\u0131k a KCK \u00ea di T\u00eermeha 2013 an de zem\u00eena hevkariya stratej\u00eek li gel Iran\u00ea z\u00eade kir. \u00cad\u00ee bi Iran\u00ea re her roj t\u00eakil\u00ee heb\u00fbn, YNK \u00fb PKK li hev hatin. M\u00eena p\u00eerozbahiya yekem a v\u00ea lihevhatin\u00ea, ger\u00eela bi meras\u00eemek\u00ea ji Qend\u00eel\u00ea birin Kerk\u00fbk\u00ea. Yekine ya yekem ji 20 ciwan\u00ean \u015fervan\u00ean n\u00fb, p\u00eak dihat. Heya sala 2017 an, dema ku Kerk\u00fbk ji h\u00eala Iraq\u00ea ve hat\u00ee dagirkirin, li Kerk\u00fbk \u00fb derdora w\u00ea ten\u00ea di du pev\u00e7\u00fbn\u00ean cidd\u00ee de ev y\u00eak\u00eena PKK \u00ea keftib\u00fb y\u00ea. Di van pev\u00e7\u00fbnan de ger\u00eelayek\u00ea j\u00eeyana xwe ji dest da.<\/h3>\n<h1 style=\"text-align: center\"><span style=\"color: #8c0808;font-family: 'arial black', sans-serif\">&#8220;\u00c7apemeniya PKK \u00ea bi b\u00eak\u00eamas\u00ee ji v\u00ea peymana stratej\u00eek a di navbera Tehran \u00fb PKK \u00ea \u00fb projeya dorp\u00ea\u00e7kirina Kurdistan\u00ea re xizmet kir&#8221;<\/span><\/h1>\n<h3 style=\"text-align: justify\">Bi rast\u00ee, rastiya w\u00ea propogandaya ku PKK\u00ea Kerk\u00fbk rizgar kir ev e. Da\u00ee\u015f xwed\u00ee serbilindiyek ps\u00eekoloj\u00eek b\u00fb \u00fb li wir \u00ear\u00ee\u015fek ku p\u00ea\u015f\u00ee l\u00ea neh\u00ea girtin li ser Kerk\u00fbk\u00ea \u00e7\u00eaneb\u00fb. \u00c7apemeniya PKK \u00ea bi b\u00eak\u00eamas\u00ee ji v\u00ea peymana stratej\u00eek a di navbera Tehran \u00fb PKK \u00ea \u00fb projeya dorp\u00ea\u00e7kirina Kurdistan\u00ea re xizmet kir, \u00fb PKK \u00ea xwe wek\u00ee rizgarker p\u00ea\u015fk\u00ea\u015f\u00ee gel\u00ea Kurd kir.<\/h3>\n<h3 style=\"text-align: justify\">Kerk\u00fbk b\u00fb nav\u00ea yekem \u00ea v\u00ea dorp\u00ea\u00e7\u00ea. D\u00fbv re Mexm\u00fbr \u00fb \u015eengal hatin. PKK bi \u00eezaheta ku me windah\u00ee daye, \u015feh\u00eed\u00ean me hene \u00fb berd\u00eal\u00ean mezin dane li van deveran bic\u00eeh b\u00fb. Y\u00ean jiyana xwe ji dest dane zarok\u00ean rast\u00een \u00ean v\u00ee gel\u00ee ne. Wek\u00ee din, PKK b\u00eay\u00ee p\u00ea\u015fmerge li tu erdek\u00ee \u015fer nekir. Ne li \u015eengal, ne li Mexm\u00fbr \u00fb ne j\u00ee li Kerk\u00fbk\u00ea. L\u00ea bel\u00ea PKK \u00ea bi propagende ev serkeftine kirin mal\u00ea xwe. Bedel day\u00een nay\u00ea wateya pa\u015fguhkirina p\u00eavajoy\u00ean bi Iran\u00ea re hey\u00ee. P\u00eavajoya dorp\u00ea\u00e7a PKK \u00ea ya li ser Her\u00eama Kurdistan\u00ea bi Kerk\u00fbk\u00ea dest p\u00ea kir, \u00fb ew p\u00eavajoy\u00ean li dever\u00ean wek\u00ee Qela\u00e7olan, Dara Tuy\u00ea, \u015eeh\u00eed Har\u00fbn \u00fb Daba\u015fan hate plan kirin.<\/h3>\n<p>[\/darkamazi_column_text][\/darkamazi_column][\/darkamazi_row][darkamazi_row css=&#8221;.darkamazi_custom_1623766688374{padding-bottom: 10px !important;}&#8221;][darkamazi_column][mpc_alert preset=&#8221;mpc_preset_24&#8243; icon=&#8221;eti eti_link&#8221; icon_color=&#8221;#ffffff&#8221; icon_size=&#8221;30&#8243; icon_background_color=&#8221;#df5461&#8243; icon_padding_divider=&#8221;true&#8221; icon_padding_css=&#8221;padding-top:25px;padding-right:25px;padding-bottom:25px;padding-left:25px;&#8221; font_preset=&#8221;mpc_preset_13&#8243; font_color=&#8221;#ffffff&#8221; font_size=&#8221;20&#8243; font_transform=&#8221;none&#8221; font_align=&#8221;center&#8221; content_padding_divider=&#8221;true&#8221; content_padding_css=&#8221;padding-top:10px;padding-right:15px;padding-bottom:0px;padding-left:15px;&#8221; background_type=&#8221;gradient&#8221; background_gradient=&#8221;#d14945||#e5825e||0;100||90||linear&#8221; border_divider=&#8221;true&#8221; border_css=&#8221;border-top:0px;border-right:0px;border-bottom:3px;border-left:0px;border-color:#bc3a5d;border-style:solid;border-radius:5px;&#8221; padding_divider=&#8221;true&#8221; margin_divider=&#8221;true&#8221;]<\/p>\n<h1 style=\"text-align: center\"><span style=\"font-size: 18pt\"><a href=\"https:\/\/darkamazi.info\/archives\/1020965\"><span style=\"font-family: 'arial black', sans-serif;color: #ffffff\">Ji bo d\u00eetina be\u015f\u00ea 2 kil\u00eek bike<\/span><\/a><\/span><\/h1>\n<p>[\/mpc_alert][\/darkamazi_column][\/darkamazi_row][darkamazi_row css=&#8221;.darkamazi_custom_1623766693198{padding-bottom: 10px !important;}&#8221;][darkamazi_column][mpc_alert preset=&#8221;mpc_preset_24&#8243; icon=&#8221;eti eti_link&#8221; icon_color=&#8221;#ffffff&#8221; icon_size=&#8221;30&#8243; icon_background_color=&#8221;#df5461&#8243; icon_padding_divider=&#8221;true&#8221; icon_padding_css=&#8221;padding-top:25px;padding-right:25px;padding-bottom:25px;padding-left:25px;&#8221; font_preset=&#8221;mpc_preset_13&#8243; font_color=&#8221;#ffffff&#8221; font_size=&#8221;20&#8243; font_transform=&#8221;none&#8221; font_align=&#8221;center&#8221; content_padding_divider=&#8221;true&#8221; content_padding_css=&#8221;padding-top:10px;padding-right:15px;padding-bottom:0px;padding-left:15px;&#8221; background_type=&#8221;gradient&#8221; background_gradient=&#8221;#d14945||#e5825e||0;100||90||linear&#8221; border_divider=&#8221;true&#8221; border_css=&#8221;border-top:0px;border-right:0px;border-bottom:3px;border-left:0px;border-color:#bc3a5d;border-style:solid;border-radius:5px;&#8221; padding_divider=&#8221;true&#8221; margin_divider=&#8221;true&#8221;]<\/p>\n<h1 style=\"text-align: center\"><span style=\"font-size: 18pt\"><a href=\"https:\/\/darkamazi.info\/archives\/1021170\"><span style=\"font-family: 'arial black', sans-serif;color: #ffffff\">Ji bo d\u00eetina be\u015f\u00ea 3 kil\u00eek bike<\/span><\/a><\/span><\/h1>\n<p>[\/mpc_alert][\/darkamazi_column][\/darkamazi_row]<\/p>\n<\/div>","protected":false},"excerpt":{"rendered":"<p>[darkamazi_row][darkamazi_column][darkamazi_column_text] Be\u015f\u00ea 1 Dorp\u00ea\u00e7a Yekem: Dorp\u00ea\u00e7a erdn\u00eegar\u00ee; encax Kurd dikare p\u00ea\u015fiya Kurda bigire Pirsgir\u00eaka her\u00ee mezin a civaka Kurd, pirsgir\u00eaka dabe\u015fb\u00fbna navxwey\u00ee ye. Di nav be\u015f\u00ean Kurdistan\u00ea de, di navbera nasnamey\u00ean civak\u00ee \u00fb ol\u00ee \u00fb mezheb\u00ee de \u00fb di gelek mijar\u00ean din de par\u00e7eb\u00fbna civak\u00ee heye. Di d\u00eeroka Kurdistan\u00ea de mirov \u015fop\u00ean van par\u00e7eb\u00fbna dib\u00eene. [&hellip;]<\/p>\n","protected":false},"author":2,"featured_media":1020982,"comment_status":"closed","ping_status":"closed","sticky":false,"template":"","format":"standard","meta":{"footnotes":""},"categories":[68],"tags":[37],"class_list":["post-1020929","post","type-post","status-publish","format-standard","has-post-thumbnail","hentry","category-analiz","tag-sereke"],"blocksy_meta":[],"seo_head":"<!-- This site is optimized with the Yoast SEO plugin v27.5 - https:\/\/yoast.com\/product\/yoast-seo-wordpress\/ -->\n<title>Pirojeya PKK\u00ea ya dorp\u00ea\u00e7kirina Her\u00eama Kurdistan\u00ea - Be\u015f\u00ea \u00ab1\u00bb - Darka Maz\u00ee<\/title>\n<meta name=\"robots\" content=\"index, follow, max-snippet:-1, max-image-preview:large, max-video-preview:-1\" \/>\n<link rel=\"canonical\" href=\"https:\/\/darkamazi.info\/archives\/1020929\" \/>\n<meta property=\"og:locale\" content=\"en_US\" \/>\n<meta property=\"og:type\" content=\"article\" \/>\n<meta property=\"og:title\" content=\"Pirojeya PKK\u00ea ya dorp\u00ea\u00e7kirina Her\u00eama Kurdistan\u00ea - Be\u015f\u00ea \u00ab1\u00bb - Darka Maz\u00ee\" \/>\n<meta property=\"og:description\" content=\"[darkamazi_row][darkamazi_column][darkamazi_column_text] Be\u015f\u00ea 1 Dorp\u00ea\u00e7a Yekem: Dorp\u00ea\u00e7a erdn\u00eegar\u00ee; encax Kurd dikare p\u00ea\u015fiya Kurda bigire Pirsgir\u00eaka her\u00ee mezin a civaka Kurd, pirsgir\u00eaka dabe\u015fb\u00fbna navxwey\u00ee ye. Di nav be\u015f\u00ean Kurdistan\u00ea de, di navbera nasnamey\u00ean civak\u00ee \u00fb ol\u00ee \u00fb mezheb\u00ee de \u00fb di gelek mijar\u00ean din de par\u00e7eb\u00fbna civak\u00ee heye. Di d\u00eeroka Kurdistan\u00ea de mirov \u015fop\u00ean van par\u00e7eb\u00fbna dib\u00eene. [&hellip;]\" \/>\n<meta property=\"og:url\" content=\"https:\/\/darkamazi.info\/archives\/1020929\" \/>\n<meta property=\"og:site_name\" content=\"Darka Maz\u00ee\" \/>\n<meta property=\"article:publisher\" content=\"https:\/\/www.facebook.com\/DarMaziKurmanci\" \/>\n<meta property=\"article:published_time\" content=\"2021-04-15T11:52:56+00:00\" \/>\n<meta property=\"article:modified_time\" content=\"2021-10-05T10:53:27+00:00\" \/>\n<meta property=\"og:image\" content=\"https:\/\/darkamazi.info\/file\/2021\/04\/PKK-kurdistan-map-ocalan-PART-1.jpg\" \/>\n\t<meta property=\"og:image:width\" content=\"900\" \/>\n\t<meta property=\"og:image:height\" content=\"497\" \/>\n\t<meta property=\"og:image:type\" content=\"image\/jpeg\" \/>\n<meta name=\"author\" content=\"darka mazi\" \/>\n<meta name=\"twitter:card\" content=\"summary_large_image\" \/>\n<meta name=\"twitter:creator\" content=\"@DarkaMaziLatini\" \/>\n<meta name=\"twitter:site\" content=\"@DarkaMaziLatini\" \/>\n<meta name=\"twitter:label1\" content=\"Written by\" \/>\n\t<meta name=\"twitter:data1\" content=\"darka mazi\" \/>\n\t<meta name=\"twitter:label2\" content=\"Est. reading time\" \/>\n\t<meta name=\"twitter:data2\" content=\"6 minutes\" \/>\n<script type=\"application\/ld+json\" class=\"seo-schema-graph\">{\"@context\":\"https:\\\/\\\/schema.org\",\"@graph\":[{\"@type\":\"Article\",\"@id\":\"https:\\\/\\\/darkamazi.info\\\/archives\\\/1020929#article\",\"isPartOf\":{\"@id\":\"https:\\\/\\\/darkamazi.info\\\/archives\\\/1020929\"},\"author\":{\"name\":\"darka mazi\",\"@id\":\"https:\\\/\\\/darkamazi.info\\\/#\\\/schema\\\/person\\\/5ad3e24553a0567993fa8ed4bd0a776c\"},\"headline\":\"Pirojeya PKK\u00ea ya dorp\u00ea\u00e7kirina Her\u00eama Kurdistan\u00ea &#8211; Be\u015f\u00ea \u00ab1\u00bb\",\"datePublished\":\"2021-04-15T11:52:56+00:00\",\"dateModified\":\"2021-10-05T10:53:27+00:00\",\"mainEntityOfPage\":{\"@id\":\"https:\\\/\\\/darkamazi.info\\\/archives\\\/1020929\"},\"wordCount\":1554,\"publisher\":{\"@id\":\"https:\\\/\\\/darkamazi.info\\\/#organization\"},\"image\":{\"@id\":\"https:\\\/\\\/darkamazi.info\\\/archives\\\/1020929#primaryimage\"},\"thumbnailUrl\":\"https:\\\/\\\/darkamazi.info\\\/darka-content\\\/uploads\\\/2021\\\/04\\\/PKK-kurdistan-map-ocalan-PART-1.jpg\",\"keywords\":[\"sereke\"],\"articleSection\":[\"Anal\u00eez\"],\"inLanguage\":\"en-US\"},{\"@type\":\"WebPage\",\"@id\":\"https:\\\/\\\/darkamazi.info\\\/archives\\\/1020929\",\"url\":\"https:\\\/\\\/darkamazi.info\\\/archives\\\/1020929\",\"name\":\"Pirojeya PKK\u00ea ya dorp\u00ea\u00e7kirina Her\u00eama Kurdistan\u00ea - Be\u015f\u00ea \u00ab1\u00bb - Darka Maz\u00ee\",\"isPartOf\":{\"@id\":\"https:\\\/\\\/darkamazi.info\\\/#website\"},\"primaryImageOfPage\":{\"@id\":\"https:\\\/\\\/darkamazi.info\\\/archives\\\/1020929#primaryimage\"},\"image\":{\"@id\":\"https:\\\/\\\/darkamazi.info\\\/archives\\\/1020929#primaryimage\"},\"thumbnailUrl\":\"https:\\\/\\\/darkamazi.info\\\/darka-content\\\/uploads\\\/2021\\\/04\\\/PKK-kurdistan-map-ocalan-PART-1.jpg\",\"datePublished\":\"2021-04-15T11:52:56+00:00\",\"dateModified\":\"2021-10-05T10:53:27+00:00\",\"breadcrumb\":{\"@id\":\"https:\\\/\\\/darkamazi.info\\\/archives\\\/1020929#breadcrumb\"},\"inLanguage\":\"en-US\",\"potentialAction\":[{\"@type\":\"ReadAction\",\"target\":[\"https:\\\/\\\/darkamazi.info\\\/archives\\\/1020929\"]}]},{\"@type\":\"ImageObject\",\"inLanguage\":\"en-US\",\"@id\":\"https:\\\/\\\/darkamazi.info\\\/archives\\\/1020929#primaryimage\",\"url\":\"https:\\\/\\\/darkamazi.info\\\/darka-content\\\/uploads\\\/2021\\\/04\\\/PKK-kurdistan-map-ocalan-PART-1.jpg\",\"contentUrl\":\"https:\\\/\\\/darkamazi.info\\\/darka-content\\\/uploads\\\/2021\\\/04\\\/PKK-kurdistan-map-ocalan-PART-1.jpg\",\"width\":900,\"height\":497},{\"@type\":\"BreadcrumbList\",\"@id\":\"https:\\\/\\\/darkamazi.info\\\/archives\\\/1020929#breadcrumb\",\"itemListElement\":[{\"@type\":\"ListItem\",\"position\":1,\"name\":\"Home\",\"item\":\"https:\\\/\\\/darkamazi.info\\\/\"},{\"@type\":\"ListItem\",\"position\":2,\"name\":\"Pirojeya PKK\u00ea ya dorp\u00ea\u00e7kirina Her\u00eama Kurdistan\u00ea &#8211; Be\u015f\u00ea \u00ab1\u00bb\"}]},{\"@type\":\"WebSite\",\"@id\":\"https:\\\/\\\/darkamazi.info\\\/#website\",\"url\":\"https:\\\/\\\/darkamazi.info\\\/\",\"name\":\"Darka Maz\u00ee\",\"description\":\"P\u00eageha Zanyariy\u00ean Nebih\u00eest\u00ee\",\"publisher\":{\"@id\":\"https:\\\/\\\/darkamazi.info\\\/#organization\"},\"potentialAction\":[{\"@type\":\"SearchAction\",\"target\":{\"@type\":\"EntryPoint\",\"urlTemplate\":\"https:\\\/\\\/darkamazi.info\\\/?s={search_term_string}\"},\"query-input\":{\"@type\":\"PropertyValueSpecification\",\"valueRequired\":true,\"valueName\":\"search_term_string\"}}],\"inLanguage\":\"en-US\"},{\"@type\":\"Organization\",\"@id\":\"https:\\\/\\\/darkamazi.info\\\/#organization\",\"name\":\"Darka Maz\u00ee\",\"url\":\"https:\\\/\\\/darkamazi.info\\\/\",\"logo\":{\"@type\":\"ImageObject\",\"inLanguage\":\"en-US\",\"@id\":\"https:\\\/\\\/darkamazi.info\\\/#\\\/schema\\\/logo\\\/image\\\/\",\"url\":\"https:\\\/\\\/darkamazi.info\\\/darka-content\\\/uploads\\\/2017\\\/12\\\/darka-mazi-logo.png\",\"contentUrl\":\"https:\\\/\\\/darkamazi.info\\\/darka-content\\\/uploads\\\/2017\\\/12\\\/darka-mazi-logo.png\",\"width\":151,\"height\":75,\"caption\":\"Darka Maz\u00ee\"},\"image\":{\"@id\":\"https:\\\/\\\/darkamazi.info\\\/#\\\/schema\\\/logo\\\/image\\\/\"},\"sameAs\":[\"https:\\\/\\\/www.facebook.com\\\/DarMaziKurmanci\",\"https:\\\/\\\/x.com\\\/DarkaMaziLatini\",\"https:\\\/\\\/www.instagram.com\\\/darkamazi.kurmanci\\\/\",\"https:\\\/\\\/www.youtube.com\\\/channel\\\/UCa5HkTdmI8U1qCUFuTw8B2g\"]},{\"@type\":\"Person\",\"@id\":\"https:\\\/\\\/darkamazi.info\\\/#\\\/schema\\\/person\\\/5ad3e24553a0567993fa8ed4bd0a776c\",\"name\":\"darka mazi\",\"sameAs\":[\"https:\\\/\\\/darkamazi.info\\\/\"],\"url\":\"https:\\\/\\\/darkamazi.info\\\/archives\\\/author\\\/kurdi\"}]}<\/script>\n<!-- \/ Yoast SEO plugin. -->","seo_head_json":{"title":"Pirojeya PKK\u00ea ya dorp\u00ea\u00e7kirina Her\u00eama Kurdistan\u00ea - Be\u015f\u00ea \u00ab1\u00bb - Darka Maz\u00ee","robots":{"index":"index","follow":"follow","max-snippet":"max-snippet:-1","max-image-preview":"max-image-preview:large","max-video-preview":"max-video-preview:-1"},"canonical":"https:\/\/darkamazi.info\/archives\/1020929","og_locale":"en_US","og_type":"article","og_title":"Pirojeya PKK\u00ea ya dorp\u00ea\u00e7kirina Her\u00eama Kurdistan\u00ea - Be\u015f\u00ea \u00ab1\u00bb - Darka Maz\u00ee","og_description":"[darkamazi_row][darkamazi_column][darkamazi_column_text] Be\u015f\u00ea 1 Dorp\u00ea\u00e7a Yekem: Dorp\u00ea\u00e7a erdn\u00eegar\u00ee; encax Kurd dikare p\u00ea\u015fiya Kurda bigire Pirsgir\u00eaka her\u00ee mezin a civaka Kurd, pirsgir\u00eaka dabe\u015fb\u00fbna navxwey\u00ee ye. Di nav be\u015f\u00ean Kurdistan\u00ea de, di navbera nasnamey\u00ean civak\u00ee \u00fb ol\u00ee \u00fb mezheb\u00ee de \u00fb di gelek mijar\u00ean din de par\u00e7eb\u00fbna civak\u00ee heye. Di d\u00eeroka Kurdistan\u00ea de mirov \u015fop\u00ean van par\u00e7eb\u00fbna dib\u00eene. [&hellip;]","og_url":"https:\/\/darkamazi.info\/archives\/1020929","og_site_name":"Darka Maz\u00ee","article_publisher":"https:\/\/www.facebook.com\/DarMaziKurmanci","article_published_time":"2021-04-15T11:52:56+00:00","article_modified_time":"2021-10-05T10:53:27+00:00","og_image":[{"width":900,"height":497,"url":"https:\/\/darkamazi.info\/file\/2021\/04\/PKK-kurdistan-map-ocalan-PART-1.jpg","type":"image\/jpeg"}],"author":"darka mazi","twitter_card":"summary_large_image","twitter_creator":"@DarkaMaziLatini","twitter_site":"@DarkaMaziLatini","twitter_misc":{"Written by":"darka mazi","Est. reading time":"6 minutes"},"schema":{"@context":"https:\/\/schema.org","@graph":[{"@type":"Article","@id":"https:\/\/darkamazi.info\/archives\/1020929#article","isPartOf":{"@id":"https:\/\/darkamazi.info\/archives\/1020929"},"author":{"name":"darka mazi","@id":"https:\/\/darkamazi.info\/#\/schema\/person\/5ad3e24553a0567993fa8ed4bd0a776c"},"headline":"Pirojeya PKK\u00ea ya dorp\u00ea\u00e7kirina Her\u00eama Kurdistan\u00ea &#8211; Be\u015f\u00ea \u00ab1\u00bb","datePublished":"2021-04-15T11:52:56+00:00","dateModified":"2021-10-05T10:53:27+00:00","mainEntityOfPage":{"@id":"https:\/\/darkamazi.info\/archives\/1020929"},"wordCount":1554,"publisher":{"@id":"https:\/\/darkamazi.info\/#organization"},"image":{"@id":"https:\/\/darkamazi.info\/archives\/1020929#primaryimage"},"thumbnailUrl":"https:\/\/darkamazi.info\/file\/2021\/04\/PKK-kurdistan-map-ocalan-PART-1.jpg","keywords":["sereke"],"articleSection":["Anal\u00eez"],"inLanguage":"en-US"},{"@type":"WebPage","@id":"https:\/\/darkamazi.info\/archives\/1020929","url":"https:\/\/darkamazi.info\/archives\/1020929","name":"Pirojeya PKK\u00ea ya dorp\u00ea\u00e7kirina Her\u00eama Kurdistan\u00ea - Be\u015f\u00ea \u00ab1\u00bb - Darka Maz\u00ee","isPartOf":{"@id":"https:\/\/darkamazi.info\/#website"},"primaryImageOfPage":{"@id":"https:\/\/darkamazi.info\/archives\/1020929#primaryimage"},"image":{"@id":"https:\/\/darkamazi.info\/archives\/1020929#primaryimage"},"thumbnailUrl":"https:\/\/darkamazi.info\/file\/2021\/04\/PKK-kurdistan-map-ocalan-PART-1.jpg","datePublished":"2021-04-15T11:52:56+00:00","dateModified":"2021-10-05T10:53:27+00:00","breadcrumb":{"@id":"https:\/\/darkamazi.info\/archives\/1020929#breadcrumb"},"inLanguage":"en-US","potentialAction":[{"@type":"ReadAction","target":["https:\/\/darkamazi.info\/archives\/1020929"]}]},{"@type":"ImageObject","inLanguage":"en-US","@id":"https:\/\/darkamazi.info\/archives\/1020929#primaryimage","url":"https:\/\/darkamazi.info\/file\/2021\/04\/PKK-kurdistan-map-ocalan-PART-1.jpg","contentUrl":"https:\/\/darkamazi.info\/file\/2021\/04\/PKK-kurdistan-map-ocalan-PART-1.jpg","width":900,"height":497},{"@type":"BreadcrumbList","@id":"https:\/\/darkamazi.info\/archives\/1020929#breadcrumb","itemListElement":[{"@type":"ListItem","position":1,"name":"Home","item":"https:\/\/darkamazi.info\/"},{"@type":"ListItem","position":2,"name":"Pirojeya PKK\u00ea ya dorp\u00ea\u00e7kirina Her\u00eama Kurdistan\u00ea &#8211; Be\u015f\u00ea \u00ab1\u00bb"}]},{"@type":"WebSite","@id":"https:\/\/darkamazi.info\/#website","url":"https:\/\/darkamazi.info\/","name":"Darka Maz\u00ee","description":"P\u00eageha Zanyariy\u00ean Nebih\u00eest\u00ee","publisher":{"@id":"https:\/\/darkamazi.info\/#organization"},"potentialAction":[{"@type":"SearchAction","target":{"@type":"EntryPoint","urlTemplate":"https:\/\/darkamazi.info\/?s={search_term_string}"},"query-input":{"@type":"PropertyValueSpecification","valueRequired":true,"valueName":"search_term_string"}}],"inLanguage":"en-US"},{"@type":"Organization","@id":"https:\/\/darkamazi.info\/#organization","name":"Darka Maz\u00ee","url":"https:\/\/darkamazi.info\/","logo":{"@type":"ImageObject","inLanguage":"en-US","@id":"https:\/\/darkamazi.info\/#\/schema\/logo\/image\/","url":"https:\/\/darkamazi.info\/file\/2017\/12\/darka-mazi-logo.png","contentUrl":"https:\/\/darkamazi.info\/file\/2017\/12\/darka-mazi-logo.png","width":151,"height":75,"caption":"Darka Maz\u00ee"},"image":{"@id":"https:\/\/darkamazi.info\/#\/schema\/logo\/image\/"},"sameAs":["https:\/\/www.facebook.com\/DarMaziKurmanci","https:\/\/x.com\/DarkaMaziLatini","https:\/\/www.instagram.com\/darkamazi.kurmanci\/","https:\/\/www.youtube.com\/channel\/UCa5HkTdmI8U1qCUFuTw8B2g"]},{"@type":"Person","@id":"https:\/\/darkamazi.info\/#\/schema\/person\/5ad3e24553a0567993fa8ed4bd0a776c","name":"darka mazi","sameAs":["https:\/\/darkamazi.info\/"],"url":"https:\/\/darkamazi.info\/archives\/author\/kurdi"}]}},"_links":{"self":[{"href":"https:\/\/darkamazi.info\/funavuv\/wp\/v2\/posts\/1020929","targetHints":{"allow":["GET"]}}],"collection":[{"href":"https:\/\/darkamazi.info\/funavuv\/wp\/v2\/posts"}],"about":[{"href":"https:\/\/darkamazi.info\/funavuv\/wp\/v2\/types\/post"}],"author":[{"embeddable":true,"href":"https:\/\/darkamazi.info\/funavuv\/wp\/v2\/users\/2"}],"replies":[{"embeddable":true,"href":"https:\/\/darkamazi.info\/funavuv\/wp\/v2\/comments?post=1020929"}],"version-history":[{"count":0,"href":"https:\/\/darkamazi.info\/funavuv\/wp\/v2\/posts\/1020929\/revisions"}],"wp:featuredmedia":[{"embeddable":true,"href":"https:\/\/darkamazi.info\/funavuv\/wp\/v2\/media\/1020982"}],"wp:attachment":[{"href":"https:\/\/darkamazi.info\/funavuv\/wp\/v2\/media?parent=1020929"}],"wp:term":[{"taxonomy":"category","embeddable":true,"href":"https:\/\/darkamazi.info\/funavuv\/wp\/v2\/categories?post=1020929"},{"taxonomy":"post_tag","embeddable":true,"href":"https:\/\/darkamazi.info\/funavuv\/wp\/v2\/tags?post=1020929"}],"curies":[{"name":"wp","href":"https:\/\/api.w.org\/{rel}","templated":true}]}}