{"id":1020965,"date":"2021-04-17T15:19:43","date_gmt":"2021-04-17T12:19:43","guid":{"rendered":"https:\/\/darkamazi.info\/?p=1020965"},"modified":"2021-10-05T13:53:59","modified_gmt":"2021-10-05T10:53:59","slug":"projeya-pkke-ya-dorpeckirina-basure-kurdistane-bese-2","status":"publish","type":"post","link":"https:\/\/darkamazi.info\/archives\/1020965","title":{"rendered":"Pirojeya PKK\u00ea ya dorp\u00ea\u00e7kirina Ba\u015f\u00fbr\u00ea Kurdistan\u00ea &#8211; Be\u015f\u00ea \u00ab2\u00bb"},"content":{"rendered":"<div class=\"wpb-content-wrapper\"><p>[darkamazi_row][darkamazi_column][darkamazi_column_text]<\/p>\n<ul>\n<li>\n<h3><span style=\"font-family: 'arial black', sans-serif;color: #3366ff\">Be\u015f\u00ea-2<\/span><\/h3>\n<\/li>\n<\/ul>\n<h1 style=\"text-align: center\"><span style=\"font-family: 'arial black', sans-serif;color: #8c0808\">Dorp\u00ea\u00e7a duyem\u00een; ajan, ajan\u00ean civak\u00ee, \u00fb man\u00eepulasyon<\/span><\/h1>\n<h3 style=\"text-align: justify\">Pi\u015ft\u00ee ku PKK li dever\u00ean wek\u00ee Kerk\u00fbk, \u015eingal, Mexm\u00fbr \u00fb hwd&#8230; ji h\u00eala cugraf\u00ee ve Ba\u015f\u00fbr\u00ea Kurdistan\u00ea dorp\u00ea\u00e7 kir\u00ee, armanc ew b\u00fb ku ji hundir de bikeve hin noqteyan \u00fb \u00e7end deveran bixe dest xwe. PKK \u00ea p\u00eavajoya Da\u00ee\u015f \u00ea, \u015eingal \u00fb pi\u015ftre dema \u00ear\u00ee\u015f li ser Kurda \u00e7\u00eadib\u00fbn ji xwere ba\u015f bikar an\u00een. \u015e\u00eawaz\u00ea r\u00eaveberiya ba\u015f\u00fbr\u00ea Kurdistan\u00ea destgirtina mijara PKK \u00ea \u00e7ewt b\u00fb \u00fb nikarib\u00fb armanca PKK \u00ea rast bixw\u00eene. Li gor\u00ee r\u00eaveberiya Ba\u015f\u00fbr\u00ea Kurdistan\u00ea, PKK j\u00ee part\u00eeyeke Kurd b\u00fb, dema ku wext hat, ew\u00ea veki\u015fe. Ev n\u00ear\u00eena k\u00eam, b\u00fbye sedem ku PKK li bajaran de xwe ji n\u00fb ve ava bike. Ev p\u00eakhate ne siyas\u00ee b\u00fbn p\u00eakhatey\u00ean ajan b\u00fbn.<\/h3>\n<h1 style=\"text-align: center\"><span style=\"color: #8c0808;font-family: 'arial black', sans-serif\">Di nava gel\u00ea Ba\u015f\u00fbr de PKK \u00e7\u00ee ye?<\/span><\/h1>\n<h3 style=\"text-align: justify\">PKK \u00ea bi taybet\u00ee pi\u015ft\u00ee 2004an, dema ku Her\u00eama Kurdistan\u00ea federasyon ferm\u00ee b\u00fb, bi vekirina gelek saziyan xwest xwe li bajara r\u00eaxistin bike. L\u00ea bel\u00ea ev hewl\u00ean PKK di nava gel\u00ea ba\u015f\u00fbr de b\u00ea bersiva s\u00eeyas\u00ee ma. D\u00eesa j\u00ee di bin nav\u00ea PKK P\u00c7DK de, part\u00ee, tevgera jinan, tevgera ciwanan \u00fb xebat\u00ea ragehandin\u00ee hatin me\u015fandin. L\u00ea, PKK \u00ea pi\u015ft\u00ee 2013 an stratej\u00eeya xwe li dij\u00ee Ba\u015f\u00fbr\u00ea Kurdistan\u00ea guherand. Ew \u015fer\u00ea \u201cji bo xwe c\u00eeh vekirin\u00ea\u201d y\u00ea ku nekar\u00ee b\u00fb bi Tirkiy\u00ea re bime\u015f\u00eene ev car li Ba\u015f\u00fbr\u00ea Kurdistan\u00ea \u00fb Iraq\u00ea dest bi \u015fer\u00ea ji xwe\u00a0 re c\u00ee \u00e7\u00eakirin\u00ea, kir. Ji bo v\u00ea armanca xwe PKK \u00ea du faktor\u00ean gir\u00eeng bikar an\u00een.<\/h3>\n<h3 style=\"text-align: justify\">Ya yekem, PKK \u00ea nakok\u00eey\u00ean di navbera desthilata Iraq\u00ea ya \u015e\u00eea \u00fb Hik\u00fbmeta Her\u00eama Kurdistan\u00ea de hey\u00ee weke derfet bikar an\u00ee \u00fb ligel \u015e\u00eea tevger\u00eeya. Ji ber v\u00ea yek\u00ea, ew b\u00fb dar\u00ea di dest\u00ea Hik\u00fbmeta Iraq\u00ea de \u00fb li dij\u00ee Hewl\u00ear\u00ea bikar an\u00ee. D\u00ea ne xelet be ku mirov bib\u00eaje helwesta zor\u00ea ya Hik\u00fbmeta Iraq\u00ea ya dij\u00ee Hik\u00fbmeta Kurdistan\u00ea ji sala 2013 an \u00fb vir ve bi pi\u015ftgiriya PKK \u00ea t\u00ea r\u00eavebirin. Mijara me ne ewe ku em tifaqa di navbera PKK \u00ea \u00fb \u015e\u00eea de l\u00eakol\u00een bikin. L\u00ea bi kurt\u00ee, em dizanin ku PKK \u00ea ji bo dorp\u00ea\u00e7 kirina\u00a0 Her\u00eama Kurdistan\u00ea \u00fb xwe c\u00ee kirina Hewl\u00ear\u00ea de, Bexda \u00fb Tehran girt gel xwe \u00fb\u00a0 ji xwere kirin palpi\u015ft.<\/h3>\n<h3 style=\"text-align: justify\">Xala duyem\u00een ev e ku PKK li ser partiy\u00ean Ba\u015f\u00fbr de dil\u00eeze. Ji xwe PKK \u00ea pir k\u00eam layengir hene. Di dawiya 40 salan de, hejmara kes\u00ean ku d\u00ea bib\u00eajin ez pi\u015ftgiriy\u00ea didim PKK\u00ea li Ba\u015f\u00fbr hejmara wa bi deha t\u00ea behskirin. Girseya ku PKK di \u00e7alakiy\u00ean xwe y\u00ean li Ba\u015f\u00fbr de bikar t\u00eene hem\u00fb endam \u00fb karmend\u00ean partiy\u00ean din in. Ango; xebatkar\u00ean YNK \u00ea, Yekgirt\u00fb, Goran, Newey Nu \u00fb \u00e7end partiy\u00ean din in. Ji ber ku YNK \u00fb PKK tifaqek stratej\u00eek kirine, YNK dest\u00fbr daye ku PKK girseya YNK \u00ea ji xwere bi taybet\u00ee di xwep\u00ea\u015fandana de bikar b\u00eene. PKK bi karan\u00eena v\u00ea girsey\u00ea hewl dide ku ji xwere girseyek n\u00fb bi dest bixe. Ew kes\u00ean ku dib\u00eajin Ba\u015f\u00fbr silav dide Ocelan, gel\u00ea Ba\u015f\u00fbr ji bo Ocelan \u00eemze kom dike \u00fb hwd\u2026 yek ji vana \u00e7i kes ne PKK ye. PKK ji van part\u00eeya re dib\u00eaje h\u00fbn \u00ear\u00ee\u015f bikin em\u00ea p\u00ea\u015f\u00eeya we kevin. Di hav\u00eena sala 2020 an de, PKK yekem car ev tekt\u00eek li Zaxo, Heleb\u00e7e \u00fb Sil\u00eaman\u00ee ceriband. Armanca her\u00ee daw\u00een a PKK \u00ea ewe ku darbeyek li dij\u00ee Hik\u00fbmeta Her\u00eama Kurdistan\u00ea bi hevkariya van part\u00eeya, bike. Dema ku PKKe nikarib\u00fb v\u00ea yek\u00ea bike \u00fb Hewl\u00ear\u00ea bigire, h\u00eeng\u00ea ev yeke got \u201can ya min\u00ee an j\u00ee ya axa re\u015f\u201d. PKKe hewil dide nakok\u00eey\u00ean di navbera her\u00eaman de k\u00fbr bike, statoya ferm\u00ee ya Her\u00eama Kurdistan\u00ea daw\u00ee bike \u00fb her\u00eam bibe du be\u015f\u00ean \u00eedar\u00ee y\u00ean c\u00fbda. PKK ji bo xwe bigeh\u00eene v\u00ea armanc\u00ea \u00fb stratej\u00eeya xwe a dij\u00ee Her\u00eam\u00ea ekt\u00eev bike, dest bi r\u00eaxistin kirina tora s\u00eexur\u00ee kir\u00ee ye.<\/h3>\n<h1 style=\"text-align: center\"><span style=\"font-family: 'arial black', sans-serif;color: #8c0808\">\u00c7alakiy\u00ean s\u00eexuriy\u00ea y\u00ean PKK \u00ea li Ba\u015f\u00fbr\u00ea Kurdistan\u00ea<\/span><\/h1>\n<h3 style=\"text-align: justify\">Hewldan\u00ean PKK \u00ea ji bo damezrandina tora s\u00eexur\u00ee li Ba\u015f\u00fbr\u00ea Kurdistan\u00ea bi gelek awayan t\u00eane me\u015fandin. Yek ji wan h\u00eaz\u00ean ku v\u00ee kar\u00ee dike, r\u00eaxistina gir\u00eaday\u00ee Cemil Bay\u0131k a bi nav\u00ea NLP ye. Y\u00ean din yek\u00eeney\u00ean \u00eest\u00eexbarata H\u00eaz\u00ean Taybet \u00fb HPG y\u00ean gir\u00eaday\u00ee Mirad Qereyilan in. Endam\u00ean van yek\u00eeney\u00ean s\u00eexur\u00ee heya b\u00fbyera Hoqqabaz j\u00ee li xwaringeh \u00fb kafey\u00ean Hewl\u00ear\u00ea encam da. PKK ji bo ku li Ba\u015f\u00fbr r\u00eaxistinek s\u00eexur\u00ee \u00e7\u00eabike bi cesaret \u00fb destvekir\u00ee tevgeriya.<\/h3>\n<h3 style=\"text-align: justify\">L\u00eabel\u00ea, r\u00eaxistin\u00ean \u00eestixbarat\u00ee y\u00ean PKK \u00ea kar\u00een pir k\u00eam di nav gel\u00ea Ba\u015f\u00fbr\u00ea Kurdistan\u00ea de xwe bi r\u00eaxistin bikin. Ji bo v\u00ea yek\u00ea, wan tevn\u00ean xwe y\u00ean sereke li ser kes\u00ean Bakur\u00ee \u00fb Mexm\u00fbr\u00ee \u00fb qismek j\u00ee li ser ko\u00e7ber\u00ean Rojava, ava kirin. Wan ew kes\u00ean ku digotin ji ber doza KCK \u00ea hatine Ba\u015f\u00fbr, ji wan kesan re Kafe, Xwaringeh, Firo\u015fgeh \u00fb \u015fer\u00eek\u00ean avakirin\u00ea vekirin. Komeleya karsaz\u00ean li Ba\u015f\u00fbr \u00fb hwd&#8230; Wan ev kesene wek\u00ee karmend di r\u00eaxistin\u00ean siv\u00eel de bi c\u00ee kirin.<\/h3>\n<h3 style=\"text-align: justify\">PKK ji bo ku xebata xwe ya li hember van mirov\u00ean Bakur\u00ee bi h\u00easan\u00ee bime\u015f\u00eene of\u00eesa HDP \u00ea ya Hewler bikar an\u00ee. Of\u00eesa HDP&#8217;\u00ea ya Hewl\u00ear\u00ea ji h\u00eala qadroy\u00ean PKK ve t\u00ea r\u00eavebirin. Her \u00e7end weke berdevk mirov\u00ean meden\u00ee hatibin erkdarkirin j\u00ee, bi rast\u00ee Of\u00eesa HDP \u00ea ya Hewl\u00ear\u00ea bi Qend\u00eel\u00ea t\u00ea me\u015fandin \u00fb gir\u00eaday\u00ee PKK ye, ne bi HDP a Enqere an Amed\u00ea ve gir\u00eaday\u00ee ye. Niha j\u00ee, n\u00fbner\u00ea HDP \u00ea Hewl\u00ear\u00ea, xebatkarek\u00ee xwed\u00ee xizmeteke 30 sale di nava PKK\u00ea de bi nav\u00ea H. E. Of\u00eesa HDP saziyeke ku ji bo \u00eestixbarata PKK endama peyda dike. Ciwan\u00ean ku t\u00ean ji bo ku avahiya \u00e7\u00eabikin li Hewl\u00ear \u00fb Duhok t\u00eane wez\u00eefedarkirin. M\u00eenak, weke garson li xwaringehan t\u00eane c\u00eekirin ew ajan\u00ean PKK \u00ea ne, am\u00fbrek guhdar\u00eekirin\u00ea ya bi nav\u00ea k\u00eazik dat\u00eenin bin masey\u00ean xwaringehan ku ew guhdar\u00ee axaftin\u00ean berpirsa bikin \u00fb ji bo PKK \u00ea bi\u015f\u00eenin. M\u00eenak, Mehmet Da\u011f, y\u00ea ku provakasyona ku s\u00ea kes di xwaringeha Hoqqebaz de mirin kir\u00ee, ew j\u00ee li xwaringeh \u00fb kef\u00eaya dixebit\u00ee.<\/h3>\n<h3 style=\"text-align: justify\">Qadroy\u00ean PKK- \u00ea bi xwe j\u00ee rasterast t\u00eane wez\u00eefedarkirin \u00fb xebat\u00ean bi v\u00ee reng\u00ee dikin. Saziy\u00ean PKK \u00ea y\u00ean Ba\u015f\u00fbr qadroy\u00ean \u00e7apemen\u00ee, ciwan \u00fb xebat\u00ean jinan de t\u00eane bikar an\u00een heman ti\u015ft\u00ee dikin. N\u00fbner\u00ean KNK y\u00ean Ba\u015f\u00fbr kadir\u00ean PKK y\u00ean 30 sala ne. PKK \u00ea tu car\u00ee saziy\u00ean xwe radest\u00ee raya gi\u015ft\u00ee nekir \u00fb qadroy\u00ean xwe dan\u00een da ku \u00e7avd\u00eariya xwe bikin. Saziy\u00ean medyay\u00ee y\u00ean PKK \u00ea li Ba\u015f\u00fbr yek ji wargeh\u00ean sereke y\u00ean xabata s\u00eexur\u00ee l\u00ea t\u00ea me\u015fandin e. \u00c7i di bin nav\u00ea Ronah\u00ee an St\u00eark TV an Tevda pir\u00eas de bin, ew ten\u00ea wek\u00ee xala \u00eestixbarata PKK \u00ea t\u00eane bikar an\u00een.<\/h3>\n<h3 style=\"text-align: justify\">PKK dervey\u00ee xwe rojnameger\u00ean din j\u00ee wek\u00ee ajan bikar t\u00eene. M\u00eenak, s\u00eexur\u00ean PKK \u00ea, ji h\u00eala h\u00eaz\u00ean ewlekariya Hik\u00fbmeta Her\u00eama Kurdistan\u00ea ve hate e\u015fkere kirin ku PKK 5 kes\u00ean bi nav\u00ea \u015e\u00earwan Em\u00een (\u015e\u00earwan \u015e\u00earwan\u00ee), Har\u00eewan Isa Muhammed, Guhdar Muhammed Em\u00een Ebdulmac\u00eed, Eyaz Kerem Re\u015f\u00eed \u00fb \u015eivan Said Omer wek\u00ee ajan bikar an\u00ee, \u00fb v\u00eedyoy\u00ean \u00eet\u00eeraf\u00ean wan ji bo raya gi\u015ft\u00ee hatin we\u015fandin. PKK \u00ea j\u00ee beramber\u00ee v\u00ea di Adar\u00ea de li St\u00eark TV y\u00ea bernameyek we\u015fand \u00fb gelek gundiy\u00ean Qend\u00eel\u00ea bi zor\u00ee weke s\u00eexur dan nasandin. PKK, bi taybet\u00ee di v\u00ea dema daw\u00ee de hem\u00fb gel\u00ea Ba\u015f\u00fbr\u00ea Kurdistan\u00ea, wek\u00ee ku s\u00eexur\u00ean dewleta Tirkiy\u00ea ne destn\u00ee\u015fan dike.<\/h3>\n<h3 style=\"text-align: justify\">L\u00eabel\u00ea, n\u00ear\u00eena hevpar a hema hema hem\u00ee kes\u00ean ku ji siyaseta f\u00eahim dikin ewe\u00a0 ku hema hema hem\u00ee ajan\u00ean Tirkiy\u00ea, \u00ean li Ba\u015f\u00fbr\u00ea Kurdistan\u00ea ne xelk\u00ea\u00a0 Bakur\u00ea Kurdistan\u00ea ne \u00fb bi n\u00eaz\u00eek ve bi PKK \u00ea ve gir\u00eaday\u00ee ne. Ango y\u00ean t\u00eakildar\u00ee PKK \u00ea ne.<\/h3>\n<h3 style=\"text-align: justify\">Tesp\u00eet\u00ean van kes\u00ean pispor bi piran\u00ee rast in. Ango, girseya Bakur a li Ba\u015f\u00fbr\u00ea Kurdistan\u00ea dij\u00ee, aliyek\u00ea PKK ber xwe ve dik\u015f\u00eene, al\u00eey\u00ea din j\u00ee dewleta tirk wana ber bi xwe ve dik\u015f\u00eene da ku wan mirova bike s\u00eexur\u00ea xwe. Xebat\u00ea s\u00eexur\u00ee liser v\u00ea girseya bak\u00fbr t\u00ea r\u00eaxistin kirin.<\/h3>\n<h3 style=\"text-align: justify\">Ger em Bi zelal\u00ee bib\u00eaj\u00een; y\u00ea ku her kes\u00ea wek\u00ee ajan tawanbar dike PKK ye \u00fb y\u00ea ku her\u00ee z\u00eade s\u00eexuriy\u00ea r\u00eaxistin dike j\u00ee her PKK bi xwe ye. Ger Ba\u015f\u00fbr\u00ea Kurdistan\u00ea dixwaze nefesek\u00ea bist\u00eene, div\u00ea ewil car ajan\u00ean PKK \u00ea y\u00ean ku ketine medya, c\u00eehana karsaz\u00ee, kaf\u00ea, xwaringeh, nexwe\u015fxane \u00fb n\u00eezama gi\u015ft\u00ee de ji nava xwe paqij bike. Ji ber ku PKK, pergala \u00eedar\u00ee p\u00fb\u00e7 dike, diriz\u00eene \u00fb mecal\u00ee ji bo b\u00fbyer\u00ean provakat\u00eef ava dike.<\/h3>\n<p>[\/darkamazi_column_text][\/darkamazi_column][\/darkamazi_row][darkamazi_row css=&#8221;.darkamazi_custom_1623766742117{padding-bottom: 10px !important;}&#8221;][darkamazi_column][mpc_alert preset=&#8221;mpc_preset_24&#8243; icon=&#8221;eti eti_link&#8221; icon_color=&#8221;#ffffff&#8221; icon_size=&#8221;30&#8243; icon_background_color=&#8221;#df5461&#8243; icon_padding_divider=&#8221;true&#8221; icon_padding_css=&#8221;padding-top:25px;padding-right:25px;padding-bottom:25px;padding-left:25px;&#8221; font_preset=&#8221;mpc_preset_13&#8243; font_color=&#8221;#ffffff&#8221; font_size=&#8221;20&#8243; font_transform=&#8221;none&#8221; font_align=&#8221;center&#8221; content_padding_divider=&#8221;true&#8221; content_padding_css=&#8221;padding-top:10px;padding-right:15px;padding-bottom:0px;padding-left:15px;&#8221; background_type=&#8221;gradient&#8221; background_gradient=&#8221;#d14945||#e5825e||0;100||90||linear&#8221; border_divider=&#8221;true&#8221; border_css=&#8221;border-top:0px;border-right:0px;border-bottom:3px;border-left:0px;border-color:#bc3a5d;border-style:solid;border-radius:5px;&#8221; padding_divider=&#8221;true&#8221; margin_divider=&#8221;true&#8221;]<\/p>\n<h1 style=\"direction: ltr;text-align: center\"><span style=\"font-size: 18pt\"><a href=\"https:\/\/darkamazi.info\/archives\/1020929\"><span style=\"font-family: 'arial black', sans-serif;color: #ffffff\">Ji bo d\u00eetina be\u015f\u00ea 1 kil\u00eek bike<\/span><\/a><\/span><\/h1>\n<p>[\/mpc_alert][\/darkamazi_column][\/darkamazi_row][darkamazi_row css=&#8221;.darkamazi_custom_1623766746861{padding-bottom: 10px !important;}&#8221;][darkamazi_column][mpc_alert preset=&#8221;mpc_preset_24&#8243; icon=&#8221;eti eti_link&#8221; icon_color=&#8221;#ffffff&#8221; icon_size=&#8221;30&#8243; icon_background_color=&#8221;#df5461&#8243; icon_padding_divider=&#8221;true&#8221; icon_padding_css=&#8221;padding-top:25px;padding-right:25px;padding-bottom:25px;padding-left:25px;&#8221; font_preset=&#8221;mpc_preset_13&#8243; font_color=&#8221;#ffffff&#8221; font_size=&#8221;20&#8243; font_transform=&#8221;none&#8221; font_align=&#8221;center&#8221; content_padding_divider=&#8221;true&#8221; content_padding_css=&#8221;padding-top:10px;padding-right:15px;padding-bottom:0px;padding-left:15px;&#8221; background_type=&#8221;gradient&#8221; background_gradient=&#8221;#d14945||#e5825e||0;100||90||linear&#8221; border_divider=&#8221;true&#8221; border_css=&#8221;border-top:0px;border-right:0px;border-bottom:3px;border-left:0px;border-color:#bc3a5d;border-style:solid;border-radius:5px;&#8221; padding_divider=&#8221;true&#8221; margin_divider=&#8221;true&#8221;]<\/p>\n<h1 style=\"direction: ltr;text-align: center\"><span style=\"font-size: 18pt\"><a href=\"https:\/\/darkamazi.info\/archives\/1021170\"><span style=\"font-family: 'arial black', sans-serif;color: #ffffff\">Ji bo d\u00eetina be\u015f\u00ea 3 kil\u00eek bike<\/span><\/a><\/span><\/h1>\n<p>[\/mpc_alert][\/darkamazi_column][\/darkamazi_row]<\/p>\n<\/div>","protected":false},"excerpt":{"rendered":"<p>[darkamazi_row][darkamazi_column][darkamazi_column_text] Be\u015f\u00ea-2 Dorp\u00ea\u00e7a duyem\u00een; ajan, ajan\u00ean civak\u00ee, \u00fb man\u00eepulasyon Pi\u015ft\u00ee ku PKK li dever\u00ean wek\u00ee Kerk\u00fbk, \u015eingal, Mexm\u00fbr \u00fb hwd&#8230; ji h\u00eala cugraf\u00ee ve Ba\u015f\u00fbr\u00ea Kurdistan\u00ea dorp\u00ea\u00e7 kir\u00ee, armanc ew b\u00fb ku ji hundir de bikeve hin noqteyan \u00fb \u00e7end deveran bixe dest xwe. PKK \u00ea p\u00eavajoya Da\u00ee\u015f \u00ea, \u015eingal \u00fb pi\u015ftre dema \u00ear\u00ee\u015f li [&hellip;]<\/p>\n","protected":false},"author":2,"featured_media":1020974,"comment_status":"closed","ping_status":"closed","sticky":false,"template":"","format":"standard","meta":{"footnotes":""},"categories":[68],"tags":[37],"class_list":["post-1020965","post","type-post","status-publish","format-standard","has-post-thumbnail","hentry","category-analiz","tag-sereke"],"blocksy_meta":[],"seo_head":"<!-- This site is optimized with the Yoast SEO plugin v27.5 - https:\/\/yoast.com\/product\/yoast-seo-wordpress\/ -->\n<title>Pirojeya PKK\u00ea ya dorp\u00ea\u00e7kirina Ba\u015f\u00fbr\u00ea Kurdistan\u00ea - Be\u015f\u00ea \u00ab2\u00bb - Darka Maz\u00ee<\/title>\n<meta name=\"robots\" content=\"index, follow, max-snippet:-1, max-image-preview:large, max-video-preview:-1\" \/>\n<link rel=\"canonical\" href=\"https:\/\/darkamazi.info\/archives\/1020965\" \/>\n<meta property=\"og:locale\" content=\"en_US\" \/>\n<meta property=\"og:type\" content=\"article\" \/>\n<meta property=\"og:title\" content=\"Pirojeya PKK\u00ea ya dorp\u00ea\u00e7kirina Ba\u015f\u00fbr\u00ea Kurdistan\u00ea - Be\u015f\u00ea \u00ab2\u00bb - Darka Maz\u00ee\" \/>\n<meta property=\"og:description\" content=\"[darkamazi_row][darkamazi_column][darkamazi_column_text] Be\u015f\u00ea-2 Dorp\u00ea\u00e7a duyem\u00een; ajan, ajan\u00ean civak\u00ee, \u00fb man\u00eepulasyon Pi\u015ft\u00ee ku PKK li dever\u00ean wek\u00ee Kerk\u00fbk, \u015eingal, Mexm\u00fbr \u00fb hwd&#8230; ji h\u00eala cugraf\u00ee ve Ba\u015f\u00fbr\u00ea Kurdistan\u00ea dorp\u00ea\u00e7 kir\u00ee, armanc ew b\u00fb ku ji hundir de bikeve hin noqteyan \u00fb \u00e7end deveran bixe dest xwe. PKK \u00ea p\u00eavajoya Da\u00ee\u015f \u00ea, \u015eingal \u00fb pi\u015ftre dema \u00ear\u00ee\u015f li [&hellip;]\" \/>\n<meta property=\"og:url\" content=\"https:\/\/darkamazi.info\/archives\/1020965\" \/>\n<meta property=\"og:site_name\" content=\"Darka Maz\u00ee\" \/>\n<meta property=\"article:publisher\" content=\"https:\/\/www.facebook.com\/DarMaziKurmanci\" \/>\n<meta property=\"article:published_time\" content=\"2021-04-17T12:19:43+00:00\" \/>\n<meta property=\"article:modified_time\" content=\"2021-10-05T10:53:59+00:00\" \/>\n<meta property=\"og:image\" content=\"https:\/\/darkamazi.info\/file\/2021\/04\/PKK-kurdistan-map-ocalan-PART-2.jpg\" \/>\n\t<meta property=\"og:image:width\" content=\"900\" \/>\n\t<meta property=\"og:image:height\" content=\"497\" \/>\n\t<meta property=\"og:image:type\" content=\"image\/jpeg\" \/>\n<meta name=\"author\" content=\"darka mazi\" \/>\n<meta name=\"twitter:card\" content=\"summary_large_image\" \/>\n<meta name=\"twitter:creator\" content=\"@DarkaMaziLatini\" \/>\n<meta name=\"twitter:site\" content=\"@DarkaMaziLatini\" \/>\n<meta name=\"twitter:label1\" content=\"Written by\" \/>\n\t<meta name=\"twitter:data1\" content=\"darka mazi\" \/>\n\t<meta name=\"twitter:label2\" content=\"Est. reading time\" \/>\n\t<meta name=\"twitter:data2\" content=\"7 minutes\" \/>\n<script type=\"application\/ld+json\" class=\"seo-schema-graph\">{\"@context\":\"https:\\\/\\\/schema.org\",\"@graph\":[{\"@type\":\"Article\",\"@id\":\"https:\\\/\\\/darkamazi.info\\\/archives\\\/1020965#article\",\"isPartOf\":{\"@id\":\"https:\\\/\\\/darkamazi.info\\\/archives\\\/1020965\"},\"author\":{\"name\":\"darka mazi\",\"@id\":\"https:\\\/\\\/darkamazi.info\\\/#\\\/schema\\\/person\\\/5ad3e24553a0567993fa8ed4bd0a776c\"},\"headline\":\"Pirojeya PKK\u00ea ya dorp\u00ea\u00e7kirina Ba\u015f\u00fbr\u00ea Kurdistan\u00ea &#8211; Be\u015f\u00ea \u00ab2\u00bb\",\"datePublished\":\"2021-04-17T12:19:43+00:00\",\"dateModified\":\"2021-10-05T10:53:59+00:00\",\"mainEntityOfPage\":{\"@id\":\"https:\\\/\\\/darkamazi.info\\\/archives\\\/1020965\"},\"wordCount\":1836,\"publisher\":{\"@id\":\"https:\\\/\\\/darkamazi.info\\\/#organization\"},\"image\":{\"@id\":\"https:\\\/\\\/darkamazi.info\\\/archives\\\/1020965#primaryimage\"},\"thumbnailUrl\":\"https:\\\/\\\/darkamazi.info\\\/darka-content\\\/uploads\\\/2021\\\/04\\\/PKK-kurdistan-map-ocalan-PART-2.jpg\",\"keywords\":[\"sereke\"],\"articleSection\":[\"Anal\u00eez\"],\"inLanguage\":\"en-US\"},{\"@type\":\"WebPage\",\"@id\":\"https:\\\/\\\/darkamazi.info\\\/archives\\\/1020965\",\"url\":\"https:\\\/\\\/darkamazi.info\\\/archives\\\/1020965\",\"name\":\"Pirojeya PKK\u00ea ya dorp\u00ea\u00e7kirina Ba\u015f\u00fbr\u00ea Kurdistan\u00ea - Be\u015f\u00ea \u00ab2\u00bb - Darka Maz\u00ee\",\"isPartOf\":{\"@id\":\"https:\\\/\\\/darkamazi.info\\\/#website\"},\"primaryImageOfPage\":{\"@id\":\"https:\\\/\\\/darkamazi.info\\\/archives\\\/1020965#primaryimage\"},\"image\":{\"@id\":\"https:\\\/\\\/darkamazi.info\\\/archives\\\/1020965#primaryimage\"},\"thumbnailUrl\":\"https:\\\/\\\/darkamazi.info\\\/darka-content\\\/uploads\\\/2021\\\/04\\\/PKK-kurdistan-map-ocalan-PART-2.jpg\",\"datePublished\":\"2021-04-17T12:19:43+00:00\",\"dateModified\":\"2021-10-05T10:53:59+00:00\",\"breadcrumb\":{\"@id\":\"https:\\\/\\\/darkamazi.info\\\/archives\\\/1020965#breadcrumb\"},\"inLanguage\":\"en-US\",\"potentialAction\":[{\"@type\":\"ReadAction\",\"target\":[\"https:\\\/\\\/darkamazi.info\\\/archives\\\/1020965\"]}]},{\"@type\":\"ImageObject\",\"inLanguage\":\"en-US\",\"@id\":\"https:\\\/\\\/darkamazi.info\\\/archives\\\/1020965#primaryimage\",\"url\":\"https:\\\/\\\/darkamazi.info\\\/darka-content\\\/uploads\\\/2021\\\/04\\\/PKK-kurdistan-map-ocalan-PART-2.jpg\",\"contentUrl\":\"https:\\\/\\\/darkamazi.info\\\/darka-content\\\/uploads\\\/2021\\\/04\\\/PKK-kurdistan-map-ocalan-PART-2.jpg\",\"width\":900,\"height\":497},{\"@type\":\"BreadcrumbList\",\"@id\":\"https:\\\/\\\/darkamazi.info\\\/archives\\\/1020965#breadcrumb\",\"itemListElement\":[{\"@type\":\"ListItem\",\"position\":1,\"name\":\"Home\",\"item\":\"https:\\\/\\\/darkamazi.info\\\/\"},{\"@type\":\"ListItem\",\"position\":2,\"name\":\"Pirojeya PKK\u00ea ya dorp\u00ea\u00e7kirina Ba\u015f\u00fbr\u00ea Kurdistan\u00ea &#8211; Be\u015f\u00ea \u00ab2\u00bb\"}]},{\"@type\":\"WebSite\",\"@id\":\"https:\\\/\\\/darkamazi.info\\\/#website\",\"url\":\"https:\\\/\\\/darkamazi.info\\\/\",\"name\":\"Darka Maz\u00ee\",\"description\":\"P\u00eageha Zanyariy\u00ean Nebih\u00eest\u00ee\",\"publisher\":{\"@id\":\"https:\\\/\\\/darkamazi.info\\\/#organization\"},\"potentialAction\":[{\"@type\":\"SearchAction\",\"target\":{\"@type\":\"EntryPoint\",\"urlTemplate\":\"https:\\\/\\\/darkamazi.info\\\/?s={search_term_string}\"},\"query-input\":{\"@type\":\"PropertyValueSpecification\",\"valueRequired\":true,\"valueName\":\"search_term_string\"}}],\"inLanguage\":\"en-US\"},{\"@type\":\"Organization\",\"@id\":\"https:\\\/\\\/darkamazi.info\\\/#organization\",\"name\":\"Darka Maz\u00ee\",\"url\":\"https:\\\/\\\/darkamazi.info\\\/\",\"logo\":{\"@type\":\"ImageObject\",\"inLanguage\":\"en-US\",\"@id\":\"https:\\\/\\\/darkamazi.info\\\/#\\\/schema\\\/logo\\\/image\\\/\",\"url\":\"https:\\\/\\\/darkamazi.info\\\/darka-content\\\/uploads\\\/2017\\\/12\\\/darka-mazi-logo.png\",\"contentUrl\":\"https:\\\/\\\/darkamazi.info\\\/darka-content\\\/uploads\\\/2017\\\/12\\\/darka-mazi-logo.png\",\"width\":151,\"height\":75,\"caption\":\"Darka Maz\u00ee\"},\"image\":{\"@id\":\"https:\\\/\\\/darkamazi.info\\\/#\\\/schema\\\/logo\\\/image\\\/\"},\"sameAs\":[\"https:\\\/\\\/www.facebook.com\\\/DarMaziKurmanci\",\"https:\\\/\\\/x.com\\\/DarkaMaziLatini\",\"https:\\\/\\\/www.instagram.com\\\/darkamazi.kurmanci\\\/\",\"https:\\\/\\\/www.youtube.com\\\/channel\\\/UCa5HkTdmI8U1qCUFuTw8B2g\"]},{\"@type\":\"Person\",\"@id\":\"https:\\\/\\\/darkamazi.info\\\/#\\\/schema\\\/person\\\/5ad3e24553a0567993fa8ed4bd0a776c\",\"name\":\"darka mazi\",\"sameAs\":[\"https:\\\/\\\/darkamazi.info\\\/\"],\"url\":\"https:\\\/\\\/darkamazi.info\\\/archives\\\/author\\\/kurdi\"}]}<\/script>\n<!-- \/ Yoast SEO plugin. -->","seo_head_json":{"title":"Pirojeya PKK\u00ea ya dorp\u00ea\u00e7kirina Ba\u015f\u00fbr\u00ea Kurdistan\u00ea - Be\u015f\u00ea \u00ab2\u00bb - Darka Maz\u00ee","robots":{"index":"index","follow":"follow","max-snippet":"max-snippet:-1","max-image-preview":"max-image-preview:large","max-video-preview":"max-video-preview:-1"},"canonical":"https:\/\/darkamazi.info\/archives\/1020965","og_locale":"en_US","og_type":"article","og_title":"Pirojeya PKK\u00ea ya dorp\u00ea\u00e7kirina Ba\u015f\u00fbr\u00ea Kurdistan\u00ea - Be\u015f\u00ea \u00ab2\u00bb - Darka Maz\u00ee","og_description":"[darkamazi_row][darkamazi_column][darkamazi_column_text] Be\u015f\u00ea-2 Dorp\u00ea\u00e7a duyem\u00een; ajan, ajan\u00ean civak\u00ee, \u00fb man\u00eepulasyon Pi\u015ft\u00ee ku PKK li dever\u00ean wek\u00ee Kerk\u00fbk, \u015eingal, Mexm\u00fbr \u00fb hwd&#8230; ji h\u00eala cugraf\u00ee ve Ba\u015f\u00fbr\u00ea Kurdistan\u00ea dorp\u00ea\u00e7 kir\u00ee, armanc ew b\u00fb ku ji hundir de bikeve hin noqteyan \u00fb \u00e7end deveran bixe dest xwe. PKK \u00ea p\u00eavajoya Da\u00ee\u015f \u00ea, \u015eingal \u00fb pi\u015ftre dema \u00ear\u00ee\u015f li [&hellip;]","og_url":"https:\/\/darkamazi.info\/archives\/1020965","og_site_name":"Darka Maz\u00ee","article_publisher":"https:\/\/www.facebook.com\/DarMaziKurmanci","article_published_time":"2021-04-17T12:19:43+00:00","article_modified_time":"2021-10-05T10:53:59+00:00","og_image":[{"width":900,"height":497,"url":"https:\/\/darkamazi.info\/file\/2021\/04\/PKK-kurdistan-map-ocalan-PART-2.jpg","type":"image\/jpeg"}],"author":"darka mazi","twitter_card":"summary_large_image","twitter_creator":"@DarkaMaziLatini","twitter_site":"@DarkaMaziLatini","twitter_misc":{"Written by":"darka mazi","Est. reading time":"7 minutes"},"schema":{"@context":"https:\/\/schema.org","@graph":[{"@type":"Article","@id":"https:\/\/darkamazi.info\/archives\/1020965#article","isPartOf":{"@id":"https:\/\/darkamazi.info\/archives\/1020965"},"author":{"name":"darka mazi","@id":"https:\/\/darkamazi.info\/#\/schema\/person\/5ad3e24553a0567993fa8ed4bd0a776c"},"headline":"Pirojeya PKK\u00ea ya dorp\u00ea\u00e7kirina Ba\u015f\u00fbr\u00ea Kurdistan\u00ea &#8211; Be\u015f\u00ea \u00ab2\u00bb","datePublished":"2021-04-17T12:19:43+00:00","dateModified":"2021-10-05T10:53:59+00:00","mainEntityOfPage":{"@id":"https:\/\/darkamazi.info\/archives\/1020965"},"wordCount":1836,"publisher":{"@id":"https:\/\/darkamazi.info\/#organization"},"image":{"@id":"https:\/\/darkamazi.info\/archives\/1020965#primaryimage"},"thumbnailUrl":"https:\/\/darkamazi.info\/file\/2021\/04\/PKK-kurdistan-map-ocalan-PART-2.jpg","keywords":["sereke"],"articleSection":["Anal\u00eez"],"inLanguage":"en-US"},{"@type":"WebPage","@id":"https:\/\/darkamazi.info\/archives\/1020965","url":"https:\/\/darkamazi.info\/archives\/1020965","name":"Pirojeya PKK\u00ea ya dorp\u00ea\u00e7kirina Ba\u015f\u00fbr\u00ea Kurdistan\u00ea - Be\u015f\u00ea \u00ab2\u00bb - Darka Maz\u00ee","isPartOf":{"@id":"https:\/\/darkamazi.info\/#website"},"primaryImageOfPage":{"@id":"https:\/\/darkamazi.info\/archives\/1020965#primaryimage"},"image":{"@id":"https:\/\/darkamazi.info\/archives\/1020965#primaryimage"},"thumbnailUrl":"https:\/\/darkamazi.info\/file\/2021\/04\/PKK-kurdistan-map-ocalan-PART-2.jpg","datePublished":"2021-04-17T12:19:43+00:00","dateModified":"2021-10-05T10:53:59+00:00","breadcrumb":{"@id":"https:\/\/darkamazi.info\/archives\/1020965#breadcrumb"},"inLanguage":"en-US","potentialAction":[{"@type":"ReadAction","target":["https:\/\/darkamazi.info\/archives\/1020965"]}]},{"@type":"ImageObject","inLanguage":"en-US","@id":"https:\/\/darkamazi.info\/archives\/1020965#primaryimage","url":"https:\/\/darkamazi.info\/file\/2021\/04\/PKK-kurdistan-map-ocalan-PART-2.jpg","contentUrl":"https:\/\/darkamazi.info\/file\/2021\/04\/PKK-kurdistan-map-ocalan-PART-2.jpg","width":900,"height":497},{"@type":"BreadcrumbList","@id":"https:\/\/darkamazi.info\/archives\/1020965#breadcrumb","itemListElement":[{"@type":"ListItem","position":1,"name":"Home","item":"https:\/\/darkamazi.info\/"},{"@type":"ListItem","position":2,"name":"Pirojeya PKK\u00ea ya dorp\u00ea\u00e7kirina Ba\u015f\u00fbr\u00ea Kurdistan\u00ea &#8211; Be\u015f\u00ea \u00ab2\u00bb"}]},{"@type":"WebSite","@id":"https:\/\/darkamazi.info\/#website","url":"https:\/\/darkamazi.info\/","name":"Darka Maz\u00ee","description":"P\u00eageha Zanyariy\u00ean Nebih\u00eest\u00ee","publisher":{"@id":"https:\/\/darkamazi.info\/#organization"},"potentialAction":[{"@type":"SearchAction","target":{"@type":"EntryPoint","urlTemplate":"https:\/\/darkamazi.info\/?s={search_term_string}"},"query-input":{"@type":"PropertyValueSpecification","valueRequired":true,"valueName":"search_term_string"}}],"inLanguage":"en-US"},{"@type":"Organization","@id":"https:\/\/darkamazi.info\/#organization","name":"Darka Maz\u00ee","url":"https:\/\/darkamazi.info\/","logo":{"@type":"ImageObject","inLanguage":"en-US","@id":"https:\/\/darkamazi.info\/#\/schema\/logo\/image\/","url":"https:\/\/darkamazi.info\/file\/2017\/12\/darka-mazi-logo.png","contentUrl":"https:\/\/darkamazi.info\/file\/2017\/12\/darka-mazi-logo.png","width":151,"height":75,"caption":"Darka Maz\u00ee"},"image":{"@id":"https:\/\/darkamazi.info\/#\/schema\/logo\/image\/"},"sameAs":["https:\/\/www.facebook.com\/DarMaziKurmanci","https:\/\/x.com\/DarkaMaziLatini","https:\/\/www.instagram.com\/darkamazi.kurmanci\/","https:\/\/www.youtube.com\/channel\/UCa5HkTdmI8U1qCUFuTw8B2g"]},{"@type":"Person","@id":"https:\/\/darkamazi.info\/#\/schema\/person\/5ad3e24553a0567993fa8ed4bd0a776c","name":"darka mazi","sameAs":["https:\/\/darkamazi.info\/"],"url":"https:\/\/darkamazi.info\/archives\/author\/kurdi"}]}},"_links":{"self":[{"href":"https:\/\/darkamazi.info\/funavuv\/wp\/v2\/posts\/1020965","targetHints":{"allow":["GET"]}}],"collection":[{"href":"https:\/\/darkamazi.info\/funavuv\/wp\/v2\/posts"}],"about":[{"href":"https:\/\/darkamazi.info\/funavuv\/wp\/v2\/types\/post"}],"author":[{"embeddable":true,"href":"https:\/\/darkamazi.info\/funavuv\/wp\/v2\/users\/2"}],"replies":[{"embeddable":true,"href":"https:\/\/darkamazi.info\/funavuv\/wp\/v2\/comments?post=1020965"}],"version-history":[{"count":0,"href":"https:\/\/darkamazi.info\/funavuv\/wp\/v2\/posts\/1020965\/revisions"}],"wp:featuredmedia":[{"embeddable":true,"href":"https:\/\/darkamazi.info\/funavuv\/wp\/v2\/media\/1020974"}],"wp:attachment":[{"href":"https:\/\/darkamazi.info\/funavuv\/wp\/v2\/media?parent=1020965"}],"wp:term":[{"taxonomy":"category","embeddable":true,"href":"https:\/\/darkamazi.info\/funavuv\/wp\/v2\/categories?post=1020965"},{"taxonomy":"post_tag","embeddable":true,"href":"https:\/\/darkamazi.info\/funavuv\/wp\/v2\/tags?post=1020965"}],"curies":[{"name":"wp","href":"https:\/\/api.w.org\/{rel}","templated":true}]}}