{"id":1021035,"date":"2021-04-18T15:07:25","date_gmt":"2021-04-18T12:07:25","guid":{"rendered":"https:\/\/darkamazi.info\/?p=1021035"},"modified":"2021-04-18T15:07:25","modified_gmt":"2021-04-18T12:07:25","slug":"pkke-li-singale-sunwaren-diroki-talan-dike","status":"publish","type":"post","link":"https:\/\/darkamazi.info\/archives\/1021035","title":{"rendered":"PKKe li \u015eingal\u00ea \u015f\u00fbnwar\u00ean d\u00eerok\u00ee talan dike"},"content":{"rendered":"<h3 style=\"text-align: justify\"><span style=\"font-family: 'arial black', sans-serif\">Hat ragihandin \u00e7ekdar\u00ean PKK\u00ea li \u015eingal\u00ea dest bi talankirin \u00fb firotina \u015f\u00fbnwar\u00ean \u015fengal\u00ea kiriye \u00fb hejmarek her\u00ee z\u00eade a van \u015f\u00fbnwar\u00ean d\u00ear\u00een ji boy firotin\u00ea \u015fandine \u00ceran\u00ea.<\/span><\/h3>\n<h3 style=\"text-align: justify\">\u00c7avkaniy\u00ean p\u00eageha Darka Maz\u00ee li Ba\u015f\u00fbr\u00ea Kurdistan\u00ea e\u015fkere kir, pi\u015ft\u00ee dest bi serdagirtina \u015eingal\u00ea ji h\u00eala \u00e7ekdar\u00ean PKK\u00ea ve, van \u00e7ekdaran bi am\u00fbr\u00ean l\u00eager\u00eena \u015f\u00fbnwaran hejmarek her\u00ee z\u00eade a \u015f\u00fbnwaran li \u00e7iyay\u00ea \u015eingal\u00ea ke\u015ff kir\u00eene \u00fb pi\u015ft re bi r\u00eay\u00ean qa\u00e7ax derbas\u00ee \u00ceran\u00ea kirine daku li wir bifro\u015fin.<\/h3>\n<h3 style=\"text-align: justify\">\u015e\u00fbnwar\u00ean her welatek\u00ee bi yek ji \u00e7avkaniy\u00ean naskirin \u00fb dewlemendiya \u015faristaniya gel\u00ea di w\u00ee wilat\u00ee de jiyan dike t\u00ea hesibandin, \u015eingal weke be\u015fek ji xaka Kurdistan\u00ea xwed\u00ee hejmarek her\u00ee z\u00eade a \u015f\u00fbnwar\u00ean d\u00eerok\u00ee ye, t\u00ea gotin j\u00ee ku di dema xwe de, Eskender\u00ea Meqdon\u00ee li dema dag\u00eer kirina Bexday\u00ea hejmarek z\u00eade a z\u00ear\u00ea bi dest xwe xist\u00ee aniye \u00fb li \u00e7iyay\u00ea \u015eingal\u00ea ve\u015fartiye, ev yek bi awayek\u00ee d\u00eerok\u00ee ji bav \u00fb bap\u00eeran ve hatiye veg\u00earandin, l\u00ea jiber neb\u00fbna am\u00fbr\u00ean p\u00ea\u015fkeft\u00ee di dest\u00ea xelk\u00ea de \u00fb yasax b\u00fbna v\u00ea kar\u00ea ti kes nikar\u00ee wan peyda bike, l\u00ea niha \u00e7ekdar\u00ean PKK\u00ea dest bi talankirina wan \u015f\u00fbnwaran \u00fb firotina wan bi \u00ceran\u00ea kiriye.<\/h3>\n<h3 style=\"text-align: justify\">Li gor \u00e7avkaniy\u00ean p\u00eageha Darka Maz\u00ee li \u00e7iyay\u00ea \u015eingal\u00ea PKK\u00ea bi am\u00fbr\u00ean her\u00ee p\u00ea\u015fkeft\u00ee kariye hejmarek ji wan \u015f\u00fbnwaran ku di nav de z\u00ear\u00ean ser dema Eskender\u00ea Meqdon\u00ee heb\u00fbne peyda bike.<\/h3>\n<h3 style=\"text-align: justify\">\u00c7avkaniy\u00ean me her weha e\u015fkere kirin li dema rab\u00fbr\u00ee PKK\u00ea \u00e7end\u00een erebe bi van \u015f\u00fbnwaran tij\u00ee kir\u00eene \u00fb ew birine, ev yek j\u00ee b\u00fbye sedema neraz\u00eeb\u00fbna kurd\u00ean \u00eazd\u00ee, jiberku \u00eazd\u00ee dib\u00eajin ev \u015f\u00fbnware gir\u00eaday\u00ee d\u00eerok \u00fb \u015faristaniyeta \u015eingal\u00ea ye \u00fb nabe bi v\u00ee awa ew \u015f\u00fbnwar werin enfalkirin \u00fb diz\u00een.<\/h3>\n","protected":false},"excerpt":{"rendered":"<p>Hat ragihandin \u00e7ekdar\u00ean PKK\u00ea li \u015eingal\u00ea dest bi talankirin \u00fb firotina \u015f\u00fbnwar\u00ean \u015fengal\u00ea kiriye \u00fb hejmarek her\u00ee z\u00eade a van \u015f\u00fbnwar\u00ean d\u00ear\u00een ji boy firotin\u00ea \u015fandine \u00ceran\u00ea. \u00c7avkaniy\u00ean p\u00eageha Darka Maz\u00ee li Ba\u015f\u00fbr\u00ea Kurdistan\u00ea e\u015fkere kir, pi\u015ft\u00ee dest bi serdagirtina \u015eingal\u00ea ji h\u00eala \u00e7ekdar\u00ean PKK\u00ea ve, van \u00e7ekdaran bi am\u00fbr\u00ean l\u00eager\u00eena \u015f\u00fbnwaran hejmarek her\u00ee z\u00eade [&hellip;]<\/p>\n","protected":false},"author":2,"featured_media":1021045,"comment_status":"closed","ping_status":"closed","sticky":false,"template":"","format":"standard","meta":{"footnotes":""},"categories":[29],"tags":[37],"class_list":["post-1021035","post","type-post","status-publish","format-standard","has-post-thumbnail","hentry","category-kurdistan","tag-sereke"],"blocksy_meta":[],"seo_head":"<!-- This site is optimized with the Yoast SEO plugin v27.5 - https:\/\/yoast.com\/product\/yoast-seo-wordpress\/ -->\n<title>PKKe li \u015eingal\u00ea \u015f\u00fbnwar\u00ean d\u00eerok\u00ee talan dike - Darka Maz\u00ee<\/title>\n<meta name=\"robots\" content=\"index, follow, max-snippet:-1, max-image-preview:large, max-video-preview:-1\" \/>\n<link rel=\"canonical\" href=\"https:\/\/darkamazi.info\/archives\/1021035\" \/>\n<meta property=\"og:locale\" content=\"en_US\" \/>\n<meta property=\"og:type\" content=\"article\" \/>\n<meta property=\"og:title\" content=\"PKKe li \u015eingal\u00ea \u015f\u00fbnwar\u00ean d\u00eerok\u00ee talan dike - Darka Maz\u00ee\" \/>\n<meta property=\"og:description\" content=\"Hat ragihandin \u00e7ekdar\u00ean PKK\u00ea li \u015eingal\u00ea dest bi talankirin \u00fb firotina \u015f\u00fbnwar\u00ean \u015fengal\u00ea kiriye \u00fb hejmarek her\u00ee z\u00eade a van \u015f\u00fbnwar\u00ean d\u00ear\u00een ji boy firotin\u00ea \u015fandine \u00ceran\u00ea. \u00c7avkaniy\u00ean p\u00eageha Darka Maz\u00ee li Ba\u015f\u00fbr\u00ea Kurdistan\u00ea e\u015fkere kir, pi\u015ft\u00ee dest bi serdagirtina \u015eingal\u00ea ji h\u00eala \u00e7ekdar\u00ean PKK\u00ea ve, van \u00e7ekdaran bi am\u00fbr\u00ean l\u00eager\u00eena \u015f\u00fbnwaran hejmarek her\u00ee z\u00eade [&hellip;]\" \/>\n<meta property=\"og:url\" content=\"https:\/\/darkamazi.info\/archives\/1021035\" \/>\n<meta property=\"og:site_name\" content=\"Darka Maz\u00ee\" \/>\n<meta property=\"article:publisher\" content=\"https:\/\/www.facebook.com\/DarMaziKurmanci\" \/>\n<meta property=\"article:published_time\" content=\"2021-04-18T12:07:25+00:00\" \/>\n<meta property=\"og:image\" content=\"https:\/\/darkamazi.info\/file\/2021\/04\/sunwar-pkk-.jpg\" \/>\n\t<meta property=\"og:image:width\" content=\"900\" \/>\n\t<meta property=\"og:image:height\" content=\"497\" \/>\n\t<meta property=\"og:image:type\" content=\"image\/jpeg\" \/>\n<meta name=\"author\" content=\"darka mazi\" \/>\n<meta name=\"twitter:card\" content=\"summary_large_image\" \/>\n<meta name=\"twitter:creator\" content=\"@DarkaMaziLatini\" \/>\n<meta name=\"twitter:site\" content=\"@DarkaMaziLatini\" \/>\n<meta name=\"twitter:label1\" content=\"Written by\" \/>\n\t<meta name=\"twitter:data1\" content=\"darka mazi\" \/>\n\t<meta name=\"twitter:label2\" content=\"Est. reading time\" \/>\n\t<meta name=\"twitter:data2\" content=\"2 minutes\" \/>\n<script type=\"application\/ld+json\" class=\"seo-schema-graph\">{\"@context\":\"https:\\\/\\\/schema.org\",\"@graph\":[{\"@type\":\"Article\",\"@id\":\"https:\\\/\\\/darkamazi.info\\\/archives\\\/1021035#article\",\"isPartOf\":{\"@id\":\"https:\\\/\\\/darkamazi.info\\\/archives\\\/1021035\"},\"author\":{\"name\":\"darka mazi\",\"@id\":\"https:\\\/\\\/darkamazi.info\\\/#\\\/schema\\\/person\\\/5ad3e24553a0567993fa8ed4bd0a776c\"},\"headline\":\"PKKe li \u015eingal\u00ea \u015f\u00fbnwar\u00ean d\u00eerok\u00ee talan dike\",\"datePublished\":\"2021-04-18T12:07:25+00:00\",\"mainEntityOfPage\":{\"@id\":\"https:\\\/\\\/darkamazi.info\\\/archives\\\/1021035\"},\"wordCount\":328,\"publisher\":{\"@id\":\"https:\\\/\\\/darkamazi.info\\\/#organization\"},\"image\":{\"@id\":\"https:\\\/\\\/darkamazi.info\\\/archives\\\/1021035#primaryimage\"},\"thumbnailUrl\":\"https:\\\/\\\/darkamazi.info\\\/darka-content\\\/uploads\\\/2021\\\/04\\\/sunwar-pkk-.jpg\",\"keywords\":[\"sereke\"],\"articleSection\":[\"Kurdistan\"],\"inLanguage\":\"en-US\"},{\"@type\":\"WebPage\",\"@id\":\"https:\\\/\\\/darkamazi.info\\\/archives\\\/1021035\",\"url\":\"https:\\\/\\\/darkamazi.info\\\/archives\\\/1021035\",\"name\":\"PKKe li \u015eingal\u00ea \u015f\u00fbnwar\u00ean d\u00eerok\u00ee talan dike - Darka Maz\u00ee\",\"isPartOf\":{\"@id\":\"https:\\\/\\\/darkamazi.info\\\/#website\"},\"primaryImageOfPage\":{\"@id\":\"https:\\\/\\\/darkamazi.info\\\/archives\\\/1021035#primaryimage\"},\"image\":{\"@id\":\"https:\\\/\\\/darkamazi.info\\\/archives\\\/1021035#primaryimage\"},\"thumbnailUrl\":\"https:\\\/\\\/darkamazi.info\\\/darka-content\\\/uploads\\\/2021\\\/04\\\/sunwar-pkk-.jpg\",\"datePublished\":\"2021-04-18T12:07:25+00:00\",\"breadcrumb\":{\"@id\":\"https:\\\/\\\/darkamazi.info\\\/archives\\\/1021035#breadcrumb\"},\"inLanguage\":\"en-US\",\"potentialAction\":[{\"@type\":\"ReadAction\",\"target\":[\"https:\\\/\\\/darkamazi.info\\\/archives\\\/1021035\"]}]},{\"@type\":\"ImageObject\",\"inLanguage\":\"en-US\",\"@id\":\"https:\\\/\\\/darkamazi.info\\\/archives\\\/1021035#primaryimage\",\"url\":\"https:\\\/\\\/darkamazi.info\\\/darka-content\\\/uploads\\\/2021\\\/04\\\/sunwar-pkk-.jpg\",\"contentUrl\":\"https:\\\/\\\/darkamazi.info\\\/darka-content\\\/uploads\\\/2021\\\/04\\\/sunwar-pkk-.jpg\",\"width\":900,\"height\":497,\"caption\":\"PKKe li \u015eingal\u00ea \u015f\u00fbnwar\u00ean d\u00eerok\u00ee talan dike\"},{\"@type\":\"BreadcrumbList\",\"@id\":\"https:\\\/\\\/darkamazi.info\\\/archives\\\/1021035#breadcrumb\",\"itemListElement\":[{\"@type\":\"ListItem\",\"position\":1,\"name\":\"Home\",\"item\":\"https:\\\/\\\/darkamazi.info\\\/\"},{\"@type\":\"ListItem\",\"position\":2,\"name\":\"PKKe li \u015eingal\u00ea \u015f\u00fbnwar\u00ean d\u00eerok\u00ee talan dike\"}]},{\"@type\":\"WebSite\",\"@id\":\"https:\\\/\\\/darkamazi.info\\\/#website\",\"url\":\"https:\\\/\\\/darkamazi.info\\\/\",\"name\":\"Darka Maz\u00ee\",\"description\":\"P\u00eageha Zanyariy\u00ean Nebih\u00eest\u00ee\",\"publisher\":{\"@id\":\"https:\\\/\\\/darkamazi.info\\\/#organization\"},\"potentialAction\":[{\"@type\":\"SearchAction\",\"target\":{\"@type\":\"EntryPoint\",\"urlTemplate\":\"https:\\\/\\\/darkamazi.info\\\/?s={search_term_string}\"},\"query-input\":{\"@type\":\"PropertyValueSpecification\",\"valueRequired\":true,\"valueName\":\"search_term_string\"}}],\"inLanguage\":\"en-US\"},{\"@type\":\"Organization\",\"@id\":\"https:\\\/\\\/darkamazi.info\\\/#organization\",\"name\":\"Darka Maz\u00ee\",\"url\":\"https:\\\/\\\/darkamazi.info\\\/\",\"logo\":{\"@type\":\"ImageObject\",\"inLanguage\":\"en-US\",\"@id\":\"https:\\\/\\\/darkamazi.info\\\/#\\\/schema\\\/logo\\\/image\\\/\",\"url\":\"https:\\\/\\\/darkamazi.info\\\/darka-content\\\/uploads\\\/2017\\\/12\\\/darka-mazi-logo.png\",\"contentUrl\":\"https:\\\/\\\/darkamazi.info\\\/darka-content\\\/uploads\\\/2017\\\/12\\\/darka-mazi-logo.png\",\"width\":151,\"height\":75,\"caption\":\"Darka Maz\u00ee\"},\"image\":{\"@id\":\"https:\\\/\\\/darkamazi.info\\\/#\\\/schema\\\/logo\\\/image\\\/\"},\"sameAs\":[\"https:\\\/\\\/www.facebook.com\\\/DarMaziKurmanci\",\"https:\\\/\\\/x.com\\\/DarkaMaziLatini\",\"https:\\\/\\\/www.instagram.com\\\/darkamazi.kurmanci\\\/\",\"https:\\\/\\\/www.youtube.com\\\/channel\\\/UCa5HkTdmI8U1qCUFuTw8B2g\"]},{\"@type\":\"Person\",\"@id\":\"https:\\\/\\\/darkamazi.info\\\/#\\\/schema\\\/person\\\/5ad3e24553a0567993fa8ed4bd0a776c\",\"name\":\"darka mazi\",\"sameAs\":[\"https:\\\/\\\/darkamazi.info\\\/\"],\"url\":\"https:\\\/\\\/darkamazi.info\\\/archives\\\/author\\\/kurdi\"}]}<\/script>\n<!-- \/ Yoast SEO plugin. -->","seo_head_json":{"title":"PKKe li \u015eingal\u00ea \u015f\u00fbnwar\u00ean d\u00eerok\u00ee talan dike - Darka Maz\u00ee","robots":{"index":"index","follow":"follow","max-snippet":"max-snippet:-1","max-image-preview":"max-image-preview:large","max-video-preview":"max-video-preview:-1"},"canonical":"https:\/\/darkamazi.info\/archives\/1021035","og_locale":"en_US","og_type":"article","og_title":"PKKe li \u015eingal\u00ea \u015f\u00fbnwar\u00ean d\u00eerok\u00ee talan dike - Darka Maz\u00ee","og_description":"Hat ragihandin \u00e7ekdar\u00ean PKK\u00ea li \u015eingal\u00ea dest bi talankirin \u00fb firotina \u015f\u00fbnwar\u00ean \u015fengal\u00ea kiriye \u00fb hejmarek her\u00ee z\u00eade a van \u015f\u00fbnwar\u00ean d\u00ear\u00een ji boy firotin\u00ea \u015fandine \u00ceran\u00ea. \u00c7avkaniy\u00ean p\u00eageha Darka Maz\u00ee li Ba\u015f\u00fbr\u00ea Kurdistan\u00ea e\u015fkere kir, pi\u015ft\u00ee dest bi serdagirtina \u015eingal\u00ea ji h\u00eala \u00e7ekdar\u00ean PKK\u00ea ve, van \u00e7ekdaran bi am\u00fbr\u00ean l\u00eager\u00eena \u015f\u00fbnwaran hejmarek her\u00ee z\u00eade [&hellip;]","og_url":"https:\/\/darkamazi.info\/archives\/1021035","og_site_name":"Darka Maz\u00ee","article_publisher":"https:\/\/www.facebook.com\/DarMaziKurmanci","article_published_time":"2021-04-18T12:07:25+00:00","og_image":[{"width":900,"height":497,"url":"https:\/\/darkamazi.info\/file\/2021\/04\/sunwar-pkk-.jpg","type":"image\/jpeg"}],"author":"darka mazi","twitter_card":"summary_large_image","twitter_creator":"@DarkaMaziLatini","twitter_site":"@DarkaMaziLatini","twitter_misc":{"Written by":"darka mazi","Est. reading time":"2 minutes"},"schema":{"@context":"https:\/\/schema.org","@graph":[{"@type":"Article","@id":"https:\/\/darkamazi.info\/archives\/1021035#article","isPartOf":{"@id":"https:\/\/darkamazi.info\/archives\/1021035"},"author":{"name":"darka mazi","@id":"https:\/\/darkamazi.info\/#\/schema\/person\/5ad3e24553a0567993fa8ed4bd0a776c"},"headline":"PKKe li \u015eingal\u00ea \u015f\u00fbnwar\u00ean d\u00eerok\u00ee talan dike","datePublished":"2021-04-18T12:07:25+00:00","mainEntityOfPage":{"@id":"https:\/\/darkamazi.info\/archives\/1021035"},"wordCount":328,"publisher":{"@id":"https:\/\/darkamazi.info\/#organization"},"image":{"@id":"https:\/\/darkamazi.info\/archives\/1021035#primaryimage"},"thumbnailUrl":"https:\/\/darkamazi.info\/file\/2021\/04\/sunwar-pkk-.jpg","keywords":["sereke"],"articleSection":["Kurdistan"],"inLanguage":"en-US"},{"@type":"WebPage","@id":"https:\/\/darkamazi.info\/archives\/1021035","url":"https:\/\/darkamazi.info\/archives\/1021035","name":"PKKe li \u015eingal\u00ea \u015f\u00fbnwar\u00ean d\u00eerok\u00ee talan dike - Darka Maz\u00ee","isPartOf":{"@id":"https:\/\/darkamazi.info\/#website"},"primaryImageOfPage":{"@id":"https:\/\/darkamazi.info\/archives\/1021035#primaryimage"},"image":{"@id":"https:\/\/darkamazi.info\/archives\/1021035#primaryimage"},"thumbnailUrl":"https:\/\/darkamazi.info\/file\/2021\/04\/sunwar-pkk-.jpg","datePublished":"2021-04-18T12:07:25+00:00","breadcrumb":{"@id":"https:\/\/darkamazi.info\/archives\/1021035#breadcrumb"},"inLanguage":"en-US","potentialAction":[{"@type":"ReadAction","target":["https:\/\/darkamazi.info\/archives\/1021035"]}]},{"@type":"ImageObject","inLanguage":"en-US","@id":"https:\/\/darkamazi.info\/archives\/1021035#primaryimage","url":"https:\/\/darkamazi.info\/file\/2021\/04\/sunwar-pkk-.jpg","contentUrl":"https:\/\/darkamazi.info\/file\/2021\/04\/sunwar-pkk-.jpg","width":900,"height":497,"caption":"PKKe li \u015eingal\u00ea \u015f\u00fbnwar\u00ean d\u00eerok\u00ee talan dike"},{"@type":"BreadcrumbList","@id":"https:\/\/darkamazi.info\/archives\/1021035#breadcrumb","itemListElement":[{"@type":"ListItem","position":1,"name":"Home","item":"https:\/\/darkamazi.info\/"},{"@type":"ListItem","position":2,"name":"PKKe li \u015eingal\u00ea \u015f\u00fbnwar\u00ean d\u00eerok\u00ee talan dike"}]},{"@type":"WebSite","@id":"https:\/\/darkamazi.info\/#website","url":"https:\/\/darkamazi.info\/","name":"Darka Maz\u00ee","description":"P\u00eageha Zanyariy\u00ean Nebih\u00eest\u00ee","publisher":{"@id":"https:\/\/darkamazi.info\/#organization"},"potentialAction":[{"@type":"SearchAction","target":{"@type":"EntryPoint","urlTemplate":"https:\/\/darkamazi.info\/?s={search_term_string}"},"query-input":{"@type":"PropertyValueSpecification","valueRequired":true,"valueName":"search_term_string"}}],"inLanguage":"en-US"},{"@type":"Organization","@id":"https:\/\/darkamazi.info\/#organization","name":"Darka Maz\u00ee","url":"https:\/\/darkamazi.info\/","logo":{"@type":"ImageObject","inLanguage":"en-US","@id":"https:\/\/darkamazi.info\/#\/schema\/logo\/image\/","url":"https:\/\/darkamazi.info\/file\/2017\/12\/darka-mazi-logo.png","contentUrl":"https:\/\/darkamazi.info\/file\/2017\/12\/darka-mazi-logo.png","width":151,"height":75,"caption":"Darka Maz\u00ee"},"image":{"@id":"https:\/\/darkamazi.info\/#\/schema\/logo\/image\/"},"sameAs":["https:\/\/www.facebook.com\/DarMaziKurmanci","https:\/\/x.com\/DarkaMaziLatini","https:\/\/www.instagram.com\/darkamazi.kurmanci\/","https:\/\/www.youtube.com\/channel\/UCa5HkTdmI8U1qCUFuTw8B2g"]},{"@type":"Person","@id":"https:\/\/darkamazi.info\/#\/schema\/person\/5ad3e24553a0567993fa8ed4bd0a776c","name":"darka mazi","sameAs":["https:\/\/darkamazi.info\/"],"url":"https:\/\/darkamazi.info\/archives\/author\/kurdi"}]}},"_links":{"self":[{"href":"https:\/\/darkamazi.info\/funavuv\/wp\/v2\/posts\/1021035","targetHints":{"allow":["GET"]}}],"collection":[{"href":"https:\/\/darkamazi.info\/funavuv\/wp\/v2\/posts"}],"about":[{"href":"https:\/\/darkamazi.info\/funavuv\/wp\/v2\/types\/post"}],"author":[{"embeddable":true,"href":"https:\/\/darkamazi.info\/funavuv\/wp\/v2\/users\/2"}],"replies":[{"embeddable":true,"href":"https:\/\/darkamazi.info\/funavuv\/wp\/v2\/comments?post=1021035"}],"version-history":[{"count":0,"href":"https:\/\/darkamazi.info\/funavuv\/wp\/v2\/posts\/1021035\/revisions"}],"wp:featuredmedia":[{"embeddable":true,"href":"https:\/\/darkamazi.info\/funavuv\/wp\/v2\/media\/1021045"}],"wp:attachment":[{"href":"https:\/\/darkamazi.info\/funavuv\/wp\/v2\/media?parent=1021035"}],"wp:term":[{"taxonomy":"category","embeddable":true,"href":"https:\/\/darkamazi.info\/funavuv\/wp\/v2\/categories?post=1021035"},{"taxonomy":"post_tag","embeddable":true,"href":"https:\/\/darkamazi.info\/funavuv\/wp\/v2\/tags?post=1021035"}],"curies":[{"name":"wp","href":"https:\/\/api.w.org\/{rel}","templated":true}]}}