{"id":1021127,"date":"2021-04-19T18:25:33","date_gmt":"2021-04-19T15:25:33","guid":{"rendered":"https:\/\/darkamazi.info\/?p=1021127"},"modified":"2021-08-03T22:36:32","modified_gmt":"2021-08-03T19:36:32","slug":"afyona-gelan-u-afyona-kurdan-bese-1","status":"publish","type":"post","link":"https:\/\/darkamazi.info\/archives\/1021127","title":{"rendered":"Afyona gelan \u00fb Afyona kurdan &#8211; Be\u015f\u00ea 1"},"content":{"rendered":"<div class=\"wpb-content-wrapper\"><p>[darkamazi_row][darkamazi_column][darkamazi_video link=&#8221;https:\/\/www.youtube.com\/watch?v=yJNF2IBiUPo&#8221; align=&#8221;center&#8221;][darkamazi_column_text]<\/p>\n<h3 style=\"text-align: justify;\"><span style=\"font-family: 'arial black', sans-serif;\">R\u00eaxistina PKK\u00ea ji roja ku ket\u00eeye di ba\u015f\u00fbr\u00ea Kurdistan\u00ea de, ti ti\u015ft nemaye ku bi ser\u00ea v\u00ea per\u00e7eya Kurdistan\u00ea nean\u00eebe, ev nexwe\u015fiya gemar ya ku ji Bakur ve hat\u00ee, bi qas\u00ee dewlet\u00ean dagirker zirar li kurdan xistiye, kurd\u00ean ba\u015f\u00fbr rexm\u00ea bext re\u015f\u00eeya xwe na\u00e7ar maye, z\u00eadebar\u00ee ser mil ragirtina zora dagirkeran, zora PKK\u00ea j\u00ee li ser mil\u00ea xwe ragire.<\/span><\/h3>\n<h3 style=\"text-align: justify;\"><span style=\"font-family: arial, helvetica, sans-serif;\">Part\u00eeya Karker\u00ean Kurdistan\u00ea, her roj di \u00e7apemeniya xwe de, bas li berxwedan \u00fb lehengiy\u00ea dike, qala serketinan dike, l\u00ea bel\u00ea k\u00eejan berxwedan \u00fb k\u00eejan serketin, her kurdek dizane ku ev r\u00eaxistin hat\u00eeye di take per\u00e7eya azad a Kurdistan\u00ea de razaye \u00fb qada rast ya berxwedan\u00ea li Bakur\u00ea kurdistan\u00ea ji Tirkan re hi\u015ft\u00eeye.<\/span><\/h3>\n<h3 style=\"text-align: justify;\"><span style=\"font-family: arial, helvetica, sans-serif;\">Wexta mirov ji dervey \u00e7apemeniya PKK\u00ea li b\u00fbyeran m\u00eaze dike, berxwedan li hol\u00ea tuneye, ten\u00ea c\u00eenayet\u00ean weh\u015f\u00ee y\u00ean weke qetil kirina siv\u00eelan, dagirkirin \u00fb talan kirina gund\u00ean wan, hem wext revandin, tehd\u00eed \u00fb stendina bi zor ya bac\u00ea \u00fb stema li ser kedkar \u00fb belengazan heye, PKKe v\u00ea sitem\u00ea bi berxwedan hesab dike.<\/span><\/h3>\n<h1 style=\"text-align: justify;\"><span style=\"font-family: 'arial black', sans-serif; color: #808080;\">Markis di yek ji axaftin\u00ean xwe de dib\u00eaje: &#8220;ol Afyona Gela ye&#8221;, l\u00ea ji boy me kurdan di niha de PKKe b\u00fbye Afyon.<\/span><\/h1>\n<h3 style=\"text-align: justify;\"><span style=\"font-family: arial, helvetica, sans-serif;\">Niha kurd ne\u00e7ar mane z\u00eadebar\u00ee ser mil ragirtina zora dagirker\u00ean Kurdistan\u00ea, zora PKK\u00ea j\u00ee ser mil\u00ean xwe ragirin, giraniya PKK\u00ea xist\u00eeye ser mil\u00ean kurdan bi taybet\u00ee li ba\u015f\u00fbr ku bi take per\u00e7eya azad ya Kurdistan\u00ea t\u00ea hesibandin, ger bi qas\u00ee giraniya dewlet\u00ean dagirker z\u00eadetir nebe bi ti away\u00ee k\u00eamtir n\u00eene.<\/span><\/h3>\n<h3 style=\"text-align: justify;\"><span style=\"font-family: arial, helvetica, sans-serif;\">Li ba\u015f\u00fbr PKKe her karek\u00ee li dij\u00ee gel dike, \u015f\u00eaniyan ji gund\u00ean wan der dike, bac\u00ea ji wan dist\u00eene \u00fb bi c\u00eenayet\u00ean \u00e7\u00eakir\u00ee wan dide ku\u015ftin, hin ji wan bi s\u00fb\u00e7a s\u00eexoriy\u00ea ji boy saziy\u00ean ewleh\u00eeya ba\u015f\u00fbr! Hin ji wan bi s\u00fb\u00e7a s\u00eexoriy\u00ea ji boy m\u00eeta Tirka \u00fb hin ji wan j\u00ee bi c\u00eenayeta rexne kirina Apo \u00fb PKK\u00ea weke xa\u00een dide nasandin \u00fb ku\u015ftin.<\/span><\/h3>\n<h3 style=\"text-align: justify;\"><span style=\"font-family: arial, helvetica, sans-serif;\">Ti karek\u00ee gemar nemaye ku PKK\u00ea li Ba\u015f\u00fbr\u00ea Kurdistan\u00ea nekiribe, l\u00ea bel\u00ea, tu caran me nebih\u00eest\u00eeye ku v\u00ea r\u00eaxistin\u00ea, tirkek, erebek yan j\u00ee farsek bi c\u00eenayeta s\u00eexoriy\u00ea desteser kir\u00ee yan j\u00ee tehd\u00eed kir\u00ee.<\/span><\/h3>\n<h3 style=\"text-align: justify;\"><span style=\"font-family: arial, helvetica, sans-serif;\">P\u00eageha Darka Maz\u00ee c\u00eenayet\u00ean PKK\u00ea y\u00ean li dij\u00ee Gel\u00ea Ba\u015f\u00fbr\u00ea Kurdistan\u00ea ji sala 2017 heya roja me ya \u00eero bi belge \u00fb dukom\u00eant kom kirine, em\u00ea di v\u00ea \u00ceNFOGRAF\u00ceK\u00ca de, b\u00eaxin ber\u00e7avan, ji bo ku gel\u00ea ba\u015f\u00fbr r\u00fby\u00ea rast y\u00ea v\u00ea r\u00eaxistin\u00ea nas bike, kan\u00ea ew bi tu away\u00ee bi terz\u00ea DAI\u015e\u00ea \u00fb grop\u00ean mafyay\u00ea, siv\u00eelan qetil dike, ke\u00e7 \u00fb zaroyan li p\u00ea\u015f \u00e7av\u00ean dayik \u00fb bav\u00ean wan di \u015fewt\u00eene, ke\u00e7an li ser r\u00eay\u00ean dibistan\u00ea di rev\u00eene \u00fb bi dehan c\u00eenayet\u00ean din y\u00ean weh\u015f\u00ee y\u00ean ku ev r\u00eaxistin nav\u00ea berxwedan\u00ea l\u00ea dike.<\/span><\/h3>\n<h3 style=\"text-align: justify;\"><span style=\"font-family: arial, helvetica, sans-serif;\">Em\u00ea van c\u00eenayetan y\u00eak bi y\u00eak bas bikin, pi\u015ftre h\u00fbn biryar\u00ea bidin, gelo ev berxwedan e weke PKK\u00ea dib\u00eaje, yan j\u00ee derdek\u00ee girane berb\u00fbye can\u00ea Kurdistan\u00ea.<\/span><\/h3>\n<p>[\/darkamazi_column_text][darkamazi_empty_space height=&#8221;26px&#8221;][\/darkamazi_column][\/darkamazi_row][darkamazi_row][darkamazi_column][darkamazi_message message_box_style=&#8221;3d&#8221; message_box_color=&#8221;chino&#8221;]<\/p>\n<h1 style=\"text-align: center;\"><span style=\"font-family: 'arial black', sans-serif; color: #8f0101;\">C\u00eenayet\u00ean diyar y\u00ean PKK\u00ea li Ba\u015f\u00fbr\u00ea Kurdistan\u00ea ji 2017 heya 2021an<\/span><\/h1>\n<ul>\n<li>\n<h3><span style=\"font-family: arial, helvetica, sans-serif;\">PKK\u00ea di 5 sal\u00ean rab\u00fbr\u00ee de z\u00eadetir\u00ee 60 c\u00eenayetan li Ba\u015f\u00fbr encam day\u00eene.<\/span><\/h3>\n<\/li>\n<li>\n<h3><span style=\"font-family: arial, helvetica, sans-serif;\">Ev c\u00eenayet hem\u00fb li dij\u00ee \u015f\u00ean\u00ee \u00fb siv\u00eelan b\u00fbne.<\/span><\/h3>\n<\/li>\n<\/ul>\n<h3 style=\"text-align: justify;\"><\/h3>\n<h1 style=\"text-align: center;\"><span style=\"font-family: 'arial black', sans-serif; color: #8f0101;\">Cor\u00ean tawanan \u00fb c\u00eenayetan<\/span><\/h1>\n<h1 style=\"text-align: justify;\"><span style=\"font-family: 'arial black', sans-serif; color: #8f0101;\">1-Ku\u015ftin:<\/span><\/h1>\n<ul>\n<li>\n<h3><span style=\"font-family: arial, helvetica, sans-serif;\">\u015eewitandina bi sax\u00ee ya siv\u00eelan.<\/span><\/h3>\n<\/li>\n<li>\n<h3><span style=\"font-family: arial, helvetica, sans-serif;\">Teror kirina karmend\u00ean ewlehiy\u00ea.<\/span><\/h3>\n<\/li>\n<li>\n<h3><span style=\"font-family: arial, helvetica, sans-serif;\">Teror kirina karmend\u00ean siv\u00eel y\u00ean hik\u00fbmeta ba\u015f\u00fbr.<\/span><\/h3>\n<\/li>\n<li>\n<h3><span style=\"font-family: arial, helvetica, sans-serif;\">Teror kirina siv\u00eelan bi hinceta ajantiy\u00ea.<\/span><\/h3>\n<\/li>\n<\/ul>\n<h1 style=\"text-align: justify;\"><span style=\"font-family: 'arial black', sans-serif; color: #8f0101;\">2- Revandin \u00fb desteser kirin:<\/span><\/h1>\n<ul>\n<li>\n<h3><span style=\"font-family: arial, helvetica, sans-serif;\">Revandina xort\u00ean ba\u015f\u00fbr bi hinceta ajantiy\u00ea.<\/span><\/h3>\n<\/li>\n<li>\n<h3><span style=\"font-family: arial, helvetica, sans-serif;\">Revandina zarok \u00fb ciwanan \u00fb bi zor birina wan ji bo \u00e7iya.<\/span><\/h3>\n<\/li>\n<\/ul>\n<h1 style=\"text-align: justify;\"><span style=\"font-family: 'arial black', sans-serif; color: #8f0101;\">3- Diz\u00ee \u00fb talan:<\/span><\/h1>\n<ul>\n<li>\n<h3><span style=\"font-family: arial, helvetica, sans-serif;\">Bi zor birina erebey\u00ean \u015f\u00ean\u00eeyan.<\/span><\/h3>\n<\/li>\n<li>\n<h3><span style=\"font-family: arial, helvetica, sans-serif;\">Bi zor birina berhem\u00ea \u015f\u00eaniy\u00ean gundan.<\/span><\/h3>\n<\/li>\n<li>\n<h3><span style=\"font-family: arial, helvetica, sans-serif;\">Standina bi zor ya bac\u00ea.<\/span><\/h3>\n<\/li>\n<\/ul>\n<h1 style=\"text-align: justify;\"><span style=\"font-family: 'arial black', sans-serif; color: #8f0101;\">4- Tawan \u00fb C\u00eenayet\u00ean din:<\/span><\/h1>\n<ul>\n<li>\n<h3><span style=\"font-family: arial, helvetica, sans-serif;\">TNT kirina r\u00eaya gund\u00ean ba\u015f\u00fbr.<\/span><\/h3>\n<\/li>\n<li>\n<h3><span style=\"font-family: arial, helvetica, sans-serif;\">\u015eewitandina mal\u00ean \u015f\u00eaniyan.<\/span><\/h3>\n<\/li>\n<li>\n<h3><span style=\"font-family: arial, helvetica, sans-serif;\">R\u00eanedan bi wez\u00eefedar\u00ean hik\u00fbmet\u00ea ku xizmet\u00ea ji gundan re bikin.<\/span><\/h3>\n<\/li>\n<li>\n<h3><span style=\"font-family: arial, helvetica, sans-serif;\">Gef xwarin li karmend\u00ean \u015firket\u00ean petrol\u00ea.<\/span><\/h3>\n<\/li>\n<li>\n<h3><span style=\"font-family: arial, helvetica, sans-serif;\">Diz\u00eena mazot\u00ea.<\/span><\/h3>\n<\/li>\n<\/ul>\n<p>[\/darkamazi_message][darkamazi_empty_space height=&#8221;26px&#8221;][darkamazi_message message_box_style=&#8221;3d&#8221; message_box_color=&#8221;chino&#8221;]<\/p>\n<h1 style=\"text-align: center;\"><span style=\"font-family: 'arial black', sans-serif; color: #870303;\">C\u00eenayet\u00ean sala 2021an<\/span><\/h1>\n<h3><span style=\"font-family: 'arial black', sans-serif; color: #870303;\">1-\u015eewitandina bi sax\u00ee ya hemwelat\u00eeyek\u00ee li binara Qend\u00eel\u00ea.<\/span><\/h3>\n<ul>\n<li>\n<h3><span style=\"font-family: arial, helvetica, sans-serif;\">Cor\u00ea c\u00eenayet\u00ea: ku\u015ftin.<\/span><\/h3>\n<\/li>\n<li>\n<h3><span style=\"font-family: arial, helvetica, sans-serif;\">Dem: 14\/1\/2021.<\/span><\/h3>\n<\/li>\n<li>\n<h3><span style=\"font-family: arial, helvetica, sans-serif;\">Cih: dola Baleyan.<\/span><\/h3>\n<\/li>\n<\/ul>\n<p>[\/darkamazi_message][darkamazi_column_text]<\/p>\n<h3 style=\"text-align: justify;\"><span style=\"font-family: arial, helvetica, sans-serif;\">Li 14 meha 1 ya \u00eesal 2021an, hemwelatiy\u00ea bi nav\u00ea &#8220;Mistefa \u015eef\u00ee Wesan\u00ee&#8221; ku bi mistefa Wesan\u00ee t\u00ea nas kirin \u00fb y\u00eak ji kesatiy\u00ean dola Baleyan e \u00fb endam\u00ea kom\u00eeta nav\u00e7eya Qesr\u00ea ya PDK\u00ea ye, li nava erebeya xwe de \u015fewt\u00ee t\u00ea d\u00eetin, Mistefa di temena 60 saliy\u00ea de b\u00fb.<\/span><\/h3>\n<h3 style=\"text-align: justify;\"><span style=\"font-family: arial, helvetica, sans-serif;\">Malbat gomana qetil kirina w\u00ee ji PKK\u00ea dike, ji ber ku li \u00eavara heman roj\u00ea, berpirs\u00ea asay\u00ee\u015fa PKK\u00ea y\u00ea bi nav\u00ea &#8220;Taylend&#8221; li bazgeha asay\u00ee\u015fa gund\u00ea &#8220;Wesan&#8221; ev kes rawestandib\u00fb \u00fb j\u00eare gotb\u00fb ku \u00e7ekdarek\u00ee \u00fb hinek mazot\u00ea li gel xwe bibin \u00e7iyay\u00ea \u015e\u00eax Nasr.<\/span><\/h3>\n<h3 style=\"text-align: justify;\"><span style=\"font-family: arial, helvetica, sans-serif;\">R\u00eaxistina PKK\u00ea ev b\u00fbyera weh\u015f\u00ee ku kesek bi sax\u00ee were \u015fewtandin, li binara \u00e7iyay\u00ea Qend\u00eel\u00ea li dola Baleyan encam dab\u00fb.<\/span><\/h3>\n<p>[\/darkamazi_column_text][darkamazi_empty_space height=&#8221;26px&#8221;][\/darkamazi_column][\/darkamazi_row][darkamazi_row][darkamazi_column][darkamazi_message message_box_style=&#8221;3d&#8221; message_box_color=&#8221;chino&#8221;]<\/p>\n<h3><span style=\"font-family: 'arial black', sans-serif; color: #960303;\">2-Gef xwarin \u00fb bi zor birina erebeya hemwelat\u00eeyek\u00ee.<\/span><\/h3>\n<ul>\n<li>\n<h3><span style=\"font-family: arial, helvetica, sans-serif;\">Cor\u00ea c\u00eenayet\u00ea: gef xwarin \u00fb zor\u00ee.<\/span><\/h3>\n<\/li>\n<li>\n<h3><span style=\"font-family: arial, helvetica, sans-serif;\">Dem: 24\/2\/2021.<\/span><\/h3>\n<\/li>\n<li>\n<h3><span style=\"font-family: arial, helvetica, sans-serif;\">C\u00eeh: gund\u00ea Xank\u00ea y\u00ea gir\u00eaday\u00ee Kan\u00ee Mas\u00ea.<\/span><\/h3>\n<\/li>\n<\/ul>\n<p>[\/darkamazi_message][darkamazi_column_text]<\/p>\n<h3 style=\"text-align: justify;\"><span style=\"font-family: arial, helvetica, sans-serif;\">Li roja 24 meha Sibata sala 2021an, d\u00fb \u00e7ekdar\u00ean PKK\u00ea li nav\u00e7eya Kan\u00ee Mas\u00ea bi ser mala hemwelatiy\u00ea bi nav\u00ea &#8220;Mihemed His\u00ean&#8221; de girtin, wan j\u00ea xwest ew bi erebeya xwe cesed\u00ea ger\u00eelayek\u00ee ku di \u00ear\u00ee\u015feke heway\u00ee ya Tirkiy\u00ea de li dorbera gund\u00ea Xank\u00ea hatib\u00fb qetil kirin, bibin nav\u00e7eya M\u00eeska, l\u00ea bel\u00ea Mihemed raz\u00ee nabe v\u00ee kar\u00ee encam bide.<\/span><\/h3>\n<h3 style=\"text-align: justify;\"><span style=\"font-family: arial, helvetica, sans-serif;\">Pi\u015ftre \u00e7ekdar\u00ean PKK\u00ea gef l\u00ea xwarin \u00fb pa\u015f ku \u015fere dev di n\u00eavbera wan de \u00e7\u00eab\u00fby, \u00e7ekdaran erebeya w\u00ee bi zor\u00ee j\u00ea stand.<\/span><\/h3>\n<p>[\/darkamazi_column_text][darkamazi_empty_space height=&#8221;26px&#8221;][darkamazi_message message_box_style=&#8221;3d&#8221; message_box_color=&#8221;chino&#8221;]<\/p>\n<h3><span style=\"font-family: 'arial black', sans-serif; color: #8f0101;\">3-R\u00eagir\u00ee kirin li wez\u00eefedar\u00ean fermangeha elektir\u00eek\u00ea bo \u00e7areser kirina elektir\u00eeka gundan.<\/span><\/h3>\n<ul>\n<li>\n<h3><span style=\"font-family: arial, helvetica, sans-serif;\">Cor\u00ea c\u00eenayet\u00ea: r\u00ea girtin li wez\u00eefedar\u00ean hik\u00fbmet\u00ea.<\/span><\/h3>\n<\/li>\n<li>\n<h3><span style=\"font-family: arial, helvetica, sans-serif;\">Dem: 4\/2\/2021.<\/span><\/h3>\n<\/li>\n<li>\n<h3><span style=\"font-family: arial, helvetica, sans-serif;\">Cih gund\u00ea Jol\u00ea y\u00ea gir\u00eaday\u00ee \u00c7emank\u00ea<\/span>.<\/h3>\n<\/li>\n<\/ul>\n<p>[\/darkamazi_message][darkamazi_column_text]<\/p>\n<h3 style=\"text-align: justify;\"><span style=\"font-family: arial, helvetica, sans-serif;\">Li roja 2 Sibata \u00eesal, t\u00eemeke wez\u00eefedar\u00ean fermangeha elektir\u00eek\u00ea ji boy \u00e7areser kirina elektir\u00eek gund\u00ean &#8220;Jol\u00ea, H\u00eezank\u00ea \u00fb B\u00ealmend\u00ea&#8221; ber bi nav\u00e7eya \u00c7emank\u00ea bi r\u00ea ketin, l\u00ea bel\u00ea ew ji h\u00eala \u00e7ekdar\u00ean PKK\u00ea ve hatin tehd\u00eed kirin \u00fb \u00e7ekdaran nehi\u015ft ew derbas\u00ee wan gundan bibin \u00fb kar\u00ea xwe encam bidin.<\/span><\/h3>\n<h3 style=\"text-align: justify;\"><span style=\"font-family: arial, helvetica, sans-serif;\">\u00c7ekdar\u00ean PKK\u00ea bi mators\u00eeklan bi d\u00fb wan ketin \u00fb j\u00eare gotin ku nabe p\u00eey\u00ean we careke din bikeve v\u00ea nav\u00e7ey\u00ea.<\/span><\/h3>\n<p>[\/darkamazi_column_text][darkamazi_empty_space height=&#8221;26px&#8221;][darkamazi_message message_box_style=&#8221;3d&#8221; message_box_color=&#8221;chino&#8221;]<\/p>\n<h3><span style=\"font-family: 'arial black', sans-serif; color: #910303;\">4-TNT kirina r\u00eaya gi\u015ft\u00ee ya gundan.<\/span><\/h3>\n<ul>\n<li>\n<h3><span style=\"font-family: arial, helvetica, sans-serif;\">Cor\u00ea c\u00eenayet\u00ea: teror \u00fb TNT kirina r\u00eakan.<\/span><\/h3>\n<\/li>\n<li>\n<h3><span style=\"font-family: arial, helvetica, sans-serif;\">Dem: 1\/3\/2021.<\/span><\/h3>\n<\/li>\n<li>\n<h3><span style=\"font-family: arial, helvetica, sans-serif;\">Cih: gund\u00ea Tirwani\u015f gir\u00eaday\u00ee Kan\u00ee Mas\u00ea.<\/span><\/h3>\n<\/li>\n<\/ul>\n<p>[\/darkamazi_message][darkamazi_column_text]<\/p>\n<h3 style=\"text-align: justify;\"><span style=\"font-family: arial, helvetica, sans-serif;\">\u00c7ekdar\u00ean PKK\u00ea li yek\u00ea meha Adara \u00eesal 2021an, du gulley\u00ean RBG ku pir\u00ee TNT kirb\u00fbn \u00fb xistib\u00fbne di nava boryeke asin\u00ee de, li ser r\u00eaya sereke ya gund\u00ea Tirwani\u015f dan\u00eeb\u00fb.<\/span><\/h3>\n<h3 style=\"text-align: justify;\"><span style=\"font-family: arial, helvetica, sans-serif;\">Pi\u015ftre h\u00eaz\u00ean p\u00ea\u015fmerge \u00fb ewlehiy\u00ea y\u00ean Ba\u015f\u00fbr\u00ea Kurdistan\u00ea, kar\u00een v\u00ea hewla \u00e7epel ya PKK\u00ea ji nav bibin.<\/span><\/h3>\n<p>[\/darkamazi_column_text][darkamazi_empty_space height=&#8221;26px&#8221;][darkamazi_message message_box_style=&#8221;3d&#8221; message_box_color=&#8221;chino&#8221;]<\/p>\n<h3><span style=\"font-family: 'arial black', sans-serif; color: #8c0101;\">5-Revandina du siv\u00eelan bi hinceta ajan b\u00fbn\u00ea.<\/span><\/h3>\n<ul>\n<li>\n<h3><span style=\"font-family: arial, helvetica, sans-serif;\">Cor\u00ea c\u00eenayet\u00ea: revandin.<\/span><\/h3>\n<\/li>\n<li>\n<h3><span style=\"font-family: arial, helvetica, sans-serif;\">Dem: 16\/11\/2020 \u00fb 4\/1\/2021<\/span><\/h3>\n<\/li>\n<li>\n<h3><span style=\"font-family: arial, helvetica, sans-serif;\">Cih: gund\u00ea Bokir\u00eeskan li binara Qend\u00eel\u00ea.<\/span><\/h3>\n<\/li>\n<\/ul>\n<p>[\/darkamazi_message][darkamazi_column_text]<\/p>\n<h3 style=\"text-align: justify;\"><span style=\"font-family: arial, helvetica, sans-serif;\">Pa\u015f ku li roja 16 \u00e7ir\u00eeya pa\u015f\u00een ya sala 2020an r\u00eaxistina PKK\u00ea d\u00fb hemwilatiy\u00ean siv\u00eel bi nav\u00ean &#8220;Qareman Ebdulla Sof\u00ee M\u00eene&#8221; \u00fb &#8220;Tuwana Hac\u00ee Sof\u00ee M\u00eene&#8221; ji gund\u00ea Bokir\u00eeskan y\u00ea binara Qend\u00eel\u00ea revand\u00een, li roja 4 meha Kan\u00fbna duyem\u00een ya sala 2021an, \u00e7ekdar\u00ean PKK\u00ea ketin nava gund \u00fb \u015f\u00eaniy\u00ean gund li mizgeft\u00ea kom kirin \u00fb j\u00eare gotin ku ev herdu hemwilatiy\u00ean ku wan revandine, s\u00eexur\u00ee kir\u00eeye.<\/span><\/h3>\n<h3 style=\"text-align: justify;\"><span style=\"font-family: arial, helvetica, sans-serif;\">\u00c7ekdar\u00ean PKK\u00ea ji \u015f\u00eaniy\u00ean gund re got ku ew\u00ea danp\u00eadan\u00ean wan belav bikin, l\u00ea ya rast PKK\u00ea ev kare weke tehd\u00eed ji boy \u015f\u00eaniy\u00ean gund encam daye \u00fb h\u00eajan \u00e7arenv\u00eesa van revand\u00eeyan nediyar e.<\/span><\/h3>\n<p>[\/darkamazi_column_text][darkamazi_empty_space height=&#8221;26px&#8221;][darkamazi_message message_box_style=&#8221;3d&#8221; message_box_color=&#8221;chino&#8221;]<\/p>\n<h3><span style=\"font-family: 'arial black', sans-serif; color: #8c0303;\">6-Gef xwarin bi ku\u015ftin\u00ea li \u015f\u00eaniy\u00ean gund\u00ea K\u00easte.<\/span><\/h3>\n<ul>\n<li>\n<h3><span style=\"font-family: arial, helvetica, sans-serif;\">Cor\u00ea c\u00eenayet\u00ea: gef xwarin bi ku\u015ftin\u00ea.<\/span><\/h3>\n<\/li>\n<li>\n<h3><span style=\"font-family: arial, helvetica, sans-serif;\">Dem: 31\/1\/2021.<\/span><\/h3>\n<\/li>\n<li>\n<h3><span style=\"font-family: arial, helvetica, sans-serif;\">Cih: gund\u00ea K\u00easte gir\u00eaday\u00ee Kan\u00ee Mas\u00ea.<\/span><\/h3>\n<\/li>\n<\/ul>\n<p>[\/darkamazi_message][darkamazi_column_text]<\/p>\n<h3 style=\"text-align: justify;\"><span style=\"font-family: arial, helvetica, sans-serif;\">Du \u00e7ekdar\u00ean PKK\u00ea bi r\u00eaya tun\u00ealek\u00ea li nav\u00e7eya &#8220;Gamexel\u00ea&#8221; ku dikeve rojhilata gund\u00ea &#8220;K\u00easte&#8221; y\u00ea ser bi Kan\u00ee Mas\u00ea, \u00e7\u00fbne ber deriy\u00ea mala hemwilat\u00ee y\u00ea bi nav\u00ea &#8220;Zek\u00ee K\u00eastey\u00ee&#8221; ku qadroy\u00ea kom\u00eeta Kan\u00ee Mas\u00ea ya PDK\u00ea ye.<\/span><\/h3>\n<h3 style=\"text-align: justify;\"><span style=\"font-family: arial, helvetica, sans-serif;\">\u00c7ekdar\u00ean PKK\u00ea ev qadroy\u00ea PDK\u00ea \u00fb \u015f\u00eaniy\u00ean gund bi ku\u015ftin\u00ea tehd\u00eed kirin, bi hinceta w\u00ea yek\u00ea ku wan elektir\u00eek ji ton\u00eala PKK\u00ea qut kirine.<\/span><\/h3>\n<h3 style=\"text-align: justify;\"><span style=\"font-family: arial, helvetica, sans-serif;\">PKK\u00ea ji \u015f\u00eaniy\u00ean gund\u00ea K\u00easte re gotin ku ew\u00ea hinek ji \u015f\u00eaniyan qetil bikin.<\/span><\/h3>\n<p>[\/darkamazi_column_text][darkamazi_empty_space height=&#8221;26px&#8221;][darkamazi_message message_box_style=&#8221;3d&#8221; message_box_color=&#8221;chino&#8221;]<\/p>\n<h3><span style=\"font-family: 'arial black', sans-serif; color: #870303;\">7-Revandina 3 hemwilatiy\u00ean Duhok\u00ea.<\/span><\/h3>\n<ul>\n<li>\n<h3><span style=\"font-family: arial, helvetica, sans-serif;\">Cor\u00ea c\u00eenayet\u00ea: revandin \u00fb tehd\u00eed kirin.<\/span><\/h3>\n<\/li>\n<li>\n<h3><span style=\"font-family: arial, helvetica, sans-serif;\">Dem: 29\/1\/2021.<\/span><\/h3>\n<\/li>\n<li>\n<h3><span style=\"font-family: arial, helvetica, sans-serif;\">Cih: Berwar\u00ee Bala \u2013 s\u00eenor\u00ea Kan\u00ee Mas\u00ea.<\/span><\/h3>\n<\/li>\n<\/ul>\n<p>[\/darkamazi_message][darkamazi_column_text]<\/p>\n<h3 style=\"text-align: justify;\"><span style=\"font-family: arial, helvetica, sans-serif;\">Li roja 29 Kan\u00fbna duyem\u00een ya sala 2021an, \u00e7ekdar\u00ean PKK\u00ea 3 hemwilatiy\u00ean par\u00eazgeh\u00eeya Duhok\u00ea bi nav\u00ea &#8220;Barzan\u00ee Umer Mihemed&#8221; ji gund\u00ea Ore, &#8220;Heval Ebdulla Ehmed&#8221; ji gund\u00ea ore \u00fb &#8220;Armanc Z\u00eeyad Mihemed&#8221; ji gund\u00ea T\u00eeler\u00ea ku bi mebesta geryan\u00ea \u00e7\u00fbb\u00fbn nav\u00e7eya Berwar\u00ee Bala, desteser kirin.<\/span><\/h3>\n<h3 style=\"text-align: justify;\"><span style=\"font-family: arial, helvetica, sans-serif;\">\u00c7ekdar\u00ean PKK\u00ea ev 3 hemwilat\u00ee li gel xwe birin \u00fb pa\u015f ku w\u00eaney\u00ean wan girtin, mobayl\u00ean wan j\u00ea standin \u00fb ew tehd\u00eed kirin.<\/span><\/h3>\n<p>[\/darkamazi_column_text][darkamazi_empty_space height=&#8221;26px&#8221;][darkamazi_message message_box_style=&#8221;3d&#8221; message_box_color=&#8221;chino&#8221;]<\/p>\n<h3><span style=\"font-family: 'arial black', sans-serif; color: #8c0303;\">8-Girtina r\u00eak\u00ean gi\u015ft\u00ee li hemwilatiyan \u00fb birina erebey\u00ean wan.<\/span><\/h3>\n<ul>\n<li>\n<h3><span style=\"font-family: arial, helvetica, sans-serif;\">Cor\u00ea c\u00eenayet\u00ea: zor\u00ee \u00fb diz\u00eena erebeyan.<\/span><\/h3>\n<\/li>\n<li>\n<h3><span style=\"font-family: arial, helvetica, sans-serif;\">Dem: 21\/1\/2021.<\/span><\/h3>\n<\/li>\n<li>\n<h3><span style=\"font-family: arial, helvetica, sans-serif;\">Cih: r\u00eaya sereke ya \u00e7iyay\u00ea Sada li s\u00eenor\u00ea nav\u00e7eya Bic\u00eal.<\/span><\/h3>\n<\/li>\n<\/ul>\n<p>[\/darkamazi_message][darkamazi_column_text]<\/p>\n<h3 style=\"text-align: justify;\"><span style=\"font-family: arial, helvetica, sans-serif;\">Li roja 21 Kan\u00fbna duyem\u00een ya 2021an, n\u00eaz\u00ee 12 \u00e7ekdar\u00ean r\u00eaxistina PKK\u00ea hatine ser r\u00eaya sereke ya \u00e7iyay\u00ea &#8220;Sada&#8221; ku dikeve s\u00eenor\u00ea bajarok\u00ea Bic\u00eal \u00fb r\u00ea li wan hemwilatiyan girt y\u00ean ku di xwestin bi\u00e7in seyran\u00ea li nav\u00e7ey\u00ean berf\u00een.<\/span><\/h3>\n<h3 style=\"text-align: justify;\"><span style=\"font-family: arial, helvetica, sans-serif;\">Wan \u00e7ekdar\u00ean PKK\u00ea ji hemwilatiyan xwest ku erebey\u00ean xwe tesl\u00eem bikin ji bo ku hinek kar\u00ean xwe p\u00ea encam bidin, l\u00ea bel\u00ea tu y\u00eak ji wan hemwilatiyan raz\u00ee nabe erebeya xwe bi \u00e7ekdar\u00ean PKK\u00ea bide, loma \u00e7ekdaran nehi\u015ft tu y\u00eak ji wan derbas\u00ee \u00e7iya bibe \u00fb hem\u00fb vegerandin Bic\u00eal\u00ea.<\/span><\/h3>\n<p>[\/darkamazi_column_text][darkamazi_empty_space height=&#8221;26px&#8221;][darkamazi_message message_box_style=&#8221;3d&#8221; message_box_color=&#8221;chino&#8221;]<\/p>\n<h3><span style=\"font-family: 'arial black', sans-serif; color: #8c0606;\">9-Kolana tunel\u00ea di nava gund de \u00fb Bir\u00eendar b\u00fbna 3 \u015f\u00eaniyan.<\/span><\/h3>\n<ul>\n<li>\n<h3><span style=\"font-family: arial, helvetica, sans-serif;\">Cor\u00ea c\u00eenayet\u00ea: tevgera PKK\u00ea di nava gund de.<\/span><\/h3>\n<\/li>\n<li>\n<h3><span style=\"font-family: arial, helvetica, sans-serif;\">Dem: 22\/1\/2021.<\/span><\/h3>\n<\/li>\n<li>\n<h3><span style=\"font-family: arial, helvetica, sans-serif;\">Cih: gund\u00ea Gir\u00ee y\u00ea gir\u00eaday\u00ee \u00c7emank\u00ea.<\/span><\/h3>\n<\/li>\n<\/ul>\n<p>[\/darkamazi_message][darkamazi_column_text]<\/p>\n<h3 style=\"text-align: justify;\"><span style=\"font-family: arial, helvetica, sans-serif;\">\u00c7ekdar\u00ean PKK\u00ea li n\u00eaz\u00ee gund\u00ea Gir\u00ee y\u00ea gir\u00eaday\u00ee nav\u00e7eya \u00c7emank\u00ea, tun\u00ealek kolab\u00fb \u00fb ev tunel b\u00fb sedem ku li roja 22 meha Kan\u00fbna duyem\u00een ya sala 2021an, balefir\u00ean Tirkiy\u00ea gund\u00ea navb\u00fbr\u00ee bordoman bikin \u00fb ev \u00ear\u00ee\u015f b\u00fb sedema bir\u00eendar ketina 3 \u015f\u00eaniyan, hem wext, zirar bi 4 erebeyan ket ku y\u00ean \u015f\u00eaniy\u00ean gund\u00ea Gir\u00ee b\u00fbne.<\/span><\/h3>\n<h3 style=\"text-align: justify;\"><span style=\"font-family: arial, helvetica, sans-serif; color: #8f0000;\">H\u00eajay\u00ee gotin\u00ea ye, PKKe van c\u00eenayet\u00ean ku li ba\u015f\u00fbr\u00ea Kurdistan\u00ea encam dide, ji bo xwe bi berxwedan \u00fb leheng\u00ee hesab dike, berxwedana ku PKKe qala w\u00ea dike, ew leheng\u00ee ye ya ku r\u00eaxistin li ser ser\u00ea gel\u00ea belengaz\u00ea ba\u015f\u00fbr diyar dike.<\/span><\/h3>\n<p>[\/darkamazi_column_text][darkamazi_empty_space height=&#8221;26px&#8221;][darkamazi_message message_box_style=&#8221;3d&#8221; message_box_color=&#8221;black&#8221;]<\/p>\n<h1 style=\"text-align: center;\"><span style=\"font-family: 'arial black', sans-serif; color: #ffffff;\">Di be\u015fa duyem\u00een de, em\u00ea bas li 15 c\u00eenayet\u00ean din \u00ean r\u00eaxistina PKK\u00ea y\u00ean sala 2020an bikin.<\/span><\/h1>\n<p>[\/darkamazi_message][\/darkamazi_column][\/darkamazi_row][darkamazi_row css=&#8221;.darkamazi_custom_1623165894749{padding-bottom: 10px !important;}&#8221;][darkamazi_column][mpc_alert preset=&#8221;mpc_preset_24&#8243; icon=&#8221;eti eti_link&#8221; icon_color=&#8221;#ffffff&#8221; icon_size=&#8221;30&#8243; icon_background_color=&#8221;#df5461&#8243; icon_padding_divider=&#8221;true&#8221; icon_padding_css=&#8221;padding-top:25px;padding-right:25px;padding-bottom:25px;padding-left:25px;&#8221; font_preset=&#8221;mpc_preset_13&#8243; font_color=&#8221;#ffffff&#8221; font_size=&#8221;20&#8243; font_transform=&#8221;none&#8221; font_align=&#8221;center&#8221; content_padding_divider=&#8221;true&#8221; content_padding_css=&#8221;padding-top:10px;padding-right:15px;padding-bottom:0px;padding-left:15px;&#8221; background_type=&#8221;gradient&#8221; background_gradient=&#8221;#d14945||#e5825e||0;100||90||linear&#8221; border_divider=&#8221;true&#8221; border_css=&#8221;border-top:0px;border-right:0px;border-bottom:3px;border-left:0px;border-color:#bc3a5d;border-style:solid;border-radius:5px;&#8221; padding_divider=&#8221;true&#8221; margin_divider=&#8221;true&#8221; mpc_ribbon__disable=&#8221;true&#8221;]<\/p>\n<h1 style=\"direction: rtl; text-align: center;\"><span style=\"font-size: 18pt;\"><a href=\"https:\/\/darkamazi.info\/archives\/1021991\" rel=\"noopener\"><span style=\"color: #ffffff;\"><strong>Bo d\u00eetina be\u015f\u00ea 2 kil\u00eek bike<\/strong><\/span><\/a><\/span><\/h1>\n<p>[\/mpc_alert][\/darkamazi_column][\/darkamazi_row][darkamazi_row css=&#8221;.darkamazi_custom_1623165903908{padding-bottom: 10px !important;}&#8221;][darkamazi_column][mpc_alert preset=&#8221;mpc_preset_24&#8243; icon=&#8221;eti eti_link&#8221; icon_color=&#8221;#ffffff&#8221; icon_size=&#8221;30&#8243; icon_background_color=&#8221;#df5461&#8243; icon_padding_divider=&#8221;true&#8221; icon_padding_css=&#8221;padding-top:25px;padding-right:25px;padding-bottom:25px;padding-left:25px;&#8221; font_preset=&#8221;mpc_preset_13&#8243; font_color=&#8221;#ffffff&#8221; font_size=&#8221;20&#8243; font_transform=&#8221;none&#8221; font_align=&#8221;center&#8221; content_padding_divider=&#8221;true&#8221; content_padding_css=&#8221;padding-top:10px;padding-right:15px;padding-bottom:0px;padding-left:15px;&#8221; background_type=&#8221;gradient&#8221; background_gradient=&#8221;#d14945||#e5825e||0;100||90||linear&#8221; border_divider=&#8221;true&#8221; border_css=&#8221;border-top:0px;border-right:0px;border-bottom:3px;border-left:0px;border-color:#bc3a5d;border-style:solid;border-radius:5px;&#8221; padding_divider=&#8221;true&#8221; margin_divider=&#8221;true&#8221; mpc_ribbon__disable=&#8221;true&#8221;]<\/p>\n<h1 style=\"direction: rtl; text-align: center;\"><span style=\"font-size: 18pt;\"><a href=\"https:\/\/darkamazi.info\/archives\/1022021\" rel=\"noopener\"><span style=\"color: #ffffff;\"><strong>Bo d\u00eetina be\u015f\u00ea 3 kil\u00eek bike<\/strong><\/span><\/a><\/span><\/h1>\n<p>[\/mpc_alert][\/darkamazi_column][\/darkamazi_row][darkamazi_row css=&#8221;.darkamazi_custom_1623165903908{padding-bottom: 10px !important;}&#8221;][darkamazi_column][mpc_alert preset=&#8221;mpc_preset_24&#8243; icon=&#8221;eti eti_link&#8221; icon_color=&#8221;#ffffff&#8221; icon_size=&#8221;30&#8243; icon_background_color=&#8221;#df5461&#8243; icon_padding_divider=&#8221;true&#8221; icon_padding_css=&#8221;padding-top:25px;padding-right:25px;padding-bottom:25px;padding-left:25px;&#8221; font_preset=&#8221;mpc_preset_13&#8243; font_color=&#8221;#ffffff&#8221; font_size=&#8221;20&#8243; font_transform=&#8221;none&#8221; font_align=&#8221;center&#8221; content_padding_divider=&#8221;true&#8221; content_padding_css=&#8221;padding-top:10px;padding-right:15px;padding-bottom:0px;padding-left:15px;&#8221; background_type=&#8221;gradient&#8221; background_gradient=&#8221;#d14945||#e5825e||0;100||90||linear&#8221; border_divider=&#8221;true&#8221; border_css=&#8221;border-top:0px;border-right:0px;border-bottom:3px;border-left:0px;border-color:#bc3a5d;border-style:solid;border-radius:5px;&#8221; padding_divider=&#8221;true&#8221; margin_divider=&#8221;true&#8221; mpc_ribbon__disable=&#8221;true&#8221;]<\/p>\n<h1 style=\"direction: rtl; text-align: center;\"><span style=\"font-size: 18pt;\"><a href=\"https:\/\/darkamazi.info\/archives\/1022467\" rel=\"noopener\"><span style=\"color: #ffffff;\"><strong>Bo d\u00eetina be\u015f\u00ea 4 kil\u00eek bike<\/strong><\/span><\/a><\/span><\/h1>\n<p>[\/mpc_alert][\/darkamazi_column][\/darkamazi_row][darkamazi_row css=&#8221;.darkamazi_custom_1623165903908{padding-bottom: 10px !important;}&#8221;][darkamazi_column][mpc_alert preset=&#8221;mpc_preset_24&#8243; icon=&#8221;eti eti_link&#8221; icon_color=&#8221;#ffffff&#8221; icon_size=&#8221;30&#8243; icon_background_color=&#8221;#df5461&#8243; icon_padding_divider=&#8221;true&#8221; icon_padding_css=&#8221;padding-top:25px;padding-right:25px;padding-bottom:25px;padding-left:25px;&#8221; font_preset=&#8221;mpc_preset_13&#8243; font_color=&#8221;#ffffff&#8221; font_size=&#8221;20&#8243; font_transform=&#8221;none&#8221; font_align=&#8221;center&#8221; content_padding_divider=&#8221;true&#8221; content_padding_css=&#8221;padding-top:10px;padding-right:15px;padding-bottom:0px;padding-left:15px;&#8221; background_type=&#8221;gradient&#8221; background_gradient=&#8221;#d14945||#e5825e||0;100||90||linear&#8221; border_divider=&#8221;true&#8221; border_css=&#8221;border-top:0px;border-right:0px;border-bottom:3px;border-left:0px;border-color:#bc3a5d;border-style:solid;border-radius:5px;&#8221; padding_divider=&#8221;true&#8221; margin_divider=&#8221;true&#8221; mpc_ribbon__disable=&#8221;true&#8221;]<\/p>\n<h1 style=\"direction: rtl; text-align: center;\"><span style=\"font-size: 18pt;\"><a href=\"https:\/\/darkamazi.info\/archives\/1023187\" rel=\"noopener\"><span style=\"color: #ffffff;\"><strong>Bo d\u00eetina be\u015f\u00ea 5 kil\u00eek bike<\/strong><\/span><\/a><\/span><\/h1>\n<p>[\/mpc_alert][\/darkamazi_column][\/darkamazi_row]<\/p>\n<\/div>","protected":false},"excerpt":{"rendered":"<p>[darkamazi_row][darkamazi_column][darkamazi_video link=&#8221;https:\/\/www.youtube.com\/watch?v=yJNF2IBiUPo&#8221; align=&#8221;center&#8221;][darkamazi_column_text] R\u00eaxistina PKK\u00ea ji roja ku ket\u00eeye di ba\u015f\u00fbr\u00ea Kurdistan\u00ea de, ti ti\u015ft nemaye ku bi ser\u00ea v\u00ea per\u00e7eya Kurdistan\u00ea nean\u00eebe, ev nexwe\u015fiya gemar ya ku ji Bakur ve hat\u00ee, bi qas\u00ee dewlet\u00ean dagirker zirar li kurdan xistiye, kurd\u00ean ba\u015f\u00fbr rexm\u00ea bext re\u015f\u00eeya xwe na\u00e7ar maye, z\u00eadebar\u00ee ser mil ragirtina zora dagirkeran, zora [&hellip;]<\/p>\n","protected":false},"author":2,"featured_media":1021137,"comment_status":"closed","ping_status":"closed","sticky":false,"template":"epic_custom_post_template-1006382","format":"video","meta":{"footnotes":""},"categories":[65],"tags":[37],"class_list":["post-1021127","post","type-post","status-publish","format-video","has-post-thumbnail","hentry","category-vidiyo","tag-sereke","post_format-post-format-video"],"blocksy_meta":[],"seo_head":"<!-- This site is optimized with the Yoast SEO plugin v27.5 - https:\/\/yoast.com\/product\/yoast-seo-wordpress\/ -->\n<title>Afyona gelan \u00fb Afyona kurdan - Be\u015f\u00ea 1 - Darka Maz\u00ee<\/title>\n<meta name=\"robots\" content=\"index, follow, max-snippet:-1, max-image-preview:large, max-video-preview:-1\" \/>\n<link rel=\"canonical\" href=\"https:\/\/darkamazi.info\/archives\/1021127\" \/>\n<meta property=\"og:locale\" content=\"en_US\" \/>\n<meta property=\"og:type\" content=\"article\" \/>\n<meta property=\"og:title\" content=\"Afyona gelan \u00fb Afyona kurdan - Be\u015f\u00ea 1 - Darka Maz\u00ee\" \/>\n<meta property=\"og:description\" content=\"[darkamazi_row][darkamazi_column][darkamazi_video link=&#8221;https:\/\/www.youtube.com\/watch?v=yJNF2IBiUPo&#8221; align=&#8221;center&#8221;][darkamazi_column_text] R\u00eaxistina PKK\u00ea ji roja ku ket\u00eeye di ba\u015f\u00fbr\u00ea Kurdistan\u00ea de, ti ti\u015ft nemaye ku bi ser\u00ea v\u00ea per\u00e7eya Kurdistan\u00ea nean\u00eebe, ev nexwe\u015fiya gemar ya ku ji Bakur ve hat\u00ee, bi qas\u00ee dewlet\u00ean dagirker zirar li kurdan xistiye, kurd\u00ean ba\u015f\u00fbr rexm\u00ea bext re\u015f\u00eeya xwe na\u00e7ar maye, z\u00eadebar\u00ee ser mil ragirtina zora dagirkeran, zora [&hellip;]\" \/>\n<meta property=\"og:url\" content=\"https:\/\/darkamazi.info\/archives\/1021127\" \/>\n<meta property=\"og:site_name\" content=\"Darka Maz\u00ee\" \/>\n<meta property=\"article:publisher\" content=\"https:\/\/www.facebook.com\/DarMaziKurmanci\" \/>\n<meta property=\"article:published_time\" content=\"2021-04-19T15:25:33+00:00\" \/>\n<meta property=\"article:modified_time\" content=\"2021-08-03T19:36:32+00:00\" \/>\n<meta property=\"og:image\" content=\"https:\/\/darkamazi.info\/file\/2021\/04\/tawan-2021.jpg\" \/>\n\t<meta property=\"og:image:width\" content=\"900\" \/>\n\t<meta property=\"og:image:height\" content=\"500\" \/>\n\t<meta property=\"og:image:type\" content=\"image\/jpeg\" \/>\n<meta name=\"author\" content=\"darka mazi\" \/>\n<meta name=\"twitter:card\" content=\"summary_large_image\" \/>\n<meta name=\"twitter:creator\" content=\"@DarkaMaziLatini\" \/>\n<meta name=\"twitter:site\" content=\"@DarkaMaziLatini\" \/>\n<meta name=\"twitter:label1\" content=\"Written by\" \/>\n\t<meta name=\"twitter:data1\" content=\"darka mazi\" \/>\n\t<meta name=\"twitter:label2\" content=\"Est. reading time\" \/>\n\t<meta name=\"twitter:data2\" content=\"8 minutes\" \/>\n<script type=\"application\/ld+json\" class=\"seo-schema-graph\">{\"@context\":\"https:\\\/\\\/schema.org\",\"@graph\":[{\"@type\":\"Article\",\"@id\":\"https:\\\/\\\/darkamazi.info\\\/archives\\\/1021127#article\",\"isPartOf\":{\"@id\":\"https:\\\/\\\/darkamazi.info\\\/archives\\\/1021127\"},\"author\":{\"name\":\"darka mazi\",\"@id\":\"https:\\\/\\\/darkamazi.info\\\/#\\\/schema\\\/person\\\/5ad3e24553a0567993fa8ed4bd0a776c\"},\"headline\":\"Afyona gelan \u00fb Afyona kurdan &#8211; Be\u015f\u00ea 1\",\"datePublished\":\"2021-04-19T15:25:33+00:00\",\"dateModified\":\"2021-08-03T19:36:32+00:00\",\"mainEntityOfPage\":{\"@id\":\"https:\\\/\\\/darkamazi.info\\\/archives\\\/1021127\"},\"wordCount\":2614,\"publisher\":{\"@id\":\"https:\\\/\\\/darkamazi.info\\\/#organization\"},\"image\":{\"@id\":\"https:\\\/\\\/darkamazi.info\\\/archives\\\/1021127#primaryimage\"},\"thumbnailUrl\":\"https:\\\/\\\/darkamazi.info\\\/darka-content\\\/uploads\\\/2021\\\/04\\\/tawan-2021.jpg\",\"keywords\":[\"sereke\"],\"articleSection\":[\"V\u00eed\u00eeyo\"],\"inLanguage\":\"en-US\"},{\"@type\":\"WebPage\",\"@id\":\"https:\\\/\\\/darkamazi.info\\\/archives\\\/1021127\",\"url\":\"https:\\\/\\\/darkamazi.info\\\/archives\\\/1021127\",\"name\":\"Afyona gelan \u00fb Afyona kurdan - Be\u015f\u00ea 1 - Darka Maz\u00ee\",\"isPartOf\":{\"@id\":\"https:\\\/\\\/darkamazi.info\\\/#website\"},\"primaryImageOfPage\":{\"@id\":\"https:\\\/\\\/darkamazi.info\\\/archives\\\/1021127#primaryimage\"},\"image\":{\"@id\":\"https:\\\/\\\/darkamazi.info\\\/archives\\\/1021127#primaryimage\"},\"thumbnailUrl\":\"https:\\\/\\\/darkamazi.info\\\/darka-content\\\/uploads\\\/2021\\\/04\\\/tawan-2021.jpg\",\"datePublished\":\"2021-04-19T15:25:33+00:00\",\"dateModified\":\"2021-08-03T19:36:32+00:00\",\"breadcrumb\":{\"@id\":\"https:\\\/\\\/darkamazi.info\\\/archives\\\/1021127#breadcrumb\"},\"inLanguage\":\"en-US\",\"potentialAction\":[{\"@type\":\"ReadAction\",\"target\":[\"https:\\\/\\\/darkamazi.info\\\/archives\\\/1021127\"]}]},{\"@type\":\"ImageObject\",\"inLanguage\":\"en-US\",\"@id\":\"https:\\\/\\\/darkamazi.info\\\/archives\\\/1021127#primaryimage\",\"url\":\"https:\\\/\\\/darkamazi.info\\\/darka-content\\\/uploads\\\/2021\\\/04\\\/tawan-2021.jpg\",\"contentUrl\":\"https:\\\/\\\/darkamazi.info\\\/darka-content\\\/uploads\\\/2021\\\/04\\\/tawan-2021.jpg\",\"width\":900,\"height\":500,\"caption\":\"Afyona gelan \u00fb Afyona kurdan Be\u015f\u00ea - \u00ab1\u00bb\"},{\"@type\":\"BreadcrumbList\",\"@id\":\"https:\\\/\\\/darkamazi.info\\\/archives\\\/1021127#breadcrumb\",\"itemListElement\":[{\"@type\":\"ListItem\",\"position\":1,\"name\":\"Home\",\"item\":\"https:\\\/\\\/darkamazi.info\\\/\"},{\"@type\":\"ListItem\",\"position\":2,\"name\":\"Afyona gelan \u00fb Afyona kurdan &#8211; Be\u015f\u00ea 1\"}]},{\"@type\":\"WebSite\",\"@id\":\"https:\\\/\\\/darkamazi.info\\\/#website\",\"url\":\"https:\\\/\\\/darkamazi.info\\\/\",\"name\":\"Darka Maz\u00ee\",\"description\":\"P\u00eageha Zanyariy\u00ean Nebih\u00eest\u00ee\",\"publisher\":{\"@id\":\"https:\\\/\\\/darkamazi.info\\\/#organization\"},\"potentialAction\":[{\"@type\":\"SearchAction\",\"target\":{\"@type\":\"EntryPoint\",\"urlTemplate\":\"https:\\\/\\\/darkamazi.info\\\/?s={search_term_string}\"},\"query-input\":{\"@type\":\"PropertyValueSpecification\",\"valueRequired\":true,\"valueName\":\"search_term_string\"}}],\"inLanguage\":\"en-US\"},{\"@type\":\"Organization\",\"@id\":\"https:\\\/\\\/darkamazi.info\\\/#organization\",\"name\":\"Darka Maz\u00ee\",\"url\":\"https:\\\/\\\/darkamazi.info\\\/\",\"logo\":{\"@type\":\"ImageObject\",\"inLanguage\":\"en-US\",\"@id\":\"https:\\\/\\\/darkamazi.info\\\/#\\\/schema\\\/logo\\\/image\\\/\",\"url\":\"https:\\\/\\\/darkamazi.info\\\/darka-content\\\/uploads\\\/2017\\\/12\\\/darka-mazi-logo.png\",\"contentUrl\":\"https:\\\/\\\/darkamazi.info\\\/darka-content\\\/uploads\\\/2017\\\/12\\\/darka-mazi-logo.png\",\"width\":151,\"height\":75,\"caption\":\"Darka Maz\u00ee\"},\"image\":{\"@id\":\"https:\\\/\\\/darkamazi.info\\\/#\\\/schema\\\/logo\\\/image\\\/\"},\"sameAs\":[\"https:\\\/\\\/www.facebook.com\\\/DarMaziKurmanci\",\"https:\\\/\\\/x.com\\\/DarkaMaziLatini\",\"https:\\\/\\\/www.instagram.com\\\/darkamazi.kurmanci\\\/\",\"https:\\\/\\\/www.youtube.com\\\/channel\\\/UCa5HkTdmI8U1qCUFuTw8B2g\"]},{\"@type\":\"Person\",\"@id\":\"https:\\\/\\\/darkamazi.info\\\/#\\\/schema\\\/person\\\/5ad3e24553a0567993fa8ed4bd0a776c\",\"name\":\"darka mazi\",\"sameAs\":[\"https:\\\/\\\/darkamazi.info\\\/\"],\"url\":\"https:\\\/\\\/darkamazi.info\\\/archives\\\/author\\\/kurdi\"}]}<\/script>\n<!-- \/ Yoast SEO plugin. -->","seo_head_json":{"title":"Afyona gelan \u00fb Afyona kurdan - Be\u015f\u00ea 1 - Darka Maz\u00ee","robots":{"index":"index","follow":"follow","max-snippet":"max-snippet:-1","max-image-preview":"max-image-preview:large","max-video-preview":"max-video-preview:-1"},"canonical":"https:\/\/darkamazi.info\/archives\/1021127","og_locale":"en_US","og_type":"article","og_title":"Afyona gelan \u00fb Afyona kurdan - Be\u015f\u00ea 1 - Darka Maz\u00ee","og_description":"[darkamazi_row][darkamazi_column][darkamazi_video link=&#8221;https:\/\/www.youtube.com\/watch?v=yJNF2IBiUPo&#8221; align=&#8221;center&#8221;][darkamazi_column_text] R\u00eaxistina PKK\u00ea ji roja ku ket\u00eeye di ba\u015f\u00fbr\u00ea Kurdistan\u00ea de, ti ti\u015ft nemaye ku bi ser\u00ea v\u00ea per\u00e7eya Kurdistan\u00ea nean\u00eebe, ev nexwe\u015fiya gemar ya ku ji Bakur ve hat\u00ee, bi qas\u00ee dewlet\u00ean dagirker zirar li kurdan xistiye, kurd\u00ean ba\u015f\u00fbr rexm\u00ea bext re\u015f\u00eeya xwe na\u00e7ar maye, z\u00eadebar\u00ee ser mil ragirtina zora dagirkeran, zora [&hellip;]","og_url":"https:\/\/darkamazi.info\/archives\/1021127","og_site_name":"Darka Maz\u00ee","article_publisher":"https:\/\/www.facebook.com\/DarMaziKurmanci","article_published_time":"2021-04-19T15:25:33+00:00","article_modified_time":"2021-08-03T19:36:32+00:00","og_image":[{"width":900,"height":500,"url":"https:\/\/darkamazi.info\/file\/2021\/04\/tawan-2021.jpg","type":"image\/jpeg"}],"author":"darka mazi","twitter_card":"summary_large_image","twitter_creator":"@DarkaMaziLatini","twitter_site":"@DarkaMaziLatini","twitter_misc":{"Written by":"darka mazi","Est. reading time":"8 minutes"},"schema":{"@context":"https:\/\/schema.org","@graph":[{"@type":"Article","@id":"https:\/\/darkamazi.info\/archives\/1021127#article","isPartOf":{"@id":"https:\/\/darkamazi.info\/archives\/1021127"},"author":{"name":"darka mazi","@id":"https:\/\/darkamazi.info\/#\/schema\/person\/5ad3e24553a0567993fa8ed4bd0a776c"},"headline":"Afyona gelan \u00fb Afyona kurdan &#8211; Be\u015f\u00ea 1","datePublished":"2021-04-19T15:25:33+00:00","dateModified":"2021-08-03T19:36:32+00:00","mainEntityOfPage":{"@id":"https:\/\/darkamazi.info\/archives\/1021127"},"wordCount":2614,"publisher":{"@id":"https:\/\/darkamazi.info\/#organization"},"image":{"@id":"https:\/\/darkamazi.info\/archives\/1021127#primaryimage"},"thumbnailUrl":"https:\/\/darkamazi.info\/file\/2021\/04\/tawan-2021.jpg","keywords":["sereke"],"articleSection":["V\u00eed\u00eeyo"],"inLanguage":"en-US"},{"@type":"WebPage","@id":"https:\/\/darkamazi.info\/archives\/1021127","url":"https:\/\/darkamazi.info\/archives\/1021127","name":"Afyona gelan \u00fb Afyona kurdan - Be\u015f\u00ea 1 - Darka Maz\u00ee","isPartOf":{"@id":"https:\/\/darkamazi.info\/#website"},"primaryImageOfPage":{"@id":"https:\/\/darkamazi.info\/archives\/1021127#primaryimage"},"image":{"@id":"https:\/\/darkamazi.info\/archives\/1021127#primaryimage"},"thumbnailUrl":"https:\/\/darkamazi.info\/file\/2021\/04\/tawan-2021.jpg","datePublished":"2021-04-19T15:25:33+00:00","dateModified":"2021-08-03T19:36:32+00:00","breadcrumb":{"@id":"https:\/\/darkamazi.info\/archives\/1021127#breadcrumb"},"inLanguage":"en-US","potentialAction":[{"@type":"ReadAction","target":["https:\/\/darkamazi.info\/archives\/1021127"]}]},{"@type":"ImageObject","inLanguage":"en-US","@id":"https:\/\/darkamazi.info\/archives\/1021127#primaryimage","url":"https:\/\/darkamazi.info\/file\/2021\/04\/tawan-2021.jpg","contentUrl":"https:\/\/darkamazi.info\/file\/2021\/04\/tawan-2021.jpg","width":900,"height":500,"caption":"Afyona gelan \u00fb Afyona kurdan Be\u015f\u00ea - \u00ab1\u00bb"},{"@type":"BreadcrumbList","@id":"https:\/\/darkamazi.info\/archives\/1021127#breadcrumb","itemListElement":[{"@type":"ListItem","position":1,"name":"Home","item":"https:\/\/darkamazi.info\/"},{"@type":"ListItem","position":2,"name":"Afyona gelan \u00fb Afyona kurdan &#8211; Be\u015f\u00ea 1"}]},{"@type":"WebSite","@id":"https:\/\/darkamazi.info\/#website","url":"https:\/\/darkamazi.info\/","name":"Darka Maz\u00ee","description":"P\u00eageha Zanyariy\u00ean Nebih\u00eest\u00ee","publisher":{"@id":"https:\/\/darkamazi.info\/#organization"},"potentialAction":[{"@type":"SearchAction","target":{"@type":"EntryPoint","urlTemplate":"https:\/\/darkamazi.info\/?s={search_term_string}"},"query-input":{"@type":"PropertyValueSpecification","valueRequired":true,"valueName":"search_term_string"}}],"inLanguage":"en-US"},{"@type":"Organization","@id":"https:\/\/darkamazi.info\/#organization","name":"Darka Maz\u00ee","url":"https:\/\/darkamazi.info\/","logo":{"@type":"ImageObject","inLanguage":"en-US","@id":"https:\/\/darkamazi.info\/#\/schema\/logo\/image\/","url":"https:\/\/darkamazi.info\/file\/2017\/12\/darka-mazi-logo.png","contentUrl":"https:\/\/darkamazi.info\/file\/2017\/12\/darka-mazi-logo.png","width":151,"height":75,"caption":"Darka Maz\u00ee"},"image":{"@id":"https:\/\/darkamazi.info\/#\/schema\/logo\/image\/"},"sameAs":["https:\/\/www.facebook.com\/DarMaziKurmanci","https:\/\/x.com\/DarkaMaziLatini","https:\/\/www.instagram.com\/darkamazi.kurmanci\/","https:\/\/www.youtube.com\/channel\/UCa5HkTdmI8U1qCUFuTw8B2g"]},{"@type":"Person","@id":"https:\/\/darkamazi.info\/#\/schema\/person\/5ad3e24553a0567993fa8ed4bd0a776c","name":"darka mazi","sameAs":["https:\/\/darkamazi.info\/"],"url":"https:\/\/darkamazi.info\/archives\/author\/kurdi"}]}},"_links":{"self":[{"href":"https:\/\/darkamazi.info\/funavuv\/wp\/v2\/posts\/1021127","targetHints":{"allow":["GET"]}}],"collection":[{"href":"https:\/\/darkamazi.info\/funavuv\/wp\/v2\/posts"}],"about":[{"href":"https:\/\/darkamazi.info\/funavuv\/wp\/v2\/types\/post"}],"author":[{"embeddable":true,"href":"https:\/\/darkamazi.info\/funavuv\/wp\/v2\/users\/2"}],"replies":[{"embeddable":true,"href":"https:\/\/darkamazi.info\/funavuv\/wp\/v2\/comments?post=1021127"}],"version-history":[{"count":0,"href":"https:\/\/darkamazi.info\/funavuv\/wp\/v2\/posts\/1021127\/revisions"}],"wp:featuredmedia":[{"embeddable":true,"href":"https:\/\/darkamazi.info\/funavuv\/wp\/v2\/media\/1021137"}],"wp:attachment":[{"href":"https:\/\/darkamazi.info\/funavuv\/wp\/v2\/media?parent=1021127"}],"wp:term":[{"taxonomy":"category","embeddable":true,"href":"https:\/\/darkamazi.info\/funavuv\/wp\/v2\/categories?post=1021127"},{"taxonomy":"post_tag","embeddable":true,"href":"https:\/\/darkamazi.info\/funavuv\/wp\/v2\/tags?post=1021127"}],"curies":[{"name":"wp","href":"https:\/\/api.w.org\/{rel}","templated":true}]}}