{"id":1021163,"date":"2021-04-20T21:44:46","date_gmt":"2021-04-20T18:44:46","guid":{"rendered":"https:\/\/darkamazi.info\/?p=1021163"},"modified":"2021-09-16T15:30:28","modified_gmt":"2021-09-16T12:30:28","slug":"cima-li-bakure-kurdistane-siyaset-xetimiye","status":"publish","type":"post","link":"https:\/\/darkamazi.info\/archives\/1021163","title":{"rendered":"\u00c7ima Li Bak\u00fbr\u00ea Kurdistan\u00ea S\u00eeyaset Xetim\u00eeye?"},"content":{"rendered":"<h3 style=\"text-align: justify;\"><span style=\"font-family: 'arial black', sans-serif;\">Herkes\u00ea rew\u015fa s\u00eeyas\u00ee \u00fb p\u00eavajoya bizava Kurd li Bak\u00fbr\u00ea Kurdustan\u00ea bi\u015fop\u00eene ba\u015f dizane k\u00fb \u00eero ev bizav ne di rew\u015fek ba\u015f \u00fb rast de dime\u015fe. Pi\u015ft\u00ee z\u00eadetir ji \u015f\u00east salan xebat \u00fb teko\u015f\u00een, pa\u015f\u00ee z\u00eadey 50\u2019\u00ee sal \u015fer \u00fb xw\u00eenri\u015ftin, w\u00earan b\u00fbna bi hezaran gund, mirina bi dehan hezar mirov \u00fb ko\u00e7ber b\u00fbna bi mil\u00eeyonan Kurdan, gelo \u00eero destkeft\u00ean Kurdan \u00e7ine? Daxwaz\u00ean Kurdan \u00e7ine ? H\u00eav\u00ee \u00fb \u00e7aver\u00eey\u00ean Kurdan \u00e7ine? Gelo pi\u015ft\u00ee evqas berd\u00eal \u00fb keda \u00fb fedekar\u00eeya gel\u00ea Kurd mirov dikare b\u00eaje Kurdan t\u00fb serkeftin bi destxistine an j\u00ee \u00e7areser\u00eeyek ji pirsgir\u00eaka Kurd re d\u00eetine?<\/span><\/h3>\n<h3 style=\"text-align: justify;\">Pi\u015ft\u00ee evqas xebat \u00eero h\u00eaj ziman\u00ea Kurd\u00ee qedexeye, asimilas\u00eeyon bi rengek\u00ee xerabtir ji caran didome, ke\u00e7 \u00fb xort\u00ean Kurd li gor derbaz b\u00fby\u00ee gelek k\u00eamtir bi ziman\u00ea day\u00eek\u00ea xeber didin, Kurd\u00ean ko\u00e7ber\u00ee metrepolan b\u00fbne roj bi roj ziman\u00ea day\u00eek\u00ea ji b\u00eer dikin, \u00e7and \u00fb kelt\u00fbra Kurdan ber bi t\u00fbne b\u00fbn\u00ea di\u00e7e, civaka Kurd bi gi\u015ft\u00ee di rew\u015fek der\u00fbn\u00ee, ab\u00fbr\u00ee \u00fb s\u00eeyas\u00ee gelek xerab de derbaz dibe, ev \u00fb mirov dikare n\u00ee\u015fan\u00ean ev rew\u015fa xerab h\u00eaj z\u00eade bike, xal\u00ean ner\u00ean\u00ee \u00fb neba\u015f n\u00ee\u015fan bide, bi kurt\u00ee me\u015fek ser berj\u00ear heye, rew\u015fa Kurda bi tevay\u00ee ber bi xerab b\u00fbn\u00ea ye, tevay\u00ee berjeng\u00ean xerab\u00fbn\u00ea xwe didin n\u00ee\u015fan.L\u00ea sexmerat\u00ee v\u00ea \u00e7end\u00ea kes van rast\u00eeyan an j\u00ee sedem\u00ean van rast\u00eeyan n\u00eeqa\u015f nake, weke ev rewi\u015f ne rew\u015fa Kurdan be, hind Kurd d\u00fbre d\u00fbre v\u00ea rew\u015f\u00ea di\u015fop\u00eenin, l\u00ea ev rew\u015fa gel\u00ea Kurde li Bak\u00fbr\u00ea Kurdistan\u00ea, ev rew\u015fa n\u00eev\u00eeya K\u00fbrdistana mezine , l\u00ea pirsa sereke di vir de eve gelo \u00e7ima rewi\u015f bi v\u00ee reng\u00eeye? \u00c7ima kes van rast\u00eeyan weke t\u00ea xwestin n\u00eeqa\u015f nake?<\/h3>\n<h3 style=\"text-align: justify;\"><span style=\"font-family: 'arial black', sans-serif;\">Bi rast\u00ee ev rewi\u015f bi ten\u00ea niv\u00eesek\u00ea nah\u00ea bersiv day\u00een \u00fb mijara pert\u00fbkek berfirehe, l\u00ea em\u00ea livir bi kurtah\u00ee sedem\u00ean sereke y\u00ean v\u00ea rewi\u015f\u00ea li vir bidin d\u00eeyar kirin.<\/span><\/h3>\n<h3 style=\"text-align: justify;\">1- Li Bakur\u00ea Kurdistan\u00ea ji derv\u00ee dewlet\u00ea, h\u00eaz \u00fb derdor\u00ean Kurd \u00ean k\u00fb liser rojeva Kurda kar dikin d\u00fb xet, d\u00fb al\u00ee hene, al\u00eeyek\u00ee k\u00fb liser pirsa Kurd \u00fb Kurdustan\u00ee kar dike \u00fb li xeta Netew\u00ee xwed\u00ee der dikeve, \u00eero li derdora r\u00eabaza Barzan\u00ee kom dibin, al\u00eey\u00ea din k\u00fb z\u00eadetir li derdora PKK\u2019\u00ea \u00fb \u00e7ep\u00ean Tirk kom b\u00fbne weke r\u00eakxistin li nav civaka Kurdin l\u00ea weke xwastek t\u00fb xwastek\u00ean Kurd \u00fb Kurdustan\u00ee n\u00eene, her\u00e7iqas ev her du en\u00ee li dij\u00ee hevin, bi s\u00eeyas\u00ee \u00fb \u00eedeoloj\u00eek ji hev c\u00fbdane l\u00ea mixabin \u00eero ev her du en\u00ee j\u00ee liser pirsa Bak\u00fbr\u00ea Kurdistan\u00ea b\u00ea sitratej\u00eene, tu viz\u00eeyon\u00ean wan bo demap\u00ea\u015f n\u00eene, t\u00fb \u00e7areser\u00ee ji bona pirsa Kurd bi wana re n\u00eene, bi kurt\u00ee ew bi xwe b\u00ea\u00e7are \u00fb xetim\u00eene ji ber v\u00ea \u00e7end\u00ea ew nikarin t\u00fb n\u00eeqa\u015fek cidd\u00ee liser pirsa Kurd li Bak\u00fbr p\u00ea\u015fda biben. Ew bi xwe sedem\u00ea xetim\u00een \u00fb b\u00ea\u00e7are b\u00fbna pirsa Kurdin li Bak\u00fbr, ji ber v\u00ea yek\u00ea ew naxwazin t\u00fb n\u00eeqa\u015fek cidd\u00ee li Bak\u00fbr \u00e7\u00eabibe ji ber k\u00fb ev her d\u00fb h\u00eaz ew\u00ea bi bin armanca rexneyan, her kes\u00ea k\u00fb bi xwaze li \u00e7areseryek\u00ea bi gere bo Bak\u00fbr\u00ea Kurdistan\u00ea div\u00ea ji \u00e7er\u00e7ov\u00ea hizir \u00fb v\u00eez\u00eeyona van her d\u00fb al\u00eeyan derkeve, eger na nikare t\u00fb \u00e7areser\u00eeya p\u00ea\u015f bixe. Bi watayek din ev her d\u00fb h\u00eaz k\u00fb \u00eero weke h\u00eaz\u00ean \u00e7areser\u00ee t\u00ean d\u00eetin mixabin ew bi xwe sedem\u00ea xetim\u00een\u00ea ne. Di rew\u015fek weha de berjewend\u00eey\u00ean van al\u00eey\u00ean s\u00eeyas\u00ee naxwazin t\u00fb n\u00eeqa\u015f\u00ean cidd\u00ee b\u00ean kirin, \u00fb civak\u00ea ten\u00ea bi mijar\u00ean rojane \u00fb nesereke mij\u00fbl dikin, t\u00fb mijarek cidd\u00ee nakeve rojev\u00ea.<\/h3>\n<h3 style=\"text-align: justify;\">2- Li Kurdistan\u00ea bi tevay\u00ee \u00fb li Bak\u00fbr bi teybet\u00ee Rew\u015fenb\u00eer\u00ean Kurd weke xetek serbixwe \u00fb h\u00eazek netew\u00ee t\u00fbnene, rew\u015fenb\u00eer li Bak\u00fbr\u00ea Kurdistan nema weke kesat\u00eey\u00ean netew\u00ee serbixwe dikarin bibin xwed\u00ee helw\u00east \u00fb bir\u00eeyar k\u00fb bi karibin li pirs\u00ean netew\u00ee xwed\u00ee derkevin, rew\u015fenb\u00eer \u00fb kesat\u00eey\u00ean xwed\u00ee bandor tev weke kadiroy\u00ean part\u00eeyan an j\u00ee al\u00eegir\u00ean h\u00eaz\u00ean s\u00eeyas\u00ee parb\u00fbne. Bi v\u00ea rew\u015fa niha ne rew\u015fenb\u00eer ne j\u00ee kesat\u00eey\u00ean navbir\u00ee nikarin t\u00fbcar\u00ee pirs\u00ean netew\u00ee derxin p\u00ea\u015f\u00eeya berjewend\u00eey\u00ean part\u00ee \u00fb guruba. Her\u00e7iqas\u00ee rew\u015fenb\u00eer ji part\u00ee \u00fb al\u00eey\u00ean s\u00eeyas\u00ee c\u00fbdatir j\u00ee bi fikirin ew nikarin dema p\u00eativ\u00ee helw\u00east li hember al\u00eey\u00ean s\u00eeyas\u00ee wer bigirn an j\u00ee xwestek\u00ean part\u00eeyan red bikin, wate c\u00fbda b\u00fbn di navbera rew\u015fenb\u00eer \u00fb kadiroy\u00ean part\u00eeyan de ne maye, ev rew\u015fek tiraj\u00eeke, di rew\u015fa hey\u00eede \u00e7\u00eena rew\u015fenb\u00eer\u00ean netew\u00ee li Bak\u00fbr b\u00ea bandor maye \u00fb nikare ji xeleka part\u00eeyan derkeve, ji ber v\u00ea \u00e7end\u00ea j\u00ee nikare ji derv\u00ee rojeva part\u00eeyan t\u00fb rojev\u00ean c\u00fbda n\u00eeqa\u015f bike.<\/h3>\n<h3 style=\"text-align: justify;\">3- Di c\u00eehana Gilobal de rola \u00e7\u00eena gen \u00fb xort li herder\u00ea c\u00eehan\u00ea derket\u00eeye p\u00ea\u015f, ji bona civaka Kurd j\u00ee ev \u00e7\u00een rolek mezin dil\u00eeze \u00fb p\u00eativ\u00eeye ev \u00e7\u00een bi be xwed\u00ee rol di p\u00ea\u015fk\u00ea\u015f\u00eeya Bizava Netew\u00ee \u2018de l\u00ea mixabin ew kes\u00ean k\u00fb niha di serk\u00ea\u015f\u00eeya part\u00eey\u00ean Kurdan de cih girtine r\u00ea nadin genc \u00fb law\u00ean Kurd bi bin xwed\u00ee bandor. Ji tirsa wenda kirina desthilat \u00fb ji dest dana p\u00eageh( konum ) a xwe kes\u00ean por sip\u00ee naxwazin r\u00ea li p\u00ea\u015f\u00eeya gencan vekin. Ger di war\u00ea hizir \u00fb raman\u00ea de ger war\u00ea tekneloj\u00ee \u00fb r\u00eavebirin\u00ea de \u00eero li c\u00eehan\u00ea \u00e7\u00eena genc xwed\u00ee zan\u00eeyar\u00ee \u00fb perspek\u00eef\u00ean n\u00fbye k\u00fb kes\u00ean bi temen ( p\u00eer ) ev \u00eemkan n\u00eene, ji ber v\u00ea \u00e7end\u00ea di civak\u00ean p\u00ea\u015fket\u00ee de rol\u00ea xortan di her war\u00eede bi taybet\u00ee di war\u00ea s\u00eeyas\u00ee \u2018de z\u00eade dib\u00ee, l\u00ea mixabin di civaka Kurd\u2019de ev mijar berevaj\u00ee di ne\u015fe. Li Bak\u00fbr\u00ea Kurdistan\u00ea rol\u00ea xortan gelek\u00ee lawaz, gelek\u00ee \u015f\u00fbndeye. V\u00ea pirs\u00ea bandorek mezin liser w\u00ea \u00e7end\u00ea heye k\u00fb hizr\u00ean n\u00fb, raman\u00ean hemdem\u00ee \u00fb \u00e7areser\u00eey\u00ean p\u00ea\u015fket\u00ee nema di nav pirsa Kurd de peyda di bin. PKK\u2019 weke h\u00eazek xwed\u00ee bandor li Bak\u00ear\u00ea Kurfistan hertim liser xortan kar dike, l\u00ea t\u00fbcar\u00ee r\u00ea nedaye hizir \u00fb raman\u00ean xortan, hizir \u00fb raman\u00ean n\u00fb di nava bizava Kurd de p\u00ea\u015fda bi\u00e7in, ne li nava PKK\u2019\u00ea ne li derv\u00ee PKK\u2019\u00ea r\u00ea nadaye kes\u00ean xwed\u00ee hizir an j\u00ee ho\u015fmend \u00e7\u00ea bibin, di hizra PKK\u2019\u00ea de xort ten\u00ea ji bona c\u00eebic\u00ee kirina hizr\u00ean serdar\u00ean PKK\u2019\u00ea p\u00eativ\u00eene, xort di nav ref\u00ean PKK\u2019\u00ea de ten\u00ea am\u00fbr\u00ean( alet\u00ean ) me\u015fandina karin, \u00fb r\u00ea nade xort di t\u00fb proj\u00ean hizr\u00ee \u00fb raman\u00ee de xwed\u00ee rol bin. Ji derv\u00ee PKK\u2019\u00ea al\u00eey\u00ean din j\u00ee di v\u00ea mijar\u00ea de ne c\u00fbdane. Part\u00eey\u00ean hey\u00ee liser nav\u00ea hind kesan hatine tapo kirin heya mirin\u00ea liser karin r\u00ea nadin xort\u00ean teze liser \u015fanoya s\u00eeyaset\u00ea an j\u00ee di meydan\u00ean din\u00ee j\u00eeyan\u00ea de derkevin.<\/h3>\n<h3 style=\"text-align: justify;\">4- Tevay\u00ee\u00ee van sedeman neb\u00fbna kes\u00ean serkirde \u00fb serk\u00ea\u015f\u00ean xwed\u00ee bandor \u00fb hizr\u00ean n\u00fb k\u00fb bi karibin hem civak\u00ea hem j\u00ee bizava s\u00eeyas\u00ee- rew\u015fenb\u00eer\u00ee ji v\u00ea xitim\u00een\u00ea rizgar bikin. Herweha \u00e7end\u00een sedem\u00ean civak\u00ee- s\u00eeyas\u00ee bizava Kurd li Bakur\u00ea Kurdistan\u00ea gehand\u00eeye xitim\u00eenek xwerab k\u00fb roj bi roj rewi\u015f ber bi xerabtir ve di\u00e7e. Di nava civaka Kurd de b\u00ea h\u00eav\u00ee b\u00fbn z\u00eadetir di be, h\u00eav\u00eey\u00ean \u00e7areser\u00eeya pirsa Kurd lawaz di bin, xemsar\u00ee \u00fb xaflet li hember \u00e7areniv\u00eesa gel\u00ea Kurd z\u00eadetir di bin.<\/h3>\n<h3 style=\"text-align: justify;\">Kes nikare li hember v\u00ea rew\u015f\u00ea xwe heq \u00fb al\u00eeyek din berpirs bi b\u00eene, ev rewi\u015f ne rew\u015fek normale , \u00ea k\u00fb ji v\u00ea rew\u015f\u00ea zirar\u00ea di b\u00eene ten\u00ea al\u00eeyek an j\u00ee h\u00eazek s\u00eeyas\u00ee bi ten\u00ea n\u00eeye, tevay\u00ee bizava Kurd ji v\u00ea zirar\u00ea di b\u00eene, \u00fb \u00e7areniv\u00eesa doza Kurd di keve rew\u015fek metirs\u00eedar, t\u00fb Kurd ji v\u00ea rew\u015f\u00ea feyde nab\u00eene \u00fb ten\u00ea al\u00eey\u00ea k\u00fb ji v\u00ea \u00e7end\u00ea feyde di b\u00eene dewleta K\u00fbr \u00fb dezgeh\u00ean dag\u00eerkerin. Dewlet roj bi roj asim\u00eelas\u00eeyon\u00ea p\u00ea\u015fda di be, h\u00eav\u00eey\u00ean Kurda pa\u015f di be, ji bona Kurd \u00fb Kurdistan\u00ee b\u00fbn\u00ea ji b\u00eera Kurdan bibe tevay\u00ee dezgeh\u00ean tar\u00ee, med\u00eeya \u00fb dezgeh\u00ean \u015fer\u00ea teybet di kar dene, ev xitim\u00een \u00fb rew\u015fa xerab zem\u00een\u00ea her\u00ee ba\u015fe bo c\u00ee bi c\u00ee kirina s\u00eeyaset\u00ean \u015foven liser civak \u00fb kes\u00ea Kurd.<\/h3>\n","protected":false},"excerpt":{"rendered":"<p>Herkes\u00ea rew\u015fa s\u00eeyas\u00ee \u00fb p\u00eavajoya bizava Kurd li Bak\u00fbr\u00ea Kurdustan\u00ea bi\u015fop\u00eene ba\u015f dizane k\u00fb \u00eero ev bizav ne di rew\u015fek ba\u015f \u00fb rast de dime\u015fe. Pi\u015ft\u00ee z\u00eadetir ji \u015f\u00east salan xebat \u00fb teko\u015f\u00een, pa\u015f\u00ee z\u00eadey 50\u2019\u00ee sal \u015fer \u00fb xw\u00eenri\u015ftin, w\u00earan b\u00fbna bi hezaran gund, mirina bi dehan hezar mirov \u00fb ko\u00e7ber b\u00fbna bi mil\u00eeyonan [&hellip;]<\/p>\n","protected":false},"author":2,"featured_media":1021164,"comment_status":"closed","ping_status":"closed","sticky":false,"template":"","format":"standard","meta":{"footnotes":""},"categories":[68],"tags":[37],"class_list":["post-1021163","post","type-post","status-publish","format-standard","has-post-thumbnail","hentry","category-analiz","tag-sereke"],"blocksy_meta":[],"seo_head":"<!-- This site is optimized with the Yoast SEO plugin v27.5 - https:\/\/yoast.com\/product\/yoast-seo-wordpress\/ -->\n<title>\u00c7ima Li Bak\u00fbr\u00ea Kurdistan\u00ea S\u00eeyaset Xetim\u00eeye? - Darka Maz\u00ee<\/title>\n<meta name=\"robots\" content=\"index, follow, max-snippet:-1, max-image-preview:large, max-video-preview:-1\" \/>\n<link rel=\"canonical\" href=\"https:\/\/darkamazi.info\/archives\/1021163\" \/>\n<meta property=\"og:locale\" content=\"en_US\" \/>\n<meta property=\"og:type\" content=\"article\" \/>\n<meta property=\"og:title\" content=\"\u00c7ima Li Bak\u00fbr\u00ea Kurdistan\u00ea S\u00eeyaset Xetim\u00eeye? - Darka Maz\u00ee\" \/>\n<meta property=\"og:description\" content=\"Herkes\u00ea rew\u015fa s\u00eeyas\u00ee \u00fb p\u00eavajoya bizava Kurd li Bak\u00fbr\u00ea Kurdustan\u00ea bi\u015fop\u00eene ba\u015f dizane k\u00fb \u00eero ev bizav ne di rew\u015fek ba\u015f \u00fb rast de dime\u015fe. Pi\u015ft\u00ee z\u00eadetir ji \u015f\u00east salan xebat \u00fb teko\u015f\u00een, pa\u015f\u00ee z\u00eadey 50\u2019\u00ee sal \u015fer \u00fb xw\u00eenri\u015ftin, w\u00earan b\u00fbna bi hezaran gund, mirina bi dehan hezar mirov \u00fb ko\u00e7ber b\u00fbna bi mil\u00eeyonan [&hellip;]\" \/>\n<meta property=\"og:url\" content=\"https:\/\/darkamazi.info\/archives\/1021163\" \/>\n<meta property=\"og:site_name\" content=\"Darka Maz\u00ee\" \/>\n<meta property=\"article:publisher\" content=\"https:\/\/www.facebook.com\/DarMaziKurmanci\" \/>\n<meta property=\"article:published_time\" content=\"2021-04-20T18:44:46+00:00\" \/>\n<meta property=\"article:modified_time\" content=\"2021-09-16T12:30:28+00:00\" \/>\n<meta property=\"og:image\" content=\"https:\/\/darkamazi.info\/file\/2021\/04\/ala-kurda-ala-tirka-bakur.png\" \/>\n\t<meta property=\"og:image:width\" content=\"704\" \/>\n\t<meta property=\"og:image:height\" content=\"378\" \/>\n\t<meta property=\"og:image:type\" content=\"image\/png\" \/>\n<meta name=\"author\" content=\"darka mazi\" \/>\n<meta name=\"twitter:card\" content=\"summary_large_image\" \/>\n<meta name=\"twitter:creator\" content=\"@DarkaMaziLatini\" \/>\n<meta name=\"twitter:site\" content=\"@DarkaMaziLatini\" \/>\n<meta name=\"twitter:label1\" content=\"Written by\" \/>\n\t<meta name=\"twitter:data1\" content=\"darka mazi\" \/>\n\t<meta name=\"twitter:label2\" content=\"Est. reading time\" \/>\n\t<meta name=\"twitter:data2\" content=\"6 minutes\" \/>\n<script type=\"application\/ld+json\" class=\"seo-schema-graph\">{\"@context\":\"https:\\\/\\\/schema.org\",\"@graph\":[{\"@type\":\"Article\",\"@id\":\"https:\\\/\\\/darkamazi.info\\\/archives\\\/1021163#article\",\"isPartOf\":{\"@id\":\"https:\\\/\\\/darkamazi.info\\\/archives\\\/1021163\"},\"author\":{\"name\":\"darka mazi\",\"@id\":\"https:\\\/\\\/darkamazi.info\\\/#\\\/schema\\\/person\\\/5ad3e24553a0567993fa8ed4bd0a776c\"},\"headline\":\"\u00c7ima Li Bak\u00fbr\u00ea Kurdistan\u00ea S\u00eeyaset Xetim\u00eeye?\",\"datePublished\":\"2021-04-20T18:44:46+00:00\",\"dateModified\":\"2021-09-16T12:30:28+00:00\",\"mainEntityOfPage\":{\"@id\":\"https:\\\/\\\/darkamazi.info\\\/archives\\\/1021163\"},\"wordCount\":1513,\"publisher\":{\"@id\":\"https:\\\/\\\/darkamazi.info\\\/#organization\"},\"image\":{\"@id\":\"https:\\\/\\\/darkamazi.info\\\/archives\\\/1021163#primaryimage\"},\"thumbnailUrl\":\"https:\\\/\\\/darkamazi.info\\\/darka-content\\\/uploads\\\/2021\\\/04\\\/ala-kurda-ala-tirka-bakur.png\",\"keywords\":[\"sereke\"],\"articleSection\":[\"Anal\u00eez\"],\"inLanguage\":\"en-US\"},{\"@type\":\"WebPage\",\"@id\":\"https:\\\/\\\/darkamazi.info\\\/archives\\\/1021163\",\"url\":\"https:\\\/\\\/darkamazi.info\\\/archives\\\/1021163\",\"name\":\"\u00c7ima Li Bak\u00fbr\u00ea Kurdistan\u00ea S\u00eeyaset Xetim\u00eeye? - Darka Maz\u00ee\",\"isPartOf\":{\"@id\":\"https:\\\/\\\/darkamazi.info\\\/#website\"},\"primaryImageOfPage\":{\"@id\":\"https:\\\/\\\/darkamazi.info\\\/archives\\\/1021163#primaryimage\"},\"image\":{\"@id\":\"https:\\\/\\\/darkamazi.info\\\/archives\\\/1021163#primaryimage\"},\"thumbnailUrl\":\"https:\\\/\\\/darkamazi.info\\\/darka-content\\\/uploads\\\/2021\\\/04\\\/ala-kurda-ala-tirka-bakur.png\",\"datePublished\":\"2021-04-20T18:44:46+00:00\",\"dateModified\":\"2021-09-16T12:30:28+00:00\",\"breadcrumb\":{\"@id\":\"https:\\\/\\\/darkamazi.info\\\/archives\\\/1021163#breadcrumb\"},\"inLanguage\":\"en-US\",\"potentialAction\":[{\"@type\":\"ReadAction\",\"target\":[\"https:\\\/\\\/darkamazi.info\\\/archives\\\/1021163\"]}]},{\"@type\":\"ImageObject\",\"inLanguage\":\"en-US\",\"@id\":\"https:\\\/\\\/darkamazi.info\\\/archives\\\/1021163#primaryimage\",\"url\":\"https:\\\/\\\/darkamazi.info\\\/darka-content\\\/uploads\\\/2021\\\/04\\\/ala-kurda-ala-tirka-bakur.png\",\"contentUrl\":\"https:\\\/\\\/darkamazi.info\\\/darka-content\\\/uploads\\\/2021\\\/04\\\/ala-kurda-ala-tirka-bakur.png\",\"width\":704,\"height\":378,\"caption\":\"\u00c7ima Li Bak\u00fbr\u00ea Kurdistan\u00ea S\u00eeyaset Xetim\u00eeye?\"},{\"@type\":\"BreadcrumbList\",\"@id\":\"https:\\\/\\\/darkamazi.info\\\/archives\\\/1021163#breadcrumb\",\"itemListElement\":[{\"@type\":\"ListItem\",\"position\":1,\"name\":\"Home\",\"item\":\"https:\\\/\\\/darkamazi.info\\\/\"},{\"@type\":\"ListItem\",\"position\":2,\"name\":\"\u00c7ima Li Bak\u00fbr\u00ea Kurdistan\u00ea S\u00eeyaset Xetim\u00eeye?\"}]},{\"@type\":\"WebSite\",\"@id\":\"https:\\\/\\\/darkamazi.info\\\/#website\",\"url\":\"https:\\\/\\\/darkamazi.info\\\/\",\"name\":\"Darka Maz\u00ee\",\"description\":\"P\u00eageha Zanyariy\u00ean Nebih\u00eest\u00ee\",\"publisher\":{\"@id\":\"https:\\\/\\\/darkamazi.info\\\/#organization\"},\"potentialAction\":[{\"@type\":\"SearchAction\",\"target\":{\"@type\":\"EntryPoint\",\"urlTemplate\":\"https:\\\/\\\/darkamazi.info\\\/?s={search_term_string}\"},\"query-input\":{\"@type\":\"PropertyValueSpecification\",\"valueRequired\":true,\"valueName\":\"search_term_string\"}}],\"inLanguage\":\"en-US\"},{\"@type\":\"Organization\",\"@id\":\"https:\\\/\\\/darkamazi.info\\\/#organization\",\"name\":\"Darka Maz\u00ee\",\"url\":\"https:\\\/\\\/darkamazi.info\\\/\",\"logo\":{\"@type\":\"ImageObject\",\"inLanguage\":\"en-US\",\"@id\":\"https:\\\/\\\/darkamazi.info\\\/#\\\/schema\\\/logo\\\/image\\\/\",\"url\":\"https:\\\/\\\/darkamazi.info\\\/darka-content\\\/uploads\\\/2017\\\/12\\\/darka-mazi-logo.png\",\"contentUrl\":\"https:\\\/\\\/darkamazi.info\\\/darka-content\\\/uploads\\\/2017\\\/12\\\/darka-mazi-logo.png\",\"width\":151,\"height\":75,\"caption\":\"Darka Maz\u00ee\"},\"image\":{\"@id\":\"https:\\\/\\\/darkamazi.info\\\/#\\\/schema\\\/logo\\\/image\\\/\"},\"sameAs\":[\"https:\\\/\\\/www.facebook.com\\\/DarMaziKurmanci\",\"https:\\\/\\\/x.com\\\/DarkaMaziLatini\",\"https:\\\/\\\/www.instagram.com\\\/darkamazi.kurmanci\\\/\",\"https:\\\/\\\/www.youtube.com\\\/channel\\\/UCa5HkTdmI8U1qCUFuTw8B2g\"]},{\"@type\":\"Person\",\"@id\":\"https:\\\/\\\/darkamazi.info\\\/#\\\/schema\\\/person\\\/5ad3e24553a0567993fa8ed4bd0a776c\",\"name\":\"darka mazi\",\"sameAs\":[\"https:\\\/\\\/darkamazi.info\\\/\"],\"url\":\"https:\\\/\\\/darkamazi.info\\\/archives\\\/author\\\/kurdi\"}]}<\/script>\n<!-- \/ Yoast SEO plugin. -->","seo_head_json":{"title":"\u00c7ima Li Bak\u00fbr\u00ea Kurdistan\u00ea S\u00eeyaset Xetim\u00eeye? - Darka Maz\u00ee","robots":{"index":"index","follow":"follow","max-snippet":"max-snippet:-1","max-image-preview":"max-image-preview:large","max-video-preview":"max-video-preview:-1"},"canonical":"https:\/\/darkamazi.info\/archives\/1021163","og_locale":"en_US","og_type":"article","og_title":"\u00c7ima Li Bak\u00fbr\u00ea Kurdistan\u00ea S\u00eeyaset Xetim\u00eeye? - Darka Maz\u00ee","og_description":"Herkes\u00ea rew\u015fa s\u00eeyas\u00ee \u00fb p\u00eavajoya bizava Kurd li Bak\u00fbr\u00ea Kurdustan\u00ea bi\u015fop\u00eene ba\u015f dizane k\u00fb \u00eero ev bizav ne di rew\u015fek ba\u015f \u00fb rast de dime\u015fe. Pi\u015ft\u00ee z\u00eadetir ji \u015f\u00east salan xebat \u00fb teko\u015f\u00een, pa\u015f\u00ee z\u00eadey 50\u2019\u00ee sal \u015fer \u00fb xw\u00eenri\u015ftin, w\u00earan b\u00fbna bi hezaran gund, mirina bi dehan hezar mirov \u00fb ko\u00e7ber b\u00fbna bi mil\u00eeyonan [&hellip;]","og_url":"https:\/\/darkamazi.info\/archives\/1021163","og_site_name":"Darka Maz\u00ee","article_publisher":"https:\/\/www.facebook.com\/DarMaziKurmanci","article_published_time":"2021-04-20T18:44:46+00:00","article_modified_time":"2021-09-16T12:30:28+00:00","og_image":[{"width":704,"height":378,"url":"https:\/\/darkamazi.info\/file\/2021\/04\/ala-kurda-ala-tirka-bakur.png","type":"image\/png"}],"author":"darka mazi","twitter_card":"summary_large_image","twitter_creator":"@DarkaMaziLatini","twitter_site":"@DarkaMaziLatini","twitter_misc":{"Written by":"darka mazi","Est. reading time":"6 minutes"},"schema":{"@context":"https:\/\/schema.org","@graph":[{"@type":"Article","@id":"https:\/\/darkamazi.info\/archives\/1021163#article","isPartOf":{"@id":"https:\/\/darkamazi.info\/archives\/1021163"},"author":{"name":"darka mazi","@id":"https:\/\/darkamazi.info\/#\/schema\/person\/5ad3e24553a0567993fa8ed4bd0a776c"},"headline":"\u00c7ima Li Bak\u00fbr\u00ea Kurdistan\u00ea S\u00eeyaset Xetim\u00eeye?","datePublished":"2021-04-20T18:44:46+00:00","dateModified":"2021-09-16T12:30:28+00:00","mainEntityOfPage":{"@id":"https:\/\/darkamazi.info\/archives\/1021163"},"wordCount":1513,"publisher":{"@id":"https:\/\/darkamazi.info\/#organization"},"image":{"@id":"https:\/\/darkamazi.info\/archives\/1021163#primaryimage"},"thumbnailUrl":"https:\/\/darkamazi.info\/file\/2021\/04\/ala-kurda-ala-tirka-bakur.png","keywords":["sereke"],"articleSection":["Anal\u00eez"],"inLanguage":"en-US"},{"@type":"WebPage","@id":"https:\/\/darkamazi.info\/archives\/1021163","url":"https:\/\/darkamazi.info\/archives\/1021163","name":"\u00c7ima Li Bak\u00fbr\u00ea Kurdistan\u00ea S\u00eeyaset Xetim\u00eeye? - Darka Maz\u00ee","isPartOf":{"@id":"https:\/\/darkamazi.info\/#website"},"primaryImageOfPage":{"@id":"https:\/\/darkamazi.info\/archives\/1021163#primaryimage"},"image":{"@id":"https:\/\/darkamazi.info\/archives\/1021163#primaryimage"},"thumbnailUrl":"https:\/\/darkamazi.info\/file\/2021\/04\/ala-kurda-ala-tirka-bakur.png","datePublished":"2021-04-20T18:44:46+00:00","dateModified":"2021-09-16T12:30:28+00:00","breadcrumb":{"@id":"https:\/\/darkamazi.info\/archives\/1021163#breadcrumb"},"inLanguage":"en-US","potentialAction":[{"@type":"ReadAction","target":["https:\/\/darkamazi.info\/archives\/1021163"]}]},{"@type":"ImageObject","inLanguage":"en-US","@id":"https:\/\/darkamazi.info\/archives\/1021163#primaryimage","url":"https:\/\/darkamazi.info\/file\/2021\/04\/ala-kurda-ala-tirka-bakur.png","contentUrl":"https:\/\/darkamazi.info\/file\/2021\/04\/ala-kurda-ala-tirka-bakur.png","width":704,"height":378,"caption":"\u00c7ima Li Bak\u00fbr\u00ea Kurdistan\u00ea S\u00eeyaset Xetim\u00eeye?"},{"@type":"BreadcrumbList","@id":"https:\/\/darkamazi.info\/archives\/1021163#breadcrumb","itemListElement":[{"@type":"ListItem","position":1,"name":"Home","item":"https:\/\/darkamazi.info\/"},{"@type":"ListItem","position":2,"name":"\u00c7ima Li Bak\u00fbr\u00ea Kurdistan\u00ea S\u00eeyaset Xetim\u00eeye?"}]},{"@type":"WebSite","@id":"https:\/\/darkamazi.info\/#website","url":"https:\/\/darkamazi.info\/","name":"Darka Maz\u00ee","description":"P\u00eageha Zanyariy\u00ean Nebih\u00eest\u00ee","publisher":{"@id":"https:\/\/darkamazi.info\/#organization"},"potentialAction":[{"@type":"SearchAction","target":{"@type":"EntryPoint","urlTemplate":"https:\/\/darkamazi.info\/?s={search_term_string}"},"query-input":{"@type":"PropertyValueSpecification","valueRequired":true,"valueName":"search_term_string"}}],"inLanguage":"en-US"},{"@type":"Organization","@id":"https:\/\/darkamazi.info\/#organization","name":"Darka Maz\u00ee","url":"https:\/\/darkamazi.info\/","logo":{"@type":"ImageObject","inLanguage":"en-US","@id":"https:\/\/darkamazi.info\/#\/schema\/logo\/image\/","url":"https:\/\/darkamazi.info\/file\/2017\/12\/darka-mazi-logo.png","contentUrl":"https:\/\/darkamazi.info\/file\/2017\/12\/darka-mazi-logo.png","width":151,"height":75,"caption":"Darka Maz\u00ee"},"image":{"@id":"https:\/\/darkamazi.info\/#\/schema\/logo\/image\/"},"sameAs":["https:\/\/www.facebook.com\/DarMaziKurmanci","https:\/\/x.com\/DarkaMaziLatini","https:\/\/www.instagram.com\/darkamazi.kurmanci\/","https:\/\/www.youtube.com\/channel\/UCa5HkTdmI8U1qCUFuTw8B2g"]},{"@type":"Person","@id":"https:\/\/darkamazi.info\/#\/schema\/person\/5ad3e24553a0567993fa8ed4bd0a776c","name":"darka mazi","sameAs":["https:\/\/darkamazi.info\/"],"url":"https:\/\/darkamazi.info\/archives\/author\/kurdi"}]}},"_links":{"self":[{"href":"https:\/\/darkamazi.info\/funavuv\/wp\/v2\/posts\/1021163","targetHints":{"allow":["GET"]}}],"collection":[{"href":"https:\/\/darkamazi.info\/funavuv\/wp\/v2\/posts"}],"about":[{"href":"https:\/\/darkamazi.info\/funavuv\/wp\/v2\/types\/post"}],"author":[{"embeddable":true,"href":"https:\/\/darkamazi.info\/funavuv\/wp\/v2\/users\/2"}],"replies":[{"embeddable":true,"href":"https:\/\/darkamazi.info\/funavuv\/wp\/v2\/comments?post=1021163"}],"version-history":[{"count":0,"href":"https:\/\/darkamazi.info\/funavuv\/wp\/v2\/posts\/1021163\/revisions"}],"wp:featuredmedia":[{"embeddable":true,"href":"https:\/\/darkamazi.info\/funavuv\/wp\/v2\/media\/1021164"}],"wp:attachment":[{"href":"https:\/\/darkamazi.info\/funavuv\/wp\/v2\/media?parent=1021163"}],"wp:term":[{"taxonomy":"category","embeddable":true,"href":"https:\/\/darkamazi.info\/funavuv\/wp\/v2\/categories?post=1021163"},{"taxonomy":"post_tag","embeddable":true,"href":"https:\/\/darkamazi.info\/funavuv\/wp\/v2\/tags?post=1021163"}],"curies":[{"name":"wp","href":"https:\/\/api.w.org\/{rel}","templated":true}]}}