{"id":1021166,"date":"2021-04-20T22:45:24","date_gmt":"2021-04-20T19:45:24","guid":{"rendered":"https:\/\/darkamazi.info\/?p=1021166"},"modified":"2021-04-20T22:46:55","modified_gmt":"2021-04-20T19:46:55","slug":"baregehen-pkke-bi-tundi-hatin-bombebarankirin","status":"publish","type":"post","link":"https:\/\/darkamazi.info\/archives\/1021166","title":{"rendered":"Baregeh\u00ean PKK\u00ea bi tund\u00ee hatin Bombebarankirin"},"content":{"rendered":"<h4 style=\"text-align: justify\">Baregeh\u00ean \u00e7ekdar\u00ean partiya Karker\u00ean Kurdistan\u00ea li Ba\u015f\u00fbr\u00ea Kurdistan\u00ea \u00eero j\u00ee ji h\u00eala dewleta Tirkiy\u00ea ve hatin bordomankirin.<\/h4>\n<h4 style=\"text-align: justify\">\u00cero roja s\u00ea\u015fem\u00ee 20\/4\/2021an topxaney\u00ean Tirkiy\u00ea bi tund\u00ee baregeh\u00ean PKK\u00ea li devera Gopk\u00ee li \u00e7iyay\u00ea Zinar\u00ee \u00fb Xar\u00ea Sad\u00een bordomankirin.<\/h4>\n<h4 style=\"text-align: justify\">\u00c7avkaniy\u00ean p\u00eageha Darka Maz\u00ee li Ba\u015f\u00fbr\u00ea Kurdistan\u00ea e\u015fkere kirin, topxaney\u00ean Tirkiy\u00ea \u00eero li demjim\u00ear 8:20 bi tund\u00ee baregeh\u00ean PKK\u00ea y\u00ean ku dikevin nav\u00e7eya Gopk\u00ee li \u00e7iyay\u00ea Zinar\u00ee \u00fb Xar\u00ea Sad\u00een li Bakur\u00ea gund\u00ea K\u00easte y\u00ea ser bi Kan\u00ee Mas\u00ea ve bordomankirin, her weha e\u015fkere kir di 15 deqeyan de 8 caran baregeh\u00ean PKK\u00ea hatin bordomankirin.<\/h4>\n","protected":false},"excerpt":{"rendered":"<p>Baregeh\u00ean \u00e7ekdar\u00ean partiya Karker\u00ean Kurdistan\u00ea li Ba\u015f\u00fbr\u00ea Kurdistan\u00ea \u00eero j\u00ee ji h\u00eala dewleta Tirkiy\u00ea ve hatin bordomankirin. \u00cero roja s\u00ea\u015fem\u00ee 20\/4\/2021an topxaney\u00ean Tirkiy\u00ea bi tund\u00ee baregeh\u00ean PKK\u00ea li devera Gopk\u00ee li \u00e7iyay\u00ea Zinar\u00ee \u00fb Xar\u00ea Sad\u00een bordomankirin. \u00c7avkaniy\u00ean p\u00eageha Darka Maz\u00ee li Ba\u015f\u00fbr\u00ea Kurdistan\u00ea e\u015fkere kirin, topxaney\u00ean Tirkiy\u00ea \u00eero li demjim\u00ear 8:20 bi tund\u00ee baregeh\u00ean [&hellip;]<\/p>\n","protected":false},"author":2,"featured_media":1021167,"comment_status":"closed","ping_status":"closed","sticky":false,"template":"","format":"standard","meta":{"footnotes":""},"categories":[29],"tags":[37],"class_list":["post-1021166","post","type-post","status-publish","format-standard","has-post-thumbnail","hentry","category-kurdistan","tag-sereke"],"blocksy_meta":[],"seo_head":"<!-- This site is optimized with the Yoast SEO plugin v27.5 - https:\/\/yoast.com\/product\/yoast-seo-wordpress\/ -->\n<title>Baregeh\u00ean PKK\u00ea bi tund\u00ee hatin Bombebarankirin - Darka Maz\u00ee<\/title>\n<meta name=\"robots\" content=\"index, follow, max-snippet:-1, max-image-preview:large, max-video-preview:-1\" \/>\n<link rel=\"canonical\" href=\"https:\/\/darkamazi.info\/archives\/1021166\" \/>\n<meta property=\"og:locale\" content=\"en_US\" \/>\n<meta property=\"og:type\" content=\"article\" \/>\n<meta property=\"og:title\" content=\"Baregeh\u00ean PKK\u00ea bi tund\u00ee hatin Bombebarankirin - Darka Maz\u00ee\" \/>\n<meta property=\"og:description\" content=\"Baregeh\u00ean \u00e7ekdar\u00ean partiya Karker\u00ean Kurdistan\u00ea li Ba\u015f\u00fbr\u00ea Kurdistan\u00ea \u00eero j\u00ee ji h\u00eala dewleta Tirkiy\u00ea ve hatin bordomankirin. \u00cero roja s\u00ea\u015fem\u00ee 20\/4\/2021an topxaney\u00ean Tirkiy\u00ea bi tund\u00ee baregeh\u00ean PKK\u00ea li devera Gopk\u00ee li \u00e7iyay\u00ea Zinar\u00ee \u00fb Xar\u00ea Sad\u00een bordomankirin. \u00c7avkaniy\u00ean p\u00eageha Darka Maz\u00ee li Ba\u015f\u00fbr\u00ea Kurdistan\u00ea e\u015fkere kirin, topxaney\u00ean Tirkiy\u00ea \u00eero li demjim\u00ear 8:20 bi tund\u00ee baregeh\u00ean [&hellip;]\" \/>\n<meta property=\"og:url\" content=\"https:\/\/darkamazi.info\/archives\/1021166\" \/>\n<meta property=\"og:site_name\" content=\"Darka Maz\u00ee\" \/>\n<meta property=\"article:publisher\" content=\"https:\/\/www.facebook.com\/DarMaziKurmanci\" \/>\n<meta property=\"article:published_time\" content=\"2021-04-20T19:45:24+00:00\" \/>\n<meta property=\"article:modified_time\" content=\"2021-04-20T19:46:55+00:00\" \/>\n<meta property=\"og:image\" content=\"https:\/\/darkamazi.info\/file\/2021\/04\/kani-mase.jpg\" \/>\n\t<meta property=\"og:image:width\" content=\"1500\" \/>\n\t<meta property=\"og:image:height\" content=\"945\" \/>\n\t<meta property=\"og:image:type\" content=\"image\/jpeg\" \/>\n<meta name=\"author\" content=\"darka mazi\" \/>\n<meta name=\"twitter:card\" content=\"summary_large_image\" \/>\n<meta name=\"twitter:creator\" content=\"@DarkaMaziLatini\" \/>\n<meta name=\"twitter:site\" content=\"@DarkaMaziLatini\" \/>\n<meta name=\"twitter:label1\" content=\"Written by\" \/>\n\t<meta name=\"twitter:data1\" content=\"darka mazi\" \/>\n\t<meta name=\"twitter:label2\" content=\"Est. reading time\" \/>\n\t<meta name=\"twitter:data2\" content=\"1 minute\" \/>\n<script type=\"application\/ld+json\" class=\"seo-schema-graph\">{\"@context\":\"https:\\\/\\\/schema.org\",\"@graph\":[{\"@type\":\"Article\",\"@id\":\"https:\\\/\\\/darkamazi.info\\\/archives\\\/1021166#article\",\"isPartOf\":{\"@id\":\"https:\\\/\\\/darkamazi.info\\\/archives\\\/1021166\"},\"author\":{\"name\":\"darka mazi\",\"@id\":\"https:\\\/\\\/darkamazi.info\\\/#\\\/schema\\\/person\\\/5ad3e24553a0567993fa8ed4bd0a776c\"},\"headline\":\"Baregeh\u00ean PKK\u00ea bi tund\u00ee hatin Bombebarankirin\",\"datePublished\":\"2021-04-20T19:45:24+00:00\",\"dateModified\":\"2021-04-20T19:46:55+00:00\",\"mainEntityOfPage\":{\"@id\":\"https:\\\/\\\/darkamazi.info\\\/archives\\\/1021166\"},\"wordCount\":116,\"publisher\":{\"@id\":\"https:\\\/\\\/darkamazi.info\\\/#organization\"},\"image\":{\"@id\":\"https:\\\/\\\/darkamazi.info\\\/archives\\\/1021166#primaryimage\"},\"thumbnailUrl\":\"https:\\\/\\\/darkamazi.info\\\/darka-content\\\/uploads\\\/2021\\\/04\\\/kani-mase.jpg\",\"keywords\":[\"sereke\"],\"articleSection\":[\"Kurdistan\"],\"inLanguage\":\"en-US\"},{\"@type\":\"WebPage\",\"@id\":\"https:\\\/\\\/darkamazi.info\\\/archives\\\/1021166\",\"url\":\"https:\\\/\\\/darkamazi.info\\\/archives\\\/1021166\",\"name\":\"Baregeh\u00ean PKK\u00ea bi tund\u00ee hatin Bombebarankirin - Darka Maz\u00ee\",\"isPartOf\":{\"@id\":\"https:\\\/\\\/darkamazi.info\\\/#website\"},\"primaryImageOfPage\":{\"@id\":\"https:\\\/\\\/darkamazi.info\\\/archives\\\/1021166#primaryimage\"},\"image\":{\"@id\":\"https:\\\/\\\/darkamazi.info\\\/archives\\\/1021166#primaryimage\"},\"thumbnailUrl\":\"https:\\\/\\\/darkamazi.info\\\/darka-content\\\/uploads\\\/2021\\\/04\\\/kani-mase.jpg\",\"datePublished\":\"2021-04-20T19:45:24+00:00\",\"dateModified\":\"2021-04-20T19:46:55+00:00\",\"breadcrumb\":{\"@id\":\"https:\\\/\\\/darkamazi.info\\\/archives\\\/1021166#breadcrumb\"},\"inLanguage\":\"en-US\",\"potentialAction\":[{\"@type\":\"ReadAction\",\"target\":[\"https:\\\/\\\/darkamazi.info\\\/archives\\\/1021166\"]}]},{\"@type\":\"ImageObject\",\"inLanguage\":\"en-US\",\"@id\":\"https:\\\/\\\/darkamazi.info\\\/archives\\\/1021166#primaryimage\",\"url\":\"https:\\\/\\\/darkamazi.info\\\/darka-content\\\/uploads\\\/2021\\\/04\\\/kani-mase.jpg\",\"contentUrl\":\"https:\\\/\\\/darkamazi.info\\\/darka-content\\\/uploads\\\/2021\\\/04\\\/kani-mase.jpg\",\"width\":1500,\"height\":945,\"caption\":\"baregeh\u00ean PKK\u00ea bi tund\u00ee hatin Bombebarankirin\"},{\"@type\":\"BreadcrumbList\",\"@id\":\"https:\\\/\\\/darkamazi.info\\\/archives\\\/1021166#breadcrumb\",\"itemListElement\":[{\"@type\":\"ListItem\",\"position\":1,\"name\":\"Home\",\"item\":\"https:\\\/\\\/darkamazi.info\\\/\"},{\"@type\":\"ListItem\",\"position\":2,\"name\":\"Baregeh\u00ean PKK\u00ea bi tund\u00ee hatin Bombebarankirin\"}]},{\"@type\":\"WebSite\",\"@id\":\"https:\\\/\\\/darkamazi.info\\\/#website\",\"url\":\"https:\\\/\\\/darkamazi.info\\\/\",\"name\":\"Darka Maz\u00ee\",\"description\":\"P\u00eageha Zanyariy\u00ean Nebih\u00eest\u00ee\",\"publisher\":{\"@id\":\"https:\\\/\\\/darkamazi.info\\\/#organization\"},\"potentialAction\":[{\"@type\":\"SearchAction\",\"target\":{\"@type\":\"EntryPoint\",\"urlTemplate\":\"https:\\\/\\\/darkamazi.info\\\/?s={search_term_string}\"},\"query-input\":{\"@type\":\"PropertyValueSpecification\",\"valueRequired\":true,\"valueName\":\"search_term_string\"}}],\"inLanguage\":\"en-US\"},{\"@type\":\"Organization\",\"@id\":\"https:\\\/\\\/darkamazi.info\\\/#organization\",\"name\":\"Darka Maz\u00ee\",\"url\":\"https:\\\/\\\/darkamazi.info\\\/\",\"logo\":{\"@type\":\"ImageObject\",\"inLanguage\":\"en-US\",\"@id\":\"https:\\\/\\\/darkamazi.info\\\/#\\\/schema\\\/logo\\\/image\\\/\",\"url\":\"https:\\\/\\\/darkamazi.info\\\/darka-content\\\/uploads\\\/2017\\\/12\\\/darka-mazi-logo.png\",\"contentUrl\":\"https:\\\/\\\/darkamazi.info\\\/darka-content\\\/uploads\\\/2017\\\/12\\\/darka-mazi-logo.png\",\"width\":151,\"height\":75,\"caption\":\"Darka Maz\u00ee\"},\"image\":{\"@id\":\"https:\\\/\\\/darkamazi.info\\\/#\\\/schema\\\/logo\\\/image\\\/\"},\"sameAs\":[\"https:\\\/\\\/www.facebook.com\\\/DarMaziKurmanci\",\"https:\\\/\\\/x.com\\\/DarkaMaziLatini\",\"https:\\\/\\\/www.instagram.com\\\/darkamazi.kurmanci\\\/\",\"https:\\\/\\\/www.youtube.com\\\/channel\\\/UCa5HkTdmI8U1qCUFuTw8B2g\"]},{\"@type\":\"Person\",\"@id\":\"https:\\\/\\\/darkamazi.info\\\/#\\\/schema\\\/person\\\/5ad3e24553a0567993fa8ed4bd0a776c\",\"name\":\"darka mazi\",\"sameAs\":[\"https:\\\/\\\/darkamazi.info\\\/\"],\"url\":\"https:\\\/\\\/darkamazi.info\\\/archives\\\/author\\\/kurdi\"}]}<\/script>\n<!-- \/ Yoast SEO plugin. -->","seo_head_json":{"title":"Baregeh\u00ean PKK\u00ea bi tund\u00ee hatin Bombebarankirin - Darka Maz\u00ee","robots":{"index":"index","follow":"follow","max-snippet":"max-snippet:-1","max-image-preview":"max-image-preview:large","max-video-preview":"max-video-preview:-1"},"canonical":"https:\/\/darkamazi.info\/archives\/1021166","og_locale":"en_US","og_type":"article","og_title":"Baregeh\u00ean PKK\u00ea bi tund\u00ee hatin Bombebarankirin - Darka Maz\u00ee","og_description":"Baregeh\u00ean \u00e7ekdar\u00ean partiya Karker\u00ean Kurdistan\u00ea li Ba\u015f\u00fbr\u00ea Kurdistan\u00ea \u00eero j\u00ee ji h\u00eala dewleta Tirkiy\u00ea ve hatin bordomankirin. \u00cero roja s\u00ea\u015fem\u00ee 20\/4\/2021an topxaney\u00ean Tirkiy\u00ea bi tund\u00ee baregeh\u00ean PKK\u00ea li devera Gopk\u00ee li \u00e7iyay\u00ea Zinar\u00ee \u00fb Xar\u00ea Sad\u00een bordomankirin. \u00c7avkaniy\u00ean p\u00eageha Darka Maz\u00ee li Ba\u015f\u00fbr\u00ea Kurdistan\u00ea e\u015fkere kirin, topxaney\u00ean Tirkiy\u00ea \u00eero li demjim\u00ear 8:20 bi tund\u00ee baregeh\u00ean [&hellip;]","og_url":"https:\/\/darkamazi.info\/archives\/1021166","og_site_name":"Darka Maz\u00ee","article_publisher":"https:\/\/www.facebook.com\/DarMaziKurmanci","article_published_time":"2021-04-20T19:45:24+00:00","article_modified_time":"2021-04-20T19:46:55+00:00","og_image":[{"width":1500,"height":945,"url":"https:\/\/darkamazi.info\/file\/2021\/04\/kani-mase.jpg","type":"image\/jpeg"}],"author":"darka mazi","twitter_card":"summary_large_image","twitter_creator":"@DarkaMaziLatini","twitter_site":"@DarkaMaziLatini","twitter_misc":{"Written by":"darka mazi","Est. reading time":"1 minute"},"schema":{"@context":"https:\/\/schema.org","@graph":[{"@type":"Article","@id":"https:\/\/darkamazi.info\/archives\/1021166#article","isPartOf":{"@id":"https:\/\/darkamazi.info\/archives\/1021166"},"author":{"name":"darka mazi","@id":"https:\/\/darkamazi.info\/#\/schema\/person\/5ad3e24553a0567993fa8ed4bd0a776c"},"headline":"Baregeh\u00ean PKK\u00ea bi tund\u00ee hatin Bombebarankirin","datePublished":"2021-04-20T19:45:24+00:00","dateModified":"2021-04-20T19:46:55+00:00","mainEntityOfPage":{"@id":"https:\/\/darkamazi.info\/archives\/1021166"},"wordCount":116,"publisher":{"@id":"https:\/\/darkamazi.info\/#organization"},"image":{"@id":"https:\/\/darkamazi.info\/archives\/1021166#primaryimage"},"thumbnailUrl":"https:\/\/darkamazi.info\/file\/2021\/04\/kani-mase.jpg","keywords":["sereke"],"articleSection":["Kurdistan"],"inLanguage":"en-US"},{"@type":"WebPage","@id":"https:\/\/darkamazi.info\/archives\/1021166","url":"https:\/\/darkamazi.info\/archives\/1021166","name":"Baregeh\u00ean PKK\u00ea bi tund\u00ee hatin Bombebarankirin - Darka Maz\u00ee","isPartOf":{"@id":"https:\/\/darkamazi.info\/#website"},"primaryImageOfPage":{"@id":"https:\/\/darkamazi.info\/archives\/1021166#primaryimage"},"image":{"@id":"https:\/\/darkamazi.info\/archives\/1021166#primaryimage"},"thumbnailUrl":"https:\/\/darkamazi.info\/file\/2021\/04\/kani-mase.jpg","datePublished":"2021-04-20T19:45:24+00:00","dateModified":"2021-04-20T19:46:55+00:00","breadcrumb":{"@id":"https:\/\/darkamazi.info\/archives\/1021166#breadcrumb"},"inLanguage":"en-US","potentialAction":[{"@type":"ReadAction","target":["https:\/\/darkamazi.info\/archives\/1021166"]}]},{"@type":"ImageObject","inLanguage":"en-US","@id":"https:\/\/darkamazi.info\/archives\/1021166#primaryimage","url":"https:\/\/darkamazi.info\/file\/2021\/04\/kani-mase.jpg","contentUrl":"https:\/\/darkamazi.info\/file\/2021\/04\/kani-mase.jpg","width":1500,"height":945,"caption":"baregeh\u00ean PKK\u00ea bi tund\u00ee hatin Bombebarankirin"},{"@type":"BreadcrumbList","@id":"https:\/\/darkamazi.info\/archives\/1021166#breadcrumb","itemListElement":[{"@type":"ListItem","position":1,"name":"Home","item":"https:\/\/darkamazi.info\/"},{"@type":"ListItem","position":2,"name":"Baregeh\u00ean PKK\u00ea bi tund\u00ee hatin Bombebarankirin"}]},{"@type":"WebSite","@id":"https:\/\/darkamazi.info\/#website","url":"https:\/\/darkamazi.info\/","name":"Darka Maz\u00ee","description":"P\u00eageha Zanyariy\u00ean Nebih\u00eest\u00ee","publisher":{"@id":"https:\/\/darkamazi.info\/#organization"},"potentialAction":[{"@type":"SearchAction","target":{"@type":"EntryPoint","urlTemplate":"https:\/\/darkamazi.info\/?s={search_term_string}"},"query-input":{"@type":"PropertyValueSpecification","valueRequired":true,"valueName":"search_term_string"}}],"inLanguage":"en-US"},{"@type":"Organization","@id":"https:\/\/darkamazi.info\/#organization","name":"Darka Maz\u00ee","url":"https:\/\/darkamazi.info\/","logo":{"@type":"ImageObject","inLanguage":"en-US","@id":"https:\/\/darkamazi.info\/#\/schema\/logo\/image\/","url":"https:\/\/darkamazi.info\/file\/2017\/12\/darka-mazi-logo.png","contentUrl":"https:\/\/darkamazi.info\/file\/2017\/12\/darka-mazi-logo.png","width":151,"height":75,"caption":"Darka Maz\u00ee"},"image":{"@id":"https:\/\/darkamazi.info\/#\/schema\/logo\/image\/"},"sameAs":["https:\/\/www.facebook.com\/DarMaziKurmanci","https:\/\/x.com\/DarkaMaziLatini","https:\/\/www.instagram.com\/darkamazi.kurmanci\/","https:\/\/www.youtube.com\/channel\/UCa5HkTdmI8U1qCUFuTw8B2g"]},{"@type":"Person","@id":"https:\/\/darkamazi.info\/#\/schema\/person\/5ad3e24553a0567993fa8ed4bd0a776c","name":"darka mazi","sameAs":["https:\/\/darkamazi.info\/"],"url":"https:\/\/darkamazi.info\/archives\/author\/kurdi"}]}},"_links":{"self":[{"href":"https:\/\/darkamazi.info\/funavuv\/wp\/v2\/posts\/1021166","targetHints":{"allow":["GET"]}}],"collection":[{"href":"https:\/\/darkamazi.info\/funavuv\/wp\/v2\/posts"}],"about":[{"href":"https:\/\/darkamazi.info\/funavuv\/wp\/v2\/types\/post"}],"author":[{"embeddable":true,"href":"https:\/\/darkamazi.info\/funavuv\/wp\/v2\/users\/2"}],"replies":[{"embeddable":true,"href":"https:\/\/darkamazi.info\/funavuv\/wp\/v2\/comments?post=1021166"}],"version-history":[{"count":0,"href":"https:\/\/darkamazi.info\/funavuv\/wp\/v2\/posts\/1021166\/revisions"}],"wp:featuredmedia":[{"embeddable":true,"href":"https:\/\/darkamazi.info\/funavuv\/wp\/v2\/media\/1021167"}],"wp:attachment":[{"href":"https:\/\/darkamazi.info\/funavuv\/wp\/v2\/media?parent=1021166"}],"wp:term":[{"taxonomy":"category","embeddable":true,"href":"https:\/\/darkamazi.info\/funavuv\/wp\/v2\/categories?post=1021166"},{"taxonomy":"post_tag","embeddable":true,"href":"https:\/\/darkamazi.info\/funavuv\/wp\/v2\/tags?post=1021166"}],"curies":[{"name":"wp","href":"https:\/\/api.w.org\/{rel}","templated":true}]}}