{"id":1021170,"date":"2021-04-21T16:40:53","date_gmt":"2021-04-21T13:40:53","guid":{"rendered":"https:\/\/darkamazi.info\/?p=1021170"},"modified":"2021-10-05T13:53:52","modified_gmt":"2021-10-05T10:53:52","slug":"pirojeya-pkke-ya-dorpeckirina-basure-kurdistane-bese-3","status":"publish","type":"post","link":"https:\/\/darkamazi.info\/archives\/1021170","title":{"rendered":"Pirojeya PKK\u00ea ya dorp\u00ea\u00e7kirina Ba\u015f\u00fbr\u00ea Kurdistan\u00ea \u2013 Be\u015f\u00ea \u00ab3\u00bb"},"content":{"rendered":"<div class=\"wpb-content-wrapper\"><p>[darkamazi_row][darkamazi_column][darkamazi_column_text]<\/p>\n<h3 style=\"text-align: center\"><span style=\"color: #8c0808;font-family: 'arial black', sans-serif\">Be\u015fa S\u00eayem; Pol\u00eet\u00eekay\u00ean PKK \u00ea y\u00ean ku ba\u015f\u00fbr\u00ea Kurdistan\u00ea di nava raya gi\u015ft\u00eeya netewey\u00ee \u00fb biyan\u00ee de re\u015f dikin<\/span><\/h3>\n<h3 style=\"text-align: justify\"><span style=\"font-family: 'arial black', sans-serif\">Di her du be\u015f\u00ean din \u00ean niv\u00eesa xwe de, me behsa h\u00eal\u00ean sereke y\u00ean rojeva PKK ya beramber ba\u015f\u00fbr\u00ea Kurdistan\u00ea kirib\u00fb. Ev dorp\u00ea\u00e7kirina erdn\u00eegar\u00ee \u00fb hewldan\u00ean dag\u00eerkirina ji hundir ve b\u00fbn. Dibe ku ji van xala gir\u00eengtir ew siyaseta PKK \u00ea ya bi r\u00eaya medyay\u00ea re\u015fkirina ba\u015f\u00fbr\u00ea Kurdistan\u00ea be. Mixabin, di c\u00eehana siyas\u00ee ya Kurd de tu h\u00eaz bi qas\u00ee medyay\u00ea PKK \u00ea \u00e7apemeniy\u00ea bi h\u00eaz kar na\u00eene. PKK bi r\u00eaya medyay\u00ea dujmin\u00ean tuney\u00ee diafir\u00eene, serfiraziy\u00ean medyay\u00ee bi dest dixe, \u00fb bi r\u00eaya medyay\u00ea j\u00ee hevala ji xwe re diafir\u00eene. \u00c7ima em dib\u00eajin mixabin? Ji ber ku medyaya PKK \u00ea ji dagirker\u00ean Kurdistan\u00ea b\u00eatir li dij\u00ee Kurdan h\u00eaza xwe bikar t\u00eene. Bi taybet\u00ee j\u00ee, di van sal\u00ean daw\u00ee de, siyasetek we\u015fan\u00ea heye ku dixwazin statu \u00fb nav\u00fbdeng\u00ean Hik\u00fbmeta Her\u00eama Kurdistan\u00ea xera bike. Hem\u00fb xebat\u00ean ragihandina PKK \u00ea ji bo jinavbirina desthilata Kurd\u00ee ya Hewl\u00ear\u00ea ye.<\/span><\/h3>\n<h3 style=\"text-align: justify\">Li gel kaosa li Rojhilata Nav\u00een, PKK \u00ea j\u00ee, di medyaya xwe de bi ziman\u00ean Eng\u00eel\u00eez\u00ee, Alman\u00ee, \u00cespanyol\u00ee \u00fb Ereb\u00ee dest bi we\u015fana kir. Di nav Kurdan de, medyaya ku piran\u00ee bi ziman\u00ean biyan\u00ee we\u015fan\u00ea dike, j\u00ee d\u00eesa ya PKK \u00ea ye. N\u00fb\u00e7ey\u00ean ku bi ziman\u00ea b\u00eeyan\u00ee t\u00eane belakirin pir bi d\u00eeqet t\u00eane hilbijart, Bi h\u00easan\u00ee t\u00ea d\u00eetin ku armanca hilbijartina mijar\u00ean di van n\u00fb\u00e7eyan de erk\u00ea sereke ewe ku; r\u00eaveberiya her\u00eama Kurdistan\u00ea wek\u00ee pa\u015fver\u00fb, feodal n\u00ee\u015fan bide \u00fb ten\u00ea aliy\u00ean neba\u015f y\u00ean Her\u00eama Kurdistan\u00ea dixe fox a xwe. Kes\u00ea ku \u00e7end roja bi berdewam\u00ee li \u00e7apemeniya PKK \u00ea bin\u00eare dib\u00eene ku her roj t\u00eagehek wek\u00ee KDP, P\u00ea\u015fmerge, Hewler \u00fb Hik\u00fbmeta Her\u00eama Kurdistan\u00ea t\u00ea hedef girtin \u00fb re\u015f kirin.<\/h3>\n<h3 style=\"text-align: justify\">Medya PKK ne ten\u00ea k\u00eamasiya derdixe p\u00ea\u015f, ew di heman dem\u00ea de n\u00fb\u00e7ey\u00ean li ser m\u00eazey\u00ea bixwe j\u00ee \u00e7\u00eadike, ku b\u00ea bingeh \u00fb rast\u00ee be.\u00a0 M\u00eenak, ji 2014 an ve, \u00e7apemeniya PKK \u00ea dixwaze t\u00eagehek\u00ee m\u00eena AKP = KDP yek in, biafir\u00eene. Ji bo ku v\u00ea rew\u015f\u00ea bir\u00eave bibe, ew li ser mas\u00ea n\u00fb\u00e7eyan amade dike. Li ser malpera Tirk\u00ee \u00eestixbarata PKK \u00ea NLP, n\u00fb\u00e7ey\u00ean daxwazkir\u00ee t\u00ean \u00e7\u00eakirin, PDK \u00fb Her\u00eama Kurdistan\u00ea t\u00ean \u015fermezarkirin. M\u00eenak, ragihandina PKK \u00ea \u00eed\u00eea dike ku ew h\u00eaza AKP&#8217;\u00ea SADAT ya ku Da\u00ee\u015f \u00fb h\u00eaz\u00ean param\u00eel\u00eeter perwerde dike, di heman dem\u00ea de perwerd\u00ea dide h\u00eaza P\u00ea\u015fmerge j\u00ee. Di n\u00fb\u00e7ey\u00ea de, &#8220;\u00e7avkaniy\u00ean ku naxwazin b\u00ean e\u015fkere kirin, \u00fb hwd.&#8221; Weke \u00e7avkan\u00ee t\u00eane dest n\u00ee\u015fan kirin. Ji ber ku SADAT h\u00eazek\u00ee xeyr\u00een\u00eezam\u00ee \u00fb b\u00easer\u00fbber e, PKK hewil dide ku bi v\u00ea tewana derew \u00fb b\u00ea bingeh ve, s\u00eeber\u00ea bixe ser statuya yasay\u00ee ya P\u00ea\u015fmerg\u00ean Kurdistan\u00ea. Dema ku PKK di \u00e7apemeniya xwe de p\u00ea\u015fmergeyan wek\u00ee &#8220;\u00e7ete&#8221; bi nav dike, di heman dem\u00ea de hewl dide ku v\u00ea t\u00eageh\u00ea di qada navnetewey\u00ee de j\u00ee biafir\u00eene. Li aliy\u00ea din de, saziy\u00ean \u00e7apemeniya PKK \u00ea y\u00ean wek\u00ee ANF \u00ea gotaran ji bil\u00ee tirk\u00ee \u00fb kurd\u00ee li ziman\u00ean din werdiger\u00eenin \u00fb malpera NLP wek\u00ee \u00e7avkaniya xwe destn\u00ee\u015fan dikin. L\u00eabel\u00ea, P\u00ea\u015fmerge bi hevahengiya hevpeymaniya navdewlet\u00ee ya li dij\u00ee Da\u00ee\u015f \u00ea tevdigere, \u00fb perwerda wan j\u00ee di bin \u00e7avd\u00ear\u00eeya h\u00eaz\u00ean hevpeyman t\u00ea day\u00een. Bi \u00e7i away\u00ee tu t\u00eakiliyek di navbera P\u00ea\u015fmerge \u00fb SADAT de \u00e7\u00eaneb\u00fbye. L\u00eabel\u00ea, PKK bi v\u00ea r\u00eabaz\u00ea, t\u00eagihi\u015ftina dixwaze di hi\u015f\u00ea xwendevan\u00ean biyan\u00ee de diafir\u00eene. Mixabin, ji ber ku medyaya ba\u015f\u00fbr\u00ea Kurdistan\u00ea ji bo \u015fikandin \u00fb bersivdana t\u00eagihi\u015ftin\u00ean bi v\u00ee reng\u00ee ne r\u00eaxistin kir\u00eeye, malper\u00ean \u00eenternet\u00ea bi derew\u00ean PKK \u00ea ve tij\u00ee dibe.<\/h3>\n<h3 style=\"text-align: justify\">Xizmet\u00ean HawarNews \u00ea y\u00ean ku bi ziman\u00ean biyan\u00ee we\u015fan\u00ea dikin, ji ber eleqeya bi Rojava re, xwedan r\u00eajeyek \u015fop\u00eener a ye, \u015f\u00fbna ku\u00a0 ew kar \u00fb xebat\u00ea Rojava belavbikin ew j\u00ee ten\u00ea li ser ba\u015f\u00fbr\u00ea Kurdistan\u00ea disekinin. Medya PKK \u00ea berdewam bi koord\u00eene bi hevdu re tevdigere. Navenda KCK \u00fb PKK li gor\u00ee bernameya xwe a siyas\u00ee n\u00fb\u00e7eyek\u00ee dixwaze, \u00fb ew j\u00ee n\u00fb\u00e7eyan sererast dikin \u00fb belav dikin. Ragehandina PKK \u00ea derbir\u00een\u00ean wek\u00ee ku Kurdistana Ba\u015f\u00fbr d\u00ea bibe Isra\u00eela duyem\u00een di n\u00fb\u00e7ey\u00ean Ereb\u00ee de derdixe p\u00ea\u015f. Ji bo \u00e7apemeniya \u00cengil\u00eez\u00ee j\u00ee dib\u00eaje li Ba\u015f\u00fbr\u00ea Kurdistan\u00ea maf\u00ea mirova tune ye. Ango, \u00e7apemeniya PKK di nava l\u00eager\u00een\u00ea de ye ka d\u00ea \u00e7awa \u00fb bi \u00e7i \u015f\u00eawaz\u00ee hinek al\u00eeya ka\u015f\u00ee gel xwe bike \u00fb d\u00ea \u00e7awa wan al\u00eey\u00ean s\u00eeyas\u00ee bikim dijmin\u00ea Hik\u00fbmeta Her\u00eama Kurdistan\u00ea.<\/h3>\n<h3 style=\"text-align: justify\">Heta Cem\u00eel Bayik ku r\u00eaveber\u00ea sereke y\u00ea PKK \u00ea ye, di gotara ku dida ragehandina b\u00eeyan\u00ee, b\u00ea dudil\u00ee xwest ba\u015f\u00fbr\u00ea Kurdistan\u00ea bi\u00e7\u00fbk bixe. Di hin hevpeyiv\u00eenan de Bayik di got; &#8220;\u00c7ekan nedin P\u00ea\u015fmerg\u00ea, bidin me. Dijberiya PKK ya li dij\u00ee ba\u015f\u00fbr\u00ea Kurdistan\u00ea di heman dem\u00ea de bi d\u00eeplomasiya li Ewropa j\u00ee t\u00ea kirin. KNK \u00fb hwd li Ewropa saz\u00ee, rojnamevan, siyasetmedar, parlamenter \u00fb hwd. Ew hewil didin ku dij\u00ee Hik\u00fbmeta Her\u00eama Kurdistan\u00ea bereyek\u00ea ava bikin. Erka sereke ya karmand\u00ean PKK y\u00ean li Ewropa, wek\u00ee Nil\u00fcfer Ko\u00e7, ewe ku Her\u00eama Kurdistan\u00ea weke her\u00eamek\u00ee pa\u015fvemay\u00ee \u00fb metirs\u00eedar bidin xuya kirin. L\u00eabel\u00ea, Her\u00eama Kurdistan\u00ea li Rojhilata Nav\u00een de cih\u00ea p\u00eakvej\u00eeyan\u00ea, karsaz\u00ee \u00fb serokan\u00eeya arem\u00ee \u00fb meden\u00eeyet\u00ea ye.<\/h3>\n<h3 style=\"text-align: justify\">Hewldana sereke ya PKK \u00ea di medyay\u00ea de ji ser\u00ea sala 2000 an vir ve ewe ku Ba\u015f\u00fbr\u00ea Kurdistan\u00ea re\u015f bike. Ev xebata PKK \u00ea weke n\u00eeqa\u015fek normal di navbera part\u00eeyan de d\u00eetin pir xelete. Ya ku PKK dike eve ku t\u00eagehi\u015ftina \u201cKurd nekarin werin ba hev\u201d \u00eesbat bike. Sala 2004 an, gava Seddam hate r\u00fbxandin \u00fb Her\u00eama Kurdistan\u00ea hate nas kirin, Ba\u015f\u00fbr\u00ea Kurdistan\u00ea ji bo hem\u00fb Kurdan bib\u00fb nevendek\u00ee menew\u00ee \u00fb s\u00eeyas\u00ee. Li her \u00e7ar par\u00e7\u00ean Kurdistan\u00ea ber\u00ea xwe da Ba\u015f\u00fbr. Armanca PKK \u00ea p\u00ea\u015f\u00eegirtina li v\u00ea r\u00eaw\u00eet\u00eeya Kurdan a liber Ba\u015f\u00fbr ve ye. Ji bo v\u00ea yek\u00ea, PKK \u00ea gel\u00ea Kurd kir du be\u015f. PKK girsey\u00ean li dora xwe ji hest\u00ean dijminatiya li dij\u00ee dagirker\u00ean Tirk b\u00eahtir li ser Her\u00eama Kurdistan\u00ea mot\u00eeve kir. PKK \u00ea ji bo girseya xwe weke n\u00ear\u00eena Dewleta Tirk ku li ser Hik\u00fbmeta Her\u00eama Kurdistan\u00ea heye, nefs\u00ee w\u00ea n\u00ear\u00een\u00ea l\u00ea bi \u00e7epg\u00ear\u00ee n\u00ear\u00eena \u00eenkarc\u00ee li Ba\u015f\u00fbr heye. Ango dagirkeriya Tirk \u00fb PKKe di derbar\u00ea ba\u015f\u00fbr de xwed\u00ee y\u00eak hizr\u00fbb\u00eerin. Li gor\u00ee v\u00ea, &#8220;Kurdistan d\u00ea bibe Isra\u00eela duyem\u00een \u00fb d\u00ea zirar\u00ea bigeh\u00eene Kurdan. Civaka Ba\u015f\u00fbr civakek e\u015f\u00eer\u00ee, pa\u015fvero \u00fb feodal e. &#8220;<\/h3>\n<h3 style=\"text-align: justify\">Dijminatiya PKK \u00ea ya li dij\u00ee Hik\u00fbmeta Her\u00eama Kurdistan\u00ea, ku me di van s\u00ea away\u00ean dorp\u00ea\u00e7\u00ea de \u015firove kir, hewcey\u00ea nirxandinek berfirehtir heye.<\/h3>\n<h3 style=\"text-align: justify\">Her dem yek heq\u00eeqet heye ku div\u00ea em ji b\u00eer nekin: PKK tevgerek e ku ji kaos \u00fb nakok\u00eeyan s\u00fbd werdigre. \u00cestiqrara ba\u015f\u00fbr\u00ea Kurdistan\u00ea ji bo PKK \u00ea asteng e. Ji ber v\u00ea sedem\u00ea j\u00ee, PKK hewl dide ku li ba\u015f\u00fbr\u00ea Kurdistan\u00ea kaos \u00e7\u00eabike. D\u00eeplomasiya PKK \u00ea ku navenda w\u00ea li Sil\u00eamaniy\u00ea ye, bi taybet\u00ee YNK \u00ea, t\u00eakil\u00eey\u00ean He\u015fda \u015fab\u00ee \u00fb xebata w\u00ea ya d\u00fbrxistina girseyan ji ba\u015f\u00fbr\u00ea Kurdistan\u00ea eve ku hem\u00ee ji bo afirandina cewek\u00ee kaos\u00ea ku PKK xwe t\u00ea de xwed\u00ee \u00fb mezin bike.<\/h3>\n<h3 style=\"text-align: justify\">Ev helwesta dijminah\u00ee ya PKK \u00ea li hember her\u00eama Kurdistan\u00ea h\u00eaj di nava civak\u00ea de ba\u015f de\u015f\u00eefre neb\u00fbye. L\u00eabel\u00ea, b\u00eay\u00ee e\u015fkerekirina armanca rast\u00een a PKK \u00ea, ew rola ney\u00een\u00ee ya PKK \u00ea li Kurdistan\u00ea nay\u00ea asteng kirin. Div\u00ea \u015fer\u00ea li dij\u00ee PKK \u00ea di asta s\u00eeyas\u00ee \u00fb fikr\u00ee j\u00ee were me\u015fandin.<\/h3>\n<p>[\/darkamazi_column_text][\/darkamazi_column][\/darkamazi_row][darkamazi_row css=&#8221;.darkamazi_custom_1623766585535{padding-bottom: 10px !important;}&#8221;][darkamazi_column][mpc_alert preset=&#8221;mpc_preset_24&#8243; icon=&#8221;eti eti_link&#8221; icon_color=&#8221;#ffffff&#8221; icon_size=&#8221;30&#8243; icon_background_color=&#8221;#df5461&#8243; icon_padding_divider=&#8221;true&#8221; icon_padding_css=&#8221;padding-top:25px;padding-right:25px;padding-bottom:25px;padding-left:25px;&#8221; font_preset=&#8221;mpc_preset_13&#8243; font_color=&#8221;#ffffff&#8221; font_size=&#8221;20&#8243; font_transform=&#8221;none&#8221; font_align=&#8221;center&#8221; content_padding_divider=&#8221;true&#8221; content_padding_css=&#8221;padding-top:10px;padding-right:15px;padding-bottom:0px;padding-left:15px;&#8221; background_type=&#8221;gradient&#8221; background_gradient=&#8221;#d14945||#e5825e||0;100||90||linear&#8221; border_divider=&#8221;true&#8221; border_css=&#8221;border-top:0px;border-right:0px;border-bottom:3px;border-left:0px;border-color:#bc3a5d;border-style:solid;border-radius:5px;&#8221; padding_divider=&#8221;true&#8221; margin_divider=&#8221;true&#8221;]<\/p>\n<h1 style=\"direction: ltr;text-align: center\"><span style=\"font-size: 18pt\"><a href=\"https:\/\/darkamazi.info\/archives\/1020929\"><span style=\"font-family: 'arial black', sans-serif;color: #ffffff\">Ji bo d\u00eetina be\u015f\u00ea 1 kil\u00eek bike<\/span><\/a><\/span><\/h1>\n<p>[\/mpc_alert][\/darkamazi_column][\/darkamazi_row][darkamazi_row css=&#8221;.darkamazi_custom_1623766590630{padding-bottom: 10px !important;}&#8221;][darkamazi_column][mpc_alert preset=&#8221;mpc_preset_24&#8243; icon=&#8221;eti eti_link&#8221; icon_color=&#8221;#ffffff&#8221; icon_size=&#8221;30&#8243; icon_background_color=&#8221;#df5461&#8243; icon_padding_divider=&#8221;true&#8221; icon_padding_css=&#8221;padding-top:25px;padding-right:25px;padding-bottom:25px;padding-left:25px;&#8221; font_preset=&#8221;mpc_preset_13&#8243; font_color=&#8221;#ffffff&#8221; font_size=&#8221;20&#8243; font_transform=&#8221;none&#8221; font_align=&#8221;center&#8221; content_padding_divider=&#8221;true&#8221; content_padding_css=&#8221;padding-top:10px;padding-right:15px;padding-bottom:0px;padding-left:15px;&#8221; background_type=&#8221;gradient&#8221; background_gradient=&#8221;#d14945||#e5825e||0;100||90||linear&#8221; border_divider=&#8221;true&#8221; border_css=&#8221;border-top:0px;border-right:0px;border-bottom:3px;border-left:0px;border-color:#bc3a5d;border-style:solid;border-radius:5px;&#8221; padding_divider=&#8221;true&#8221; margin_divider=&#8221;true&#8221;]<\/p>\n<h1 style=\"direction: ltr;text-align: center\"><span style=\"font-size: 18pt\"><a href=\"https:\/\/darkamazi.info\/archives\/1020965\"><span style=\"font-family: 'arial black', sans-serif;color: #ffffff\">Ji bo d\u00eetina be\u015f\u00ea 2 kil\u00eek bike<\/span><\/a><\/span><\/h1>\n<p>[\/mpc_alert][\/darkamazi_column][\/darkamazi_row]<\/p>\n<\/div>","protected":false},"excerpt":{"rendered":"<p>[darkamazi_row][darkamazi_column][darkamazi_column_text] Be\u015fa S\u00eayem; Pol\u00eet\u00eekay\u00ean PKK \u00ea y\u00ean ku ba\u015f\u00fbr\u00ea Kurdistan\u00ea di nava raya gi\u015ft\u00eeya netewey\u00ee \u00fb biyan\u00ee de re\u015f dikin Di her du be\u015f\u00ean din \u00ean niv\u00eesa xwe de, me behsa h\u00eal\u00ean sereke y\u00ean rojeva PKK ya beramber ba\u015f\u00fbr\u00ea Kurdistan\u00ea kirib\u00fb. Ev dorp\u00ea\u00e7kirina erdn\u00eegar\u00ee \u00fb hewldan\u00ean dag\u00eerkirina ji hundir ve b\u00fbn. Dibe ku ji van [&hellip;]<\/p>\n","protected":false},"author":2,"featured_media":1021171,"comment_status":"closed","ping_status":"closed","sticky":false,"template":"","format":"standard","meta":{"footnotes":""},"categories":[68],"tags":[37],"class_list":["post-1021170","post","type-post","status-publish","format-standard","has-post-thumbnail","hentry","category-analiz","tag-sereke"],"blocksy_meta":[],"seo_head":"<!-- This site is optimized with the Yoast SEO plugin v27.5 - https:\/\/yoast.com\/product\/yoast-seo-wordpress\/ -->\n<title>Pirojeya PKK\u00ea ya dorp\u00ea\u00e7kirina Ba\u015f\u00fbr\u00ea Kurdistan\u00ea \u2013 Be\u015f\u00ea \u00ab3\u00bb - Darka Maz\u00ee<\/title>\n<meta name=\"robots\" content=\"index, follow, max-snippet:-1, max-image-preview:large, max-video-preview:-1\" \/>\n<link rel=\"canonical\" href=\"https:\/\/darkamazi.info\/archives\/1021170\" \/>\n<meta property=\"og:locale\" content=\"en_US\" \/>\n<meta property=\"og:type\" content=\"article\" \/>\n<meta property=\"og:title\" content=\"Pirojeya PKK\u00ea ya dorp\u00ea\u00e7kirina Ba\u015f\u00fbr\u00ea Kurdistan\u00ea \u2013 Be\u015f\u00ea \u00ab3\u00bb - Darka Maz\u00ee\" \/>\n<meta property=\"og:description\" content=\"[darkamazi_row][darkamazi_column][darkamazi_column_text] Be\u015fa S\u00eayem; Pol\u00eet\u00eekay\u00ean PKK \u00ea y\u00ean ku ba\u015f\u00fbr\u00ea Kurdistan\u00ea di nava raya gi\u015ft\u00eeya netewey\u00ee \u00fb biyan\u00ee de re\u015f dikin Di her du be\u015f\u00ean din \u00ean niv\u00eesa xwe de, me behsa h\u00eal\u00ean sereke y\u00ean rojeva PKK ya beramber ba\u015f\u00fbr\u00ea Kurdistan\u00ea kirib\u00fb. Ev dorp\u00ea\u00e7kirina erdn\u00eegar\u00ee \u00fb hewldan\u00ean dag\u00eerkirina ji hundir ve b\u00fbn. Dibe ku ji van [&hellip;]\" \/>\n<meta property=\"og:url\" content=\"https:\/\/darkamazi.info\/archives\/1021170\" \/>\n<meta property=\"og:site_name\" content=\"Darka Maz\u00ee\" \/>\n<meta property=\"article:publisher\" content=\"https:\/\/www.facebook.com\/DarMaziKurmanci\" \/>\n<meta property=\"article:published_time\" content=\"2021-04-21T13:40:53+00:00\" \/>\n<meta property=\"article:modified_time\" content=\"2021-10-05T10:53:52+00:00\" \/>\n<meta property=\"og:image\" content=\"https:\/\/darkamazi.info\/file\/2021\/04\/PKK-kurdistan-map-ocalan-PART-logo.jpg\" \/>\n\t<meta property=\"og:image:width\" content=\"900\" \/>\n\t<meta property=\"og:image:height\" content=\"497\" \/>\n\t<meta property=\"og:image:type\" content=\"image\/jpeg\" \/>\n<meta name=\"author\" content=\"darka mazi\" \/>\n<meta name=\"twitter:card\" content=\"summary_large_image\" \/>\n<meta name=\"twitter:creator\" content=\"@DarkaMaziLatini\" \/>\n<meta name=\"twitter:site\" content=\"@DarkaMaziLatini\" \/>\n<meta name=\"twitter:label1\" content=\"Written by\" \/>\n\t<meta name=\"twitter:data1\" content=\"darka mazi\" \/>\n\t<meta name=\"twitter:label2\" content=\"Est. reading time\" \/>\n\t<meta name=\"twitter:data2\" content=\"6 minutes\" \/>\n<script type=\"application\/ld+json\" class=\"seo-schema-graph\">{\"@context\":\"https:\\\/\\\/schema.org\",\"@graph\":[{\"@type\":\"Article\",\"@id\":\"https:\\\/\\\/darkamazi.info\\\/archives\\\/1021170#article\",\"isPartOf\":{\"@id\":\"https:\\\/\\\/darkamazi.info\\\/archives\\\/1021170\"},\"author\":{\"name\":\"darka mazi\",\"@id\":\"https:\\\/\\\/darkamazi.info\\\/#\\\/schema\\\/person\\\/5ad3e24553a0567993fa8ed4bd0a776c\"},\"headline\":\"Pirojeya PKK\u00ea ya dorp\u00ea\u00e7kirina Ba\u015f\u00fbr\u00ea Kurdistan\u00ea \u2013 Be\u015f\u00ea \u00ab3\u00bb\",\"datePublished\":\"2021-04-21T13:40:53+00:00\",\"dateModified\":\"2021-10-05T10:53:52+00:00\",\"mainEntityOfPage\":{\"@id\":\"https:\\\/\\\/darkamazi.info\\\/archives\\\/1021170\"},\"wordCount\":1623,\"publisher\":{\"@id\":\"https:\\\/\\\/darkamazi.info\\\/#organization\"},\"image\":{\"@id\":\"https:\\\/\\\/darkamazi.info\\\/archives\\\/1021170#primaryimage\"},\"thumbnailUrl\":\"https:\\\/\\\/darkamazi.info\\\/darka-content\\\/uploads\\\/2021\\\/04\\\/PKK-kurdistan-map-ocalan-PART-logo.jpg\",\"keywords\":[\"sereke\"],\"articleSection\":[\"Anal\u00eez\"],\"inLanguage\":\"en-US\"},{\"@type\":\"WebPage\",\"@id\":\"https:\\\/\\\/darkamazi.info\\\/archives\\\/1021170\",\"url\":\"https:\\\/\\\/darkamazi.info\\\/archives\\\/1021170\",\"name\":\"Pirojeya PKK\u00ea ya dorp\u00ea\u00e7kirina Ba\u015f\u00fbr\u00ea Kurdistan\u00ea \u2013 Be\u015f\u00ea \u00ab3\u00bb - Darka Maz\u00ee\",\"isPartOf\":{\"@id\":\"https:\\\/\\\/darkamazi.info\\\/#website\"},\"primaryImageOfPage\":{\"@id\":\"https:\\\/\\\/darkamazi.info\\\/archives\\\/1021170#primaryimage\"},\"image\":{\"@id\":\"https:\\\/\\\/darkamazi.info\\\/archives\\\/1021170#primaryimage\"},\"thumbnailUrl\":\"https:\\\/\\\/darkamazi.info\\\/darka-content\\\/uploads\\\/2021\\\/04\\\/PKK-kurdistan-map-ocalan-PART-logo.jpg\",\"datePublished\":\"2021-04-21T13:40:53+00:00\",\"dateModified\":\"2021-10-05T10:53:52+00:00\",\"breadcrumb\":{\"@id\":\"https:\\\/\\\/darkamazi.info\\\/archives\\\/1021170#breadcrumb\"},\"inLanguage\":\"en-US\",\"potentialAction\":[{\"@type\":\"ReadAction\",\"target\":[\"https:\\\/\\\/darkamazi.info\\\/archives\\\/1021170\"]}]},{\"@type\":\"ImageObject\",\"inLanguage\":\"en-US\",\"@id\":\"https:\\\/\\\/darkamazi.info\\\/archives\\\/1021170#primaryimage\",\"url\":\"https:\\\/\\\/darkamazi.info\\\/darka-content\\\/uploads\\\/2021\\\/04\\\/PKK-kurdistan-map-ocalan-PART-logo.jpg\",\"contentUrl\":\"https:\\\/\\\/darkamazi.info\\\/darka-content\\\/uploads\\\/2021\\\/04\\\/PKK-kurdistan-map-ocalan-PART-logo.jpg\",\"width\":900,\"height\":497,\"caption\":\"Pirojeya PKK\u00ea ya dorp\u00ea\u00e7kirina Ba\u015f\u00fbr\u00ea Kurdistan\u00ea \u2013 Be\u015f\u00ea \u00ab3\u00bb\"},{\"@type\":\"BreadcrumbList\",\"@id\":\"https:\\\/\\\/darkamazi.info\\\/archives\\\/1021170#breadcrumb\",\"itemListElement\":[{\"@type\":\"ListItem\",\"position\":1,\"name\":\"Home\",\"item\":\"https:\\\/\\\/darkamazi.info\\\/\"},{\"@type\":\"ListItem\",\"position\":2,\"name\":\"Pirojeya PKK\u00ea ya dorp\u00ea\u00e7kirina Ba\u015f\u00fbr\u00ea Kurdistan\u00ea \u2013 Be\u015f\u00ea \u00ab3\u00bb\"}]},{\"@type\":\"WebSite\",\"@id\":\"https:\\\/\\\/darkamazi.info\\\/#website\",\"url\":\"https:\\\/\\\/darkamazi.info\\\/\",\"name\":\"Darka Maz\u00ee\",\"description\":\"P\u00eageha Zanyariy\u00ean Nebih\u00eest\u00ee\",\"publisher\":{\"@id\":\"https:\\\/\\\/darkamazi.info\\\/#organization\"},\"potentialAction\":[{\"@type\":\"SearchAction\",\"target\":{\"@type\":\"EntryPoint\",\"urlTemplate\":\"https:\\\/\\\/darkamazi.info\\\/?s={search_term_string}\"},\"query-input\":{\"@type\":\"PropertyValueSpecification\",\"valueRequired\":true,\"valueName\":\"search_term_string\"}}],\"inLanguage\":\"en-US\"},{\"@type\":\"Organization\",\"@id\":\"https:\\\/\\\/darkamazi.info\\\/#organization\",\"name\":\"Darka Maz\u00ee\",\"url\":\"https:\\\/\\\/darkamazi.info\\\/\",\"logo\":{\"@type\":\"ImageObject\",\"inLanguage\":\"en-US\",\"@id\":\"https:\\\/\\\/darkamazi.info\\\/#\\\/schema\\\/logo\\\/image\\\/\",\"url\":\"https:\\\/\\\/darkamazi.info\\\/darka-content\\\/uploads\\\/2017\\\/12\\\/darka-mazi-logo.png\",\"contentUrl\":\"https:\\\/\\\/darkamazi.info\\\/darka-content\\\/uploads\\\/2017\\\/12\\\/darka-mazi-logo.png\",\"width\":151,\"height\":75,\"caption\":\"Darka Maz\u00ee\"},\"image\":{\"@id\":\"https:\\\/\\\/darkamazi.info\\\/#\\\/schema\\\/logo\\\/image\\\/\"},\"sameAs\":[\"https:\\\/\\\/www.facebook.com\\\/DarMaziKurmanci\",\"https:\\\/\\\/x.com\\\/DarkaMaziLatini\",\"https:\\\/\\\/www.instagram.com\\\/darkamazi.kurmanci\\\/\",\"https:\\\/\\\/www.youtube.com\\\/channel\\\/UCa5HkTdmI8U1qCUFuTw8B2g\"]},{\"@type\":\"Person\",\"@id\":\"https:\\\/\\\/darkamazi.info\\\/#\\\/schema\\\/person\\\/5ad3e24553a0567993fa8ed4bd0a776c\",\"name\":\"darka mazi\",\"sameAs\":[\"https:\\\/\\\/darkamazi.info\\\/\"],\"url\":\"https:\\\/\\\/darkamazi.info\\\/archives\\\/author\\\/kurdi\"}]}<\/script>\n<!-- \/ Yoast SEO plugin. -->","seo_head_json":{"title":"Pirojeya PKK\u00ea ya dorp\u00ea\u00e7kirina Ba\u015f\u00fbr\u00ea Kurdistan\u00ea \u2013 Be\u015f\u00ea \u00ab3\u00bb - Darka Maz\u00ee","robots":{"index":"index","follow":"follow","max-snippet":"max-snippet:-1","max-image-preview":"max-image-preview:large","max-video-preview":"max-video-preview:-1"},"canonical":"https:\/\/darkamazi.info\/archives\/1021170","og_locale":"en_US","og_type":"article","og_title":"Pirojeya PKK\u00ea ya dorp\u00ea\u00e7kirina Ba\u015f\u00fbr\u00ea Kurdistan\u00ea \u2013 Be\u015f\u00ea \u00ab3\u00bb - Darka Maz\u00ee","og_description":"[darkamazi_row][darkamazi_column][darkamazi_column_text] Be\u015fa S\u00eayem; Pol\u00eet\u00eekay\u00ean PKK \u00ea y\u00ean ku ba\u015f\u00fbr\u00ea Kurdistan\u00ea di nava raya gi\u015ft\u00eeya netewey\u00ee \u00fb biyan\u00ee de re\u015f dikin Di her du be\u015f\u00ean din \u00ean niv\u00eesa xwe de, me behsa h\u00eal\u00ean sereke y\u00ean rojeva PKK ya beramber ba\u015f\u00fbr\u00ea Kurdistan\u00ea kirib\u00fb. Ev dorp\u00ea\u00e7kirina erdn\u00eegar\u00ee \u00fb hewldan\u00ean dag\u00eerkirina ji hundir ve b\u00fbn. Dibe ku ji van [&hellip;]","og_url":"https:\/\/darkamazi.info\/archives\/1021170","og_site_name":"Darka Maz\u00ee","article_publisher":"https:\/\/www.facebook.com\/DarMaziKurmanci","article_published_time":"2021-04-21T13:40:53+00:00","article_modified_time":"2021-10-05T10:53:52+00:00","og_image":[{"width":900,"height":497,"url":"https:\/\/darkamazi.info\/file\/2021\/04\/PKK-kurdistan-map-ocalan-PART-logo.jpg","type":"image\/jpeg"}],"author":"darka mazi","twitter_card":"summary_large_image","twitter_creator":"@DarkaMaziLatini","twitter_site":"@DarkaMaziLatini","twitter_misc":{"Written by":"darka mazi","Est. reading time":"6 minutes"},"schema":{"@context":"https:\/\/schema.org","@graph":[{"@type":"Article","@id":"https:\/\/darkamazi.info\/archives\/1021170#article","isPartOf":{"@id":"https:\/\/darkamazi.info\/archives\/1021170"},"author":{"name":"darka mazi","@id":"https:\/\/darkamazi.info\/#\/schema\/person\/5ad3e24553a0567993fa8ed4bd0a776c"},"headline":"Pirojeya PKK\u00ea ya dorp\u00ea\u00e7kirina Ba\u015f\u00fbr\u00ea Kurdistan\u00ea \u2013 Be\u015f\u00ea \u00ab3\u00bb","datePublished":"2021-04-21T13:40:53+00:00","dateModified":"2021-10-05T10:53:52+00:00","mainEntityOfPage":{"@id":"https:\/\/darkamazi.info\/archives\/1021170"},"wordCount":1623,"publisher":{"@id":"https:\/\/darkamazi.info\/#organization"},"image":{"@id":"https:\/\/darkamazi.info\/archives\/1021170#primaryimage"},"thumbnailUrl":"https:\/\/darkamazi.info\/file\/2021\/04\/PKK-kurdistan-map-ocalan-PART-logo.jpg","keywords":["sereke"],"articleSection":["Anal\u00eez"],"inLanguage":"en-US"},{"@type":"WebPage","@id":"https:\/\/darkamazi.info\/archives\/1021170","url":"https:\/\/darkamazi.info\/archives\/1021170","name":"Pirojeya PKK\u00ea ya dorp\u00ea\u00e7kirina Ba\u015f\u00fbr\u00ea Kurdistan\u00ea \u2013 Be\u015f\u00ea \u00ab3\u00bb - Darka Maz\u00ee","isPartOf":{"@id":"https:\/\/darkamazi.info\/#website"},"primaryImageOfPage":{"@id":"https:\/\/darkamazi.info\/archives\/1021170#primaryimage"},"image":{"@id":"https:\/\/darkamazi.info\/archives\/1021170#primaryimage"},"thumbnailUrl":"https:\/\/darkamazi.info\/file\/2021\/04\/PKK-kurdistan-map-ocalan-PART-logo.jpg","datePublished":"2021-04-21T13:40:53+00:00","dateModified":"2021-10-05T10:53:52+00:00","breadcrumb":{"@id":"https:\/\/darkamazi.info\/archives\/1021170#breadcrumb"},"inLanguage":"en-US","potentialAction":[{"@type":"ReadAction","target":["https:\/\/darkamazi.info\/archives\/1021170"]}]},{"@type":"ImageObject","inLanguage":"en-US","@id":"https:\/\/darkamazi.info\/archives\/1021170#primaryimage","url":"https:\/\/darkamazi.info\/file\/2021\/04\/PKK-kurdistan-map-ocalan-PART-logo.jpg","contentUrl":"https:\/\/darkamazi.info\/file\/2021\/04\/PKK-kurdistan-map-ocalan-PART-logo.jpg","width":900,"height":497,"caption":"Pirojeya PKK\u00ea ya dorp\u00ea\u00e7kirina Ba\u015f\u00fbr\u00ea Kurdistan\u00ea \u2013 Be\u015f\u00ea \u00ab3\u00bb"},{"@type":"BreadcrumbList","@id":"https:\/\/darkamazi.info\/archives\/1021170#breadcrumb","itemListElement":[{"@type":"ListItem","position":1,"name":"Home","item":"https:\/\/darkamazi.info\/"},{"@type":"ListItem","position":2,"name":"Pirojeya PKK\u00ea ya dorp\u00ea\u00e7kirina Ba\u015f\u00fbr\u00ea Kurdistan\u00ea \u2013 Be\u015f\u00ea \u00ab3\u00bb"}]},{"@type":"WebSite","@id":"https:\/\/darkamazi.info\/#website","url":"https:\/\/darkamazi.info\/","name":"Darka Maz\u00ee","description":"P\u00eageha Zanyariy\u00ean Nebih\u00eest\u00ee","publisher":{"@id":"https:\/\/darkamazi.info\/#organization"},"potentialAction":[{"@type":"SearchAction","target":{"@type":"EntryPoint","urlTemplate":"https:\/\/darkamazi.info\/?s={search_term_string}"},"query-input":{"@type":"PropertyValueSpecification","valueRequired":true,"valueName":"search_term_string"}}],"inLanguage":"en-US"},{"@type":"Organization","@id":"https:\/\/darkamazi.info\/#organization","name":"Darka Maz\u00ee","url":"https:\/\/darkamazi.info\/","logo":{"@type":"ImageObject","inLanguage":"en-US","@id":"https:\/\/darkamazi.info\/#\/schema\/logo\/image\/","url":"https:\/\/darkamazi.info\/file\/2017\/12\/darka-mazi-logo.png","contentUrl":"https:\/\/darkamazi.info\/file\/2017\/12\/darka-mazi-logo.png","width":151,"height":75,"caption":"Darka Maz\u00ee"},"image":{"@id":"https:\/\/darkamazi.info\/#\/schema\/logo\/image\/"},"sameAs":["https:\/\/www.facebook.com\/DarMaziKurmanci","https:\/\/x.com\/DarkaMaziLatini","https:\/\/www.instagram.com\/darkamazi.kurmanci\/","https:\/\/www.youtube.com\/channel\/UCa5HkTdmI8U1qCUFuTw8B2g"]},{"@type":"Person","@id":"https:\/\/darkamazi.info\/#\/schema\/person\/5ad3e24553a0567993fa8ed4bd0a776c","name":"darka mazi","sameAs":["https:\/\/darkamazi.info\/"],"url":"https:\/\/darkamazi.info\/archives\/author\/kurdi"}]}},"_links":{"self":[{"href":"https:\/\/darkamazi.info\/funavuv\/wp\/v2\/posts\/1021170","targetHints":{"allow":["GET"]}}],"collection":[{"href":"https:\/\/darkamazi.info\/funavuv\/wp\/v2\/posts"}],"about":[{"href":"https:\/\/darkamazi.info\/funavuv\/wp\/v2\/types\/post"}],"author":[{"embeddable":true,"href":"https:\/\/darkamazi.info\/funavuv\/wp\/v2\/users\/2"}],"replies":[{"embeddable":true,"href":"https:\/\/darkamazi.info\/funavuv\/wp\/v2\/comments?post=1021170"}],"version-history":[{"count":0,"href":"https:\/\/darkamazi.info\/funavuv\/wp\/v2\/posts\/1021170\/revisions"}],"wp:featuredmedia":[{"embeddable":true,"href":"https:\/\/darkamazi.info\/funavuv\/wp\/v2\/media\/1021171"}],"wp:attachment":[{"href":"https:\/\/darkamazi.info\/funavuv\/wp\/v2\/media?parent=1021170"}],"wp:term":[{"taxonomy":"category","embeddable":true,"href":"https:\/\/darkamazi.info\/funavuv\/wp\/v2\/categories?post=1021170"},{"taxonomy":"post_tag","embeddable":true,"href":"https:\/\/darkamazi.info\/funavuv\/wp\/v2\/tags?post=1021170"}],"curies":[{"name":"wp","href":"https:\/\/api.w.org\/{rel}","templated":true}]}}