{"id":1021245,"date":"2021-04-24T21:31:07","date_gmt":"2021-04-24T18:31:07","guid":{"rendered":"https:\/\/darkamazi.info\/?p=1021245"},"modified":"2021-04-24T21:31:07","modified_gmt":"2021-04-24T18:31:07","slug":"rejima-suriye-li-helebe-2-taxen-kurdan-dorpec-kir","status":"publish","type":"post","link":"https:\/\/darkamazi.info\/archives\/1021245","title":{"rendered":"Rej\u00eema S\u00fbriy\u00ea li Heleb\u00ea 2 tax\u00ean Kurdan dorp\u00ea\u00e7 kir"},"content":{"rendered":"<h4 style=\"text-align: justify\"><span style=\"font-family: 'arial black', sans-serif\">Pi\u015ft\u00ee pev\u00e7\u00fbna li Qam\u00ee\u015floy\u00ea ya navbera rej\u00eema S\u00fbriy\u00ea \u00fb r\u00eavebiriya xweser, li bajar\u00ea Heleb\u00ea h\u00eaz\u00ean rej\u00eem\u00ea du tax\u00ean Kurda y\u00ean bi nav\u00ean \u015e\u00eax Meqs\u00fbd \u00fb E\u015frefiy\u00ea dorp\u00ea\u00e7 kir.<\/span><\/h4>\n<h4 style=\"text-align: justify\">Her d\u00fb tax\u00ean Heleb\u00ea y\u00ean \u015e\u00eax Meqs\u00fbd \u00fb E\u015frefiye di bin dest\u00ea YPG \u00ea de ne \u00fb dorp\u00ea\u00e7\u00ea li dij\u00ee r\u00eavebiriya xweser ya Rojava bikart\u00eene.<\/h4>\n","protected":false},"excerpt":{"rendered":"<p>Pi\u015ft\u00ee pev\u00e7\u00fbna li Qam\u00ee\u015floy\u00ea ya navbera rej\u00eema S\u00fbriy\u00ea \u00fb r\u00eavebiriya xweser, li bajar\u00ea Heleb\u00ea h\u00eaz\u00ean rej\u00eem\u00ea du tax\u00ean Kurda y\u00ean bi nav\u00ean \u015e\u00eax Meqs\u00fbd \u00fb E\u015frefiy\u00ea dorp\u00ea\u00e7 kir. Her d\u00fb tax\u00ean Heleb\u00ea y\u00ean \u015e\u00eax Meqs\u00fbd \u00fb E\u015frefiye di bin dest\u00ea YPG \u00ea de ne \u00fb dorp\u00ea\u00e7\u00ea li dij\u00ee r\u00eavebiriya xweser ya Rojava bikart\u00eene.<\/p>\n","protected":false},"author":2,"featured_media":1021246,"comment_status":"closed","ping_status":"closed","sticky":false,"template":"","format":"standard","meta":{"footnotes":""},"categories":[29],"tags":[37],"class_list":["post-1021245","post","type-post","status-publish","format-standard","has-post-thumbnail","hentry","category-kurdistan","tag-sereke"],"blocksy_meta":[],"seo_head":"<!-- This site is optimized with the Yoast SEO plugin v27.5 - https:\/\/yoast.com\/product\/yoast-seo-wordpress\/ -->\n<title>Rej\u00eema S\u00fbriy\u00ea li Heleb\u00ea 2 tax\u00ean Kurdan dorp\u00ea\u00e7 kir - Darka Maz\u00ee<\/title>\n<meta name=\"robots\" content=\"index, follow, max-snippet:-1, max-image-preview:large, max-video-preview:-1\" \/>\n<link rel=\"canonical\" href=\"https:\/\/darkamazi.info\/archives\/1021245\" \/>\n<meta property=\"og:locale\" content=\"en_US\" \/>\n<meta property=\"og:type\" content=\"article\" \/>\n<meta property=\"og:title\" content=\"Rej\u00eema S\u00fbriy\u00ea li Heleb\u00ea 2 tax\u00ean Kurdan dorp\u00ea\u00e7 kir - Darka Maz\u00ee\" \/>\n<meta property=\"og:description\" content=\"Pi\u015ft\u00ee pev\u00e7\u00fbna li Qam\u00ee\u015floy\u00ea ya navbera rej\u00eema S\u00fbriy\u00ea \u00fb r\u00eavebiriya xweser, li bajar\u00ea Heleb\u00ea h\u00eaz\u00ean rej\u00eem\u00ea du tax\u00ean Kurda y\u00ean bi nav\u00ean \u015e\u00eax Meqs\u00fbd \u00fb E\u015frefiy\u00ea dorp\u00ea\u00e7 kir. Her d\u00fb tax\u00ean Heleb\u00ea y\u00ean \u015e\u00eax Meqs\u00fbd \u00fb E\u015frefiye di bin dest\u00ea YPG \u00ea de ne \u00fb dorp\u00ea\u00e7\u00ea li dij\u00ee r\u00eavebiriya xweser ya Rojava bikart\u00eene.\" \/>\n<meta property=\"og:url\" content=\"https:\/\/darkamazi.info\/archives\/1021245\" \/>\n<meta property=\"og:site_name\" content=\"Darka Maz\u00ee\" \/>\n<meta property=\"article:publisher\" content=\"https:\/\/www.facebook.com\/DarMaziKurmanci\" \/>\n<meta property=\"article:published_time\" content=\"2021-04-24T18:31:07+00:00\" \/>\n<meta property=\"og:image\" content=\"https:\/\/darkamazi.info\/file\/2021\/04\/heleb-hpg-suriya.jpg\" \/>\n\t<meta property=\"og:image:width\" content=\"480\" \/>\n\t<meta property=\"og:image:height\" content=\"360\" \/>\n\t<meta property=\"og:image:type\" content=\"image\/jpeg\" \/>\n<meta name=\"author\" content=\"darka mazi\" \/>\n<meta name=\"twitter:card\" content=\"summary_large_image\" \/>\n<meta name=\"twitter:creator\" content=\"@DarkaMaziLatini\" \/>\n<meta name=\"twitter:site\" content=\"@DarkaMaziLatini\" \/>\n<meta name=\"twitter:label1\" content=\"Written by\" \/>\n\t<meta name=\"twitter:data1\" content=\"darka mazi\" \/>\n\t<meta name=\"twitter:label2\" content=\"Est. reading time\" \/>\n\t<meta name=\"twitter:data2\" content=\"1 minute\" \/>\n<script type=\"application\/ld+json\" class=\"seo-schema-graph\">{\"@context\":\"https:\\\/\\\/schema.org\",\"@graph\":[{\"@type\":\"Article\",\"@id\":\"https:\\\/\\\/darkamazi.info\\\/archives\\\/1021245#article\",\"isPartOf\":{\"@id\":\"https:\\\/\\\/darkamazi.info\\\/archives\\\/1021245\"},\"author\":{\"name\":\"darka mazi\",\"@id\":\"https:\\\/\\\/darkamazi.info\\\/#\\\/schema\\\/person\\\/5ad3e24553a0567993fa8ed4bd0a776c\"},\"headline\":\"Rej\u00eema S\u00fbriy\u00ea li Heleb\u00ea 2 tax\u00ean Kurdan dorp\u00ea\u00e7 kir\",\"datePublished\":\"2021-04-24T18:31:07+00:00\",\"mainEntityOfPage\":{\"@id\":\"https:\\\/\\\/darkamazi.info\\\/archives\\\/1021245\"},\"wordCount\":79,\"publisher\":{\"@id\":\"https:\\\/\\\/darkamazi.info\\\/#organization\"},\"image\":{\"@id\":\"https:\\\/\\\/darkamazi.info\\\/archives\\\/1021245#primaryimage\"},\"thumbnailUrl\":\"https:\\\/\\\/darkamazi.info\\\/darka-content\\\/uploads\\\/2021\\\/04\\\/heleb-hpg-suriya.jpg\",\"keywords\":[\"sereke\"],\"articleSection\":[\"Kurdistan\"],\"inLanguage\":\"en-US\"},{\"@type\":\"WebPage\",\"@id\":\"https:\\\/\\\/darkamazi.info\\\/archives\\\/1021245\",\"url\":\"https:\\\/\\\/darkamazi.info\\\/archives\\\/1021245\",\"name\":\"Rej\u00eema S\u00fbriy\u00ea li Heleb\u00ea 2 tax\u00ean Kurdan dorp\u00ea\u00e7 kir - Darka Maz\u00ee\",\"isPartOf\":{\"@id\":\"https:\\\/\\\/darkamazi.info\\\/#website\"},\"primaryImageOfPage\":{\"@id\":\"https:\\\/\\\/darkamazi.info\\\/archives\\\/1021245#primaryimage\"},\"image\":{\"@id\":\"https:\\\/\\\/darkamazi.info\\\/archives\\\/1021245#primaryimage\"},\"thumbnailUrl\":\"https:\\\/\\\/darkamazi.info\\\/darka-content\\\/uploads\\\/2021\\\/04\\\/heleb-hpg-suriya.jpg\",\"datePublished\":\"2021-04-24T18:31:07+00:00\",\"breadcrumb\":{\"@id\":\"https:\\\/\\\/darkamazi.info\\\/archives\\\/1021245#breadcrumb\"},\"inLanguage\":\"en-US\",\"potentialAction\":[{\"@type\":\"ReadAction\",\"target\":[\"https:\\\/\\\/darkamazi.info\\\/archives\\\/1021245\"]}]},{\"@type\":\"ImageObject\",\"inLanguage\":\"en-US\",\"@id\":\"https:\\\/\\\/darkamazi.info\\\/archives\\\/1021245#primaryimage\",\"url\":\"https:\\\/\\\/darkamazi.info\\\/darka-content\\\/uploads\\\/2021\\\/04\\\/heleb-hpg-suriya.jpg\",\"contentUrl\":\"https:\\\/\\\/darkamazi.info\\\/darka-content\\\/uploads\\\/2021\\\/04\\\/heleb-hpg-suriya.jpg\",\"width\":480,\"height\":360,\"caption\":\"Rej\u00eema S\u00fbriy\u00ea li Heleb\u00ea 2 tax\u00ean Kurdan dorp\u00ea\u00e7 kir\"},{\"@type\":\"BreadcrumbList\",\"@id\":\"https:\\\/\\\/darkamazi.info\\\/archives\\\/1021245#breadcrumb\",\"itemListElement\":[{\"@type\":\"ListItem\",\"position\":1,\"name\":\"Home\",\"item\":\"https:\\\/\\\/darkamazi.info\\\/\"},{\"@type\":\"ListItem\",\"position\":2,\"name\":\"Rej\u00eema S\u00fbriy\u00ea li Heleb\u00ea 2 tax\u00ean Kurdan dorp\u00ea\u00e7 kir\"}]},{\"@type\":\"WebSite\",\"@id\":\"https:\\\/\\\/darkamazi.info\\\/#website\",\"url\":\"https:\\\/\\\/darkamazi.info\\\/\",\"name\":\"Darka Maz\u00ee\",\"description\":\"P\u00eageha Zanyariy\u00ean Nebih\u00eest\u00ee\",\"publisher\":{\"@id\":\"https:\\\/\\\/darkamazi.info\\\/#organization\"},\"potentialAction\":[{\"@type\":\"SearchAction\",\"target\":{\"@type\":\"EntryPoint\",\"urlTemplate\":\"https:\\\/\\\/darkamazi.info\\\/?s={search_term_string}\"},\"query-input\":{\"@type\":\"PropertyValueSpecification\",\"valueRequired\":true,\"valueName\":\"search_term_string\"}}],\"inLanguage\":\"en-US\"},{\"@type\":\"Organization\",\"@id\":\"https:\\\/\\\/darkamazi.info\\\/#organization\",\"name\":\"Darka Maz\u00ee\",\"url\":\"https:\\\/\\\/darkamazi.info\\\/\",\"logo\":{\"@type\":\"ImageObject\",\"inLanguage\":\"en-US\",\"@id\":\"https:\\\/\\\/darkamazi.info\\\/#\\\/schema\\\/logo\\\/image\\\/\",\"url\":\"https:\\\/\\\/darkamazi.info\\\/darka-content\\\/uploads\\\/2017\\\/12\\\/darka-mazi-logo.png\",\"contentUrl\":\"https:\\\/\\\/darkamazi.info\\\/darka-content\\\/uploads\\\/2017\\\/12\\\/darka-mazi-logo.png\",\"width\":151,\"height\":75,\"caption\":\"Darka Maz\u00ee\"},\"image\":{\"@id\":\"https:\\\/\\\/darkamazi.info\\\/#\\\/schema\\\/logo\\\/image\\\/\"},\"sameAs\":[\"https:\\\/\\\/www.facebook.com\\\/DarMaziKurmanci\",\"https:\\\/\\\/x.com\\\/DarkaMaziLatini\",\"https:\\\/\\\/www.instagram.com\\\/darkamazi.kurmanci\\\/\",\"https:\\\/\\\/www.youtube.com\\\/channel\\\/UCa5HkTdmI8U1qCUFuTw8B2g\"]},{\"@type\":\"Person\",\"@id\":\"https:\\\/\\\/darkamazi.info\\\/#\\\/schema\\\/person\\\/5ad3e24553a0567993fa8ed4bd0a776c\",\"name\":\"darka mazi\",\"sameAs\":[\"https:\\\/\\\/darkamazi.info\\\/\"],\"url\":\"https:\\\/\\\/darkamazi.info\\\/archives\\\/author\\\/kurdi\"}]}<\/script>\n<!-- \/ Yoast SEO plugin. -->","seo_head_json":{"title":"Rej\u00eema S\u00fbriy\u00ea li Heleb\u00ea 2 tax\u00ean Kurdan dorp\u00ea\u00e7 kir - Darka Maz\u00ee","robots":{"index":"index","follow":"follow","max-snippet":"max-snippet:-1","max-image-preview":"max-image-preview:large","max-video-preview":"max-video-preview:-1"},"canonical":"https:\/\/darkamazi.info\/archives\/1021245","og_locale":"en_US","og_type":"article","og_title":"Rej\u00eema S\u00fbriy\u00ea li Heleb\u00ea 2 tax\u00ean Kurdan dorp\u00ea\u00e7 kir - Darka Maz\u00ee","og_description":"Pi\u015ft\u00ee pev\u00e7\u00fbna li Qam\u00ee\u015floy\u00ea ya navbera rej\u00eema S\u00fbriy\u00ea \u00fb r\u00eavebiriya xweser, li bajar\u00ea Heleb\u00ea h\u00eaz\u00ean rej\u00eem\u00ea du tax\u00ean Kurda y\u00ean bi nav\u00ean \u015e\u00eax Meqs\u00fbd \u00fb E\u015frefiy\u00ea dorp\u00ea\u00e7 kir. Her d\u00fb tax\u00ean Heleb\u00ea y\u00ean \u015e\u00eax Meqs\u00fbd \u00fb E\u015frefiye di bin dest\u00ea YPG \u00ea de ne \u00fb dorp\u00ea\u00e7\u00ea li dij\u00ee r\u00eavebiriya xweser ya Rojava bikart\u00eene.","og_url":"https:\/\/darkamazi.info\/archives\/1021245","og_site_name":"Darka Maz\u00ee","article_publisher":"https:\/\/www.facebook.com\/DarMaziKurmanci","article_published_time":"2021-04-24T18:31:07+00:00","og_image":[{"width":480,"height":360,"url":"https:\/\/darkamazi.info\/file\/2021\/04\/heleb-hpg-suriya.jpg","type":"image\/jpeg"}],"author":"darka mazi","twitter_card":"summary_large_image","twitter_creator":"@DarkaMaziLatini","twitter_site":"@DarkaMaziLatini","twitter_misc":{"Written by":"darka mazi","Est. reading time":"1 minute"},"schema":{"@context":"https:\/\/schema.org","@graph":[{"@type":"Article","@id":"https:\/\/darkamazi.info\/archives\/1021245#article","isPartOf":{"@id":"https:\/\/darkamazi.info\/archives\/1021245"},"author":{"name":"darka mazi","@id":"https:\/\/darkamazi.info\/#\/schema\/person\/5ad3e24553a0567993fa8ed4bd0a776c"},"headline":"Rej\u00eema S\u00fbriy\u00ea li Heleb\u00ea 2 tax\u00ean Kurdan dorp\u00ea\u00e7 kir","datePublished":"2021-04-24T18:31:07+00:00","mainEntityOfPage":{"@id":"https:\/\/darkamazi.info\/archives\/1021245"},"wordCount":79,"publisher":{"@id":"https:\/\/darkamazi.info\/#organization"},"image":{"@id":"https:\/\/darkamazi.info\/archives\/1021245#primaryimage"},"thumbnailUrl":"https:\/\/darkamazi.info\/file\/2021\/04\/heleb-hpg-suriya.jpg","keywords":["sereke"],"articleSection":["Kurdistan"],"inLanguage":"en-US"},{"@type":"WebPage","@id":"https:\/\/darkamazi.info\/archives\/1021245","url":"https:\/\/darkamazi.info\/archives\/1021245","name":"Rej\u00eema S\u00fbriy\u00ea li Heleb\u00ea 2 tax\u00ean Kurdan dorp\u00ea\u00e7 kir - Darka Maz\u00ee","isPartOf":{"@id":"https:\/\/darkamazi.info\/#website"},"primaryImageOfPage":{"@id":"https:\/\/darkamazi.info\/archives\/1021245#primaryimage"},"image":{"@id":"https:\/\/darkamazi.info\/archives\/1021245#primaryimage"},"thumbnailUrl":"https:\/\/darkamazi.info\/file\/2021\/04\/heleb-hpg-suriya.jpg","datePublished":"2021-04-24T18:31:07+00:00","breadcrumb":{"@id":"https:\/\/darkamazi.info\/archives\/1021245#breadcrumb"},"inLanguage":"en-US","potentialAction":[{"@type":"ReadAction","target":["https:\/\/darkamazi.info\/archives\/1021245"]}]},{"@type":"ImageObject","inLanguage":"en-US","@id":"https:\/\/darkamazi.info\/archives\/1021245#primaryimage","url":"https:\/\/darkamazi.info\/file\/2021\/04\/heleb-hpg-suriya.jpg","contentUrl":"https:\/\/darkamazi.info\/file\/2021\/04\/heleb-hpg-suriya.jpg","width":480,"height":360,"caption":"Rej\u00eema S\u00fbriy\u00ea li Heleb\u00ea 2 tax\u00ean Kurdan dorp\u00ea\u00e7 kir"},{"@type":"BreadcrumbList","@id":"https:\/\/darkamazi.info\/archives\/1021245#breadcrumb","itemListElement":[{"@type":"ListItem","position":1,"name":"Home","item":"https:\/\/darkamazi.info\/"},{"@type":"ListItem","position":2,"name":"Rej\u00eema S\u00fbriy\u00ea li Heleb\u00ea 2 tax\u00ean Kurdan dorp\u00ea\u00e7 kir"}]},{"@type":"WebSite","@id":"https:\/\/darkamazi.info\/#website","url":"https:\/\/darkamazi.info\/","name":"Darka Maz\u00ee","description":"P\u00eageha Zanyariy\u00ean Nebih\u00eest\u00ee","publisher":{"@id":"https:\/\/darkamazi.info\/#organization"},"potentialAction":[{"@type":"SearchAction","target":{"@type":"EntryPoint","urlTemplate":"https:\/\/darkamazi.info\/?s={search_term_string}"},"query-input":{"@type":"PropertyValueSpecification","valueRequired":true,"valueName":"search_term_string"}}],"inLanguage":"en-US"},{"@type":"Organization","@id":"https:\/\/darkamazi.info\/#organization","name":"Darka Maz\u00ee","url":"https:\/\/darkamazi.info\/","logo":{"@type":"ImageObject","inLanguage":"en-US","@id":"https:\/\/darkamazi.info\/#\/schema\/logo\/image\/","url":"https:\/\/darkamazi.info\/file\/2017\/12\/darka-mazi-logo.png","contentUrl":"https:\/\/darkamazi.info\/file\/2017\/12\/darka-mazi-logo.png","width":151,"height":75,"caption":"Darka Maz\u00ee"},"image":{"@id":"https:\/\/darkamazi.info\/#\/schema\/logo\/image\/"},"sameAs":["https:\/\/www.facebook.com\/DarMaziKurmanci","https:\/\/x.com\/DarkaMaziLatini","https:\/\/www.instagram.com\/darkamazi.kurmanci\/","https:\/\/www.youtube.com\/channel\/UCa5HkTdmI8U1qCUFuTw8B2g"]},{"@type":"Person","@id":"https:\/\/darkamazi.info\/#\/schema\/person\/5ad3e24553a0567993fa8ed4bd0a776c","name":"darka mazi","sameAs":["https:\/\/darkamazi.info\/"],"url":"https:\/\/darkamazi.info\/archives\/author\/kurdi"}]}},"_links":{"self":[{"href":"https:\/\/darkamazi.info\/funavuv\/wp\/v2\/posts\/1021245","targetHints":{"allow":["GET"]}}],"collection":[{"href":"https:\/\/darkamazi.info\/funavuv\/wp\/v2\/posts"}],"about":[{"href":"https:\/\/darkamazi.info\/funavuv\/wp\/v2\/types\/post"}],"author":[{"embeddable":true,"href":"https:\/\/darkamazi.info\/funavuv\/wp\/v2\/users\/2"}],"replies":[{"embeddable":true,"href":"https:\/\/darkamazi.info\/funavuv\/wp\/v2\/comments?post=1021245"}],"version-history":[{"count":0,"href":"https:\/\/darkamazi.info\/funavuv\/wp\/v2\/posts\/1021245\/revisions"}],"wp:featuredmedia":[{"embeddable":true,"href":"https:\/\/darkamazi.info\/funavuv\/wp\/v2\/media\/1021246"}],"wp:attachment":[{"href":"https:\/\/darkamazi.info\/funavuv\/wp\/v2\/media?parent=1021245"}],"wp:term":[{"taxonomy":"category","embeddable":true,"href":"https:\/\/darkamazi.info\/funavuv\/wp\/v2\/categories?post=1021245"},{"taxonomy":"post_tag","embeddable":true,"href":"https:\/\/darkamazi.info\/funavuv\/wp\/v2\/tags?post=1021245"}],"curies":[{"name":"wp","href":"https:\/\/api.w.org\/{rel}","templated":true}]}}