{"id":1021278,"date":"2021-04-26T15:09:51","date_gmt":"2021-04-26T12:09:51","guid":{"rendered":"https:\/\/darkamazi.info\/?p=1021278"},"modified":"2021-10-25T16:43:18","modified_gmt":"2021-10-25T13:43:18","slug":"cemil-bayik-hewla-tasfiye-kirina-mazlum-ebdi-dike","status":"publish","type":"post","link":"https:\/\/darkamazi.info\/archives\/1021278","title":{"rendered":"Cem\u00eel Bay\u00eek hewla tasf\u00eeye kirina Mazl\u00fbm Ebd\u00ee dike"},"content":{"rendered":"<div class=\"wpb-content-wrapper\"><p>[darkamazi_row][darkamazi_column][darkamazi_column_text]<\/p>\n<h3 style=\"text-align: justify;\"><span style=\"font-family: 'arial black', sans-serif;\">PKK\u00ea d\u00eerokek pir dir\u00eaj a tasf\u00eeye kirin\u00ea heye, ji ava b\u00fbna v\u00ea r\u00eaxistin\u00ea \u00fb heya roja me ya \u00eero ev siyaset dewam dike, welatpar\u00eaz, kesatiy\u00ean netew\u00ee, muxalif\u00ean r\u00eaxistin\u00ea \u00fb her kes\u00ea carek\u00ea siyaseta PKK\u00ea j\u00ee rexne kirbe hat\u00eeye tasf\u00eeye kirin, bi sedan kadiroy\u00ean r\u00eaxistin\u00ea di v\u00ea r\u00ea de \u00e7\u00fbne, di niha de y\u00ea ku van kiryar\u00ean tasf\u00eeye kirin\u00ea encam didin, r\u00eaxistin\u00ean Cem\u00eel Bay\u00eek \u00fb Murad Karay\u00eelan in.<\/span><\/h3>\n<h3 style=\"text-align: justify;\"><span style=\"font-family: arial, helvetica, sans-serif;\">Pa\u015f dest p\u00ea kirina P\u00eavajoya A\u015fitiy\u00ea a Kurd\u00ee &#8211; Kurd\u00ee li Rojavay\u00ea Kurdistan\u00ea \u00fb n\u00eaz\u00eeb\u00fbna ku li n\u00eavbera Rojava \u00fb Ba\u015f\u00fbr de \u00e7\u00eab\u00fby\u00ee, hem wext zexta Amer\u00eekay\u00ea li ser PKK\u00ea ji bo ku dest\u00ea xwe ji Rojava rake, PKK\u00ea Mazl\u00fbm Ebd\u00ee fermandar\u00ea HSD\u00ea xist\u00eeye di l\u00eesta xwe a tasf\u00eeye kirin\u00ea de, ew di fikire Mazl\u00fbm ji r\u00eaya r\u00eaxistin\u00ea derket\u00eeye \u00fb \u00ead\u00ee ew li gel Amer\u00eeka dixwaze PKK\u00ea li Rojava b\u00ea tes\u00eer bike.<\/span><\/h3>\n<h3 style=\"text-align: justify;\"><span style=\"font-family: arial, helvetica, sans-serif;\">\u00c7avkaniy\u00ean p\u00eageha Darka Maz\u00ee li Rojava Kurdistan\u00ea hinek agahiy\u00ean her\u00ee taybet li derbara hewl\u00ean PKK\u00ea y\u00ean tasf\u00eeyekirina hejmarek kesatiy\u00ean ku ji h\u00eala r\u00eaxistin\u00ea ve daxwaz kir\u00ee bi dest xistine, li gor\u00ee wan agah\u00eeyan, r\u00eaxistina PKK\u00ea bi tel\u00eemat\u00ean \u015fexs\u00ea Cem\u00eel Bay\u00eek l\u00eestek amade kir\u00eeye \u00fb t\u00eemek ji boy teror kirina wan erkdarkir\u00eeye.<\/span><\/h3>\n<h3 style=\"text-align: justify;\"><span style=\"font-family: arial, helvetica, sans-serif;\">\u00c7avkaniy\u00ean p\u00eageha Darka Maz\u00ee li Rojava Kurdistan\u00ea e\u015fkere kirine ku bi ferman \u00fb tel\u00eemat\u00ean Cem\u00eel Bay\u00eek hevserok\u00ea KCK\u00ea, t\u00eemeke taybet ji boy teror kirina hejmareke kesatiy\u00ean Rojava Kurdistan\u00ea hat\u00eeye p\u00eakan\u00een, heya niha v\u00ea t\u00eem\u00ea hejmareke kadiroy\u00ean R\u00eaveber\u00eeya Xweser \u00fb fermandar\u00ean PKK\u00ea li Rojava teror kirine, \u00e7end\u00een caran j\u00ee hewla teror kirina Mazl\u00fbm Ebd\u00ee kirine.<\/span><\/h3>\n<h3 style=\"text-align: justify;\"><span style=\"font-family: arial, helvetica, sans-serif;\">Her wiha dest n\u00ee\u015fan kir, hewl\u00ean v\u00ea t\u00eema tasf\u00eeyekirin\u00ea a PKK\u00ea ji bo teror kirina Mazl\u00fbm Ebd\u00ee rast\u00ee \u015fikestin\u00ea hatine, ji ber ku Mazl\u00fbm ji h\u00eala y\u00eak ji endam\u00ean v\u00ea t\u00eem\u00ea bi xwe \u00fb her wiha Hevpeyman\u00eeya Navdewlet\u00ee ve hat\u00eeye haydar kirin, hem wext niha Mazl\u00fbm Ebd\u00ee ji h\u00eala h\u00eazeke Amer\u00eek\u00ee ve t\u00ea z\u00earevan\u00ee kirin.<\/span><\/h3>\n<h1 style=\"text-align: center;\"><span style=\"font-family: 'arial black', sans-serif; color: #8f0000;\">\u00c7ima PKKe dixwaze Mazl\u00fbm tasf\u00eeye bike?<\/span><\/h1>\n<p>[\/darkamazi_column_text][\/darkamazi_column][\/darkamazi_row][darkamazi_row][darkamazi_column][darkamazi_message message_box_style=&#8221;3d&#8221; message_box_color=&#8221;chino&#8221;]<\/p>\n<h1 style=\"text-align: center;\"><span style=\"font-family: 'arial black', sans-serif; color: #8f0000;\">Fermana Cem\u00eel Bay\u00eek ji bo teror kirina Mazl\u00fbm Ebd\u00ee\u00a0 ji boy van sedeman vedgere:<\/span><\/h1>\n<ol>\n<li>\n<h3><span style=\"font-family: arial, helvetica, sans-serif;\">Mazl\u00fbm Ebd\u00ee li gor\u00ee siyaset \u00fb ec\u00eandaya PKK\u00ea tev nagere.<\/span><\/h3>\n<\/li>\n<li>\n<h3><span style=\"font-family: arial, helvetica, sans-serif;\">P\u00eawendiy\u00ean her\u00ee ba\u015f li gel Amer\u00eeka \u00fb Hevpeymanan \u00e7\u00eakirine.<\/span><\/h3>\n<\/li>\n<li>\n<h3><span style=\"font-family: arial, helvetica, sans-serif;\">Di ner\u00eena PKK\u00ea de, Mazl\u00fbm \u00fb kes\u00ean p\u00eare, ketine j\u00ear bandora Amer\u00eeka \u00fb dixwazin PKK\u00ea li Rojava b\u00ea tes\u00eer bikin.<\/span><\/h3>\n<\/li>\n<li>\n<h3><span style=\"font-family: arial, helvetica, sans-serif;\">Hewl\u00ean Mazl\u00fbm y\u00ean ba\u015fkirina t\u00eakl\u00eeyan li gel aliy\u00ean din y\u00ean Rojava.<\/span><\/h3>\n<\/li>\n<li>\n<h3><span style=\"font-family: arial, helvetica, sans-serif;\">Mazl\u00fbm \u00ead\u00ee dixwaze weke Kurd\u00ea Rojava tev bigere, nek weke kadiroy\u00ea PKK\u00ea.<\/span><\/h3>\n<\/li>\n<\/ol>\n<p>[\/darkamazi_message][darkamazi_column_text]<\/p>\n<h1 style=\"text-align: center;\"><span style=\"font-family: 'arial black', sans-serif; color: #910000;\">T\u00eema tasf\u00eeye kirin\u00ea a Cem\u00eel Bay\u00eek heya \u00eero \u00e7end kesatiy\u00ean Rojava ku\u015ftine?<\/span><\/h1>\n<h3><span style=\"font-family: arial, helvetica, sans-serif;\">Li gor\u00ee agahiy\u00ean ku \u00e7avkaniy\u00ean p\u00eageha Darka Maz\u00ee ji Rojavay\u00ea welat bi dest xistine, li sal\u00ean rab\u00fbr\u00ee her bi fermana Cem\u00eel Bay\u00eek hejmareke kesat\u00ee \u00fb welatpar\u00eazan li Rojava Kurdistan\u00ea hatine tasf\u00eeye kirin, weke:<\/span><\/h3>\n<p>[\/darkamazi_column_text][darkamazi_message message_box_style=&#8221;3d&#8221; message_box_color=&#8221;chino&#8221;]<\/p>\n<ol>\n<li>\n<h3 style=\"text-align: justify;\"><span style=\"font-family: arial, helvetica, sans-serif;\">Mi\u015fel Temo\u00a0 &#8211; Serok\u00ea tevgera Dwaroj.<\/span><\/h3>\n<\/li>\n<li>\n<h3><span style=\"font-family: arial, helvetica, sans-serif;\">Nesredd\u00een Birhik &#8211; Endam\u00ea pol\u00eeb\u00eeroya PDK-S\u00ea.<\/span><\/h3>\n<\/li>\n<li>\n<h3><span style=\"font-family: arial, helvetica, sans-serif;\">Feysel Ebd\u00ee Bilal Sed\u00fbn nasiyar bi Ebo Leyla &#8211; Serok\u00ea Enc\u00fbmena Serbaz\u00eeya Minbic\u00ea ku bi \u00e7ek\u00ea qenas teror kir.<\/span><\/h3>\n<\/li>\n<li>\n<h3 style=\"text-align: justify;\"><span style=\"font-family: arial, helvetica, sans-serif;\">Daw\u00ee tasf\u00eeyekirin li meha y\u00eak ya \u00eesal 2021an b\u00fb wexta t\u00eema Cem\u00eel Bay\u00eek Dawud Ebdulrehman nasiyar bi tolhildan y\u00ea \u015f\u00eawermend\u00ea enc\u00fbmena siv\u00eel ya D\u00earaz\u00fbr\u00ea teror kir\u00ee.<\/span><\/h3>\n<\/li>\n<\/ol>\n<p>[\/darkamazi_message][darkamazi_column_text]<\/p>\n<h3 style=\"text-align: justify;\"><span style=\"font-family: arial, helvetica, sans-serif;\">R\u00eaxistina PKK\u00ea ji bo ku hewl\u00ean Mazl\u00fbm Ebd\u00ee\u00a0 \u00fb n\u00eeqa\u015f\u00ean Kurd\u00ee &#8211; Kurd\u00ee rast\u00ee \u015fikestin\u00ea b\u00eene, bi dehan c\u00eenayet li Rojava encam dane, \u015fewtandina baregeh\u00ean ENKS\u00ea \u00fb PDK-S\u00ea m\u00eenak\u00ean z\u00eend\u00ee ne li ser v\u00ea axaftina me, Cem\u00eel Bay\u00eek j\u00ee pa\u015f ku nikar\u00ee Mazl\u00fbm Ebd\u00ee careke din bike \u015eah\u00een C\u00eelo, biryara ku\u015ftina w\u00ee pejirand\u00eeye.<\/span><\/h3>\n<p>[\/darkamazi_column_text][\/darkamazi_column][\/darkamazi_row]<\/p>\n<\/div>","protected":false},"excerpt":{"rendered":"<p>[darkamazi_row][darkamazi_column][darkamazi_column_text] PKK\u00ea d\u00eerokek pir dir\u00eaj a tasf\u00eeye kirin\u00ea heye, ji ava b\u00fbna v\u00ea r\u00eaxistin\u00ea \u00fb heya roja me ya \u00eero ev siyaset dewam dike, welatpar\u00eaz, kesatiy\u00ean netew\u00ee, muxalif\u00ean r\u00eaxistin\u00ea \u00fb her kes\u00ea carek\u00ea siyaseta PKK\u00ea j\u00ee rexne kirbe hat\u00eeye tasf\u00eeye kirin, bi sedan kadiroy\u00ean r\u00eaxistin\u00ea di v\u00ea r\u00ea de \u00e7\u00fbne, di niha de y\u00ea ku [&hellip;]<\/p>\n","protected":false},"author":2,"featured_media":1021279,"comment_status":"closed","ping_status":"closed","sticky":false,"template":"","format":"standard","meta":{"footnotes":""},"categories":[40],"tags":[45,69,37],"class_list":["post-1021278","post","type-post","status-publish","format-standard","has-post-thumbnail","hentry","category-niheni","tag-cemil-bayik","tag-mazlum-ebdi","tag-sereke"],"blocksy_meta":[],"seo_head":"<!-- This site is optimized with the Yoast SEO plugin v27.5 - https:\/\/yoast.com\/product\/yoast-seo-wordpress\/ -->\n<title>Cem\u00eel Bay\u00eek hewla tasf\u00eeye kirina Mazl\u00fbm Ebd\u00ee dike - Darka Maz\u00ee<\/title>\n<meta name=\"robots\" content=\"index, follow, max-snippet:-1, max-image-preview:large, max-video-preview:-1\" \/>\n<link rel=\"canonical\" href=\"https:\/\/darkamazi.info\/archives\/1021278\" \/>\n<meta property=\"og:locale\" content=\"en_US\" \/>\n<meta property=\"og:type\" content=\"article\" \/>\n<meta property=\"og:title\" content=\"Cem\u00eel Bay\u00eek hewla tasf\u00eeye kirina Mazl\u00fbm Ebd\u00ee dike - Darka Maz\u00ee\" \/>\n<meta property=\"og:description\" content=\"[darkamazi_row][darkamazi_column][darkamazi_column_text] PKK\u00ea d\u00eerokek pir dir\u00eaj a tasf\u00eeye kirin\u00ea heye, ji ava b\u00fbna v\u00ea r\u00eaxistin\u00ea \u00fb heya roja me ya \u00eero ev siyaset dewam dike, welatpar\u00eaz, kesatiy\u00ean netew\u00ee, muxalif\u00ean r\u00eaxistin\u00ea \u00fb her kes\u00ea carek\u00ea siyaseta PKK\u00ea j\u00ee rexne kirbe hat\u00eeye tasf\u00eeye kirin, bi sedan kadiroy\u00ean r\u00eaxistin\u00ea di v\u00ea r\u00ea de \u00e7\u00fbne, di niha de y\u00ea ku [&hellip;]\" \/>\n<meta property=\"og:url\" content=\"https:\/\/darkamazi.info\/archives\/1021278\" \/>\n<meta property=\"og:site_name\" content=\"Darka Maz\u00ee\" \/>\n<meta property=\"article:publisher\" content=\"https:\/\/www.facebook.com\/DarMaziKurmanci\" \/>\n<meta property=\"article:published_time\" content=\"2021-04-26T12:09:51+00:00\" \/>\n<meta property=\"article:modified_time\" content=\"2021-10-25T13:43:18+00:00\" \/>\n<meta property=\"og:image\" content=\"https:\/\/darkamazi.info\/file\/2021\/04\/Cemil-Bayik-Mazlum-Ebdi-PKK-HSD-PDKS-ENKS-1.jpg\" \/>\n\t<meta property=\"og:image:width\" content=\"900\" \/>\n\t<meta property=\"og:image:height\" content=\"497\" \/>\n\t<meta property=\"og:image:type\" content=\"image\/jpeg\" \/>\n<meta name=\"author\" content=\"darka mazi\" \/>\n<meta name=\"twitter:card\" content=\"summary_large_image\" \/>\n<meta name=\"twitter:creator\" content=\"@DarkaMaziLatini\" \/>\n<meta name=\"twitter:site\" content=\"@DarkaMaziLatini\" \/>\n<meta name=\"twitter:label1\" content=\"Written by\" \/>\n\t<meta name=\"twitter:data1\" content=\"darka mazi\" \/>\n\t<meta name=\"twitter:label2\" content=\"Est. reading time\" \/>\n\t<meta name=\"twitter:data2\" content=\"3 minutes\" \/>\n<script type=\"application\/ld+json\" class=\"seo-schema-graph\">{\"@context\":\"https:\\\/\\\/schema.org\",\"@graph\":[{\"@type\":\"Article\",\"@id\":\"https:\\\/\\\/darkamazi.info\\\/archives\\\/1021278#article\",\"isPartOf\":{\"@id\":\"https:\\\/\\\/darkamazi.info\\\/archives\\\/1021278\"},\"author\":{\"name\":\"darka mazi\",\"@id\":\"https:\\\/\\\/darkamazi.info\\\/#\\\/schema\\\/person\\\/5ad3e24553a0567993fa8ed4bd0a776c\"},\"headline\":\"Cem\u00eel Bay\u00eek hewla tasf\u00eeye kirina Mazl\u00fbm Ebd\u00ee dike\",\"datePublished\":\"2021-04-26T12:09:51+00:00\",\"dateModified\":\"2021-10-25T13:43:18+00:00\",\"mainEntityOfPage\":{\"@id\":\"https:\\\/\\\/darkamazi.info\\\/archives\\\/1021278\"},\"wordCount\":758,\"publisher\":{\"@id\":\"https:\\\/\\\/darkamazi.info\\\/#organization\"},\"image\":{\"@id\":\"https:\\\/\\\/darkamazi.info\\\/archives\\\/1021278#primaryimage\"},\"thumbnailUrl\":\"https:\\\/\\\/darkamazi.info\\\/darka-content\\\/uploads\\\/2021\\\/04\\\/Cemil-Bayik-Mazlum-Ebdi-PKK-HSD-PDKS-ENKS-1.jpg\",\"keywords\":[\"Cem\u00eel Bayik\",\"Mazl\u00fbm Ebd\u00ee\",\"sereke\"],\"articleSection\":[\"Nih\u00ean\u00ee\"],\"inLanguage\":\"en-US\"},{\"@type\":\"WebPage\",\"@id\":\"https:\\\/\\\/darkamazi.info\\\/archives\\\/1021278\",\"url\":\"https:\\\/\\\/darkamazi.info\\\/archives\\\/1021278\",\"name\":\"Cem\u00eel Bay\u00eek hewla tasf\u00eeye kirina Mazl\u00fbm Ebd\u00ee dike - Darka Maz\u00ee\",\"isPartOf\":{\"@id\":\"https:\\\/\\\/darkamazi.info\\\/#website\"},\"primaryImageOfPage\":{\"@id\":\"https:\\\/\\\/darkamazi.info\\\/archives\\\/1021278#primaryimage\"},\"image\":{\"@id\":\"https:\\\/\\\/darkamazi.info\\\/archives\\\/1021278#primaryimage\"},\"thumbnailUrl\":\"https:\\\/\\\/darkamazi.info\\\/darka-content\\\/uploads\\\/2021\\\/04\\\/Cemil-Bayik-Mazlum-Ebdi-PKK-HSD-PDKS-ENKS-1.jpg\",\"datePublished\":\"2021-04-26T12:09:51+00:00\",\"dateModified\":\"2021-10-25T13:43:18+00:00\",\"breadcrumb\":{\"@id\":\"https:\\\/\\\/darkamazi.info\\\/archives\\\/1021278#breadcrumb\"},\"inLanguage\":\"en-US\",\"potentialAction\":[{\"@type\":\"ReadAction\",\"target\":[\"https:\\\/\\\/darkamazi.info\\\/archives\\\/1021278\"]}]},{\"@type\":\"ImageObject\",\"inLanguage\":\"en-US\",\"@id\":\"https:\\\/\\\/darkamazi.info\\\/archives\\\/1021278#primaryimage\",\"url\":\"https:\\\/\\\/darkamazi.info\\\/darka-content\\\/uploads\\\/2021\\\/04\\\/Cemil-Bayik-Mazlum-Ebdi-PKK-HSD-PDKS-ENKS-1.jpg\",\"contentUrl\":\"https:\\\/\\\/darkamazi.info\\\/darka-content\\\/uploads\\\/2021\\\/04\\\/Cemil-Bayik-Mazlum-Ebdi-PKK-HSD-PDKS-ENKS-1.jpg\",\"width\":900,\"height\":497,\"caption\":\"R\u00eaxistina PKK\u00ea ji bo ku hewl\u00ean Mazl\u00fbm Ebd\u00ee \u00fb n\u00eeqa\u015f\u00ean Kurd\u00ee - Kurd\u00ee rast\u00ee \u015fikestin\u00ea b\u00eene, bi dehan c\u00eenayet li Rojava encam dane, \u015fewtandina baregeh\u00ean ENKS\u00ea \u00fb PDK-S\u00ea m\u00eenak\u00ean z\u00eend\u00ee ne li ser v\u00ea axaftina me, Cem\u00eel Bay\u00eek j\u00ee pa\u015f ku nikar\u00ee Mazl\u00fbm Ebd\u00ee careke din bike \u015eah\u00een C\u00eelo, biryara ku\u015ftina w\u00ee pejirand\u00eeye.\"},{\"@type\":\"BreadcrumbList\",\"@id\":\"https:\\\/\\\/darkamazi.info\\\/archives\\\/1021278#breadcrumb\",\"itemListElement\":[{\"@type\":\"ListItem\",\"position\":1,\"name\":\"Home\",\"item\":\"https:\\\/\\\/darkamazi.info\\\/\"},{\"@type\":\"ListItem\",\"position\":2,\"name\":\"Cem\u00eel Bay\u00eek hewla tasf\u00eeye kirina Mazl\u00fbm Ebd\u00ee dike\"}]},{\"@type\":\"WebSite\",\"@id\":\"https:\\\/\\\/darkamazi.info\\\/#website\",\"url\":\"https:\\\/\\\/darkamazi.info\\\/\",\"name\":\"Darka Maz\u00ee\",\"description\":\"P\u00eageha Zanyariy\u00ean Nebih\u00eest\u00ee\",\"publisher\":{\"@id\":\"https:\\\/\\\/darkamazi.info\\\/#organization\"},\"potentialAction\":[{\"@type\":\"SearchAction\",\"target\":{\"@type\":\"EntryPoint\",\"urlTemplate\":\"https:\\\/\\\/darkamazi.info\\\/?s={search_term_string}\"},\"query-input\":{\"@type\":\"PropertyValueSpecification\",\"valueRequired\":true,\"valueName\":\"search_term_string\"}}],\"inLanguage\":\"en-US\"},{\"@type\":\"Organization\",\"@id\":\"https:\\\/\\\/darkamazi.info\\\/#organization\",\"name\":\"Darka Maz\u00ee\",\"url\":\"https:\\\/\\\/darkamazi.info\\\/\",\"logo\":{\"@type\":\"ImageObject\",\"inLanguage\":\"en-US\",\"@id\":\"https:\\\/\\\/darkamazi.info\\\/#\\\/schema\\\/logo\\\/image\\\/\",\"url\":\"https:\\\/\\\/darkamazi.info\\\/darka-content\\\/uploads\\\/2017\\\/12\\\/darka-mazi-logo.png\",\"contentUrl\":\"https:\\\/\\\/darkamazi.info\\\/darka-content\\\/uploads\\\/2017\\\/12\\\/darka-mazi-logo.png\",\"width\":151,\"height\":75,\"caption\":\"Darka Maz\u00ee\"},\"image\":{\"@id\":\"https:\\\/\\\/darkamazi.info\\\/#\\\/schema\\\/logo\\\/image\\\/\"},\"sameAs\":[\"https:\\\/\\\/www.facebook.com\\\/DarMaziKurmanci\",\"https:\\\/\\\/x.com\\\/DarkaMaziLatini\",\"https:\\\/\\\/www.instagram.com\\\/darkamazi.kurmanci\\\/\",\"https:\\\/\\\/www.youtube.com\\\/channel\\\/UCa5HkTdmI8U1qCUFuTw8B2g\"]},{\"@type\":\"Person\",\"@id\":\"https:\\\/\\\/darkamazi.info\\\/#\\\/schema\\\/person\\\/5ad3e24553a0567993fa8ed4bd0a776c\",\"name\":\"darka mazi\",\"sameAs\":[\"https:\\\/\\\/darkamazi.info\\\/\"],\"url\":\"https:\\\/\\\/darkamazi.info\\\/archives\\\/author\\\/kurdi\"}]}<\/script>\n<!-- \/ Yoast SEO plugin. -->","seo_head_json":{"title":"Cem\u00eel Bay\u00eek hewla tasf\u00eeye kirina Mazl\u00fbm Ebd\u00ee dike - Darka Maz\u00ee","robots":{"index":"index","follow":"follow","max-snippet":"max-snippet:-1","max-image-preview":"max-image-preview:large","max-video-preview":"max-video-preview:-1"},"canonical":"https:\/\/darkamazi.info\/archives\/1021278","og_locale":"en_US","og_type":"article","og_title":"Cem\u00eel Bay\u00eek hewla tasf\u00eeye kirina Mazl\u00fbm Ebd\u00ee dike - Darka Maz\u00ee","og_description":"[darkamazi_row][darkamazi_column][darkamazi_column_text] PKK\u00ea d\u00eerokek pir dir\u00eaj a tasf\u00eeye kirin\u00ea heye, ji ava b\u00fbna v\u00ea r\u00eaxistin\u00ea \u00fb heya roja me ya \u00eero ev siyaset dewam dike, welatpar\u00eaz, kesatiy\u00ean netew\u00ee, muxalif\u00ean r\u00eaxistin\u00ea \u00fb her kes\u00ea carek\u00ea siyaseta PKK\u00ea j\u00ee rexne kirbe hat\u00eeye tasf\u00eeye kirin, bi sedan kadiroy\u00ean r\u00eaxistin\u00ea di v\u00ea r\u00ea de \u00e7\u00fbne, di niha de y\u00ea ku [&hellip;]","og_url":"https:\/\/darkamazi.info\/archives\/1021278","og_site_name":"Darka Maz\u00ee","article_publisher":"https:\/\/www.facebook.com\/DarMaziKurmanci","article_published_time":"2021-04-26T12:09:51+00:00","article_modified_time":"2021-10-25T13:43:18+00:00","og_image":[{"width":900,"height":497,"url":"https:\/\/darkamazi.info\/file\/2021\/04\/Cemil-Bayik-Mazlum-Ebdi-PKK-HSD-PDKS-ENKS-1.jpg","type":"image\/jpeg"}],"author":"darka mazi","twitter_card":"summary_large_image","twitter_creator":"@DarkaMaziLatini","twitter_site":"@DarkaMaziLatini","twitter_misc":{"Written by":"darka mazi","Est. reading time":"3 minutes"},"schema":{"@context":"https:\/\/schema.org","@graph":[{"@type":"Article","@id":"https:\/\/darkamazi.info\/archives\/1021278#article","isPartOf":{"@id":"https:\/\/darkamazi.info\/archives\/1021278"},"author":{"name":"darka mazi","@id":"https:\/\/darkamazi.info\/#\/schema\/person\/5ad3e24553a0567993fa8ed4bd0a776c"},"headline":"Cem\u00eel Bay\u00eek hewla tasf\u00eeye kirina Mazl\u00fbm Ebd\u00ee dike","datePublished":"2021-04-26T12:09:51+00:00","dateModified":"2021-10-25T13:43:18+00:00","mainEntityOfPage":{"@id":"https:\/\/darkamazi.info\/archives\/1021278"},"wordCount":758,"publisher":{"@id":"https:\/\/darkamazi.info\/#organization"},"image":{"@id":"https:\/\/darkamazi.info\/archives\/1021278#primaryimage"},"thumbnailUrl":"https:\/\/darkamazi.info\/file\/2021\/04\/Cemil-Bayik-Mazlum-Ebdi-PKK-HSD-PDKS-ENKS-1.jpg","keywords":["Cem\u00eel Bayik","Mazl\u00fbm Ebd\u00ee","sereke"],"articleSection":["Nih\u00ean\u00ee"],"inLanguage":"en-US"},{"@type":"WebPage","@id":"https:\/\/darkamazi.info\/archives\/1021278","url":"https:\/\/darkamazi.info\/archives\/1021278","name":"Cem\u00eel Bay\u00eek hewla tasf\u00eeye kirina Mazl\u00fbm Ebd\u00ee dike - Darka Maz\u00ee","isPartOf":{"@id":"https:\/\/darkamazi.info\/#website"},"primaryImageOfPage":{"@id":"https:\/\/darkamazi.info\/archives\/1021278#primaryimage"},"image":{"@id":"https:\/\/darkamazi.info\/archives\/1021278#primaryimage"},"thumbnailUrl":"https:\/\/darkamazi.info\/file\/2021\/04\/Cemil-Bayik-Mazlum-Ebdi-PKK-HSD-PDKS-ENKS-1.jpg","datePublished":"2021-04-26T12:09:51+00:00","dateModified":"2021-10-25T13:43:18+00:00","breadcrumb":{"@id":"https:\/\/darkamazi.info\/archives\/1021278#breadcrumb"},"inLanguage":"en-US","potentialAction":[{"@type":"ReadAction","target":["https:\/\/darkamazi.info\/archives\/1021278"]}]},{"@type":"ImageObject","inLanguage":"en-US","@id":"https:\/\/darkamazi.info\/archives\/1021278#primaryimage","url":"https:\/\/darkamazi.info\/file\/2021\/04\/Cemil-Bayik-Mazlum-Ebdi-PKK-HSD-PDKS-ENKS-1.jpg","contentUrl":"https:\/\/darkamazi.info\/file\/2021\/04\/Cemil-Bayik-Mazlum-Ebdi-PKK-HSD-PDKS-ENKS-1.jpg","width":900,"height":497,"caption":"R\u00eaxistina PKK\u00ea ji bo ku hewl\u00ean Mazl\u00fbm Ebd\u00ee \u00fb n\u00eeqa\u015f\u00ean Kurd\u00ee - Kurd\u00ee rast\u00ee \u015fikestin\u00ea b\u00eene, bi dehan c\u00eenayet li Rojava encam dane, \u015fewtandina baregeh\u00ean ENKS\u00ea \u00fb PDK-S\u00ea m\u00eenak\u00ean z\u00eend\u00ee ne li ser v\u00ea axaftina me, Cem\u00eel Bay\u00eek j\u00ee pa\u015f ku nikar\u00ee Mazl\u00fbm Ebd\u00ee careke din bike \u015eah\u00een C\u00eelo, biryara ku\u015ftina w\u00ee pejirand\u00eeye."},{"@type":"BreadcrumbList","@id":"https:\/\/darkamazi.info\/archives\/1021278#breadcrumb","itemListElement":[{"@type":"ListItem","position":1,"name":"Home","item":"https:\/\/darkamazi.info\/"},{"@type":"ListItem","position":2,"name":"Cem\u00eel Bay\u00eek hewla tasf\u00eeye kirina Mazl\u00fbm Ebd\u00ee dike"}]},{"@type":"WebSite","@id":"https:\/\/darkamazi.info\/#website","url":"https:\/\/darkamazi.info\/","name":"Darka Maz\u00ee","description":"P\u00eageha Zanyariy\u00ean Nebih\u00eest\u00ee","publisher":{"@id":"https:\/\/darkamazi.info\/#organization"},"potentialAction":[{"@type":"SearchAction","target":{"@type":"EntryPoint","urlTemplate":"https:\/\/darkamazi.info\/?s={search_term_string}"},"query-input":{"@type":"PropertyValueSpecification","valueRequired":true,"valueName":"search_term_string"}}],"inLanguage":"en-US"},{"@type":"Organization","@id":"https:\/\/darkamazi.info\/#organization","name":"Darka Maz\u00ee","url":"https:\/\/darkamazi.info\/","logo":{"@type":"ImageObject","inLanguage":"en-US","@id":"https:\/\/darkamazi.info\/#\/schema\/logo\/image\/","url":"https:\/\/darkamazi.info\/file\/2017\/12\/darka-mazi-logo.png","contentUrl":"https:\/\/darkamazi.info\/file\/2017\/12\/darka-mazi-logo.png","width":151,"height":75,"caption":"Darka Maz\u00ee"},"image":{"@id":"https:\/\/darkamazi.info\/#\/schema\/logo\/image\/"},"sameAs":["https:\/\/www.facebook.com\/DarMaziKurmanci","https:\/\/x.com\/DarkaMaziLatini","https:\/\/www.instagram.com\/darkamazi.kurmanci\/","https:\/\/www.youtube.com\/channel\/UCa5HkTdmI8U1qCUFuTw8B2g"]},{"@type":"Person","@id":"https:\/\/darkamazi.info\/#\/schema\/person\/5ad3e24553a0567993fa8ed4bd0a776c","name":"darka mazi","sameAs":["https:\/\/darkamazi.info\/"],"url":"https:\/\/darkamazi.info\/archives\/author\/kurdi"}]}},"_links":{"self":[{"href":"https:\/\/darkamazi.info\/funavuv\/wp\/v2\/posts\/1021278","targetHints":{"allow":["GET"]}}],"collection":[{"href":"https:\/\/darkamazi.info\/funavuv\/wp\/v2\/posts"}],"about":[{"href":"https:\/\/darkamazi.info\/funavuv\/wp\/v2\/types\/post"}],"author":[{"embeddable":true,"href":"https:\/\/darkamazi.info\/funavuv\/wp\/v2\/users\/2"}],"replies":[{"embeddable":true,"href":"https:\/\/darkamazi.info\/funavuv\/wp\/v2\/comments?post=1021278"}],"version-history":[{"count":0,"href":"https:\/\/darkamazi.info\/funavuv\/wp\/v2\/posts\/1021278\/revisions"}],"wp:featuredmedia":[{"embeddable":true,"href":"https:\/\/darkamazi.info\/funavuv\/wp\/v2\/media\/1021279"}],"wp:attachment":[{"href":"https:\/\/darkamazi.info\/funavuv\/wp\/v2\/media?parent=1021278"}],"wp:term":[{"taxonomy":"category","embeddable":true,"href":"https:\/\/darkamazi.info\/funavuv\/wp\/v2\/categories?post=1021278"},{"taxonomy":"post_tag","embeddable":true,"href":"https:\/\/darkamazi.info\/funavuv\/wp\/v2\/tags?post=1021278"}],"curies":[{"name":"wp","href":"https:\/\/api.w.org\/{rel}","templated":true}]}}