{"id":1021309,"date":"2021-04-27T16:48:17","date_gmt":"2021-04-27T13:48:17","guid":{"rendered":"https:\/\/darkamazi.info\/?p=1021309"},"modified":"2021-04-27T16:48:17","modified_gmt":"2021-04-27T13:48:17","slug":"wezire-derveye-irane-gihist-hewlere","status":"publish","type":"post","link":"https:\/\/darkamazi.info\/archives\/1021309","title":{"rendered":"Wez\u00eer\u00ea dervey\u00ea \u00ceran\u00ea gih\u00ee\u015ft Hewl\u00ear\u00ea"},"content":{"rendered":"<h3 style=\"text-align: justify\"><span style=\"font-family: 'arial black', sans-serif\">Wez\u00eer\u00ea dervey\u00ea komara \u00eeslam\u00eeya \u00ceran\u00ea Mihemed Cewad Zer\u00eef bi serdanek\u00ea gihi\u015ft Hewl\u00eara paytexta Her\u00eama Kurdistan\u00ea.<\/span><\/h3>\n<h3 style=\"text-align: justify\">\u00cero roja s\u00ea\u015fem\u00ee 27\/4\/2021an, Mihemed Cewad Zer\u00eef li balefirgeha navdewlet\u00ee ya Hewl\u00ear\u00ea ji aliy\u00ea C\u00eegir\u00ea serokwez\u00eer\u00ean Her\u00eama Kurdistan\u00ea Qubad Taleban\u00ee, wez\u00eer\u00ea navxwe R\u00eaber Ehmed, Serok\u00ea Fermangeha p\u00eawendiy\u00ean derve y\u00ean Her\u00eama Kurdistan\u00ea Sef\u00een Dizey\u00ee \u00fb \u00e7end rayedar\u00ean din ve hat p\u00ea\u015fwaz\u00eekirin.<\/h3>\n<h3 style=\"text-align: justify\">Wez\u00eer\u00ea dervey\u00ea \u00ceran\u00ea Mihemed Cewad Zer\u00eef duh du\u015fem\u00ea 26\u00ea N\u00eesana 2021\u00ea serdana Bexday\u00ea kirb\u00fb \u00fb li gel rayedar\u00ean Iraq\u00ea civ\u00eeyab\u00fb.<\/h3>\n<h3 style=\"text-align: justify\">Wez\u00eer\u00ea dervey\u00ea \u00ceran\u00ea \u00fb berpirs\u00ean Her\u00eama Kurdistan\u00ea w\u00ea peywendiy\u00ean hewl\u00ear \u00fb Tahran \u00fb rew\u015fa Iraq\u00ea \u00fb Her\u00eama Kurdistan\u00ea \u00fb Her\u00eam\u00ea got\u00fbb\u00eaj bikin.<\/h3>\n","protected":false},"excerpt":{"rendered":"<p>Wez\u00eer\u00ea dervey\u00ea komara \u00eeslam\u00eeya \u00ceran\u00ea Mihemed Cewad Zer\u00eef bi serdanek\u00ea gihi\u015ft Hewl\u00eara paytexta Her\u00eama Kurdistan\u00ea. \u00cero roja s\u00ea\u015fem\u00ee 27\/4\/2021an, Mihemed Cewad Zer\u00eef li balefirgeha navdewlet\u00ee ya Hewl\u00ear\u00ea ji aliy\u00ea C\u00eegir\u00ea serokwez\u00eer\u00ean Her\u00eama Kurdistan\u00ea Qubad Taleban\u00ee, wez\u00eer\u00ea navxwe R\u00eaber Ehmed, Serok\u00ea Fermangeha p\u00eawendiy\u00ean derve y\u00ean Her\u00eama Kurdistan\u00ea Sef\u00een Dizey\u00ee \u00fb \u00e7end rayedar\u00ean din ve hat p\u00ea\u015fwaz\u00eekirin. [&hellip;]<\/p>\n","protected":false},"author":2,"featured_media":1021310,"comment_status":"closed","ping_status":"closed","sticky":false,"template":"","format":"standard","meta":{"footnotes":""},"categories":[29],"tags":[37],"class_list":["post-1021309","post","type-post","status-publish","format-standard","has-post-thumbnail","hentry","category-kurdistan","tag-sereke"],"blocksy_meta":[],"seo_head":"<!-- This site is optimized with the Yoast SEO plugin v27.5 - https:\/\/yoast.com\/product\/yoast-seo-wordpress\/ -->\n<title>Wez\u00eer\u00ea dervey\u00ea \u00ceran\u00ea gih\u00ee\u015ft Hewl\u00ear\u00ea - Darka Maz\u00ee<\/title>\n<meta name=\"robots\" content=\"index, follow, max-snippet:-1, max-image-preview:large, max-video-preview:-1\" \/>\n<link rel=\"canonical\" href=\"https:\/\/darkamazi.info\/archives\/1021309\" \/>\n<meta property=\"og:locale\" content=\"en_US\" \/>\n<meta property=\"og:type\" content=\"article\" \/>\n<meta property=\"og:title\" content=\"Wez\u00eer\u00ea dervey\u00ea \u00ceran\u00ea gih\u00ee\u015ft Hewl\u00ear\u00ea - Darka Maz\u00ee\" \/>\n<meta property=\"og:description\" content=\"Wez\u00eer\u00ea dervey\u00ea komara \u00eeslam\u00eeya \u00ceran\u00ea Mihemed Cewad Zer\u00eef bi serdanek\u00ea gihi\u015ft Hewl\u00eara paytexta Her\u00eama Kurdistan\u00ea. \u00cero roja s\u00ea\u015fem\u00ee 27\/4\/2021an, Mihemed Cewad Zer\u00eef li balefirgeha navdewlet\u00ee ya Hewl\u00ear\u00ea ji aliy\u00ea C\u00eegir\u00ea serokwez\u00eer\u00ean Her\u00eama Kurdistan\u00ea Qubad Taleban\u00ee, wez\u00eer\u00ea navxwe R\u00eaber Ehmed, Serok\u00ea Fermangeha p\u00eawendiy\u00ean derve y\u00ean Her\u00eama Kurdistan\u00ea Sef\u00een Dizey\u00ee \u00fb \u00e7end rayedar\u00ean din ve hat p\u00ea\u015fwaz\u00eekirin. [&hellip;]\" \/>\n<meta property=\"og:url\" content=\"https:\/\/darkamazi.info\/archives\/1021309\" \/>\n<meta property=\"og:site_name\" content=\"Darka Maz\u00ee\" \/>\n<meta property=\"article:publisher\" content=\"https:\/\/www.facebook.com\/DarMaziKurmanci\" \/>\n<meta property=\"article:published_time\" content=\"2021-04-27T13:48:17+00:00\" \/>\n<meta property=\"og:image\" content=\"https:\/\/darkamazi.info\/file\/2021\/04\/mihemed-cewad-zerif.jpg\" \/>\n\t<meta property=\"og:image:width\" content=\"900\" \/>\n\t<meta property=\"og:image:height\" content=\"497\" \/>\n\t<meta property=\"og:image:type\" content=\"image\/jpeg\" \/>\n<meta name=\"author\" content=\"darka mazi\" \/>\n<meta name=\"twitter:card\" content=\"summary_large_image\" \/>\n<meta name=\"twitter:creator\" content=\"@DarkaMaziLatini\" \/>\n<meta name=\"twitter:site\" content=\"@DarkaMaziLatini\" \/>\n<meta name=\"twitter:label1\" content=\"Written by\" \/>\n\t<meta name=\"twitter:data1\" content=\"darka mazi\" \/>\n\t<meta name=\"twitter:label2\" content=\"Est. reading time\" \/>\n\t<meta name=\"twitter:data2\" content=\"1 minute\" \/>\n<script type=\"application\/ld+json\" class=\"seo-schema-graph\">{\"@context\":\"https:\\\/\\\/schema.org\",\"@graph\":[{\"@type\":\"Article\",\"@id\":\"https:\\\/\\\/darkamazi.info\\\/archives\\\/1021309#article\",\"isPartOf\":{\"@id\":\"https:\\\/\\\/darkamazi.info\\\/archives\\\/1021309\"},\"author\":{\"name\":\"darka mazi\",\"@id\":\"https:\\\/\\\/darkamazi.info\\\/#\\\/schema\\\/person\\\/5ad3e24553a0567993fa8ed4bd0a776c\"},\"headline\":\"Wez\u00eer\u00ea dervey\u00ea \u00ceran\u00ea gih\u00ee\u015ft Hewl\u00ear\u00ea\",\"datePublished\":\"2021-04-27T13:48:17+00:00\",\"mainEntityOfPage\":{\"@id\":\"https:\\\/\\\/darkamazi.info\\\/archives\\\/1021309\"},\"wordCount\":135,\"publisher\":{\"@id\":\"https:\\\/\\\/darkamazi.info\\\/#organization\"},\"image\":{\"@id\":\"https:\\\/\\\/darkamazi.info\\\/archives\\\/1021309#primaryimage\"},\"thumbnailUrl\":\"https:\\\/\\\/darkamazi.info\\\/darka-content\\\/uploads\\\/2021\\\/04\\\/mihemed-cewad-zerif.jpg\",\"keywords\":[\"sereke\"],\"articleSection\":[\"Kurdistan\"],\"inLanguage\":\"en-US\"},{\"@type\":\"WebPage\",\"@id\":\"https:\\\/\\\/darkamazi.info\\\/archives\\\/1021309\",\"url\":\"https:\\\/\\\/darkamazi.info\\\/archives\\\/1021309\",\"name\":\"Wez\u00eer\u00ea dervey\u00ea \u00ceran\u00ea gih\u00ee\u015ft Hewl\u00ear\u00ea - Darka Maz\u00ee\",\"isPartOf\":{\"@id\":\"https:\\\/\\\/darkamazi.info\\\/#website\"},\"primaryImageOfPage\":{\"@id\":\"https:\\\/\\\/darkamazi.info\\\/archives\\\/1021309#primaryimage\"},\"image\":{\"@id\":\"https:\\\/\\\/darkamazi.info\\\/archives\\\/1021309#primaryimage\"},\"thumbnailUrl\":\"https:\\\/\\\/darkamazi.info\\\/darka-content\\\/uploads\\\/2021\\\/04\\\/mihemed-cewad-zerif.jpg\",\"datePublished\":\"2021-04-27T13:48:17+00:00\",\"breadcrumb\":{\"@id\":\"https:\\\/\\\/darkamazi.info\\\/archives\\\/1021309#breadcrumb\"},\"inLanguage\":\"en-US\",\"potentialAction\":[{\"@type\":\"ReadAction\",\"target\":[\"https:\\\/\\\/darkamazi.info\\\/archives\\\/1021309\"]}]},{\"@type\":\"ImageObject\",\"inLanguage\":\"en-US\",\"@id\":\"https:\\\/\\\/darkamazi.info\\\/archives\\\/1021309#primaryimage\",\"url\":\"https:\\\/\\\/darkamazi.info\\\/darka-content\\\/uploads\\\/2021\\\/04\\\/mihemed-cewad-zerif.jpg\",\"contentUrl\":\"https:\\\/\\\/darkamazi.info\\\/darka-content\\\/uploads\\\/2021\\\/04\\\/mihemed-cewad-zerif.jpg\",\"width\":900,\"height\":497,\"caption\":\"Wez\u00eer\u00ea dervey\u00ea \u00ceran\u00ea gih\u00ee\u015ft Hewl\u00ear\u00ea\"},{\"@type\":\"BreadcrumbList\",\"@id\":\"https:\\\/\\\/darkamazi.info\\\/archives\\\/1021309#breadcrumb\",\"itemListElement\":[{\"@type\":\"ListItem\",\"position\":1,\"name\":\"Home\",\"item\":\"https:\\\/\\\/darkamazi.info\\\/\"},{\"@type\":\"ListItem\",\"position\":2,\"name\":\"Wez\u00eer\u00ea dervey\u00ea \u00ceran\u00ea gih\u00ee\u015ft Hewl\u00ear\u00ea\"}]},{\"@type\":\"WebSite\",\"@id\":\"https:\\\/\\\/darkamazi.info\\\/#website\",\"url\":\"https:\\\/\\\/darkamazi.info\\\/\",\"name\":\"Darka Maz\u00ee\",\"description\":\"P\u00eageha Zanyariy\u00ean Nebih\u00eest\u00ee\",\"publisher\":{\"@id\":\"https:\\\/\\\/darkamazi.info\\\/#organization\"},\"potentialAction\":[{\"@type\":\"SearchAction\",\"target\":{\"@type\":\"EntryPoint\",\"urlTemplate\":\"https:\\\/\\\/darkamazi.info\\\/?s={search_term_string}\"},\"query-input\":{\"@type\":\"PropertyValueSpecification\",\"valueRequired\":true,\"valueName\":\"search_term_string\"}}],\"inLanguage\":\"en-US\"},{\"@type\":\"Organization\",\"@id\":\"https:\\\/\\\/darkamazi.info\\\/#organization\",\"name\":\"Darka Maz\u00ee\",\"url\":\"https:\\\/\\\/darkamazi.info\\\/\",\"logo\":{\"@type\":\"ImageObject\",\"inLanguage\":\"en-US\",\"@id\":\"https:\\\/\\\/darkamazi.info\\\/#\\\/schema\\\/logo\\\/image\\\/\",\"url\":\"https:\\\/\\\/darkamazi.info\\\/darka-content\\\/uploads\\\/2017\\\/12\\\/darka-mazi-logo.png\",\"contentUrl\":\"https:\\\/\\\/darkamazi.info\\\/darka-content\\\/uploads\\\/2017\\\/12\\\/darka-mazi-logo.png\",\"width\":151,\"height\":75,\"caption\":\"Darka Maz\u00ee\"},\"image\":{\"@id\":\"https:\\\/\\\/darkamazi.info\\\/#\\\/schema\\\/logo\\\/image\\\/\"},\"sameAs\":[\"https:\\\/\\\/www.facebook.com\\\/DarMaziKurmanci\",\"https:\\\/\\\/x.com\\\/DarkaMaziLatini\",\"https:\\\/\\\/www.instagram.com\\\/darkamazi.kurmanci\\\/\",\"https:\\\/\\\/www.youtube.com\\\/channel\\\/UCa5HkTdmI8U1qCUFuTw8B2g\"]},{\"@type\":\"Person\",\"@id\":\"https:\\\/\\\/darkamazi.info\\\/#\\\/schema\\\/person\\\/5ad3e24553a0567993fa8ed4bd0a776c\",\"name\":\"darka mazi\",\"sameAs\":[\"https:\\\/\\\/darkamazi.info\\\/\"],\"url\":\"https:\\\/\\\/darkamazi.info\\\/archives\\\/author\\\/kurdi\"}]}<\/script>\n<!-- \/ Yoast SEO plugin. -->","seo_head_json":{"title":"Wez\u00eer\u00ea dervey\u00ea \u00ceran\u00ea gih\u00ee\u015ft Hewl\u00ear\u00ea - Darka Maz\u00ee","robots":{"index":"index","follow":"follow","max-snippet":"max-snippet:-1","max-image-preview":"max-image-preview:large","max-video-preview":"max-video-preview:-1"},"canonical":"https:\/\/darkamazi.info\/archives\/1021309","og_locale":"en_US","og_type":"article","og_title":"Wez\u00eer\u00ea dervey\u00ea \u00ceran\u00ea gih\u00ee\u015ft Hewl\u00ear\u00ea - Darka Maz\u00ee","og_description":"Wez\u00eer\u00ea dervey\u00ea komara \u00eeslam\u00eeya \u00ceran\u00ea Mihemed Cewad Zer\u00eef bi serdanek\u00ea gihi\u015ft Hewl\u00eara paytexta Her\u00eama Kurdistan\u00ea. \u00cero roja s\u00ea\u015fem\u00ee 27\/4\/2021an, Mihemed Cewad Zer\u00eef li balefirgeha navdewlet\u00ee ya Hewl\u00ear\u00ea ji aliy\u00ea C\u00eegir\u00ea serokwez\u00eer\u00ean Her\u00eama Kurdistan\u00ea Qubad Taleban\u00ee, wez\u00eer\u00ea navxwe R\u00eaber Ehmed, Serok\u00ea Fermangeha p\u00eawendiy\u00ean derve y\u00ean Her\u00eama Kurdistan\u00ea Sef\u00een Dizey\u00ee \u00fb \u00e7end rayedar\u00ean din ve hat p\u00ea\u015fwaz\u00eekirin. [&hellip;]","og_url":"https:\/\/darkamazi.info\/archives\/1021309","og_site_name":"Darka Maz\u00ee","article_publisher":"https:\/\/www.facebook.com\/DarMaziKurmanci","article_published_time":"2021-04-27T13:48:17+00:00","og_image":[{"width":900,"height":497,"url":"https:\/\/darkamazi.info\/file\/2021\/04\/mihemed-cewad-zerif.jpg","type":"image\/jpeg"}],"author":"darka mazi","twitter_card":"summary_large_image","twitter_creator":"@DarkaMaziLatini","twitter_site":"@DarkaMaziLatini","twitter_misc":{"Written by":"darka mazi","Est. reading time":"1 minute"},"schema":{"@context":"https:\/\/schema.org","@graph":[{"@type":"Article","@id":"https:\/\/darkamazi.info\/archives\/1021309#article","isPartOf":{"@id":"https:\/\/darkamazi.info\/archives\/1021309"},"author":{"name":"darka mazi","@id":"https:\/\/darkamazi.info\/#\/schema\/person\/5ad3e24553a0567993fa8ed4bd0a776c"},"headline":"Wez\u00eer\u00ea dervey\u00ea \u00ceran\u00ea gih\u00ee\u015ft Hewl\u00ear\u00ea","datePublished":"2021-04-27T13:48:17+00:00","mainEntityOfPage":{"@id":"https:\/\/darkamazi.info\/archives\/1021309"},"wordCount":135,"publisher":{"@id":"https:\/\/darkamazi.info\/#organization"},"image":{"@id":"https:\/\/darkamazi.info\/archives\/1021309#primaryimage"},"thumbnailUrl":"https:\/\/darkamazi.info\/file\/2021\/04\/mihemed-cewad-zerif.jpg","keywords":["sereke"],"articleSection":["Kurdistan"],"inLanguage":"en-US"},{"@type":"WebPage","@id":"https:\/\/darkamazi.info\/archives\/1021309","url":"https:\/\/darkamazi.info\/archives\/1021309","name":"Wez\u00eer\u00ea dervey\u00ea \u00ceran\u00ea gih\u00ee\u015ft Hewl\u00ear\u00ea - Darka Maz\u00ee","isPartOf":{"@id":"https:\/\/darkamazi.info\/#website"},"primaryImageOfPage":{"@id":"https:\/\/darkamazi.info\/archives\/1021309#primaryimage"},"image":{"@id":"https:\/\/darkamazi.info\/archives\/1021309#primaryimage"},"thumbnailUrl":"https:\/\/darkamazi.info\/file\/2021\/04\/mihemed-cewad-zerif.jpg","datePublished":"2021-04-27T13:48:17+00:00","breadcrumb":{"@id":"https:\/\/darkamazi.info\/archives\/1021309#breadcrumb"},"inLanguage":"en-US","potentialAction":[{"@type":"ReadAction","target":["https:\/\/darkamazi.info\/archives\/1021309"]}]},{"@type":"ImageObject","inLanguage":"en-US","@id":"https:\/\/darkamazi.info\/archives\/1021309#primaryimage","url":"https:\/\/darkamazi.info\/file\/2021\/04\/mihemed-cewad-zerif.jpg","contentUrl":"https:\/\/darkamazi.info\/file\/2021\/04\/mihemed-cewad-zerif.jpg","width":900,"height":497,"caption":"Wez\u00eer\u00ea dervey\u00ea \u00ceran\u00ea gih\u00ee\u015ft Hewl\u00ear\u00ea"},{"@type":"BreadcrumbList","@id":"https:\/\/darkamazi.info\/archives\/1021309#breadcrumb","itemListElement":[{"@type":"ListItem","position":1,"name":"Home","item":"https:\/\/darkamazi.info\/"},{"@type":"ListItem","position":2,"name":"Wez\u00eer\u00ea dervey\u00ea \u00ceran\u00ea gih\u00ee\u015ft Hewl\u00ear\u00ea"}]},{"@type":"WebSite","@id":"https:\/\/darkamazi.info\/#website","url":"https:\/\/darkamazi.info\/","name":"Darka Maz\u00ee","description":"P\u00eageha Zanyariy\u00ean Nebih\u00eest\u00ee","publisher":{"@id":"https:\/\/darkamazi.info\/#organization"},"potentialAction":[{"@type":"SearchAction","target":{"@type":"EntryPoint","urlTemplate":"https:\/\/darkamazi.info\/?s={search_term_string}"},"query-input":{"@type":"PropertyValueSpecification","valueRequired":true,"valueName":"search_term_string"}}],"inLanguage":"en-US"},{"@type":"Organization","@id":"https:\/\/darkamazi.info\/#organization","name":"Darka Maz\u00ee","url":"https:\/\/darkamazi.info\/","logo":{"@type":"ImageObject","inLanguage":"en-US","@id":"https:\/\/darkamazi.info\/#\/schema\/logo\/image\/","url":"https:\/\/darkamazi.info\/file\/2017\/12\/darka-mazi-logo.png","contentUrl":"https:\/\/darkamazi.info\/file\/2017\/12\/darka-mazi-logo.png","width":151,"height":75,"caption":"Darka Maz\u00ee"},"image":{"@id":"https:\/\/darkamazi.info\/#\/schema\/logo\/image\/"},"sameAs":["https:\/\/www.facebook.com\/DarMaziKurmanci","https:\/\/x.com\/DarkaMaziLatini","https:\/\/www.instagram.com\/darkamazi.kurmanci\/","https:\/\/www.youtube.com\/channel\/UCa5HkTdmI8U1qCUFuTw8B2g"]},{"@type":"Person","@id":"https:\/\/darkamazi.info\/#\/schema\/person\/5ad3e24553a0567993fa8ed4bd0a776c","name":"darka mazi","sameAs":["https:\/\/darkamazi.info\/"],"url":"https:\/\/darkamazi.info\/archives\/author\/kurdi"}]}},"_links":{"self":[{"href":"https:\/\/darkamazi.info\/funavuv\/wp\/v2\/posts\/1021309","targetHints":{"allow":["GET"]}}],"collection":[{"href":"https:\/\/darkamazi.info\/funavuv\/wp\/v2\/posts"}],"about":[{"href":"https:\/\/darkamazi.info\/funavuv\/wp\/v2\/types\/post"}],"author":[{"embeddable":true,"href":"https:\/\/darkamazi.info\/funavuv\/wp\/v2\/users\/2"}],"replies":[{"embeddable":true,"href":"https:\/\/darkamazi.info\/funavuv\/wp\/v2\/comments?post=1021309"}],"version-history":[{"count":0,"href":"https:\/\/darkamazi.info\/funavuv\/wp\/v2\/posts\/1021309\/revisions"}],"wp:featuredmedia":[{"embeddable":true,"href":"https:\/\/darkamazi.info\/funavuv\/wp\/v2\/media\/1021310"}],"wp:attachment":[{"href":"https:\/\/darkamazi.info\/funavuv\/wp\/v2\/media?parent=1021309"}],"wp:term":[{"taxonomy":"category","embeddable":true,"href":"https:\/\/darkamazi.info\/funavuv\/wp\/v2\/categories?post=1021309"},{"taxonomy":"post_tag","embeddable":true,"href":"https:\/\/darkamazi.info\/funavuv\/wp\/v2\/tags?post=1021309"}],"curies":[{"name":"wp","href":"https:\/\/api.w.org\/{rel}","templated":true}]}}