{"id":1021417,"date":"2021-05-02T18:10:00","date_gmt":"2021-05-02T15:10:00","guid":{"rendered":"https:\/\/darkamazi.info\/?p=1021417"},"modified":"2021-09-11T13:21:13","modified_gmt":"2021-09-11T10:21:13","slug":"pkk-re-nade-timen-mayinhelgir-ku-karen-xwe-bikin","status":"publish","type":"post","link":"https:\/\/darkamazi.info\/archives\/1021417","title":{"rendered":"PKK r\u00ea nade t\u00eem\u00ean may\u00eenhelgir ku kar\u00ean xwe bikin"},"content":{"rendered":"<h3 style=\"text-align: justify;\"><span style=\"font-family: 'arial black', sans-serif;\">Pi\u015ft\u00ee Raper\u00eena Gel\u00ea Kurdistan\u00ea, t\u00eem\u00ean may\u00eenhelgir li nav\u00e7ey\u00ean s\u00eenor kar\u00ea rakirina may\u00eenan dikin \u00fb zev\u00ee \u00fb rez \u00fb c\u00eeh\u00ean may\u00eenkir\u00ee paqij dikin. Naha PKK b\u00fbye asteng li p\u00ea\u015f wan t\u00eeman ku li nav\u00e7ey\u00ean s\u00eenor kar\u00ean xwe bikin \u00fb berdevk\u00ea r\u00eaveberiya kar\u00fbbar\u00ean may\u00een \u00fb teqemeniy\u00ea j\u00ee ragehand: \u2018\u2019PKK r\u00eagire li p\u00ea\u015f kar\u00ea me.\u2019\u2019<\/span><\/h3>\n<h3 style=\"text-align: justify;\">Berdevk\u00ea r\u00eaveberiya kar\u00fbbar\u00ean may\u00een \u00fb teqemeniy\u00ea li Duhok R\u00eagir Ebdul\u015fas\u00ee ji BasNews\u00ea re ragehand: \u2018\u2019Rojane t\u00eem\u00ean me li seranser\u00ea par\u00eazgeha Duhok\u00ea zev\u00ee \u00fb erd\u00ean hemwelatiyan paqij dikin ji may\u00eenan.\u2019\u2019<\/h3>\n<h3 style=\"text-align: justify;\">Herwaha got: \u2018\u2019L\u00ea naha pirsgir\u00eaka her\u00ee mezin li p\u00ea\u015f kar\u00ea me heb\u00fbna PKK\u00ea \u00fb binkey\u00ean wan \u00ean li hin nav\u00e7eyane. Ji bo nim\u00fbne li s\u00eenor\u00ea qeza Am\u00eadiy\u00ea ku tirk bi bahaneya PKK\u00ea li w\u00ea dever\u00ea bombebaran\u00ea dike \u00fb ji ber w\u00ea j\u00ee kar\u00ean me y\u00ean li wan nav\u00e7eyan rawestane.\u2019\u2019<\/h3>\n<h3 style=\"text-align: justify;\">R\u00eagir Ebdul\u015fas\u00ee got: \u2018\u2019Me t\u00eemeke taybet li nahyeya Kan\u00ee Mas\u00ee heb\u00fb li devera Am\u00eadiy\u00ea, ku r\u00eayeke d\u00fbre \u00fb rojane li Duhok di\u00e7\u00fbn w\u00ea dever\u00ea, ew kamp c\u00eeh\u00ea may\u00een \u00fb hewana wan karmendan b\u00fb, ku \u015fev \u00fb roj li w\u00ea nav\u00e7ey\u00ea kar dikirin. L\u00ea naha PKK b\u00fbye r\u00eagir li p\u00ea\u015f kar\u00ean me \u00fb me ew kampa xwe j\u00ee daxist.\u2019\u2019<\/h3>\n<h3 style=\"text-align: justify;\">Herwaha diyar kir: \u2018\u2019Heta PKK binke \u00fb baregeh\u00ean xwe li wan nav\u00e7eyan hebin, balefir\u00ean Tirkiy\u00ea nav\u00e7ey\u00ea d\u00ea bombebaran bikin \u00fb em j\u00ee tirsa hind\u00ea \u00fb tirsa can\u00ea karmend \u00fb may\u00eenhelgiran nikarin kar bikin.<\/h3>\n<h3 style=\"text-align: justify;\">Navbor\u00ee teqez kir: \u2018\u2019Me kampa Kan\u00ee Mas\u00ee vala kir \u00fb kar\u00ean me li w\u00ea dever\u00ea me rawestandin. Ev yek j\u00ee ziyan\u00ea digeh\u00eene gund\u00ee \u00fb kasibkaran. Ji ber may\u00een di wan de d\u00ea biteqin \u00fb b\u00fbyer\u00ean nay\u00ean xwestin d\u00ea p\u00eakb\u00ean.<\/h3>\n","protected":false},"excerpt":{"rendered":"<p>Pi\u015ft\u00ee Raper\u00eena Gel\u00ea Kurdistan\u00ea, t\u00eem\u00ean may\u00eenhelgir li nav\u00e7ey\u00ean s\u00eenor kar\u00ea rakirina may\u00eenan dikin \u00fb zev\u00ee \u00fb rez \u00fb c\u00eeh\u00ean may\u00eenkir\u00ee paqij dikin. Naha PKK b\u00fbye asteng li p\u00ea\u015f wan t\u00eeman ku li nav\u00e7ey\u00ean s\u00eenor kar\u00ean xwe bikin \u00fb berdevk\u00ea r\u00eaveberiya kar\u00fbbar\u00ean may\u00een \u00fb teqemeniy\u00ea j\u00ee ragehand: \u2018\u2019PKK r\u00eagire li p\u00ea\u015f kar\u00ea me.\u2019\u2019 Berdevk\u00ea r\u00eaveberiya kar\u00fbbar\u00ean [&hellip;]<\/p>\n","protected":false},"author":2,"featured_media":1021418,"comment_status":"closed","ping_status":"closed","sticky":false,"template":"","format":"standard","meta":{"footnotes":""},"categories":[29],"tags":[37],"class_list":["post-1021417","post","type-post","status-publish","format-standard","has-post-thumbnail","hentry","category-kurdistan","tag-sereke"],"blocksy_meta":[],"seo_head":"<!-- This site is optimized with the Yoast SEO plugin v27.5 - https:\/\/yoast.com\/product\/yoast-seo-wordpress\/ -->\n<title>PKK r\u00ea nade t\u00eem\u00ean may\u00eenhelgir ku kar\u00ean xwe bikin - Darka Maz\u00ee<\/title>\n<meta name=\"robots\" content=\"index, follow, max-snippet:-1, max-image-preview:large, max-video-preview:-1\" \/>\n<link rel=\"canonical\" href=\"https:\/\/darkamazi.info\/archives\/1021417\" \/>\n<meta property=\"og:locale\" content=\"en_US\" \/>\n<meta property=\"og:type\" content=\"article\" \/>\n<meta property=\"og:title\" content=\"PKK r\u00ea nade t\u00eem\u00ean may\u00eenhelgir ku kar\u00ean xwe bikin - Darka Maz\u00ee\" \/>\n<meta property=\"og:description\" content=\"Pi\u015ft\u00ee Raper\u00eena Gel\u00ea Kurdistan\u00ea, t\u00eem\u00ean may\u00eenhelgir li nav\u00e7ey\u00ean s\u00eenor kar\u00ea rakirina may\u00eenan dikin \u00fb zev\u00ee \u00fb rez \u00fb c\u00eeh\u00ean may\u00eenkir\u00ee paqij dikin. Naha PKK b\u00fbye asteng li p\u00ea\u015f wan t\u00eeman ku li nav\u00e7ey\u00ean s\u00eenor kar\u00ean xwe bikin \u00fb berdevk\u00ea r\u00eaveberiya kar\u00fbbar\u00ean may\u00een \u00fb teqemeniy\u00ea j\u00ee ragehand: \u2018\u2019PKK r\u00eagire li p\u00ea\u015f kar\u00ea me.\u2019\u2019 Berdevk\u00ea r\u00eaveberiya kar\u00fbbar\u00ean [&hellip;]\" \/>\n<meta property=\"og:url\" content=\"https:\/\/darkamazi.info\/archives\/1021417\" \/>\n<meta property=\"og:site_name\" content=\"Darka Maz\u00ee\" \/>\n<meta property=\"article:publisher\" content=\"https:\/\/www.facebook.com\/DarMaziKurmanci\" \/>\n<meta property=\"article:published_time\" content=\"2021-05-02T15:10:00+00:00\" \/>\n<meta property=\"article:modified_time\" content=\"2021-09-11T10:21:13+00:00\" \/>\n<meta property=\"og:image\" content=\"https:\/\/darkamazi.info\/file\/2021\/05\/\u067e\u06d5\u06a9\u06d5\u06a9\u06d5-PKK.jpg\" \/>\n\t<meta property=\"og:image:width\" content=\"900\" \/>\n\t<meta property=\"og:image:height\" content=\"497\" \/>\n\t<meta property=\"og:image:type\" content=\"image\/jpeg\" \/>\n<meta name=\"author\" content=\"darka mazi\" \/>\n<meta name=\"twitter:card\" content=\"summary_large_image\" \/>\n<meta name=\"twitter:creator\" content=\"@DarkaMaziLatini\" \/>\n<meta name=\"twitter:site\" content=\"@DarkaMaziLatini\" \/>\n<meta name=\"twitter:label1\" content=\"Written by\" \/>\n\t<meta name=\"twitter:data1\" content=\"darka mazi\" \/>\n\t<meta name=\"twitter:label2\" content=\"Est. reading time\" \/>\n\t<meta name=\"twitter:data2\" content=\"2 minutes\" \/>\n<script type=\"application\/ld+json\" class=\"seo-schema-graph\">{\"@context\":\"https:\\\/\\\/schema.org\",\"@graph\":[{\"@type\":\"Article\",\"@id\":\"https:\\\/\\\/darkamazi.info\\\/archives\\\/1021417#article\",\"isPartOf\":{\"@id\":\"https:\\\/\\\/darkamazi.info\\\/archives\\\/1021417\"},\"author\":{\"name\":\"darka mazi\",\"@id\":\"https:\\\/\\\/darkamazi.info\\\/#\\\/schema\\\/person\\\/5ad3e24553a0567993fa8ed4bd0a776c\"},\"headline\":\"PKK r\u00ea nade t\u00eem\u00ean may\u00eenhelgir ku kar\u00ean xwe bikin\",\"datePublished\":\"2021-05-02T15:10:00+00:00\",\"dateModified\":\"2021-09-11T10:21:13+00:00\",\"mainEntityOfPage\":{\"@id\":\"https:\\\/\\\/darkamazi.info\\\/archives\\\/1021417\"},\"wordCount\":323,\"publisher\":{\"@id\":\"https:\\\/\\\/darkamazi.info\\\/#organization\"},\"image\":{\"@id\":\"https:\\\/\\\/darkamazi.info\\\/archives\\\/1021417#primaryimage\"},\"thumbnailUrl\":\"https:\\\/\\\/darkamazi.info\\\/darka-content\\\/uploads\\\/2021\\\/05\\\/\u067e\u06d5\u06a9\u06d5\u06a9\u06d5-PKK.jpg\",\"keywords\":[\"sereke\"],\"articleSection\":[\"Kurdistan\"],\"inLanguage\":\"en-US\"},{\"@type\":\"WebPage\",\"@id\":\"https:\\\/\\\/darkamazi.info\\\/archives\\\/1021417\",\"url\":\"https:\\\/\\\/darkamazi.info\\\/archives\\\/1021417\",\"name\":\"PKK r\u00ea nade t\u00eem\u00ean may\u00eenhelgir ku kar\u00ean xwe bikin - Darka Maz\u00ee\",\"isPartOf\":{\"@id\":\"https:\\\/\\\/darkamazi.info\\\/#website\"},\"primaryImageOfPage\":{\"@id\":\"https:\\\/\\\/darkamazi.info\\\/archives\\\/1021417#primaryimage\"},\"image\":{\"@id\":\"https:\\\/\\\/darkamazi.info\\\/archives\\\/1021417#primaryimage\"},\"thumbnailUrl\":\"https:\\\/\\\/darkamazi.info\\\/darka-content\\\/uploads\\\/2021\\\/05\\\/\u067e\u06d5\u06a9\u06d5\u06a9\u06d5-PKK.jpg\",\"datePublished\":\"2021-05-02T15:10:00+00:00\",\"dateModified\":\"2021-09-11T10:21:13+00:00\",\"breadcrumb\":{\"@id\":\"https:\\\/\\\/darkamazi.info\\\/archives\\\/1021417#breadcrumb\"},\"inLanguage\":\"en-US\",\"potentialAction\":[{\"@type\":\"ReadAction\",\"target\":[\"https:\\\/\\\/darkamazi.info\\\/archives\\\/1021417\"]}]},{\"@type\":\"ImageObject\",\"inLanguage\":\"en-US\",\"@id\":\"https:\\\/\\\/darkamazi.info\\\/archives\\\/1021417#primaryimage\",\"url\":\"https:\\\/\\\/darkamazi.info\\\/darka-content\\\/uploads\\\/2021\\\/05\\\/\u067e\u06d5\u06a9\u06d5\u06a9\u06d5-PKK.jpg\",\"contentUrl\":\"https:\\\/\\\/darkamazi.info\\\/darka-content\\\/uploads\\\/2021\\\/05\\\/\u067e\u06d5\u06a9\u06d5\u06a9\u06d5-PKK.jpg\",\"width\":900,\"height\":497,\"caption\":\"PKK r\u00ea nade t\u00eem\u00ean may\u00eenhelgir ku kar\u00ean xwe bikin\"},{\"@type\":\"BreadcrumbList\",\"@id\":\"https:\\\/\\\/darkamazi.info\\\/archives\\\/1021417#breadcrumb\",\"itemListElement\":[{\"@type\":\"ListItem\",\"position\":1,\"name\":\"Home\",\"item\":\"https:\\\/\\\/darkamazi.info\\\/\"},{\"@type\":\"ListItem\",\"position\":2,\"name\":\"PKK r\u00ea nade t\u00eem\u00ean may\u00eenhelgir ku kar\u00ean xwe bikin\"}]},{\"@type\":\"WebSite\",\"@id\":\"https:\\\/\\\/darkamazi.info\\\/#website\",\"url\":\"https:\\\/\\\/darkamazi.info\\\/\",\"name\":\"Darka Maz\u00ee\",\"description\":\"P\u00eageha Zanyariy\u00ean Nebih\u00eest\u00ee\",\"publisher\":{\"@id\":\"https:\\\/\\\/darkamazi.info\\\/#organization\"},\"potentialAction\":[{\"@type\":\"SearchAction\",\"target\":{\"@type\":\"EntryPoint\",\"urlTemplate\":\"https:\\\/\\\/darkamazi.info\\\/?s={search_term_string}\"},\"query-input\":{\"@type\":\"PropertyValueSpecification\",\"valueRequired\":true,\"valueName\":\"search_term_string\"}}],\"inLanguage\":\"en-US\"},{\"@type\":\"Organization\",\"@id\":\"https:\\\/\\\/darkamazi.info\\\/#organization\",\"name\":\"Darka Maz\u00ee\",\"url\":\"https:\\\/\\\/darkamazi.info\\\/\",\"logo\":{\"@type\":\"ImageObject\",\"inLanguage\":\"en-US\",\"@id\":\"https:\\\/\\\/darkamazi.info\\\/#\\\/schema\\\/logo\\\/image\\\/\",\"url\":\"https:\\\/\\\/darkamazi.info\\\/darka-content\\\/uploads\\\/2017\\\/12\\\/darka-mazi-logo.png\",\"contentUrl\":\"https:\\\/\\\/darkamazi.info\\\/darka-content\\\/uploads\\\/2017\\\/12\\\/darka-mazi-logo.png\",\"width\":151,\"height\":75,\"caption\":\"Darka Maz\u00ee\"},\"image\":{\"@id\":\"https:\\\/\\\/darkamazi.info\\\/#\\\/schema\\\/logo\\\/image\\\/\"},\"sameAs\":[\"https:\\\/\\\/www.facebook.com\\\/DarMaziKurmanci\",\"https:\\\/\\\/x.com\\\/DarkaMaziLatini\",\"https:\\\/\\\/www.instagram.com\\\/darkamazi.kurmanci\\\/\",\"https:\\\/\\\/www.youtube.com\\\/channel\\\/UCa5HkTdmI8U1qCUFuTw8B2g\"]},{\"@type\":\"Person\",\"@id\":\"https:\\\/\\\/darkamazi.info\\\/#\\\/schema\\\/person\\\/5ad3e24553a0567993fa8ed4bd0a776c\",\"name\":\"darka mazi\",\"sameAs\":[\"https:\\\/\\\/darkamazi.info\\\/\"],\"url\":\"https:\\\/\\\/darkamazi.info\\\/archives\\\/author\\\/kurdi\"}]}<\/script>\n<!-- \/ Yoast SEO plugin. -->","seo_head_json":{"title":"PKK r\u00ea nade t\u00eem\u00ean may\u00eenhelgir ku kar\u00ean xwe bikin - Darka Maz\u00ee","robots":{"index":"index","follow":"follow","max-snippet":"max-snippet:-1","max-image-preview":"max-image-preview:large","max-video-preview":"max-video-preview:-1"},"canonical":"https:\/\/darkamazi.info\/archives\/1021417","og_locale":"en_US","og_type":"article","og_title":"PKK r\u00ea nade t\u00eem\u00ean may\u00eenhelgir ku kar\u00ean xwe bikin - Darka Maz\u00ee","og_description":"Pi\u015ft\u00ee Raper\u00eena Gel\u00ea Kurdistan\u00ea, t\u00eem\u00ean may\u00eenhelgir li nav\u00e7ey\u00ean s\u00eenor kar\u00ea rakirina may\u00eenan dikin \u00fb zev\u00ee \u00fb rez \u00fb c\u00eeh\u00ean may\u00eenkir\u00ee paqij dikin. Naha PKK b\u00fbye asteng li p\u00ea\u015f wan t\u00eeman ku li nav\u00e7ey\u00ean s\u00eenor kar\u00ean xwe bikin \u00fb berdevk\u00ea r\u00eaveberiya kar\u00fbbar\u00ean may\u00een \u00fb teqemeniy\u00ea j\u00ee ragehand: \u2018\u2019PKK r\u00eagire li p\u00ea\u015f kar\u00ea me.\u2019\u2019 Berdevk\u00ea r\u00eaveberiya kar\u00fbbar\u00ean [&hellip;]","og_url":"https:\/\/darkamazi.info\/archives\/1021417","og_site_name":"Darka Maz\u00ee","article_publisher":"https:\/\/www.facebook.com\/DarMaziKurmanci","article_published_time":"2021-05-02T15:10:00+00:00","article_modified_time":"2021-09-11T10:21:13+00:00","og_image":[{"width":900,"height":497,"url":"https:\/\/darkamazi.info\/file\/2021\/05\/\u067e\u06d5\u06a9\u06d5\u06a9\u06d5-PKK.jpg","type":"image\/jpeg"}],"author":"darka mazi","twitter_card":"summary_large_image","twitter_creator":"@DarkaMaziLatini","twitter_site":"@DarkaMaziLatini","twitter_misc":{"Written by":"darka mazi","Est. reading time":"2 minutes"},"schema":{"@context":"https:\/\/schema.org","@graph":[{"@type":"Article","@id":"https:\/\/darkamazi.info\/archives\/1021417#article","isPartOf":{"@id":"https:\/\/darkamazi.info\/archives\/1021417"},"author":{"name":"darka mazi","@id":"https:\/\/darkamazi.info\/#\/schema\/person\/5ad3e24553a0567993fa8ed4bd0a776c"},"headline":"PKK r\u00ea nade t\u00eem\u00ean may\u00eenhelgir ku kar\u00ean xwe bikin","datePublished":"2021-05-02T15:10:00+00:00","dateModified":"2021-09-11T10:21:13+00:00","mainEntityOfPage":{"@id":"https:\/\/darkamazi.info\/archives\/1021417"},"wordCount":323,"publisher":{"@id":"https:\/\/darkamazi.info\/#organization"},"image":{"@id":"https:\/\/darkamazi.info\/archives\/1021417#primaryimage"},"thumbnailUrl":"https:\/\/darkamazi.info\/file\/2021\/05\/\u067e\u06d5\u06a9\u06d5\u06a9\u06d5-PKK.jpg","keywords":["sereke"],"articleSection":["Kurdistan"],"inLanguage":"en-US"},{"@type":"WebPage","@id":"https:\/\/darkamazi.info\/archives\/1021417","url":"https:\/\/darkamazi.info\/archives\/1021417","name":"PKK r\u00ea nade t\u00eem\u00ean may\u00eenhelgir ku kar\u00ean xwe bikin - Darka Maz\u00ee","isPartOf":{"@id":"https:\/\/darkamazi.info\/#website"},"primaryImageOfPage":{"@id":"https:\/\/darkamazi.info\/archives\/1021417#primaryimage"},"image":{"@id":"https:\/\/darkamazi.info\/archives\/1021417#primaryimage"},"thumbnailUrl":"https:\/\/darkamazi.info\/file\/2021\/05\/\u067e\u06d5\u06a9\u06d5\u06a9\u06d5-PKK.jpg","datePublished":"2021-05-02T15:10:00+00:00","dateModified":"2021-09-11T10:21:13+00:00","breadcrumb":{"@id":"https:\/\/darkamazi.info\/archives\/1021417#breadcrumb"},"inLanguage":"en-US","potentialAction":[{"@type":"ReadAction","target":["https:\/\/darkamazi.info\/archives\/1021417"]}]},{"@type":"ImageObject","inLanguage":"en-US","@id":"https:\/\/darkamazi.info\/archives\/1021417#primaryimage","url":"https:\/\/darkamazi.info\/file\/2021\/05\/\u067e\u06d5\u06a9\u06d5\u06a9\u06d5-PKK.jpg","contentUrl":"https:\/\/darkamazi.info\/file\/2021\/05\/\u067e\u06d5\u06a9\u06d5\u06a9\u06d5-PKK.jpg","width":900,"height":497,"caption":"PKK r\u00ea nade t\u00eem\u00ean may\u00eenhelgir ku kar\u00ean xwe bikin"},{"@type":"BreadcrumbList","@id":"https:\/\/darkamazi.info\/archives\/1021417#breadcrumb","itemListElement":[{"@type":"ListItem","position":1,"name":"Home","item":"https:\/\/darkamazi.info\/"},{"@type":"ListItem","position":2,"name":"PKK r\u00ea nade t\u00eem\u00ean may\u00eenhelgir ku kar\u00ean xwe bikin"}]},{"@type":"WebSite","@id":"https:\/\/darkamazi.info\/#website","url":"https:\/\/darkamazi.info\/","name":"Darka Maz\u00ee","description":"P\u00eageha Zanyariy\u00ean Nebih\u00eest\u00ee","publisher":{"@id":"https:\/\/darkamazi.info\/#organization"},"potentialAction":[{"@type":"SearchAction","target":{"@type":"EntryPoint","urlTemplate":"https:\/\/darkamazi.info\/?s={search_term_string}"},"query-input":{"@type":"PropertyValueSpecification","valueRequired":true,"valueName":"search_term_string"}}],"inLanguage":"en-US"},{"@type":"Organization","@id":"https:\/\/darkamazi.info\/#organization","name":"Darka Maz\u00ee","url":"https:\/\/darkamazi.info\/","logo":{"@type":"ImageObject","inLanguage":"en-US","@id":"https:\/\/darkamazi.info\/#\/schema\/logo\/image\/","url":"https:\/\/darkamazi.info\/file\/2017\/12\/darka-mazi-logo.png","contentUrl":"https:\/\/darkamazi.info\/file\/2017\/12\/darka-mazi-logo.png","width":151,"height":75,"caption":"Darka Maz\u00ee"},"image":{"@id":"https:\/\/darkamazi.info\/#\/schema\/logo\/image\/"},"sameAs":["https:\/\/www.facebook.com\/DarMaziKurmanci","https:\/\/x.com\/DarkaMaziLatini","https:\/\/www.instagram.com\/darkamazi.kurmanci\/","https:\/\/www.youtube.com\/channel\/UCa5HkTdmI8U1qCUFuTw8B2g"]},{"@type":"Person","@id":"https:\/\/darkamazi.info\/#\/schema\/person\/5ad3e24553a0567993fa8ed4bd0a776c","name":"darka mazi","sameAs":["https:\/\/darkamazi.info\/"],"url":"https:\/\/darkamazi.info\/archives\/author\/kurdi"}]}},"_links":{"self":[{"href":"https:\/\/darkamazi.info\/funavuv\/wp\/v2\/posts\/1021417","targetHints":{"allow":["GET"]}}],"collection":[{"href":"https:\/\/darkamazi.info\/funavuv\/wp\/v2\/posts"}],"about":[{"href":"https:\/\/darkamazi.info\/funavuv\/wp\/v2\/types\/post"}],"author":[{"embeddable":true,"href":"https:\/\/darkamazi.info\/funavuv\/wp\/v2\/users\/2"}],"replies":[{"embeddable":true,"href":"https:\/\/darkamazi.info\/funavuv\/wp\/v2\/comments?post=1021417"}],"version-history":[{"count":0,"href":"https:\/\/darkamazi.info\/funavuv\/wp\/v2\/posts\/1021417\/revisions"}],"wp:featuredmedia":[{"embeddable":true,"href":"https:\/\/darkamazi.info\/funavuv\/wp\/v2\/media\/1021418"}],"wp:attachment":[{"href":"https:\/\/darkamazi.info\/funavuv\/wp\/v2\/media?parent=1021417"}],"wp:term":[{"taxonomy":"category","embeddable":true,"href":"https:\/\/darkamazi.info\/funavuv\/wp\/v2\/categories?post=1021417"},{"taxonomy":"post_tag","embeddable":true,"href":"https:\/\/darkamazi.info\/funavuv\/wp\/v2\/tags?post=1021417"}],"curies":[{"name":"wp","href":"https:\/\/api.w.org\/{rel}","templated":true}]}}