{"id":1021481,"date":"2021-05-05T12:28:11","date_gmt":"2021-05-05T09:28:11","guid":{"rendered":"https:\/\/darkamazi.info\/?p=1021481"},"modified":"2021-05-05T12:28:11","modified_gmt":"2021-05-05T09:28:11","slug":"akar-em-rez-li-sinor-u-serweriya-hemu-ciranen-xwe-digrin","status":"publish","type":"post","link":"https:\/\/darkamazi.info\/archives\/1021481","title":{"rendered":"Akar: Em r\u00eaz li s\u00eenor \u00fb serweriya hem\u00fb c\u00eeran\u00ean xwe digrin!"},"content":{"rendered":"<h3 style=\"text-align: justify\"><span style=\"font-family: 'arial black', sans-serif\">Wez\u00eer\u00ea Berevaniy\u00ea y\u00ea Tirkiy\u00ea da xuyakirin, ew r\u00eaz\u00ea li serweriya axa \u00ceraq\u00ea digirin \u00fb armanca operasyona li ser s\u00eenor\u00ea Ba\u015f\u00fbr\u00ea Kurdistan\u00ea ten\u00ea jinavbirina PKK\u00ea ye.<\/span><\/h3>\n<h3 style=\"text-align: justify\"><span style=\"font-family: arial, helvetica, sans-serif\">Wez\u00eer\u00ea Berevaniy\u00ea y\u00ea Tirkiy\u00ea Hulus\u00ee Akar got: Em r\u00eaz li s\u00eenor \u00fb serweriya hem\u00fb c\u00eeran\u00ea xwe digrin di ser\u00ee de y\u00ea \u00ceraq\u00ea. Li bakur\u00ea \u00ceraq\u00ea j\u00ee, li bakur\u00ea S\u00fbriy\u00ea j\u00ee ti armanceke me ya din n\u00eene.<\/span><\/h3>\n<h3 style=\"text-align: justify\"><span style=\"font-family: arial, helvetica, sans-serif\">Diyar kir j\u00ee, wan ji 23\u2019\u00ea N\u00eesan\u00ea dest bi operasyona Pen\u00e7e Birusk kiriye \u00fb ji w\u00ea dem\u00ea ve 68 ger\u00eelay\u00ean PKK\u00ea di operasyon\u00ea de can\u00ea xwe ji dest dane. Niha li Ava\u015f\u00een-Basyan \u00fb Met\u00eena operasyon didomin.<\/span><\/h3>\n<h3 style=\"text-align: justify\"><span style=\"font-family: arial, helvetica, sans-serif\">Roja 1\u00ea Gulan\u00ea Wez\u00eer\u00ea Berevan\u00ee y\u00ea Tirkiy\u00ea Hulus\u00ee Akar serdana binkeyeke serbaz\u00ee ya welat\u00ea xwe ya li devereke s\u00eenor\u00ea Her\u00eama Kurdistan\u00ea kirib\u00fb, Hik\u00fbmeta Iraq\u00ea neraz\u00eeb\u00fbn li ser w\u00ea serdan\u00ea n\u00ee\u015fan da \u00fb got ku Wez\u00eer\u00ea Berevan\u00ee y\u00ea Tirkiy\u00ea Hulus\u00ee b\u00eay\u00ee hemaheng\u00ee an rizamendiya p\u00ea\u015fwext bi awayek\u00ee nerewa derbas\u00ee nav axa Iraq\u00ea b\u00fbye.<\/span><\/h3>\n<h3 style=\"text-align: justify\"><span style=\"font-family: arial, helvetica, sans-serif\">Li ser w\u00ea yek\u00ea j\u00ee, Wek\u00eel\u00ea Wezareta Derve ya Iaq\u00ea Nizar Xeyrullah, karbir\u00eaker\u00ea Balyozxaneya Tirkiy\u00ea bang\u00ee wezaret\u00ea kir \u00fb nameyeke neraz\u00eeb\u00fbn\u00ea radest\u00ee w\u00ee kir.<\/span><\/h3>\n","protected":false},"excerpt":{"rendered":"<p>Wez\u00eer\u00ea Berevaniy\u00ea y\u00ea Tirkiy\u00ea da xuyakirin, ew r\u00eaz\u00ea li serweriya axa \u00ceraq\u00ea digirin \u00fb armanca operasyona li ser s\u00eenor\u00ea Ba\u015f\u00fbr\u00ea Kurdistan\u00ea ten\u00ea jinavbirina PKK\u00ea ye. Wez\u00eer\u00ea Berevaniy\u00ea y\u00ea Tirkiy\u00ea Hulus\u00ee Akar got: Em r\u00eaz li s\u00eenor \u00fb serweriya hem\u00fb c\u00eeran\u00ea xwe digrin di ser\u00ee de y\u00ea \u00ceraq\u00ea. Li bakur\u00ea \u00ceraq\u00ea j\u00ee, li bakur\u00ea S\u00fbriy\u00ea j\u00ee [&hellip;]<\/p>\n","protected":false},"author":2,"featured_media":1021483,"comment_status":"closed","ping_status":"closed","sticky":false,"template":"","format":"standard","meta":{"footnotes":""},"categories":[31],"tags":[37],"class_list":["post-1021481","post","type-post","status-publish","format-standard","has-post-thumbnail","hentry","category-rojhelata-navin","tag-sereke"],"blocksy_meta":[],"seo_head":"<!-- This site is optimized with the Yoast SEO plugin v27.5 - https:\/\/yoast.com\/product\/yoast-seo-wordpress\/ -->\n<title>Akar: Em r\u00eaz li s\u00eenor \u00fb serweriya hem\u00fb c\u00eeran\u00ean xwe digrin! - Darka Maz\u00ee<\/title>\n<meta name=\"robots\" content=\"index, follow, max-snippet:-1, max-image-preview:large, max-video-preview:-1\" \/>\n<link rel=\"canonical\" href=\"https:\/\/darkamazi.info\/archives\/1021481\" \/>\n<meta property=\"og:locale\" content=\"en_US\" \/>\n<meta property=\"og:type\" content=\"article\" \/>\n<meta property=\"og:title\" content=\"Akar: Em r\u00eaz li s\u00eenor \u00fb serweriya hem\u00fb c\u00eeran\u00ean xwe digrin! - Darka Maz\u00ee\" \/>\n<meta property=\"og:description\" content=\"Wez\u00eer\u00ea Berevaniy\u00ea y\u00ea Tirkiy\u00ea da xuyakirin, ew r\u00eaz\u00ea li serweriya axa \u00ceraq\u00ea digirin \u00fb armanca operasyona li ser s\u00eenor\u00ea Ba\u015f\u00fbr\u00ea Kurdistan\u00ea ten\u00ea jinavbirina PKK\u00ea ye. Wez\u00eer\u00ea Berevaniy\u00ea y\u00ea Tirkiy\u00ea Hulus\u00ee Akar got: Em r\u00eaz li s\u00eenor \u00fb serweriya hem\u00fb c\u00eeran\u00ea xwe digrin di ser\u00ee de y\u00ea \u00ceraq\u00ea. Li bakur\u00ea \u00ceraq\u00ea j\u00ee, li bakur\u00ea S\u00fbriy\u00ea j\u00ee [&hellip;]\" \/>\n<meta property=\"og:url\" content=\"https:\/\/darkamazi.info\/archives\/1021481\" \/>\n<meta property=\"og:site_name\" content=\"Darka Maz\u00ee\" \/>\n<meta property=\"article:publisher\" content=\"https:\/\/www.facebook.com\/DarMaziKurmanci\" \/>\n<meta property=\"article:published_time\" content=\"2021-05-05T09:28:11+00:00\" \/>\n<meta property=\"og:image\" content=\"https:\/\/darkamazi.info\/file\/2021\/05\/akar-hulusi-2.jpg\" \/>\n\t<meta property=\"og:image:width\" content=\"900\" \/>\n\t<meta property=\"og:image:height\" content=\"497\" \/>\n\t<meta property=\"og:image:type\" content=\"image\/jpeg\" \/>\n<meta name=\"author\" content=\"darka mazi\" \/>\n<meta name=\"twitter:card\" content=\"summary_large_image\" \/>\n<meta name=\"twitter:creator\" content=\"@DarkaMaziLatini\" \/>\n<meta name=\"twitter:site\" content=\"@DarkaMaziLatini\" \/>\n<meta name=\"twitter:label1\" content=\"Written by\" \/>\n\t<meta name=\"twitter:data1\" content=\"darka mazi\" \/>\n\t<meta name=\"twitter:label2\" content=\"Est. reading time\" \/>\n\t<meta name=\"twitter:data2\" content=\"1 minute\" \/>\n<script type=\"application\/ld+json\" class=\"seo-schema-graph\">{\"@context\":\"https:\\\/\\\/schema.org\",\"@graph\":[{\"@type\":\"Article\",\"@id\":\"https:\\\/\\\/darkamazi.info\\\/archives\\\/1021481#article\",\"isPartOf\":{\"@id\":\"https:\\\/\\\/darkamazi.info\\\/archives\\\/1021481\"},\"author\":{\"name\":\"darka mazi\",\"@id\":\"https:\\\/\\\/darkamazi.info\\\/#\\\/schema\\\/person\\\/5ad3e24553a0567993fa8ed4bd0a776c\"},\"headline\":\"Akar: Em r\u00eaz li s\u00eenor \u00fb serweriya hem\u00fb c\u00eeran\u00ean xwe digrin!\",\"datePublished\":\"2021-05-05T09:28:11+00:00\",\"mainEntityOfPage\":{\"@id\":\"https:\\\/\\\/darkamazi.info\\\/archives\\\/1021481\"},\"wordCount\":209,\"publisher\":{\"@id\":\"https:\\\/\\\/darkamazi.info\\\/#organization\"},\"image\":{\"@id\":\"https:\\\/\\\/darkamazi.info\\\/archives\\\/1021481#primaryimage\"},\"thumbnailUrl\":\"https:\\\/\\\/darkamazi.info\\\/darka-content\\\/uploads\\\/2021\\\/05\\\/akar-hulusi-2.jpg\",\"keywords\":[\"sereke\"],\"articleSection\":[\"Rojhelata nav\u00een\"],\"inLanguage\":\"en-US\"},{\"@type\":\"WebPage\",\"@id\":\"https:\\\/\\\/darkamazi.info\\\/archives\\\/1021481\",\"url\":\"https:\\\/\\\/darkamazi.info\\\/archives\\\/1021481\",\"name\":\"Akar: Em r\u00eaz li s\u00eenor \u00fb serweriya hem\u00fb c\u00eeran\u00ean xwe digrin! - Darka Maz\u00ee\",\"isPartOf\":{\"@id\":\"https:\\\/\\\/darkamazi.info\\\/#website\"},\"primaryImageOfPage\":{\"@id\":\"https:\\\/\\\/darkamazi.info\\\/archives\\\/1021481#primaryimage\"},\"image\":{\"@id\":\"https:\\\/\\\/darkamazi.info\\\/archives\\\/1021481#primaryimage\"},\"thumbnailUrl\":\"https:\\\/\\\/darkamazi.info\\\/darka-content\\\/uploads\\\/2021\\\/05\\\/akar-hulusi-2.jpg\",\"datePublished\":\"2021-05-05T09:28:11+00:00\",\"breadcrumb\":{\"@id\":\"https:\\\/\\\/darkamazi.info\\\/archives\\\/1021481#breadcrumb\"},\"inLanguage\":\"en-US\",\"potentialAction\":[{\"@type\":\"ReadAction\",\"target\":[\"https:\\\/\\\/darkamazi.info\\\/archives\\\/1021481\"]}]},{\"@type\":\"ImageObject\",\"inLanguage\":\"en-US\",\"@id\":\"https:\\\/\\\/darkamazi.info\\\/archives\\\/1021481#primaryimage\",\"url\":\"https:\\\/\\\/darkamazi.info\\\/darka-content\\\/uploads\\\/2021\\\/05\\\/akar-hulusi-2.jpg\",\"contentUrl\":\"https:\\\/\\\/darkamazi.info\\\/darka-content\\\/uploads\\\/2021\\\/05\\\/akar-hulusi-2.jpg\",\"width\":900,\"height\":497,\"caption\":\"Akar: Em r\u00eaz li s\u00eenor \u00fb serweriya hem\u00fb c\u00eeran\u00ea xwe digrin\"},{\"@type\":\"BreadcrumbList\",\"@id\":\"https:\\\/\\\/darkamazi.info\\\/archives\\\/1021481#breadcrumb\",\"itemListElement\":[{\"@type\":\"ListItem\",\"position\":1,\"name\":\"Home\",\"item\":\"https:\\\/\\\/darkamazi.info\\\/\"},{\"@type\":\"ListItem\",\"position\":2,\"name\":\"Akar: Em r\u00eaz li s\u00eenor \u00fb serweriya hem\u00fb c\u00eeran\u00ean xwe digrin!\"}]},{\"@type\":\"WebSite\",\"@id\":\"https:\\\/\\\/darkamazi.info\\\/#website\",\"url\":\"https:\\\/\\\/darkamazi.info\\\/\",\"name\":\"Darka Maz\u00ee\",\"description\":\"P\u00eageha Zanyariy\u00ean Nebih\u00eest\u00ee\",\"publisher\":{\"@id\":\"https:\\\/\\\/darkamazi.info\\\/#organization\"},\"potentialAction\":[{\"@type\":\"SearchAction\",\"target\":{\"@type\":\"EntryPoint\",\"urlTemplate\":\"https:\\\/\\\/darkamazi.info\\\/?s={search_term_string}\"},\"query-input\":{\"@type\":\"PropertyValueSpecification\",\"valueRequired\":true,\"valueName\":\"search_term_string\"}}],\"inLanguage\":\"en-US\"},{\"@type\":\"Organization\",\"@id\":\"https:\\\/\\\/darkamazi.info\\\/#organization\",\"name\":\"Darka Maz\u00ee\",\"url\":\"https:\\\/\\\/darkamazi.info\\\/\",\"logo\":{\"@type\":\"ImageObject\",\"inLanguage\":\"en-US\",\"@id\":\"https:\\\/\\\/darkamazi.info\\\/#\\\/schema\\\/logo\\\/image\\\/\",\"url\":\"https:\\\/\\\/darkamazi.info\\\/darka-content\\\/uploads\\\/2017\\\/12\\\/darka-mazi-logo.png\",\"contentUrl\":\"https:\\\/\\\/darkamazi.info\\\/darka-content\\\/uploads\\\/2017\\\/12\\\/darka-mazi-logo.png\",\"width\":151,\"height\":75,\"caption\":\"Darka Maz\u00ee\"},\"image\":{\"@id\":\"https:\\\/\\\/darkamazi.info\\\/#\\\/schema\\\/logo\\\/image\\\/\"},\"sameAs\":[\"https:\\\/\\\/www.facebook.com\\\/DarMaziKurmanci\",\"https:\\\/\\\/x.com\\\/DarkaMaziLatini\",\"https:\\\/\\\/www.instagram.com\\\/darkamazi.kurmanci\\\/\",\"https:\\\/\\\/www.youtube.com\\\/channel\\\/UCa5HkTdmI8U1qCUFuTw8B2g\"]},{\"@type\":\"Person\",\"@id\":\"https:\\\/\\\/darkamazi.info\\\/#\\\/schema\\\/person\\\/5ad3e24553a0567993fa8ed4bd0a776c\",\"name\":\"darka mazi\",\"sameAs\":[\"https:\\\/\\\/darkamazi.info\\\/\"],\"url\":\"https:\\\/\\\/darkamazi.info\\\/archives\\\/author\\\/kurdi\"}]}<\/script>\n<!-- \/ Yoast SEO plugin. -->","seo_head_json":{"title":"Akar: Em r\u00eaz li s\u00eenor \u00fb serweriya hem\u00fb c\u00eeran\u00ean xwe digrin! - Darka Maz\u00ee","robots":{"index":"index","follow":"follow","max-snippet":"max-snippet:-1","max-image-preview":"max-image-preview:large","max-video-preview":"max-video-preview:-1"},"canonical":"https:\/\/darkamazi.info\/archives\/1021481","og_locale":"en_US","og_type":"article","og_title":"Akar: Em r\u00eaz li s\u00eenor \u00fb serweriya hem\u00fb c\u00eeran\u00ean xwe digrin! - Darka Maz\u00ee","og_description":"Wez\u00eer\u00ea Berevaniy\u00ea y\u00ea Tirkiy\u00ea da xuyakirin, ew r\u00eaz\u00ea li serweriya axa \u00ceraq\u00ea digirin \u00fb armanca operasyona li ser s\u00eenor\u00ea Ba\u015f\u00fbr\u00ea Kurdistan\u00ea ten\u00ea jinavbirina PKK\u00ea ye. Wez\u00eer\u00ea Berevaniy\u00ea y\u00ea Tirkiy\u00ea Hulus\u00ee Akar got: Em r\u00eaz li s\u00eenor \u00fb serweriya hem\u00fb c\u00eeran\u00ea xwe digrin di ser\u00ee de y\u00ea \u00ceraq\u00ea. Li bakur\u00ea \u00ceraq\u00ea j\u00ee, li bakur\u00ea S\u00fbriy\u00ea j\u00ee [&hellip;]","og_url":"https:\/\/darkamazi.info\/archives\/1021481","og_site_name":"Darka Maz\u00ee","article_publisher":"https:\/\/www.facebook.com\/DarMaziKurmanci","article_published_time":"2021-05-05T09:28:11+00:00","og_image":[{"width":900,"height":497,"url":"https:\/\/darkamazi.info\/file\/2021\/05\/akar-hulusi-2.jpg","type":"image\/jpeg"}],"author":"darka mazi","twitter_card":"summary_large_image","twitter_creator":"@DarkaMaziLatini","twitter_site":"@DarkaMaziLatini","twitter_misc":{"Written by":"darka mazi","Est. reading time":"1 minute"},"schema":{"@context":"https:\/\/schema.org","@graph":[{"@type":"Article","@id":"https:\/\/darkamazi.info\/archives\/1021481#article","isPartOf":{"@id":"https:\/\/darkamazi.info\/archives\/1021481"},"author":{"name":"darka mazi","@id":"https:\/\/darkamazi.info\/#\/schema\/person\/5ad3e24553a0567993fa8ed4bd0a776c"},"headline":"Akar: Em r\u00eaz li s\u00eenor \u00fb serweriya hem\u00fb c\u00eeran\u00ean xwe digrin!","datePublished":"2021-05-05T09:28:11+00:00","mainEntityOfPage":{"@id":"https:\/\/darkamazi.info\/archives\/1021481"},"wordCount":209,"publisher":{"@id":"https:\/\/darkamazi.info\/#organization"},"image":{"@id":"https:\/\/darkamazi.info\/archives\/1021481#primaryimage"},"thumbnailUrl":"https:\/\/darkamazi.info\/file\/2021\/05\/akar-hulusi-2.jpg","keywords":["sereke"],"articleSection":["Rojhelata nav\u00een"],"inLanguage":"en-US"},{"@type":"WebPage","@id":"https:\/\/darkamazi.info\/archives\/1021481","url":"https:\/\/darkamazi.info\/archives\/1021481","name":"Akar: Em r\u00eaz li s\u00eenor \u00fb serweriya hem\u00fb c\u00eeran\u00ean xwe digrin! - Darka Maz\u00ee","isPartOf":{"@id":"https:\/\/darkamazi.info\/#website"},"primaryImageOfPage":{"@id":"https:\/\/darkamazi.info\/archives\/1021481#primaryimage"},"image":{"@id":"https:\/\/darkamazi.info\/archives\/1021481#primaryimage"},"thumbnailUrl":"https:\/\/darkamazi.info\/file\/2021\/05\/akar-hulusi-2.jpg","datePublished":"2021-05-05T09:28:11+00:00","breadcrumb":{"@id":"https:\/\/darkamazi.info\/archives\/1021481#breadcrumb"},"inLanguage":"en-US","potentialAction":[{"@type":"ReadAction","target":["https:\/\/darkamazi.info\/archives\/1021481"]}]},{"@type":"ImageObject","inLanguage":"en-US","@id":"https:\/\/darkamazi.info\/archives\/1021481#primaryimage","url":"https:\/\/darkamazi.info\/file\/2021\/05\/akar-hulusi-2.jpg","contentUrl":"https:\/\/darkamazi.info\/file\/2021\/05\/akar-hulusi-2.jpg","width":900,"height":497,"caption":"Akar: Em r\u00eaz li s\u00eenor \u00fb serweriya hem\u00fb c\u00eeran\u00ea xwe digrin"},{"@type":"BreadcrumbList","@id":"https:\/\/darkamazi.info\/archives\/1021481#breadcrumb","itemListElement":[{"@type":"ListItem","position":1,"name":"Home","item":"https:\/\/darkamazi.info\/"},{"@type":"ListItem","position":2,"name":"Akar: Em r\u00eaz li s\u00eenor \u00fb serweriya hem\u00fb c\u00eeran\u00ean xwe digrin!"}]},{"@type":"WebSite","@id":"https:\/\/darkamazi.info\/#website","url":"https:\/\/darkamazi.info\/","name":"Darka Maz\u00ee","description":"P\u00eageha Zanyariy\u00ean Nebih\u00eest\u00ee","publisher":{"@id":"https:\/\/darkamazi.info\/#organization"},"potentialAction":[{"@type":"SearchAction","target":{"@type":"EntryPoint","urlTemplate":"https:\/\/darkamazi.info\/?s={search_term_string}"},"query-input":{"@type":"PropertyValueSpecification","valueRequired":true,"valueName":"search_term_string"}}],"inLanguage":"en-US"},{"@type":"Organization","@id":"https:\/\/darkamazi.info\/#organization","name":"Darka Maz\u00ee","url":"https:\/\/darkamazi.info\/","logo":{"@type":"ImageObject","inLanguage":"en-US","@id":"https:\/\/darkamazi.info\/#\/schema\/logo\/image\/","url":"https:\/\/darkamazi.info\/file\/2017\/12\/darka-mazi-logo.png","contentUrl":"https:\/\/darkamazi.info\/file\/2017\/12\/darka-mazi-logo.png","width":151,"height":75,"caption":"Darka Maz\u00ee"},"image":{"@id":"https:\/\/darkamazi.info\/#\/schema\/logo\/image\/"},"sameAs":["https:\/\/www.facebook.com\/DarMaziKurmanci","https:\/\/x.com\/DarkaMaziLatini","https:\/\/www.instagram.com\/darkamazi.kurmanci\/","https:\/\/www.youtube.com\/channel\/UCa5HkTdmI8U1qCUFuTw8B2g"]},{"@type":"Person","@id":"https:\/\/darkamazi.info\/#\/schema\/person\/5ad3e24553a0567993fa8ed4bd0a776c","name":"darka mazi","sameAs":["https:\/\/darkamazi.info\/"],"url":"https:\/\/darkamazi.info\/archives\/author\/kurdi"}]}},"_links":{"self":[{"href":"https:\/\/darkamazi.info\/funavuv\/wp\/v2\/posts\/1021481","targetHints":{"allow":["GET"]}}],"collection":[{"href":"https:\/\/darkamazi.info\/funavuv\/wp\/v2\/posts"}],"about":[{"href":"https:\/\/darkamazi.info\/funavuv\/wp\/v2\/types\/post"}],"author":[{"embeddable":true,"href":"https:\/\/darkamazi.info\/funavuv\/wp\/v2\/users\/2"}],"replies":[{"embeddable":true,"href":"https:\/\/darkamazi.info\/funavuv\/wp\/v2\/comments?post=1021481"}],"version-history":[{"count":0,"href":"https:\/\/darkamazi.info\/funavuv\/wp\/v2\/posts\/1021481\/revisions"}],"wp:featuredmedia":[{"embeddable":true,"href":"https:\/\/darkamazi.info\/funavuv\/wp\/v2\/media\/1021483"}],"wp:attachment":[{"href":"https:\/\/darkamazi.info\/funavuv\/wp\/v2\/media?parent=1021481"}],"wp:term":[{"taxonomy":"category","embeddable":true,"href":"https:\/\/darkamazi.info\/funavuv\/wp\/v2\/categories?post=1021481"},{"taxonomy":"post_tag","embeddable":true,"href":"https:\/\/darkamazi.info\/funavuv\/wp\/v2\/tags?post=1021481"}],"curies":[{"name":"wp","href":"https:\/\/api.w.org\/{rel}","templated":true}]}}