{"id":1021515,"date":"2021-05-06T20:26:00","date_gmt":"2021-05-06T17:26:00","guid":{"rendered":"https:\/\/darkamazi.info\/?p=1021515"},"modified":"2021-09-11T13:18:15","modified_gmt":"2021-09-11T10:18:15","slug":"berpirseki-rejema-irane-li-sistanubelucistan-te-kustin","status":"publish","type":"post","link":"https:\/\/darkamazi.info\/archives\/1021515","title":{"rendered":"Berpirsek\u00ee rej\u00eama \u00ceran\u00ea li S\u00eestan\u00fbbel\u00fb\u00e7istan t\u00ea ku\u015ftin"},"content":{"rendered":"<h3 style=\"text-align: justify;\"><span style=\"font-family: 'arial black', sans-serif;\">Gel\u00ea Bel\u00fb\u00e7 li S\u00eestan\u00fbbel\u00fbcistan bi sedema w\u00ea zulm \u00fb zora li wan t\u00ea kirin li dij\u00ee rej\u00eama \u00ceran\u00ea dest daye \u00e7ek.<\/span><\/h3>\n<h3 style=\"text-align: justify;\">Yek ji berpirs\u00ean pol\u00ees\u00ean rej\u00eama \u00ceran\u00ea li par\u00eazgeha S\u00eestan\u00fbBel\u00fbcistan a v\u00ee wilat\u00ee ji h\u00eala kes\u00ean nenaskir\u00ee ve t\u00ea ku\u015ftin.<\/h3>\n<h3 style=\"text-align: justify;\">Roja \u00e7ar\u015fem\u00ee 5\/5\/2021an &#8220;Mehd\u00ee \u015eehrek\u00ee&#8221; yek ji berpis\u00ean posl\u00ees\u00ean rej\u00eama \u00ceran\u00ea li par\u00eazgeha S\u00eestan \u00fb Bel\u00fb\u00e7istan ji h\u00eala kes\u00ean ne naskir\u00ee ve t\u00ea hedef kirin \u00fb pi\u015ftra t\u00ea ku\u015ftin.<\/h3>\n<h3 style=\"text-align: justify;\">Ehmed Tahir\u00ee, fermandar\u00ea h\u00eaz\u00ean pol\u00ees\u00ean S\u00eestan\u00fbbel\u00fb\u00e7istan di v\u00ea derbar\u00ea de ragihand, &#8220;Navb\u00fbr\u00ee ji boy encam day\u00eena erkek\u00ee \u00e7\u00fbb\u00fb dervey bajar \u00fb di r\u00ea de teqe li w\u00ee hatiye kirin \u00fb ew hatiye ku\u015ftin, heya niha nay\u00ea h\u00een b\u00fbn k\u00ea ew ku\u015ftiye.&#8221;<\/h3>\n","protected":false},"excerpt":{"rendered":"<p>Gel\u00ea Bel\u00fb\u00e7 li S\u00eestan\u00fbbel\u00fbcistan bi sedema w\u00ea zulm \u00fb zora li wan t\u00ea kirin li dij\u00ee rej\u00eama \u00ceran\u00ea dest daye \u00e7ek. Yek ji berpirs\u00ean pol\u00ees\u00ean rej\u00eama \u00ceran\u00ea li par\u00eazgeha S\u00eestan\u00fbBel\u00fbcistan a v\u00ee wilat\u00ee ji h\u00eala kes\u00ean nenaskir\u00ee ve t\u00ea ku\u015ftin. Roja \u00e7ar\u015fem\u00ee 5\/5\/2021an &#8220;Mehd\u00ee \u015eehrek\u00ee&#8221; yek ji berpis\u00ean posl\u00ees\u00ean rej\u00eama \u00ceran\u00ea li par\u00eazgeha S\u00eestan \u00fb [&hellip;]<\/p>\n","protected":false},"author":2,"featured_media":1021516,"comment_status":"closed","ping_status":"closed","sticky":false,"template":"","format":"standard","meta":{"footnotes":""},"categories":[31],"tags":[37],"class_list":["post-1021515","post","type-post","status-publish","format-standard","has-post-thumbnail","hentry","category-rojhelata-navin","tag-sereke"],"blocksy_meta":[],"seo_head":"<!-- This site is optimized with the Yoast SEO plugin v27.5 - https:\/\/yoast.com\/product\/yoast-seo-wordpress\/ -->\n<title>Berpirsek\u00ee rej\u00eama \u00ceran\u00ea li S\u00eestan\u00fbbel\u00fb\u00e7istan t\u00ea ku\u015ftin - Darka Maz\u00ee<\/title>\n<meta name=\"robots\" content=\"index, follow, max-snippet:-1, max-image-preview:large, max-video-preview:-1\" \/>\n<link rel=\"canonical\" href=\"https:\/\/darkamazi.info\/archives\/1021515\" \/>\n<meta property=\"og:locale\" content=\"en_US\" \/>\n<meta property=\"og:type\" content=\"article\" \/>\n<meta property=\"og:title\" content=\"Berpirsek\u00ee rej\u00eama \u00ceran\u00ea li S\u00eestan\u00fbbel\u00fb\u00e7istan t\u00ea ku\u015ftin - Darka Maz\u00ee\" \/>\n<meta property=\"og:description\" content=\"Gel\u00ea Bel\u00fb\u00e7 li S\u00eestan\u00fbbel\u00fbcistan bi sedema w\u00ea zulm \u00fb zora li wan t\u00ea kirin li dij\u00ee rej\u00eama \u00ceran\u00ea dest daye \u00e7ek. Yek ji berpirs\u00ean pol\u00ees\u00ean rej\u00eama \u00ceran\u00ea li par\u00eazgeha S\u00eestan\u00fbBel\u00fbcistan a v\u00ee wilat\u00ee ji h\u00eala kes\u00ean nenaskir\u00ee ve t\u00ea ku\u015ftin. Roja \u00e7ar\u015fem\u00ee 5\/5\/2021an &#8220;Mehd\u00ee \u015eehrek\u00ee&#8221; yek ji berpis\u00ean posl\u00ees\u00ean rej\u00eama \u00ceran\u00ea li par\u00eazgeha S\u00eestan \u00fb [&hellip;]\" \/>\n<meta property=\"og:url\" content=\"https:\/\/darkamazi.info\/archives\/1021515\" \/>\n<meta property=\"og:site_name\" content=\"Darka Maz\u00ee\" \/>\n<meta property=\"article:publisher\" content=\"https:\/\/www.facebook.com\/DarMaziKurmanci\" \/>\n<meta property=\"article:published_time\" content=\"2021-05-06T17:26:00+00:00\" \/>\n<meta property=\"article:modified_time\" content=\"2021-09-11T10:18:15+00:00\" \/>\n<meta property=\"og:image\" content=\"https:\/\/darkamazi.info\/file\/2021\/05\/iran-sistanubelocistan.jpg\" \/>\n\t<meta property=\"og:image:width\" content=\"800\" \/>\n\t<meta property=\"og:image:height\" content=\"557\" \/>\n\t<meta property=\"og:image:type\" content=\"image\/jpeg\" \/>\n<meta name=\"author\" content=\"darka mazi\" \/>\n<meta name=\"twitter:card\" content=\"summary_large_image\" \/>\n<meta name=\"twitter:creator\" content=\"@DarkaMaziLatini\" \/>\n<meta name=\"twitter:site\" content=\"@DarkaMaziLatini\" \/>\n<meta name=\"twitter:label1\" content=\"Written by\" \/>\n\t<meta name=\"twitter:data1\" content=\"darka mazi\" \/>\n\t<meta name=\"twitter:label2\" content=\"Est. reading time\" \/>\n\t<meta name=\"twitter:data2\" content=\"1 minute\" \/>\n<script type=\"application\/ld+json\" class=\"seo-schema-graph\">{\"@context\":\"https:\\\/\\\/schema.org\",\"@graph\":[{\"@type\":\"Article\",\"@id\":\"https:\\\/\\\/darkamazi.info\\\/archives\\\/1021515#article\",\"isPartOf\":{\"@id\":\"https:\\\/\\\/darkamazi.info\\\/archives\\\/1021515\"},\"author\":{\"name\":\"darka mazi\",\"@id\":\"https:\\\/\\\/darkamazi.info\\\/#\\\/schema\\\/person\\\/5ad3e24553a0567993fa8ed4bd0a776c\"},\"headline\":\"Berpirsek\u00ee rej\u00eama \u00ceran\u00ea li S\u00eestan\u00fbbel\u00fb\u00e7istan t\u00ea ku\u015ftin\",\"datePublished\":\"2021-05-06T17:26:00+00:00\",\"dateModified\":\"2021-09-11T10:18:15+00:00\",\"mainEntityOfPage\":{\"@id\":\"https:\\\/\\\/darkamazi.info\\\/archives\\\/1021515\"},\"wordCount\":157,\"publisher\":{\"@id\":\"https:\\\/\\\/darkamazi.info\\\/#organization\"},\"image\":{\"@id\":\"https:\\\/\\\/darkamazi.info\\\/archives\\\/1021515#primaryimage\"},\"thumbnailUrl\":\"https:\\\/\\\/darkamazi.info\\\/darka-content\\\/uploads\\\/2021\\\/05\\\/iran-sistanubelocistan.jpg\",\"keywords\":[\"sereke\"],\"articleSection\":[\"Rojhelata nav\u00een\"],\"inLanguage\":\"en-US\"},{\"@type\":\"WebPage\",\"@id\":\"https:\\\/\\\/darkamazi.info\\\/archives\\\/1021515\",\"url\":\"https:\\\/\\\/darkamazi.info\\\/archives\\\/1021515\",\"name\":\"Berpirsek\u00ee rej\u00eama \u00ceran\u00ea li S\u00eestan\u00fbbel\u00fb\u00e7istan t\u00ea ku\u015ftin - Darka Maz\u00ee\",\"isPartOf\":{\"@id\":\"https:\\\/\\\/darkamazi.info\\\/#website\"},\"primaryImageOfPage\":{\"@id\":\"https:\\\/\\\/darkamazi.info\\\/archives\\\/1021515#primaryimage\"},\"image\":{\"@id\":\"https:\\\/\\\/darkamazi.info\\\/archives\\\/1021515#primaryimage\"},\"thumbnailUrl\":\"https:\\\/\\\/darkamazi.info\\\/darka-content\\\/uploads\\\/2021\\\/05\\\/iran-sistanubelocistan.jpg\",\"datePublished\":\"2021-05-06T17:26:00+00:00\",\"dateModified\":\"2021-09-11T10:18:15+00:00\",\"breadcrumb\":{\"@id\":\"https:\\\/\\\/darkamazi.info\\\/archives\\\/1021515#breadcrumb\"},\"inLanguage\":\"en-US\",\"potentialAction\":[{\"@type\":\"ReadAction\",\"target\":[\"https:\\\/\\\/darkamazi.info\\\/archives\\\/1021515\"]}]},{\"@type\":\"ImageObject\",\"inLanguage\":\"en-US\",\"@id\":\"https:\\\/\\\/darkamazi.info\\\/archives\\\/1021515#primaryimage\",\"url\":\"https:\\\/\\\/darkamazi.info\\\/darka-content\\\/uploads\\\/2021\\\/05\\\/iran-sistanubelocistan.jpg\",\"contentUrl\":\"https:\\\/\\\/darkamazi.info\\\/darka-content\\\/uploads\\\/2021\\\/05\\\/iran-sistanubelocistan.jpg\",\"width\":800,\"height\":557,\"caption\":\"Berpirsek\u00ee rej\u00eama \u00ceran\u00ea li S\u00eestan\u00fbbel\u00fb\u00e7istan t\u00ea ku\u015ftin\"},{\"@type\":\"BreadcrumbList\",\"@id\":\"https:\\\/\\\/darkamazi.info\\\/archives\\\/1021515#breadcrumb\",\"itemListElement\":[{\"@type\":\"ListItem\",\"position\":1,\"name\":\"Home\",\"item\":\"https:\\\/\\\/darkamazi.info\\\/\"},{\"@type\":\"ListItem\",\"position\":2,\"name\":\"Berpirsek\u00ee rej\u00eama \u00ceran\u00ea li S\u00eestan\u00fbbel\u00fb\u00e7istan t\u00ea ku\u015ftin\"}]},{\"@type\":\"WebSite\",\"@id\":\"https:\\\/\\\/darkamazi.info\\\/#website\",\"url\":\"https:\\\/\\\/darkamazi.info\\\/\",\"name\":\"Darka Maz\u00ee\",\"description\":\"P\u00eageha Zanyariy\u00ean Nebih\u00eest\u00ee\",\"publisher\":{\"@id\":\"https:\\\/\\\/darkamazi.info\\\/#organization\"},\"potentialAction\":[{\"@type\":\"SearchAction\",\"target\":{\"@type\":\"EntryPoint\",\"urlTemplate\":\"https:\\\/\\\/darkamazi.info\\\/?s={search_term_string}\"},\"query-input\":{\"@type\":\"PropertyValueSpecification\",\"valueRequired\":true,\"valueName\":\"search_term_string\"}}],\"inLanguage\":\"en-US\"},{\"@type\":\"Organization\",\"@id\":\"https:\\\/\\\/darkamazi.info\\\/#organization\",\"name\":\"Darka Maz\u00ee\",\"url\":\"https:\\\/\\\/darkamazi.info\\\/\",\"logo\":{\"@type\":\"ImageObject\",\"inLanguage\":\"en-US\",\"@id\":\"https:\\\/\\\/darkamazi.info\\\/#\\\/schema\\\/logo\\\/image\\\/\",\"url\":\"https:\\\/\\\/darkamazi.info\\\/darka-content\\\/uploads\\\/2017\\\/12\\\/darka-mazi-logo.png\",\"contentUrl\":\"https:\\\/\\\/darkamazi.info\\\/darka-content\\\/uploads\\\/2017\\\/12\\\/darka-mazi-logo.png\",\"width\":151,\"height\":75,\"caption\":\"Darka Maz\u00ee\"},\"image\":{\"@id\":\"https:\\\/\\\/darkamazi.info\\\/#\\\/schema\\\/logo\\\/image\\\/\"},\"sameAs\":[\"https:\\\/\\\/www.facebook.com\\\/DarMaziKurmanci\",\"https:\\\/\\\/x.com\\\/DarkaMaziLatini\",\"https:\\\/\\\/www.instagram.com\\\/darkamazi.kurmanci\\\/\",\"https:\\\/\\\/www.youtube.com\\\/channel\\\/UCa5HkTdmI8U1qCUFuTw8B2g\"]},{\"@type\":\"Person\",\"@id\":\"https:\\\/\\\/darkamazi.info\\\/#\\\/schema\\\/person\\\/5ad3e24553a0567993fa8ed4bd0a776c\",\"name\":\"darka mazi\",\"sameAs\":[\"https:\\\/\\\/darkamazi.info\\\/\"],\"url\":\"https:\\\/\\\/darkamazi.info\\\/archives\\\/author\\\/kurdi\"}]}<\/script>\n<!-- \/ Yoast SEO plugin. -->","seo_head_json":{"title":"Berpirsek\u00ee rej\u00eama \u00ceran\u00ea li S\u00eestan\u00fbbel\u00fb\u00e7istan t\u00ea ku\u015ftin - Darka Maz\u00ee","robots":{"index":"index","follow":"follow","max-snippet":"max-snippet:-1","max-image-preview":"max-image-preview:large","max-video-preview":"max-video-preview:-1"},"canonical":"https:\/\/darkamazi.info\/archives\/1021515","og_locale":"en_US","og_type":"article","og_title":"Berpirsek\u00ee rej\u00eama \u00ceran\u00ea li S\u00eestan\u00fbbel\u00fb\u00e7istan t\u00ea ku\u015ftin - Darka Maz\u00ee","og_description":"Gel\u00ea Bel\u00fb\u00e7 li S\u00eestan\u00fbbel\u00fbcistan bi sedema w\u00ea zulm \u00fb zora li wan t\u00ea kirin li dij\u00ee rej\u00eama \u00ceran\u00ea dest daye \u00e7ek. Yek ji berpirs\u00ean pol\u00ees\u00ean rej\u00eama \u00ceran\u00ea li par\u00eazgeha S\u00eestan\u00fbBel\u00fbcistan a v\u00ee wilat\u00ee ji h\u00eala kes\u00ean nenaskir\u00ee ve t\u00ea ku\u015ftin. Roja \u00e7ar\u015fem\u00ee 5\/5\/2021an &#8220;Mehd\u00ee \u015eehrek\u00ee&#8221; yek ji berpis\u00ean posl\u00ees\u00ean rej\u00eama \u00ceran\u00ea li par\u00eazgeha S\u00eestan \u00fb [&hellip;]","og_url":"https:\/\/darkamazi.info\/archives\/1021515","og_site_name":"Darka Maz\u00ee","article_publisher":"https:\/\/www.facebook.com\/DarMaziKurmanci","article_published_time":"2021-05-06T17:26:00+00:00","article_modified_time":"2021-09-11T10:18:15+00:00","og_image":[{"width":800,"height":557,"url":"https:\/\/darkamazi.info\/file\/2021\/05\/iran-sistanubelocistan.jpg","type":"image\/jpeg"}],"author":"darka mazi","twitter_card":"summary_large_image","twitter_creator":"@DarkaMaziLatini","twitter_site":"@DarkaMaziLatini","twitter_misc":{"Written by":"darka mazi","Est. reading time":"1 minute"},"schema":{"@context":"https:\/\/schema.org","@graph":[{"@type":"Article","@id":"https:\/\/darkamazi.info\/archives\/1021515#article","isPartOf":{"@id":"https:\/\/darkamazi.info\/archives\/1021515"},"author":{"name":"darka mazi","@id":"https:\/\/darkamazi.info\/#\/schema\/person\/5ad3e24553a0567993fa8ed4bd0a776c"},"headline":"Berpirsek\u00ee rej\u00eama \u00ceran\u00ea li S\u00eestan\u00fbbel\u00fb\u00e7istan t\u00ea ku\u015ftin","datePublished":"2021-05-06T17:26:00+00:00","dateModified":"2021-09-11T10:18:15+00:00","mainEntityOfPage":{"@id":"https:\/\/darkamazi.info\/archives\/1021515"},"wordCount":157,"publisher":{"@id":"https:\/\/darkamazi.info\/#organization"},"image":{"@id":"https:\/\/darkamazi.info\/archives\/1021515#primaryimage"},"thumbnailUrl":"https:\/\/darkamazi.info\/file\/2021\/05\/iran-sistanubelocistan.jpg","keywords":["sereke"],"articleSection":["Rojhelata nav\u00een"],"inLanguage":"en-US"},{"@type":"WebPage","@id":"https:\/\/darkamazi.info\/archives\/1021515","url":"https:\/\/darkamazi.info\/archives\/1021515","name":"Berpirsek\u00ee rej\u00eama \u00ceran\u00ea li S\u00eestan\u00fbbel\u00fb\u00e7istan t\u00ea ku\u015ftin - Darka Maz\u00ee","isPartOf":{"@id":"https:\/\/darkamazi.info\/#website"},"primaryImageOfPage":{"@id":"https:\/\/darkamazi.info\/archives\/1021515#primaryimage"},"image":{"@id":"https:\/\/darkamazi.info\/archives\/1021515#primaryimage"},"thumbnailUrl":"https:\/\/darkamazi.info\/file\/2021\/05\/iran-sistanubelocistan.jpg","datePublished":"2021-05-06T17:26:00+00:00","dateModified":"2021-09-11T10:18:15+00:00","breadcrumb":{"@id":"https:\/\/darkamazi.info\/archives\/1021515#breadcrumb"},"inLanguage":"en-US","potentialAction":[{"@type":"ReadAction","target":["https:\/\/darkamazi.info\/archives\/1021515"]}]},{"@type":"ImageObject","inLanguage":"en-US","@id":"https:\/\/darkamazi.info\/archives\/1021515#primaryimage","url":"https:\/\/darkamazi.info\/file\/2021\/05\/iran-sistanubelocistan.jpg","contentUrl":"https:\/\/darkamazi.info\/file\/2021\/05\/iran-sistanubelocistan.jpg","width":800,"height":557,"caption":"Berpirsek\u00ee rej\u00eama \u00ceran\u00ea li S\u00eestan\u00fbbel\u00fb\u00e7istan t\u00ea ku\u015ftin"},{"@type":"BreadcrumbList","@id":"https:\/\/darkamazi.info\/archives\/1021515#breadcrumb","itemListElement":[{"@type":"ListItem","position":1,"name":"Home","item":"https:\/\/darkamazi.info\/"},{"@type":"ListItem","position":2,"name":"Berpirsek\u00ee rej\u00eama \u00ceran\u00ea li S\u00eestan\u00fbbel\u00fb\u00e7istan t\u00ea ku\u015ftin"}]},{"@type":"WebSite","@id":"https:\/\/darkamazi.info\/#website","url":"https:\/\/darkamazi.info\/","name":"Darka Maz\u00ee","description":"P\u00eageha Zanyariy\u00ean Nebih\u00eest\u00ee","publisher":{"@id":"https:\/\/darkamazi.info\/#organization"},"potentialAction":[{"@type":"SearchAction","target":{"@type":"EntryPoint","urlTemplate":"https:\/\/darkamazi.info\/?s={search_term_string}"},"query-input":{"@type":"PropertyValueSpecification","valueRequired":true,"valueName":"search_term_string"}}],"inLanguage":"en-US"},{"@type":"Organization","@id":"https:\/\/darkamazi.info\/#organization","name":"Darka Maz\u00ee","url":"https:\/\/darkamazi.info\/","logo":{"@type":"ImageObject","inLanguage":"en-US","@id":"https:\/\/darkamazi.info\/#\/schema\/logo\/image\/","url":"https:\/\/darkamazi.info\/file\/2017\/12\/darka-mazi-logo.png","contentUrl":"https:\/\/darkamazi.info\/file\/2017\/12\/darka-mazi-logo.png","width":151,"height":75,"caption":"Darka Maz\u00ee"},"image":{"@id":"https:\/\/darkamazi.info\/#\/schema\/logo\/image\/"},"sameAs":["https:\/\/www.facebook.com\/DarMaziKurmanci","https:\/\/x.com\/DarkaMaziLatini","https:\/\/www.instagram.com\/darkamazi.kurmanci\/","https:\/\/www.youtube.com\/channel\/UCa5HkTdmI8U1qCUFuTw8B2g"]},{"@type":"Person","@id":"https:\/\/darkamazi.info\/#\/schema\/person\/5ad3e24553a0567993fa8ed4bd0a776c","name":"darka mazi","sameAs":["https:\/\/darkamazi.info\/"],"url":"https:\/\/darkamazi.info\/archives\/author\/kurdi"}]}},"_links":{"self":[{"href":"https:\/\/darkamazi.info\/funavuv\/wp\/v2\/posts\/1021515","targetHints":{"allow":["GET"]}}],"collection":[{"href":"https:\/\/darkamazi.info\/funavuv\/wp\/v2\/posts"}],"about":[{"href":"https:\/\/darkamazi.info\/funavuv\/wp\/v2\/types\/post"}],"author":[{"embeddable":true,"href":"https:\/\/darkamazi.info\/funavuv\/wp\/v2\/users\/2"}],"replies":[{"embeddable":true,"href":"https:\/\/darkamazi.info\/funavuv\/wp\/v2\/comments?post=1021515"}],"version-history":[{"count":0,"href":"https:\/\/darkamazi.info\/funavuv\/wp\/v2\/posts\/1021515\/revisions"}],"wp:featuredmedia":[{"embeddable":true,"href":"https:\/\/darkamazi.info\/funavuv\/wp\/v2\/media\/1021516"}],"wp:attachment":[{"href":"https:\/\/darkamazi.info\/funavuv\/wp\/v2\/media?parent=1021515"}],"wp:term":[{"taxonomy":"category","embeddable":true,"href":"https:\/\/darkamazi.info\/funavuv\/wp\/v2\/categories?post=1021515"},{"taxonomy":"post_tag","embeddable":true,"href":"https:\/\/darkamazi.info\/funavuv\/wp\/v2\/tags?post=1021515"}],"curies":[{"name":"wp","href":"https:\/\/api.w.org\/{rel}","templated":true}]}}