{"id":1021530,"date":"2021-05-08T16:23:21","date_gmt":"2021-05-08T13:23:21","guid":{"rendered":"https:\/\/darkamazi.info\/?p=1021530"},"modified":"2021-09-11T13:17:32","modified_gmt":"2021-09-11T10:17:32","slug":"navenda-hevkariya-partiyen-rojhilate-kurdistane-hilbijartinen-serokomariya-irane-baykot-dikin","status":"publish","type":"post","link":"https:\/\/darkamazi.info\/archives\/1021530","title":{"rendered":"Navenda hevkariya Partiy\u00ean Rojhilat\u00ea Kurdistan\u00ea hilbijartin\u00ean Serokomariya \u00ceran\u00ea baykot dikin"},"content":{"rendered":"<h3 style=\"text-align: justify;\"><span style=\"font-family: 'arial black', sans-serif;\">&#8220;Bi baykot kirina hilbijartin\u00ean v\u00ea car\u00ea y\u00ean Serokomariya rej\u00eama \u00eeslam\u00ee, bi tevah\u00ee p\u00fb\u00e7b\u00fbna rij\u00eam\u00ea ji hem\u00fb c\u00eehan\u00ea re e\u015fkere bik\u00een.&#8221;<\/span><\/h3>\n<h3 style=\"text-align: justify;\">Navenda Hevkariya Partiy\u00ean Rojhilat\u00ea Kurdistan\u00ea di ragihandina xwe a jimare &#8220;1&#8221; de, hilbijartin\u00ean Serokomariya \u00ceran\u00ea baykot dikin \u00fb bang li gel\u00ea Rojhilat\u00ea Kurdistan\u00ea dikin bila navend\u00ean dengday\u00een\u00ea li kurdistan\u00ea li hem\u00fb navend\u00ean din \u00ean \u00ceran\u00ea \u00e7oltir bin.&#8221;<\/h3>\n<h3 style=\"text-align: justify;\">Di be\u015fek\u00ee ragihandin\u00ea de hatiye: komara \u00eeslam\u00ee ya \u00ceran\u00ea di meha Xiz\u00eerana \u00eesal de w\u00ea careke din \u015fanoya bi nav hilbijartin\u00ean xwe bi r\u00eave bibe. Ev di demek\u00ee de ye ku rew\u015fa ab\u00fbr\u00ee, siyas\u00ee \u00fb civak\u00ee ya \u00ceran\u00ea di xerabtir\u00een rew\u015f deye di d\u00eeroka qir\u00eaj a komara \u00eeslam\u00ee de. R\u00eavebirina xerab \u00fb neberpirsane ya ab\u00fbra wilat, gendeliya b\u00ea radeya berpirs\u00ean v\u00ea rij\u00eam\u00ea \u00fb dorp\u00ea\u00e7\u00ean ab\u00fbr\u00ee, \u00eeran\u00ee di bin desthilata komara \u00eeslam\u00ee de aniye ser l\u00eava jinav\u00e7\u00fbn\u00ea.<\/h3>\n<h3 style=\"text-align: justify;\">Di v\u00ea ragihandin\u00ea de r\u00fb bi gel\u00ea Rojhilat\u00ea Kurdistan\u00ea hatiye: &#8220;asta neraz\u00eeb\u00fbna gel her ku di\u00e7e ber bi z\u00eadeb\u00fbn\u00ea di\u00e7e \u00fb gel bi tevah\u00ee ji v\u00ea rij\u00eam\u00ea b\u00ea h\u00eav\u00ee b\u00fbne \u00fb ev neraz\u00eeb\u00fbna gel \u00ead\u00ee ne bi ten\u00ea taybetmendiya netewey\u00ean bin dest\u00ea \u00ceran\u00ea ne, belku hem\u00fb tex\u00ean civak\u00ean \u00ceran\u00ea bi xwe ve girtine.&#8221;<\/h3>\n<h3 style=\"text-align: justify;\">Diyare rew\u015fa Kurdistan\u00ea heya astek\u00ee ber bi \u00e7av xiraptire ji hem\u00fb be\u015f\u00ean din \u00ean \u00ceran\u00ea. Gel\u00ea kurd ji bil\u00ee giva\u015fa ab\u00fbr\u00ee ya ku bi ser wan de hatye ferizkirin, di hem\u00fb war\u00ean din de j\u00ee her di bin giva\u015f\u00ea de ne.<\/h3>\n<h3 style=\"text-align: justify;\">Di be\u015feke din a ragihandina Navenda Hevkariya Partiy\u00ean Kurdistana \u00ceran\u00ea de hatye tekez kirin ku pa\u015f helsengandina rew\u015fa niha ya \u00ceran\u00ea \u00fb nav\u00e7ey\u00ea bi v\u00ea encam\u00ea gih\u00ee\u015ftin ku be\u015fdar b\u00fbna gel di v\u00ea hilbijartin\u00ea de her weke car\u00ean ber\u00ea ti destkeftek ji boy gel nabe \u00fb bi ten\u00ea dibe am\u00fbrek piropagindey\u00ea ji boy komara \u00eeslam\u00ee bo n\u00ee\u015fandana v\u00ea yek\u00ea ku di nava gel\u00ean \u00ceran\u00ea de rewat\u00ee heye. Ji aliyek\u00ea din be\u015fdar b\u00fbna gel di v\u00ea hilbijartin\u00ea de w\u00ea bibe al\u00eekar \u00fb hinceta bin destiya z\u00eadetir, \u00ee\u015fkenceya z\u00eadetir \u00fb bidarvekirin \u00ean z\u00eadetir ji ber\u00ea \u00fb w\u00ea bibe muhra er\u00ea kirina kar\u00ean komara \u00eeslam\u00ee.<\/h3>\n<h3 style=\"text-align: justify;\">Di dawy\u00ea de Navenda Hevkariya Partiy\u00ean Rojhilat\u00ea Kurdistan\u00ea bang li gel\u00ean azad\u00eexwaz \u00ean \u00ceran\u00ea bi gi\u015ft\u00ee \u00fb bi taybet\u00ee Rojhilat\u00ea Kurdistan\u00ea dike ku hilbijartin\u00ean serokomar\u00ee civat\u00ean bajar \u00fb gundan baykot bikin \u00fb bi be\u015fdar\u00ee nekirina xwe \u00fb \u00e7ol ragirtina navend\u00ean dengday\u00een\u00ea, v\u00ea hilbijartin\u00ea bikin referandoma &#8220;na&#8221; ji boy komara \u00eeslam\u00ee \u00fb hem\u00fb c\u00eenayet \u00fb gendeliy\u00ean w\u00ea.<\/h3>\n<h3 style=\"text-align: justify;\"><\/h3>\n","protected":false},"excerpt":{"rendered":"<p>&#8220;Bi baykot kirina hilbijartin\u00ean v\u00ea car\u00ea y\u00ean Serokomariya rej\u00eama \u00eeslam\u00ee, bi tevah\u00ee p\u00fb\u00e7b\u00fbna rij\u00eam\u00ea ji hem\u00fb c\u00eehan\u00ea re e\u015fkere bik\u00een.&#8221; Navenda Hevkariya Partiy\u00ean Rojhilat\u00ea Kurdistan\u00ea di ragihandina xwe a jimare &#8220;1&#8221; de, hilbijartin\u00ean Serokomariya \u00ceran\u00ea baykot dikin \u00fb bang li gel\u00ea Rojhilat\u00ea Kurdistan\u00ea dikin bila navend\u00ean dengday\u00een\u00ea li kurdistan\u00ea li hem\u00fb navend\u00ean din \u00ean \u00ceran\u00ea [&hellip;]<\/p>\n","protected":false},"author":2,"featured_media":1021532,"comment_status":"closed","ping_status":"closed","sticky":false,"template":"","format":"standard","meta":{"footnotes":""},"categories":[29],"tags":[37],"class_list":["post-1021530","post","type-post","status-publish","format-standard","has-post-thumbnail","hentry","category-kurdistan","tag-sereke"],"blocksy_meta":[],"seo_head":"<!-- This site is optimized with the Yoast SEO plugin v27.5 - https:\/\/yoast.com\/product\/yoast-seo-wordpress\/ -->\n<title>Navenda hevkariya Partiy\u00ean Rojhilat\u00ea Kurdistan\u00ea hilbijartin\u00ean Serokomariya \u00ceran\u00ea baykot dikin - Darka Maz\u00ee<\/title>\n<meta name=\"robots\" content=\"index, follow, max-snippet:-1, max-image-preview:large, max-video-preview:-1\" \/>\n<link rel=\"canonical\" href=\"https:\/\/darkamazi.info\/archives\/1021530\" \/>\n<meta property=\"og:locale\" content=\"en_US\" \/>\n<meta property=\"og:type\" content=\"article\" \/>\n<meta property=\"og:title\" content=\"Navenda hevkariya Partiy\u00ean Rojhilat\u00ea Kurdistan\u00ea hilbijartin\u00ean Serokomariya \u00ceran\u00ea baykot dikin - Darka Maz\u00ee\" \/>\n<meta property=\"og:description\" content=\"&#8220;Bi baykot kirina hilbijartin\u00ean v\u00ea car\u00ea y\u00ean Serokomariya rej\u00eama \u00eeslam\u00ee, bi tevah\u00ee p\u00fb\u00e7b\u00fbna rij\u00eam\u00ea ji hem\u00fb c\u00eehan\u00ea re e\u015fkere bik\u00een.&#8221; Navenda Hevkariya Partiy\u00ean Rojhilat\u00ea Kurdistan\u00ea di ragihandina xwe a jimare &#8220;1&#8221; de, hilbijartin\u00ean Serokomariya \u00ceran\u00ea baykot dikin \u00fb bang li gel\u00ea Rojhilat\u00ea Kurdistan\u00ea dikin bila navend\u00ean dengday\u00een\u00ea li kurdistan\u00ea li hem\u00fb navend\u00ean din \u00ean \u00ceran\u00ea [&hellip;]\" \/>\n<meta property=\"og:url\" content=\"https:\/\/darkamazi.info\/archives\/1021530\" \/>\n<meta property=\"og:site_name\" content=\"Darka Maz\u00ee\" \/>\n<meta property=\"article:publisher\" content=\"https:\/\/www.facebook.com\/DarMaziKurmanci\" \/>\n<meta property=\"article:published_time\" content=\"2021-05-08T13:23:21+00:00\" \/>\n<meta property=\"article:modified_time\" content=\"2021-09-11T10:17:32+00:00\" \/>\n<meta property=\"og:image\" content=\"https:\/\/darkamazi.info\/file\/2021\/05\/navenda-hevkariya-partiyen-kurdistana-irane.jpg\" \/>\n\t<meta property=\"og:image:width\" content=\"900\" \/>\n\t<meta property=\"og:image:height\" content=\"497\" \/>\n\t<meta property=\"og:image:type\" content=\"image\/jpeg\" \/>\n<meta name=\"author\" content=\"darka mazi\" \/>\n<meta name=\"twitter:card\" content=\"summary_large_image\" \/>\n<meta name=\"twitter:creator\" content=\"@DarkaMaziLatini\" \/>\n<meta name=\"twitter:site\" content=\"@DarkaMaziLatini\" \/>\n<meta name=\"twitter:label1\" content=\"Written by\" \/>\n\t<meta name=\"twitter:data1\" content=\"darka mazi\" \/>\n\t<meta name=\"twitter:label2\" content=\"Est. reading time\" \/>\n\t<meta name=\"twitter:data2\" content=\"2 minutes\" \/>\n<script type=\"application\/ld+json\" class=\"seo-schema-graph\">{\"@context\":\"https:\\\/\\\/schema.org\",\"@graph\":[{\"@type\":\"Article\",\"@id\":\"https:\\\/\\\/darkamazi.info\\\/archives\\\/1021530#article\",\"isPartOf\":{\"@id\":\"https:\\\/\\\/darkamazi.info\\\/archives\\\/1021530\"},\"author\":{\"name\":\"darka mazi\",\"@id\":\"https:\\\/\\\/darkamazi.info\\\/#\\\/schema\\\/person\\\/5ad3e24553a0567993fa8ed4bd0a776c\"},\"headline\":\"Navenda hevkariya Partiy\u00ean Rojhilat\u00ea Kurdistan\u00ea hilbijartin\u00ean Serokomariya \u00ceran\u00ea baykot dikin\",\"datePublished\":\"2021-05-08T13:23:21+00:00\",\"dateModified\":\"2021-09-11T10:17:32+00:00\",\"mainEntityOfPage\":{\"@id\":\"https:\\\/\\\/darkamazi.info\\\/archives\\\/1021530\"},\"wordCount\":458,\"publisher\":{\"@id\":\"https:\\\/\\\/darkamazi.info\\\/#organization\"},\"image\":{\"@id\":\"https:\\\/\\\/darkamazi.info\\\/archives\\\/1021530#primaryimage\"},\"thumbnailUrl\":\"https:\\\/\\\/darkamazi.info\\\/darka-content\\\/uploads\\\/2021\\\/05\\\/navenda-hevkariya-partiyen-kurdistana-irane.jpg\",\"keywords\":[\"sereke\"],\"articleSection\":[\"Kurdistan\"],\"inLanguage\":\"en-US\"},{\"@type\":\"WebPage\",\"@id\":\"https:\\\/\\\/darkamazi.info\\\/archives\\\/1021530\",\"url\":\"https:\\\/\\\/darkamazi.info\\\/archives\\\/1021530\",\"name\":\"Navenda hevkariya Partiy\u00ean Rojhilat\u00ea Kurdistan\u00ea hilbijartin\u00ean Serokomariya \u00ceran\u00ea baykot dikin - Darka Maz\u00ee\",\"isPartOf\":{\"@id\":\"https:\\\/\\\/darkamazi.info\\\/#website\"},\"primaryImageOfPage\":{\"@id\":\"https:\\\/\\\/darkamazi.info\\\/archives\\\/1021530#primaryimage\"},\"image\":{\"@id\":\"https:\\\/\\\/darkamazi.info\\\/archives\\\/1021530#primaryimage\"},\"thumbnailUrl\":\"https:\\\/\\\/darkamazi.info\\\/darka-content\\\/uploads\\\/2021\\\/05\\\/navenda-hevkariya-partiyen-kurdistana-irane.jpg\",\"datePublished\":\"2021-05-08T13:23:21+00:00\",\"dateModified\":\"2021-09-11T10:17:32+00:00\",\"breadcrumb\":{\"@id\":\"https:\\\/\\\/darkamazi.info\\\/archives\\\/1021530#breadcrumb\"},\"inLanguage\":\"en-US\",\"potentialAction\":[{\"@type\":\"ReadAction\",\"target\":[\"https:\\\/\\\/darkamazi.info\\\/archives\\\/1021530\"]}]},{\"@type\":\"ImageObject\",\"inLanguage\":\"en-US\",\"@id\":\"https:\\\/\\\/darkamazi.info\\\/archives\\\/1021530#primaryimage\",\"url\":\"https:\\\/\\\/darkamazi.info\\\/darka-content\\\/uploads\\\/2021\\\/05\\\/navenda-hevkariya-partiyen-kurdistana-irane.jpg\",\"contentUrl\":\"https:\\\/\\\/darkamazi.info\\\/darka-content\\\/uploads\\\/2021\\\/05\\\/navenda-hevkariya-partiyen-kurdistana-irane.jpg\",\"width\":900,\"height\":497,\"caption\":\"Navenda hevkariya Partiy\u00ean Rojhilat\u00ea Kurdistan\u00ea hilbijartin\u00ean Serokomariya \u00ceran\u00ea baykot dikin\"},{\"@type\":\"BreadcrumbList\",\"@id\":\"https:\\\/\\\/darkamazi.info\\\/archives\\\/1021530#breadcrumb\",\"itemListElement\":[{\"@type\":\"ListItem\",\"position\":1,\"name\":\"Home\",\"item\":\"https:\\\/\\\/darkamazi.info\\\/\"},{\"@type\":\"ListItem\",\"position\":2,\"name\":\"Navenda hevkariya Partiy\u00ean Rojhilat\u00ea Kurdistan\u00ea hilbijartin\u00ean Serokomariya \u00ceran\u00ea baykot dikin\"}]},{\"@type\":\"WebSite\",\"@id\":\"https:\\\/\\\/darkamazi.info\\\/#website\",\"url\":\"https:\\\/\\\/darkamazi.info\\\/\",\"name\":\"Darka Maz\u00ee\",\"description\":\"P\u00eageha Zanyariy\u00ean Nebih\u00eest\u00ee\",\"publisher\":{\"@id\":\"https:\\\/\\\/darkamazi.info\\\/#organization\"},\"potentialAction\":[{\"@type\":\"SearchAction\",\"target\":{\"@type\":\"EntryPoint\",\"urlTemplate\":\"https:\\\/\\\/darkamazi.info\\\/?s={search_term_string}\"},\"query-input\":{\"@type\":\"PropertyValueSpecification\",\"valueRequired\":true,\"valueName\":\"search_term_string\"}}],\"inLanguage\":\"en-US\"},{\"@type\":\"Organization\",\"@id\":\"https:\\\/\\\/darkamazi.info\\\/#organization\",\"name\":\"Darka Maz\u00ee\",\"url\":\"https:\\\/\\\/darkamazi.info\\\/\",\"logo\":{\"@type\":\"ImageObject\",\"inLanguage\":\"en-US\",\"@id\":\"https:\\\/\\\/darkamazi.info\\\/#\\\/schema\\\/logo\\\/image\\\/\",\"url\":\"https:\\\/\\\/darkamazi.info\\\/darka-content\\\/uploads\\\/2017\\\/12\\\/darka-mazi-logo.png\",\"contentUrl\":\"https:\\\/\\\/darkamazi.info\\\/darka-content\\\/uploads\\\/2017\\\/12\\\/darka-mazi-logo.png\",\"width\":151,\"height\":75,\"caption\":\"Darka Maz\u00ee\"},\"image\":{\"@id\":\"https:\\\/\\\/darkamazi.info\\\/#\\\/schema\\\/logo\\\/image\\\/\"},\"sameAs\":[\"https:\\\/\\\/www.facebook.com\\\/DarMaziKurmanci\",\"https:\\\/\\\/x.com\\\/DarkaMaziLatini\",\"https:\\\/\\\/www.instagram.com\\\/darkamazi.kurmanci\\\/\",\"https:\\\/\\\/www.youtube.com\\\/channel\\\/UCa5HkTdmI8U1qCUFuTw8B2g\"]},{\"@type\":\"Person\",\"@id\":\"https:\\\/\\\/darkamazi.info\\\/#\\\/schema\\\/person\\\/5ad3e24553a0567993fa8ed4bd0a776c\",\"name\":\"darka mazi\",\"sameAs\":[\"https:\\\/\\\/darkamazi.info\\\/\"],\"url\":\"https:\\\/\\\/darkamazi.info\\\/archives\\\/author\\\/kurdi\"}]}<\/script>\n<!-- \/ Yoast SEO plugin. -->","seo_head_json":{"title":"Navenda hevkariya Partiy\u00ean Rojhilat\u00ea Kurdistan\u00ea hilbijartin\u00ean Serokomariya \u00ceran\u00ea baykot dikin - Darka Maz\u00ee","robots":{"index":"index","follow":"follow","max-snippet":"max-snippet:-1","max-image-preview":"max-image-preview:large","max-video-preview":"max-video-preview:-1"},"canonical":"https:\/\/darkamazi.info\/archives\/1021530","og_locale":"en_US","og_type":"article","og_title":"Navenda hevkariya Partiy\u00ean Rojhilat\u00ea Kurdistan\u00ea hilbijartin\u00ean Serokomariya \u00ceran\u00ea baykot dikin - Darka Maz\u00ee","og_description":"&#8220;Bi baykot kirina hilbijartin\u00ean v\u00ea car\u00ea y\u00ean Serokomariya rej\u00eama \u00eeslam\u00ee, bi tevah\u00ee p\u00fb\u00e7b\u00fbna rij\u00eam\u00ea ji hem\u00fb c\u00eehan\u00ea re e\u015fkere bik\u00een.&#8221; Navenda Hevkariya Partiy\u00ean Rojhilat\u00ea Kurdistan\u00ea di ragihandina xwe a jimare &#8220;1&#8221; de, hilbijartin\u00ean Serokomariya \u00ceran\u00ea baykot dikin \u00fb bang li gel\u00ea Rojhilat\u00ea Kurdistan\u00ea dikin bila navend\u00ean dengday\u00een\u00ea li kurdistan\u00ea li hem\u00fb navend\u00ean din \u00ean \u00ceran\u00ea [&hellip;]","og_url":"https:\/\/darkamazi.info\/archives\/1021530","og_site_name":"Darka Maz\u00ee","article_publisher":"https:\/\/www.facebook.com\/DarMaziKurmanci","article_published_time":"2021-05-08T13:23:21+00:00","article_modified_time":"2021-09-11T10:17:32+00:00","og_image":[{"width":900,"height":497,"url":"https:\/\/darkamazi.info\/file\/2021\/05\/navenda-hevkariya-partiyen-kurdistana-irane.jpg","type":"image\/jpeg"}],"author":"darka mazi","twitter_card":"summary_large_image","twitter_creator":"@DarkaMaziLatini","twitter_site":"@DarkaMaziLatini","twitter_misc":{"Written by":"darka mazi","Est. reading time":"2 minutes"},"schema":{"@context":"https:\/\/schema.org","@graph":[{"@type":"Article","@id":"https:\/\/darkamazi.info\/archives\/1021530#article","isPartOf":{"@id":"https:\/\/darkamazi.info\/archives\/1021530"},"author":{"name":"darka mazi","@id":"https:\/\/darkamazi.info\/#\/schema\/person\/5ad3e24553a0567993fa8ed4bd0a776c"},"headline":"Navenda hevkariya Partiy\u00ean Rojhilat\u00ea Kurdistan\u00ea hilbijartin\u00ean Serokomariya \u00ceran\u00ea baykot dikin","datePublished":"2021-05-08T13:23:21+00:00","dateModified":"2021-09-11T10:17:32+00:00","mainEntityOfPage":{"@id":"https:\/\/darkamazi.info\/archives\/1021530"},"wordCount":458,"publisher":{"@id":"https:\/\/darkamazi.info\/#organization"},"image":{"@id":"https:\/\/darkamazi.info\/archives\/1021530#primaryimage"},"thumbnailUrl":"https:\/\/darkamazi.info\/file\/2021\/05\/navenda-hevkariya-partiyen-kurdistana-irane.jpg","keywords":["sereke"],"articleSection":["Kurdistan"],"inLanguage":"en-US"},{"@type":"WebPage","@id":"https:\/\/darkamazi.info\/archives\/1021530","url":"https:\/\/darkamazi.info\/archives\/1021530","name":"Navenda hevkariya Partiy\u00ean Rojhilat\u00ea Kurdistan\u00ea hilbijartin\u00ean Serokomariya \u00ceran\u00ea baykot dikin - Darka Maz\u00ee","isPartOf":{"@id":"https:\/\/darkamazi.info\/#website"},"primaryImageOfPage":{"@id":"https:\/\/darkamazi.info\/archives\/1021530#primaryimage"},"image":{"@id":"https:\/\/darkamazi.info\/archives\/1021530#primaryimage"},"thumbnailUrl":"https:\/\/darkamazi.info\/file\/2021\/05\/navenda-hevkariya-partiyen-kurdistana-irane.jpg","datePublished":"2021-05-08T13:23:21+00:00","dateModified":"2021-09-11T10:17:32+00:00","breadcrumb":{"@id":"https:\/\/darkamazi.info\/archives\/1021530#breadcrumb"},"inLanguage":"en-US","potentialAction":[{"@type":"ReadAction","target":["https:\/\/darkamazi.info\/archives\/1021530"]}]},{"@type":"ImageObject","inLanguage":"en-US","@id":"https:\/\/darkamazi.info\/archives\/1021530#primaryimage","url":"https:\/\/darkamazi.info\/file\/2021\/05\/navenda-hevkariya-partiyen-kurdistana-irane.jpg","contentUrl":"https:\/\/darkamazi.info\/file\/2021\/05\/navenda-hevkariya-partiyen-kurdistana-irane.jpg","width":900,"height":497,"caption":"Navenda hevkariya Partiy\u00ean Rojhilat\u00ea Kurdistan\u00ea hilbijartin\u00ean Serokomariya \u00ceran\u00ea baykot dikin"},{"@type":"BreadcrumbList","@id":"https:\/\/darkamazi.info\/archives\/1021530#breadcrumb","itemListElement":[{"@type":"ListItem","position":1,"name":"Home","item":"https:\/\/darkamazi.info\/"},{"@type":"ListItem","position":2,"name":"Navenda hevkariya Partiy\u00ean Rojhilat\u00ea Kurdistan\u00ea hilbijartin\u00ean Serokomariya \u00ceran\u00ea baykot dikin"}]},{"@type":"WebSite","@id":"https:\/\/darkamazi.info\/#website","url":"https:\/\/darkamazi.info\/","name":"Darka Maz\u00ee","description":"P\u00eageha Zanyariy\u00ean Nebih\u00eest\u00ee","publisher":{"@id":"https:\/\/darkamazi.info\/#organization"},"potentialAction":[{"@type":"SearchAction","target":{"@type":"EntryPoint","urlTemplate":"https:\/\/darkamazi.info\/?s={search_term_string}"},"query-input":{"@type":"PropertyValueSpecification","valueRequired":true,"valueName":"search_term_string"}}],"inLanguage":"en-US"},{"@type":"Organization","@id":"https:\/\/darkamazi.info\/#organization","name":"Darka Maz\u00ee","url":"https:\/\/darkamazi.info\/","logo":{"@type":"ImageObject","inLanguage":"en-US","@id":"https:\/\/darkamazi.info\/#\/schema\/logo\/image\/","url":"https:\/\/darkamazi.info\/file\/2017\/12\/darka-mazi-logo.png","contentUrl":"https:\/\/darkamazi.info\/file\/2017\/12\/darka-mazi-logo.png","width":151,"height":75,"caption":"Darka Maz\u00ee"},"image":{"@id":"https:\/\/darkamazi.info\/#\/schema\/logo\/image\/"},"sameAs":["https:\/\/www.facebook.com\/DarMaziKurmanci","https:\/\/x.com\/DarkaMaziLatini","https:\/\/www.instagram.com\/darkamazi.kurmanci\/","https:\/\/www.youtube.com\/channel\/UCa5HkTdmI8U1qCUFuTw8B2g"]},{"@type":"Person","@id":"https:\/\/darkamazi.info\/#\/schema\/person\/5ad3e24553a0567993fa8ed4bd0a776c","name":"darka mazi","sameAs":["https:\/\/darkamazi.info\/"],"url":"https:\/\/darkamazi.info\/archives\/author\/kurdi"}]}},"_links":{"self":[{"href":"https:\/\/darkamazi.info\/funavuv\/wp\/v2\/posts\/1021530","targetHints":{"allow":["GET"]}}],"collection":[{"href":"https:\/\/darkamazi.info\/funavuv\/wp\/v2\/posts"}],"about":[{"href":"https:\/\/darkamazi.info\/funavuv\/wp\/v2\/types\/post"}],"author":[{"embeddable":true,"href":"https:\/\/darkamazi.info\/funavuv\/wp\/v2\/users\/2"}],"replies":[{"embeddable":true,"href":"https:\/\/darkamazi.info\/funavuv\/wp\/v2\/comments?post=1021530"}],"version-history":[{"count":0,"href":"https:\/\/darkamazi.info\/funavuv\/wp\/v2\/posts\/1021530\/revisions"}],"wp:featuredmedia":[{"embeddable":true,"href":"https:\/\/darkamazi.info\/funavuv\/wp\/v2\/media\/1021532"}],"wp:attachment":[{"href":"https:\/\/darkamazi.info\/funavuv\/wp\/v2\/media?parent=1021530"}],"wp:term":[{"taxonomy":"category","embeddable":true,"href":"https:\/\/darkamazi.info\/funavuv\/wp\/v2\/categories?post=1021530"},{"taxonomy":"post_tag","embeddable":true,"href":"https:\/\/darkamazi.info\/funavuv\/wp\/v2\/tags?post=1021530"}],"curies":[{"name":"wp","href":"https:\/\/api.w.org\/{rel}","templated":true}]}}