{"id":1021539,"date":"2021-05-08T20:35:20","date_gmt":"2021-05-08T17:35:20","guid":{"rendered":"https:\/\/darkamazi.info\/?p=1021539"},"modified":"2021-09-11T13:17:25","modified_gmt":"2021-09-11T10:17:25","slug":"asita-berfe-bi-ser-wan-de-hat-u-7-kes-mirin","status":"publish","type":"post","link":"https:\/\/darkamazi.info\/archives\/1021539","title":{"rendered":"A\u015f\u00eeta berf\u00ea bi ser wan de hat \u00fb 7 kes mirin"},"content":{"rendered":"<h3 style=\"text-align: justify;\"><span style=\"font-family: 'arial black', sans-serif;\">Li ba\u015f\u00fbr\u00ea Fransay\u00ea di v\u00ea bahar\u00ea de li du ciyan a\u015f\u00eeta berf\u00ea bi ser \u00eensanan de ket \u00fb di encam\u00ea de 7 kes mirin. Li gor ragihandina par\u00eazger\u00ea baj\u00ear; li bajar\u00ea Valloire di wext\u00ea sib\u00ea de a\u015f\u00eeta berf\u00ea bi ser xelk\u00ea de ket \u00fb di encam\u00ea de 4 kes mirin \u00fb kesek\u00ee bir\u00eendar b\u00fb.<\/span><\/h3>\n<h3 style=\"text-align: justify;\">N\u00eaz\u00ee bajar\u00ea Peisey-Nancroix\u00ea li devera \u00e7iya siet li dora 14.00 an a\u015f\u00eeka berf\u00ea car din bi ser xelk\u00ea de ket \u00fb di encam\u00ea de 3 kes mirin. Di l\u00eager\u00eena bin a\u015f\u00eeta berf\u00ea de cenazey\u00ea 3 kesan hat d\u00eetin l\u00ea dibe di bin a\u015f\u00eet\u00ea berf\u00ea de z\u00eade kes mabin. Xebata rizgarkirina mirovan dewam dike.<\/h3>\n<h3 style=\"text-align: justify;\">L\u00eapirs\u00eena di derbar\u00ea mijar\u00ea de dewam dike.<\/h3>\n","protected":false},"excerpt":{"rendered":"<p>Li ba\u015f\u00fbr\u00ea Fransay\u00ea di v\u00ea bahar\u00ea de li du ciyan a\u015f\u00eeta berf\u00ea bi ser \u00eensanan de ket \u00fb di encam\u00ea de 7 kes mirin. Li gor ragihandina par\u00eazger\u00ea baj\u00ear; li bajar\u00ea Valloire di wext\u00ea sib\u00ea de a\u015f\u00eeta berf\u00ea bi ser xelk\u00ea de ket \u00fb di encam\u00ea de 4 kes mirin \u00fb kesek\u00ee bir\u00eendar b\u00fb. N\u00eaz\u00ee [&hellip;]<\/p>\n","protected":false},"author":2,"featured_media":1021540,"comment_status":"closed","ping_status":"closed","sticky":false,"template":"","format":"standard","meta":{"footnotes":""},"categories":[30],"tags":[37],"class_list":["post-1021539","post","type-post","status-publish","format-standard","has-post-thumbnail","hentry","category-cihan","tag-sereke"],"blocksy_meta":[],"seo_head":"<!-- This site is optimized with the Yoast SEO plugin v27.5 - https:\/\/yoast.com\/product\/yoast-seo-wordpress\/ -->\n<title>A\u015f\u00eeta berf\u00ea bi ser wan de hat \u00fb 7 kes mirin - Darka Maz\u00ee<\/title>\n<meta name=\"robots\" content=\"index, follow, max-snippet:-1, max-image-preview:large, max-video-preview:-1\" \/>\n<link rel=\"canonical\" href=\"https:\/\/darkamazi.info\/archives\/1021539\" \/>\n<meta property=\"og:locale\" content=\"en_US\" \/>\n<meta property=\"og:type\" content=\"article\" \/>\n<meta property=\"og:title\" content=\"A\u015f\u00eeta berf\u00ea bi ser wan de hat \u00fb 7 kes mirin - Darka Maz\u00ee\" \/>\n<meta property=\"og:description\" content=\"Li ba\u015f\u00fbr\u00ea Fransay\u00ea di v\u00ea bahar\u00ea de li du ciyan a\u015f\u00eeta berf\u00ea bi ser \u00eensanan de ket \u00fb di encam\u00ea de 7 kes mirin. Li gor ragihandina par\u00eazger\u00ea baj\u00ear; li bajar\u00ea Valloire di wext\u00ea sib\u00ea de a\u015f\u00eeta berf\u00ea bi ser xelk\u00ea de ket \u00fb di encam\u00ea de 4 kes mirin \u00fb kesek\u00ee bir\u00eendar b\u00fb. N\u00eaz\u00ee [&hellip;]\" \/>\n<meta property=\"og:url\" content=\"https:\/\/darkamazi.info\/archives\/1021539\" \/>\n<meta property=\"og:site_name\" content=\"Darka Maz\u00ee\" \/>\n<meta property=\"article:publisher\" content=\"https:\/\/www.facebook.com\/DarMaziKurmanci\" \/>\n<meta property=\"article:published_time\" content=\"2021-05-08T17:35:20+00:00\" \/>\n<meta property=\"article:modified_time\" content=\"2021-09-11T10:17:25+00:00\" \/>\n<meta property=\"og:image\" content=\"https:\/\/darkamazi.info\/file\/2021\/05\/asit.jpg\" \/>\n\t<meta property=\"og:image:width\" content=\"598\" \/>\n\t<meta property=\"og:image:height\" content=\"362\" \/>\n\t<meta property=\"og:image:type\" content=\"image\/jpeg\" \/>\n<meta name=\"author\" content=\"darka mazi\" \/>\n<meta name=\"twitter:card\" content=\"summary_large_image\" \/>\n<meta name=\"twitter:creator\" content=\"@DarkaMaziLatini\" \/>\n<meta name=\"twitter:site\" content=\"@DarkaMaziLatini\" \/>\n<meta name=\"twitter:label1\" content=\"Written by\" \/>\n\t<meta name=\"twitter:data1\" content=\"darka mazi\" \/>\n\t<meta name=\"twitter:label2\" content=\"Est. reading time\" \/>\n\t<meta name=\"twitter:data2\" content=\"1 minute\" \/>\n<script type=\"application\/ld+json\" class=\"seo-schema-graph\">{\"@context\":\"https:\\\/\\\/schema.org\",\"@graph\":[{\"@type\":\"Article\",\"@id\":\"https:\\\/\\\/darkamazi.info\\\/archives\\\/1021539#article\",\"isPartOf\":{\"@id\":\"https:\\\/\\\/darkamazi.info\\\/archives\\\/1021539\"},\"author\":{\"name\":\"darka mazi\",\"@id\":\"https:\\\/\\\/darkamazi.info\\\/#\\\/schema\\\/person\\\/5ad3e24553a0567993fa8ed4bd0a776c\"},\"headline\":\"A\u015f\u00eeta berf\u00ea bi ser wan de hat \u00fb 7 kes mirin\",\"datePublished\":\"2021-05-08T17:35:20+00:00\",\"dateModified\":\"2021-09-11T10:17:25+00:00\",\"mainEntityOfPage\":{\"@id\":\"https:\\\/\\\/darkamazi.info\\\/archives\\\/1021539\"},\"wordCount\":131,\"publisher\":{\"@id\":\"https:\\\/\\\/darkamazi.info\\\/#organization\"},\"image\":{\"@id\":\"https:\\\/\\\/darkamazi.info\\\/archives\\\/1021539#primaryimage\"},\"thumbnailUrl\":\"https:\\\/\\\/darkamazi.info\\\/darka-content\\\/uploads\\\/2021\\\/05\\\/asit.jpg\",\"keywords\":[\"sereke\"],\"articleSection\":[\"C\u00eehan\"],\"inLanguage\":\"en-US\"},{\"@type\":\"WebPage\",\"@id\":\"https:\\\/\\\/darkamazi.info\\\/archives\\\/1021539\",\"url\":\"https:\\\/\\\/darkamazi.info\\\/archives\\\/1021539\",\"name\":\"A\u015f\u00eeta berf\u00ea bi ser wan de hat \u00fb 7 kes mirin - Darka Maz\u00ee\",\"isPartOf\":{\"@id\":\"https:\\\/\\\/darkamazi.info\\\/#website\"},\"primaryImageOfPage\":{\"@id\":\"https:\\\/\\\/darkamazi.info\\\/archives\\\/1021539#primaryimage\"},\"image\":{\"@id\":\"https:\\\/\\\/darkamazi.info\\\/archives\\\/1021539#primaryimage\"},\"thumbnailUrl\":\"https:\\\/\\\/darkamazi.info\\\/darka-content\\\/uploads\\\/2021\\\/05\\\/asit.jpg\",\"datePublished\":\"2021-05-08T17:35:20+00:00\",\"dateModified\":\"2021-09-11T10:17:25+00:00\",\"breadcrumb\":{\"@id\":\"https:\\\/\\\/darkamazi.info\\\/archives\\\/1021539#breadcrumb\"},\"inLanguage\":\"en-US\",\"potentialAction\":[{\"@type\":\"ReadAction\",\"target\":[\"https:\\\/\\\/darkamazi.info\\\/archives\\\/1021539\"]}]},{\"@type\":\"ImageObject\",\"inLanguage\":\"en-US\",\"@id\":\"https:\\\/\\\/darkamazi.info\\\/archives\\\/1021539#primaryimage\",\"url\":\"https:\\\/\\\/darkamazi.info\\\/darka-content\\\/uploads\\\/2021\\\/05\\\/asit.jpg\",\"contentUrl\":\"https:\\\/\\\/darkamazi.info\\\/darka-content\\\/uploads\\\/2021\\\/05\\\/asit.jpg\",\"width\":598,\"height\":362,\"caption\":\"A\u015f\u00eeta berf\u00ea bi ser wan de hat \u00fb 7 kes mirin\"},{\"@type\":\"BreadcrumbList\",\"@id\":\"https:\\\/\\\/darkamazi.info\\\/archives\\\/1021539#breadcrumb\",\"itemListElement\":[{\"@type\":\"ListItem\",\"position\":1,\"name\":\"Home\",\"item\":\"https:\\\/\\\/darkamazi.info\\\/\"},{\"@type\":\"ListItem\",\"position\":2,\"name\":\"A\u015f\u00eeta berf\u00ea bi ser wan de hat \u00fb 7 kes mirin\"}]},{\"@type\":\"WebSite\",\"@id\":\"https:\\\/\\\/darkamazi.info\\\/#website\",\"url\":\"https:\\\/\\\/darkamazi.info\\\/\",\"name\":\"Darka Maz\u00ee\",\"description\":\"P\u00eageha Zanyariy\u00ean Nebih\u00eest\u00ee\",\"publisher\":{\"@id\":\"https:\\\/\\\/darkamazi.info\\\/#organization\"},\"potentialAction\":[{\"@type\":\"SearchAction\",\"target\":{\"@type\":\"EntryPoint\",\"urlTemplate\":\"https:\\\/\\\/darkamazi.info\\\/?s={search_term_string}\"},\"query-input\":{\"@type\":\"PropertyValueSpecification\",\"valueRequired\":true,\"valueName\":\"search_term_string\"}}],\"inLanguage\":\"en-US\"},{\"@type\":\"Organization\",\"@id\":\"https:\\\/\\\/darkamazi.info\\\/#organization\",\"name\":\"Darka Maz\u00ee\",\"url\":\"https:\\\/\\\/darkamazi.info\\\/\",\"logo\":{\"@type\":\"ImageObject\",\"inLanguage\":\"en-US\",\"@id\":\"https:\\\/\\\/darkamazi.info\\\/#\\\/schema\\\/logo\\\/image\\\/\",\"url\":\"https:\\\/\\\/darkamazi.info\\\/darka-content\\\/uploads\\\/2017\\\/12\\\/darka-mazi-logo.png\",\"contentUrl\":\"https:\\\/\\\/darkamazi.info\\\/darka-content\\\/uploads\\\/2017\\\/12\\\/darka-mazi-logo.png\",\"width\":151,\"height\":75,\"caption\":\"Darka Maz\u00ee\"},\"image\":{\"@id\":\"https:\\\/\\\/darkamazi.info\\\/#\\\/schema\\\/logo\\\/image\\\/\"},\"sameAs\":[\"https:\\\/\\\/www.facebook.com\\\/DarMaziKurmanci\",\"https:\\\/\\\/x.com\\\/DarkaMaziLatini\",\"https:\\\/\\\/www.instagram.com\\\/darkamazi.kurmanci\\\/\",\"https:\\\/\\\/www.youtube.com\\\/channel\\\/UCa5HkTdmI8U1qCUFuTw8B2g\"]},{\"@type\":\"Person\",\"@id\":\"https:\\\/\\\/darkamazi.info\\\/#\\\/schema\\\/person\\\/5ad3e24553a0567993fa8ed4bd0a776c\",\"name\":\"darka mazi\",\"sameAs\":[\"https:\\\/\\\/darkamazi.info\\\/\"],\"url\":\"https:\\\/\\\/darkamazi.info\\\/archives\\\/author\\\/kurdi\"}]}<\/script>\n<!-- \/ Yoast SEO plugin. -->","seo_head_json":{"title":"A\u015f\u00eeta berf\u00ea bi ser wan de hat \u00fb 7 kes mirin - Darka Maz\u00ee","robots":{"index":"index","follow":"follow","max-snippet":"max-snippet:-1","max-image-preview":"max-image-preview:large","max-video-preview":"max-video-preview:-1"},"canonical":"https:\/\/darkamazi.info\/archives\/1021539","og_locale":"en_US","og_type":"article","og_title":"A\u015f\u00eeta berf\u00ea bi ser wan de hat \u00fb 7 kes mirin - Darka Maz\u00ee","og_description":"Li ba\u015f\u00fbr\u00ea Fransay\u00ea di v\u00ea bahar\u00ea de li du ciyan a\u015f\u00eeta berf\u00ea bi ser \u00eensanan de ket \u00fb di encam\u00ea de 7 kes mirin. Li gor ragihandina par\u00eazger\u00ea baj\u00ear; li bajar\u00ea Valloire di wext\u00ea sib\u00ea de a\u015f\u00eeta berf\u00ea bi ser xelk\u00ea de ket \u00fb di encam\u00ea de 4 kes mirin \u00fb kesek\u00ee bir\u00eendar b\u00fb. N\u00eaz\u00ee [&hellip;]","og_url":"https:\/\/darkamazi.info\/archives\/1021539","og_site_name":"Darka Maz\u00ee","article_publisher":"https:\/\/www.facebook.com\/DarMaziKurmanci","article_published_time":"2021-05-08T17:35:20+00:00","article_modified_time":"2021-09-11T10:17:25+00:00","og_image":[{"width":598,"height":362,"url":"https:\/\/darkamazi.info\/file\/2021\/05\/asit.jpg","type":"image\/jpeg"}],"author":"darka mazi","twitter_card":"summary_large_image","twitter_creator":"@DarkaMaziLatini","twitter_site":"@DarkaMaziLatini","twitter_misc":{"Written by":"darka mazi","Est. reading time":"1 minute"},"schema":{"@context":"https:\/\/schema.org","@graph":[{"@type":"Article","@id":"https:\/\/darkamazi.info\/archives\/1021539#article","isPartOf":{"@id":"https:\/\/darkamazi.info\/archives\/1021539"},"author":{"name":"darka mazi","@id":"https:\/\/darkamazi.info\/#\/schema\/person\/5ad3e24553a0567993fa8ed4bd0a776c"},"headline":"A\u015f\u00eeta berf\u00ea bi ser wan de hat \u00fb 7 kes mirin","datePublished":"2021-05-08T17:35:20+00:00","dateModified":"2021-09-11T10:17:25+00:00","mainEntityOfPage":{"@id":"https:\/\/darkamazi.info\/archives\/1021539"},"wordCount":131,"publisher":{"@id":"https:\/\/darkamazi.info\/#organization"},"image":{"@id":"https:\/\/darkamazi.info\/archives\/1021539#primaryimage"},"thumbnailUrl":"https:\/\/darkamazi.info\/file\/2021\/05\/asit.jpg","keywords":["sereke"],"articleSection":["C\u00eehan"],"inLanguage":"en-US"},{"@type":"WebPage","@id":"https:\/\/darkamazi.info\/archives\/1021539","url":"https:\/\/darkamazi.info\/archives\/1021539","name":"A\u015f\u00eeta berf\u00ea bi ser wan de hat \u00fb 7 kes mirin - Darka Maz\u00ee","isPartOf":{"@id":"https:\/\/darkamazi.info\/#website"},"primaryImageOfPage":{"@id":"https:\/\/darkamazi.info\/archives\/1021539#primaryimage"},"image":{"@id":"https:\/\/darkamazi.info\/archives\/1021539#primaryimage"},"thumbnailUrl":"https:\/\/darkamazi.info\/file\/2021\/05\/asit.jpg","datePublished":"2021-05-08T17:35:20+00:00","dateModified":"2021-09-11T10:17:25+00:00","breadcrumb":{"@id":"https:\/\/darkamazi.info\/archives\/1021539#breadcrumb"},"inLanguage":"en-US","potentialAction":[{"@type":"ReadAction","target":["https:\/\/darkamazi.info\/archives\/1021539"]}]},{"@type":"ImageObject","inLanguage":"en-US","@id":"https:\/\/darkamazi.info\/archives\/1021539#primaryimage","url":"https:\/\/darkamazi.info\/file\/2021\/05\/asit.jpg","contentUrl":"https:\/\/darkamazi.info\/file\/2021\/05\/asit.jpg","width":598,"height":362,"caption":"A\u015f\u00eeta berf\u00ea bi ser wan de hat \u00fb 7 kes mirin"},{"@type":"BreadcrumbList","@id":"https:\/\/darkamazi.info\/archives\/1021539#breadcrumb","itemListElement":[{"@type":"ListItem","position":1,"name":"Home","item":"https:\/\/darkamazi.info\/"},{"@type":"ListItem","position":2,"name":"A\u015f\u00eeta berf\u00ea bi ser wan de hat \u00fb 7 kes mirin"}]},{"@type":"WebSite","@id":"https:\/\/darkamazi.info\/#website","url":"https:\/\/darkamazi.info\/","name":"Darka Maz\u00ee","description":"P\u00eageha Zanyariy\u00ean Nebih\u00eest\u00ee","publisher":{"@id":"https:\/\/darkamazi.info\/#organization"},"potentialAction":[{"@type":"SearchAction","target":{"@type":"EntryPoint","urlTemplate":"https:\/\/darkamazi.info\/?s={search_term_string}"},"query-input":{"@type":"PropertyValueSpecification","valueRequired":true,"valueName":"search_term_string"}}],"inLanguage":"en-US"},{"@type":"Organization","@id":"https:\/\/darkamazi.info\/#organization","name":"Darka Maz\u00ee","url":"https:\/\/darkamazi.info\/","logo":{"@type":"ImageObject","inLanguage":"en-US","@id":"https:\/\/darkamazi.info\/#\/schema\/logo\/image\/","url":"https:\/\/darkamazi.info\/file\/2017\/12\/darka-mazi-logo.png","contentUrl":"https:\/\/darkamazi.info\/file\/2017\/12\/darka-mazi-logo.png","width":151,"height":75,"caption":"Darka Maz\u00ee"},"image":{"@id":"https:\/\/darkamazi.info\/#\/schema\/logo\/image\/"},"sameAs":["https:\/\/www.facebook.com\/DarMaziKurmanci","https:\/\/x.com\/DarkaMaziLatini","https:\/\/www.instagram.com\/darkamazi.kurmanci\/","https:\/\/www.youtube.com\/channel\/UCa5HkTdmI8U1qCUFuTw8B2g"]},{"@type":"Person","@id":"https:\/\/darkamazi.info\/#\/schema\/person\/5ad3e24553a0567993fa8ed4bd0a776c","name":"darka mazi","sameAs":["https:\/\/darkamazi.info\/"],"url":"https:\/\/darkamazi.info\/archives\/author\/kurdi"}]}},"_links":{"self":[{"href":"https:\/\/darkamazi.info\/funavuv\/wp\/v2\/posts\/1021539","targetHints":{"allow":["GET"]}}],"collection":[{"href":"https:\/\/darkamazi.info\/funavuv\/wp\/v2\/posts"}],"about":[{"href":"https:\/\/darkamazi.info\/funavuv\/wp\/v2\/types\/post"}],"author":[{"embeddable":true,"href":"https:\/\/darkamazi.info\/funavuv\/wp\/v2\/users\/2"}],"replies":[{"embeddable":true,"href":"https:\/\/darkamazi.info\/funavuv\/wp\/v2\/comments?post=1021539"}],"version-history":[{"count":0,"href":"https:\/\/darkamazi.info\/funavuv\/wp\/v2\/posts\/1021539\/revisions"}],"wp:featuredmedia":[{"embeddable":true,"href":"https:\/\/darkamazi.info\/funavuv\/wp\/v2\/media\/1021540"}],"wp:attachment":[{"href":"https:\/\/darkamazi.info\/funavuv\/wp\/v2\/media?parent=1021539"}],"wp:term":[{"taxonomy":"category","embeddable":true,"href":"https:\/\/darkamazi.info\/funavuv\/wp\/v2\/categories?post=1021539"},{"taxonomy":"post_tag","embeddable":true,"href":"https:\/\/darkamazi.info\/funavuv\/wp\/v2\/tags?post=1021539"}],"curies":[{"name":"wp","href":"https:\/\/api.w.org\/{rel}","templated":true}]}}