{"id":1021566,"date":"2021-05-09T21:33:14","date_gmt":"2021-05-09T18:33:14","guid":{"rendered":"https:\/\/darkamazi.info\/?p=1021566"},"modified":"2021-09-11T13:17:07","modified_gmt":"2021-09-11T10:17:07","slug":"amerika-tekiliya-diplomatik-bi-esed-re-nake-u-ji-bo-asayibune-gav-naveje","status":"publish","type":"post","link":"https:\/\/darkamazi.info\/archives\/1021566","title":{"rendered":"&#8220;Amer\u00eeka t\u00eakiliya d\u00eeplomat\u00eek bi Esed re nake \u00fb ji bo asay\u00eeb\u00fbn\u00ea gav nav\u00eaje&#8221;"},"content":{"rendered":"<h3 style=\"text-align: justify;\"><span style=\"font-family: 'arial black', sans-serif;\">Berdevkek\u00ee ji Wezareta Derve ya Amer\u00eekay\u00ea David Schenker, ji \u015earqul Ewset\u00ea re ragihandiye ku w\u00ea r\u00eaveberiya Serok\u00ea Amer\u00eeka Joe Biden, bi ti away\u00ee p\u00eawendiy\u00ean n\u00fb y\u00ean d\u00eeplomat\u00eek bi rej\u00eema Esed re neke \u00fb gav\u00ean ji bo asay\u00eeb\u00fbna p\u00eawendiyan nav\u00eaje.<\/span><\/h3>\n<h3 style=\"text-align: justify;\">Li gor\u00ee n\u00fb\u00e7ey\u00ea berdevk\u00ea wezareta Amer\u00eek\u00ee bal ki\u015fandiye ser zilimkariya 10 sal\u00ean daw\u00ee ya rej\u00eema S\u00fbriy\u00ea \u00fb astengkirina al\u00eekariy\u00ean mirov\u00ee bo welat.<\/h3>\n<h3 style=\"text-align: justify;\">Herwiha bal ki\u015fandiye ser ku helwesta Amer\u00eekay\u00ea heman wek\u00ee sala 2011an ku li S\u00fbriy\u00ea aloz\u00ee dest p\u00ea kirib\u00fb ye \u00fb gotiye, \u201cW\u00ea ti car\u00ee bi rej\u00eema Esed re p\u00eawendiy\u00ean d\u00eeplomat\u00eek ji n\u00fb ve \u00e7\u00eaneke yan j\u00ee p\u00eawendiya bip\u00ea\u015f naxe.\u201d<\/h3>\n<h3 style=\"text-align: justify;\">Li ser pirsa stratejiya r\u00eaveberiya n\u00fb ya Amer\u00eekay\u00ea bo dosyeya S\u00fbriy\u00ea j\u00ee David Schenker diyar kiriye ku helwesta Amer\u00eeka diyar e \u00fb ew j\u00ee pi\u015ftevaniya p\u00eavajoya siyas\u00ee ye ku ew pabend\u00ee biryar\u00ean Netewey\u00ean Yekb\u00fby\u00ee \u00fb hevkariya ligel hevpeyman \u00fb \u015fir\u00eek\u00ean xwe ne.<\/h3>\n","protected":false},"excerpt":{"rendered":"<p>Berdevkek\u00ee ji Wezareta Derve ya Amer\u00eekay\u00ea David Schenker, ji \u015earqul Ewset\u00ea re ragihandiye ku w\u00ea r\u00eaveberiya Serok\u00ea Amer\u00eeka Joe Biden, bi ti away\u00ee p\u00eawendiy\u00ean n\u00fb y\u00ean d\u00eeplomat\u00eek bi rej\u00eema Esed re neke \u00fb gav\u00ean ji bo asay\u00eeb\u00fbna p\u00eawendiyan nav\u00eaje. Li gor\u00ee n\u00fb\u00e7ey\u00ea berdevk\u00ea wezareta Amer\u00eek\u00ee bal ki\u015fandiye ser zilimkariya 10 sal\u00ean daw\u00ee ya rej\u00eema S\u00fbriy\u00ea [&hellip;]<\/p>\n","protected":false},"author":2,"featured_media":1021567,"comment_status":"closed","ping_status":"closed","sticky":false,"template":"","format":"standard","meta":{"footnotes":""},"categories":[29],"tags":[37],"class_list":["post-1021566","post","type-post","status-publish","format-standard","has-post-thumbnail","hentry","category-kurdistan","tag-sereke"],"blocksy_meta":[],"seo_head":"<!-- This site is optimized with the Yoast SEO plugin v27.5 - https:\/\/yoast.com\/product\/yoast-seo-wordpress\/ -->\n<title>&quot;Amer\u00eeka t\u00eakiliya d\u00eeplomat\u00eek bi Esed re nake \u00fb ji bo asay\u00eeb\u00fbn\u00ea gav nav\u00eaje&quot; - Darka Maz\u00ee<\/title>\n<meta name=\"robots\" content=\"index, follow, max-snippet:-1, max-image-preview:large, max-video-preview:-1\" \/>\n<link rel=\"canonical\" href=\"https:\/\/darkamazi.info\/archives\/1021566\" \/>\n<meta property=\"og:locale\" content=\"en_US\" \/>\n<meta property=\"og:type\" content=\"article\" \/>\n<meta property=\"og:title\" content=\"&quot;Amer\u00eeka t\u00eakiliya d\u00eeplomat\u00eek bi Esed re nake \u00fb ji bo asay\u00eeb\u00fbn\u00ea gav nav\u00eaje&quot; - Darka Maz\u00ee\" \/>\n<meta property=\"og:description\" content=\"Berdevkek\u00ee ji Wezareta Derve ya Amer\u00eekay\u00ea David Schenker, ji \u015earqul Ewset\u00ea re ragihandiye ku w\u00ea r\u00eaveberiya Serok\u00ea Amer\u00eeka Joe Biden, bi ti away\u00ee p\u00eawendiy\u00ean n\u00fb y\u00ean d\u00eeplomat\u00eek bi rej\u00eema Esed re neke \u00fb gav\u00ean ji bo asay\u00eeb\u00fbna p\u00eawendiyan nav\u00eaje. Li gor\u00ee n\u00fb\u00e7ey\u00ea berdevk\u00ea wezareta Amer\u00eek\u00ee bal ki\u015fandiye ser zilimkariya 10 sal\u00ean daw\u00ee ya rej\u00eema S\u00fbriy\u00ea [&hellip;]\" \/>\n<meta property=\"og:url\" content=\"https:\/\/darkamazi.info\/archives\/1021566\" \/>\n<meta property=\"og:site_name\" content=\"Darka Maz\u00ee\" \/>\n<meta property=\"article:publisher\" content=\"https:\/\/www.facebook.com\/DarMaziKurmanci\" \/>\n<meta property=\"article:published_time\" content=\"2021-05-09T18:33:14+00:00\" \/>\n<meta property=\"article:modified_time\" content=\"2021-09-11T10:17:07+00:00\" \/>\n<meta property=\"og:image\" content=\"https:\/\/darkamazi.info\/file\/2021\/05\/amerika.jpg\" \/>\n\t<meta property=\"og:image:width\" content=\"952\" \/>\n\t<meta property=\"og:image:height\" content=\"540\" \/>\n\t<meta property=\"og:image:type\" content=\"image\/jpeg\" \/>\n<meta name=\"author\" content=\"darka mazi\" \/>\n<meta name=\"twitter:card\" content=\"summary_large_image\" \/>\n<meta name=\"twitter:creator\" content=\"@DarkaMaziLatini\" \/>\n<meta name=\"twitter:site\" content=\"@DarkaMaziLatini\" \/>\n<meta name=\"twitter:label1\" content=\"Written by\" \/>\n\t<meta name=\"twitter:data1\" content=\"darka mazi\" \/>\n\t<meta name=\"twitter:label2\" content=\"Est. reading time\" \/>\n\t<meta name=\"twitter:data2\" content=\"1 minute\" \/>\n<script type=\"application\/ld+json\" class=\"seo-schema-graph\">{\"@context\":\"https:\\\/\\\/schema.org\",\"@graph\":[{\"@type\":\"Article\",\"@id\":\"https:\\\/\\\/darkamazi.info\\\/archives\\\/1021566#article\",\"isPartOf\":{\"@id\":\"https:\\\/\\\/darkamazi.info\\\/archives\\\/1021566\"},\"author\":{\"name\":\"darka mazi\",\"@id\":\"https:\\\/\\\/darkamazi.info\\\/#\\\/schema\\\/person\\\/5ad3e24553a0567993fa8ed4bd0a776c\"},\"headline\":\"&#8220;Amer\u00eeka t\u00eakiliya d\u00eeplomat\u00eek bi Esed re nake \u00fb ji bo asay\u00eeb\u00fbn\u00ea gav nav\u00eaje&#8221;\",\"datePublished\":\"2021-05-09T18:33:14+00:00\",\"dateModified\":\"2021-09-11T10:17:07+00:00\",\"mainEntityOfPage\":{\"@id\":\"https:\\\/\\\/darkamazi.info\\\/archives\\\/1021566\"},\"wordCount\":196,\"publisher\":{\"@id\":\"https:\\\/\\\/darkamazi.info\\\/#organization\"},\"image\":{\"@id\":\"https:\\\/\\\/darkamazi.info\\\/archives\\\/1021566#primaryimage\"},\"thumbnailUrl\":\"https:\\\/\\\/darkamazi.info\\\/darka-content\\\/uploads\\\/2021\\\/05\\\/amerika.jpg\",\"keywords\":[\"sereke\"],\"articleSection\":[\"Kurdistan\"],\"inLanguage\":\"en-US\"},{\"@type\":\"WebPage\",\"@id\":\"https:\\\/\\\/darkamazi.info\\\/archives\\\/1021566\",\"url\":\"https:\\\/\\\/darkamazi.info\\\/archives\\\/1021566\",\"name\":\"\\\"Amer\u00eeka t\u00eakiliya d\u00eeplomat\u00eek bi Esed re nake \u00fb ji bo asay\u00eeb\u00fbn\u00ea gav nav\u00eaje\\\" - Darka Maz\u00ee\",\"isPartOf\":{\"@id\":\"https:\\\/\\\/darkamazi.info\\\/#website\"},\"primaryImageOfPage\":{\"@id\":\"https:\\\/\\\/darkamazi.info\\\/archives\\\/1021566#primaryimage\"},\"image\":{\"@id\":\"https:\\\/\\\/darkamazi.info\\\/archives\\\/1021566#primaryimage\"},\"thumbnailUrl\":\"https:\\\/\\\/darkamazi.info\\\/darka-content\\\/uploads\\\/2021\\\/05\\\/amerika.jpg\",\"datePublished\":\"2021-05-09T18:33:14+00:00\",\"dateModified\":\"2021-09-11T10:17:07+00:00\",\"breadcrumb\":{\"@id\":\"https:\\\/\\\/darkamazi.info\\\/archives\\\/1021566#breadcrumb\"},\"inLanguage\":\"en-US\",\"potentialAction\":[{\"@type\":\"ReadAction\",\"target\":[\"https:\\\/\\\/darkamazi.info\\\/archives\\\/1021566\"]}]},{\"@type\":\"ImageObject\",\"inLanguage\":\"en-US\",\"@id\":\"https:\\\/\\\/darkamazi.info\\\/archives\\\/1021566#primaryimage\",\"url\":\"https:\\\/\\\/darkamazi.info\\\/darka-content\\\/uploads\\\/2021\\\/05\\\/amerika.jpg\",\"contentUrl\":\"https:\\\/\\\/darkamazi.info\\\/darka-content\\\/uploads\\\/2021\\\/05\\\/amerika.jpg\",\"width\":952,\"height\":540,\"caption\":\"\\\"Amer\u00eeka t\u00eakiliya d\u00eeplomat\u00eek bi Esed re nake \u00fb ji bo asay\u00eeb\u00fbn\u00ea gav nav\u00eaje\\\"\"},{\"@type\":\"BreadcrumbList\",\"@id\":\"https:\\\/\\\/darkamazi.info\\\/archives\\\/1021566#breadcrumb\",\"itemListElement\":[{\"@type\":\"ListItem\",\"position\":1,\"name\":\"Home\",\"item\":\"https:\\\/\\\/darkamazi.info\\\/\"},{\"@type\":\"ListItem\",\"position\":2,\"name\":\"&#8220;Amer\u00eeka t\u00eakiliya d\u00eeplomat\u00eek bi Esed re nake \u00fb ji bo asay\u00eeb\u00fbn\u00ea gav nav\u00eaje&#8221;\"}]},{\"@type\":\"WebSite\",\"@id\":\"https:\\\/\\\/darkamazi.info\\\/#website\",\"url\":\"https:\\\/\\\/darkamazi.info\\\/\",\"name\":\"Darka Maz\u00ee\",\"description\":\"P\u00eageha Zanyariy\u00ean Nebih\u00eest\u00ee\",\"publisher\":{\"@id\":\"https:\\\/\\\/darkamazi.info\\\/#organization\"},\"potentialAction\":[{\"@type\":\"SearchAction\",\"target\":{\"@type\":\"EntryPoint\",\"urlTemplate\":\"https:\\\/\\\/darkamazi.info\\\/?s={search_term_string}\"},\"query-input\":{\"@type\":\"PropertyValueSpecification\",\"valueRequired\":true,\"valueName\":\"search_term_string\"}}],\"inLanguage\":\"en-US\"},{\"@type\":\"Organization\",\"@id\":\"https:\\\/\\\/darkamazi.info\\\/#organization\",\"name\":\"Darka Maz\u00ee\",\"url\":\"https:\\\/\\\/darkamazi.info\\\/\",\"logo\":{\"@type\":\"ImageObject\",\"inLanguage\":\"en-US\",\"@id\":\"https:\\\/\\\/darkamazi.info\\\/#\\\/schema\\\/logo\\\/image\\\/\",\"url\":\"https:\\\/\\\/darkamazi.info\\\/darka-content\\\/uploads\\\/2017\\\/12\\\/darka-mazi-logo.png\",\"contentUrl\":\"https:\\\/\\\/darkamazi.info\\\/darka-content\\\/uploads\\\/2017\\\/12\\\/darka-mazi-logo.png\",\"width\":151,\"height\":75,\"caption\":\"Darka Maz\u00ee\"},\"image\":{\"@id\":\"https:\\\/\\\/darkamazi.info\\\/#\\\/schema\\\/logo\\\/image\\\/\"},\"sameAs\":[\"https:\\\/\\\/www.facebook.com\\\/DarMaziKurmanci\",\"https:\\\/\\\/x.com\\\/DarkaMaziLatini\",\"https:\\\/\\\/www.instagram.com\\\/darkamazi.kurmanci\\\/\",\"https:\\\/\\\/www.youtube.com\\\/channel\\\/UCa5HkTdmI8U1qCUFuTw8B2g\"]},{\"@type\":\"Person\",\"@id\":\"https:\\\/\\\/darkamazi.info\\\/#\\\/schema\\\/person\\\/5ad3e24553a0567993fa8ed4bd0a776c\",\"name\":\"darka mazi\",\"sameAs\":[\"https:\\\/\\\/darkamazi.info\\\/\"],\"url\":\"https:\\\/\\\/darkamazi.info\\\/archives\\\/author\\\/kurdi\"}]}<\/script>\n<!-- \/ Yoast SEO plugin. -->","seo_head_json":{"title":"\"Amer\u00eeka t\u00eakiliya d\u00eeplomat\u00eek bi Esed re nake \u00fb ji bo asay\u00eeb\u00fbn\u00ea gav nav\u00eaje\" - Darka Maz\u00ee","robots":{"index":"index","follow":"follow","max-snippet":"max-snippet:-1","max-image-preview":"max-image-preview:large","max-video-preview":"max-video-preview:-1"},"canonical":"https:\/\/darkamazi.info\/archives\/1021566","og_locale":"en_US","og_type":"article","og_title":"\"Amer\u00eeka t\u00eakiliya d\u00eeplomat\u00eek bi Esed re nake \u00fb ji bo asay\u00eeb\u00fbn\u00ea gav nav\u00eaje\" - Darka Maz\u00ee","og_description":"Berdevkek\u00ee ji Wezareta Derve ya Amer\u00eekay\u00ea David Schenker, ji \u015earqul Ewset\u00ea re ragihandiye ku w\u00ea r\u00eaveberiya Serok\u00ea Amer\u00eeka Joe Biden, bi ti away\u00ee p\u00eawendiy\u00ean n\u00fb y\u00ean d\u00eeplomat\u00eek bi rej\u00eema Esed re neke \u00fb gav\u00ean ji bo asay\u00eeb\u00fbna p\u00eawendiyan nav\u00eaje. Li gor\u00ee n\u00fb\u00e7ey\u00ea berdevk\u00ea wezareta Amer\u00eek\u00ee bal ki\u015fandiye ser zilimkariya 10 sal\u00ean daw\u00ee ya rej\u00eema S\u00fbriy\u00ea [&hellip;]","og_url":"https:\/\/darkamazi.info\/archives\/1021566","og_site_name":"Darka Maz\u00ee","article_publisher":"https:\/\/www.facebook.com\/DarMaziKurmanci","article_published_time":"2021-05-09T18:33:14+00:00","article_modified_time":"2021-09-11T10:17:07+00:00","og_image":[{"width":952,"height":540,"url":"https:\/\/darkamazi.info\/file\/2021\/05\/amerika.jpg","type":"image\/jpeg"}],"author":"darka mazi","twitter_card":"summary_large_image","twitter_creator":"@DarkaMaziLatini","twitter_site":"@DarkaMaziLatini","twitter_misc":{"Written by":"darka mazi","Est. reading time":"1 minute"},"schema":{"@context":"https:\/\/schema.org","@graph":[{"@type":"Article","@id":"https:\/\/darkamazi.info\/archives\/1021566#article","isPartOf":{"@id":"https:\/\/darkamazi.info\/archives\/1021566"},"author":{"name":"darka mazi","@id":"https:\/\/darkamazi.info\/#\/schema\/person\/5ad3e24553a0567993fa8ed4bd0a776c"},"headline":"&#8220;Amer\u00eeka t\u00eakiliya d\u00eeplomat\u00eek bi Esed re nake \u00fb ji bo asay\u00eeb\u00fbn\u00ea gav nav\u00eaje&#8221;","datePublished":"2021-05-09T18:33:14+00:00","dateModified":"2021-09-11T10:17:07+00:00","mainEntityOfPage":{"@id":"https:\/\/darkamazi.info\/archives\/1021566"},"wordCount":196,"publisher":{"@id":"https:\/\/darkamazi.info\/#organization"},"image":{"@id":"https:\/\/darkamazi.info\/archives\/1021566#primaryimage"},"thumbnailUrl":"https:\/\/darkamazi.info\/file\/2021\/05\/amerika.jpg","keywords":["sereke"],"articleSection":["Kurdistan"],"inLanguage":"en-US"},{"@type":"WebPage","@id":"https:\/\/darkamazi.info\/archives\/1021566","url":"https:\/\/darkamazi.info\/archives\/1021566","name":"\"Amer\u00eeka t\u00eakiliya d\u00eeplomat\u00eek bi Esed re nake \u00fb ji bo asay\u00eeb\u00fbn\u00ea gav nav\u00eaje\" - Darka Maz\u00ee","isPartOf":{"@id":"https:\/\/darkamazi.info\/#website"},"primaryImageOfPage":{"@id":"https:\/\/darkamazi.info\/archives\/1021566#primaryimage"},"image":{"@id":"https:\/\/darkamazi.info\/archives\/1021566#primaryimage"},"thumbnailUrl":"https:\/\/darkamazi.info\/file\/2021\/05\/amerika.jpg","datePublished":"2021-05-09T18:33:14+00:00","dateModified":"2021-09-11T10:17:07+00:00","breadcrumb":{"@id":"https:\/\/darkamazi.info\/archives\/1021566#breadcrumb"},"inLanguage":"en-US","potentialAction":[{"@type":"ReadAction","target":["https:\/\/darkamazi.info\/archives\/1021566"]}]},{"@type":"ImageObject","inLanguage":"en-US","@id":"https:\/\/darkamazi.info\/archives\/1021566#primaryimage","url":"https:\/\/darkamazi.info\/file\/2021\/05\/amerika.jpg","contentUrl":"https:\/\/darkamazi.info\/file\/2021\/05\/amerika.jpg","width":952,"height":540,"caption":"\"Amer\u00eeka t\u00eakiliya d\u00eeplomat\u00eek bi Esed re nake \u00fb ji bo asay\u00eeb\u00fbn\u00ea gav nav\u00eaje\""},{"@type":"BreadcrumbList","@id":"https:\/\/darkamazi.info\/archives\/1021566#breadcrumb","itemListElement":[{"@type":"ListItem","position":1,"name":"Home","item":"https:\/\/darkamazi.info\/"},{"@type":"ListItem","position":2,"name":"&#8220;Amer\u00eeka t\u00eakiliya d\u00eeplomat\u00eek bi Esed re nake \u00fb ji bo asay\u00eeb\u00fbn\u00ea gav nav\u00eaje&#8221;"}]},{"@type":"WebSite","@id":"https:\/\/darkamazi.info\/#website","url":"https:\/\/darkamazi.info\/","name":"Darka Maz\u00ee","description":"P\u00eageha Zanyariy\u00ean Nebih\u00eest\u00ee","publisher":{"@id":"https:\/\/darkamazi.info\/#organization"},"potentialAction":[{"@type":"SearchAction","target":{"@type":"EntryPoint","urlTemplate":"https:\/\/darkamazi.info\/?s={search_term_string}"},"query-input":{"@type":"PropertyValueSpecification","valueRequired":true,"valueName":"search_term_string"}}],"inLanguage":"en-US"},{"@type":"Organization","@id":"https:\/\/darkamazi.info\/#organization","name":"Darka Maz\u00ee","url":"https:\/\/darkamazi.info\/","logo":{"@type":"ImageObject","inLanguage":"en-US","@id":"https:\/\/darkamazi.info\/#\/schema\/logo\/image\/","url":"https:\/\/darkamazi.info\/file\/2017\/12\/darka-mazi-logo.png","contentUrl":"https:\/\/darkamazi.info\/file\/2017\/12\/darka-mazi-logo.png","width":151,"height":75,"caption":"Darka Maz\u00ee"},"image":{"@id":"https:\/\/darkamazi.info\/#\/schema\/logo\/image\/"},"sameAs":["https:\/\/www.facebook.com\/DarMaziKurmanci","https:\/\/x.com\/DarkaMaziLatini","https:\/\/www.instagram.com\/darkamazi.kurmanci\/","https:\/\/www.youtube.com\/channel\/UCa5HkTdmI8U1qCUFuTw8B2g"]},{"@type":"Person","@id":"https:\/\/darkamazi.info\/#\/schema\/person\/5ad3e24553a0567993fa8ed4bd0a776c","name":"darka mazi","sameAs":["https:\/\/darkamazi.info\/"],"url":"https:\/\/darkamazi.info\/archives\/author\/kurdi"}]}},"_links":{"self":[{"href":"https:\/\/darkamazi.info\/funavuv\/wp\/v2\/posts\/1021566","targetHints":{"allow":["GET"]}}],"collection":[{"href":"https:\/\/darkamazi.info\/funavuv\/wp\/v2\/posts"}],"about":[{"href":"https:\/\/darkamazi.info\/funavuv\/wp\/v2\/types\/post"}],"author":[{"embeddable":true,"href":"https:\/\/darkamazi.info\/funavuv\/wp\/v2\/users\/2"}],"replies":[{"embeddable":true,"href":"https:\/\/darkamazi.info\/funavuv\/wp\/v2\/comments?post=1021566"}],"version-history":[{"count":0,"href":"https:\/\/darkamazi.info\/funavuv\/wp\/v2\/posts\/1021566\/revisions"}],"wp:featuredmedia":[{"embeddable":true,"href":"https:\/\/darkamazi.info\/funavuv\/wp\/v2\/media\/1021567"}],"wp:attachment":[{"href":"https:\/\/darkamazi.info\/funavuv\/wp\/v2\/media?parent=1021566"}],"wp:term":[{"taxonomy":"category","embeddable":true,"href":"https:\/\/darkamazi.info\/funavuv\/wp\/v2\/categories?post=1021566"},{"taxonomy":"post_tag","embeddable":true,"href":"https:\/\/darkamazi.info\/funavuv\/wp\/v2\/tags?post=1021566"}],"curies":[{"name":"wp","href":"https:\/\/api.w.org\/{rel}","templated":true}]}}