{"id":1021589,"date":"2021-05-10T17:19:23","date_gmt":"2021-05-10T14:19:23","guid":{"rendered":"https:\/\/darkamazi.info\/?p=1021589"},"modified":"2021-09-11T13:16:03","modified_gmt":"2021-09-11T10:16:03","slug":"dive-em-kurd-edi-ji-vi-his-u-mantiqe-siyasi-ra-bejin-bese","status":"publish","type":"post","link":"https:\/\/darkamazi.info\/archives\/1021589","title":{"rendered":"Div\u00ea em Kurd \u00ead\u00ee ji v\u00ee hi\u015f \u00fb mantiq\u00ea s\u00eeyas\u00ee ra b\u00eajin bese!"},"content":{"rendered":"<h3 style=\"text-align: justify;\"><span style=\"font-family: 'arial black', sans-serif;\">Doza Kurd \u00fb Kurdistan\u00ea dozeke netew\u00ee ye, doz\u00ean netewet\u00ee bi gi\u015ft\u00ee bi stratej\u00ee \u00fb bi yek\u00eet\u00eey\u00ean netew\u00ee va bi serketine.!<\/span><\/h3>\n<h3 style=\"text-align: justify;\">L\u00ea hezar mixabin, di hi\u015f \u00fb m\u00eajuy\u00ean s\u00eeyaseta me Kurdan da, pol\u00eetika yek girtin\u00ea n\u00eene \u00fb div\u00ea em Kurd v\u00ea rast\u00eeya xwe qeb\u00fbl bikin.<\/h3>\n<h3 style=\"text-align: justify;\">Gelek kes v\u00ea rew\u015f\u00ea bi lewazb\u00fbna hest\u00ean netew\u00ee va gir\u00eadidin, l\u00ea ev ne rast e. Di nav Kurdan da hest\u00ean netewet\u00eey\u00ean xurt e, Kurdan berd\u00eal\u00ean mezin dan. Ji kestin serhildan \u00fb berxwedan\u00ean Kurdan, ji b\u00ea tifaq\u00eeya nav K\u00fbrdan b\u00fbye \u00fb ev rast\u00eeya \u00ead\u00ee nay\u00ea ve\u015fartin. \u00cero j\u00ee ev rew\u015fa s\u00eeyas\u00ee di nav Kurdan da dom dike \u00fb f\u00eelizof\u00ea mezin y\u00ea nemir Ehmed\u00ea Xani j\u00ee ev rastiya me Kurda an\u00eeye ziman.!<\/h3>\n<h3 style=\"text-align: justify;\">Ev rew\u015fa ten\u00ea li Bak\u00fbr\u00ea Kurdistan\u00ea nine \u00fb li her\u00e7ar par\u00e7\u00ean Kurdistan\u00ea heye, k\u00eam \u00fb z\u00eade ji hev \u00e7\u00fbda n\u00eene.<\/h3>\n<h3 style=\"text-align: justify;\">Em b\u00ean ser rew\u015fa Bak\u00fbr\u00ea Kurdistan\u00ea;<\/h3>\n<h3 style=\"text-align: justify;\">Li Bakur Kurdan berd\u00eal\u00ean mezin dan \u00fb didin, l\u00ea mixabin gava em li encam\u00ean s\u00eeyas\u00ee din\u00earin, ti destkeftek\u00ee Kurda y\u00ean s\u00eeyas\u00ee n\u00eene. \u201cWek T\u00eereneke li ser xet\u00ea here \u00fb were, ten\u00ea meriv l\u00ea s\u00eewardibin \u00fb peya bibin\u201d s\u00eeyaset qalibek\u00ee mekan\u00eek n\u00eene, li gor \u015fert \u00fb mercan div\u00ea xwe biguherine.!<\/h3>\n<h3 style=\"text-align: justify;\">Heta k\u00eeder w\u00ea wiha dom bike, ma \u00ead\u00ee ne bese?<\/h3>\n<h3 style=\"text-align: justify;\">Div\u00ea em bi dengek\u00ee bilind va b\u00eajin \u00ead\u00ee bes e!!!<\/h3>\n<h3 style=\"text-align: justify;\">S\u00eeyaseta Bak\u00fbr, sed\u00ee 95\u00ea w\u00ee li ser rexne kirin\u00ea va t\u00ea me\u015fandin. Sedem\u00ea w\u00ee ji ne guhartina s\u00eeyas\u00ee \u00fb b\u00ea alternat\u00eefb\u00fbn\u00ea t\u00ea.<\/h3>\n<h3 style=\"text-align: justify;\">HDP\/ PKKe di cih\u00ea ku xwe bigurer\u00eene, hikumeta AKP\u00ea rexne dike \u00fb part\u00ee \u00fb r\u00eaxistin\u00ean Kurdan y\u00ean din j\u00ee HDP\/PKK rexne dikin. Bi giran\u00ee rojeva s\u00eeyasi li Bak\u00fbr\u00ea Kurdistan\u00ea b\u00ea alternat\u00eef e&#8230;<\/h3>\n<h3 style=\"text-align: justify;\">Stratej\u00eey\u00ea HDP\/PKK\u00ea \u201ckomara demokrat\u00eek\u201d \u00fb demokrat\u00eek kirina Tirk\u00eey\u00ea wek stratej\u00ee s\u00eeyas\u00ee kir\u00eeye armanca, li gor w\u00ea armanc\u00ea \u201cyek\u00eeti \u00fb tifaka\u201c dike. L\u00ea li ser stratej\u00eek\u00ee wiha pol\u00eet\u00eekek netew\u00ee \u00fb yek\u00eet\u00eek di Kurdan da p\u00ea nay\u00ea&#8230;<\/h3>\n<h3 style=\"text-align: justify;\">Bang kirin\u00ean bo yek\u00eet\u00eey\u00ean, ji bo \u201cxwepandina\u201d al\u00eegira ne, ji ber ku hejimarek mezin Kurd\u00ean al\u00eegir\u00ean HDP\u00ea, ji w\u00ea p\u00eavajoya s\u00eeyas\u00ee ne raz\u00eene. Ji bo ku wan al\u00eegiran ku xwed\u00eey\u00ean hest\u00ean netew\u00ee ne \u00fb wana li der-dor\u00ea xwe akt\u00eef bigre, herwiha bang\u00ean yek\u00eet\u00eeyan dike, l\u00ea ev bangana hem\u00fb ji bo propaganday\u00ean s\u00eeyas\u00ee ne&#8230;<\/h3>\n<h3 style=\"text-align: justify;\">Part\u00eey\u00ean Kurdan y\u00ean din, her \u00e7iqas federasyon \u00fb maf\u00ean \u00e7aran\u00fbs kiribin program\u00ean xwe, l\u00ea prat\u00eek \u00fb pol\u00eetaka wan ji HDP\u00ea \u00e7\u00fbdatir n\u00eene. Dibe ku hinek b\u00eajin \u201c\u00e7awa dibe em \u00fb HDP wek hev dibin\u201d? Bel\u00ea, prat\u00ee-pol\u00eet\u00eeka hem\u00fb part\u00eey\u00ean Kurdan y\u00ean Bak\u00fbr di \u00e7ar\u00e7ov\u00ean \u201cyasay\u00ean\u201d dewlet\u00ea da pol\u00eet\u00eekay\u00ea dikin. Armanca wan, bi r\u00eaya meclisa tirk va bo guharina zagona bingeh\u00ee ye \u00fb bi destxistina maf\u00ean wek hev\u00ee ye. Bi kurtay\u00ee pol\u00eet\u00eeka par\u00eet\u00ee \u00fb r\u00eaxistinan ev e.<\/h3>\n<h3 style=\"text-align: justify;\">Herwiha di pol\u00eet\u00eeka van da yek\u00eet\u00eeyeke netew\u00ee n\u00eene. Yek\u00eet\u00eeya netew\u00ee, bi bang\u00ean li ser \u201cmedya civat\u00ee\u201c va p\u00eak nay\u00ea. Heger r\u00eaxistinek di pol\u00eet\u00eeka xwe a yek\u00eet\u00eey\u00ea da ku cid\u00ee be, w\u00ea bo yek\u00eet\u00eey\u00ea koms\u00eeyoneke yek\u00eet\u00eey\u00ea \u00fb dialoga ava bikin \u00fb dest bi hevd\u00eetinan bikin. L\u00ea piran\u00eeya part\u00ee \u00fb r\u00eaxistinan bang\u00ean wan ji bo yek\u00eet\u00eey\u00ea, wiha ye: \u201cwer\u00ean di nav part\u00eeya me da cih bigrin \u00fb em bi h\u00eaz bibin, ku bo yek\u00eet\u00eeyan rolek\u00ee biley\u00eezin\u201d?<\/h3>\n<h3 style=\"text-align: justify;\">L\u00ea mixabin ev part\u00ee \u00fb r\u00eaxistinan dema ku bi h\u00eaz b\u00fbn j\u00ee yek\u00eet\u00eey\u00ean mayende nikarb\u00fbn ava bikirana. Sedema lewzab\u00fbna wan ji pol\u00eet\u00eeka wan a r\u00eaxistin\u00ee t\u00ea \u00fb peydab\u00fbye, ne ku di civat\u00ea da hest\u00ean netew\u00ee lewaz in, an j\u00ee j\u00ea d\u00fbr ketine. Bilekis \u00eero hest\u00ean netew\u00ee di civata Kurd \u00fb Kurdistan\u00ea da xurt \u00fb bi h\u00eaz e, xwedin \u00fb p\u00ea\u015fketin di civata Kurd \u00fb Kurdistan\u00ea da gelek p\u00ea\u015fket\u00eeye.<\/h3>\n<h3 style=\"text-align: justify;\">Gava parti \u00fb r\u00eaxistin ku xwestek\u00ean gel \u00fb li gor berjewend\u00eey\u00ean netew\u00ee pol\u00eet\u00eekay\u00ea neme\u015f\u00eenin, civat pi\u015ftgir\u00eey\u00ea nad\u00ea, ev ten\u00ea di nav Kurdan da wiha n\u00eene \u00fb k\u00eam-z\u00eade li hem\u00fb welatan wiha ye.<\/h3>\n<h3 style=\"text-align: justify;\">L\u00ea welatek\u00ee wek Kurdistan ku hat\u00eeye dagirkirin, hem\u00fb maf\u00ean mirovane \u00fb s\u00eeyas\u00ee hwd, ku hat\u00eeye qedexe kirin, s\u00eeyaset kirin h\u00easan n\u00eene. L\u00ea di serda j\u00ee ku siyaset berjewend\u00eey\u00ean gel pi\u015ftguh bike \u00fb d\u00fbr berjewend\u00eey\u00ean gel s\u00eey\u00eeyaset\u00ea bime\u015f\u00eene, encam j\u00ee w\u00ea wek \u00eero bibe.!<\/h3>\n<h3 style=\"text-align: justify;\">S\u00eeyaset ji bo \u00e7areser kirina pirsgir\u00eak\u00ean civat\u00ea t\u00ea kirin, gava s\u00eeyaset ku ji van armancan d\u00fbr ket, elbete w\u00ea lewaz bibe. \u00cero xwestek \u00fb berjewend\u00eey\u00ean gel\u00ea Kurdistan\u00ea, bi yek\u00eet\u00eek\u00ee netew\u00ee \u00fb bi pol\u00eet\u00eekek netew\u00ee Kurdistan\u00ee heye. Gava s\u00eeyaset ku berpirs\u00eeyar\u00eeya xwe nan\u00ee c\u00ee, w\u00ea civat\u00ea j\u00ee ji s\u00eeyaset\u00ea d\u00fbr bikeve. Geva h\u00eaz\u00ean Kurdistan\u00ea wek al\u00eeyek\u00ee Kurdistan\u00ee ku yek\u00eet\u00eeyek\u00ee ava bikin, w\u00ea bandora wan li ser part\u00eey\u00ean tirkan \u00fb hikumeta tirk z\u00eade be, herwih di asta nevnetew\u00ee da ji d\u00ea z\u00eade destek bigrin.!<\/h3>\n<h3 style=\"text-align: justify;\">Geva part\u00ee \u00fb r\u00eaxistin\u00ean Kurdistan\u00ea ku yek\u00eet\u00eek\u00ee wan tineb\u00fb, w\u00ea wek part\u00eey\u00ean tirkan, niqa\u015fan li ser pol\u00eet\u00eeka desthilatdar\u00eeya tirk bikin \u00fb daw\u00eey\u00eey\u00ea da para Kurdan w\u00ea zilm bikeve.<\/h3>\n<h3 style=\"text-align: justify;\">\u00cad\u00ee bes e, div\u00ea ev pol\u00eet\u00eeka Kurdan b\u00eate guhatin !!!<\/h3>\n<h3 style=\"text-align: justify;\">Xel\u00eel S\u00eepan<\/h3>\n<ol>\n<li>\n<h3>Gulan 2021<\/h3>\n<\/li>\n<\/ol>\n","protected":false},"excerpt":{"rendered":"<p>Doza Kurd \u00fb Kurdistan\u00ea dozeke netew\u00ee ye, doz\u00ean netewet\u00ee bi gi\u015ft\u00ee bi stratej\u00ee \u00fb bi yek\u00eet\u00eey\u00ean netew\u00ee va bi serketine.! L\u00ea hezar mixabin, di hi\u015f \u00fb m\u00eajuy\u00ean s\u00eeyaseta me Kurdan da, pol\u00eetika yek girtin\u00ea n\u00eene \u00fb div\u00ea em Kurd v\u00ea rast\u00eeya xwe qeb\u00fbl bikin. Gelek kes v\u00ea rew\u015f\u00ea bi lewazb\u00fbna hest\u00ean netew\u00ee va gir\u00eadidin, l\u00ea [&hellip;]<\/p>\n","protected":false},"author":2,"featured_media":1021590,"comment_status":"closed","ping_status":"closed","sticky":false,"template":"","format":"standard","meta":{"footnotes":""},"categories":[28],"tags":[37],"class_list":["post-1021589","post","type-post","status-publish","format-standard","has-post-thumbnail","hentry","category-nerin","tag-sereke"],"blocksy_meta":[],"seo_head":"<!-- This site is optimized with the Yoast SEO plugin v27.5 - https:\/\/yoast.com\/product\/yoast-seo-wordpress\/ -->\n<title>Div\u00ea em Kurd \u00ead\u00ee ji v\u00ee hi\u015f \u00fb mantiq\u00ea s\u00eeyas\u00ee ra b\u00eajin bese! - Darka Maz\u00ee<\/title>\n<meta name=\"robots\" content=\"index, follow, max-snippet:-1, max-image-preview:large, max-video-preview:-1\" \/>\n<link rel=\"canonical\" href=\"https:\/\/darkamazi.info\/archives\/1021589\" \/>\n<meta property=\"og:locale\" content=\"en_US\" \/>\n<meta property=\"og:type\" content=\"article\" \/>\n<meta property=\"og:title\" content=\"Div\u00ea em Kurd \u00ead\u00ee ji v\u00ee hi\u015f \u00fb mantiq\u00ea s\u00eeyas\u00ee ra b\u00eajin bese! - Darka Maz\u00ee\" \/>\n<meta property=\"og:description\" content=\"Doza Kurd \u00fb Kurdistan\u00ea dozeke netew\u00ee ye, doz\u00ean netewet\u00ee bi gi\u015ft\u00ee bi stratej\u00ee \u00fb bi yek\u00eet\u00eey\u00ean netew\u00ee va bi serketine.! L\u00ea hezar mixabin, di hi\u015f \u00fb m\u00eajuy\u00ean s\u00eeyaseta me Kurdan da, pol\u00eetika yek girtin\u00ea n\u00eene \u00fb div\u00ea em Kurd v\u00ea rast\u00eeya xwe qeb\u00fbl bikin. Gelek kes v\u00ea rew\u015f\u00ea bi lewazb\u00fbna hest\u00ean netew\u00ee va gir\u00eadidin, l\u00ea [&hellip;]\" \/>\n<meta property=\"og:url\" content=\"https:\/\/darkamazi.info\/archives\/1021589\" \/>\n<meta property=\"og:site_name\" content=\"Darka Maz\u00ee\" \/>\n<meta property=\"article:publisher\" content=\"https:\/\/www.facebook.com\/DarMaziKurmanci\" \/>\n<meta property=\"article:published_time\" content=\"2021-05-10T14:19:23+00:00\" \/>\n<meta property=\"article:modified_time\" content=\"2021-09-11T10:16:03+00:00\" \/>\n<meta property=\"og:image\" content=\"https:\/\/darkamazi.info\/file\/2021\/05\/edi-bese.jpg\" \/>\n\t<meta property=\"og:image:width\" content=\"900\" \/>\n\t<meta property=\"og:image:height\" content=\"497\" \/>\n\t<meta property=\"og:image:type\" content=\"image\/jpeg\" \/>\n<meta name=\"author\" content=\"darka mazi\" \/>\n<meta name=\"twitter:card\" content=\"summary_large_image\" \/>\n<meta name=\"twitter:creator\" content=\"@DarkaMaziLatini\" \/>\n<meta name=\"twitter:site\" content=\"@DarkaMaziLatini\" \/>\n<meta name=\"twitter:label1\" content=\"Written by\" \/>\n\t<meta name=\"twitter:data1\" content=\"darka mazi\" \/>\n\t<meta name=\"twitter:label2\" content=\"Est. reading time\" \/>\n\t<meta name=\"twitter:data2\" content=\"4 minutes\" \/>\n<script type=\"application\/ld+json\" class=\"seo-schema-graph\">{\"@context\":\"https:\\\/\\\/schema.org\",\"@graph\":[{\"@type\":\"Article\",\"@id\":\"https:\\\/\\\/darkamazi.info\\\/archives\\\/1021589#article\",\"isPartOf\":{\"@id\":\"https:\\\/\\\/darkamazi.info\\\/archives\\\/1021589\"},\"author\":{\"name\":\"darka mazi\",\"@id\":\"https:\\\/\\\/darkamazi.info\\\/#\\\/schema\\\/person\\\/5ad3e24553a0567993fa8ed4bd0a776c\"},\"headline\":\"Div\u00ea em Kurd \u00ead\u00ee ji v\u00ee hi\u015f \u00fb mantiq\u00ea s\u00eeyas\u00ee ra b\u00eajin bese!\",\"datePublished\":\"2021-05-10T14:19:23+00:00\",\"dateModified\":\"2021-09-11T10:16:03+00:00\",\"mainEntityOfPage\":{\"@id\":\"https:\\\/\\\/darkamazi.info\\\/archives\\\/1021589\"},\"wordCount\":984,\"publisher\":{\"@id\":\"https:\\\/\\\/darkamazi.info\\\/#organization\"},\"image\":{\"@id\":\"https:\\\/\\\/darkamazi.info\\\/archives\\\/1021589#primaryimage\"},\"thumbnailUrl\":\"https:\\\/\\\/darkamazi.info\\\/darka-content\\\/uploads\\\/2021\\\/05\\\/edi-bese.jpg\",\"keywords\":[\"sereke\"],\"articleSection\":[\"Ner\u00een\"],\"inLanguage\":\"en-US\"},{\"@type\":\"WebPage\",\"@id\":\"https:\\\/\\\/darkamazi.info\\\/archives\\\/1021589\",\"url\":\"https:\\\/\\\/darkamazi.info\\\/archives\\\/1021589\",\"name\":\"Div\u00ea em Kurd \u00ead\u00ee ji v\u00ee hi\u015f \u00fb mantiq\u00ea s\u00eeyas\u00ee ra b\u00eajin bese! - Darka Maz\u00ee\",\"isPartOf\":{\"@id\":\"https:\\\/\\\/darkamazi.info\\\/#website\"},\"primaryImageOfPage\":{\"@id\":\"https:\\\/\\\/darkamazi.info\\\/archives\\\/1021589#primaryimage\"},\"image\":{\"@id\":\"https:\\\/\\\/darkamazi.info\\\/archives\\\/1021589#primaryimage\"},\"thumbnailUrl\":\"https:\\\/\\\/darkamazi.info\\\/darka-content\\\/uploads\\\/2021\\\/05\\\/edi-bese.jpg\",\"datePublished\":\"2021-05-10T14:19:23+00:00\",\"dateModified\":\"2021-09-11T10:16:03+00:00\",\"breadcrumb\":{\"@id\":\"https:\\\/\\\/darkamazi.info\\\/archives\\\/1021589#breadcrumb\"},\"inLanguage\":\"en-US\",\"potentialAction\":[{\"@type\":\"ReadAction\",\"target\":[\"https:\\\/\\\/darkamazi.info\\\/archives\\\/1021589\"]}]},{\"@type\":\"ImageObject\",\"inLanguage\":\"en-US\",\"@id\":\"https:\\\/\\\/darkamazi.info\\\/archives\\\/1021589#primaryimage\",\"url\":\"https:\\\/\\\/darkamazi.info\\\/darka-content\\\/uploads\\\/2021\\\/05\\\/edi-bese.jpg\",\"contentUrl\":\"https:\\\/\\\/darkamazi.info\\\/darka-content\\\/uploads\\\/2021\\\/05\\\/edi-bese.jpg\",\"width\":900,\"height\":497,\"caption\":\"Div\u00ea em Kurd \u00ead\u00ee ji v\u00ee hi\u015f \u00fb mantiq\u00ea s\u00eeyas\u00ee ra b\u00eajin bese!\"},{\"@type\":\"BreadcrumbList\",\"@id\":\"https:\\\/\\\/darkamazi.info\\\/archives\\\/1021589#breadcrumb\",\"itemListElement\":[{\"@type\":\"ListItem\",\"position\":1,\"name\":\"Home\",\"item\":\"https:\\\/\\\/darkamazi.info\\\/\"},{\"@type\":\"ListItem\",\"position\":2,\"name\":\"Div\u00ea em Kurd \u00ead\u00ee ji v\u00ee hi\u015f \u00fb mantiq\u00ea s\u00eeyas\u00ee ra b\u00eajin bese!\"}]},{\"@type\":\"WebSite\",\"@id\":\"https:\\\/\\\/darkamazi.info\\\/#website\",\"url\":\"https:\\\/\\\/darkamazi.info\\\/\",\"name\":\"Darka Maz\u00ee\",\"description\":\"P\u00eageha Zanyariy\u00ean Nebih\u00eest\u00ee\",\"publisher\":{\"@id\":\"https:\\\/\\\/darkamazi.info\\\/#organization\"},\"potentialAction\":[{\"@type\":\"SearchAction\",\"target\":{\"@type\":\"EntryPoint\",\"urlTemplate\":\"https:\\\/\\\/darkamazi.info\\\/?s={search_term_string}\"},\"query-input\":{\"@type\":\"PropertyValueSpecification\",\"valueRequired\":true,\"valueName\":\"search_term_string\"}}],\"inLanguage\":\"en-US\"},{\"@type\":\"Organization\",\"@id\":\"https:\\\/\\\/darkamazi.info\\\/#organization\",\"name\":\"Darka Maz\u00ee\",\"url\":\"https:\\\/\\\/darkamazi.info\\\/\",\"logo\":{\"@type\":\"ImageObject\",\"inLanguage\":\"en-US\",\"@id\":\"https:\\\/\\\/darkamazi.info\\\/#\\\/schema\\\/logo\\\/image\\\/\",\"url\":\"https:\\\/\\\/darkamazi.info\\\/darka-content\\\/uploads\\\/2017\\\/12\\\/darka-mazi-logo.png\",\"contentUrl\":\"https:\\\/\\\/darkamazi.info\\\/darka-content\\\/uploads\\\/2017\\\/12\\\/darka-mazi-logo.png\",\"width\":151,\"height\":75,\"caption\":\"Darka Maz\u00ee\"},\"image\":{\"@id\":\"https:\\\/\\\/darkamazi.info\\\/#\\\/schema\\\/logo\\\/image\\\/\"},\"sameAs\":[\"https:\\\/\\\/www.facebook.com\\\/DarMaziKurmanci\",\"https:\\\/\\\/x.com\\\/DarkaMaziLatini\",\"https:\\\/\\\/www.instagram.com\\\/darkamazi.kurmanci\\\/\",\"https:\\\/\\\/www.youtube.com\\\/channel\\\/UCa5HkTdmI8U1qCUFuTw8B2g\"]},{\"@type\":\"Person\",\"@id\":\"https:\\\/\\\/darkamazi.info\\\/#\\\/schema\\\/person\\\/5ad3e24553a0567993fa8ed4bd0a776c\",\"name\":\"darka mazi\",\"sameAs\":[\"https:\\\/\\\/darkamazi.info\\\/\"],\"url\":\"https:\\\/\\\/darkamazi.info\\\/archives\\\/author\\\/kurdi\"}]}<\/script>\n<!-- \/ Yoast SEO plugin. -->","seo_head_json":{"title":"Div\u00ea em Kurd \u00ead\u00ee ji v\u00ee hi\u015f \u00fb mantiq\u00ea s\u00eeyas\u00ee ra b\u00eajin bese! - Darka Maz\u00ee","robots":{"index":"index","follow":"follow","max-snippet":"max-snippet:-1","max-image-preview":"max-image-preview:large","max-video-preview":"max-video-preview:-1"},"canonical":"https:\/\/darkamazi.info\/archives\/1021589","og_locale":"en_US","og_type":"article","og_title":"Div\u00ea em Kurd \u00ead\u00ee ji v\u00ee hi\u015f \u00fb mantiq\u00ea s\u00eeyas\u00ee ra b\u00eajin bese! - Darka Maz\u00ee","og_description":"Doza Kurd \u00fb Kurdistan\u00ea dozeke netew\u00ee ye, doz\u00ean netewet\u00ee bi gi\u015ft\u00ee bi stratej\u00ee \u00fb bi yek\u00eet\u00eey\u00ean netew\u00ee va bi serketine.! L\u00ea hezar mixabin, di hi\u015f \u00fb m\u00eajuy\u00ean s\u00eeyaseta me Kurdan da, pol\u00eetika yek girtin\u00ea n\u00eene \u00fb div\u00ea em Kurd v\u00ea rast\u00eeya xwe qeb\u00fbl bikin. Gelek kes v\u00ea rew\u015f\u00ea bi lewazb\u00fbna hest\u00ean netew\u00ee va gir\u00eadidin, l\u00ea [&hellip;]","og_url":"https:\/\/darkamazi.info\/archives\/1021589","og_site_name":"Darka Maz\u00ee","article_publisher":"https:\/\/www.facebook.com\/DarMaziKurmanci","article_published_time":"2021-05-10T14:19:23+00:00","article_modified_time":"2021-09-11T10:16:03+00:00","og_image":[{"width":900,"height":497,"url":"https:\/\/darkamazi.info\/file\/2021\/05\/edi-bese.jpg","type":"image\/jpeg"}],"author":"darka mazi","twitter_card":"summary_large_image","twitter_creator":"@DarkaMaziLatini","twitter_site":"@DarkaMaziLatini","twitter_misc":{"Written by":"darka mazi","Est. reading time":"4 minutes"},"schema":{"@context":"https:\/\/schema.org","@graph":[{"@type":"Article","@id":"https:\/\/darkamazi.info\/archives\/1021589#article","isPartOf":{"@id":"https:\/\/darkamazi.info\/archives\/1021589"},"author":{"name":"darka mazi","@id":"https:\/\/darkamazi.info\/#\/schema\/person\/5ad3e24553a0567993fa8ed4bd0a776c"},"headline":"Div\u00ea em Kurd \u00ead\u00ee ji v\u00ee hi\u015f \u00fb mantiq\u00ea s\u00eeyas\u00ee ra b\u00eajin bese!","datePublished":"2021-05-10T14:19:23+00:00","dateModified":"2021-09-11T10:16:03+00:00","mainEntityOfPage":{"@id":"https:\/\/darkamazi.info\/archives\/1021589"},"wordCount":984,"publisher":{"@id":"https:\/\/darkamazi.info\/#organization"},"image":{"@id":"https:\/\/darkamazi.info\/archives\/1021589#primaryimage"},"thumbnailUrl":"https:\/\/darkamazi.info\/file\/2021\/05\/edi-bese.jpg","keywords":["sereke"],"articleSection":["Ner\u00een"],"inLanguage":"en-US"},{"@type":"WebPage","@id":"https:\/\/darkamazi.info\/archives\/1021589","url":"https:\/\/darkamazi.info\/archives\/1021589","name":"Div\u00ea em Kurd \u00ead\u00ee ji v\u00ee hi\u015f \u00fb mantiq\u00ea s\u00eeyas\u00ee ra b\u00eajin bese! - Darka Maz\u00ee","isPartOf":{"@id":"https:\/\/darkamazi.info\/#website"},"primaryImageOfPage":{"@id":"https:\/\/darkamazi.info\/archives\/1021589#primaryimage"},"image":{"@id":"https:\/\/darkamazi.info\/archives\/1021589#primaryimage"},"thumbnailUrl":"https:\/\/darkamazi.info\/file\/2021\/05\/edi-bese.jpg","datePublished":"2021-05-10T14:19:23+00:00","dateModified":"2021-09-11T10:16:03+00:00","breadcrumb":{"@id":"https:\/\/darkamazi.info\/archives\/1021589#breadcrumb"},"inLanguage":"en-US","potentialAction":[{"@type":"ReadAction","target":["https:\/\/darkamazi.info\/archives\/1021589"]}]},{"@type":"ImageObject","inLanguage":"en-US","@id":"https:\/\/darkamazi.info\/archives\/1021589#primaryimage","url":"https:\/\/darkamazi.info\/file\/2021\/05\/edi-bese.jpg","contentUrl":"https:\/\/darkamazi.info\/file\/2021\/05\/edi-bese.jpg","width":900,"height":497,"caption":"Div\u00ea em Kurd \u00ead\u00ee ji v\u00ee hi\u015f \u00fb mantiq\u00ea s\u00eeyas\u00ee ra b\u00eajin bese!"},{"@type":"BreadcrumbList","@id":"https:\/\/darkamazi.info\/archives\/1021589#breadcrumb","itemListElement":[{"@type":"ListItem","position":1,"name":"Home","item":"https:\/\/darkamazi.info\/"},{"@type":"ListItem","position":2,"name":"Div\u00ea em Kurd \u00ead\u00ee ji v\u00ee hi\u015f \u00fb mantiq\u00ea s\u00eeyas\u00ee ra b\u00eajin bese!"}]},{"@type":"WebSite","@id":"https:\/\/darkamazi.info\/#website","url":"https:\/\/darkamazi.info\/","name":"Darka Maz\u00ee","description":"P\u00eageha Zanyariy\u00ean Nebih\u00eest\u00ee","publisher":{"@id":"https:\/\/darkamazi.info\/#organization"},"potentialAction":[{"@type":"SearchAction","target":{"@type":"EntryPoint","urlTemplate":"https:\/\/darkamazi.info\/?s={search_term_string}"},"query-input":{"@type":"PropertyValueSpecification","valueRequired":true,"valueName":"search_term_string"}}],"inLanguage":"en-US"},{"@type":"Organization","@id":"https:\/\/darkamazi.info\/#organization","name":"Darka Maz\u00ee","url":"https:\/\/darkamazi.info\/","logo":{"@type":"ImageObject","inLanguage":"en-US","@id":"https:\/\/darkamazi.info\/#\/schema\/logo\/image\/","url":"https:\/\/darkamazi.info\/file\/2017\/12\/darka-mazi-logo.png","contentUrl":"https:\/\/darkamazi.info\/file\/2017\/12\/darka-mazi-logo.png","width":151,"height":75,"caption":"Darka Maz\u00ee"},"image":{"@id":"https:\/\/darkamazi.info\/#\/schema\/logo\/image\/"},"sameAs":["https:\/\/www.facebook.com\/DarMaziKurmanci","https:\/\/x.com\/DarkaMaziLatini","https:\/\/www.instagram.com\/darkamazi.kurmanci\/","https:\/\/www.youtube.com\/channel\/UCa5HkTdmI8U1qCUFuTw8B2g"]},{"@type":"Person","@id":"https:\/\/darkamazi.info\/#\/schema\/person\/5ad3e24553a0567993fa8ed4bd0a776c","name":"darka mazi","sameAs":["https:\/\/darkamazi.info\/"],"url":"https:\/\/darkamazi.info\/archives\/author\/kurdi"}]}},"_links":{"self":[{"href":"https:\/\/darkamazi.info\/funavuv\/wp\/v2\/posts\/1021589","targetHints":{"allow":["GET"]}}],"collection":[{"href":"https:\/\/darkamazi.info\/funavuv\/wp\/v2\/posts"}],"about":[{"href":"https:\/\/darkamazi.info\/funavuv\/wp\/v2\/types\/post"}],"author":[{"embeddable":true,"href":"https:\/\/darkamazi.info\/funavuv\/wp\/v2\/users\/2"}],"replies":[{"embeddable":true,"href":"https:\/\/darkamazi.info\/funavuv\/wp\/v2\/comments?post=1021589"}],"version-history":[{"count":0,"href":"https:\/\/darkamazi.info\/funavuv\/wp\/v2\/posts\/1021589\/revisions"}],"wp:featuredmedia":[{"embeddable":true,"href":"https:\/\/darkamazi.info\/funavuv\/wp\/v2\/media\/1021590"}],"wp:attachment":[{"href":"https:\/\/darkamazi.info\/funavuv\/wp\/v2\/media?parent=1021589"}],"wp:term":[{"taxonomy":"category","embeddable":true,"href":"https:\/\/darkamazi.info\/funavuv\/wp\/v2\/categories?post=1021589"},{"taxonomy":"post_tag","embeddable":true,"href":"https:\/\/darkamazi.info\/funavuv\/wp\/v2\/tags?post=1021589"}],"curies":[{"name":"wp","href":"https:\/\/api.w.org\/{rel}","templated":true}]}}