{"id":1021631,"date":"2021-05-12T16:42:40","date_gmt":"2021-05-12T13:42:40","guid":{"rendered":"https:\/\/darkamazi.info\/?p=1021631"},"modified":"2021-09-11T13:13:53","modified_gmt":"2021-09-11T10:13:53","slug":"cima-erebistana-sudi-di-merasimen-peswazikirine-yen-fermi-de-fersen-binefsi-bikar-tine","status":"publish","type":"post","link":"https:\/\/darkamazi.info\/archives\/1021631","title":{"rendered":"\u00c7ima Erebistana S\u00fbd\u00ee di meras\u00eem\u00ean p\u00ea\u015fwaz\u00eekirin\u00ea y\u00ean ferm\u00ee de fer\u015f\u00ean binef\u015f\u00ee bikar t\u00eene?"},"content":{"rendered":"<h3 style=\"text-align: justify;\"><span style=\"font-family: 'arial black', sans-serif;\">Hik\u00fbmeta Erebistana S\u00fbd\u00ee ji bo p\u00ea\u015fwaz\u00eekirina m\u00eavan\u00ean xwey\u00ean ferm\u00ee, serok, serokwez\u00eer, sef\u00eer \u00fb n\u00fbner\u00ean welat\u00ean bira \u00fb dost, reng\u00ea binef\u015f\u00ee hilbijartiye.<\/span><\/h3>\n<h3 style=\"text-align: justify;\">Ev \u00e7end jiber v\u00ea yek\u00ea ye ku reng\u00ea &#8220;Mor&#8221;\u00ea fer\u015f\u00ean p\u00ea\u015fwaz\u00eekirina S\u00fbd\u00ee di\u015fbhe reng\u00ea gir, \u00e7ol \u00fb de\u015ft\u00ean v\u00ee welat\u00ee, nemaze di bihar\u00ea de.<\/h3>\n<h3 style=\"text-align: justify;\">Di bihar\u00ea de, bi mezinb\u00fbna nebat \u00fb kul\u00eelk\u00ean bihar\u00ea y\u00ean xwezay\u00ee, qad\u00ean mezin\u00ean erda berifreha Erebistana S\u00fbd\u00ee bi kul\u00eelk\u00ean Lavender, Zimr\u00fbd \u00fb rehan ve dih\u00ean xemil\u00een. Ev kul\u00eelke fer\u015fek xwezay\u00ee bi rengek binef\u015f\u00ee p\u00eak t\u00eenin, ji ber v\u00ea yek\u00ea p\u00ea\u015fwaz\u00eekirina S\u00fbd\u00ee bi reng\u00ea binef\u015f\u00ee ji m\u00eahvan\u00ean xwe t\u00ea wateya p\u00ea\u015fwaz\u00eekirina m\u00eavan\u00ean wan ji \u00e7ar aliy\u00ea hem\u00fb xelk\u00ea di nava erda mezina Erebistana s\u00fbd\u00ee de.<\/h3>\n<h3 style=\"text-align: justify;\">Ji bil\u00ee heb\u00fbna berbi\u00e7ava reng\u00ea binef\u015f\u00ee di xwezaya welat\u00ea mezin\u00ea Erebistana S\u00fbd\u00ee de, ev reng di heman dem\u00ea de yek ji h\u00eamay\u00ean \u00e7and\u00ee y\u00ean navdar\u00ea v\u00ee welat\u00ee ye j\u00ee, ji ber ku di hunera kevne\u015fopiya cac\u00eem \u00e7\u00eakirin\u00ea de, mor ji bo xemlandina keviy\u00ean \u00e7ar\u00e7ev\u00ean n\u00fb t\u00ea bikar an\u00een .<\/h3>\n<p><a href=\"https:\/\/darkamazi.info\/file\/2021\/05\/dest.jpg\"><img loading=\"lazy\" decoding=\"async\" width=\"900\" height=\"497\" class=\"aligncenter size-full darka-image-1021633\" src=\"https:\/\/darkamazi.info\/file\/2021\/05\/dest.jpg\" alt=\"\u00c7ima Erebistana S\u00fbd\u00ee di meras\u00eem\u00ean p\u00ea\u015fwaz\u00eekirin\u00ea y\u00ean ferm\u00ee de fer\u015f\u00ean binef\u015f\u00ee bikar t\u00eene?\" srcset=\"https:\/\/darkamazi.info\/file\/2021\/05\/dest.jpg 900w, https:\/\/darkamazi.info\/file\/2021\/05\/dest-300x166.jpg 300w, https:\/\/darkamazi.info\/file\/2021\/05\/dest-768x424.jpg 768w\" sizes=\"auto, (max-width: 900px) 100vw, 900px\" \/><\/a><\/p>\n","protected":false},"excerpt":{"rendered":"<p>Hik\u00fbmeta Erebistana S\u00fbd\u00ee ji bo p\u00ea\u015fwaz\u00eekirina m\u00eavan\u00ean xwey\u00ean ferm\u00ee, serok, serokwez\u00eer, sef\u00eer \u00fb n\u00fbner\u00ean welat\u00ean bira \u00fb dost, reng\u00ea binef\u015f\u00ee hilbijartiye. Ev \u00e7end jiber v\u00ea yek\u00ea ye ku reng\u00ea &#8220;Mor&#8221;\u00ea fer\u015f\u00ean p\u00ea\u015fwaz\u00eekirina S\u00fbd\u00ee di\u015fbhe reng\u00ea gir, \u00e7ol \u00fb de\u015ft\u00ean v\u00ee welat\u00ee, nemaze di bihar\u00ea de. Di bihar\u00ea de, bi mezinb\u00fbna nebat \u00fb kul\u00eelk\u00ean bihar\u00ea y\u00ean [&hellip;]<\/p>\n","protected":false},"author":2,"featured_media":1021632,"comment_status":"closed","ping_status":"closed","sticky":false,"template":"","format":"standard","meta":{"footnotes":""},"categories":[4],"tags":[37],"class_list":["post-1021631","post","type-post","status-publish","format-standard","has-post-thumbnail","hentry","category-hemereng","tag-sereke"],"blocksy_meta":[],"seo_head":"<!-- This site is optimized with the Yoast SEO plugin v27.5 - https:\/\/yoast.com\/product\/yoast-seo-wordpress\/ -->\n<title>\u00c7ima Erebistana S\u00fbd\u00ee di meras\u00eem\u00ean p\u00ea\u015fwaz\u00eekirin\u00ea y\u00ean ferm\u00ee de fer\u015f\u00ean binef\u015f\u00ee bikar t\u00eene? - Darka Maz\u00ee<\/title>\n<meta name=\"robots\" content=\"index, follow, max-snippet:-1, max-image-preview:large, max-video-preview:-1\" \/>\n<link rel=\"canonical\" href=\"https:\/\/darkamazi.info\/archives\/1021631\" \/>\n<meta property=\"og:locale\" content=\"en_US\" \/>\n<meta property=\"og:type\" content=\"article\" \/>\n<meta property=\"og:title\" content=\"\u00c7ima Erebistana S\u00fbd\u00ee di meras\u00eem\u00ean p\u00ea\u015fwaz\u00eekirin\u00ea y\u00ean ferm\u00ee de fer\u015f\u00ean binef\u015f\u00ee bikar t\u00eene? - Darka Maz\u00ee\" \/>\n<meta property=\"og:description\" content=\"Hik\u00fbmeta Erebistana S\u00fbd\u00ee ji bo p\u00ea\u015fwaz\u00eekirina m\u00eavan\u00ean xwey\u00ean ferm\u00ee, serok, serokwez\u00eer, sef\u00eer \u00fb n\u00fbner\u00ean welat\u00ean bira \u00fb dost, reng\u00ea binef\u015f\u00ee hilbijartiye. Ev \u00e7end jiber v\u00ea yek\u00ea ye ku reng\u00ea &#8220;Mor&#8221;\u00ea fer\u015f\u00ean p\u00ea\u015fwaz\u00eekirina S\u00fbd\u00ee di\u015fbhe reng\u00ea gir, \u00e7ol \u00fb de\u015ft\u00ean v\u00ee welat\u00ee, nemaze di bihar\u00ea de. Di bihar\u00ea de, bi mezinb\u00fbna nebat \u00fb kul\u00eelk\u00ean bihar\u00ea y\u00ean [&hellip;]\" \/>\n<meta property=\"og:url\" content=\"https:\/\/darkamazi.info\/archives\/1021631\" \/>\n<meta property=\"og:site_name\" content=\"Darka Maz\u00ee\" \/>\n<meta property=\"article:publisher\" content=\"https:\/\/www.facebook.com\/DarMaziKurmanci\" \/>\n<meta property=\"article:published_time\" content=\"2021-05-12T13:42:40+00:00\" \/>\n<meta property=\"article:modified_time\" content=\"2021-09-11T10:13:53+00:00\" \/>\n<meta property=\"og:image\" content=\"https:\/\/darkamazi.info\/file\/2021\/05\/erebistan-feris.jpg\" \/>\n\t<meta property=\"og:image:width\" content=\"900\" \/>\n\t<meta property=\"og:image:height\" content=\"497\" \/>\n\t<meta property=\"og:image:type\" content=\"image\/jpeg\" \/>\n<meta name=\"author\" content=\"darka mazi\" \/>\n<meta name=\"twitter:card\" content=\"summary_large_image\" \/>\n<meta name=\"twitter:creator\" content=\"@DarkaMaziLatini\" \/>\n<meta name=\"twitter:site\" content=\"@DarkaMaziLatini\" \/>\n<meta name=\"twitter:label1\" content=\"Written by\" \/>\n\t<meta name=\"twitter:data1\" content=\"darka mazi\" \/>\n\t<meta name=\"twitter:label2\" content=\"Est. reading time\" \/>\n\t<meta name=\"twitter:data2\" content=\"1 minute\" \/>\n<script type=\"application\/ld+json\" class=\"seo-schema-graph\">{\"@context\":\"https:\\\/\\\/schema.org\",\"@graph\":[{\"@type\":\"Article\",\"@id\":\"https:\\\/\\\/darkamazi.info\\\/archives\\\/1021631#article\",\"isPartOf\":{\"@id\":\"https:\\\/\\\/darkamazi.info\\\/archives\\\/1021631\"},\"author\":{\"name\":\"darka mazi\",\"@id\":\"https:\\\/\\\/darkamazi.info\\\/#\\\/schema\\\/person\\\/5ad3e24553a0567993fa8ed4bd0a776c\"},\"headline\":\"\u00c7ima Erebistana S\u00fbd\u00ee di meras\u00eem\u00ean p\u00ea\u015fwaz\u00eekirin\u00ea y\u00ean ferm\u00ee de fer\u015f\u00ean binef\u015f\u00ee bikar t\u00eene?\",\"datePublished\":\"2021-05-12T13:42:40+00:00\",\"dateModified\":\"2021-09-11T10:13:53+00:00\",\"mainEntityOfPage\":{\"@id\":\"https:\\\/\\\/darkamazi.info\\\/archives\\\/1021631\"},\"wordCount\":230,\"publisher\":{\"@id\":\"https:\\\/\\\/darkamazi.info\\\/#organization\"},\"image\":{\"@id\":\"https:\\\/\\\/darkamazi.info\\\/archives\\\/1021631#primaryimage\"},\"thumbnailUrl\":\"https:\\\/\\\/darkamazi.info\\\/darka-content\\\/uploads\\\/2021\\\/05\\\/erebistan-feris.jpg\",\"keywords\":[\"sereke\"],\"articleSection\":[\"Hemereng\"],\"inLanguage\":\"en-US\"},{\"@type\":\"WebPage\",\"@id\":\"https:\\\/\\\/darkamazi.info\\\/archives\\\/1021631\",\"url\":\"https:\\\/\\\/darkamazi.info\\\/archives\\\/1021631\",\"name\":\"\u00c7ima Erebistana S\u00fbd\u00ee di meras\u00eem\u00ean p\u00ea\u015fwaz\u00eekirin\u00ea y\u00ean ferm\u00ee de fer\u015f\u00ean binef\u015f\u00ee bikar t\u00eene? - Darka Maz\u00ee\",\"isPartOf\":{\"@id\":\"https:\\\/\\\/darkamazi.info\\\/#website\"},\"primaryImageOfPage\":{\"@id\":\"https:\\\/\\\/darkamazi.info\\\/archives\\\/1021631#primaryimage\"},\"image\":{\"@id\":\"https:\\\/\\\/darkamazi.info\\\/archives\\\/1021631#primaryimage\"},\"thumbnailUrl\":\"https:\\\/\\\/darkamazi.info\\\/darka-content\\\/uploads\\\/2021\\\/05\\\/erebistan-feris.jpg\",\"datePublished\":\"2021-05-12T13:42:40+00:00\",\"dateModified\":\"2021-09-11T10:13:53+00:00\",\"breadcrumb\":{\"@id\":\"https:\\\/\\\/darkamazi.info\\\/archives\\\/1021631#breadcrumb\"},\"inLanguage\":\"en-US\",\"potentialAction\":[{\"@type\":\"ReadAction\",\"target\":[\"https:\\\/\\\/darkamazi.info\\\/archives\\\/1021631\"]}]},{\"@type\":\"ImageObject\",\"inLanguage\":\"en-US\",\"@id\":\"https:\\\/\\\/darkamazi.info\\\/archives\\\/1021631#primaryimage\",\"url\":\"https:\\\/\\\/darkamazi.info\\\/darka-content\\\/uploads\\\/2021\\\/05\\\/erebistan-feris.jpg\",\"contentUrl\":\"https:\\\/\\\/darkamazi.info\\\/darka-content\\\/uploads\\\/2021\\\/05\\\/erebistan-feris.jpg\",\"width\":900,\"height\":497,\"caption\":\"\u00c7ima Erebistana S\u00fbd\u00ee di meras\u00eem\u00ean p\u00ea\u015fwaz\u00eekirin\u00ea y\u00ean ferm\u00ee de fer\u015f\u00ean binef\u015f\u00ee bikar t\u00eene?\"},{\"@type\":\"BreadcrumbList\",\"@id\":\"https:\\\/\\\/darkamazi.info\\\/archives\\\/1021631#breadcrumb\",\"itemListElement\":[{\"@type\":\"ListItem\",\"position\":1,\"name\":\"Home\",\"item\":\"https:\\\/\\\/darkamazi.info\\\/\"},{\"@type\":\"ListItem\",\"position\":2,\"name\":\"\u00c7ima Erebistana S\u00fbd\u00ee di meras\u00eem\u00ean p\u00ea\u015fwaz\u00eekirin\u00ea y\u00ean ferm\u00ee de fer\u015f\u00ean binef\u015f\u00ee bikar t\u00eene?\"}]},{\"@type\":\"WebSite\",\"@id\":\"https:\\\/\\\/darkamazi.info\\\/#website\",\"url\":\"https:\\\/\\\/darkamazi.info\\\/\",\"name\":\"Darka Maz\u00ee\",\"description\":\"P\u00eageha Zanyariy\u00ean Nebih\u00eest\u00ee\",\"publisher\":{\"@id\":\"https:\\\/\\\/darkamazi.info\\\/#organization\"},\"potentialAction\":[{\"@type\":\"SearchAction\",\"target\":{\"@type\":\"EntryPoint\",\"urlTemplate\":\"https:\\\/\\\/darkamazi.info\\\/?s={search_term_string}\"},\"query-input\":{\"@type\":\"PropertyValueSpecification\",\"valueRequired\":true,\"valueName\":\"search_term_string\"}}],\"inLanguage\":\"en-US\"},{\"@type\":\"Organization\",\"@id\":\"https:\\\/\\\/darkamazi.info\\\/#organization\",\"name\":\"Darka Maz\u00ee\",\"url\":\"https:\\\/\\\/darkamazi.info\\\/\",\"logo\":{\"@type\":\"ImageObject\",\"inLanguage\":\"en-US\",\"@id\":\"https:\\\/\\\/darkamazi.info\\\/#\\\/schema\\\/logo\\\/image\\\/\",\"url\":\"https:\\\/\\\/darkamazi.info\\\/darka-content\\\/uploads\\\/2017\\\/12\\\/darka-mazi-logo.png\",\"contentUrl\":\"https:\\\/\\\/darkamazi.info\\\/darka-content\\\/uploads\\\/2017\\\/12\\\/darka-mazi-logo.png\",\"width\":151,\"height\":75,\"caption\":\"Darka Maz\u00ee\"},\"image\":{\"@id\":\"https:\\\/\\\/darkamazi.info\\\/#\\\/schema\\\/logo\\\/image\\\/\"},\"sameAs\":[\"https:\\\/\\\/www.facebook.com\\\/DarMaziKurmanci\",\"https:\\\/\\\/x.com\\\/DarkaMaziLatini\",\"https:\\\/\\\/www.instagram.com\\\/darkamazi.kurmanci\\\/\",\"https:\\\/\\\/www.youtube.com\\\/channel\\\/UCa5HkTdmI8U1qCUFuTw8B2g\"]},{\"@type\":\"Person\",\"@id\":\"https:\\\/\\\/darkamazi.info\\\/#\\\/schema\\\/person\\\/5ad3e24553a0567993fa8ed4bd0a776c\",\"name\":\"darka mazi\",\"sameAs\":[\"https:\\\/\\\/darkamazi.info\\\/\"],\"url\":\"https:\\\/\\\/darkamazi.info\\\/archives\\\/author\\\/kurdi\"}]}<\/script>\n<!-- \/ Yoast SEO plugin. -->","seo_head_json":{"title":"\u00c7ima Erebistana S\u00fbd\u00ee di meras\u00eem\u00ean p\u00ea\u015fwaz\u00eekirin\u00ea y\u00ean ferm\u00ee de fer\u015f\u00ean binef\u015f\u00ee bikar t\u00eene? - Darka Maz\u00ee","robots":{"index":"index","follow":"follow","max-snippet":"max-snippet:-1","max-image-preview":"max-image-preview:large","max-video-preview":"max-video-preview:-1"},"canonical":"https:\/\/darkamazi.info\/archives\/1021631","og_locale":"en_US","og_type":"article","og_title":"\u00c7ima Erebistana S\u00fbd\u00ee di meras\u00eem\u00ean p\u00ea\u015fwaz\u00eekirin\u00ea y\u00ean ferm\u00ee de fer\u015f\u00ean binef\u015f\u00ee bikar t\u00eene? - Darka Maz\u00ee","og_description":"Hik\u00fbmeta Erebistana S\u00fbd\u00ee ji bo p\u00ea\u015fwaz\u00eekirina m\u00eavan\u00ean xwey\u00ean ferm\u00ee, serok, serokwez\u00eer, sef\u00eer \u00fb n\u00fbner\u00ean welat\u00ean bira \u00fb dost, reng\u00ea binef\u015f\u00ee hilbijartiye. Ev \u00e7end jiber v\u00ea yek\u00ea ye ku reng\u00ea &#8220;Mor&#8221;\u00ea fer\u015f\u00ean p\u00ea\u015fwaz\u00eekirina S\u00fbd\u00ee di\u015fbhe reng\u00ea gir, \u00e7ol \u00fb de\u015ft\u00ean v\u00ee welat\u00ee, nemaze di bihar\u00ea de. Di bihar\u00ea de, bi mezinb\u00fbna nebat \u00fb kul\u00eelk\u00ean bihar\u00ea y\u00ean [&hellip;]","og_url":"https:\/\/darkamazi.info\/archives\/1021631","og_site_name":"Darka Maz\u00ee","article_publisher":"https:\/\/www.facebook.com\/DarMaziKurmanci","article_published_time":"2021-05-12T13:42:40+00:00","article_modified_time":"2021-09-11T10:13:53+00:00","og_image":[{"width":900,"height":497,"url":"https:\/\/darkamazi.info\/file\/2021\/05\/erebistan-feris.jpg","type":"image\/jpeg"}],"author":"darka mazi","twitter_card":"summary_large_image","twitter_creator":"@DarkaMaziLatini","twitter_site":"@DarkaMaziLatini","twitter_misc":{"Written by":"darka mazi","Est. reading time":"1 minute"},"schema":{"@context":"https:\/\/schema.org","@graph":[{"@type":"Article","@id":"https:\/\/darkamazi.info\/archives\/1021631#article","isPartOf":{"@id":"https:\/\/darkamazi.info\/archives\/1021631"},"author":{"name":"darka mazi","@id":"https:\/\/darkamazi.info\/#\/schema\/person\/5ad3e24553a0567993fa8ed4bd0a776c"},"headline":"\u00c7ima Erebistana S\u00fbd\u00ee di meras\u00eem\u00ean p\u00ea\u015fwaz\u00eekirin\u00ea y\u00ean ferm\u00ee de fer\u015f\u00ean binef\u015f\u00ee bikar t\u00eene?","datePublished":"2021-05-12T13:42:40+00:00","dateModified":"2021-09-11T10:13:53+00:00","mainEntityOfPage":{"@id":"https:\/\/darkamazi.info\/archives\/1021631"},"wordCount":230,"publisher":{"@id":"https:\/\/darkamazi.info\/#organization"},"image":{"@id":"https:\/\/darkamazi.info\/archives\/1021631#primaryimage"},"thumbnailUrl":"https:\/\/darkamazi.info\/file\/2021\/05\/erebistan-feris.jpg","keywords":["sereke"],"articleSection":["Hemereng"],"inLanguage":"en-US"},{"@type":"WebPage","@id":"https:\/\/darkamazi.info\/archives\/1021631","url":"https:\/\/darkamazi.info\/archives\/1021631","name":"\u00c7ima Erebistana S\u00fbd\u00ee di meras\u00eem\u00ean p\u00ea\u015fwaz\u00eekirin\u00ea y\u00ean ferm\u00ee de fer\u015f\u00ean binef\u015f\u00ee bikar t\u00eene? - Darka Maz\u00ee","isPartOf":{"@id":"https:\/\/darkamazi.info\/#website"},"primaryImageOfPage":{"@id":"https:\/\/darkamazi.info\/archives\/1021631#primaryimage"},"image":{"@id":"https:\/\/darkamazi.info\/archives\/1021631#primaryimage"},"thumbnailUrl":"https:\/\/darkamazi.info\/file\/2021\/05\/erebistan-feris.jpg","datePublished":"2021-05-12T13:42:40+00:00","dateModified":"2021-09-11T10:13:53+00:00","breadcrumb":{"@id":"https:\/\/darkamazi.info\/archives\/1021631#breadcrumb"},"inLanguage":"en-US","potentialAction":[{"@type":"ReadAction","target":["https:\/\/darkamazi.info\/archives\/1021631"]}]},{"@type":"ImageObject","inLanguage":"en-US","@id":"https:\/\/darkamazi.info\/archives\/1021631#primaryimage","url":"https:\/\/darkamazi.info\/file\/2021\/05\/erebistan-feris.jpg","contentUrl":"https:\/\/darkamazi.info\/file\/2021\/05\/erebistan-feris.jpg","width":900,"height":497,"caption":"\u00c7ima Erebistana S\u00fbd\u00ee di meras\u00eem\u00ean p\u00ea\u015fwaz\u00eekirin\u00ea y\u00ean ferm\u00ee de fer\u015f\u00ean binef\u015f\u00ee bikar t\u00eene?"},{"@type":"BreadcrumbList","@id":"https:\/\/darkamazi.info\/archives\/1021631#breadcrumb","itemListElement":[{"@type":"ListItem","position":1,"name":"Home","item":"https:\/\/darkamazi.info\/"},{"@type":"ListItem","position":2,"name":"\u00c7ima Erebistana S\u00fbd\u00ee di meras\u00eem\u00ean p\u00ea\u015fwaz\u00eekirin\u00ea y\u00ean ferm\u00ee de fer\u015f\u00ean binef\u015f\u00ee bikar t\u00eene?"}]},{"@type":"WebSite","@id":"https:\/\/darkamazi.info\/#website","url":"https:\/\/darkamazi.info\/","name":"Darka Maz\u00ee","description":"P\u00eageha Zanyariy\u00ean Nebih\u00eest\u00ee","publisher":{"@id":"https:\/\/darkamazi.info\/#organization"},"potentialAction":[{"@type":"SearchAction","target":{"@type":"EntryPoint","urlTemplate":"https:\/\/darkamazi.info\/?s={search_term_string}"},"query-input":{"@type":"PropertyValueSpecification","valueRequired":true,"valueName":"search_term_string"}}],"inLanguage":"en-US"},{"@type":"Organization","@id":"https:\/\/darkamazi.info\/#organization","name":"Darka Maz\u00ee","url":"https:\/\/darkamazi.info\/","logo":{"@type":"ImageObject","inLanguage":"en-US","@id":"https:\/\/darkamazi.info\/#\/schema\/logo\/image\/","url":"https:\/\/darkamazi.info\/file\/2017\/12\/darka-mazi-logo.png","contentUrl":"https:\/\/darkamazi.info\/file\/2017\/12\/darka-mazi-logo.png","width":151,"height":75,"caption":"Darka Maz\u00ee"},"image":{"@id":"https:\/\/darkamazi.info\/#\/schema\/logo\/image\/"},"sameAs":["https:\/\/www.facebook.com\/DarMaziKurmanci","https:\/\/x.com\/DarkaMaziLatini","https:\/\/www.instagram.com\/darkamazi.kurmanci\/","https:\/\/www.youtube.com\/channel\/UCa5HkTdmI8U1qCUFuTw8B2g"]},{"@type":"Person","@id":"https:\/\/darkamazi.info\/#\/schema\/person\/5ad3e24553a0567993fa8ed4bd0a776c","name":"darka mazi","sameAs":["https:\/\/darkamazi.info\/"],"url":"https:\/\/darkamazi.info\/archives\/author\/kurdi"}]}},"_links":{"self":[{"href":"https:\/\/darkamazi.info\/funavuv\/wp\/v2\/posts\/1021631","targetHints":{"allow":["GET"]}}],"collection":[{"href":"https:\/\/darkamazi.info\/funavuv\/wp\/v2\/posts"}],"about":[{"href":"https:\/\/darkamazi.info\/funavuv\/wp\/v2\/types\/post"}],"author":[{"embeddable":true,"href":"https:\/\/darkamazi.info\/funavuv\/wp\/v2\/users\/2"}],"replies":[{"embeddable":true,"href":"https:\/\/darkamazi.info\/funavuv\/wp\/v2\/comments?post=1021631"}],"version-history":[{"count":0,"href":"https:\/\/darkamazi.info\/funavuv\/wp\/v2\/posts\/1021631\/revisions"}],"wp:featuredmedia":[{"embeddable":true,"href":"https:\/\/darkamazi.info\/funavuv\/wp\/v2\/media\/1021632"}],"wp:attachment":[{"href":"https:\/\/darkamazi.info\/funavuv\/wp\/v2\/media?parent=1021631"}],"wp:term":[{"taxonomy":"category","embeddable":true,"href":"https:\/\/darkamazi.info\/funavuv\/wp\/v2\/categories?post=1021631"},{"taxonomy":"post_tag","embeddable":true,"href":"https:\/\/darkamazi.info\/funavuv\/wp\/v2\/tags?post=1021631"}],"curies":[{"name":"wp","href":"https:\/\/api.w.org\/{rel}","templated":true}]}}