{"id":1021723,"date":"2021-05-18T16:45:08","date_gmt":"2021-05-18T13:45:08","guid":{"rendered":"https:\/\/darkamazi.info\/?p=1021723"},"modified":"2021-09-11T13:10:32","modified_gmt":"2021-09-11T10:10:32","slug":"jiberku-reveberiya-xweser-4-qat-nirxa-sotemeniye-zedekir-li-rojava-xwepesandan-hatin-kirin","status":"publish","type":"post","link":"https:\/\/darkamazi.info\/archives\/1021723","title":{"rendered":"Jiberku r\u00eaveberiya xweser 4 qat nirxa sotemeniy\u00ea z\u00eadekir li Rojava Xwep\u00ea\u015fandan hatin kirin"},"content":{"rendered":"<h3 style=\"text-align: justify;\"><span style=\"font-family: 'arial black', sans-serif;\">Li bajar\u00ea Qami\u015floy\u00ea Rojavay\u00ea Kurdistan\u00ea, ji ber z\u00eadekirina nirx\u00ea sotemeniy\u00ea ji aliy\u00ea r\u00eaveberya xweser ve, \u015f\u00eaniy\u00ean baj\u00ear derketin qadan \u00fb ji bo vegerandina w\u00ea biryar\u00ea xwep\u00ea\u015fandan li dar xistin.<\/span><\/h3>\n<h3 style=\"text-align: justify;\">R\u00eaveberiya xweser duh bi biryarek\u00ea nirxa sotemeniy\u00ea blind kir, v\u00ea yek\u00ea j\u00ee karvedan\u00ean neraz\u00eeb\u00fbn\u00eay\u00ean xelk\u00ea li d\u00fb xwe an\u00ee \u00fb \u00eero hejmarek ji welatiyan derketin xwep\u00ea\u015fandan\u00ea \u00fb neraz\u00eeb\u00fbna xwe li dij\u00ee w\u00ea biryar\u00ea n\u00ee\u015fan dan.<\/h3>\n<h3 style=\"text-align: justify;\">Xwep\u00ea\u015fanderan ber\u00ea xwe dan \u015faredariya Qami\u015flo \u00fb daxwaz kirin biryara bilindkirina nirx\u00ea sotemeniy\u00ea were hilwe\u015fandin.<\/h3>\n<h3 style=\"text-align: justify;\">Xwep\u00ea\u015fander dib\u00eajn, heta r\u00eaveberiya xweser ji v\u00ea biryar\u00ea p\u00fb\u015fman nebe ew d\u00ea xwep\u00ea\u015fandan\u00ean xwe berdewam bikin.<\/h3>\n<h3 style=\"text-align: justify;\">Her weha xwep\u00easander dib\u00eajin, pi\u015ft\u00ee mehek\u00ea ji biryara qedexeya gi\u015ft\u00eeya \u00e7\u00fbn \u00fb hatin\u00ea ya bi sedema Koronay\u00ea, nemana kar \u00fb t\u00eak\u00e7\u00fbna rew\u015fa abor\u00eeya xelk\u00ea, r\u00eaveberiya xweser nirxa sotemeniy\u00ea 4 qatan z\u00eade kir. Ev biryar ne di cih\u00ea xwe deye \u00fb div\u00ea were hilwe\u015fandin, eger ev biryar ney\u00ea hilwe\u015fandin, d\u00ea xelk\u00ea li welat maye j\u00ee, d\u00ea ko\u00e7ber bibe.<\/h3>\n","protected":false},"excerpt":{"rendered":"<p>Li bajar\u00ea Qami\u015floy\u00ea Rojavay\u00ea Kurdistan\u00ea, ji ber z\u00eadekirina nirx\u00ea sotemeniy\u00ea ji aliy\u00ea r\u00eaveberya xweser ve, \u015f\u00eaniy\u00ean baj\u00ear derketin qadan \u00fb ji bo vegerandina w\u00ea biryar\u00ea xwep\u00ea\u015fandan li dar xistin. R\u00eaveberiya xweser duh bi biryarek\u00ea nirxa sotemeniy\u00ea blind kir, v\u00ea yek\u00ea j\u00ee karvedan\u00ean neraz\u00eeb\u00fbn\u00eay\u00ean xelk\u00ea li d\u00fb xwe an\u00ee \u00fb \u00eero hejmarek ji welatiyan derketin xwep\u00ea\u015fandan\u00ea [&hellip;]<\/p>\n","protected":false},"author":2,"featured_media":1021724,"comment_status":"closed","ping_status":"closed","sticky":false,"template":"","format":"standard","meta":{"footnotes":""},"categories":[29],"tags":[37],"class_list":["post-1021723","post","type-post","status-publish","format-standard","has-post-thumbnail","hentry","category-kurdistan","tag-sereke"],"blocksy_meta":[],"seo_head":"<!-- This site is optimized with the Yoast SEO plugin v27.5 - https:\/\/yoast.com\/product\/yoast-seo-wordpress\/ -->\n<title>Jiberku r\u00eaveberiya xweser 4 qat nirxa sotemeniy\u00ea z\u00eadekir li Rojava Xwep\u00ea\u015fandan hatin kirin - Darka Maz\u00ee<\/title>\n<meta name=\"robots\" content=\"index, follow, max-snippet:-1, max-image-preview:large, max-video-preview:-1\" \/>\n<link rel=\"canonical\" href=\"https:\/\/darkamazi.info\/archives\/1021723\" \/>\n<meta property=\"og:locale\" content=\"en_US\" \/>\n<meta property=\"og:type\" content=\"article\" \/>\n<meta property=\"og:title\" content=\"Jiberku r\u00eaveberiya xweser 4 qat nirxa sotemeniy\u00ea z\u00eadekir li Rojava Xwep\u00ea\u015fandan hatin kirin - Darka Maz\u00ee\" \/>\n<meta property=\"og:description\" content=\"Li bajar\u00ea Qami\u015floy\u00ea Rojavay\u00ea Kurdistan\u00ea, ji ber z\u00eadekirina nirx\u00ea sotemeniy\u00ea ji aliy\u00ea r\u00eaveberya xweser ve, \u015f\u00eaniy\u00ean baj\u00ear derketin qadan \u00fb ji bo vegerandina w\u00ea biryar\u00ea xwep\u00ea\u015fandan li dar xistin. R\u00eaveberiya xweser duh bi biryarek\u00ea nirxa sotemeniy\u00ea blind kir, v\u00ea yek\u00ea j\u00ee karvedan\u00ean neraz\u00eeb\u00fbn\u00eay\u00ean xelk\u00ea li d\u00fb xwe an\u00ee \u00fb \u00eero hejmarek ji welatiyan derketin xwep\u00ea\u015fandan\u00ea [&hellip;]\" \/>\n<meta property=\"og:url\" content=\"https:\/\/darkamazi.info\/archives\/1021723\" \/>\n<meta property=\"og:site_name\" content=\"Darka Maz\u00ee\" \/>\n<meta property=\"article:publisher\" content=\"https:\/\/www.facebook.com\/DarMaziKurmanci\" \/>\n<meta property=\"article:published_time\" content=\"2021-05-18T13:45:08+00:00\" \/>\n<meta property=\"article:modified_time\" content=\"2021-09-11T10:10:32+00:00\" \/>\n<meta property=\"og:image\" content=\"https:\/\/darkamazi.info\/file\/2021\/05\/reveberiya-xweser-rojava-girse-xwepesandan.jpg\" \/>\n\t<meta property=\"og:image:width\" content=\"900\" \/>\n\t<meta property=\"og:image:height\" content=\"497\" \/>\n\t<meta property=\"og:image:type\" content=\"image\/jpeg\" \/>\n<meta name=\"author\" content=\"darka mazi\" \/>\n<meta name=\"twitter:card\" content=\"summary_large_image\" \/>\n<meta name=\"twitter:creator\" content=\"@DarkaMaziLatini\" \/>\n<meta name=\"twitter:site\" content=\"@DarkaMaziLatini\" \/>\n<meta name=\"twitter:label1\" content=\"Written by\" \/>\n\t<meta name=\"twitter:data1\" content=\"darka mazi\" \/>\n\t<meta name=\"twitter:label2\" content=\"Est. reading time\" \/>\n\t<meta name=\"twitter:data2\" content=\"1 minute\" \/>\n<script type=\"application\/ld+json\" class=\"seo-schema-graph\">{\"@context\":\"https:\\\/\\\/schema.org\",\"@graph\":[{\"@type\":\"Article\",\"@id\":\"https:\\\/\\\/darkamazi.info\\\/archives\\\/1021723#article\",\"isPartOf\":{\"@id\":\"https:\\\/\\\/darkamazi.info\\\/archives\\\/1021723\"},\"author\":{\"name\":\"darka mazi\",\"@id\":\"https:\\\/\\\/darkamazi.info\\\/#\\\/schema\\\/person\\\/5ad3e24553a0567993fa8ed4bd0a776c\"},\"headline\":\"Jiberku r\u00eaveberiya xweser 4 qat nirxa sotemeniy\u00ea z\u00eadekir li Rojava Xwep\u00ea\u015fandan hatin kirin\",\"datePublished\":\"2021-05-18T13:45:08+00:00\",\"dateModified\":\"2021-09-11T10:10:32+00:00\",\"mainEntityOfPage\":{\"@id\":\"https:\\\/\\\/darkamazi.info\\\/archives\\\/1021723\"},\"wordCount\":198,\"publisher\":{\"@id\":\"https:\\\/\\\/darkamazi.info\\\/#organization\"},\"image\":{\"@id\":\"https:\\\/\\\/darkamazi.info\\\/archives\\\/1021723#primaryimage\"},\"thumbnailUrl\":\"https:\\\/\\\/darkamazi.info\\\/darka-content\\\/uploads\\\/2021\\\/05\\\/reveberiya-xweser-rojava-girse-xwepesandan.jpg\",\"keywords\":[\"sereke\"],\"articleSection\":[\"Kurdistan\"],\"inLanguage\":\"en-US\"},{\"@type\":\"WebPage\",\"@id\":\"https:\\\/\\\/darkamazi.info\\\/archives\\\/1021723\",\"url\":\"https:\\\/\\\/darkamazi.info\\\/archives\\\/1021723\",\"name\":\"Jiberku r\u00eaveberiya xweser 4 qat nirxa sotemeniy\u00ea z\u00eadekir li Rojava Xwep\u00ea\u015fandan hatin kirin - Darka Maz\u00ee\",\"isPartOf\":{\"@id\":\"https:\\\/\\\/darkamazi.info\\\/#website\"},\"primaryImageOfPage\":{\"@id\":\"https:\\\/\\\/darkamazi.info\\\/archives\\\/1021723#primaryimage\"},\"image\":{\"@id\":\"https:\\\/\\\/darkamazi.info\\\/archives\\\/1021723#primaryimage\"},\"thumbnailUrl\":\"https:\\\/\\\/darkamazi.info\\\/darka-content\\\/uploads\\\/2021\\\/05\\\/reveberiya-xweser-rojava-girse-xwepesandan.jpg\",\"datePublished\":\"2021-05-18T13:45:08+00:00\",\"dateModified\":\"2021-09-11T10:10:32+00:00\",\"breadcrumb\":{\"@id\":\"https:\\\/\\\/darkamazi.info\\\/archives\\\/1021723#breadcrumb\"},\"inLanguage\":\"en-US\",\"potentialAction\":[{\"@type\":\"ReadAction\",\"target\":[\"https:\\\/\\\/darkamazi.info\\\/archives\\\/1021723\"]}]},{\"@type\":\"ImageObject\",\"inLanguage\":\"en-US\",\"@id\":\"https:\\\/\\\/darkamazi.info\\\/archives\\\/1021723#primaryimage\",\"url\":\"https:\\\/\\\/darkamazi.info\\\/darka-content\\\/uploads\\\/2021\\\/05\\\/reveberiya-xweser-rojava-girse-xwepesandan.jpg\",\"contentUrl\":\"https:\\\/\\\/darkamazi.info\\\/darka-content\\\/uploads\\\/2021\\\/05\\\/reveberiya-xweser-rojava-girse-xwepesandan.jpg\",\"width\":900,\"height\":497,\"caption\":\"Jiberku r\u00eaveberiya xweser 4 qat nirxa sotemeniy\u00ea z\u00eadekir li Rojava Xwep\u00ea\u015fandan hatin kirin\"},{\"@type\":\"BreadcrumbList\",\"@id\":\"https:\\\/\\\/darkamazi.info\\\/archives\\\/1021723#breadcrumb\",\"itemListElement\":[{\"@type\":\"ListItem\",\"position\":1,\"name\":\"Home\",\"item\":\"https:\\\/\\\/darkamazi.info\\\/\"},{\"@type\":\"ListItem\",\"position\":2,\"name\":\"Jiberku r\u00eaveberiya xweser 4 qat nirxa sotemeniy\u00ea z\u00eadekir li Rojava Xwep\u00ea\u015fandan hatin kirin\"}]},{\"@type\":\"WebSite\",\"@id\":\"https:\\\/\\\/darkamazi.info\\\/#website\",\"url\":\"https:\\\/\\\/darkamazi.info\\\/\",\"name\":\"Darka Maz\u00ee\",\"description\":\"P\u00eageha Zanyariy\u00ean Nebih\u00eest\u00ee\",\"publisher\":{\"@id\":\"https:\\\/\\\/darkamazi.info\\\/#organization\"},\"potentialAction\":[{\"@type\":\"SearchAction\",\"target\":{\"@type\":\"EntryPoint\",\"urlTemplate\":\"https:\\\/\\\/darkamazi.info\\\/?s={search_term_string}\"},\"query-input\":{\"@type\":\"PropertyValueSpecification\",\"valueRequired\":true,\"valueName\":\"search_term_string\"}}],\"inLanguage\":\"en-US\"},{\"@type\":\"Organization\",\"@id\":\"https:\\\/\\\/darkamazi.info\\\/#organization\",\"name\":\"Darka Maz\u00ee\",\"url\":\"https:\\\/\\\/darkamazi.info\\\/\",\"logo\":{\"@type\":\"ImageObject\",\"inLanguage\":\"en-US\",\"@id\":\"https:\\\/\\\/darkamazi.info\\\/#\\\/schema\\\/logo\\\/image\\\/\",\"url\":\"https:\\\/\\\/darkamazi.info\\\/darka-content\\\/uploads\\\/2017\\\/12\\\/darka-mazi-logo.png\",\"contentUrl\":\"https:\\\/\\\/darkamazi.info\\\/darka-content\\\/uploads\\\/2017\\\/12\\\/darka-mazi-logo.png\",\"width\":151,\"height\":75,\"caption\":\"Darka Maz\u00ee\"},\"image\":{\"@id\":\"https:\\\/\\\/darkamazi.info\\\/#\\\/schema\\\/logo\\\/image\\\/\"},\"sameAs\":[\"https:\\\/\\\/www.facebook.com\\\/DarMaziKurmanci\",\"https:\\\/\\\/x.com\\\/DarkaMaziLatini\",\"https:\\\/\\\/www.instagram.com\\\/darkamazi.kurmanci\\\/\",\"https:\\\/\\\/www.youtube.com\\\/channel\\\/UCa5HkTdmI8U1qCUFuTw8B2g\"]},{\"@type\":\"Person\",\"@id\":\"https:\\\/\\\/darkamazi.info\\\/#\\\/schema\\\/person\\\/5ad3e24553a0567993fa8ed4bd0a776c\",\"name\":\"darka mazi\",\"sameAs\":[\"https:\\\/\\\/darkamazi.info\\\/\"],\"url\":\"https:\\\/\\\/darkamazi.info\\\/archives\\\/author\\\/kurdi\"}]}<\/script>\n<!-- \/ Yoast SEO plugin. -->","seo_head_json":{"title":"Jiberku r\u00eaveberiya xweser 4 qat nirxa sotemeniy\u00ea z\u00eadekir li Rojava Xwep\u00ea\u015fandan hatin kirin - Darka Maz\u00ee","robots":{"index":"index","follow":"follow","max-snippet":"max-snippet:-1","max-image-preview":"max-image-preview:large","max-video-preview":"max-video-preview:-1"},"canonical":"https:\/\/darkamazi.info\/archives\/1021723","og_locale":"en_US","og_type":"article","og_title":"Jiberku r\u00eaveberiya xweser 4 qat nirxa sotemeniy\u00ea z\u00eadekir li Rojava Xwep\u00ea\u015fandan hatin kirin - Darka Maz\u00ee","og_description":"Li bajar\u00ea Qami\u015floy\u00ea Rojavay\u00ea Kurdistan\u00ea, ji ber z\u00eadekirina nirx\u00ea sotemeniy\u00ea ji aliy\u00ea r\u00eaveberya xweser ve, \u015f\u00eaniy\u00ean baj\u00ear derketin qadan \u00fb ji bo vegerandina w\u00ea biryar\u00ea xwep\u00ea\u015fandan li dar xistin. R\u00eaveberiya xweser duh bi biryarek\u00ea nirxa sotemeniy\u00ea blind kir, v\u00ea yek\u00ea j\u00ee karvedan\u00ean neraz\u00eeb\u00fbn\u00eay\u00ean xelk\u00ea li d\u00fb xwe an\u00ee \u00fb \u00eero hejmarek ji welatiyan derketin xwep\u00ea\u015fandan\u00ea [&hellip;]","og_url":"https:\/\/darkamazi.info\/archives\/1021723","og_site_name":"Darka Maz\u00ee","article_publisher":"https:\/\/www.facebook.com\/DarMaziKurmanci","article_published_time":"2021-05-18T13:45:08+00:00","article_modified_time":"2021-09-11T10:10:32+00:00","og_image":[{"width":900,"height":497,"url":"https:\/\/darkamazi.info\/file\/2021\/05\/reveberiya-xweser-rojava-girse-xwepesandan.jpg","type":"image\/jpeg"}],"author":"darka mazi","twitter_card":"summary_large_image","twitter_creator":"@DarkaMaziLatini","twitter_site":"@DarkaMaziLatini","twitter_misc":{"Written by":"darka mazi","Est. reading time":"1 minute"},"schema":{"@context":"https:\/\/schema.org","@graph":[{"@type":"Article","@id":"https:\/\/darkamazi.info\/archives\/1021723#article","isPartOf":{"@id":"https:\/\/darkamazi.info\/archives\/1021723"},"author":{"name":"darka mazi","@id":"https:\/\/darkamazi.info\/#\/schema\/person\/5ad3e24553a0567993fa8ed4bd0a776c"},"headline":"Jiberku r\u00eaveberiya xweser 4 qat nirxa sotemeniy\u00ea z\u00eadekir li Rojava Xwep\u00ea\u015fandan hatin kirin","datePublished":"2021-05-18T13:45:08+00:00","dateModified":"2021-09-11T10:10:32+00:00","mainEntityOfPage":{"@id":"https:\/\/darkamazi.info\/archives\/1021723"},"wordCount":198,"publisher":{"@id":"https:\/\/darkamazi.info\/#organization"},"image":{"@id":"https:\/\/darkamazi.info\/archives\/1021723#primaryimage"},"thumbnailUrl":"https:\/\/darkamazi.info\/file\/2021\/05\/reveberiya-xweser-rojava-girse-xwepesandan.jpg","keywords":["sereke"],"articleSection":["Kurdistan"],"inLanguage":"en-US"},{"@type":"WebPage","@id":"https:\/\/darkamazi.info\/archives\/1021723","url":"https:\/\/darkamazi.info\/archives\/1021723","name":"Jiberku r\u00eaveberiya xweser 4 qat nirxa sotemeniy\u00ea z\u00eadekir li Rojava Xwep\u00ea\u015fandan hatin kirin - Darka Maz\u00ee","isPartOf":{"@id":"https:\/\/darkamazi.info\/#website"},"primaryImageOfPage":{"@id":"https:\/\/darkamazi.info\/archives\/1021723#primaryimage"},"image":{"@id":"https:\/\/darkamazi.info\/archives\/1021723#primaryimage"},"thumbnailUrl":"https:\/\/darkamazi.info\/file\/2021\/05\/reveberiya-xweser-rojava-girse-xwepesandan.jpg","datePublished":"2021-05-18T13:45:08+00:00","dateModified":"2021-09-11T10:10:32+00:00","breadcrumb":{"@id":"https:\/\/darkamazi.info\/archives\/1021723#breadcrumb"},"inLanguage":"en-US","potentialAction":[{"@type":"ReadAction","target":["https:\/\/darkamazi.info\/archives\/1021723"]}]},{"@type":"ImageObject","inLanguage":"en-US","@id":"https:\/\/darkamazi.info\/archives\/1021723#primaryimage","url":"https:\/\/darkamazi.info\/file\/2021\/05\/reveberiya-xweser-rojava-girse-xwepesandan.jpg","contentUrl":"https:\/\/darkamazi.info\/file\/2021\/05\/reveberiya-xweser-rojava-girse-xwepesandan.jpg","width":900,"height":497,"caption":"Jiberku r\u00eaveberiya xweser 4 qat nirxa sotemeniy\u00ea z\u00eadekir li Rojava Xwep\u00ea\u015fandan hatin kirin"},{"@type":"BreadcrumbList","@id":"https:\/\/darkamazi.info\/archives\/1021723#breadcrumb","itemListElement":[{"@type":"ListItem","position":1,"name":"Home","item":"https:\/\/darkamazi.info\/"},{"@type":"ListItem","position":2,"name":"Jiberku r\u00eaveberiya xweser 4 qat nirxa sotemeniy\u00ea z\u00eadekir li Rojava Xwep\u00ea\u015fandan hatin kirin"}]},{"@type":"WebSite","@id":"https:\/\/darkamazi.info\/#website","url":"https:\/\/darkamazi.info\/","name":"Darka Maz\u00ee","description":"P\u00eageha Zanyariy\u00ean Nebih\u00eest\u00ee","publisher":{"@id":"https:\/\/darkamazi.info\/#organization"},"potentialAction":[{"@type":"SearchAction","target":{"@type":"EntryPoint","urlTemplate":"https:\/\/darkamazi.info\/?s={search_term_string}"},"query-input":{"@type":"PropertyValueSpecification","valueRequired":true,"valueName":"search_term_string"}}],"inLanguage":"en-US"},{"@type":"Organization","@id":"https:\/\/darkamazi.info\/#organization","name":"Darka Maz\u00ee","url":"https:\/\/darkamazi.info\/","logo":{"@type":"ImageObject","inLanguage":"en-US","@id":"https:\/\/darkamazi.info\/#\/schema\/logo\/image\/","url":"https:\/\/darkamazi.info\/file\/2017\/12\/darka-mazi-logo.png","contentUrl":"https:\/\/darkamazi.info\/file\/2017\/12\/darka-mazi-logo.png","width":151,"height":75,"caption":"Darka Maz\u00ee"},"image":{"@id":"https:\/\/darkamazi.info\/#\/schema\/logo\/image\/"},"sameAs":["https:\/\/www.facebook.com\/DarMaziKurmanci","https:\/\/x.com\/DarkaMaziLatini","https:\/\/www.instagram.com\/darkamazi.kurmanci\/","https:\/\/www.youtube.com\/channel\/UCa5HkTdmI8U1qCUFuTw8B2g"]},{"@type":"Person","@id":"https:\/\/darkamazi.info\/#\/schema\/person\/5ad3e24553a0567993fa8ed4bd0a776c","name":"darka mazi","sameAs":["https:\/\/darkamazi.info\/"],"url":"https:\/\/darkamazi.info\/archives\/author\/kurdi"}]}},"_links":{"self":[{"href":"https:\/\/darkamazi.info\/funavuv\/wp\/v2\/posts\/1021723","targetHints":{"allow":["GET"]}}],"collection":[{"href":"https:\/\/darkamazi.info\/funavuv\/wp\/v2\/posts"}],"about":[{"href":"https:\/\/darkamazi.info\/funavuv\/wp\/v2\/types\/post"}],"author":[{"embeddable":true,"href":"https:\/\/darkamazi.info\/funavuv\/wp\/v2\/users\/2"}],"replies":[{"embeddable":true,"href":"https:\/\/darkamazi.info\/funavuv\/wp\/v2\/comments?post=1021723"}],"version-history":[{"count":0,"href":"https:\/\/darkamazi.info\/funavuv\/wp\/v2\/posts\/1021723\/revisions"}],"wp:featuredmedia":[{"embeddable":true,"href":"https:\/\/darkamazi.info\/funavuv\/wp\/v2\/media\/1021724"}],"wp:attachment":[{"href":"https:\/\/darkamazi.info\/funavuv\/wp\/v2\/media?parent=1021723"}],"wp:term":[{"taxonomy":"category","embeddable":true,"href":"https:\/\/darkamazi.info\/funavuv\/wp\/v2\/categories?post=1021723"},{"taxonomy":"post_tag","embeddable":true,"href":"https:\/\/darkamazi.info\/funavuv\/wp\/v2\/tags?post=1021723"}],"curies":[{"name":"wp","href":"https:\/\/api.w.org\/{rel}","templated":true}]}}