{"id":1021849,"date":"2021-05-23T18:07:12","date_gmt":"2021-05-23T15:07:12","guid":{"rendered":"https:\/\/darkamazi.info\/?p=1021849"},"modified":"2021-09-11T13:07:09","modified_gmt":"2021-09-11T10:07:09","slug":"pak-dewleta-tirkiyeye-5-kadroyen-welatperweren-kurd-di-roja-23ye-gulan-a-1925e-de-li-amede-darve-kir","status":"publish","type":"post","link":"https:\/\/darkamazi.info\/archives\/1021849","title":{"rendered":"PAK: Dewleta Tirk\u00eeyey\u00ea 5 kadroy\u00ean welatperwer\u00ean Kurd di roja 23y\u00ea Gulan a 1925\u00ea de li Amed\u00ea darve kir"},"content":{"rendered":"<h3 style=\"text-align: justify;\"><span style=\"font-family: 'arial black', sans-serif;\">Partiya Azadiya Kurdistan\u00ea (PAK)\u00ea bi boneya salvegera darve kirina 5 endam\u00ean welatperwer \u00ean kurd ji aliy\u00ea dewleta Tirkiy\u00ea di sala 1925\u00ea, bi peyamek\u00ee bib\u00eeran\u00ee.<\/span><\/h3>\n<h3 style=\"text-align: justify;\"><span style=\"font-family: 'arial black', sans-serif;\">Daxuyaniya PAK\u00ea waha ye:<\/span><\/h3>\n<h3 style=\"text-align: justify;\">Dewleta Tirk\u00eeyey\u00ea pi\u015ft\u00ee Tevgera Netewey\u00ee ya Kurd a ku di sibata1925\u00ea de destp\u00ea bib\u00fb Mehkemeya \u015eark \u00cest\u00eeklal\u00ea damezrand.<\/h3>\n<h3 style=\"text-align: justify;\">Serok\u00ea v\u00ea tevgera netewey\u00ee \u015e\u00eax Se\u00eed\u00eadi roja 1\u00ea N\u00eesana 1925\u00ea bi kem\u00eenek\u00ea ji al\u00eey\u00ea Dewleta Tirk\u00eeyey\u00ea ve es\u00eer hate girtin.<\/h3>\n<h3 style=\"text-align: justify;\">Pi\u015ft\u00ee ku \u015e\u00eax Se\u00eed es\u00eer hate girtin, dewleta Tirk\u00eeyey\u00ea dest bi darve kirina r\u00eaber \u00fb kadroy\u00ean Kurdan kir.<\/h3>\n<h3 style=\"text-align: justify;\">Wek xelekeyeke ji van darve kirinan j\u00ee, Mehkemeya \u015eark \u00cest\u00eeklal\u00ea ya Dewleta Tirk\u00eeyey\u00ea di roja 25.05.1925\u00ea de li Amed\u00ea 5 s\u00eeyasetmedar \u00fb rew\u015fenb\u00eer\u00ean welatperwer\u00ean Kurd darve kir.<\/h3>\n<h3 style=\"text-align: justify;\">Sey\u00eed Abdulkad\u00eer \u00ea Serok\u00ea Cem\u00eeyeta Kurd Teal\u00ee, Sey\u00eed Muhamed\u00ea kur\u00ea Sey\u00eed Abdulkad\u00eer, Kemal Fevz\u00ee Beg\u00ea Rojnamevan, Sad\u00ee Abdullah \u00ea Paloy\u00ee, Hac\u00ee Ahd\u00ee Beg Mehmet Tewf\u00eeq (Bav\u00ea T\u00fbjo) \u00ea Par\u00eazer bi dest\u00ea Mehkemeya \u015eark \u00cest\u00eeklal\u00ea ya mehkemeya \u015fer\u00ea li dij\u00ee Kurdan b\u00fb \u00fb tu eleqeya w\u00ea bi hiq\u00fbq\u00ea ve tuneb\u00fb hatin darve kirin.<\/h3>\n<h3 style=\"text-align: justify;\">Em di 96em\u00een salvegera darve kirina wan de, 5 welatperwer\u00ean Kurd \u00fb hem\u00fb \u015feh\u00eed\u00ean Kurdistan\u00ea bi giram\u00ee bib\u00eer t\u00eenin.<\/h3>\n<h3 style=\"text-align: justify;\"><span style=\"font-family: 'arial black', sans-serif;\">23.05.2021<\/span><br \/>\n<span style=\"font-family: 'arial black', sans-serif;\">Buroya \u00c7apemen\u00ee \u00fb Ragehandin\u00ea ya PAK\u00ea<\/span><\/h3>\n<h3 style=\"text-align: justify;\"><span style=\"font-family: 'arial black', sans-serif;\">Kemal Fevz\u00ee<\/span><\/h3>\n","protected":false},"excerpt":{"rendered":"<p>Partiya Azadiya Kurdistan\u00ea (PAK)\u00ea bi boneya salvegera darve kirina 5 endam\u00ean welatperwer \u00ean kurd ji aliy\u00ea dewleta Tirkiy\u00ea di sala 1925\u00ea, bi peyamek\u00ee bib\u00eeran\u00ee. Daxuyaniya PAK\u00ea waha ye: Dewleta Tirk\u00eeyey\u00ea pi\u015ft\u00ee Tevgera Netewey\u00ee ya Kurd a ku di sibata1925\u00ea de destp\u00ea bib\u00fb Mehkemeya \u015eark \u00cest\u00eeklal\u00ea damezrand. Serok\u00ea v\u00ea tevgera netewey\u00ee \u015e\u00eax Se\u00eed\u00eadi roja 1\u00ea N\u00eesana [&hellip;]<\/p>\n","protected":false},"author":2,"featured_media":1021850,"comment_status":"closed","ping_status":"closed","sticky":false,"template":"","format":"standard","meta":{"footnotes":""},"categories":[29],"tags":[37],"class_list":["post-1021849","post","type-post","status-publish","format-standard","has-post-thumbnail","hentry","category-kurdistan","tag-sereke"],"blocksy_meta":[],"seo_head":"<!-- This site is optimized with the Yoast SEO plugin v27.5 - https:\/\/yoast.com\/product\/yoast-seo-wordpress\/ -->\n<title>PAK: Dewleta Tirk\u00eeyey\u00ea 5 kadroy\u00ean welatperwer\u00ean Kurd di roja 23y\u00ea Gulan a 1925\u00ea de li Amed\u00ea darve kir - Darka Maz\u00ee<\/title>\n<meta name=\"robots\" content=\"index, follow, max-snippet:-1, max-image-preview:large, max-video-preview:-1\" \/>\n<link rel=\"canonical\" href=\"https:\/\/darkamazi.info\/archives\/1021849\" \/>\n<meta property=\"og:locale\" content=\"en_US\" \/>\n<meta property=\"og:type\" content=\"article\" \/>\n<meta property=\"og:title\" content=\"PAK: Dewleta Tirk\u00eeyey\u00ea 5 kadroy\u00ean welatperwer\u00ean Kurd di roja 23y\u00ea Gulan a 1925\u00ea de li Amed\u00ea darve kir - Darka Maz\u00ee\" \/>\n<meta property=\"og:description\" content=\"Partiya Azadiya Kurdistan\u00ea (PAK)\u00ea bi boneya salvegera darve kirina 5 endam\u00ean welatperwer \u00ean kurd ji aliy\u00ea dewleta Tirkiy\u00ea di sala 1925\u00ea, bi peyamek\u00ee bib\u00eeran\u00ee. Daxuyaniya PAK\u00ea waha ye: Dewleta Tirk\u00eeyey\u00ea pi\u015ft\u00ee Tevgera Netewey\u00ee ya Kurd a ku di sibata1925\u00ea de destp\u00ea bib\u00fb Mehkemeya \u015eark \u00cest\u00eeklal\u00ea damezrand. Serok\u00ea v\u00ea tevgera netewey\u00ee \u015e\u00eax Se\u00eed\u00eadi roja 1\u00ea N\u00eesana [&hellip;]\" \/>\n<meta property=\"og:url\" content=\"https:\/\/darkamazi.info\/archives\/1021849\" \/>\n<meta property=\"og:site_name\" content=\"Darka Maz\u00ee\" \/>\n<meta property=\"article:publisher\" content=\"https:\/\/www.facebook.com\/DarMaziKurmanci\" \/>\n<meta property=\"article:published_time\" content=\"2021-05-23T15:07:12+00:00\" \/>\n<meta property=\"article:modified_time\" content=\"2021-09-11T10:07:09+00:00\" \/>\n<meta property=\"og:image\" content=\"https:\/\/darkamazi.info\/file\/2021\/05\/\u067e\u0627\u06a9-pak-bakur.jpg\" \/>\n\t<meta property=\"og:image:width\" content=\"900\" \/>\n\t<meta property=\"og:image:height\" content=\"497\" \/>\n\t<meta property=\"og:image:type\" content=\"image\/jpeg\" \/>\n<meta name=\"author\" content=\"darka mazi\" \/>\n<meta name=\"twitter:card\" content=\"summary_large_image\" \/>\n<meta name=\"twitter:creator\" content=\"@DarkaMaziLatini\" \/>\n<meta name=\"twitter:site\" content=\"@DarkaMaziLatini\" \/>\n<meta name=\"twitter:label1\" content=\"Written by\" \/>\n\t<meta name=\"twitter:data1\" content=\"darka mazi\" \/>\n\t<meta name=\"twitter:label2\" content=\"Est. reading time\" \/>\n\t<meta name=\"twitter:data2\" content=\"1 minute\" \/>\n<script type=\"application\/ld+json\" class=\"seo-schema-graph\">{\"@context\":\"https:\\\/\\\/schema.org\",\"@graph\":[{\"@type\":\"Article\",\"@id\":\"https:\\\/\\\/darkamazi.info\\\/archives\\\/1021849#article\",\"isPartOf\":{\"@id\":\"https:\\\/\\\/darkamazi.info\\\/archives\\\/1021849\"},\"author\":{\"name\":\"darka mazi\",\"@id\":\"https:\\\/\\\/darkamazi.info\\\/#\\\/schema\\\/person\\\/5ad3e24553a0567993fa8ed4bd0a776c\"},\"headline\":\"PAK: Dewleta Tirk\u00eeyey\u00ea 5 kadroy\u00ean welatperwer\u00ean Kurd di roja 23y\u00ea Gulan a 1925\u00ea de li Amed\u00ea darve kir\",\"datePublished\":\"2021-05-23T15:07:12+00:00\",\"dateModified\":\"2021-09-11T10:07:09+00:00\",\"mainEntityOfPage\":{\"@id\":\"https:\\\/\\\/darkamazi.info\\\/archives\\\/1021849\"},\"wordCount\":236,\"publisher\":{\"@id\":\"https:\\\/\\\/darkamazi.info\\\/#organization\"},\"image\":{\"@id\":\"https:\\\/\\\/darkamazi.info\\\/archives\\\/1021849#primaryimage\"},\"thumbnailUrl\":\"https:\\\/\\\/darkamazi.info\\\/darka-content\\\/uploads\\\/2021\\\/05\\\/\u067e\u0627\u06a9-pak-bakur.jpg\",\"keywords\":[\"sereke\"],\"articleSection\":[\"Kurdistan\"],\"inLanguage\":\"en-US\"},{\"@type\":\"WebPage\",\"@id\":\"https:\\\/\\\/darkamazi.info\\\/archives\\\/1021849\",\"url\":\"https:\\\/\\\/darkamazi.info\\\/archives\\\/1021849\",\"name\":\"PAK: Dewleta Tirk\u00eeyey\u00ea 5 kadroy\u00ean welatperwer\u00ean Kurd di roja 23y\u00ea Gulan a 1925\u00ea de li Amed\u00ea darve kir - Darka Maz\u00ee\",\"isPartOf\":{\"@id\":\"https:\\\/\\\/darkamazi.info\\\/#website\"},\"primaryImageOfPage\":{\"@id\":\"https:\\\/\\\/darkamazi.info\\\/archives\\\/1021849#primaryimage\"},\"image\":{\"@id\":\"https:\\\/\\\/darkamazi.info\\\/archives\\\/1021849#primaryimage\"},\"thumbnailUrl\":\"https:\\\/\\\/darkamazi.info\\\/darka-content\\\/uploads\\\/2021\\\/05\\\/\u067e\u0627\u06a9-pak-bakur.jpg\",\"datePublished\":\"2021-05-23T15:07:12+00:00\",\"dateModified\":\"2021-09-11T10:07:09+00:00\",\"breadcrumb\":{\"@id\":\"https:\\\/\\\/darkamazi.info\\\/archives\\\/1021849#breadcrumb\"},\"inLanguage\":\"en-US\",\"potentialAction\":[{\"@type\":\"ReadAction\",\"target\":[\"https:\\\/\\\/darkamazi.info\\\/archives\\\/1021849\"]}]},{\"@type\":\"ImageObject\",\"inLanguage\":\"en-US\",\"@id\":\"https:\\\/\\\/darkamazi.info\\\/archives\\\/1021849#primaryimage\",\"url\":\"https:\\\/\\\/darkamazi.info\\\/darka-content\\\/uploads\\\/2021\\\/05\\\/\u067e\u0627\u06a9-pak-bakur.jpg\",\"contentUrl\":\"https:\\\/\\\/darkamazi.info\\\/darka-content\\\/uploads\\\/2021\\\/05\\\/\u067e\u0627\u06a9-pak-bakur.jpg\",\"width\":900,\"height\":497,\"caption\":\"PAK: Dewleta Tirk\u00eeyey\u00ea 5 kadroy\u00ean welatperwer\u00ean Kurd di roja 23y\u00ea Gulan a 1925\u00ea de li Amed\u00ea darve kir\"},{\"@type\":\"BreadcrumbList\",\"@id\":\"https:\\\/\\\/darkamazi.info\\\/archives\\\/1021849#breadcrumb\",\"itemListElement\":[{\"@type\":\"ListItem\",\"position\":1,\"name\":\"Home\",\"item\":\"https:\\\/\\\/darkamazi.info\\\/\"},{\"@type\":\"ListItem\",\"position\":2,\"name\":\"PAK: Dewleta Tirk\u00eeyey\u00ea 5 kadroy\u00ean welatperwer\u00ean Kurd di roja 23y\u00ea Gulan a 1925\u00ea de li Amed\u00ea darve kir\"}]},{\"@type\":\"WebSite\",\"@id\":\"https:\\\/\\\/darkamazi.info\\\/#website\",\"url\":\"https:\\\/\\\/darkamazi.info\\\/\",\"name\":\"Darka Maz\u00ee\",\"description\":\"P\u00eageha Zanyariy\u00ean Nebih\u00eest\u00ee\",\"publisher\":{\"@id\":\"https:\\\/\\\/darkamazi.info\\\/#organization\"},\"potentialAction\":[{\"@type\":\"SearchAction\",\"target\":{\"@type\":\"EntryPoint\",\"urlTemplate\":\"https:\\\/\\\/darkamazi.info\\\/?s={search_term_string}\"},\"query-input\":{\"@type\":\"PropertyValueSpecification\",\"valueRequired\":true,\"valueName\":\"search_term_string\"}}],\"inLanguage\":\"en-US\"},{\"@type\":\"Organization\",\"@id\":\"https:\\\/\\\/darkamazi.info\\\/#organization\",\"name\":\"Darka Maz\u00ee\",\"url\":\"https:\\\/\\\/darkamazi.info\\\/\",\"logo\":{\"@type\":\"ImageObject\",\"inLanguage\":\"en-US\",\"@id\":\"https:\\\/\\\/darkamazi.info\\\/#\\\/schema\\\/logo\\\/image\\\/\",\"url\":\"https:\\\/\\\/darkamazi.info\\\/darka-content\\\/uploads\\\/2017\\\/12\\\/darka-mazi-logo.png\",\"contentUrl\":\"https:\\\/\\\/darkamazi.info\\\/darka-content\\\/uploads\\\/2017\\\/12\\\/darka-mazi-logo.png\",\"width\":151,\"height\":75,\"caption\":\"Darka Maz\u00ee\"},\"image\":{\"@id\":\"https:\\\/\\\/darkamazi.info\\\/#\\\/schema\\\/logo\\\/image\\\/\"},\"sameAs\":[\"https:\\\/\\\/www.facebook.com\\\/DarMaziKurmanci\",\"https:\\\/\\\/x.com\\\/DarkaMaziLatini\",\"https:\\\/\\\/www.instagram.com\\\/darkamazi.kurmanci\\\/\",\"https:\\\/\\\/www.youtube.com\\\/channel\\\/UCa5HkTdmI8U1qCUFuTw8B2g\"]},{\"@type\":\"Person\",\"@id\":\"https:\\\/\\\/darkamazi.info\\\/#\\\/schema\\\/person\\\/5ad3e24553a0567993fa8ed4bd0a776c\",\"name\":\"darka mazi\",\"sameAs\":[\"https:\\\/\\\/darkamazi.info\\\/\"],\"url\":\"https:\\\/\\\/darkamazi.info\\\/archives\\\/author\\\/kurdi\"}]}<\/script>\n<!-- \/ Yoast SEO plugin. -->","seo_head_json":{"title":"PAK: Dewleta Tirk\u00eeyey\u00ea 5 kadroy\u00ean welatperwer\u00ean Kurd di roja 23y\u00ea Gulan a 1925\u00ea de li Amed\u00ea darve kir - Darka Maz\u00ee","robots":{"index":"index","follow":"follow","max-snippet":"max-snippet:-1","max-image-preview":"max-image-preview:large","max-video-preview":"max-video-preview:-1"},"canonical":"https:\/\/darkamazi.info\/archives\/1021849","og_locale":"en_US","og_type":"article","og_title":"PAK: Dewleta Tirk\u00eeyey\u00ea 5 kadroy\u00ean welatperwer\u00ean Kurd di roja 23y\u00ea Gulan a 1925\u00ea de li Amed\u00ea darve kir - Darka Maz\u00ee","og_description":"Partiya Azadiya Kurdistan\u00ea (PAK)\u00ea bi boneya salvegera darve kirina 5 endam\u00ean welatperwer \u00ean kurd ji aliy\u00ea dewleta Tirkiy\u00ea di sala 1925\u00ea, bi peyamek\u00ee bib\u00eeran\u00ee. Daxuyaniya PAK\u00ea waha ye: Dewleta Tirk\u00eeyey\u00ea pi\u015ft\u00ee Tevgera Netewey\u00ee ya Kurd a ku di sibata1925\u00ea de destp\u00ea bib\u00fb Mehkemeya \u015eark \u00cest\u00eeklal\u00ea damezrand. Serok\u00ea v\u00ea tevgera netewey\u00ee \u015e\u00eax Se\u00eed\u00eadi roja 1\u00ea N\u00eesana [&hellip;]","og_url":"https:\/\/darkamazi.info\/archives\/1021849","og_site_name":"Darka Maz\u00ee","article_publisher":"https:\/\/www.facebook.com\/DarMaziKurmanci","article_published_time":"2021-05-23T15:07:12+00:00","article_modified_time":"2021-09-11T10:07:09+00:00","og_image":[{"width":900,"height":497,"url":"https:\/\/darkamazi.info\/file\/2021\/05\/\u067e\u0627\u06a9-pak-bakur.jpg","type":"image\/jpeg"}],"author":"darka mazi","twitter_card":"summary_large_image","twitter_creator":"@DarkaMaziLatini","twitter_site":"@DarkaMaziLatini","twitter_misc":{"Written by":"darka mazi","Est. reading time":"1 minute"},"schema":{"@context":"https:\/\/schema.org","@graph":[{"@type":"Article","@id":"https:\/\/darkamazi.info\/archives\/1021849#article","isPartOf":{"@id":"https:\/\/darkamazi.info\/archives\/1021849"},"author":{"name":"darka mazi","@id":"https:\/\/darkamazi.info\/#\/schema\/person\/5ad3e24553a0567993fa8ed4bd0a776c"},"headline":"PAK: Dewleta Tirk\u00eeyey\u00ea 5 kadroy\u00ean welatperwer\u00ean Kurd di roja 23y\u00ea Gulan a 1925\u00ea de li Amed\u00ea darve kir","datePublished":"2021-05-23T15:07:12+00:00","dateModified":"2021-09-11T10:07:09+00:00","mainEntityOfPage":{"@id":"https:\/\/darkamazi.info\/archives\/1021849"},"wordCount":236,"publisher":{"@id":"https:\/\/darkamazi.info\/#organization"},"image":{"@id":"https:\/\/darkamazi.info\/archives\/1021849#primaryimage"},"thumbnailUrl":"https:\/\/darkamazi.info\/file\/2021\/05\/\u067e\u0627\u06a9-pak-bakur.jpg","keywords":["sereke"],"articleSection":["Kurdistan"],"inLanguage":"en-US"},{"@type":"WebPage","@id":"https:\/\/darkamazi.info\/archives\/1021849","url":"https:\/\/darkamazi.info\/archives\/1021849","name":"PAK: Dewleta Tirk\u00eeyey\u00ea 5 kadroy\u00ean welatperwer\u00ean Kurd di roja 23y\u00ea Gulan a 1925\u00ea de li Amed\u00ea darve kir - Darka Maz\u00ee","isPartOf":{"@id":"https:\/\/darkamazi.info\/#website"},"primaryImageOfPage":{"@id":"https:\/\/darkamazi.info\/archives\/1021849#primaryimage"},"image":{"@id":"https:\/\/darkamazi.info\/archives\/1021849#primaryimage"},"thumbnailUrl":"https:\/\/darkamazi.info\/file\/2021\/05\/\u067e\u0627\u06a9-pak-bakur.jpg","datePublished":"2021-05-23T15:07:12+00:00","dateModified":"2021-09-11T10:07:09+00:00","breadcrumb":{"@id":"https:\/\/darkamazi.info\/archives\/1021849#breadcrumb"},"inLanguage":"en-US","potentialAction":[{"@type":"ReadAction","target":["https:\/\/darkamazi.info\/archives\/1021849"]}]},{"@type":"ImageObject","inLanguage":"en-US","@id":"https:\/\/darkamazi.info\/archives\/1021849#primaryimage","url":"https:\/\/darkamazi.info\/file\/2021\/05\/\u067e\u0627\u06a9-pak-bakur.jpg","contentUrl":"https:\/\/darkamazi.info\/file\/2021\/05\/\u067e\u0627\u06a9-pak-bakur.jpg","width":900,"height":497,"caption":"PAK: Dewleta Tirk\u00eeyey\u00ea 5 kadroy\u00ean welatperwer\u00ean Kurd di roja 23y\u00ea Gulan a 1925\u00ea de li Amed\u00ea darve kir"},{"@type":"BreadcrumbList","@id":"https:\/\/darkamazi.info\/archives\/1021849#breadcrumb","itemListElement":[{"@type":"ListItem","position":1,"name":"Home","item":"https:\/\/darkamazi.info\/"},{"@type":"ListItem","position":2,"name":"PAK: Dewleta Tirk\u00eeyey\u00ea 5 kadroy\u00ean welatperwer\u00ean Kurd di roja 23y\u00ea Gulan a 1925\u00ea de li Amed\u00ea darve kir"}]},{"@type":"WebSite","@id":"https:\/\/darkamazi.info\/#website","url":"https:\/\/darkamazi.info\/","name":"Darka Maz\u00ee","description":"P\u00eageha Zanyariy\u00ean Nebih\u00eest\u00ee","publisher":{"@id":"https:\/\/darkamazi.info\/#organization"},"potentialAction":[{"@type":"SearchAction","target":{"@type":"EntryPoint","urlTemplate":"https:\/\/darkamazi.info\/?s={search_term_string}"},"query-input":{"@type":"PropertyValueSpecification","valueRequired":true,"valueName":"search_term_string"}}],"inLanguage":"en-US"},{"@type":"Organization","@id":"https:\/\/darkamazi.info\/#organization","name":"Darka Maz\u00ee","url":"https:\/\/darkamazi.info\/","logo":{"@type":"ImageObject","inLanguage":"en-US","@id":"https:\/\/darkamazi.info\/#\/schema\/logo\/image\/","url":"https:\/\/darkamazi.info\/file\/2017\/12\/darka-mazi-logo.png","contentUrl":"https:\/\/darkamazi.info\/file\/2017\/12\/darka-mazi-logo.png","width":151,"height":75,"caption":"Darka Maz\u00ee"},"image":{"@id":"https:\/\/darkamazi.info\/#\/schema\/logo\/image\/"},"sameAs":["https:\/\/www.facebook.com\/DarMaziKurmanci","https:\/\/x.com\/DarkaMaziLatini","https:\/\/www.instagram.com\/darkamazi.kurmanci\/","https:\/\/www.youtube.com\/channel\/UCa5HkTdmI8U1qCUFuTw8B2g"]},{"@type":"Person","@id":"https:\/\/darkamazi.info\/#\/schema\/person\/5ad3e24553a0567993fa8ed4bd0a776c","name":"darka mazi","sameAs":["https:\/\/darkamazi.info\/"],"url":"https:\/\/darkamazi.info\/archives\/author\/kurdi"}]}},"_links":{"self":[{"href":"https:\/\/darkamazi.info\/funavuv\/wp\/v2\/posts\/1021849","targetHints":{"allow":["GET"]}}],"collection":[{"href":"https:\/\/darkamazi.info\/funavuv\/wp\/v2\/posts"}],"about":[{"href":"https:\/\/darkamazi.info\/funavuv\/wp\/v2\/types\/post"}],"author":[{"embeddable":true,"href":"https:\/\/darkamazi.info\/funavuv\/wp\/v2\/users\/2"}],"replies":[{"embeddable":true,"href":"https:\/\/darkamazi.info\/funavuv\/wp\/v2\/comments?post=1021849"}],"version-history":[{"count":0,"href":"https:\/\/darkamazi.info\/funavuv\/wp\/v2\/posts\/1021849\/revisions"}],"wp:featuredmedia":[{"embeddable":true,"href":"https:\/\/darkamazi.info\/funavuv\/wp\/v2\/media\/1021850"}],"wp:attachment":[{"href":"https:\/\/darkamazi.info\/funavuv\/wp\/v2\/media?parent=1021849"}],"wp:term":[{"taxonomy":"category","embeddable":true,"href":"https:\/\/darkamazi.info\/funavuv\/wp\/v2\/categories?post=1021849"},{"taxonomy":"post_tag","embeddable":true,"href":"https:\/\/darkamazi.info\/funavuv\/wp\/v2\/tags?post=1021849"}],"curies":[{"name":"wp","href":"https:\/\/api.w.org\/{rel}","templated":true}]}}