{"id":1021916,"date":"2021-09-22T17:00:21","date_gmt":"2021-09-22T14:00:21","guid":{"rendered":"https:\/\/darkamazi.info\/?p=1021916"},"modified":"2021-09-22T17:47:14","modified_gmt":"2021-09-22T14:47:14","slug":"pkk-bi-vegera-pesmergeyan-ji-bo-navceyen-kurdistani-pir-aciz-buye","status":"publish","type":"post","link":"https:\/\/darkamazi.info\/archives\/1021916","title":{"rendered":"PKK bi vegera P\u00ea\u015fmergeyan ji bo nav\u00e7ey\u00ean Kurdistan\u00ee pir aciz b\u00fbye"},"content":{"rendered":"<div class=\"wpb-content-wrapper\"><p>[darkamazi_row][darkamazi_column][darkamazi_video link=&#8221;https:\/\/www.youtube.com\/watch?v=UziFoGl01Q4&#8243; align=&#8221;center&#8221;][darkamazi_column_text]<\/p>\n<h3 style=\"text-align: justify;\"><span style=\"font-family: 'arial black', sans-serif;\">Ji 23 \u00ea Gulan\u00ea ve, P\u00ea\u015fmerge \u00fb art\u00ea\u015fa Iraq\u00ea li her\u00eam\u00ean Kurdistan\u00ee dest bi damezrandina j\u00fbr\u00ean operasyona hevbe\u015f kirin. Heya niha, li her\u00eam\u00ean Kerk\u00fbk \u00fb Mexm\u00fbr\u00ea j\u00fbr\u00ean operasyon\u00ea hatine ekt\u00eev kirin. Van rojan li M\u00fbsil \u00fb Xaneq\u00een j\u00ee dest bi dan\u00eena j\u00fbr\u00ean hevbe\u015f t\u00ea kirin.<\/span><\/h3>\n<h3 style=\"text-align: justify;\">Avakirina j\u00fbr\u00ean operasyona hevpar ji bo Kurdan gavek gir\u00eeng a siyas\u00ee ye. Ev deverene hem\u00ee di sala 2017 an de ji h\u00eala He\u015fda \u015eeb\u00ee \u00fb art\u00ea\u015fa Iraq\u00ea ve hatib\u00fbne dagirkirin. Niha vegera P\u00ea\u015fmerge wek destkeftek d\u00eeplomat\u00eek t\u00eate d\u00eetin. L\u00ea derdor\u00ean ku ji v\u00ea destkeftiy\u00ea pirr aciz j\u00ee hene. Yek ji wan j\u00ee PKK ye. L\u00eabel\u00ea, PKK nikarib\u00fb li ser v\u00ea mijar\u00ea bi rengek vekir\u00ee neraz\u00eeb\u00fbna xwe diyar bike, ji ber v\u00ea yek\u00ea PKKe r\u00eabaz\u00ean c\u00fbda ji boy diyar neb\u00fbna neraz\u00eeb\u00fbn \u00fb dijberiya xwe bikar t\u00eene.<\/h3>\n<h3 style=\"text-align: justify;\">PKK neraz\u00eeb\u00fbna xwe li hember vegera P\u00ea\u015fmerge bo dever\u00ean Kurdistan\u00ee di ANF \u00ea de \u00fb bi we\u015fan\u00ean xwe y\u00ean \u00cengil\u00eez\u00ee diyar dike, ji ber ku medya PKK \u00ea ji helwesta gel ditirse loma j\u00ee\u00a0 li ser malper\u00ean Tirk\u00ee \u00fb Kurd\u00ee belav nake.\u00a0 Gel\u00ea Kurdistan hak\u00eekata derketina P\u00ea\u015fmerge ji Kerk\u00fbk \u00fb nav\u00e7ey\u00ean Kurdistan\u00ee dizane taybet j\u00ee gel\u00ea Ba\u015f\u00fbr\u00ea Kurdistan\u00ea ba\u015f dizane k\u00ee ev komplo b\u00fb. Ew bi v\u00ee reng\u00ee, di war\u00ea d\u00eeplomasiy\u00ea de, van gotaran n\u00ee\u015fan\u00ee kes\u00ean Ewrop\u00ee \u00fb b\u00eeyan\u00ee didin \u00fb dixwazin v\u00ea niv\u00ees\u00ea wek\u00ee helwesta gi\u015ft\u00ee ya gel\u00ea Kurd, bi Ewrop\u00eeyan biden qeb\u00fbl kirin.<\/h3>\n<h3 style=\"text-align: justify;\">Her\u00ee daw\u00ee, niv\u00eesek li ser nav\u00ea Bext\u00eeyar \u00c7el\u00ea ku xwe wek\u00ee endam\u00ea mecl\u00eesa gel a Mexm\u00fbr\u00ea dide nas\u00een, di we\u015fana \u00cengil\u00eez\u00ee ya ANF \u00ea de hat we\u015fandin. Gotar ten\u00ea bi \u00cengil\u00eez\u00ee hat\u00eeye we\u015fandin. Di maqal\u00ea de, bi zaneb\u00fbn hinek agah\u00eey\u00ean derew hatine parve kirin \u00fb li p\u00ea\u015fmerge j\u00ee heqaret t\u00ea kirin.<\/h3>\n<h3 style=\"text-align: justify;\">Di meqal\u00ea de veger\u00eena P\u00ea\u015fmerge ji bo devera Mexm\u00fbr wek\u00ee planger\u00eeyek ji bo r\u00fbxandina Kempa Mexm\u00fbr\u00ea n\u00ee\u015fan dide.<\/h3>\n<h3 style=\"text-align: justify;\">Li gor\u00ee meqal\u00ea, P\u00ea\u015fmerge di 16 \u00ea T\u00eermeha 2017an de di encama \u00ear\u00ee\u015f\u00ean Da\u00ee\u015f de ji Mexm\u00fbr\u00ea derket \u00fb mil\u00ees\u00ean Ha\u015fda \u015eaab\u00ee hatin \u015f\u00fbna wan. L\u00eabel\u00ea, P\u00ea\u015fmerge bi \u00e7ek\u00ean giran \u00fb h\u00eaz\u00ea bejay\u00ee derxistina Da\u00ee\u015f \u00ea de roleke bibandor l\u00eest. D\u00fbv re, dema ku Kerk\u00fbk bi x\u00eeyaneta bask\u00ea Lahor Ceng\u00ee ve radest\u00ee art\u00ea\u015fa Iraq \u00fb He\u015fda \u015eeb\u00ee hat\u00eeye kirin, h\u00eaz\u00ean Iraq\u00ee li en\u00eeya Mexm\u00fbr\u00ea bi dijwar\u00ee \u00ear\u00ee\u015f\u00ee h\u00eaz\u00ean P\u00ea\u015fmerge kirin. Di 24 \u00ea \u00c7ir\u00eeya P\u00ea\u015f\u00een a 2017an de, H\u00eaz\u00ean P\u00ea\u015fmerge ev \u00ear\u00ee\u015f\u00ean He\u015fda \u015eeb\u00ee \u015fikandin \u00fb 20 \u00e7ekdar\u00ean wan girtin \u00fb bi dehan wesay\u00eet\u00ean wan j\u00ee jinav birin. Di van pev\u00e7\u00fbnan de di p\u00ea\u015fmerge j\u00ee \u015feh\u00eed b\u00fbn. L\u00eabel\u00ea, P\u00ea\u015fmerge ne ji ber pev\u00e7\u00fbn\u00ean le\u015fker\u00ee l\u00ea ji ber sedem\u00ean siyas\u00ee ji her\u00eama Mexm\u00fbr\u00ea derket \u00fb 4 km d\u00fbr\u00ee Mexm\u00fbr\u00ea bic\u00eeh b\u00fb.<\/h3>\n<h3 style=\"text-align: justify;\">Her weha div\u00ea were zan\u00een, dema ku P\u00ea\u015fmergeyan 1 km d\u00fbr\u00ee wargeha Mexm\u00fbr\u00ea bi He\u015fda \u015eeb\u00ee re \u015fer dikir, n\u00eaz\u00eek\u00ea 300 ger\u00eelay\u00ean PKK \u00ea di mesafeta 1 km weke tema\u015fevana li \u015fer tema\u015fedikir \u00fb dixwestin He\u015fda \u015faab\u00ee serbikeve. Pi\u015ft\u00ee \u015fer PKK \u00ea fermandar\u00ean He\u015fda \u015eeb\u00ee li wargeha Mexm\u00fbr\u00ea p\u00ea\u015fwaz\u00ee \u00fb m\u00eavan kirin. Heya\u00a0 Bext\u00eeyar \u00c7el\u00ea (Polat), y\u00ea ku t\u00ea \u00eed\u00eea kirin ku ev meqale niv\u00eesandiye, be\u015fdar\u00ee civ\u00een\u00ean bi fermandar\u00ean He\u015fda \u015eeb\u00ee re dib\u00fb \u00fb h\u00ea P\u00ea\u015fmerge neveger\u00eeya y\u00ee\u00a0 PKK \u00ea bi wan re peymana hevkariy\u00ea \u00eemze dikir. Ana j\u00ee ev makale ne Polat ango Bext\u00eeyar \u00c7el\u00ea niv\u00eesand\u00eeye r\u00eaveber\u00ean PKK li kampa Mexm\u00fbr \u00e7er\u00e7eve got\u00eeye \u00fb ev makale hat\u00eeye niv\u00eesandin.<\/h3>\n<h3 style=\"text-align: justify;\">Di meqal\u00ea de, b\u00eajeyek wek\u00ee &#8220;Da\u00ee\u015f ji h\u00eala PDK \u00ea \u00fb Tirkiy\u00ea ve t\u00eane f\u00eenansekirin&#8221; t\u00ea bikar an\u00een. Ev hevok baldar\u00ee hat\u00eeye hilbijartin. Bi v\u00ee reng\u00ee, armanc ewe ku P\u00ea\u015fmerge, PDK \u00fb Hik\u00fbmeta Ba\u015f\u00fbr\u00ea Kurdistan\u00ea weke heval\u00ean Da\u00ee\u015f \u00ea n\u00ee\u015fan bidin. Li gor\u00ee v\u00ea tewan\u00ea, dixwazin bib\u00eajin hik\u00fbmeta her\u00eama Kurdistan\u00ea; hem bi Tirkiye \u00fb hem j\u00ee bi Da\u00ee\u015f \u00ea re hevpeymaniyek stratej\u00eek heye. L\u00eabel\u00ea, di dema du salan de heya 2015an P\u00ea\u015fmerge di \u015fer de 1.300 \u015feh\u00eed dan. Niv\u00eeskar\u00ea ANF \u00ea ji bo ku van hem\u00ee rastiyan ve\u015f\u00eare, bi hezaran p\u00ea\u015fmergey\u00ean ku ji bo xaka Ni\u015ft\u00eeman can\u00ea xwe day\u00ee nab\u00eene \u00fb heqaret\u00ea l\u00ea dike.<\/h3>\n<h3 style=\"text-align: justify;\">Mijar ne niv\u00eeskar bixwe ye, l\u00ea mijar eve ku ev tewan\u00ean qir\u00eaj encama siyaseta PKK \u00ea ye. Ji ber v\u00ea yek\u00ea, PKK ji ber sedem\u00ean siyas\u00ee \u00fb civak\u00ee nikare bib\u00eaje bi nav\u00ean c\u00fbda \u00fb ziman\u00ea c\u00fbda dide got\u00een \u00fb niv\u00eesandin.<\/h3>\n<h3 style=\"text-align: justify;\">PKK Ji niha \u00fb p\u00eave, \u00eeht\u00eemalek mezin d\u00ea bi p\u00ean\u00fbs\u00ean ve\u015fart\u00ee v\u00ea xelqeya propagandeya re\u015fkirin\u00ea, bime\u015f\u00eene. \u201cGel P\u00ea\u015fmerge naxwaze, di navbera Da\u00ee\u015f \u00fb P\u00ea\u015fmerge de hevkariyek heye. P\u00ea\u015fmerge bi mirovan re xerab tevgeriya, hatina p\u00ea\u015fmerge bo meydan\u00ea komployek navnetewey\u00ee ye, ev pi\u015ftgiriya h\u00eaz\u00ean navnetewey\u00ee ye ji bo tasfiyekirina PKK &#8220;, \u00fb hwd. D\u00ea propagandayek bi v\u00ee reng\u00ee were kirin.<\/h3>\n<h3 style=\"text-align: justify;\">Ji ber ku armanca siyaseta PKK \u00ea ya ku Evdila Ocelan di sala 2012 de behsa w\u00ea dikir, c\u00eeh b\u00fbna v\u00ea xeta dir\u00eaj a ji \u015eingal heya Xaneq\u00een, ku p\u00ea\u015fmergeyan ji vir derx\u00eenin \u00fb li vir bic\u00eeh bibin. PKK li vir wek\u00ee \u015fir\u00eek\u00ea pilang\u00eariya H\u00eelala \u015e\u00eea ya \u00ceran\u00ea erkdar dibe. Di berd\u00eala ku P\u00ea\u015fmerge dev ji her\u00eam\u00ea berda, ew li \u015eingal\u00ea bic\u00eeh b\u00fbn \u00fb \u00eazid\u00ee kirin par\u00e7eyek ji He\u015fda \u015eeb\u00ee. Ew gr\u00fbp\u00ean \u00e7ekdar li wargeha Mexm\u00fbr bic\u00eeh kir \u00fb binesaziya daketina ser xeta Kerk\u00fbk\u00ea ava kirin. Wek\u00ee din, di xeta Germ\u00eeyan \u00fb Xaneq\u00een de, h\u00eazek bi nav\u00ea xwe parastina cewher\u00ee ava kirin ku p\u00ea\u015fde ev h\u00eaz\u00ea j\u00ee weke h\u00eaza he\u015fda \u015eeb\u00ee were nas\u00een \u00fb erkdar kirin. Di van dever\u00ean Kurdistan\u00ee de PKK \u00fb He\u015fda \u015eeb\u00ee bi y\u00eak ferman\u00ea bizav\u00ea dikin. Ango her du h\u00eaz bi hem\u00ee away\u00ee hevpar \u00fb \u015fir\u00eekin. Bi gotinek din, projeya Kembera Nav\u00een a PKK \u00ea ne bi armanca w\u00ea yek\u00ea ye ku ax\u00ea ji Iraq\u00ea bistinin, belku ji boy w\u00ea yek\u00ea ye ku ax\u00ea ji P\u00ea\u015fmerge \u00fb Her\u00eama Kurdistan\u00ea veqet\u00eenin \u00fb PKKe li \u015f\u00fbna p\u00ea\u015fmerge li ser hesaba Iraq\u00ea li dever\u00ean Kurdistan\u00ee bic\u00eeh bibe.<\/h3>\n<h3 style=\"text-align: justify;\">Ji bo v\u00ea sedem\u00ea, y\u00ean ku ji vegera P\u00ea\u015fmerge ji bo dever\u00ea her\u00ee nerehet in He\u015fda \u015eeb\u00ee \u00fb PKK ye. B\u00ea guman, hevkar\u00ea din \u00ea v\u00ee bask\u00ee gr\u00fbpa Lahor Ceng\u00ee ye. Ev her s\u00ea \u015fir\u00eek\u00ean ne yasay\u00ee, r\u00eeska provaqasyon\u00ea li v\u00ea her\u00eam\u00ea dirist dike. Ji ber ku heb\u00fbna PKK li van deveran bi x\u00eara He\u015fda \u015eeb\u00ee ye. Gava ku P\u00ea\u015fmerge bi ferm\u00ee derbas\u00ee dever\u00ea b\u00fbn ev p\u00eawend\u00ee \u00fb \u015firikat\u00eeya He\u015fda \u015eeb\u00ee \u00fb PKK \u00ea d\u00ea bikeve bin metirs\u00eey\u00ea. Gir\u00eeng e ku pir bi hi\u015fyar\u00ee ev proje were c\u00eebec\u00ee kirin.<\/h3>\n<h3 style=\"text-align: justify;\">Pi\u015ft\u00ee w\u00ea tar\u00eex\u00ea, h\u00eaz\u00ean siyas\u00ee y\u00ean YNK li heman deveran dest bi xebat\u00ea kirin, \u00fb PDK \u00ea ragihand ku ew li van deveran of\u00ees\u00ean siyas\u00ee venakin heya ku P\u00ea\u015fmerge vedigere.<\/h3>\n<p>[\/darkamazi_column_text][\/darkamazi_column][\/darkamazi_row]<\/p>\n<\/div>","protected":false},"excerpt":{"rendered":"<p>[darkamazi_row][darkamazi_column][darkamazi_video link=&#8221;https:\/\/www.youtube.com\/watch?v=UziFoGl01Q4&#8243; align=&#8221;center&#8221;][darkamazi_column_text] Ji 23 \u00ea Gulan\u00ea ve, P\u00ea\u015fmerge \u00fb art\u00ea\u015fa Iraq\u00ea li her\u00eam\u00ean Kurdistan\u00ee dest bi damezrandina j\u00fbr\u00ean operasyona hevbe\u015f kirin. Heya niha, li her\u00eam\u00ean Kerk\u00fbk \u00fb Mexm\u00fbr\u00ea j\u00fbr\u00ean operasyon\u00ea hatine ekt\u00eev kirin. Van rojan li M\u00fbsil \u00fb Xaneq\u00een j\u00ee dest bi dan\u00eena j\u00fbr\u00ean hevbe\u015f t\u00ea kirin. Avakirina j\u00fbr\u00ean operasyona hevpar ji bo Kurdan [&hellip;]<\/p>\n","protected":false},"author":2,"featured_media":1021917,"comment_status":"closed","ping_status":"closed","sticky":false,"template":"epic_custom_post_template-1006382","format":"video","meta":{"footnotes":""},"categories":[65],"tags":[37],"class_list":["post-1021916","post","type-post","status-publish","format-video","has-post-thumbnail","hentry","category-vidiyo","tag-sereke","post_format-post-format-video"],"blocksy_meta":[],"seo_head":"<!-- This site is optimized with the Yoast SEO plugin v27.5 - https:\/\/yoast.com\/product\/yoast-seo-wordpress\/ -->\n<title>PKK bi vegera P\u00ea\u015fmergeyan ji bo nav\u00e7ey\u00ean Kurdistan\u00ee pir aciz b\u00fbye - Darka Maz\u00ee<\/title>\n<meta name=\"robots\" content=\"index, follow, max-snippet:-1, max-image-preview:large, max-video-preview:-1\" \/>\n<link rel=\"canonical\" href=\"https:\/\/darkamazi.info\/archives\/1021916\" \/>\n<meta property=\"og:locale\" content=\"en_US\" \/>\n<meta property=\"og:type\" content=\"article\" \/>\n<meta property=\"og:title\" content=\"PKK bi vegera P\u00ea\u015fmergeyan ji bo nav\u00e7ey\u00ean Kurdistan\u00ee pir aciz b\u00fbye - Darka Maz\u00ee\" \/>\n<meta property=\"og:description\" content=\"[darkamazi_row][darkamazi_column][darkamazi_video link=&#8221;https:\/\/www.youtube.com\/watch?v=UziFoGl01Q4&#8243; align=&#8221;center&#8221;][darkamazi_column_text] Ji 23 \u00ea Gulan\u00ea ve, P\u00ea\u015fmerge \u00fb art\u00ea\u015fa Iraq\u00ea li her\u00eam\u00ean Kurdistan\u00ee dest bi damezrandina j\u00fbr\u00ean operasyona hevbe\u015f kirin. Heya niha, li her\u00eam\u00ean Kerk\u00fbk \u00fb Mexm\u00fbr\u00ea j\u00fbr\u00ean operasyon\u00ea hatine ekt\u00eev kirin. Van rojan li M\u00fbsil \u00fb Xaneq\u00een j\u00ee dest bi dan\u00eena j\u00fbr\u00ean hevbe\u015f t\u00ea kirin. Avakirina j\u00fbr\u00ean operasyona hevpar ji bo Kurdan [&hellip;]\" \/>\n<meta property=\"og:url\" content=\"https:\/\/darkamazi.info\/archives\/1021916\" \/>\n<meta property=\"og:site_name\" content=\"Darka Maz\u00ee\" \/>\n<meta property=\"article:publisher\" content=\"https:\/\/www.facebook.com\/DarMaziKurmanci\" \/>\n<meta property=\"article:published_time\" content=\"2021-09-22T14:00:21+00:00\" \/>\n<meta property=\"article:modified_time\" content=\"2021-09-22T14:47:14+00:00\" \/>\n<meta property=\"og:image\" content=\"https:\/\/darkamazi.info\/file\/2021\/05\/PESMERGE.jpg\" \/>\n\t<meta property=\"og:image:width\" content=\"900\" \/>\n\t<meta property=\"og:image:height\" content=\"500\" \/>\n\t<meta property=\"og:image:type\" content=\"image\/jpeg\" \/>\n<meta name=\"author\" content=\"darka mazi\" \/>\n<meta name=\"twitter:card\" content=\"summary_large_image\" \/>\n<meta name=\"twitter:creator\" content=\"@DarkaMaziLatini\" \/>\n<meta name=\"twitter:site\" content=\"@DarkaMaziLatini\" \/>\n<meta name=\"twitter:label1\" content=\"Written by\" \/>\n\t<meta name=\"twitter:data1\" content=\"darka mazi\" \/>\n\t<meta name=\"twitter:label2\" content=\"Est. reading time\" \/>\n\t<meta name=\"twitter:data2\" content=\"5 minutes\" \/>\n<script type=\"application\/ld+json\" class=\"seo-schema-graph\">{\"@context\":\"https:\\\/\\\/schema.org\",\"@graph\":[{\"@type\":\"Article\",\"@id\":\"https:\\\/\\\/darkamazi.info\\\/archives\\\/1021916#article\",\"isPartOf\":{\"@id\":\"https:\\\/\\\/darkamazi.info\\\/archives\\\/1021916\"},\"author\":{\"name\":\"darka mazi\",\"@id\":\"https:\\\/\\\/darkamazi.info\\\/#\\\/schema\\\/person\\\/5ad3e24553a0567993fa8ed4bd0a776c\"},\"headline\":\"PKK bi vegera P\u00ea\u015fmergeyan ji bo nav\u00e7ey\u00ean Kurdistan\u00ee pir aciz b\u00fbye\",\"datePublished\":\"2021-09-22T14:00:21+00:00\",\"dateModified\":\"2021-09-22T14:47:14+00:00\",\"mainEntityOfPage\":{\"@id\":\"https:\\\/\\\/darkamazi.info\\\/archives\\\/1021916\"},\"wordCount\":1303,\"publisher\":{\"@id\":\"https:\\\/\\\/darkamazi.info\\\/#organization\"},\"image\":{\"@id\":\"https:\\\/\\\/darkamazi.info\\\/archives\\\/1021916#primaryimage\"},\"thumbnailUrl\":\"https:\\\/\\\/darkamazi.info\\\/darka-content\\\/uploads\\\/2021\\\/05\\\/PESMERGE.jpg\",\"keywords\":[\"sereke\"],\"articleSection\":[\"V\u00eed\u00eeyo\"],\"inLanguage\":\"en-US\"},{\"@type\":\"WebPage\",\"@id\":\"https:\\\/\\\/darkamazi.info\\\/archives\\\/1021916\",\"url\":\"https:\\\/\\\/darkamazi.info\\\/archives\\\/1021916\",\"name\":\"PKK bi vegera P\u00ea\u015fmergeyan ji bo nav\u00e7ey\u00ean Kurdistan\u00ee pir aciz b\u00fbye - Darka Maz\u00ee\",\"isPartOf\":{\"@id\":\"https:\\\/\\\/darkamazi.info\\\/#website\"},\"primaryImageOfPage\":{\"@id\":\"https:\\\/\\\/darkamazi.info\\\/archives\\\/1021916#primaryimage\"},\"image\":{\"@id\":\"https:\\\/\\\/darkamazi.info\\\/archives\\\/1021916#primaryimage\"},\"thumbnailUrl\":\"https:\\\/\\\/darkamazi.info\\\/darka-content\\\/uploads\\\/2021\\\/05\\\/PESMERGE.jpg\",\"datePublished\":\"2021-09-22T14:00:21+00:00\",\"dateModified\":\"2021-09-22T14:47:14+00:00\",\"breadcrumb\":{\"@id\":\"https:\\\/\\\/darkamazi.info\\\/archives\\\/1021916#breadcrumb\"},\"inLanguage\":\"en-US\",\"potentialAction\":[{\"@type\":\"ReadAction\",\"target\":[\"https:\\\/\\\/darkamazi.info\\\/archives\\\/1021916\"]}]},{\"@type\":\"ImageObject\",\"inLanguage\":\"en-US\",\"@id\":\"https:\\\/\\\/darkamazi.info\\\/archives\\\/1021916#primaryimage\",\"url\":\"https:\\\/\\\/darkamazi.info\\\/darka-content\\\/uploads\\\/2021\\\/05\\\/PESMERGE.jpg\",\"contentUrl\":\"https:\\\/\\\/darkamazi.info\\\/darka-content\\\/uploads\\\/2021\\\/05\\\/PESMERGE.jpg\",\"width\":900,\"height\":500,\"caption\":\"PKK bi vegera P\u00ea\u015fmergeyan ji bo nav\u00e7ey\u00ean Kurdistan\u00ee pir aciz b\u00fbye\"},{\"@type\":\"BreadcrumbList\",\"@id\":\"https:\\\/\\\/darkamazi.info\\\/archives\\\/1021916#breadcrumb\",\"itemListElement\":[{\"@type\":\"ListItem\",\"position\":1,\"name\":\"Home\",\"item\":\"https:\\\/\\\/darkamazi.info\\\/\"},{\"@type\":\"ListItem\",\"position\":2,\"name\":\"PKK bi vegera P\u00ea\u015fmergeyan ji bo nav\u00e7ey\u00ean Kurdistan\u00ee pir aciz b\u00fbye\"}]},{\"@type\":\"WebSite\",\"@id\":\"https:\\\/\\\/darkamazi.info\\\/#website\",\"url\":\"https:\\\/\\\/darkamazi.info\\\/\",\"name\":\"Darka Maz\u00ee\",\"description\":\"P\u00eageha Zanyariy\u00ean Nebih\u00eest\u00ee\",\"publisher\":{\"@id\":\"https:\\\/\\\/darkamazi.info\\\/#organization\"},\"potentialAction\":[{\"@type\":\"SearchAction\",\"target\":{\"@type\":\"EntryPoint\",\"urlTemplate\":\"https:\\\/\\\/darkamazi.info\\\/?s={search_term_string}\"},\"query-input\":{\"@type\":\"PropertyValueSpecification\",\"valueRequired\":true,\"valueName\":\"search_term_string\"}}],\"inLanguage\":\"en-US\"},{\"@type\":\"Organization\",\"@id\":\"https:\\\/\\\/darkamazi.info\\\/#organization\",\"name\":\"Darka Maz\u00ee\",\"url\":\"https:\\\/\\\/darkamazi.info\\\/\",\"logo\":{\"@type\":\"ImageObject\",\"inLanguage\":\"en-US\",\"@id\":\"https:\\\/\\\/darkamazi.info\\\/#\\\/schema\\\/logo\\\/image\\\/\",\"url\":\"https:\\\/\\\/darkamazi.info\\\/darka-content\\\/uploads\\\/2017\\\/12\\\/darka-mazi-logo.png\",\"contentUrl\":\"https:\\\/\\\/darkamazi.info\\\/darka-content\\\/uploads\\\/2017\\\/12\\\/darka-mazi-logo.png\",\"width\":151,\"height\":75,\"caption\":\"Darka Maz\u00ee\"},\"image\":{\"@id\":\"https:\\\/\\\/darkamazi.info\\\/#\\\/schema\\\/logo\\\/image\\\/\"},\"sameAs\":[\"https:\\\/\\\/www.facebook.com\\\/DarMaziKurmanci\",\"https:\\\/\\\/x.com\\\/DarkaMaziLatini\",\"https:\\\/\\\/www.instagram.com\\\/darkamazi.kurmanci\\\/\",\"https:\\\/\\\/www.youtube.com\\\/channel\\\/UCa5HkTdmI8U1qCUFuTw8B2g\"]},{\"@type\":\"Person\",\"@id\":\"https:\\\/\\\/darkamazi.info\\\/#\\\/schema\\\/person\\\/5ad3e24553a0567993fa8ed4bd0a776c\",\"name\":\"darka mazi\",\"sameAs\":[\"https:\\\/\\\/darkamazi.info\\\/\"],\"url\":\"https:\\\/\\\/darkamazi.info\\\/archives\\\/author\\\/kurdi\"}]}<\/script>\n<!-- \/ Yoast SEO plugin. -->","seo_head_json":{"title":"PKK bi vegera P\u00ea\u015fmergeyan ji bo nav\u00e7ey\u00ean Kurdistan\u00ee pir aciz b\u00fbye - Darka Maz\u00ee","robots":{"index":"index","follow":"follow","max-snippet":"max-snippet:-1","max-image-preview":"max-image-preview:large","max-video-preview":"max-video-preview:-1"},"canonical":"https:\/\/darkamazi.info\/archives\/1021916","og_locale":"en_US","og_type":"article","og_title":"PKK bi vegera P\u00ea\u015fmergeyan ji bo nav\u00e7ey\u00ean Kurdistan\u00ee pir aciz b\u00fbye - Darka Maz\u00ee","og_description":"[darkamazi_row][darkamazi_column][darkamazi_video link=&#8221;https:\/\/www.youtube.com\/watch?v=UziFoGl01Q4&#8243; align=&#8221;center&#8221;][darkamazi_column_text] Ji 23 \u00ea Gulan\u00ea ve, P\u00ea\u015fmerge \u00fb art\u00ea\u015fa Iraq\u00ea li her\u00eam\u00ean Kurdistan\u00ee dest bi damezrandina j\u00fbr\u00ean operasyona hevbe\u015f kirin. Heya niha, li her\u00eam\u00ean Kerk\u00fbk \u00fb Mexm\u00fbr\u00ea j\u00fbr\u00ean operasyon\u00ea hatine ekt\u00eev kirin. Van rojan li M\u00fbsil \u00fb Xaneq\u00een j\u00ee dest bi dan\u00eena j\u00fbr\u00ean hevbe\u015f t\u00ea kirin. Avakirina j\u00fbr\u00ean operasyona hevpar ji bo Kurdan [&hellip;]","og_url":"https:\/\/darkamazi.info\/archives\/1021916","og_site_name":"Darka Maz\u00ee","article_publisher":"https:\/\/www.facebook.com\/DarMaziKurmanci","article_published_time":"2021-09-22T14:00:21+00:00","article_modified_time":"2021-09-22T14:47:14+00:00","og_image":[{"width":900,"height":500,"url":"https:\/\/darkamazi.info\/file\/2021\/05\/PESMERGE.jpg","type":"image\/jpeg"}],"author":"darka mazi","twitter_card":"summary_large_image","twitter_creator":"@DarkaMaziLatini","twitter_site":"@DarkaMaziLatini","twitter_misc":{"Written by":"darka mazi","Est. reading time":"5 minutes"},"schema":{"@context":"https:\/\/schema.org","@graph":[{"@type":"Article","@id":"https:\/\/darkamazi.info\/archives\/1021916#article","isPartOf":{"@id":"https:\/\/darkamazi.info\/archives\/1021916"},"author":{"name":"darka mazi","@id":"https:\/\/darkamazi.info\/#\/schema\/person\/5ad3e24553a0567993fa8ed4bd0a776c"},"headline":"PKK bi vegera P\u00ea\u015fmergeyan ji bo nav\u00e7ey\u00ean Kurdistan\u00ee pir aciz b\u00fbye","datePublished":"2021-09-22T14:00:21+00:00","dateModified":"2021-09-22T14:47:14+00:00","mainEntityOfPage":{"@id":"https:\/\/darkamazi.info\/archives\/1021916"},"wordCount":1303,"publisher":{"@id":"https:\/\/darkamazi.info\/#organization"},"image":{"@id":"https:\/\/darkamazi.info\/archives\/1021916#primaryimage"},"thumbnailUrl":"https:\/\/darkamazi.info\/file\/2021\/05\/PESMERGE.jpg","keywords":["sereke"],"articleSection":["V\u00eed\u00eeyo"],"inLanguage":"en-US"},{"@type":"WebPage","@id":"https:\/\/darkamazi.info\/archives\/1021916","url":"https:\/\/darkamazi.info\/archives\/1021916","name":"PKK bi vegera P\u00ea\u015fmergeyan ji bo nav\u00e7ey\u00ean Kurdistan\u00ee pir aciz b\u00fbye - Darka Maz\u00ee","isPartOf":{"@id":"https:\/\/darkamazi.info\/#website"},"primaryImageOfPage":{"@id":"https:\/\/darkamazi.info\/archives\/1021916#primaryimage"},"image":{"@id":"https:\/\/darkamazi.info\/archives\/1021916#primaryimage"},"thumbnailUrl":"https:\/\/darkamazi.info\/file\/2021\/05\/PESMERGE.jpg","datePublished":"2021-09-22T14:00:21+00:00","dateModified":"2021-09-22T14:47:14+00:00","breadcrumb":{"@id":"https:\/\/darkamazi.info\/archives\/1021916#breadcrumb"},"inLanguage":"en-US","potentialAction":[{"@type":"ReadAction","target":["https:\/\/darkamazi.info\/archives\/1021916"]}]},{"@type":"ImageObject","inLanguage":"en-US","@id":"https:\/\/darkamazi.info\/archives\/1021916#primaryimage","url":"https:\/\/darkamazi.info\/file\/2021\/05\/PESMERGE.jpg","contentUrl":"https:\/\/darkamazi.info\/file\/2021\/05\/PESMERGE.jpg","width":900,"height":500,"caption":"PKK bi vegera P\u00ea\u015fmergeyan ji bo nav\u00e7ey\u00ean Kurdistan\u00ee pir aciz b\u00fbye"},{"@type":"BreadcrumbList","@id":"https:\/\/darkamazi.info\/archives\/1021916#breadcrumb","itemListElement":[{"@type":"ListItem","position":1,"name":"Home","item":"https:\/\/darkamazi.info\/"},{"@type":"ListItem","position":2,"name":"PKK bi vegera P\u00ea\u015fmergeyan ji bo nav\u00e7ey\u00ean Kurdistan\u00ee pir aciz b\u00fbye"}]},{"@type":"WebSite","@id":"https:\/\/darkamazi.info\/#website","url":"https:\/\/darkamazi.info\/","name":"Darka Maz\u00ee","description":"P\u00eageha Zanyariy\u00ean Nebih\u00eest\u00ee","publisher":{"@id":"https:\/\/darkamazi.info\/#organization"},"potentialAction":[{"@type":"SearchAction","target":{"@type":"EntryPoint","urlTemplate":"https:\/\/darkamazi.info\/?s={search_term_string}"},"query-input":{"@type":"PropertyValueSpecification","valueRequired":true,"valueName":"search_term_string"}}],"inLanguage":"en-US"},{"@type":"Organization","@id":"https:\/\/darkamazi.info\/#organization","name":"Darka Maz\u00ee","url":"https:\/\/darkamazi.info\/","logo":{"@type":"ImageObject","inLanguage":"en-US","@id":"https:\/\/darkamazi.info\/#\/schema\/logo\/image\/","url":"https:\/\/darkamazi.info\/file\/2017\/12\/darka-mazi-logo.png","contentUrl":"https:\/\/darkamazi.info\/file\/2017\/12\/darka-mazi-logo.png","width":151,"height":75,"caption":"Darka Maz\u00ee"},"image":{"@id":"https:\/\/darkamazi.info\/#\/schema\/logo\/image\/"},"sameAs":["https:\/\/www.facebook.com\/DarMaziKurmanci","https:\/\/x.com\/DarkaMaziLatini","https:\/\/www.instagram.com\/darkamazi.kurmanci\/","https:\/\/www.youtube.com\/channel\/UCa5HkTdmI8U1qCUFuTw8B2g"]},{"@type":"Person","@id":"https:\/\/darkamazi.info\/#\/schema\/person\/5ad3e24553a0567993fa8ed4bd0a776c","name":"darka mazi","sameAs":["https:\/\/darkamazi.info\/"],"url":"https:\/\/darkamazi.info\/archives\/author\/kurdi"}]}},"_links":{"self":[{"href":"https:\/\/darkamazi.info\/funavuv\/wp\/v2\/posts\/1021916","targetHints":{"allow":["GET"]}}],"collection":[{"href":"https:\/\/darkamazi.info\/funavuv\/wp\/v2\/posts"}],"about":[{"href":"https:\/\/darkamazi.info\/funavuv\/wp\/v2\/types\/post"}],"author":[{"embeddable":true,"href":"https:\/\/darkamazi.info\/funavuv\/wp\/v2\/users\/2"}],"replies":[{"embeddable":true,"href":"https:\/\/darkamazi.info\/funavuv\/wp\/v2\/comments?post=1021916"}],"version-history":[{"count":0,"href":"https:\/\/darkamazi.info\/funavuv\/wp\/v2\/posts\/1021916\/revisions"}],"wp:featuredmedia":[{"embeddable":true,"href":"https:\/\/darkamazi.info\/funavuv\/wp\/v2\/media\/1021917"}],"wp:attachment":[{"href":"https:\/\/darkamazi.info\/funavuv\/wp\/v2\/media?parent=1021916"}],"wp:term":[{"taxonomy":"category","embeddable":true,"href":"https:\/\/darkamazi.info\/funavuv\/wp\/v2\/categories?post=1021916"},{"taxonomy":"post_tag","embeddable":true,"href":"https:\/\/darkamazi.info\/funavuv\/wp\/v2\/tags?post=1021916"}],"curies":[{"name":"wp","href":"https:\/\/api.w.org\/{rel}","templated":true}]}}